{"id":47022,"date":"2026-01-05T13:27:17","date_gmt":"2026-01-05T13:27:17","guid":{"rendered":"https:\/\/jornalboasnoticias.com.br\/home\/?p=47022"},"modified":"2026-01-05T13:27:17","modified_gmt":"2026-01-05T13:27:17","slug":"prefeitura-abre-visitacao-a-158-lotes-de-bens-inserviveis-que-serao-leiloados","status":"publish","type":"post","link":"https:\/\/jornalboasnoticias.com.br\/home\/prefeitura-abre-visitacao-a-158-lotes-de-bens-inserviveis-que-serao-leiloados\/","title":{"rendered":"Prefeitura abre visita\u00e7\u00e3o a 158 lotes de bens inserv\u00edveis que ser\u00e3o leiloados"},"content":{"rendered":"<blockquote>\n<p style=\"text-align: center;\">Visita\u00e7\u00e3o come\u00e7a nesta segunda-feira (5) e deve ser agendada. Confira os detalhes!<\/p>\n<\/blockquote>\n<figure id=\"attachment_47023\" aria-describedby=\"caption-attachment-47023\" style=\"width: 1600px\" class=\"wp-caption alignnone\"><img loading=\"lazy\" decoding=\"async\" class=\"size-full wp-image-47023\" src=\"https:\/\/jornalboasnoticias.com.br\/home\/wp-content\/uploads\/2026\/01\/WhatsApp-Image-2025-12-01-at-16_35_17.jpeg\" alt=\"\" width=\"1600\" height=\"1066\" srcset=\"https:\/\/jornalboasnoticias.com.br\/home\/wp-content\/uploads\/2026\/01\/WhatsApp-Image-2025-12-01-at-16_35_17.jpeg 1600w, https:\/\/jornalboasnoticias.com.br\/home\/wp-content\/uploads\/2026\/01\/WhatsApp-Image-2025-12-01-at-16_35_17-300x200.jpeg 300w, https:\/\/jornalboasnoticias.com.br\/home\/wp-content\/uploads\/2026\/01\/WhatsApp-Image-2025-12-01-at-16_35_17-1024x682.jpeg 1024w, https:\/\/jornalboasnoticias.com.br\/home\/wp-content\/uploads\/2026\/01\/WhatsApp-Image-2025-12-01-at-16_35_17-768x512.jpeg 768w, https:\/\/jornalboasnoticias.com.br\/home\/wp-content\/uploads\/2026\/01\/WhatsApp-Image-2025-12-01-at-16_35_17-1536x1023.jpeg 1536w, https:\/\/jornalboasnoticias.com.br\/home\/wp-content\/uploads\/2026\/01\/WhatsApp-Image-2025-12-01-at-16_35_17-900x600.jpeg 900w\" sizes=\"auto, (max-width: 1600px) 100vw, 1600px\" \/><figcaption id=\"caption-attachment-47023\" class=\"wp-caption-text\">Divulga\u00e7\u00e3o<\/figcaption><\/figure>\n<p>Come\u00e7a nesta segunda-feira (5) a temporada de visita\u00e7\u00e3o aos 158\u00a0lotes de itens\u00a0inserv\u00edveis\u00a0que n\u00e3o t\u00eam mais condi\u00e7\u00f5es de uso na administra\u00e7\u00e3o p\u00fablica\u00a0e ser\u00e3o leiloados pela Prefeitura de Cascavel.<\/p>\n<p>Os interessados em avaliar pessoalmente os lotes poder\u00e3o fazer a visita\u00e7\u00e3o at\u00e9 dia 21 de janeiro de 2026, somente de segunda a sexta-feira, das 9h \u00e0s 11h30 e das 14h \u00e0s 16h30, mediante agendamento pr\u00e9vio.\u00a0Para agendar a visita, confira a lista de telefones na tabela abaixo*.<\/p>\n<p>A iniciativa \u00e9 coordenada pela Divis\u00e3o de Gest\u00e3o do Patrim\u00f4nio.\u00a0Os bens foram avaliados por uma comiss\u00e3o designada e organizados em lotes, que somam valor inicial estimado de R$ 2.027.800,00. H\u00e1 desde m\u00f3veis e eletrodom\u00e9sticos at\u00e9 ve\u00edculos pesados e sucatas.\u00a0O leil\u00e3o \u00e9 aberto para pessoas f\u00edsicas e jur\u00eddicas.<\/p>\n<p><strong>Entre os itens dispon\u00edveis est\u00e3o:<\/strong><\/p>\n<p>&#8211; 49 lotes de m\u00f3veis, equipamentos de inform\u00e1tica, eletrodom\u00e9sticos, material el\u00e9trico e utens\u00edlios diversos (R$ 314 mil)<\/p>\n<p>&#8211; 108 lotes com ve\u00edculos automotores, caminh\u00f5es, \u00f4nibus, m\u00e1quinas e equipamentos e sucatas (R$1.713,800)<\/p>\n<p>O leil\u00e3o ser\u00e1 realizado no dia 22 de janeiro de 2026, a partir das 9h, exclusivamente de forma online pelo site do leiloeiro Luiz Barbosa de Lima Junior:\u00a0<a href=\"https:\/\/www.lbleiloes.com.br\/\"><u><span class=\"15\">https:\/\/www.lbleiloes.com.br\/<\/span><\/u><\/a>. Para participar \u00e9 preciso abrir um cadastro com documentos pessoais ou da empresa. A p\u00e1gina da prefeitura tamb\u00e9m\u00a0j\u00e1 conta\u00a0\u00a0um banner que redirecionar\u00e1 direto para o site do leiloeiro.<\/p>\n<p>A lista completa com a descri\u00e7\u00e3o dos itens e imagens dos bens j\u00e1 est\u00e1 dispon\u00edvel no site do leiloeiro.<\/p>\n<h2>LEIL\u00c3O<\/h2>\n<p>Os lances devem ser ofertados de forma\u00a0online e poder\u00e3o ser realizados ap\u00f3s a habilita\u00e7\u00e3o no sistema de leil\u00e3o no site do leiloeiro p\u00fablico oficial\u00a0<a href=\"https:\/\/www.lbleiloes.com.br\/\"><u><span class=\"15\">www.lbleiloes.com.br.\u2002<\/span><\/u><\/a><\/p>\n<p>O recebimento de lances ser\u00e1 aberto em breve\u00a0e\u00a0vai at\u00e9 22 de janeiro de 2026 \u00e0s 08h49, sendo que novos lances s\u00f3 poder\u00e3o ser registrados no lote que est\u00e1 sendo apregoado pelo leiloeiro na sess\u00e3o que inicia 9h. D\u00favidas sobre o leil\u00e3o ou agendamento podem ser esclarecidas pelo telefone (45) 3321-2346.<\/p>\n<p>O pagamento dos itens arrematados deve ser feito \u00e0 vista, com prazo de um dia \u00fatil a contar da arremata\u00e7\u00e3o, devendo ser realizados em valores individualizados.<\/p>\n<p>Os mobili\u00e1rios e ve\u00edculos dever\u00e3o ser retirados\/removidos, mediante apresenta\u00e7\u00e3o de nota fiscal a ser disponibilizada pelo leiloeiro, devendo ser previamente agendado com os respons\u00e1veis dos lotes no prazo m\u00e1ximo de 30 dias. Caso tenha descumprimento, haver\u00e1 multa, impedimento de licitar e contratar e declara\u00e7\u00e3o de inidoneidade para licitar ou contratar.<\/p>\n<p>Os recursos ser\u00e3o utilizados em equipamentos para a administra\u00e7\u00e3o e em investimentos da Prefeitura. O processo\u00a0ser\u00e1\u00a0feito de forma transparente, balizando a lisura do leil\u00e3o.<\/p>\n<h3>CONFIRA A TABELA DE CONTATOS PARA AGENDAR SUA VISITA\u00c7\u00c3O AOS LOTES:<\/h3>\n<div>\n<table border=\"0\" cellspacing=\"0\">\n<colgroup>\n<col \/>\n<col \/>\n<col \/>\n<col \/><\/colgroup>\n<tbody>\n<tr>\n<td colspan=\"2\" valign=\"center\" nowrap=\"nowrap\"><strong>\u00a0\u00a0\u00a0\u00a0\u00a0\u00a0\u00a0\u00a0\u00a0<\/strong><strong>Localiza\u00e7\u00e3o dos Lotes<\/strong><\/td>\n<td valign=\"center\" nowrap=\"nowrap\"><strong>\u00a0<\/strong><\/td>\n<td valign=\"center\" nowrap=\"nowrap\"><strong>\u00a0<\/strong><\/td>\n<\/tr>\n<tr>\n<td valign=\"center\">SESAU &#8211; RUA INDIRA GANDHI<\/td>\n<td valign=\"center\">RUA INDIRA GANDHI, 484, BAIRRO ALTO ALEGRE<\/td>\n<td valign=\"center\">Lotes: 01 &#8211; 02 &#8211; 03 &#8211; 04 &#8211; 05 &#8211; 48<\/td>\n<td valign=\"center\">Contado:\u00a0Rafael<\/p>\n<p>45 &#8211; 9 9918-9869<\/td>\n<\/tr>\n<tr>\n<td valign=\"center\">SEMED &#8211; RUA ISRAEL DA VIGO<\/td>\n<td valign=\"center\">RUA ISRAEL DA VIGO SILVEIRA, 1211- B: SANTA FELICIDADE<\/td>\n<td valign=\"center\">Lotes: 06 &#8211; 07<\/td>\n<td valign=\"center\">Contato: Rosemara \u00a0\u00a0\u00a0\u00a0\u00a0\u00a0\u00a0\u00a0\u00a0\u00a0\u00a0\u00a045 &#8211; 9 9941 &#8211; 7060<\/td>\n<\/tr>\n<tr>\n<td valign=\"center\">SEMED &#8211; INTERLAGOS<\/td>\n<td valign=\"center\">RUA SOLIDARIEDADE, 197 B: INTERLAGOS<\/td>\n<td valign=\"center\">Lote: 08<\/td>\n<td valign=\"center\">Contato: Rosemara<\/p>\n<p>45 &#8211; 9 9941-7060<\/td>\n<\/tr>\n<tr>\n<td valign=\"center\">SEMED &#8211; PQ. S\u00c3O PAULO<\/td>\n<td valign=\"center\">RUA WASHINGTON LUIZ, 388, PARQUE S\u00c3O PAULO<\/td>\n<td valign=\"center\">Lote: 09<\/td>\n<td valign=\"center\">Contato: Rosemara<\/p>\n<p>45 &#8211; 9 9941-7060<\/td>\n<\/tr>\n<tr>\n<td valign=\"center\">SEMED &#8211; PERIOLO<\/td>\n<td valign=\"center\">RUA HOR\u00c1CIO RIBEIRO DOS REIS, AO LADO N\u00b0 732, BAIRRO PERIOLO<\/td>\n<td valign=\"center\">Lote: 10<\/td>\n<td valign=\"center\">Contato: Rosemara<\/p>\n<p>45 &#8211; 9 9941-7060<\/td>\n<\/tr>\n<tr>\n<td valign=\"center\">SEMED &#8211; CAIC II<\/td>\n<td valign=\"center\">RUA &#8211; TITO MUFFATO, 2581- SANTA CRUZ &#8211; ESCOLA EDISON PIETROBELI &#8211; CAIC II<\/td>\n<td valign=\"center\">Lote: 11<\/td>\n<td valign=\"center\">Contato: Rosemara<\/p>\n<p>45 &#8211; 9 9941-7060<\/td>\n<\/tr>\n<tr>\n<td valign=\"center\">SEMED &#8211; SEDE<\/td>\n<td valign=\"center\">RUA RIACHUELO, 2351, CENTRO<\/td>\n<td valign=\"center\">Lote: 12<\/td>\n<td valign=\"center\">Contato: Rosemara<\/p>\n<p>45 &#8211; 9 9941-7060<\/td>\n<\/tr>\n<tr>\n<td valign=\"center\">SEASO &#8211; TANCREDO NEVES<\/td>\n<td valign=\"center\">AV. TANCREDO NEVES, N\u00ba 994 CENTRO<\/td>\n<td valign=\"center\">Lotes: 13 a 20<\/td>\n<td valign=\"center\">Contato: Jackeline<\/p>\n<p>45 &#8211; 3392 &#8211; 6400<\/td>\n<\/tr>\n<tr>\n<td valign=\"center\">SEAGRI EXPOVEL<\/td>\n<td valign=\"center\">BR 277, S\/N PARQ. EXPOSI\u00c7\u00c3O CELSO GARCIA CID SANTOS DUMONT CASCAVEL PR<\/td>\n<td valign=\"center\">Lote: 21<\/td>\n<td valign=\"center\">Contato: Suzana<\/p>\n<p>45 &#8211; 9 9834 &#8211; 1585<\/td>\n<\/tr>\n<tr>\n<td valign=\"center\">SEMEL &#8211; CIRO NARDI<\/td>\n<td valign=\"center\">RUA BAR\u00c3O DO CERRO AZUL, 484, CIRO NARDI<\/td>\n<td valign=\"center\">Lotes: 22 &#8211; 23<\/td>\n<td valign=\"center\">Contato: Hruan<\/p>\n<p>45 &#8211; 9 9853 &#8211; 7653<\/td>\n<\/tr>\n<tr>\n<td valign=\"center\">SESOP &#8211; EXPOVEL<\/td>\n<td valign=\"center\">BR 277, S\/N PARQ. EXPOSI\u00c7\u00c3O CELSO GARCIA CID SANTOS DUMONT CASCAVEL PR<\/td>\n<td valign=\"center\">Lotes: 24 e 25<\/td>\n<td valign=\"center\">Contato: Dwer<\/p>\n<p>45 &#8211; 9 9808 &#8211; 0628<\/td>\n<\/tr>\n<tr>\n<td valign=\"center\">SEMA &#8211; S\u00c3O CRIST\u00d3V\u00c3O<\/td>\n<td valign=\"center\">RUA BAR\u00c3O DO RIO BRANCO 940, S\u00c3O CRIST\u00d3V\u00c3O<\/td>\n<td valign=\"center\">Lotes: 26 e 27<\/td>\n<td valign=\"center\">Contato: Suely<\/p>\n<p>45 &#8211; 9 9819 &#8211; 2700<\/td>\n<\/tr>\n<tr>\n<td valign=\"center\">SECULT \/SEPLAG- BEM RECICLAR<\/td>\n<td valign=\"center\">RUA RIACHUELO, 2340, CENTRO<\/td>\n<td valign=\"center\">Lotes: 28 &#8211; 30 \/ 37 a 47.<\/td>\n<td valign=\"center\">Contato: Sandro<\/p>\n<p>45 &#8211; 9 9931 &#8211; 1617<\/td>\n<\/tr>\n<tr>\n<td valign=\"center\">SEMED &#8211; PACAEMBU<\/td>\n<td valign=\"center\">RUA FORTUNATO BEBBER, 868, PACAEMBU<\/td>\n<td valign=\"center\">Lotes: 29 &#8211; 49<\/td>\n<td valign=\"center\">Contato: Rosemara<\/p>\n<p>45 &#8211; 9 9941-7060<\/td>\n<\/tr>\n<tr>\n<td valign=\"center\">SEPLAG &#8211; AVENIDA BRASIL<\/td>\n<td valign=\"center\">RUA FAGUNDES VARELA ESQUINA COM AVENIDA BRASIL, PR\u00d3XIMO A ESCOLA MUNICIPAL MARIA MONTESSORI<\/td>\n<td valign=\"center\">Lotes: 31 a 36<\/td>\n<td valign=\"center\">Contato: Sandro<\/p>\n<p>45 &#8211; 9 9931 &#8211; 1617<\/td>\n<\/tr>\n<tr>\n<td valign=\"center\">FROTAS &#8211; P\u00c1TIO DE VE\u00cdCULOS E M\u00c1QUINAS<\/td>\n<td valign=\"center\">AV. TANCREDO NEVES, N\u00ba 2259, CENTRO<\/td>\n<td valign=\"center\">Lotes: 50 a 146<\/td>\n<td valign=\"center\">Contato: Augusto<\/p>\n<p>45 &#8211; 9 9968 &#8211; 2897 e 3321-2015<\/td>\n<\/tr>\n<tr>\n<td valign=\"center\">SUCATAS<span class=\"15\">\u00a0&#8211; PEDREIRA MUNICIPAL<\/span><\/td>\n<td valign=\"center\">RUA DO TREVO, N\/ 201, BAIRRO GUARUJ\u00c1, PEDREIRA MUNICIPAL,\u00a0<span class=\"15\">\u00a0AO LADO DO CEMIT\u00c9RIO CRISTO REDENTOR<\/span><\/td>\n<td valign=\"center\">Lotes: 147 a 158<\/td>\n<td valign=\"center\">Contato: Augusto<\/p>\n<p>45 &#8211; 9 9968 &#8211; 2897 e 3321-2015<\/td>\n<\/tr>\n<\/tbody>\n<\/table>\n<\/div>\n<p><em>Prefeitura de Cascavel<\/em><\/p>\n","protected":false},"excerpt":{"rendered":"<p>Visita\u00e7\u00e3o come\u00e7a nesta segunda-feira (5) e deve ser agendada. Confira os detalhes! Come\u00e7a nesta segunda-feira<\/p>\n","protected":false},"author":3,"featured_media":47023,"comment_status":"open","ping_status":"open","sticky":false,"template":"","format":"standard","meta":{"footnotes":""},"categories":[2,3],"tags":[],"class_list":["post-47022","post","type-post","status-publish","format-standard","has-post-thumbnail","hentry","category-cascavel","category-destaques"],"yoast_head":"<!-- This site is optimized with the Yoast SEO plugin v27.5 - https:\/\/yoast.com\/product\/yoast-seo-wordpress\/ -->\n<title>Prefeitura abre visita\u00e7\u00e3o a 158 lotes de bens inserv\u00edveis que ser\u00e3o leiloados - Jornal<\/title>\n<meta name=\"description\" content=\"Prefeitura abre visita\u00e7\u00e3o a 158 lotes de bens inserv\u00edveis que ser\u00e3o leiloados\" \/>\n<meta name=\"robots\" content=\"index, follow, max-snippet:-1, max-image-preview:large, max-video-preview:-1\" \/>\n<link rel=\"canonical\" href=\"https:\/\/jornalboasnoticias.com.br\/home\/prefeitura-abre-visitacao-a-158-lotes-de-bens-inserviveis-que-serao-leiloados\/\" \/>\n<meta property=\"og:locale\" content=\"pt_BR\" \/>\n<meta property=\"og:type\" content=\"article\" \/>\n<meta property=\"og:title\" content=\"Prefeitura abre visita\u00e7\u00e3o a 158 lotes de bens inserv\u00edveis que ser\u00e3o leiloados - Jornal\" \/>\n<meta property=\"og:description\" content=\"Prefeitura abre visita\u00e7\u00e3o a 158 lotes de bens inserv\u00edveis que ser\u00e3o leiloados\" \/>\n<meta property=\"og:url\" content=\"https:\/\/jornalboasnoticias.com.br\/home\/prefeitura-abre-visitacao-a-158-lotes-de-bens-inserviveis-que-serao-leiloados\/\" \/>\n<meta property=\"og:site_name\" content=\"Jornal\" \/>\n<meta property=\"article:publisher\" content=\"https:\/\/www.facebook.com\/boasnoticiasjornal\" \/>\n<meta property=\"article:published_time\" content=\"2026-01-05T13:27:17+00:00\" \/>\n<meta property=\"og:image\" content=\"https:\/\/jornalboasnoticias.com.br\/home\/wp-content\/uploads\/2026\/01\/WhatsApp-Image-2025-12-01-at-16_35_17.jpeg\" \/>\n\t<meta property=\"og:image:width\" content=\"1600\" \/>\n\t<meta property=\"og:image:height\" content=\"1066\" \/>\n\t<meta property=\"og:image:type\" content=\"image\/jpeg\" \/>\n<meta name=\"author\" content=\"Luiz Carlos da Cruz\" \/>\n<meta name=\"twitter:card\" content=\"summary_large_image\" \/>\n<meta name=\"twitter:label1\" content=\"Escrito por\" \/>\n\t<meta name=\"twitter:data1\" content=\"Luiz Carlos da Cruz\" \/>\n\t<meta name=\"twitter:label2\" content=\"Est. tempo de leitura\" \/>\n\t<meta name=\"twitter:data2\" content=\"5 minutos\" \/>\n<script type=\"application\/ld+json\" class=\"yoast-schema-graph\">{\"@context\":\"https:\\\/\\\/schema.org\",\"@graph\":[{\"@type\":\"Article\",\"@id\":\"https:\\\/\\\/jornalboasnoticias.com.br\\\/home\\\/prefeitura-abre-visitacao-a-158-lotes-de-bens-inserviveis-que-serao-leiloados\\\/#article\",\"isPartOf\":{\"@id\":\"https:\\\/\\\/jornalboasnoticias.com.br\\\/home\\\/prefeitura-abre-visitacao-a-158-lotes-de-bens-inserviveis-que-serao-leiloados\\\/\"},\"author\":{\"name\":\"Luiz Carlos da Cruz\",\"@id\":\"https:\\\/\\\/jornalboasnoticias.com.br\\\/home\\\/#\\\/schema\\\/person\\\/75f9ebde398c998c166475fb446bda62\"},\"headline\":\"Prefeitura abre visita\u00e7\u00e3o a 158 lotes de bens inserv\u00edveis que ser\u00e3o leiloados\",\"datePublished\":\"2026-01-05T13:27:17+00:00\",\"mainEntityOfPage\":{\"@id\":\"https:\\\/\\\/jornalboasnoticias.com.br\\\/home\\\/prefeitura-abre-visitacao-a-158-lotes-de-bens-inserviveis-que-serao-leiloados\\\/\"},\"wordCount\":850,\"commentCount\":0,\"publisher\":{\"@id\":\"https:\\\/\\\/jornalboasnoticias.com.br\\\/home\\\/#organization\"},\"image\":{\"@id\":\"https:\\\/\\\/jornalboasnoticias.com.br\\\/home\\\/prefeitura-abre-visitacao-a-158-lotes-de-bens-inserviveis-que-serao-leiloados\\\/#primaryimage\"},\"thumbnailUrl\":\"https:\\\/\\\/jornalboasnoticias.com.br\\\/home\\\/wp-content\\\/uploads\\\/2026\\\/01\\\/WhatsApp-Image-2025-12-01-at-16_35_17.jpeg\",\"articleSection\":[\"CASCAVEL\",\"DESTAQUE\"],\"inLanguage\":\"pt-BR\",\"potentialAction\":[{\"@type\":\"CommentAction\",\"name\":\"Comment\",\"target\":[\"https:\\\/\\\/jornalboasnoticias.com.br\\\/home\\\/prefeitura-abre-visitacao-a-158-lotes-de-bens-inserviveis-que-serao-leiloados\\\/#respond\"]}]},{\"@type\":\"WebPage\",\"@id\":\"https:\\\/\\\/jornalboasnoticias.com.br\\\/home\\\/prefeitura-abre-visitacao-a-158-lotes-de-bens-inserviveis-que-serao-leiloados\\\/\",\"url\":\"https:\\\/\\\/jornalboasnoticias.com.br\\\/home\\\/prefeitura-abre-visitacao-a-158-lotes-de-bens-inserviveis-que-serao-leiloados\\\/\",\"name\":\"Prefeitura abre visita\u00e7\u00e3o a 158 lotes de bens inserv\u00edveis que ser\u00e3o leiloados - Jornal\",\"isPartOf\":{\"@id\":\"https:\\\/\\\/jornalboasnoticias.com.br\\\/home\\\/#website\"},\"primaryImageOfPage\":{\"@id\":\"https:\\\/\\\/jornalboasnoticias.com.br\\\/home\\\/prefeitura-abre-visitacao-a-158-lotes-de-bens-inserviveis-que-serao-leiloados\\\/#primaryimage\"},\"image\":{\"@id\":\"https:\\\/\\\/jornalboasnoticias.com.br\\\/home\\\/prefeitura-abre-visitacao-a-158-lotes-de-bens-inserviveis-que-serao-leiloados\\\/#primaryimage\"},\"thumbnailUrl\":\"https:\\\/\\\/jornalboasnoticias.com.br\\\/home\\\/wp-content\\\/uploads\\\/2026\\\/01\\\/WhatsApp-Image-2025-12-01-at-16_35_17.jpeg\",\"datePublished\":\"2026-01-05T13:27:17+00:00\",\"description\":\"Prefeitura abre visita\u00e7\u00e3o a 158 lotes de bens inserv\u00edveis que ser\u00e3o leiloados\",\"breadcrumb\":{\"@id\":\"https:\\\/\\\/jornalboasnoticias.com.br\\\/home\\\/prefeitura-abre-visitacao-a-158-lotes-de-bens-inserviveis-que-serao-leiloados\\\/#breadcrumb\"},\"inLanguage\":\"pt-BR\",\"potentialAction\":[{\"@type\":\"ReadAction\",\"target\":[\"https:\\\/\\\/jornalboasnoticias.com.br\\\/home\\\/prefeitura-abre-visitacao-a-158-lotes-de-bens-inserviveis-que-serao-leiloados\\\/\"]}]},{\"@type\":\"ImageObject\",\"inLanguage\":\"pt-BR\",\"@id\":\"https:\\\/\\\/jornalboasnoticias.com.br\\\/home\\\/prefeitura-abre-visitacao-a-158-lotes-de-bens-inserviveis-que-serao-leiloados\\\/#primaryimage\",\"url\":\"https:\\\/\\\/jornalboasnoticias.com.br\\\/home\\\/wp-content\\\/uploads\\\/2026\\\/01\\\/WhatsApp-Image-2025-12-01-at-16_35_17.jpeg\",\"contentUrl\":\"https:\\\/\\\/jornalboasnoticias.com.br\\\/home\\\/wp-content\\\/uploads\\\/2026\\\/01\\\/WhatsApp-Image-2025-12-01-at-16_35_17.jpeg\",\"width\":1600,\"height\":1066,\"caption\":\"Divulga\u00e7\u00e3o\"},{\"@type\":\"BreadcrumbList\",\"@id\":\"https:\\\/\\\/jornalboasnoticias.com.br\\\/home\\\/prefeitura-abre-visitacao-a-158-lotes-de-bens-inserviveis-que-serao-leiloados\\\/#breadcrumb\",\"itemListElement\":[{\"@type\":\"ListItem\",\"position\":1,\"name\":\"In\u00edcio\",\"item\":\"https:\\\/\\\/jornalboasnoticias.com.br\\\/home\\\/\"},{\"@type\":\"ListItem\",\"position\":2,\"name\":\"Prefeitura abre visita\u00e7\u00e3o a 158 lotes de bens inserv\u00edveis que ser\u00e3o leiloados\"}]},{\"@type\":\"WebSite\",\"@id\":\"https:\\\/\\\/jornalboasnoticias.com.br\\\/home\\\/#website\",\"url\":\"https:\\\/\\\/jornalboasnoticias.com.br\\\/home\\\/\",\"name\":\"Jornal Boas Not\u00edcias\",\"description\":\"Boas not\u00edcias\",\"publisher\":{\"@id\":\"https:\\\/\\\/jornalboasnoticias.com.br\\\/home\\\/#organization\"},\"potentialAction\":[{\"@type\":\"SearchAction\",\"target\":{\"@type\":\"EntryPoint\",\"urlTemplate\":\"https:\\\/\\\/jornalboasnoticias.com.br\\\/home\\\/?s={search_term_string}\"},\"query-input\":{\"@type\":\"PropertyValueSpecification\",\"valueRequired\":true,\"valueName\":\"search_term_string\"}}],\"inLanguage\":\"pt-BR\"},{\"@type\":\"Organization\",\"@id\":\"https:\\\/\\\/jornalboasnoticias.com.br\\\/home\\\/#organization\",\"name\":\"Coq Editora Ltda\",\"alternateName\":\"Jornal Boas Noticias\",\"url\":\"https:\\\/\\\/jornalboasnoticias.com.br\\\/home\\\/\",\"logo\":{\"@type\":\"ImageObject\",\"inLanguage\":\"pt-BR\",\"@id\":\"https:\\\/\\\/jornalboasnoticias.com.br\\\/home\\\/#\\\/schema\\\/logo\\\/image\\\/\",\"url\":\"https:\\\/\\\/jornalboasnoticias.com.br\\\/home\\\/wp-content\\\/uploads\\\/2024\\\/07\\\/cropped-logo.jpg\",\"contentUrl\":\"https:\\\/\\\/jornalboasnoticias.com.br\\\/home\\\/wp-content\\\/uploads\\\/2024\\\/07\\\/cropped-logo.jpg\",\"width\":290,\"height\":142,\"caption\":\"Coq Editora Ltda\"},\"image\":{\"@id\":\"https:\\\/\\\/jornalboasnoticias.com.br\\\/home\\\/#\\\/schema\\\/logo\\\/image\\\/\"},\"sameAs\":[\"https:\\\/\\\/www.facebook.com\\\/boasnoticiasjornal\"]},{\"@type\":\"Person\",\"@id\":\"https:\\\/\\\/jornalboasnoticias.com.br\\\/home\\\/#\\\/schema\\\/person\\\/75f9ebde398c998c166475fb446bda62\",\"name\":\"Luiz Carlos da Cruz\",\"image\":{\"@type\":\"ImageObject\",\"inLanguage\":\"pt-BR\",\"@id\":\"https:\\\/\\\/secure.gravatar.com\\\/avatar\\\/e6f4f45301b6cb8572f7b076572e8ac11c1db80e805d8c8d0858cf286ce3ac3b?s=96&d=mm&r=g\",\"url\":\"https:\\\/\\\/secure.gravatar.com\\\/avatar\\\/e6f4f45301b6cb8572f7b076572e8ac11c1db80e805d8c8d0858cf286ce3ac3b?s=96&d=mm&r=g\",\"contentUrl\":\"https:\\\/\\\/secure.gravatar.com\\\/avatar\\\/e6f4f45301b6cb8572f7b076572e8ac11c1db80e805d8c8d0858cf286ce3ac3b?s=96&d=mm&r=g\",\"caption\":\"Luiz Carlos da Cruz\"},\"url\":\"https:\\\/\\\/jornalboasnoticias.com.br\\\/home\\\/author\\\/luiz-carlos-da-cruz\\\/\"}]}<\/script>\n<!-- \/ Yoast SEO plugin. -->","yoast_head_json":{"title":"Prefeitura abre visita\u00e7\u00e3o a 158 lotes de bens inserv\u00edveis que ser\u00e3o leiloados - Jornal","description":"Prefeitura abre visita\u00e7\u00e3o a 158 lotes de bens inserv\u00edveis que ser\u00e3o leiloados","robots":{"index":"index","follow":"follow","max-snippet":"max-snippet:-1","max-image-preview":"max-image-preview:large","max-video-preview":"max-video-preview:-1"},"canonical":"https:\/\/jornalboasnoticias.com.br\/home\/prefeitura-abre-visitacao-a-158-lotes-de-bens-inserviveis-que-serao-leiloados\/","og_locale":"pt_BR","og_type":"article","og_title":"Prefeitura abre visita\u00e7\u00e3o a 158 lotes de bens inserv\u00edveis que ser\u00e3o leiloados - Jornal","og_description":"Prefeitura abre visita\u00e7\u00e3o a 158 lotes de bens inserv\u00edveis que ser\u00e3o leiloados","og_url":"https:\/\/jornalboasnoticias.com.br\/home\/prefeitura-abre-visitacao-a-158-lotes-de-bens-inserviveis-que-serao-leiloados\/","og_site_name":"Jornal","article_publisher":"https:\/\/www.facebook.com\/boasnoticiasjornal","article_published_time":"2026-01-05T13:27:17+00:00","og_image":[{"width":1600,"height":1066,"url":"https:\/\/jornalboasnoticias.com.br\/home\/wp-content\/uploads\/2026\/01\/WhatsApp-Image-2025-12-01-at-16_35_17.jpeg","type":"image\/jpeg"}],"author":"Luiz Carlos da Cruz","twitter_card":"summary_large_image","twitter_misc":{"Escrito por":"Luiz Carlos da Cruz","Est. tempo de leitura":"5 minutos"},"schema":{"@context":"https:\/\/schema.org","@graph":[{"@type":"Article","@id":"https:\/\/jornalboasnoticias.com.br\/home\/prefeitura-abre-visitacao-a-158-lotes-de-bens-inserviveis-que-serao-leiloados\/#article","isPartOf":{"@id":"https:\/\/jornalboasnoticias.com.br\/home\/prefeitura-abre-visitacao-a-158-lotes-de-bens-inserviveis-que-serao-leiloados\/"},"author":{"name":"Luiz Carlos da Cruz","@id":"https:\/\/jornalboasnoticias.com.br\/home\/#\/schema\/person\/75f9ebde398c998c166475fb446bda62"},"headline":"Prefeitura abre visita\u00e7\u00e3o a 158 lotes de bens inserv\u00edveis que ser\u00e3o leiloados","datePublished":"2026-01-05T13:27:17+00:00","mainEntityOfPage":{"@id":"https:\/\/jornalboasnoticias.com.br\/home\/prefeitura-abre-visitacao-a-158-lotes-de-bens-inserviveis-que-serao-leiloados\/"},"wordCount":850,"commentCount":0,"publisher":{"@id":"https:\/\/jornalboasnoticias.com.br\/home\/#organization"},"image":{"@id":"https:\/\/jornalboasnoticias.com.br\/home\/prefeitura-abre-visitacao-a-158-lotes-de-bens-inserviveis-que-serao-leiloados\/#primaryimage"},"thumbnailUrl":"https:\/\/jornalboasnoticias.com.br\/home\/wp-content\/uploads\/2026\/01\/WhatsApp-Image-2025-12-01-at-16_35_17.jpeg","articleSection":["CASCAVEL","DESTAQUE"],"inLanguage":"pt-BR","potentialAction":[{"@type":"CommentAction","name":"Comment","target":["https:\/\/jornalboasnoticias.com.br\/home\/prefeitura-abre-visitacao-a-158-lotes-de-bens-inserviveis-que-serao-leiloados\/#respond"]}]},{"@type":"WebPage","@id":"https:\/\/jornalboasnoticias.com.br\/home\/prefeitura-abre-visitacao-a-158-lotes-de-bens-inserviveis-que-serao-leiloados\/","url":"https:\/\/jornalboasnoticias.com.br\/home\/prefeitura-abre-visitacao-a-158-lotes-de-bens-inserviveis-que-serao-leiloados\/","name":"Prefeitura abre visita\u00e7\u00e3o a 158 lotes de bens inserv\u00edveis que ser\u00e3o leiloados - Jornal","isPartOf":{"@id":"https:\/\/jornalboasnoticias.com.br\/home\/#website"},"primaryImageOfPage":{"@id":"https:\/\/jornalboasnoticias.com.br\/home\/prefeitura-abre-visitacao-a-158-lotes-de-bens-inserviveis-que-serao-leiloados\/#primaryimage"},"image":{"@id":"https:\/\/jornalboasnoticias.com.br\/home\/prefeitura-abre-visitacao-a-158-lotes-de-bens-inserviveis-que-serao-leiloados\/#primaryimage"},"thumbnailUrl":"https:\/\/jornalboasnoticias.com.br\/home\/wp-content\/uploads\/2026\/01\/WhatsApp-Image-2025-12-01-at-16_35_17.jpeg","datePublished":"2026-01-05T13:27:17+00:00","description":"Prefeitura abre visita\u00e7\u00e3o a 158 lotes de bens inserv\u00edveis que ser\u00e3o leiloados","breadcrumb":{"@id":"https:\/\/jornalboasnoticias.com.br\/home\/prefeitura-abre-visitacao-a-158-lotes-de-bens-inserviveis-que-serao-leiloados\/#breadcrumb"},"inLanguage":"pt-BR","potentialAction":[{"@type":"ReadAction","target":["https:\/\/jornalboasnoticias.com.br\/home\/prefeitura-abre-visitacao-a-158-lotes-de-bens-inserviveis-que-serao-leiloados\/"]}]},{"@type":"ImageObject","inLanguage":"pt-BR","@id":"https:\/\/jornalboasnoticias.com.br\/home\/prefeitura-abre-visitacao-a-158-lotes-de-bens-inserviveis-que-serao-leiloados\/#primaryimage","url":"https:\/\/jornalboasnoticias.com.br\/home\/wp-content\/uploads\/2026\/01\/WhatsApp-Image-2025-12-01-at-16_35_17.jpeg","contentUrl":"https:\/\/jornalboasnoticias.com.br\/home\/wp-content\/uploads\/2026\/01\/WhatsApp-Image-2025-12-01-at-16_35_17.jpeg","width":1600,"height":1066,"caption":"Divulga\u00e7\u00e3o"},{"@type":"BreadcrumbList","@id":"https:\/\/jornalboasnoticias.com.br\/home\/prefeitura-abre-visitacao-a-158-lotes-de-bens-inserviveis-que-serao-leiloados\/#breadcrumb","itemListElement":[{"@type":"ListItem","position":1,"name":"In\u00edcio","item":"https:\/\/jornalboasnoticias.com.br\/home\/"},{"@type":"ListItem","position":2,"name":"Prefeitura abre visita\u00e7\u00e3o a 158 lotes de bens inserv\u00edveis que ser\u00e3o leiloados"}]},{"@type":"WebSite","@id":"https:\/\/jornalboasnoticias.com.br\/home\/#website","url":"https:\/\/jornalboasnoticias.com.br\/home\/","name":"Jornal Boas Not\u00edcias","description":"Boas not\u00edcias","publisher":{"@id":"https:\/\/jornalboasnoticias.com.br\/home\/#organization"},"potentialAction":[{"@type":"SearchAction","target":{"@type":"EntryPoint","urlTemplate":"https:\/\/jornalboasnoticias.com.br\/home\/?s={search_term_string}"},"query-input":{"@type":"PropertyValueSpecification","valueRequired":true,"valueName":"search_term_string"}}],"inLanguage":"pt-BR"},{"@type":"Organization","@id":"https:\/\/jornalboasnoticias.com.br\/home\/#organization","name":"Coq Editora Ltda","alternateName":"Jornal Boas Noticias","url":"https:\/\/jornalboasnoticias.com.br\/home\/","logo":{"@type":"ImageObject","inLanguage":"pt-BR","@id":"https:\/\/jornalboasnoticias.com.br\/home\/#\/schema\/logo\/image\/","url":"https:\/\/jornalboasnoticias.com.br\/home\/wp-content\/uploads\/2024\/07\/cropped-logo.jpg","contentUrl":"https:\/\/jornalboasnoticias.com.br\/home\/wp-content\/uploads\/2024\/07\/cropped-logo.jpg","width":290,"height":142,"caption":"Coq Editora Ltda"},"image":{"@id":"https:\/\/jornalboasnoticias.com.br\/home\/#\/schema\/logo\/image\/"},"sameAs":["https:\/\/www.facebook.com\/boasnoticiasjornal"]},{"@type":"Person","@id":"https:\/\/jornalboasnoticias.com.br\/home\/#\/schema\/person\/75f9ebde398c998c166475fb446bda62","name":"Luiz Carlos da Cruz","image":{"@type":"ImageObject","inLanguage":"pt-BR","@id":"https:\/\/secure.gravatar.com\/avatar\/e6f4f45301b6cb8572f7b076572e8ac11c1db80e805d8c8d0858cf286ce3ac3b?s=96&d=mm&r=g","url":"https:\/\/secure.gravatar.com\/avatar\/e6f4f45301b6cb8572f7b076572e8ac11c1db80e805d8c8d0858cf286ce3ac3b?s=96&d=mm&r=g","contentUrl":"https:\/\/secure.gravatar.com\/avatar\/e6f4f45301b6cb8572f7b076572e8ac11c1db80e805d8c8d0858cf286ce3ac3b?s=96&d=mm&r=g","caption":"Luiz Carlos da Cruz"},"url":"https:\/\/jornalboasnoticias.com.br\/home\/author\/luiz-carlos-da-cruz\/"}]}},"_links":{"self":[{"href":"https:\/\/jornalboasnoticias.com.br\/home\/wp-json\/wp\/v2\/posts\/47022","targetHints":{"allow":["GET"]}}],"collection":[{"href":"https:\/\/jornalboasnoticias.com.br\/home\/wp-json\/wp\/v2\/posts"}],"about":[{"href":"https:\/\/jornalboasnoticias.com.br\/home\/wp-json\/wp\/v2\/types\/post"}],"author":[{"embeddable":true,"href":"https:\/\/jornalboasnoticias.com.br\/home\/wp-json\/wp\/v2\/users\/3"}],"replies":[{"embeddable":true,"href":"https:\/\/jornalboasnoticias.com.br\/home\/wp-json\/wp\/v2\/comments?post=47022"}],"version-history":[{"count":1,"href":"https:\/\/jornalboasnoticias.com.br\/home\/wp-json\/wp\/v2\/posts\/47022\/revisions"}],"predecessor-version":[{"id":47024,"href":"https:\/\/jornalboasnoticias.com.br\/home\/wp-json\/wp\/v2\/posts\/47022\/revisions\/47024"}],"wp:featuredmedia":[{"embeddable":true,"href":"https:\/\/jornalboasnoticias.com.br\/home\/wp-json\/wp\/v2\/media\/47023"}],"wp:attachment":[{"href":"https:\/\/jornalboasnoticias.com.br\/home\/wp-json\/wp\/v2\/media?parent=47022"}],"wp:term":[{"taxonomy":"category","embeddable":true,"href":"https:\/\/jornalboasnoticias.com.br\/home\/wp-json\/wp\/v2\/categories?post=47022"},{"taxonomy":"post_tag","embeddable":true,"href":"https:\/\/jornalboasnoticias.com.br\/home\/wp-json\/wp\/v2\/tags?post=47022"}],"curies":[{"name":"wp","href":"https:\/\/api.w.org\/{rel}","templated":true}]}}