{"id":47011,"date":"2026-01-02T09:53:19","date_gmt":"2026-01-02T09:53:19","guid":{"rendered":"https:\/\/jornalboasnoticias.com.br\/home\/?p=47011"},"modified":"2026-01-02T09:53:19","modified_gmt":"2026-01-02T09:53:19","slug":"pastor-de-cascavel-lanca-livro-inspirado-na-historia-biblica-de-jose","status":"publish","type":"post","link":"https:\/\/jornalboasnoticias.com.br\/home\/pastor-de-cascavel-lanca-livro-inspirado-na-historia-biblica-de-jose\/","title":{"rendered":"Pastor de Cascavel lan\u00e7a livro inspirado na hist\u00f3ria b\u00edblica de Jos\u00e9"},"content":{"rendered":"<p style=\"text-align: center;\" data-start=\"74\" data-end=\"233\"><strong><em data-start=\"74\" data-end=\"233\">\u201cDa Cisterna ao Trono\u201d ser\u00e1 apresentado em noite de aut\u00f3grafos no Sal\u00e3o Social da CDO e promete emocionar leitores com uma jornada de dor, perd\u00e3o e supera\u00e7\u00e3o<\/em><\/strong><\/p>\n<p data-start=\"74\" data-end=\"233\"><img loading=\"lazy\" decoding=\"async\" class=\"wp-image-47012 aligncenter\" src=\"https:\/\/jornalboasnoticias.com.br\/home\/wp-content\/uploads\/2026\/01\/4.jpeg\" alt=\"\" width=\"391\" height=\"390\" srcset=\"https:\/\/jornalboasnoticias.com.br\/home\/wp-content\/uploads\/2026\/01\/4.jpeg 1080w, https:\/\/jornalboasnoticias.com.br\/home\/wp-content\/uploads\/2026\/01\/4-300x300.jpeg 300w, https:\/\/jornalboasnoticias.com.br\/home\/wp-content\/uploads\/2026\/01\/4-1024x1022.jpeg 1024w, https:\/\/jornalboasnoticias.com.br\/home\/wp-content\/uploads\/2026\/01\/4-150x150.jpeg 150w, https:\/\/jornalboasnoticias.com.br\/home\/wp-content\/uploads\/2026\/01\/4-768x767.jpeg 768w\" sizes=\"auto, (max-width: 391px) 100vw, 391px\" \/><\/p>\n<p data-start=\"235\" data-end=\"643\">O pastor <strong data-start=\"244\" data-end=\"265\">Davi Valim Freire<\/strong>, da Casa de Ora\u00e7\u00e3o Para Todos os Povos, em Cascavel, lan\u00e7a no pr\u00f3ximo dia <strong data-start=\"340\" data-end=\"356\">7 de janeiro<\/strong>, \u00e0s <strong data-start=\"361\" data-end=\"370\">19h30<\/strong>, o livro <strong data-start=\"380\" data-end=\"450\">\u201cDa Cisterna ao Trono \u2013 Deus transformou um escravo em governador\u201d<\/strong>, durante uma noite de aut\u00f3grafos no Sal\u00e3o Social da CDO, no bairro Alto Alegre. A obra \u00e9 inspirada na hist\u00f3ria b\u00edblica de Jos\u00e9 do Egito e nasce de uma rela\u00e7\u00e3o antiga do autor com o personagem.<\/p>\n<p data-start=\"645\" data-end=\"1075\">Segundo Davi, o fasc\u00ednio pela trajet\u00f3ria de Jos\u00e9 vem desde a inf\u00e2ncia. \u201cSempre que lia, me emocionava muito por ver tanto sofrimento. Resolvi colocar essa hist\u00f3ria em forma de livro, pois tenho certeza de que muitos ser\u00e3o impactados\u201d, afirma. A narrativa percorre epis\u00f3dios marcados por inveja, trai\u00e7\u00e3o e dor, quando Jos\u00e9 \u00e9 vendido pelos pr\u00f3prios irm\u00e3os, mas tamb\u00e9m conduz o leitor a um desfecho de reden\u00e7\u00e3o, perd\u00e3o e restaura\u00e7\u00e3o.<\/p>\n<p data-start=\"1077\" data-end=\"1490\">O livro destaca o cora\u00e7\u00e3o bondoso de Jos\u00e9, que, ap\u00f3s ser retirado do fundo da cisterna e enfrentar anos de prova\u00e7\u00f5es, alcan\u00e7a o governo do Egito e escolhe perdoar aqueles que lhe causaram tanto mal. De acordo com o autor, a ideia da obra surgiu de forma inesperada. \u201cNuma madrugada, perdi o sono, comecei a orar e pensar. Adormeci e, ao acordar, j\u00e1 tinha o t\u00edtulo do livro e a estrutura b\u00e1sica do esbo\u00e7o\u201d, relata.<\/p>\n<p data-start=\"1492\" data-end=\"1618\" data-is-last-node=\"\" data-is-only-node=\"\">A noite de aut\u00f3grafos \u00e9 aberta ao p\u00fablico e promete reunir leitores interessados em f\u00e9, reflex\u00e3o e hist\u00f3rias de transforma\u00e7\u00e3o.<\/p>\n","protected":false},"excerpt":{"rendered":"<p>\u201cDa Cisterna ao Trono\u201d ser\u00e1 apresentado em noite de aut\u00f3grafos no Sal\u00e3o Social da CDO<\/p>\n","protected":false},"author":3,"featured_media":47012,"comment_status":"open","ping_status":"open","sticky":false,"template":"","format":"standard","meta":{"footnotes":""},"categories":[2,3],"tags":[],"class_list":["post-47011","post","type-post","status-publish","format-standard","has-post-thumbnail","hentry","category-cascavel","category-destaques"],"yoast_head":"<!-- This site is optimized with the Yoast SEO plugin v27.5 - https:\/\/yoast.com\/product\/yoast-seo-wordpress\/ -->\n<title>Pastor de Cascavel lan\u00e7a livro inspirado na hist\u00f3ria b\u00edblica de Jos\u00e9 - Jornal<\/title>\n<meta name=\"description\" content=\"Pastor de Cascavel lan\u00e7a livro inspirado na hist\u00f3ria b\u00edblica de Jos\u00e9\" \/>\n<meta name=\"robots\" content=\"index, follow, max-snippet:-1, max-image-preview:large, max-video-preview:-1\" \/>\n<link rel=\"canonical\" href=\"https:\/\/jornalboasnoticias.com.br\/home\/pastor-de-cascavel-lanca-livro-inspirado-na-historia-biblica-de-jose\/\" \/>\n<meta property=\"og:locale\" content=\"pt_BR\" \/>\n<meta property=\"og:type\" content=\"article\" \/>\n<meta property=\"og:title\" content=\"Pastor de Cascavel lan\u00e7a livro inspirado na hist\u00f3ria b\u00edblica de Jos\u00e9 - Jornal\" \/>\n<meta property=\"og:description\" content=\"Pastor de Cascavel lan\u00e7a livro inspirado na hist\u00f3ria b\u00edblica de Jos\u00e9\" \/>\n<meta property=\"og:url\" content=\"https:\/\/jornalboasnoticias.com.br\/home\/pastor-de-cascavel-lanca-livro-inspirado-na-historia-biblica-de-jose\/\" \/>\n<meta property=\"og:site_name\" content=\"Jornal\" \/>\n<meta property=\"article:publisher\" content=\"https:\/\/www.facebook.com\/boasnoticiasjornal\" \/>\n<meta property=\"article:published_time\" content=\"2026-01-02T09:53:19+00:00\" \/>\n<meta property=\"og:image\" content=\"https:\/\/jornalboasnoticias.com.br\/home\/wp-content\/uploads\/2026\/01\/4.jpeg\" \/>\n\t<meta property=\"og:image:width\" content=\"1080\" \/>\n\t<meta property=\"og:image:height\" content=\"1078\" \/>\n\t<meta property=\"og:image:type\" content=\"image\/jpeg\" \/>\n<meta name=\"author\" content=\"Luiz Carlos da Cruz\" \/>\n<meta name=\"twitter:card\" content=\"summary_large_image\" \/>\n<meta name=\"twitter:label1\" content=\"Escrito por\" \/>\n\t<meta name=\"twitter:data1\" content=\"Luiz Carlos da Cruz\" \/>\n\t<meta name=\"twitter:label2\" content=\"Est. tempo de leitura\" \/>\n\t<meta name=\"twitter:data2\" content=\"2 minutos\" \/>\n<script type=\"application\/ld+json\" class=\"yoast-schema-graph\">{\"@context\":\"https:\\\/\\\/schema.org\",\"@graph\":[{\"@type\":\"Article\",\"@id\":\"https:\\\/\\\/jornalboasnoticias.com.br\\\/home\\\/pastor-de-cascavel-lanca-livro-inspirado-na-historia-biblica-de-jose\\\/#article\",\"isPartOf\":{\"@id\":\"https:\\\/\\\/jornalboasnoticias.com.br\\\/home\\\/pastor-de-cascavel-lanca-livro-inspirado-na-historia-biblica-de-jose\\\/\"},\"author\":{\"name\":\"Luiz Carlos da Cruz\",\"@id\":\"https:\\\/\\\/jornalboasnoticias.com.br\\\/home\\\/#\\\/schema\\\/person\\\/75f9ebde398c998c166475fb446bda62\"},\"headline\":\"Pastor de Cascavel lan\u00e7a livro inspirado na hist\u00f3ria b\u00edblica de Jos\u00e9\",\"datePublished\":\"2026-01-02T09:53:19+00:00\",\"mainEntityOfPage\":{\"@id\":\"https:\\\/\\\/jornalboasnoticias.com.br\\\/home\\\/pastor-de-cascavel-lanca-livro-inspirado-na-historia-biblica-de-jose\\\/\"},\"wordCount\":310,\"commentCount\":0,\"publisher\":{\"@id\":\"https:\\\/\\\/jornalboasnoticias.com.br\\\/home\\\/#organization\"},\"image\":{\"@id\":\"https:\\\/\\\/jornalboasnoticias.com.br\\\/home\\\/pastor-de-cascavel-lanca-livro-inspirado-na-historia-biblica-de-jose\\\/#primaryimage\"},\"thumbnailUrl\":\"https:\\\/\\\/jornalboasnoticias.com.br\\\/home\\\/wp-content\\\/uploads\\\/2026\\\/01\\\/4.jpeg\",\"articleSection\":[\"CASCAVEL\",\"DESTAQUE\"],\"inLanguage\":\"pt-BR\",\"potentialAction\":[{\"@type\":\"CommentAction\",\"name\":\"Comment\",\"target\":[\"https:\\\/\\\/jornalboasnoticias.com.br\\\/home\\\/pastor-de-cascavel-lanca-livro-inspirado-na-historia-biblica-de-jose\\\/#respond\"]}]},{\"@type\":\"WebPage\",\"@id\":\"https:\\\/\\\/jornalboasnoticias.com.br\\\/home\\\/pastor-de-cascavel-lanca-livro-inspirado-na-historia-biblica-de-jose\\\/\",\"url\":\"https:\\\/\\\/jornalboasnoticias.com.br\\\/home\\\/pastor-de-cascavel-lanca-livro-inspirado-na-historia-biblica-de-jose\\\/\",\"name\":\"Pastor de Cascavel lan\u00e7a livro inspirado na hist\u00f3ria b\u00edblica de Jos\u00e9 - Jornal\",\"isPartOf\":{\"@id\":\"https:\\\/\\\/jornalboasnoticias.com.br\\\/home\\\/#website\"},\"primaryImageOfPage\":{\"@id\":\"https:\\\/\\\/jornalboasnoticias.com.br\\\/home\\\/pastor-de-cascavel-lanca-livro-inspirado-na-historia-biblica-de-jose\\\/#primaryimage\"},\"image\":{\"@id\":\"https:\\\/\\\/jornalboasnoticias.com.br\\\/home\\\/pastor-de-cascavel-lanca-livro-inspirado-na-historia-biblica-de-jose\\\/#primaryimage\"},\"thumbnailUrl\":\"https:\\\/\\\/jornalboasnoticias.com.br\\\/home\\\/wp-content\\\/uploads\\\/2026\\\/01\\\/4.jpeg\",\"datePublished\":\"2026-01-02T09:53:19+00:00\",\"description\":\"Pastor de Cascavel lan\u00e7a livro inspirado na hist\u00f3ria b\u00edblica de Jos\u00e9\",\"breadcrumb\":{\"@id\":\"https:\\\/\\\/jornalboasnoticias.com.br\\\/home\\\/pastor-de-cascavel-lanca-livro-inspirado-na-historia-biblica-de-jose\\\/#breadcrumb\"},\"inLanguage\":\"pt-BR\",\"potentialAction\":[{\"@type\":\"ReadAction\",\"target\":[\"https:\\\/\\\/jornalboasnoticias.com.br\\\/home\\\/pastor-de-cascavel-lanca-livro-inspirado-na-historia-biblica-de-jose\\\/\"]}]},{\"@type\":\"ImageObject\",\"inLanguage\":\"pt-BR\",\"@id\":\"https:\\\/\\\/jornalboasnoticias.com.br\\\/home\\\/pastor-de-cascavel-lanca-livro-inspirado-na-historia-biblica-de-jose\\\/#primaryimage\",\"url\":\"https:\\\/\\\/jornalboasnoticias.com.br\\\/home\\\/wp-content\\\/uploads\\\/2026\\\/01\\\/4.jpeg\",\"contentUrl\":\"https:\\\/\\\/jornalboasnoticias.com.br\\\/home\\\/wp-content\\\/uploads\\\/2026\\\/01\\\/4.jpeg\",\"width\":1080,\"height\":1078},{\"@type\":\"BreadcrumbList\",\"@id\":\"https:\\\/\\\/jornalboasnoticias.com.br\\\/home\\\/pastor-de-cascavel-lanca-livro-inspirado-na-historia-biblica-de-jose\\\/#breadcrumb\",\"itemListElement\":[{\"@type\":\"ListItem\",\"position\":1,\"name\":\"In\u00edcio\",\"item\":\"https:\\\/\\\/jornalboasnoticias.com.br\\\/home\\\/\"},{\"@type\":\"ListItem\",\"position\":2,\"name\":\"Pastor de Cascavel lan\u00e7a livro inspirado na hist\u00f3ria b\u00edblica de Jos\u00e9\"}]},{\"@type\":\"WebSite\",\"@id\":\"https:\\\/\\\/jornalboasnoticias.com.br\\\/home\\\/#website\",\"url\":\"https:\\\/\\\/jornalboasnoticias.com.br\\\/home\\\/\",\"name\":\"Jornal Boas Not\u00edcias\",\"description\":\"Boas not\u00edcias\",\"publisher\":{\"@id\":\"https:\\\/\\\/jornalboasnoticias.com.br\\\/home\\\/#organization\"},\"potentialAction\":[{\"@type\":\"SearchAction\",\"target\":{\"@type\":\"EntryPoint\",\"urlTemplate\":\"https:\\\/\\\/jornalboasnoticias.com.br\\\/home\\\/?s={search_term_string}\"},\"query-input\":{\"@type\":\"PropertyValueSpecification\",\"valueRequired\":true,\"valueName\":\"search_term_string\"}}],\"inLanguage\":\"pt-BR\"},{\"@type\":\"Organization\",\"@id\":\"https:\\\/\\\/jornalboasnoticias.com.br\\\/home\\\/#organization\",\"name\":\"Coq Editora Ltda\",\"alternateName\":\"Jornal Boas Noticias\",\"url\":\"https:\\\/\\\/jornalboasnoticias.com.br\\\/home\\\/\",\"logo\":{\"@type\":\"ImageObject\",\"inLanguage\":\"pt-BR\",\"@id\":\"https:\\\/\\\/jornalboasnoticias.com.br\\\/home\\\/#\\\/schema\\\/logo\\\/image\\\/\",\"url\":\"https:\\\/\\\/jornalboasnoticias.com.br\\\/home\\\/wp-content\\\/uploads\\\/2024\\\/07\\\/cropped-logo.jpg\",\"contentUrl\":\"https:\\\/\\\/jornalboasnoticias.com.br\\\/home\\\/wp-content\\\/uploads\\\/2024\\\/07\\\/cropped-logo.jpg\",\"width\":290,\"height\":142,\"caption\":\"Coq Editora Ltda\"},\"image\":{\"@id\":\"https:\\\/\\\/jornalboasnoticias.com.br\\\/home\\\/#\\\/schema\\\/logo\\\/image\\\/\"},\"sameAs\":[\"https:\\\/\\\/www.facebook.com\\\/boasnoticiasjornal\"]},{\"@type\":\"Person\",\"@id\":\"https:\\\/\\\/jornalboasnoticias.com.br\\\/home\\\/#\\\/schema\\\/person\\\/75f9ebde398c998c166475fb446bda62\",\"name\":\"Luiz Carlos da Cruz\",\"image\":{\"@type\":\"ImageObject\",\"inLanguage\":\"pt-BR\",\"@id\":\"https:\\\/\\\/secure.gravatar.com\\\/avatar\\\/e6f4f45301b6cb8572f7b076572e8ac11c1db80e805d8c8d0858cf286ce3ac3b?s=96&d=mm&r=g\",\"url\":\"https:\\\/\\\/secure.gravatar.com\\\/avatar\\\/e6f4f45301b6cb8572f7b076572e8ac11c1db80e805d8c8d0858cf286ce3ac3b?s=96&d=mm&r=g\",\"contentUrl\":\"https:\\\/\\\/secure.gravatar.com\\\/avatar\\\/e6f4f45301b6cb8572f7b076572e8ac11c1db80e805d8c8d0858cf286ce3ac3b?s=96&d=mm&r=g\",\"caption\":\"Luiz Carlos da Cruz\"},\"url\":\"https:\\\/\\\/jornalboasnoticias.com.br\\\/home\\\/author\\\/luiz-carlos-da-cruz\\\/\"}]}<\/script>\n<!-- \/ Yoast SEO plugin. -->","yoast_head_json":{"title":"Pastor de Cascavel lan\u00e7a livro inspirado na hist\u00f3ria b\u00edblica de Jos\u00e9 - Jornal","description":"Pastor de Cascavel lan\u00e7a livro inspirado na hist\u00f3ria b\u00edblica de Jos\u00e9","robots":{"index":"index","follow":"follow","max-snippet":"max-snippet:-1","max-image-preview":"max-image-preview:large","max-video-preview":"max-video-preview:-1"},"canonical":"https:\/\/jornalboasnoticias.com.br\/home\/pastor-de-cascavel-lanca-livro-inspirado-na-historia-biblica-de-jose\/","og_locale":"pt_BR","og_type":"article","og_title":"Pastor de Cascavel lan\u00e7a livro inspirado na hist\u00f3ria b\u00edblica de Jos\u00e9 - Jornal","og_description":"Pastor de Cascavel lan\u00e7a livro inspirado na hist\u00f3ria b\u00edblica de Jos\u00e9","og_url":"https:\/\/jornalboasnoticias.com.br\/home\/pastor-de-cascavel-lanca-livro-inspirado-na-historia-biblica-de-jose\/","og_site_name":"Jornal","article_publisher":"https:\/\/www.facebook.com\/boasnoticiasjornal","article_published_time":"2026-01-02T09:53:19+00:00","og_image":[{"width":1080,"height":1078,"url":"https:\/\/jornalboasnoticias.com.br\/home\/wp-content\/uploads\/2026\/01\/4.jpeg","type":"image\/jpeg"}],"author":"Luiz Carlos da Cruz","twitter_card":"summary_large_image","twitter_misc":{"Escrito por":"Luiz Carlos da Cruz","Est. tempo de leitura":"2 minutos"},"schema":{"@context":"https:\/\/schema.org","@graph":[{"@type":"Article","@id":"https:\/\/jornalboasnoticias.com.br\/home\/pastor-de-cascavel-lanca-livro-inspirado-na-historia-biblica-de-jose\/#article","isPartOf":{"@id":"https:\/\/jornalboasnoticias.com.br\/home\/pastor-de-cascavel-lanca-livro-inspirado-na-historia-biblica-de-jose\/"},"author":{"name":"Luiz Carlos da Cruz","@id":"https:\/\/jornalboasnoticias.com.br\/home\/#\/schema\/person\/75f9ebde398c998c166475fb446bda62"},"headline":"Pastor de Cascavel lan\u00e7a livro inspirado na hist\u00f3ria b\u00edblica de Jos\u00e9","datePublished":"2026-01-02T09:53:19+00:00","mainEntityOfPage":{"@id":"https:\/\/jornalboasnoticias.com.br\/home\/pastor-de-cascavel-lanca-livro-inspirado-na-historia-biblica-de-jose\/"},"wordCount":310,"commentCount":0,"publisher":{"@id":"https:\/\/jornalboasnoticias.com.br\/home\/#organization"},"image":{"@id":"https:\/\/jornalboasnoticias.com.br\/home\/pastor-de-cascavel-lanca-livro-inspirado-na-historia-biblica-de-jose\/#primaryimage"},"thumbnailUrl":"https:\/\/jornalboasnoticias.com.br\/home\/wp-content\/uploads\/2026\/01\/4.jpeg","articleSection":["CASCAVEL","DESTAQUE"],"inLanguage":"pt-BR","potentialAction":[{"@type":"CommentAction","name":"Comment","target":["https:\/\/jornalboasnoticias.com.br\/home\/pastor-de-cascavel-lanca-livro-inspirado-na-historia-biblica-de-jose\/#respond"]}]},{"@type":"WebPage","@id":"https:\/\/jornalboasnoticias.com.br\/home\/pastor-de-cascavel-lanca-livro-inspirado-na-historia-biblica-de-jose\/","url":"https:\/\/jornalboasnoticias.com.br\/home\/pastor-de-cascavel-lanca-livro-inspirado-na-historia-biblica-de-jose\/","name":"Pastor de Cascavel lan\u00e7a livro inspirado na hist\u00f3ria b\u00edblica de Jos\u00e9 - Jornal","isPartOf":{"@id":"https:\/\/jornalboasnoticias.com.br\/home\/#website"},"primaryImageOfPage":{"@id":"https:\/\/jornalboasnoticias.com.br\/home\/pastor-de-cascavel-lanca-livro-inspirado-na-historia-biblica-de-jose\/#primaryimage"},"image":{"@id":"https:\/\/jornalboasnoticias.com.br\/home\/pastor-de-cascavel-lanca-livro-inspirado-na-historia-biblica-de-jose\/#primaryimage"},"thumbnailUrl":"https:\/\/jornalboasnoticias.com.br\/home\/wp-content\/uploads\/2026\/01\/4.jpeg","datePublished":"2026-01-02T09:53:19+00:00","description":"Pastor de Cascavel lan\u00e7a livro inspirado na hist\u00f3ria b\u00edblica de Jos\u00e9","breadcrumb":{"@id":"https:\/\/jornalboasnoticias.com.br\/home\/pastor-de-cascavel-lanca-livro-inspirado-na-historia-biblica-de-jose\/#breadcrumb"},"inLanguage":"pt-BR","potentialAction":[{"@type":"ReadAction","target":["https:\/\/jornalboasnoticias.com.br\/home\/pastor-de-cascavel-lanca-livro-inspirado-na-historia-biblica-de-jose\/"]}]},{"@type":"ImageObject","inLanguage":"pt-BR","@id":"https:\/\/jornalboasnoticias.com.br\/home\/pastor-de-cascavel-lanca-livro-inspirado-na-historia-biblica-de-jose\/#primaryimage","url":"https:\/\/jornalboasnoticias.com.br\/home\/wp-content\/uploads\/2026\/01\/4.jpeg","contentUrl":"https:\/\/jornalboasnoticias.com.br\/home\/wp-content\/uploads\/2026\/01\/4.jpeg","width":1080,"height":1078},{"@type":"BreadcrumbList","@id":"https:\/\/jornalboasnoticias.com.br\/home\/pastor-de-cascavel-lanca-livro-inspirado-na-historia-biblica-de-jose\/#breadcrumb","itemListElement":[{"@type":"ListItem","position":1,"name":"In\u00edcio","item":"https:\/\/jornalboasnoticias.com.br\/home\/"},{"@type":"ListItem","position":2,"name":"Pastor de Cascavel lan\u00e7a livro inspirado na hist\u00f3ria b\u00edblica de Jos\u00e9"}]},{"@type":"WebSite","@id":"https:\/\/jornalboasnoticias.com.br\/home\/#website","url":"https:\/\/jornalboasnoticias.com.br\/home\/","name":"Jornal Boas Not\u00edcias","description":"Boas not\u00edcias","publisher":{"@id":"https:\/\/jornalboasnoticias.com.br\/home\/#organization"},"potentialAction":[{"@type":"SearchAction","target":{"@type":"EntryPoint","urlTemplate":"https:\/\/jornalboasnoticias.com.br\/home\/?s={search_term_string}"},"query-input":{"@type":"PropertyValueSpecification","valueRequired":true,"valueName":"search_term_string"}}],"inLanguage":"pt-BR"},{"@type":"Organization","@id":"https:\/\/jornalboasnoticias.com.br\/home\/#organization","name":"Coq Editora Ltda","alternateName":"Jornal Boas Noticias","url":"https:\/\/jornalboasnoticias.com.br\/home\/","logo":{"@type":"ImageObject","inLanguage":"pt-BR","@id":"https:\/\/jornalboasnoticias.com.br\/home\/#\/schema\/logo\/image\/","url":"https:\/\/jornalboasnoticias.com.br\/home\/wp-content\/uploads\/2024\/07\/cropped-logo.jpg","contentUrl":"https:\/\/jornalboasnoticias.com.br\/home\/wp-content\/uploads\/2024\/07\/cropped-logo.jpg","width":290,"height":142,"caption":"Coq Editora Ltda"},"image":{"@id":"https:\/\/jornalboasnoticias.com.br\/home\/#\/schema\/logo\/image\/"},"sameAs":["https:\/\/www.facebook.com\/boasnoticiasjornal"]},{"@type":"Person","@id":"https:\/\/jornalboasnoticias.com.br\/home\/#\/schema\/person\/75f9ebde398c998c166475fb446bda62","name":"Luiz Carlos da Cruz","image":{"@type":"ImageObject","inLanguage":"pt-BR","@id":"https:\/\/secure.gravatar.com\/avatar\/e6f4f45301b6cb8572f7b076572e8ac11c1db80e805d8c8d0858cf286ce3ac3b?s=96&d=mm&r=g","url":"https:\/\/secure.gravatar.com\/avatar\/e6f4f45301b6cb8572f7b076572e8ac11c1db80e805d8c8d0858cf286ce3ac3b?s=96&d=mm&r=g","contentUrl":"https:\/\/secure.gravatar.com\/avatar\/e6f4f45301b6cb8572f7b076572e8ac11c1db80e805d8c8d0858cf286ce3ac3b?s=96&d=mm&r=g","caption":"Luiz Carlos da Cruz"},"url":"https:\/\/jornalboasnoticias.com.br\/home\/author\/luiz-carlos-da-cruz\/"}]}},"_links":{"self":[{"href":"https:\/\/jornalboasnoticias.com.br\/home\/wp-json\/wp\/v2\/posts\/47011","targetHints":{"allow":["GET"]}}],"collection":[{"href":"https:\/\/jornalboasnoticias.com.br\/home\/wp-json\/wp\/v2\/posts"}],"about":[{"href":"https:\/\/jornalboasnoticias.com.br\/home\/wp-json\/wp\/v2\/types\/post"}],"author":[{"embeddable":true,"href":"https:\/\/jornalboasnoticias.com.br\/home\/wp-json\/wp\/v2\/users\/3"}],"replies":[{"embeddable":true,"href":"https:\/\/jornalboasnoticias.com.br\/home\/wp-json\/wp\/v2\/comments?post=47011"}],"version-history":[{"count":1,"href":"https:\/\/jornalboasnoticias.com.br\/home\/wp-json\/wp\/v2\/posts\/47011\/revisions"}],"predecessor-version":[{"id":47013,"href":"https:\/\/jornalboasnoticias.com.br\/home\/wp-json\/wp\/v2\/posts\/47011\/revisions\/47013"}],"wp:featuredmedia":[{"embeddable":true,"href":"https:\/\/jornalboasnoticias.com.br\/home\/wp-json\/wp\/v2\/media\/47012"}],"wp:attachment":[{"href":"https:\/\/jornalboasnoticias.com.br\/home\/wp-json\/wp\/v2\/media?parent=47011"}],"wp:term":[{"taxonomy":"category","embeddable":true,"href":"https:\/\/jornalboasnoticias.com.br\/home\/wp-json\/wp\/v2\/categories?post=47011"},{"taxonomy":"post_tag","embeddable":true,"href":"https:\/\/jornalboasnoticias.com.br\/home\/wp-json\/wp\/v2\/tags?post=47011"}],"curies":[{"name":"wp","href":"https:\/\/api.w.org\/{rel}","templated":true}]}}