{"id":46979,"date":"2025-12-22T13:38:26","date_gmt":"2025-12-22T13:38:26","guid":{"rendered":"https:\/\/jornalboasnoticias.com.br\/home\/?p=46979"},"modified":"2025-12-22T13:38:26","modified_gmt":"2025-12-22T13:38:26","slug":"no-parana-verao-chega-com-muito-calor-mas-o-natal-sera-de-chuva-no-estado","status":"publish","type":"post","link":"https:\/\/jornalboasnoticias.com.br\/home\/no-parana-verao-chega-com-muito-calor-mas-o-natal-sera-de-chuva-no-estado\/","title":{"rendered":"No Paran\u00e1, ver\u00e3o chega com muito calor, mas o Natal ser\u00e1 de chuva no Estado"},"content":{"rendered":"<blockquote>\n<p style=\"text-align: center;\">Neste domingo (21), in\u00edcio da esta\u00e7\u00e3o mais quente do ano, as temperaturas passaram de 30\u00baC em todas as regi\u00f5es. At\u00e9 quarta-feira pode chover no Oeste, Sudoeste e Centro-Sul. Uma frente fria entra na quinta-feira trazendo chuvas para as demais regi\u00f5es.<\/p>\n<\/blockquote>\n<figure id=\"attachment_46980\" aria-describedby=\"caption-attachment-46980\" style=\"width: 1000px\" class=\"wp-caption alignnone\"><img loading=\"lazy\" decoding=\"async\" class=\"size-full wp-image-46980\" src=\"https:\/\/jornalboasnoticias.com.br\/home\/wp-content\/uploads\/2025\/12\/creditos_roberto_dziura_jr_aen_5_0-scaled-e1766410661772.jpg\" alt=\"\" width=\"1000\" height=\"667\" \/><figcaption id=\"caption-attachment-46980\" class=\"wp-caption-text\">Foto: Roberto Dziura Jr\/AEN<\/figcaption><\/figure>\n<p>As temperaturas passaram de 30\u00baC em todas as regi\u00f5es do Paran\u00e1 neste domingo, 21 de dezembro, in\u00edcio oficial do ver\u00e3o. O tempo seguir\u00e1 muito quente durante toda a semana, mesmo com registro de chuva at\u00e9 quarta-feira (24) no Oeste, Sudoeste e Centro-Sul. Na quinta-feira de Natal, 25 de dezembro, uma frente fria trar\u00e1 chuva para as outras regi\u00f5es do Estado.<\/p>\n<p>Neste domingo, apenas 18 esta\u00e7\u00f5es meteorol\u00f3gicas tiveram temperaturas abaixo dos 30\u00b0C. Mesmo nas cidades onde as m\u00e1ximas foram mais baixas, o dia foi quente: Ventania (INMET) registrou 27,8\u00b0C; Santa Maria do Oeste teve 25,6\u00b0C; Palmas teve 26,4\u00b0C; Guarapuava registrou 27,5\u00b0C; a nova esta\u00e7\u00e3o do Simepar em General Carneiro registrou 23,8\u00b0C; e Clevel\u00e2ndia (INMET) teve 25,4\u00b0C.<\/p>\n<p>Uma frente fria que atua na altura do Rio Grande do Sul impactou o tempo no Paran\u00e1, trazendo chuva para a faixa Oeste. No domingo, os maiores acumulados de chuva foram em Foz do Igua\u00e7u (42 mm), Santa Helena (31 mm), Marechal C\u00e2ndido Rondon (INMET) (19,4 mm), S\u00e3o Miguel do Igua\u00e7u (18,4 mm), e Planalto (INMET) (16,2 mm).<\/p>\n<p>O mesmo sistema ainda pode trazer chuva todos os dias at\u00e9 quarta-feira (24) nas mesmas regi\u00f5es. \u201cNo Oeste, Sudoeste e Centro Sul h\u00e1 condi\u00e7\u00e3o para pancadas de chuva principalmente a partir do per\u00edodo da tarde. N\u00e3o se descarta a ocorr\u00eancia de tempestades em alguns momentos do dia\u201d, afirma Samuel Braun, meteorologista do Simepar.<\/p>\n<p>Apesar da chuva, as temperaturas n\u00e3o v\u00e3o diminuir, e seguem ultrapassando os 30\u00b0C em todo o Estado, pontualmente atingindo at\u00e9 36\u00b0C no Noroeste. \u201cEstamos com um bloqueio atmosf\u00e9rico, que \u00e9 quando os ventos em diferentes n\u00edveis da atmosfera impedem o avan\u00e7o de sistemas frontais, inst\u00e1veis, em dire\u00e7\u00e3o a uma determinada regi\u00e3o. Esse bloqueio atua atualmente no Sudeste do Brasil, mas atinge tamb\u00e9m parte do Paran\u00e1, principalmente os setores mais ao norte e mais a leste, ou seja, Regi\u00e3o Metropolitana de Curitiba, Litoral, Norte e Noroeste\u201d, detalha Samuel.<\/p>\n<h2><strong>NATAL<\/strong><\/h2>\n<p>A partir de quinta-feira, dia de Natal, o bloqueio atmosf\u00e9rico perde intensidade e uma frente fria deve avan\u00e7ar pelo oceano, na altura do Paran\u00e1. Isso possibilitar\u00e1 o aumento da umidade em todas as regi\u00f5es paranaenses.\u00a0\u201cTeremos na quinta-feira um ambiente mais inst\u00e1vel, sujeito a tempestades em praticamente todas as regi\u00f5es. O tempo segue abafado, mas no Oeste e Sudoeste n\u00e3o esquenta tanto\u201d, explica Samuel.<\/p>\n<p>Na sexta-feira (26) ainda h\u00e1 previs\u00e3o de chuva, por\u00e9m em condi\u00e7\u00f5es t\u00edpicas de ver\u00e3o: tempo abafado e chuva de curta dura\u00e7\u00e3o principalmente durante o per\u00edodo da tarde, em todas as regi\u00f5es do Paran\u00e1.<\/p>\n<p><em>Ag\u00eancia Estadual de Not\u00edcias<\/em><\/p>\n","protected":false},"excerpt":{"rendered":"<p>Neste domingo (21), in\u00edcio da esta\u00e7\u00e3o mais quente do ano, as temperaturas passaram de 30\u00baC<\/p>\n","protected":false},"author":3,"featured_media":46980,"comment_status":"open","ping_status":"open","sticky":false,"template":"","format":"standard","meta":{"footnotes":""},"categories":[3,4],"tags":[],"class_list":["post-46979","post","type-post","status-publish","format-standard","has-post-thumbnail","hentry","category-destaques","category-parana"],"yoast_head":"<!-- This site is optimized with the Yoast SEO plugin v27.5 - https:\/\/yoast.com\/product\/yoast-seo-wordpress\/ -->\n<title>No Paran\u00e1, ver\u00e3o chega com muito calor, mas o Natal ser\u00e1 de chuva no Estado - Jornal<\/title>\n<meta name=\"description\" content=\"No Paran\u00e1, ver\u00e3o chega com muito calor, mas o Natal ser\u00e1 de chuva no Estado\" \/>\n<meta name=\"robots\" content=\"index, follow, max-snippet:-1, max-image-preview:large, max-video-preview:-1\" \/>\n<link rel=\"canonical\" href=\"https:\/\/jornalboasnoticias.com.br\/home\/no-parana-verao-chega-com-muito-calor-mas-o-natal-sera-de-chuva-no-estado\/\" \/>\n<meta property=\"og:locale\" content=\"pt_BR\" \/>\n<meta property=\"og:type\" content=\"article\" \/>\n<meta property=\"og:title\" content=\"No Paran\u00e1, ver\u00e3o chega com muito calor, mas o Natal ser\u00e1 de chuva no Estado - Jornal\" \/>\n<meta property=\"og:description\" content=\"No Paran\u00e1, ver\u00e3o chega com muito calor, mas o Natal ser\u00e1 de chuva no Estado\" \/>\n<meta property=\"og:url\" content=\"https:\/\/jornalboasnoticias.com.br\/home\/no-parana-verao-chega-com-muito-calor-mas-o-natal-sera-de-chuva-no-estado\/\" \/>\n<meta property=\"og:site_name\" content=\"Jornal\" \/>\n<meta property=\"article:publisher\" content=\"https:\/\/www.facebook.com\/boasnoticiasjornal\" \/>\n<meta property=\"article:published_time\" content=\"2025-12-22T13:38:26+00:00\" \/>\n<meta property=\"og:image\" content=\"https:\/\/jornalboasnoticias.com.br\/home\/wp-content\/uploads\/2025\/12\/creditos_roberto_dziura_jr_aen_5_0-scaled-e1766410661772.jpg\" \/>\n\t<meta property=\"og:image:width\" content=\"1000\" \/>\n\t<meta property=\"og:image:height\" content=\"667\" \/>\n\t<meta property=\"og:image:type\" content=\"image\/jpeg\" \/>\n<meta name=\"author\" content=\"Luiz Carlos da Cruz\" \/>\n<meta name=\"twitter:card\" content=\"summary_large_image\" \/>\n<meta name=\"twitter:label1\" content=\"Escrito por\" \/>\n\t<meta name=\"twitter:data1\" content=\"Luiz Carlos da Cruz\" \/>\n\t<meta name=\"twitter:label2\" content=\"Est. tempo de leitura\" \/>\n\t<meta name=\"twitter:data2\" content=\"3 minutos\" \/>\n<script type=\"application\/ld+json\" class=\"yoast-schema-graph\">{\"@context\":\"https:\\\/\\\/schema.org\",\"@graph\":[{\"@type\":\"Article\",\"@id\":\"https:\\\/\\\/jornalboasnoticias.com.br\\\/home\\\/no-parana-verao-chega-com-muito-calor-mas-o-natal-sera-de-chuva-no-estado\\\/#article\",\"isPartOf\":{\"@id\":\"https:\\\/\\\/jornalboasnoticias.com.br\\\/home\\\/no-parana-verao-chega-com-muito-calor-mas-o-natal-sera-de-chuva-no-estado\\\/\"},\"author\":{\"name\":\"Luiz Carlos da Cruz\",\"@id\":\"https:\\\/\\\/jornalboasnoticias.com.br\\\/home\\\/#\\\/schema\\\/person\\\/75f9ebde398c998c166475fb446bda62\"},\"headline\":\"No Paran\u00e1, ver\u00e3o chega com muito calor, mas o Natal ser\u00e1 de chuva no Estado\",\"datePublished\":\"2025-12-22T13:38:26+00:00\",\"mainEntityOfPage\":{\"@id\":\"https:\\\/\\\/jornalboasnoticias.com.br\\\/home\\\/no-parana-verao-chega-com-muito-calor-mas-o-natal-sera-de-chuva-no-estado\\\/\"},\"wordCount\":518,\"commentCount\":0,\"publisher\":{\"@id\":\"https:\\\/\\\/jornalboasnoticias.com.br\\\/home\\\/#organization\"},\"image\":{\"@id\":\"https:\\\/\\\/jornalboasnoticias.com.br\\\/home\\\/no-parana-verao-chega-com-muito-calor-mas-o-natal-sera-de-chuva-no-estado\\\/#primaryimage\"},\"thumbnailUrl\":\"https:\\\/\\\/jornalboasnoticias.com.br\\\/home\\\/wp-content\\\/uploads\\\/2025\\\/12\\\/creditos_roberto_dziura_jr_aen_5_0-scaled-e1766410661772.jpg\",\"articleSection\":[\"DESTAQUE\",\"PARAN\u00c1\"],\"inLanguage\":\"pt-BR\",\"potentialAction\":[{\"@type\":\"CommentAction\",\"name\":\"Comment\",\"target\":[\"https:\\\/\\\/jornalboasnoticias.com.br\\\/home\\\/no-parana-verao-chega-com-muito-calor-mas-o-natal-sera-de-chuva-no-estado\\\/#respond\"]}]},{\"@type\":\"WebPage\",\"@id\":\"https:\\\/\\\/jornalboasnoticias.com.br\\\/home\\\/no-parana-verao-chega-com-muito-calor-mas-o-natal-sera-de-chuva-no-estado\\\/\",\"url\":\"https:\\\/\\\/jornalboasnoticias.com.br\\\/home\\\/no-parana-verao-chega-com-muito-calor-mas-o-natal-sera-de-chuva-no-estado\\\/\",\"name\":\"No Paran\u00e1, ver\u00e3o chega com muito calor, mas o Natal ser\u00e1 de chuva no Estado - Jornal\",\"isPartOf\":{\"@id\":\"https:\\\/\\\/jornalboasnoticias.com.br\\\/home\\\/#website\"},\"primaryImageOfPage\":{\"@id\":\"https:\\\/\\\/jornalboasnoticias.com.br\\\/home\\\/no-parana-verao-chega-com-muito-calor-mas-o-natal-sera-de-chuva-no-estado\\\/#primaryimage\"},\"image\":{\"@id\":\"https:\\\/\\\/jornalboasnoticias.com.br\\\/home\\\/no-parana-verao-chega-com-muito-calor-mas-o-natal-sera-de-chuva-no-estado\\\/#primaryimage\"},\"thumbnailUrl\":\"https:\\\/\\\/jornalboasnoticias.com.br\\\/home\\\/wp-content\\\/uploads\\\/2025\\\/12\\\/creditos_roberto_dziura_jr_aen_5_0-scaled-e1766410661772.jpg\",\"datePublished\":\"2025-12-22T13:38:26+00:00\",\"description\":\"No Paran\u00e1, ver\u00e3o chega com muito calor, mas o Natal ser\u00e1 de chuva no Estado\",\"breadcrumb\":{\"@id\":\"https:\\\/\\\/jornalboasnoticias.com.br\\\/home\\\/no-parana-verao-chega-com-muito-calor-mas-o-natal-sera-de-chuva-no-estado\\\/#breadcrumb\"},\"inLanguage\":\"pt-BR\",\"potentialAction\":[{\"@type\":\"ReadAction\",\"target\":[\"https:\\\/\\\/jornalboasnoticias.com.br\\\/home\\\/no-parana-verao-chega-com-muito-calor-mas-o-natal-sera-de-chuva-no-estado\\\/\"]}]},{\"@type\":\"ImageObject\",\"inLanguage\":\"pt-BR\",\"@id\":\"https:\\\/\\\/jornalboasnoticias.com.br\\\/home\\\/no-parana-verao-chega-com-muito-calor-mas-o-natal-sera-de-chuva-no-estado\\\/#primaryimage\",\"url\":\"https:\\\/\\\/jornalboasnoticias.com.br\\\/home\\\/wp-content\\\/uploads\\\/2025\\\/12\\\/creditos_roberto_dziura_jr_aen_5_0-scaled-e1766410661772.jpg\",\"contentUrl\":\"https:\\\/\\\/jornalboasnoticias.com.br\\\/home\\\/wp-content\\\/uploads\\\/2025\\\/12\\\/creditos_roberto_dziura_jr_aen_5_0-scaled-e1766410661772.jpg\",\"width\":1000,\"height\":667,\"caption\":\"Foto: Roberto Dziura Jr\\\/AEN\"},{\"@type\":\"BreadcrumbList\",\"@id\":\"https:\\\/\\\/jornalboasnoticias.com.br\\\/home\\\/no-parana-verao-chega-com-muito-calor-mas-o-natal-sera-de-chuva-no-estado\\\/#breadcrumb\",\"itemListElement\":[{\"@type\":\"ListItem\",\"position\":1,\"name\":\"In\u00edcio\",\"item\":\"https:\\\/\\\/jornalboasnoticias.com.br\\\/home\\\/\"},{\"@type\":\"ListItem\",\"position\":2,\"name\":\"No Paran\u00e1, ver\u00e3o chega com muito calor, mas o Natal ser\u00e1 de chuva no Estado\"}]},{\"@type\":\"WebSite\",\"@id\":\"https:\\\/\\\/jornalboasnoticias.com.br\\\/home\\\/#website\",\"url\":\"https:\\\/\\\/jornalboasnoticias.com.br\\\/home\\\/\",\"name\":\"Jornal Boas Not\u00edcias\",\"description\":\"Boas not\u00edcias\",\"publisher\":{\"@id\":\"https:\\\/\\\/jornalboasnoticias.com.br\\\/home\\\/#organization\"},\"potentialAction\":[{\"@type\":\"SearchAction\",\"target\":{\"@type\":\"EntryPoint\",\"urlTemplate\":\"https:\\\/\\\/jornalboasnoticias.com.br\\\/home\\\/?s={search_term_string}\"},\"query-input\":{\"@type\":\"PropertyValueSpecification\",\"valueRequired\":true,\"valueName\":\"search_term_string\"}}],\"inLanguage\":\"pt-BR\"},{\"@type\":\"Organization\",\"@id\":\"https:\\\/\\\/jornalboasnoticias.com.br\\\/home\\\/#organization\",\"name\":\"Coq Editora Ltda\",\"alternateName\":\"Jornal Boas Noticias\",\"url\":\"https:\\\/\\\/jornalboasnoticias.com.br\\\/home\\\/\",\"logo\":{\"@type\":\"ImageObject\",\"inLanguage\":\"pt-BR\",\"@id\":\"https:\\\/\\\/jornalboasnoticias.com.br\\\/home\\\/#\\\/schema\\\/logo\\\/image\\\/\",\"url\":\"https:\\\/\\\/jornalboasnoticias.com.br\\\/home\\\/wp-content\\\/uploads\\\/2024\\\/07\\\/cropped-logo.jpg\",\"contentUrl\":\"https:\\\/\\\/jornalboasnoticias.com.br\\\/home\\\/wp-content\\\/uploads\\\/2024\\\/07\\\/cropped-logo.jpg\",\"width\":290,\"height\":142,\"caption\":\"Coq Editora Ltda\"},\"image\":{\"@id\":\"https:\\\/\\\/jornalboasnoticias.com.br\\\/home\\\/#\\\/schema\\\/logo\\\/image\\\/\"},\"sameAs\":[\"https:\\\/\\\/www.facebook.com\\\/boasnoticiasjornal\"]},{\"@type\":\"Person\",\"@id\":\"https:\\\/\\\/jornalboasnoticias.com.br\\\/home\\\/#\\\/schema\\\/person\\\/75f9ebde398c998c166475fb446bda62\",\"name\":\"Luiz Carlos da Cruz\",\"image\":{\"@type\":\"ImageObject\",\"inLanguage\":\"pt-BR\",\"@id\":\"https:\\\/\\\/secure.gravatar.com\\\/avatar\\\/e6f4f45301b6cb8572f7b076572e8ac11c1db80e805d8c8d0858cf286ce3ac3b?s=96&d=mm&r=g\",\"url\":\"https:\\\/\\\/secure.gravatar.com\\\/avatar\\\/e6f4f45301b6cb8572f7b076572e8ac11c1db80e805d8c8d0858cf286ce3ac3b?s=96&d=mm&r=g\",\"contentUrl\":\"https:\\\/\\\/secure.gravatar.com\\\/avatar\\\/e6f4f45301b6cb8572f7b076572e8ac11c1db80e805d8c8d0858cf286ce3ac3b?s=96&d=mm&r=g\",\"caption\":\"Luiz Carlos da Cruz\"},\"url\":\"https:\\\/\\\/jornalboasnoticias.com.br\\\/home\\\/author\\\/luiz-carlos-da-cruz\\\/\"}]}<\/script>\n<!-- \/ Yoast SEO plugin. -->","yoast_head_json":{"title":"No Paran\u00e1, ver\u00e3o chega com muito calor, mas o Natal ser\u00e1 de chuva no Estado - Jornal","description":"No Paran\u00e1, ver\u00e3o chega com muito calor, mas o Natal ser\u00e1 de chuva no Estado","robots":{"index":"index","follow":"follow","max-snippet":"max-snippet:-1","max-image-preview":"max-image-preview:large","max-video-preview":"max-video-preview:-1"},"canonical":"https:\/\/jornalboasnoticias.com.br\/home\/no-parana-verao-chega-com-muito-calor-mas-o-natal-sera-de-chuva-no-estado\/","og_locale":"pt_BR","og_type":"article","og_title":"No Paran\u00e1, ver\u00e3o chega com muito calor, mas o Natal ser\u00e1 de chuva no Estado - Jornal","og_description":"No Paran\u00e1, ver\u00e3o chega com muito calor, mas o Natal ser\u00e1 de chuva no Estado","og_url":"https:\/\/jornalboasnoticias.com.br\/home\/no-parana-verao-chega-com-muito-calor-mas-o-natal-sera-de-chuva-no-estado\/","og_site_name":"Jornal","article_publisher":"https:\/\/www.facebook.com\/boasnoticiasjornal","article_published_time":"2025-12-22T13:38:26+00:00","og_image":[{"width":1000,"height":667,"url":"https:\/\/jornalboasnoticias.com.br\/home\/wp-content\/uploads\/2025\/12\/creditos_roberto_dziura_jr_aen_5_0-scaled-e1766410661772.jpg","type":"image\/jpeg"}],"author":"Luiz Carlos da Cruz","twitter_card":"summary_large_image","twitter_misc":{"Escrito por":"Luiz Carlos da Cruz","Est. tempo de leitura":"3 minutos"},"schema":{"@context":"https:\/\/schema.org","@graph":[{"@type":"Article","@id":"https:\/\/jornalboasnoticias.com.br\/home\/no-parana-verao-chega-com-muito-calor-mas-o-natal-sera-de-chuva-no-estado\/#article","isPartOf":{"@id":"https:\/\/jornalboasnoticias.com.br\/home\/no-parana-verao-chega-com-muito-calor-mas-o-natal-sera-de-chuva-no-estado\/"},"author":{"name":"Luiz Carlos da Cruz","@id":"https:\/\/jornalboasnoticias.com.br\/home\/#\/schema\/person\/75f9ebde398c998c166475fb446bda62"},"headline":"No Paran\u00e1, ver\u00e3o chega com muito calor, mas o Natal ser\u00e1 de chuva no Estado","datePublished":"2025-12-22T13:38:26+00:00","mainEntityOfPage":{"@id":"https:\/\/jornalboasnoticias.com.br\/home\/no-parana-verao-chega-com-muito-calor-mas-o-natal-sera-de-chuva-no-estado\/"},"wordCount":518,"commentCount":0,"publisher":{"@id":"https:\/\/jornalboasnoticias.com.br\/home\/#organization"},"image":{"@id":"https:\/\/jornalboasnoticias.com.br\/home\/no-parana-verao-chega-com-muito-calor-mas-o-natal-sera-de-chuva-no-estado\/#primaryimage"},"thumbnailUrl":"https:\/\/jornalboasnoticias.com.br\/home\/wp-content\/uploads\/2025\/12\/creditos_roberto_dziura_jr_aen_5_0-scaled-e1766410661772.jpg","articleSection":["DESTAQUE","PARAN\u00c1"],"inLanguage":"pt-BR","potentialAction":[{"@type":"CommentAction","name":"Comment","target":["https:\/\/jornalboasnoticias.com.br\/home\/no-parana-verao-chega-com-muito-calor-mas-o-natal-sera-de-chuva-no-estado\/#respond"]}]},{"@type":"WebPage","@id":"https:\/\/jornalboasnoticias.com.br\/home\/no-parana-verao-chega-com-muito-calor-mas-o-natal-sera-de-chuva-no-estado\/","url":"https:\/\/jornalboasnoticias.com.br\/home\/no-parana-verao-chega-com-muito-calor-mas-o-natal-sera-de-chuva-no-estado\/","name":"No Paran\u00e1, ver\u00e3o chega com muito calor, mas o Natal ser\u00e1 de chuva no Estado - Jornal","isPartOf":{"@id":"https:\/\/jornalboasnoticias.com.br\/home\/#website"},"primaryImageOfPage":{"@id":"https:\/\/jornalboasnoticias.com.br\/home\/no-parana-verao-chega-com-muito-calor-mas-o-natal-sera-de-chuva-no-estado\/#primaryimage"},"image":{"@id":"https:\/\/jornalboasnoticias.com.br\/home\/no-parana-verao-chega-com-muito-calor-mas-o-natal-sera-de-chuva-no-estado\/#primaryimage"},"thumbnailUrl":"https:\/\/jornalboasnoticias.com.br\/home\/wp-content\/uploads\/2025\/12\/creditos_roberto_dziura_jr_aen_5_0-scaled-e1766410661772.jpg","datePublished":"2025-12-22T13:38:26+00:00","description":"No Paran\u00e1, ver\u00e3o chega com muito calor, mas o Natal ser\u00e1 de chuva no Estado","breadcrumb":{"@id":"https:\/\/jornalboasnoticias.com.br\/home\/no-parana-verao-chega-com-muito-calor-mas-o-natal-sera-de-chuva-no-estado\/#breadcrumb"},"inLanguage":"pt-BR","potentialAction":[{"@type":"ReadAction","target":["https:\/\/jornalboasnoticias.com.br\/home\/no-parana-verao-chega-com-muito-calor-mas-o-natal-sera-de-chuva-no-estado\/"]}]},{"@type":"ImageObject","inLanguage":"pt-BR","@id":"https:\/\/jornalboasnoticias.com.br\/home\/no-parana-verao-chega-com-muito-calor-mas-o-natal-sera-de-chuva-no-estado\/#primaryimage","url":"https:\/\/jornalboasnoticias.com.br\/home\/wp-content\/uploads\/2025\/12\/creditos_roberto_dziura_jr_aen_5_0-scaled-e1766410661772.jpg","contentUrl":"https:\/\/jornalboasnoticias.com.br\/home\/wp-content\/uploads\/2025\/12\/creditos_roberto_dziura_jr_aen_5_0-scaled-e1766410661772.jpg","width":1000,"height":667,"caption":"Foto: Roberto Dziura Jr\/AEN"},{"@type":"BreadcrumbList","@id":"https:\/\/jornalboasnoticias.com.br\/home\/no-parana-verao-chega-com-muito-calor-mas-o-natal-sera-de-chuva-no-estado\/#breadcrumb","itemListElement":[{"@type":"ListItem","position":1,"name":"In\u00edcio","item":"https:\/\/jornalboasnoticias.com.br\/home\/"},{"@type":"ListItem","position":2,"name":"No Paran\u00e1, ver\u00e3o chega com muito calor, mas o Natal ser\u00e1 de chuva no Estado"}]},{"@type":"WebSite","@id":"https:\/\/jornalboasnoticias.com.br\/home\/#website","url":"https:\/\/jornalboasnoticias.com.br\/home\/","name":"Jornal Boas Not\u00edcias","description":"Boas not\u00edcias","publisher":{"@id":"https:\/\/jornalboasnoticias.com.br\/home\/#organization"},"potentialAction":[{"@type":"SearchAction","target":{"@type":"EntryPoint","urlTemplate":"https:\/\/jornalboasnoticias.com.br\/home\/?s={search_term_string}"},"query-input":{"@type":"PropertyValueSpecification","valueRequired":true,"valueName":"search_term_string"}}],"inLanguage":"pt-BR"},{"@type":"Organization","@id":"https:\/\/jornalboasnoticias.com.br\/home\/#organization","name":"Coq Editora Ltda","alternateName":"Jornal Boas Noticias","url":"https:\/\/jornalboasnoticias.com.br\/home\/","logo":{"@type":"ImageObject","inLanguage":"pt-BR","@id":"https:\/\/jornalboasnoticias.com.br\/home\/#\/schema\/logo\/image\/","url":"https:\/\/jornalboasnoticias.com.br\/home\/wp-content\/uploads\/2024\/07\/cropped-logo.jpg","contentUrl":"https:\/\/jornalboasnoticias.com.br\/home\/wp-content\/uploads\/2024\/07\/cropped-logo.jpg","width":290,"height":142,"caption":"Coq Editora Ltda"},"image":{"@id":"https:\/\/jornalboasnoticias.com.br\/home\/#\/schema\/logo\/image\/"},"sameAs":["https:\/\/www.facebook.com\/boasnoticiasjornal"]},{"@type":"Person","@id":"https:\/\/jornalboasnoticias.com.br\/home\/#\/schema\/person\/75f9ebde398c998c166475fb446bda62","name":"Luiz Carlos da Cruz","image":{"@type":"ImageObject","inLanguage":"pt-BR","@id":"https:\/\/secure.gravatar.com\/avatar\/e6f4f45301b6cb8572f7b076572e8ac11c1db80e805d8c8d0858cf286ce3ac3b?s=96&d=mm&r=g","url":"https:\/\/secure.gravatar.com\/avatar\/e6f4f45301b6cb8572f7b076572e8ac11c1db80e805d8c8d0858cf286ce3ac3b?s=96&d=mm&r=g","contentUrl":"https:\/\/secure.gravatar.com\/avatar\/e6f4f45301b6cb8572f7b076572e8ac11c1db80e805d8c8d0858cf286ce3ac3b?s=96&d=mm&r=g","caption":"Luiz Carlos da Cruz"},"url":"https:\/\/jornalboasnoticias.com.br\/home\/author\/luiz-carlos-da-cruz\/"}]}},"_links":{"self":[{"href":"https:\/\/jornalboasnoticias.com.br\/home\/wp-json\/wp\/v2\/posts\/46979","targetHints":{"allow":["GET"]}}],"collection":[{"href":"https:\/\/jornalboasnoticias.com.br\/home\/wp-json\/wp\/v2\/posts"}],"about":[{"href":"https:\/\/jornalboasnoticias.com.br\/home\/wp-json\/wp\/v2\/types\/post"}],"author":[{"embeddable":true,"href":"https:\/\/jornalboasnoticias.com.br\/home\/wp-json\/wp\/v2\/users\/3"}],"replies":[{"embeddable":true,"href":"https:\/\/jornalboasnoticias.com.br\/home\/wp-json\/wp\/v2\/comments?post=46979"}],"version-history":[{"count":1,"href":"https:\/\/jornalboasnoticias.com.br\/home\/wp-json\/wp\/v2\/posts\/46979\/revisions"}],"predecessor-version":[{"id":46981,"href":"https:\/\/jornalboasnoticias.com.br\/home\/wp-json\/wp\/v2\/posts\/46979\/revisions\/46981"}],"wp:featuredmedia":[{"embeddable":true,"href":"https:\/\/jornalboasnoticias.com.br\/home\/wp-json\/wp\/v2\/media\/46980"}],"wp:attachment":[{"href":"https:\/\/jornalboasnoticias.com.br\/home\/wp-json\/wp\/v2\/media?parent=46979"}],"wp:term":[{"taxonomy":"category","embeddable":true,"href":"https:\/\/jornalboasnoticias.com.br\/home\/wp-json\/wp\/v2\/categories?post=46979"},{"taxonomy":"post_tag","embeddable":true,"href":"https:\/\/jornalboasnoticias.com.br\/home\/wp-json\/wp\/v2\/tags?post=46979"}],"curies":[{"name":"wp","href":"https:\/\/api.w.org\/{rel}","templated":true}]}}