{"id":46959,"date":"2025-12-18T14:24:36","date_gmt":"2025-12-18T14:24:36","guid":{"rendered":"https:\/\/jornalboasnoticias.com.br\/home\/?p=46959"},"modified":"2025-12-18T14:24:36","modified_gmt":"2025-12-18T14:24:36","slug":"secretaria-da-saude-reorganiza-fluxo-de-atendimento-urgencia-e-emergencia-no-oeste","status":"publish","type":"post","link":"https:\/\/jornalboasnoticias.com.br\/home\/secretaria-da-saude-reorganiza-fluxo-de-atendimento-urgencia-e-emergencia-no-oeste\/","title":{"rendered":"Secretaria da Sa\u00fade reorganiza fluxo de atendimento urg\u00eancia e emerg\u00eancia no Oeste"},"content":{"rendered":"<blockquote>\n<p style=\"text-align: center;\">A iniciativa organiza os fluxos de pacientes, torna o atendimento mais \u00e1gil e resolutivo, contribui para a redu\u00e7\u00e3o da sobrecarga dos hospitais terci\u00e1rios e fortalece o processo de descentraliza\u00e7\u00e3o e regionaliza\u00e7\u00e3o do Sistema \u00danico de Sa\u00fade (SUS).<\/p>\n<\/blockquote>\n<figure id=\"attachment_46960\" aria-describedby=\"caption-attachment-46960\" style=\"width: 1000px\" class=\"wp-caption alignnone\"><img loading=\"lazy\" decoding=\"async\" class=\"wp-image-46960 size-full\" src=\"https:\/\/jornalboasnoticias.com.br\/home\/wp-content\/uploads\/2025\/12\/20210420_agb_sesa-16-scaled-e1766067856485.jpg\" alt=\"\" width=\"1000\" height=\"667\" \/><figcaption id=\"caption-attachment-46960\" class=\"wp-caption-text\">Foto: Geraldo Bubniak\/AEN<\/figcaption><\/figure>\n<p>A Secretaria de Estado da Sa\u00fade (Sesa) publicou nesta quinta-feira (18) a\u00a0<strong><a class=\"0\" href=\"https:\/\/docs.google.com\/document\/d\/1xH_E4U85qUfdezuG2E63UuKDfRa7DwqEnLPgJN_khh0\/edit?tab=t.0\" target=\"_blank\" rel=\"nofollow noopener\">Resolu\u00e7\u00e3o Sesa n\u00ba 2022\/2025<\/a><\/strong>, que redefine os crit\u00e9rios de regula\u00e7\u00e3o assistencial dos atendimentos de urg\u00eancia e emerg\u00eancia na m\u00e9dia e alta complexidade hospitalar na Macrorregi\u00e3o Oeste. A iniciativa organiza os fluxos de pacientes, torna o atendimento mais \u00e1gil e resolutivo, contribui para a redu\u00e7\u00e3o da sobrecarga dos hospitais terci\u00e1rios e fortalece o processo de descentraliza\u00e7\u00e3o e regionaliza\u00e7\u00e3o do Sistema \u00danico de Sa\u00fade (SUS).<\/p>\n<p>A normativa amplia o papel dos hospitais de m\u00e9dia complexidade, permitindo que assumam, de forma progressiva, os atendimentos compat\u00edveis com sua estrutura e perfil assistencial. Com isso, a rede passa a funcionar de maneira mais equilibrada, direcionando os casos conforme o n\u00edvel de complexidade necess\u00e1rio e qualificando o acesso aos servi\u00e7os.<\/p>\n<p>\u201cEstamos organizando a rede para que cada hospital atue de acordo com sua voca\u00e7\u00e3o e habilita\u00e7\u00e3o. Os hospitais de m\u00e9dia complexidade ganham mais protagonismo na assist\u00eancia, enquanto os de alta complexidade se dedicam aos atendimentos que exigem maior especializa\u00e7\u00e3o, garantindo mais efici\u00eancia, agilidade e qualidade no cuidado \u00e0 popula\u00e7\u00e3o\u201d, afirmou o secret\u00e1rio de Estado da Sa\u00fade, Beto Preto.<\/p>\n<p>A resolu\u00e7\u00e3o consolida as refer\u00eancias hospitalares para a m\u00e9dia e a alta complexidade em \u00e1reas estrat\u00e9gicas como traumato-ortopedia, cardiologia, cirurgia cardiovascular, vascular e endovascular, al\u00e9m de neurologia e neurocirurgia. A defini\u00e7\u00e3o segue crit\u00e9rios t\u00e9cnicos, considerando as habilita\u00e7\u00f5es do Minist\u00e9rio da Sa\u00fade (MS), os contratos assistenciais firmados e a capacidade instalada dos hospitais em cada regional.<\/p>\n<p>Com a nova regulamenta\u00e7\u00e3o, as Centrais de Regula\u00e7\u00e3o de Urg\u00eancias, com sedes em Cascavel, Foz do Igua\u00e7u e Pato Branco, passam a direcionar os pacientes de forma mais precisa e oportuna, levando em conta a gravidade do caso, o tempo de resposta, a localiza\u00e7\u00e3o geogr\u00e1fica e a disponibilidade dos servi\u00e7os.<\/p>\n<p>J\u00e1 o Complexo Regulador Macro-Oeste, sediado em Cascavel, ser\u00e1 respons\u00e1vel por ordenar a distribui\u00e7\u00e3o dos leitos hospitalares, assegurando o cumprimento das refer\u00eancias estabelecidas e o encaminhamento adequado dos pacientes que necessitam de interna\u00e7\u00e3o.<\/p>\n<p>\u201cEssa padroniza\u00e7\u00e3o dos fluxos assistenciais fortalece a integra\u00e7\u00e3o entre os pontos da Rede de Aten\u00e7\u00e3o \u00e0 Sa\u00fade e favorece o uso mais racional dos recursos do SUS, com impacto direto na redu\u00e7\u00e3o da sobrecarga dos servi\u00e7os de alta complexidade\u201d, explicou o secret\u00e1rio.<\/p>\n<p>A Sesa refor\u00e7a que as Regionais de Sa\u00fade atuar\u00e3o de forma integrada com os hospitais, acompanhando os fluxos de atendimento e garantindo o cumprimento das diretrizes estabelecidas na resolu\u00e7\u00e3o.<\/p>\n<p>A Macrorregi\u00e3o Oeste \u00e9 composta pelas Regionais de Sa\u00fade de Pato Branco (7\u00aa RS), Francisco Beltr\u00e3o (8\u00aa RS), Foz do Igua\u00e7u (9\u00aa RS), Cascavel (10\u00aa RS) e Toledo (20\u00aa RS), abrangendo 94 munic\u00edpios.<\/p>\n<p><em>Ag\u00eancia Estadual de Not\u00edcias<\/em><\/p>\n","protected":false},"excerpt":{"rendered":"<p>A iniciativa organiza os fluxos de pacientes, torna o atendimento mais \u00e1gil e resolutivo, contribui<\/p>\n","protected":false},"author":3,"featured_media":46960,"comment_status":"open","ping_status":"open","sticky":false,"template":"","format":"standard","meta":{"footnotes":""},"categories":[3,4],"tags":[],"class_list":["post-46959","post","type-post","status-publish","format-standard","has-post-thumbnail","hentry","category-destaques","category-parana"],"yoast_head":"<!-- This site is optimized with the Yoast SEO plugin v27.5 - https:\/\/yoast.com\/product\/yoast-seo-wordpress\/ -->\n<title>Secretaria da Sa\u00fade reorganiza fluxo de atendimento urg\u00eancia e emerg\u00eancia no Oeste - Jornal<\/title>\n<meta name=\"description\" content=\"Secretaria da Sa\u00fade reorganiza fluxo de atendimento urg\u00eancia e emerg\u00eancia no Oeste\" \/>\n<meta name=\"robots\" content=\"index, follow, max-snippet:-1, max-image-preview:large, max-video-preview:-1\" \/>\n<link rel=\"canonical\" href=\"https:\/\/jornalboasnoticias.com.br\/home\/secretaria-da-saude-reorganiza-fluxo-de-atendimento-urgencia-e-emergencia-no-oeste\/\" \/>\n<meta property=\"og:locale\" content=\"pt_BR\" \/>\n<meta property=\"og:type\" content=\"article\" \/>\n<meta property=\"og:title\" content=\"Secretaria da Sa\u00fade reorganiza fluxo de atendimento urg\u00eancia e emerg\u00eancia no Oeste - Jornal\" \/>\n<meta property=\"og:description\" content=\"Secretaria da Sa\u00fade reorganiza fluxo de atendimento urg\u00eancia e emerg\u00eancia no Oeste\" \/>\n<meta property=\"og:url\" content=\"https:\/\/jornalboasnoticias.com.br\/home\/secretaria-da-saude-reorganiza-fluxo-de-atendimento-urgencia-e-emergencia-no-oeste\/\" \/>\n<meta property=\"og:site_name\" content=\"Jornal\" \/>\n<meta property=\"article:publisher\" content=\"https:\/\/www.facebook.com\/boasnoticiasjornal\" \/>\n<meta property=\"article:published_time\" content=\"2025-12-18T14:24:36+00:00\" \/>\n<meta property=\"og:image\" content=\"https:\/\/jornalboasnoticias.com.br\/home\/wp-content\/uploads\/2025\/12\/20210420_agb_sesa-16-scaled-e1766067856485.jpg\" \/>\n\t<meta property=\"og:image:width\" content=\"1000\" \/>\n\t<meta property=\"og:image:height\" content=\"667\" \/>\n\t<meta property=\"og:image:type\" content=\"image\/jpeg\" \/>\n<meta name=\"author\" content=\"Luiz Carlos da Cruz\" \/>\n<meta name=\"twitter:card\" content=\"summary_large_image\" \/>\n<meta name=\"twitter:label1\" content=\"Escrito por\" \/>\n\t<meta name=\"twitter:data1\" content=\"Luiz Carlos da Cruz\" \/>\n\t<meta name=\"twitter:label2\" content=\"Est. tempo de leitura\" \/>\n\t<meta name=\"twitter:data2\" content=\"3 minutos\" \/>\n<script type=\"application\/ld+json\" class=\"yoast-schema-graph\">{\"@context\":\"https:\\\/\\\/schema.org\",\"@graph\":[{\"@type\":\"Article\",\"@id\":\"https:\\\/\\\/jornalboasnoticias.com.br\\\/home\\\/secretaria-da-saude-reorganiza-fluxo-de-atendimento-urgencia-e-emergencia-no-oeste\\\/#article\",\"isPartOf\":{\"@id\":\"https:\\\/\\\/jornalboasnoticias.com.br\\\/home\\\/secretaria-da-saude-reorganiza-fluxo-de-atendimento-urgencia-e-emergencia-no-oeste\\\/\"},\"author\":{\"name\":\"Luiz Carlos da Cruz\",\"@id\":\"https:\\\/\\\/jornalboasnoticias.com.br\\\/home\\\/#\\\/schema\\\/person\\\/75f9ebde398c998c166475fb446bda62\"},\"headline\":\"Secretaria da Sa\u00fade reorganiza fluxo de atendimento urg\u00eancia e emerg\u00eancia no Oeste\",\"datePublished\":\"2025-12-18T14:24:36+00:00\",\"mainEntityOfPage\":{\"@id\":\"https:\\\/\\\/jornalboasnoticias.com.br\\\/home\\\/secretaria-da-saude-reorganiza-fluxo-de-atendimento-urgencia-e-emergencia-no-oeste\\\/\"},\"wordCount\":554,\"commentCount\":0,\"publisher\":{\"@id\":\"https:\\\/\\\/jornalboasnoticias.com.br\\\/home\\\/#organization\"},\"image\":{\"@id\":\"https:\\\/\\\/jornalboasnoticias.com.br\\\/home\\\/secretaria-da-saude-reorganiza-fluxo-de-atendimento-urgencia-e-emergencia-no-oeste\\\/#primaryimage\"},\"thumbnailUrl\":\"https:\\\/\\\/jornalboasnoticias.com.br\\\/home\\\/wp-content\\\/uploads\\\/2025\\\/12\\\/20210420_agb_sesa-16-scaled-e1766067856485.jpg\",\"articleSection\":[\"DESTAQUE\",\"PARAN\u00c1\"],\"inLanguage\":\"pt-BR\",\"potentialAction\":[{\"@type\":\"CommentAction\",\"name\":\"Comment\",\"target\":[\"https:\\\/\\\/jornalboasnoticias.com.br\\\/home\\\/secretaria-da-saude-reorganiza-fluxo-de-atendimento-urgencia-e-emergencia-no-oeste\\\/#respond\"]}]},{\"@type\":\"WebPage\",\"@id\":\"https:\\\/\\\/jornalboasnoticias.com.br\\\/home\\\/secretaria-da-saude-reorganiza-fluxo-de-atendimento-urgencia-e-emergencia-no-oeste\\\/\",\"url\":\"https:\\\/\\\/jornalboasnoticias.com.br\\\/home\\\/secretaria-da-saude-reorganiza-fluxo-de-atendimento-urgencia-e-emergencia-no-oeste\\\/\",\"name\":\"Secretaria da Sa\u00fade reorganiza fluxo de atendimento urg\u00eancia e emerg\u00eancia no Oeste - Jornal\",\"isPartOf\":{\"@id\":\"https:\\\/\\\/jornalboasnoticias.com.br\\\/home\\\/#website\"},\"primaryImageOfPage\":{\"@id\":\"https:\\\/\\\/jornalboasnoticias.com.br\\\/home\\\/secretaria-da-saude-reorganiza-fluxo-de-atendimento-urgencia-e-emergencia-no-oeste\\\/#primaryimage\"},\"image\":{\"@id\":\"https:\\\/\\\/jornalboasnoticias.com.br\\\/home\\\/secretaria-da-saude-reorganiza-fluxo-de-atendimento-urgencia-e-emergencia-no-oeste\\\/#primaryimage\"},\"thumbnailUrl\":\"https:\\\/\\\/jornalboasnoticias.com.br\\\/home\\\/wp-content\\\/uploads\\\/2025\\\/12\\\/20210420_agb_sesa-16-scaled-e1766067856485.jpg\",\"datePublished\":\"2025-12-18T14:24:36+00:00\",\"description\":\"Secretaria da Sa\u00fade reorganiza fluxo de atendimento urg\u00eancia e emerg\u00eancia no Oeste\",\"breadcrumb\":{\"@id\":\"https:\\\/\\\/jornalboasnoticias.com.br\\\/home\\\/secretaria-da-saude-reorganiza-fluxo-de-atendimento-urgencia-e-emergencia-no-oeste\\\/#breadcrumb\"},\"inLanguage\":\"pt-BR\",\"potentialAction\":[{\"@type\":\"ReadAction\",\"target\":[\"https:\\\/\\\/jornalboasnoticias.com.br\\\/home\\\/secretaria-da-saude-reorganiza-fluxo-de-atendimento-urgencia-e-emergencia-no-oeste\\\/\"]}]},{\"@type\":\"ImageObject\",\"inLanguage\":\"pt-BR\",\"@id\":\"https:\\\/\\\/jornalboasnoticias.com.br\\\/home\\\/secretaria-da-saude-reorganiza-fluxo-de-atendimento-urgencia-e-emergencia-no-oeste\\\/#primaryimage\",\"url\":\"https:\\\/\\\/jornalboasnoticias.com.br\\\/home\\\/wp-content\\\/uploads\\\/2025\\\/12\\\/20210420_agb_sesa-16-scaled-e1766067856485.jpg\",\"contentUrl\":\"https:\\\/\\\/jornalboasnoticias.com.br\\\/home\\\/wp-content\\\/uploads\\\/2025\\\/12\\\/20210420_agb_sesa-16-scaled-e1766067856485.jpg\",\"width\":1000,\"height\":667,\"caption\":\"Foto: Geraldo Bubniak\\\/AEN\"},{\"@type\":\"BreadcrumbList\",\"@id\":\"https:\\\/\\\/jornalboasnoticias.com.br\\\/home\\\/secretaria-da-saude-reorganiza-fluxo-de-atendimento-urgencia-e-emergencia-no-oeste\\\/#breadcrumb\",\"itemListElement\":[{\"@type\":\"ListItem\",\"position\":1,\"name\":\"In\u00edcio\",\"item\":\"https:\\\/\\\/jornalboasnoticias.com.br\\\/home\\\/\"},{\"@type\":\"ListItem\",\"position\":2,\"name\":\"Secretaria da Sa\u00fade reorganiza fluxo de atendimento urg\u00eancia e emerg\u00eancia no Oeste\"}]},{\"@type\":\"WebSite\",\"@id\":\"https:\\\/\\\/jornalboasnoticias.com.br\\\/home\\\/#website\",\"url\":\"https:\\\/\\\/jornalboasnoticias.com.br\\\/home\\\/\",\"name\":\"Jornal Boas Not\u00edcias\",\"description\":\"Boas not\u00edcias\",\"publisher\":{\"@id\":\"https:\\\/\\\/jornalboasnoticias.com.br\\\/home\\\/#organization\"},\"potentialAction\":[{\"@type\":\"SearchAction\",\"target\":{\"@type\":\"EntryPoint\",\"urlTemplate\":\"https:\\\/\\\/jornalboasnoticias.com.br\\\/home\\\/?s={search_term_string}\"},\"query-input\":{\"@type\":\"PropertyValueSpecification\",\"valueRequired\":true,\"valueName\":\"search_term_string\"}}],\"inLanguage\":\"pt-BR\"},{\"@type\":\"Organization\",\"@id\":\"https:\\\/\\\/jornalboasnoticias.com.br\\\/home\\\/#organization\",\"name\":\"Coq Editora Ltda\",\"alternateName\":\"Jornal Boas Noticias\",\"url\":\"https:\\\/\\\/jornalboasnoticias.com.br\\\/home\\\/\",\"logo\":{\"@type\":\"ImageObject\",\"inLanguage\":\"pt-BR\",\"@id\":\"https:\\\/\\\/jornalboasnoticias.com.br\\\/home\\\/#\\\/schema\\\/logo\\\/image\\\/\",\"url\":\"https:\\\/\\\/jornalboasnoticias.com.br\\\/home\\\/wp-content\\\/uploads\\\/2024\\\/07\\\/cropped-logo.jpg\",\"contentUrl\":\"https:\\\/\\\/jornalboasnoticias.com.br\\\/home\\\/wp-content\\\/uploads\\\/2024\\\/07\\\/cropped-logo.jpg\",\"width\":290,\"height\":142,\"caption\":\"Coq Editora Ltda\"},\"image\":{\"@id\":\"https:\\\/\\\/jornalboasnoticias.com.br\\\/home\\\/#\\\/schema\\\/logo\\\/image\\\/\"},\"sameAs\":[\"https:\\\/\\\/www.facebook.com\\\/boasnoticiasjornal\"]},{\"@type\":\"Person\",\"@id\":\"https:\\\/\\\/jornalboasnoticias.com.br\\\/home\\\/#\\\/schema\\\/person\\\/75f9ebde398c998c166475fb446bda62\",\"name\":\"Luiz Carlos da Cruz\",\"image\":{\"@type\":\"ImageObject\",\"inLanguage\":\"pt-BR\",\"@id\":\"https:\\\/\\\/secure.gravatar.com\\\/avatar\\\/e6f4f45301b6cb8572f7b076572e8ac11c1db80e805d8c8d0858cf286ce3ac3b?s=96&d=mm&r=g\",\"url\":\"https:\\\/\\\/secure.gravatar.com\\\/avatar\\\/e6f4f45301b6cb8572f7b076572e8ac11c1db80e805d8c8d0858cf286ce3ac3b?s=96&d=mm&r=g\",\"contentUrl\":\"https:\\\/\\\/secure.gravatar.com\\\/avatar\\\/e6f4f45301b6cb8572f7b076572e8ac11c1db80e805d8c8d0858cf286ce3ac3b?s=96&d=mm&r=g\",\"caption\":\"Luiz Carlos da Cruz\"},\"url\":\"https:\\\/\\\/jornalboasnoticias.com.br\\\/home\\\/author\\\/luiz-carlos-da-cruz\\\/\"}]}<\/script>\n<!-- \/ Yoast SEO plugin. -->","yoast_head_json":{"title":"Secretaria da Sa\u00fade reorganiza fluxo de atendimento urg\u00eancia e emerg\u00eancia no Oeste - Jornal","description":"Secretaria da Sa\u00fade reorganiza fluxo de atendimento urg\u00eancia e emerg\u00eancia no Oeste","robots":{"index":"index","follow":"follow","max-snippet":"max-snippet:-1","max-image-preview":"max-image-preview:large","max-video-preview":"max-video-preview:-1"},"canonical":"https:\/\/jornalboasnoticias.com.br\/home\/secretaria-da-saude-reorganiza-fluxo-de-atendimento-urgencia-e-emergencia-no-oeste\/","og_locale":"pt_BR","og_type":"article","og_title":"Secretaria da Sa\u00fade reorganiza fluxo de atendimento urg\u00eancia e emerg\u00eancia no Oeste - Jornal","og_description":"Secretaria da Sa\u00fade reorganiza fluxo de atendimento urg\u00eancia e emerg\u00eancia no Oeste","og_url":"https:\/\/jornalboasnoticias.com.br\/home\/secretaria-da-saude-reorganiza-fluxo-de-atendimento-urgencia-e-emergencia-no-oeste\/","og_site_name":"Jornal","article_publisher":"https:\/\/www.facebook.com\/boasnoticiasjornal","article_published_time":"2025-12-18T14:24:36+00:00","og_image":[{"width":1000,"height":667,"url":"https:\/\/jornalboasnoticias.com.br\/home\/wp-content\/uploads\/2025\/12\/20210420_agb_sesa-16-scaled-e1766067856485.jpg","type":"image\/jpeg"}],"author":"Luiz Carlos da Cruz","twitter_card":"summary_large_image","twitter_misc":{"Escrito por":"Luiz Carlos da Cruz","Est. tempo de leitura":"3 minutos"},"schema":{"@context":"https:\/\/schema.org","@graph":[{"@type":"Article","@id":"https:\/\/jornalboasnoticias.com.br\/home\/secretaria-da-saude-reorganiza-fluxo-de-atendimento-urgencia-e-emergencia-no-oeste\/#article","isPartOf":{"@id":"https:\/\/jornalboasnoticias.com.br\/home\/secretaria-da-saude-reorganiza-fluxo-de-atendimento-urgencia-e-emergencia-no-oeste\/"},"author":{"name":"Luiz Carlos da Cruz","@id":"https:\/\/jornalboasnoticias.com.br\/home\/#\/schema\/person\/75f9ebde398c998c166475fb446bda62"},"headline":"Secretaria da Sa\u00fade reorganiza fluxo de atendimento urg\u00eancia e emerg\u00eancia no Oeste","datePublished":"2025-12-18T14:24:36+00:00","mainEntityOfPage":{"@id":"https:\/\/jornalboasnoticias.com.br\/home\/secretaria-da-saude-reorganiza-fluxo-de-atendimento-urgencia-e-emergencia-no-oeste\/"},"wordCount":554,"commentCount":0,"publisher":{"@id":"https:\/\/jornalboasnoticias.com.br\/home\/#organization"},"image":{"@id":"https:\/\/jornalboasnoticias.com.br\/home\/secretaria-da-saude-reorganiza-fluxo-de-atendimento-urgencia-e-emergencia-no-oeste\/#primaryimage"},"thumbnailUrl":"https:\/\/jornalboasnoticias.com.br\/home\/wp-content\/uploads\/2025\/12\/20210420_agb_sesa-16-scaled-e1766067856485.jpg","articleSection":["DESTAQUE","PARAN\u00c1"],"inLanguage":"pt-BR","potentialAction":[{"@type":"CommentAction","name":"Comment","target":["https:\/\/jornalboasnoticias.com.br\/home\/secretaria-da-saude-reorganiza-fluxo-de-atendimento-urgencia-e-emergencia-no-oeste\/#respond"]}]},{"@type":"WebPage","@id":"https:\/\/jornalboasnoticias.com.br\/home\/secretaria-da-saude-reorganiza-fluxo-de-atendimento-urgencia-e-emergencia-no-oeste\/","url":"https:\/\/jornalboasnoticias.com.br\/home\/secretaria-da-saude-reorganiza-fluxo-de-atendimento-urgencia-e-emergencia-no-oeste\/","name":"Secretaria da Sa\u00fade reorganiza fluxo de atendimento urg\u00eancia e emerg\u00eancia no Oeste - Jornal","isPartOf":{"@id":"https:\/\/jornalboasnoticias.com.br\/home\/#website"},"primaryImageOfPage":{"@id":"https:\/\/jornalboasnoticias.com.br\/home\/secretaria-da-saude-reorganiza-fluxo-de-atendimento-urgencia-e-emergencia-no-oeste\/#primaryimage"},"image":{"@id":"https:\/\/jornalboasnoticias.com.br\/home\/secretaria-da-saude-reorganiza-fluxo-de-atendimento-urgencia-e-emergencia-no-oeste\/#primaryimage"},"thumbnailUrl":"https:\/\/jornalboasnoticias.com.br\/home\/wp-content\/uploads\/2025\/12\/20210420_agb_sesa-16-scaled-e1766067856485.jpg","datePublished":"2025-12-18T14:24:36+00:00","description":"Secretaria da Sa\u00fade reorganiza fluxo de atendimento urg\u00eancia e emerg\u00eancia no Oeste","breadcrumb":{"@id":"https:\/\/jornalboasnoticias.com.br\/home\/secretaria-da-saude-reorganiza-fluxo-de-atendimento-urgencia-e-emergencia-no-oeste\/#breadcrumb"},"inLanguage":"pt-BR","potentialAction":[{"@type":"ReadAction","target":["https:\/\/jornalboasnoticias.com.br\/home\/secretaria-da-saude-reorganiza-fluxo-de-atendimento-urgencia-e-emergencia-no-oeste\/"]}]},{"@type":"ImageObject","inLanguage":"pt-BR","@id":"https:\/\/jornalboasnoticias.com.br\/home\/secretaria-da-saude-reorganiza-fluxo-de-atendimento-urgencia-e-emergencia-no-oeste\/#primaryimage","url":"https:\/\/jornalboasnoticias.com.br\/home\/wp-content\/uploads\/2025\/12\/20210420_agb_sesa-16-scaled-e1766067856485.jpg","contentUrl":"https:\/\/jornalboasnoticias.com.br\/home\/wp-content\/uploads\/2025\/12\/20210420_agb_sesa-16-scaled-e1766067856485.jpg","width":1000,"height":667,"caption":"Foto: Geraldo Bubniak\/AEN"},{"@type":"BreadcrumbList","@id":"https:\/\/jornalboasnoticias.com.br\/home\/secretaria-da-saude-reorganiza-fluxo-de-atendimento-urgencia-e-emergencia-no-oeste\/#breadcrumb","itemListElement":[{"@type":"ListItem","position":1,"name":"In\u00edcio","item":"https:\/\/jornalboasnoticias.com.br\/home\/"},{"@type":"ListItem","position":2,"name":"Secretaria da Sa\u00fade reorganiza fluxo de atendimento urg\u00eancia e emerg\u00eancia no Oeste"}]},{"@type":"WebSite","@id":"https:\/\/jornalboasnoticias.com.br\/home\/#website","url":"https:\/\/jornalboasnoticias.com.br\/home\/","name":"Jornal Boas Not\u00edcias","description":"Boas not\u00edcias","publisher":{"@id":"https:\/\/jornalboasnoticias.com.br\/home\/#organization"},"potentialAction":[{"@type":"SearchAction","target":{"@type":"EntryPoint","urlTemplate":"https:\/\/jornalboasnoticias.com.br\/home\/?s={search_term_string}"},"query-input":{"@type":"PropertyValueSpecification","valueRequired":true,"valueName":"search_term_string"}}],"inLanguage":"pt-BR"},{"@type":"Organization","@id":"https:\/\/jornalboasnoticias.com.br\/home\/#organization","name":"Coq Editora Ltda","alternateName":"Jornal Boas Noticias","url":"https:\/\/jornalboasnoticias.com.br\/home\/","logo":{"@type":"ImageObject","inLanguage":"pt-BR","@id":"https:\/\/jornalboasnoticias.com.br\/home\/#\/schema\/logo\/image\/","url":"https:\/\/jornalboasnoticias.com.br\/home\/wp-content\/uploads\/2024\/07\/cropped-logo.jpg","contentUrl":"https:\/\/jornalboasnoticias.com.br\/home\/wp-content\/uploads\/2024\/07\/cropped-logo.jpg","width":290,"height":142,"caption":"Coq Editora Ltda"},"image":{"@id":"https:\/\/jornalboasnoticias.com.br\/home\/#\/schema\/logo\/image\/"},"sameAs":["https:\/\/www.facebook.com\/boasnoticiasjornal"]},{"@type":"Person","@id":"https:\/\/jornalboasnoticias.com.br\/home\/#\/schema\/person\/75f9ebde398c998c166475fb446bda62","name":"Luiz Carlos da Cruz","image":{"@type":"ImageObject","inLanguage":"pt-BR","@id":"https:\/\/secure.gravatar.com\/avatar\/e6f4f45301b6cb8572f7b076572e8ac11c1db80e805d8c8d0858cf286ce3ac3b?s=96&d=mm&r=g","url":"https:\/\/secure.gravatar.com\/avatar\/e6f4f45301b6cb8572f7b076572e8ac11c1db80e805d8c8d0858cf286ce3ac3b?s=96&d=mm&r=g","contentUrl":"https:\/\/secure.gravatar.com\/avatar\/e6f4f45301b6cb8572f7b076572e8ac11c1db80e805d8c8d0858cf286ce3ac3b?s=96&d=mm&r=g","caption":"Luiz Carlos da Cruz"},"url":"https:\/\/jornalboasnoticias.com.br\/home\/author\/luiz-carlos-da-cruz\/"}]}},"_links":{"self":[{"href":"https:\/\/jornalboasnoticias.com.br\/home\/wp-json\/wp\/v2\/posts\/46959","targetHints":{"allow":["GET"]}}],"collection":[{"href":"https:\/\/jornalboasnoticias.com.br\/home\/wp-json\/wp\/v2\/posts"}],"about":[{"href":"https:\/\/jornalboasnoticias.com.br\/home\/wp-json\/wp\/v2\/types\/post"}],"author":[{"embeddable":true,"href":"https:\/\/jornalboasnoticias.com.br\/home\/wp-json\/wp\/v2\/users\/3"}],"replies":[{"embeddable":true,"href":"https:\/\/jornalboasnoticias.com.br\/home\/wp-json\/wp\/v2\/comments?post=46959"}],"version-history":[{"count":1,"href":"https:\/\/jornalboasnoticias.com.br\/home\/wp-json\/wp\/v2\/posts\/46959\/revisions"}],"predecessor-version":[{"id":46961,"href":"https:\/\/jornalboasnoticias.com.br\/home\/wp-json\/wp\/v2\/posts\/46959\/revisions\/46961"}],"wp:featuredmedia":[{"embeddable":true,"href":"https:\/\/jornalboasnoticias.com.br\/home\/wp-json\/wp\/v2\/media\/46960"}],"wp:attachment":[{"href":"https:\/\/jornalboasnoticias.com.br\/home\/wp-json\/wp\/v2\/media?parent=46959"}],"wp:term":[{"taxonomy":"category","embeddable":true,"href":"https:\/\/jornalboasnoticias.com.br\/home\/wp-json\/wp\/v2\/categories?post=46959"},{"taxonomy":"post_tag","embeddable":true,"href":"https:\/\/jornalboasnoticias.com.br\/home\/wp-json\/wp\/v2\/tags?post=46959"}],"curies":[{"name":"wp","href":"https:\/\/api.w.org\/{rel}","templated":true}]}}