{"id":46942,"date":"2025-12-17T20:04:48","date_gmt":"2025-12-17T20:04:48","guid":{"rendered":"https:\/\/jornalboasnoticias.com.br\/home\/?p=46942"},"modified":"2025-12-17T20:04:48","modified_gmt":"2025-12-17T20:04:48","slug":"programa-domingo-passe-livre-tera-obrigatoriedade-de-cartao-valesim-a-partir-de-18-de-janeiro-de-2026","status":"publish","type":"post","link":"https:\/\/jornalboasnoticias.com.br\/home\/programa-domingo-passe-livre-tera-obrigatoriedade-de-cartao-valesim-a-partir-de-18-de-janeiro-de-2026\/","title":{"rendered":"Programa Domingo Passe Livre ter\u00e1 obrigatoriedade de cart\u00e3o ValeSim a partir de 18 de janeiro de 2026"},"content":{"rendered":"<blockquote>\n<p style=\"text-align: center;\"><em>Usu\u00e1rios que ainda n\u00e3o t\u00eam o cart\u00e3o poder\u00e3o fazer a 1\u00aa via gratuitamente e ter acesso aos \u00f4nibus de gra\u00e7a aos domingos<\/em><\/p>\n<\/blockquote>\n<figure id=\"attachment_46943\" aria-describedby=\"caption-attachment-46943\" style=\"width: 987px\" class=\"wp-caption aligncenter\"><img loading=\"lazy\" decoding=\"async\" class=\"size-full wp-image-46943\" src=\"https:\/\/jornalboasnoticias.com.br\/home\/wp-content\/uploads\/2025\/12\/WhatsApp-Image-2025-01-03-at-16_43_49-2.jpeg\" alt=\"\" width=\"987\" height=\"561\" srcset=\"https:\/\/jornalboasnoticias.com.br\/home\/wp-content\/uploads\/2025\/12\/WhatsApp-Image-2025-01-03-at-16_43_49-2.jpeg 987w, https:\/\/jornalboasnoticias.com.br\/home\/wp-content\/uploads\/2025\/12\/WhatsApp-Image-2025-01-03-at-16_43_49-2-300x171.jpeg 300w, https:\/\/jornalboasnoticias.com.br\/home\/wp-content\/uploads\/2025\/12\/WhatsApp-Image-2025-01-03-at-16_43_49-2-768x437.jpeg 768w\" sizes=\"auto, (max-width: 987px) 100vw, 987px\" \/><figcaption id=\"caption-attachment-46943\" class=\"wp-caption-text\">Divulga\u00e7\u00e3o<\/figcaption><\/figure>\n<p>H\u00e1 cerca de um ano, a cidade de Cascavel conta com a tarifa gratuita no transporte coletivo urbano todos os domingos, com o programa Domingo Passe Livre. A medida \u00e9 uma forma de incentivar os cascavelenses a buscaram o lazer no fim de semana e tamb\u00e9m contribui para os trabalhadores e empres\u00e1rios que t\u00eam expediente neste dia.<\/p>\n<p>Para a opera\u00e7\u00e3o em 2026, o programa ter\u00e1 mudan\u00e7as. A partir de 18 janeiro do pr\u00f3ximo ano ser\u00e1 obrigat\u00f3ria a apresenta\u00e7\u00e3o do cart\u00e3o ValeSim para acessar os \u00f4nibus e as catracas dos terminais urbanos de transbordo. A tarifa segue gratuita, mas todos ter\u00e3o que apresentar o documento e entrar pela porta da frente dos ve\u00edculos. Hoje, ainda \u00e9 poss\u00edvel usar o transporte sem o cart\u00e3o. Por\u00e9m, n\u00e3o ser\u00e1 mais admitida a utiliza\u00e7\u00e3o do servi\u00e7o sem a valida\u00e7\u00e3o do uso e transposi\u00e7\u00e3o da catraca.<\/p>\n<h2>ValeSim<\/h2>\n<p>Para promover o acesso ao cart\u00e3o-transporte e, consequentemente \u00e0 gratuidade aos domingos, a 1\u00aa via do cart\u00e3o pode ser confeccionada gratuitamente pela ValeSim. Al\u00e9m disso, a 2\u00aa via, que originalmente custa 10x o valor da tarifa p\u00fablica, teve o valor reduzido para o valor da tarifa, ou seja, R$ 4,65, e esse valor ainda ser\u00e1 revertido em uma utiliza\u00e7\u00e3o no sistema em qualquer dia e hor\u00e1rio.<\/p>\n<p>Para fazer o cart\u00e3o, basta ir at\u00e9 a sede da ValeSim, que fica na Rua Duque de Caxias, 770, no centro, de segunda \u00e0 sexta, das 08 \u00e0s 17h.<\/p>\n<h2>TRANSPORTE COLETIVO<\/h2>\n<p>A passagem em Cascavel tem o valor de R$ 4,65. Atualmente, o Munic\u00edpio conta com 149 \u00f4nibus na frota cascavelense, inclusive os 15 \u00f4nibus el\u00e9tricos, que transformaram a cidade em refer\u00eancia na eletromobilidade.<\/p>\n<h2>DATAS COMEMORATIVAS<\/h2>\n<p>Al\u00e9m da a\u00e7\u00e3o aos domingos, a gratuidade tamb\u00e9m vale em algumas datas comemorativas: no Natal (25 de dezembro), Ano Novo (1\u00b0 de janeiro) e no Anivers\u00e1rio do Munic\u00edpio (14 de novembro) e ainda no dia das elei\u00e7\u00f5es gerais e municipais, em 1\u00b0 e 2\u00b0 turnos, se houver, de acordo com o calend\u00e1rio eleitoral editado pela Justi\u00e7a.<\/p>\n<p><em>Prefeitura de Cascavel<\/em><\/p>\n","protected":false},"excerpt":{"rendered":"<p>Usu\u00e1rios que ainda n\u00e3o t\u00eam o cart\u00e3o poder\u00e3o fazer a 1\u00aa via gratuitamente e ter<\/p>\n","protected":false},"author":3,"featured_media":46943,"comment_status":"open","ping_status":"open","sticky":false,"template":"","format":"standard","meta":{"footnotes":""},"categories":[2],"tags":[],"class_list":["post-46942","post","type-post","status-publish","format-standard","has-post-thumbnail","hentry","category-cascavel"],"yoast_head":"<!-- This site is optimized with the Yoast SEO plugin v27.5 - https:\/\/yoast.com\/product\/yoast-seo-wordpress\/ -->\n<title>Programa Domingo Passe Livre ter\u00e1 obrigatoriedade de cart\u00e3o ValeSim a partir de 18 de janeiro de 2026 - Jornal<\/title>\n<meta name=\"description\" content=\"Programa Domingo Passe Livre ter\u00e1 obrigatoriedade de cart\u00e3o ValeSim a partir de 18 de janeiro de 2026\" \/>\n<meta name=\"robots\" content=\"index, follow, max-snippet:-1, max-image-preview:large, max-video-preview:-1\" \/>\n<link rel=\"canonical\" href=\"https:\/\/jornalboasnoticias.com.br\/home\/programa-domingo-passe-livre-tera-obrigatoriedade-de-cartao-valesim-a-partir-de-18-de-janeiro-de-2026\/\" \/>\n<meta property=\"og:locale\" content=\"pt_BR\" \/>\n<meta property=\"og:type\" content=\"article\" \/>\n<meta property=\"og:title\" content=\"Programa Domingo Passe Livre ter\u00e1 obrigatoriedade de cart\u00e3o ValeSim a partir de 18 de janeiro de 2026 - Jornal\" \/>\n<meta property=\"og:description\" content=\"Programa Domingo Passe Livre ter\u00e1 obrigatoriedade de cart\u00e3o ValeSim a partir de 18 de janeiro de 2026\" \/>\n<meta property=\"og:url\" content=\"https:\/\/jornalboasnoticias.com.br\/home\/programa-domingo-passe-livre-tera-obrigatoriedade-de-cartao-valesim-a-partir-de-18-de-janeiro-de-2026\/\" \/>\n<meta property=\"og:site_name\" content=\"Jornal\" \/>\n<meta property=\"article:publisher\" content=\"https:\/\/www.facebook.com\/boasnoticiasjornal\" \/>\n<meta property=\"article:published_time\" content=\"2025-12-17T20:04:48+00:00\" \/>\n<meta property=\"og:image\" content=\"https:\/\/jornalboasnoticias.com.br\/home\/wp-content\/uploads\/2025\/12\/WhatsApp-Image-2025-01-03-at-16_43_49-2.jpeg\" \/>\n\t<meta property=\"og:image:width\" content=\"987\" \/>\n\t<meta property=\"og:image:height\" content=\"561\" \/>\n\t<meta property=\"og:image:type\" content=\"image\/jpeg\" \/>\n<meta name=\"author\" content=\"Luiz Carlos da Cruz\" \/>\n<meta name=\"twitter:card\" content=\"summary_large_image\" \/>\n<meta name=\"twitter:label1\" content=\"Escrito por\" \/>\n\t<meta name=\"twitter:data1\" content=\"Luiz Carlos da Cruz\" \/>\n\t<meta name=\"twitter:label2\" content=\"Est. tempo de leitura\" \/>\n\t<meta name=\"twitter:data2\" content=\"3 minutos\" \/>\n<script type=\"application\/ld+json\" class=\"yoast-schema-graph\">{\"@context\":\"https:\\\/\\\/schema.org\",\"@graph\":[{\"@type\":\"Article\",\"@id\":\"https:\\\/\\\/jornalboasnoticias.com.br\\\/home\\\/programa-domingo-passe-livre-tera-obrigatoriedade-de-cartao-valesim-a-partir-de-18-de-janeiro-de-2026\\\/#article\",\"isPartOf\":{\"@id\":\"https:\\\/\\\/jornalboasnoticias.com.br\\\/home\\\/programa-domingo-passe-livre-tera-obrigatoriedade-de-cartao-valesim-a-partir-de-18-de-janeiro-de-2026\\\/\"},\"author\":{\"name\":\"Luiz Carlos da Cruz\",\"@id\":\"https:\\\/\\\/jornalboasnoticias.com.br\\\/home\\\/#\\\/schema\\\/person\\\/75f9ebde398c998c166475fb446bda62\"},\"headline\":\"Programa Domingo Passe Livre ter\u00e1 obrigatoriedade de cart\u00e3o ValeSim a partir de 18 de janeiro de 2026\",\"datePublished\":\"2025-12-17T20:04:48+00:00\",\"mainEntityOfPage\":{\"@id\":\"https:\\\/\\\/jornalboasnoticias.com.br\\\/home\\\/programa-domingo-passe-livre-tera-obrigatoriedade-de-cartao-valesim-a-partir-de-18-de-janeiro-de-2026\\\/\"},\"wordCount\":402,\"commentCount\":0,\"publisher\":{\"@id\":\"https:\\\/\\\/jornalboasnoticias.com.br\\\/home\\\/#organization\"},\"image\":{\"@id\":\"https:\\\/\\\/jornalboasnoticias.com.br\\\/home\\\/programa-domingo-passe-livre-tera-obrigatoriedade-de-cartao-valesim-a-partir-de-18-de-janeiro-de-2026\\\/#primaryimage\"},\"thumbnailUrl\":\"https:\\\/\\\/jornalboasnoticias.com.br\\\/home\\\/wp-content\\\/uploads\\\/2025\\\/12\\\/WhatsApp-Image-2025-01-03-at-16_43_49-2.jpeg\",\"articleSection\":[\"CASCAVEL\"],\"inLanguage\":\"pt-BR\",\"potentialAction\":[{\"@type\":\"CommentAction\",\"name\":\"Comment\",\"target\":[\"https:\\\/\\\/jornalboasnoticias.com.br\\\/home\\\/programa-domingo-passe-livre-tera-obrigatoriedade-de-cartao-valesim-a-partir-de-18-de-janeiro-de-2026\\\/#respond\"]}]},{\"@type\":\"WebPage\",\"@id\":\"https:\\\/\\\/jornalboasnoticias.com.br\\\/home\\\/programa-domingo-passe-livre-tera-obrigatoriedade-de-cartao-valesim-a-partir-de-18-de-janeiro-de-2026\\\/\",\"url\":\"https:\\\/\\\/jornalboasnoticias.com.br\\\/home\\\/programa-domingo-passe-livre-tera-obrigatoriedade-de-cartao-valesim-a-partir-de-18-de-janeiro-de-2026\\\/\",\"name\":\"Programa Domingo Passe Livre ter\u00e1 obrigatoriedade de cart\u00e3o ValeSim a partir de 18 de janeiro de 2026 - Jornal\",\"isPartOf\":{\"@id\":\"https:\\\/\\\/jornalboasnoticias.com.br\\\/home\\\/#website\"},\"primaryImageOfPage\":{\"@id\":\"https:\\\/\\\/jornalboasnoticias.com.br\\\/home\\\/programa-domingo-passe-livre-tera-obrigatoriedade-de-cartao-valesim-a-partir-de-18-de-janeiro-de-2026\\\/#primaryimage\"},\"image\":{\"@id\":\"https:\\\/\\\/jornalboasnoticias.com.br\\\/home\\\/programa-domingo-passe-livre-tera-obrigatoriedade-de-cartao-valesim-a-partir-de-18-de-janeiro-de-2026\\\/#primaryimage\"},\"thumbnailUrl\":\"https:\\\/\\\/jornalboasnoticias.com.br\\\/home\\\/wp-content\\\/uploads\\\/2025\\\/12\\\/WhatsApp-Image-2025-01-03-at-16_43_49-2.jpeg\",\"datePublished\":\"2025-12-17T20:04:48+00:00\",\"description\":\"Programa Domingo Passe Livre ter\u00e1 obrigatoriedade de cart\u00e3o ValeSim a partir de 18 de janeiro de 2026\",\"breadcrumb\":{\"@id\":\"https:\\\/\\\/jornalboasnoticias.com.br\\\/home\\\/programa-domingo-passe-livre-tera-obrigatoriedade-de-cartao-valesim-a-partir-de-18-de-janeiro-de-2026\\\/#breadcrumb\"},\"inLanguage\":\"pt-BR\",\"potentialAction\":[{\"@type\":\"ReadAction\",\"target\":[\"https:\\\/\\\/jornalboasnoticias.com.br\\\/home\\\/programa-domingo-passe-livre-tera-obrigatoriedade-de-cartao-valesim-a-partir-de-18-de-janeiro-de-2026\\\/\"]}]},{\"@type\":\"ImageObject\",\"inLanguage\":\"pt-BR\",\"@id\":\"https:\\\/\\\/jornalboasnoticias.com.br\\\/home\\\/programa-domingo-passe-livre-tera-obrigatoriedade-de-cartao-valesim-a-partir-de-18-de-janeiro-de-2026\\\/#primaryimage\",\"url\":\"https:\\\/\\\/jornalboasnoticias.com.br\\\/home\\\/wp-content\\\/uploads\\\/2025\\\/12\\\/WhatsApp-Image-2025-01-03-at-16_43_49-2.jpeg\",\"contentUrl\":\"https:\\\/\\\/jornalboasnoticias.com.br\\\/home\\\/wp-content\\\/uploads\\\/2025\\\/12\\\/WhatsApp-Image-2025-01-03-at-16_43_49-2.jpeg\",\"width\":987,\"height\":561,\"caption\":\"Divulga\u00e7\u00e3o\"},{\"@type\":\"BreadcrumbList\",\"@id\":\"https:\\\/\\\/jornalboasnoticias.com.br\\\/home\\\/programa-domingo-passe-livre-tera-obrigatoriedade-de-cartao-valesim-a-partir-de-18-de-janeiro-de-2026\\\/#breadcrumb\",\"itemListElement\":[{\"@type\":\"ListItem\",\"position\":1,\"name\":\"In\u00edcio\",\"item\":\"https:\\\/\\\/jornalboasnoticias.com.br\\\/home\\\/\"},{\"@type\":\"ListItem\",\"position\":2,\"name\":\"Programa Domingo Passe Livre ter\u00e1 obrigatoriedade de cart\u00e3o ValeSim a partir de 18 de janeiro de 2026\"}]},{\"@type\":\"WebSite\",\"@id\":\"https:\\\/\\\/jornalboasnoticias.com.br\\\/home\\\/#website\",\"url\":\"https:\\\/\\\/jornalboasnoticias.com.br\\\/home\\\/\",\"name\":\"Jornal Boas Not\u00edcias\",\"description\":\"Boas not\u00edcias\",\"publisher\":{\"@id\":\"https:\\\/\\\/jornalboasnoticias.com.br\\\/home\\\/#organization\"},\"potentialAction\":[{\"@type\":\"SearchAction\",\"target\":{\"@type\":\"EntryPoint\",\"urlTemplate\":\"https:\\\/\\\/jornalboasnoticias.com.br\\\/home\\\/?s={search_term_string}\"},\"query-input\":{\"@type\":\"PropertyValueSpecification\",\"valueRequired\":true,\"valueName\":\"search_term_string\"}}],\"inLanguage\":\"pt-BR\"},{\"@type\":\"Organization\",\"@id\":\"https:\\\/\\\/jornalboasnoticias.com.br\\\/home\\\/#organization\",\"name\":\"Coq Editora Ltda\",\"alternateName\":\"Jornal Boas Noticias\",\"url\":\"https:\\\/\\\/jornalboasnoticias.com.br\\\/home\\\/\",\"logo\":{\"@type\":\"ImageObject\",\"inLanguage\":\"pt-BR\",\"@id\":\"https:\\\/\\\/jornalboasnoticias.com.br\\\/home\\\/#\\\/schema\\\/logo\\\/image\\\/\",\"url\":\"https:\\\/\\\/jornalboasnoticias.com.br\\\/home\\\/wp-content\\\/uploads\\\/2024\\\/07\\\/cropped-logo.jpg\",\"contentUrl\":\"https:\\\/\\\/jornalboasnoticias.com.br\\\/home\\\/wp-content\\\/uploads\\\/2024\\\/07\\\/cropped-logo.jpg\",\"width\":290,\"height\":142,\"caption\":\"Coq Editora Ltda\"},\"image\":{\"@id\":\"https:\\\/\\\/jornalboasnoticias.com.br\\\/home\\\/#\\\/schema\\\/logo\\\/image\\\/\"},\"sameAs\":[\"https:\\\/\\\/www.facebook.com\\\/boasnoticiasjornal\"]},{\"@type\":\"Person\",\"@id\":\"https:\\\/\\\/jornalboasnoticias.com.br\\\/home\\\/#\\\/schema\\\/person\\\/75f9ebde398c998c166475fb446bda62\",\"name\":\"Luiz Carlos da Cruz\",\"image\":{\"@type\":\"ImageObject\",\"inLanguage\":\"pt-BR\",\"@id\":\"https:\\\/\\\/secure.gravatar.com\\\/avatar\\\/e6f4f45301b6cb8572f7b076572e8ac11c1db80e805d8c8d0858cf286ce3ac3b?s=96&d=mm&r=g\",\"url\":\"https:\\\/\\\/secure.gravatar.com\\\/avatar\\\/e6f4f45301b6cb8572f7b076572e8ac11c1db80e805d8c8d0858cf286ce3ac3b?s=96&d=mm&r=g\",\"contentUrl\":\"https:\\\/\\\/secure.gravatar.com\\\/avatar\\\/e6f4f45301b6cb8572f7b076572e8ac11c1db80e805d8c8d0858cf286ce3ac3b?s=96&d=mm&r=g\",\"caption\":\"Luiz Carlos da Cruz\"},\"url\":\"https:\\\/\\\/jornalboasnoticias.com.br\\\/home\\\/author\\\/luiz-carlos-da-cruz\\\/\"}]}<\/script>\n<!-- \/ Yoast SEO plugin. -->","yoast_head_json":{"title":"Programa Domingo Passe Livre ter\u00e1 obrigatoriedade de cart\u00e3o ValeSim a partir de 18 de janeiro de 2026 - Jornal","description":"Programa Domingo Passe Livre ter\u00e1 obrigatoriedade de cart\u00e3o ValeSim a partir de 18 de janeiro de 2026","robots":{"index":"index","follow":"follow","max-snippet":"max-snippet:-1","max-image-preview":"max-image-preview:large","max-video-preview":"max-video-preview:-1"},"canonical":"https:\/\/jornalboasnoticias.com.br\/home\/programa-domingo-passe-livre-tera-obrigatoriedade-de-cartao-valesim-a-partir-de-18-de-janeiro-de-2026\/","og_locale":"pt_BR","og_type":"article","og_title":"Programa Domingo Passe Livre ter\u00e1 obrigatoriedade de cart\u00e3o ValeSim a partir de 18 de janeiro de 2026 - Jornal","og_description":"Programa Domingo Passe Livre ter\u00e1 obrigatoriedade de cart\u00e3o ValeSim a partir de 18 de janeiro de 2026","og_url":"https:\/\/jornalboasnoticias.com.br\/home\/programa-domingo-passe-livre-tera-obrigatoriedade-de-cartao-valesim-a-partir-de-18-de-janeiro-de-2026\/","og_site_name":"Jornal","article_publisher":"https:\/\/www.facebook.com\/boasnoticiasjornal","article_published_time":"2025-12-17T20:04:48+00:00","og_image":[{"width":987,"height":561,"url":"https:\/\/jornalboasnoticias.com.br\/home\/wp-content\/uploads\/2025\/12\/WhatsApp-Image-2025-01-03-at-16_43_49-2.jpeg","type":"image\/jpeg"}],"author":"Luiz Carlos da Cruz","twitter_card":"summary_large_image","twitter_misc":{"Escrito por":"Luiz Carlos da Cruz","Est. tempo de leitura":"3 minutos"},"schema":{"@context":"https:\/\/schema.org","@graph":[{"@type":"Article","@id":"https:\/\/jornalboasnoticias.com.br\/home\/programa-domingo-passe-livre-tera-obrigatoriedade-de-cartao-valesim-a-partir-de-18-de-janeiro-de-2026\/#article","isPartOf":{"@id":"https:\/\/jornalboasnoticias.com.br\/home\/programa-domingo-passe-livre-tera-obrigatoriedade-de-cartao-valesim-a-partir-de-18-de-janeiro-de-2026\/"},"author":{"name":"Luiz Carlos da Cruz","@id":"https:\/\/jornalboasnoticias.com.br\/home\/#\/schema\/person\/75f9ebde398c998c166475fb446bda62"},"headline":"Programa Domingo Passe Livre ter\u00e1 obrigatoriedade de cart\u00e3o ValeSim a partir de 18 de janeiro de 2026","datePublished":"2025-12-17T20:04:48+00:00","mainEntityOfPage":{"@id":"https:\/\/jornalboasnoticias.com.br\/home\/programa-domingo-passe-livre-tera-obrigatoriedade-de-cartao-valesim-a-partir-de-18-de-janeiro-de-2026\/"},"wordCount":402,"commentCount":0,"publisher":{"@id":"https:\/\/jornalboasnoticias.com.br\/home\/#organization"},"image":{"@id":"https:\/\/jornalboasnoticias.com.br\/home\/programa-domingo-passe-livre-tera-obrigatoriedade-de-cartao-valesim-a-partir-de-18-de-janeiro-de-2026\/#primaryimage"},"thumbnailUrl":"https:\/\/jornalboasnoticias.com.br\/home\/wp-content\/uploads\/2025\/12\/WhatsApp-Image-2025-01-03-at-16_43_49-2.jpeg","articleSection":["CASCAVEL"],"inLanguage":"pt-BR","potentialAction":[{"@type":"CommentAction","name":"Comment","target":["https:\/\/jornalboasnoticias.com.br\/home\/programa-domingo-passe-livre-tera-obrigatoriedade-de-cartao-valesim-a-partir-de-18-de-janeiro-de-2026\/#respond"]}]},{"@type":"WebPage","@id":"https:\/\/jornalboasnoticias.com.br\/home\/programa-domingo-passe-livre-tera-obrigatoriedade-de-cartao-valesim-a-partir-de-18-de-janeiro-de-2026\/","url":"https:\/\/jornalboasnoticias.com.br\/home\/programa-domingo-passe-livre-tera-obrigatoriedade-de-cartao-valesim-a-partir-de-18-de-janeiro-de-2026\/","name":"Programa Domingo Passe Livre ter\u00e1 obrigatoriedade de cart\u00e3o ValeSim a partir de 18 de janeiro de 2026 - Jornal","isPartOf":{"@id":"https:\/\/jornalboasnoticias.com.br\/home\/#website"},"primaryImageOfPage":{"@id":"https:\/\/jornalboasnoticias.com.br\/home\/programa-domingo-passe-livre-tera-obrigatoriedade-de-cartao-valesim-a-partir-de-18-de-janeiro-de-2026\/#primaryimage"},"image":{"@id":"https:\/\/jornalboasnoticias.com.br\/home\/programa-domingo-passe-livre-tera-obrigatoriedade-de-cartao-valesim-a-partir-de-18-de-janeiro-de-2026\/#primaryimage"},"thumbnailUrl":"https:\/\/jornalboasnoticias.com.br\/home\/wp-content\/uploads\/2025\/12\/WhatsApp-Image-2025-01-03-at-16_43_49-2.jpeg","datePublished":"2025-12-17T20:04:48+00:00","description":"Programa Domingo Passe Livre ter\u00e1 obrigatoriedade de cart\u00e3o ValeSim a partir de 18 de janeiro de 2026","breadcrumb":{"@id":"https:\/\/jornalboasnoticias.com.br\/home\/programa-domingo-passe-livre-tera-obrigatoriedade-de-cartao-valesim-a-partir-de-18-de-janeiro-de-2026\/#breadcrumb"},"inLanguage":"pt-BR","potentialAction":[{"@type":"ReadAction","target":["https:\/\/jornalboasnoticias.com.br\/home\/programa-domingo-passe-livre-tera-obrigatoriedade-de-cartao-valesim-a-partir-de-18-de-janeiro-de-2026\/"]}]},{"@type":"ImageObject","inLanguage":"pt-BR","@id":"https:\/\/jornalboasnoticias.com.br\/home\/programa-domingo-passe-livre-tera-obrigatoriedade-de-cartao-valesim-a-partir-de-18-de-janeiro-de-2026\/#primaryimage","url":"https:\/\/jornalboasnoticias.com.br\/home\/wp-content\/uploads\/2025\/12\/WhatsApp-Image-2025-01-03-at-16_43_49-2.jpeg","contentUrl":"https:\/\/jornalboasnoticias.com.br\/home\/wp-content\/uploads\/2025\/12\/WhatsApp-Image-2025-01-03-at-16_43_49-2.jpeg","width":987,"height":561,"caption":"Divulga\u00e7\u00e3o"},{"@type":"BreadcrumbList","@id":"https:\/\/jornalboasnoticias.com.br\/home\/programa-domingo-passe-livre-tera-obrigatoriedade-de-cartao-valesim-a-partir-de-18-de-janeiro-de-2026\/#breadcrumb","itemListElement":[{"@type":"ListItem","position":1,"name":"In\u00edcio","item":"https:\/\/jornalboasnoticias.com.br\/home\/"},{"@type":"ListItem","position":2,"name":"Programa Domingo Passe Livre ter\u00e1 obrigatoriedade de cart\u00e3o ValeSim a partir de 18 de janeiro de 2026"}]},{"@type":"WebSite","@id":"https:\/\/jornalboasnoticias.com.br\/home\/#website","url":"https:\/\/jornalboasnoticias.com.br\/home\/","name":"Jornal Boas Not\u00edcias","description":"Boas not\u00edcias","publisher":{"@id":"https:\/\/jornalboasnoticias.com.br\/home\/#organization"},"potentialAction":[{"@type":"SearchAction","target":{"@type":"EntryPoint","urlTemplate":"https:\/\/jornalboasnoticias.com.br\/home\/?s={search_term_string}"},"query-input":{"@type":"PropertyValueSpecification","valueRequired":true,"valueName":"search_term_string"}}],"inLanguage":"pt-BR"},{"@type":"Organization","@id":"https:\/\/jornalboasnoticias.com.br\/home\/#organization","name":"Coq Editora Ltda","alternateName":"Jornal Boas Noticias","url":"https:\/\/jornalboasnoticias.com.br\/home\/","logo":{"@type":"ImageObject","inLanguage":"pt-BR","@id":"https:\/\/jornalboasnoticias.com.br\/home\/#\/schema\/logo\/image\/","url":"https:\/\/jornalboasnoticias.com.br\/home\/wp-content\/uploads\/2024\/07\/cropped-logo.jpg","contentUrl":"https:\/\/jornalboasnoticias.com.br\/home\/wp-content\/uploads\/2024\/07\/cropped-logo.jpg","width":290,"height":142,"caption":"Coq Editora Ltda"},"image":{"@id":"https:\/\/jornalboasnoticias.com.br\/home\/#\/schema\/logo\/image\/"},"sameAs":["https:\/\/www.facebook.com\/boasnoticiasjornal"]},{"@type":"Person","@id":"https:\/\/jornalboasnoticias.com.br\/home\/#\/schema\/person\/75f9ebde398c998c166475fb446bda62","name":"Luiz Carlos da Cruz","image":{"@type":"ImageObject","inLanguage":"pt-BR","@id":"https:\/\/secure.gravatar.com\/avatar\/e6f4f45301b6cb8572f7b076572e8ac11c1db80e805d8c8d0858cf286ce3ac3b?s=96&d=mm&r=g","url":"https:\/\/secure.gravatar.com\/avatar\/e6f4f45301b6cb8572f7b076572e8ac11c1db80e805d8c8d0858cf286ce3ac3b?s=96&d=mm&r=g","contentUrl":"https:\/\/secure.gravatar.com\/avatar\/e6f4f45301b6cb8572f7b076572e8ac11c1db80e805d8c8d0858cf286ce3ac3b?s=96&d=mm&r=g","caption":"Luiz Carlos da Cruz"},"url":"https:\/\/jornalboasnoticias.com.br\/home\/author\/luiz-carlos-da-cruz\/"}]}},"_links":{"self":[{"href":"https:\/\/jornalboasnoticias.com.br\/home\/wp-json\/wp\/v2\/posts\/46942","targetHints":{"allow":["GET"]}}],"collection":[{"href":"https:\/\/jornalboasnoticias.com.br\/home\/wp-json\/wp\/v2\/posts"}],"about":[{"href":"https:\/\/jornalboasnoticias.com.br\/home\/wp-json\/wp\/v2\/types\/post"}],"author":[{"embeddable":true,"href":"https:\/\/jornalboasnoticias.com.br\/home\/wp-json\/wp\/v2\/users\/3"}],"replies":[{"embeddable":true,"href":"https:\/\/jornalboasnoticias.com.br\/home\/wp-json\/wp\/v2\/comments?post=46942"}],"version-history":[{"count":1,"href":"https:\/\/jornalboasnoticias.com.br\/home\/wp-json\/wp\/v2\/posts\/46942\/revisions"}],"predecessor-version":[{"id":46944,"href":"https:\/\/jornalboasnoticias.com.br\/home\/wp-json\/wp\/v2\/posts\/46942\/revisions\/46944"}],"wp:featuredmedia":[{"embeddable":true,"href":"https:\/\/jornalboasnoticias.com.br\/home\/wp-json\/wp\/v2\/media\/46943"}],"wp:attachment":[{"href":"https:\/\/jornalboasnoticias.com.br\/home\/wp-json\/wp\/v2\/media?parent=46942"}],"wp:term":[{"taxonomy":"category","embeddable":true,"href":"https:\/\/jornalboasnoticias.com.br\/home\/wp-json\/wp\/v2\/categories?post=46942"},{"taxonomy":"post_tag","embeddable":true,"href":"https:\/\/jornalboasnoticias.com.br\/home\/wp-json\/wp\/v2\/tags?post=46942"}],"curies":[{"name":"wp","href":"https:\/\/api.w.org\/{rel}","templated":true}]}}