{"id":46939,"date":"2025-12-17T19:55:52","date_gmt":"2025-12-17T19:55:52","guid":{"rendered":"https:\/\/jornalboasnoticias.com.br\/home\/?p=46939"},"modified":"2025-12-17T19:55:52","modified_gmt":"2025-12-17T19:55:52","slug":"aeroporto-regional-de-cascavel-inicia-temporada-de-ferias-com-voos-para-o-nordeste","status":"publish","type":"post","link":"https:\/\/jornalboasnoticias.com.br\/home\/aeroporto-regional-de-cascavel-inicia-temporada-de-ferias-com-voos-para-o-nordeste\/","title":{"rendered":"Aeroporto Regional de Cascavel inicia temporada de f\u00e9rias com voos para o nordeste"},"content":{"rendered":"<blockquote>\n<p style=\"text-align: center;\">Cascavel agora conta com voos diretos para Porto Seguro e Jo\u00e3o Pessoa, al\u00e9m da rota j\u00e1 consolidada at\u00e9 Macei\u00f3<\/p>\n<\/blockquote>\n<p><img loading=\"lazy\" decoding=\"async\" class=\"alignnone size-full wp-image-46940\" src=\"https:\/\/jornalboasnoticias.com.br\/home\/wp-content\/uploads\/2025\/12\/WhatsApp-Image-2025-07-25-at-15_38_31-1-1-1.jpeg\" alt=\"\" width=\"1600\" height=\"1067\" srcset=\"https:\/\/jornalboasnoticias.com.br\/home\/wp-content\/uploads\/2025\/12\/WhatsApp-Image-2025-07-25-at-15_38_31-1-1-1.jpeg 1600w, https:\/\/jornalboasnoticias.com.br\/home\/wp-content\/uploads\/2025\/12\/WhatsApp-Image-2025-07-25-at-15_38_31-1-1-1-300x200.jpeg 300w, https:\/\/jornalboasnoticias.com.br\/home\/wp-content\/uploads\/2025\/12\/WhatsApp-Image-2025-07-25-at-15_38_31-1-1-1-1024x683.jpeg 1024w, https:\/\/jornalboasnoticias.com.br\/home\/wp-content\/uploads\/2025\/12\/WhatsApp-Image-2025-07-25-at-15_38_31-1-1-1-768x512.jpeg 768w, https:\/\/jornalboasnoticias.com.br\/home\/wp-content\/uploads\/2025\/12\/WhatsApp-Image-2025-07-25-at-15_38_31-1-1-1-1536x1024.jpeg 1536w, https:\/\/jornalboasnoticias.com.br\/home\/wp-content\/uploads\/2025\/12\/WhatsApp-Image-2025-07-25-at-15_38_31-1-1-1-900x600.jpeg 900w\" sizes=\"auto, (max-width: 1600px) 100vw, 1600px\" \/>Refer\u00eancia na malha vi\u00e1ria, o Aeroporto Regional de Cascavel segue voando mais alto e deu o start \u00e0 temporada de f\u00e9rias de ver\u00e3o, com mais op\u00e7\u00f5es de voos saindo do Munic\u00edpio.<\/p>\n<p>Al\u00e9m dos j\u00e1 cotidianos voos para Curitiba, Campinas e Guarulhos, agora somam-se as rotas, os destinos de Porto Seguro, na Bahia, Jo\u00e3o Pessoa, na Para\u00edba, al\u00e9m da j\u00e1 tradicional rota at\u00e9 Macei\u00f3, em Alagoas. Uma conex\u00e3o direta para o litoral do nordeste brasileiro.<\/p>\n<p>Os novos voos s\u00e3o da Companhia A\u00e9rea Azul e j\u00e1 come\u00e7aram a operar deste domingo (14) e seguem at\u00e9 o dia 8 de fevereiro de 2026.<\/p>\n<p>Em 2025, mais de 449 mil passageiros j\u00e1 passaram pelo aeroporto, \u00a0um novo recorde, ante a 408 mil de todo o ano de 2025,o que demonstra demonstra o crescimento da avia\u00e7\u00e3o no interior do Paran\u00e1. E agora com voos diretos para tr\u00eas grandes cidades do Nordeste, Cascavel amplia ainda mais sua conectividade com o resto do territ\u00f3rio nacional.<\/p>\n<p>O crescimento do aeroporto vem acompanhado de investimentos. J\u00e1 est\u00e3o garantidas melhorias na infraestrutura, incluindo obras no taxiway, al\u00e9m de atualiza\u00e7\u00e3o no sistema de balizamento e sinaliza\u00e7\u00e3o da pista.<\/p>\n<p>Com investimentos, o Aeroporto Regional \u00e9 hoje um ponto de conex\u00e3o cada vez mais importante, aproximando a Cascavel de todo o Brasil, e se consolida como rota de neg\u00f3cios, de lazer e de turismo.<\/p>\n<p><em>Prefeitura de Cascavel<\/em><\/p>\n<p>&nbsp;<\/p>\n","protected":false},"excerpt":{"rendered":"<p>Cascavel agora conta com voos diretos para Porto Seguro e Jo\u00e3o Pessoa, al\u00e9m da rota<\/p>\n","protected":false},"author":3,"featured_media":46940,"comment_status":"open","ping_status":"open","sticky":false,"template":"","format":"standard","meta":{"footnotes":""},"categories":[2,3],"tags":[],"class_list":["post-46939","post","type-post","status-publish","format-standard","has-post-thumbnail","hentry","category-cascavel","category-destaques"],"yoast_head":"<!-- This site is optimized with the Yoast SEO plugin v27.5 - https:\/\/yoast.com\/product\/yoast-seo-wordpress\/ -->\n<title>Aeroporto Regional de Cascavel inicia temporada de f\u00e9rias com voos para o nordeste - Jornal<\/title>\n<meta name=\"description\" content=\"Aeroporto Regional de Cascavel inicia temporada de f\u00e9rias com voos para o nordeste\" \/>\n<meta name=\"robots\" content=\"index, follow, max-snippet:-1, max-image-preview:large, max-video-preview:-1\" \/>\n<link rel=\"canonical\" href=\"https:\/\/jornalboasnoticias.com.br\/home\/aeroporto-regional-de-cascavel-inicia-temporada-de-ferias-com-voos-para-o-nordeste\/\" \/>\n<meta property=\"og:locale\" content=\"pt_BR\" \/>\n<meta property=\"og:type\" content=\"article\" \/>\n<meta property=\"og:title\" content=\"Aeroporto Regional de Cascavel inicia temporada de f\u00e9rias com voos para o nordeste - Jornal\" \/>\n<meta property=\"og:description\" content=\"Aeroporto Regional de Cascavel inicia temporada de f\u00e9rias com voos para o nordeste\" \/>\n<meta property=\"og:url\" content=\"https:\/\/jornalboasnoticias.com.br\/home\/aeroporto-regional-de-cascavel-inicia-temporada-de-ferias-com-voos-para-o-nordeste\/\" \/>\n<meta property=\"og:site_name\" content=\"Jornal\" \/>\n<meta property=\"article:publisher\" content=\"https:\/\/www.facebook.com\/boasnoticiasjornal\" \/>\n<meta property=\"article:published_time\" content=\"2025-12-17T19:55:52+00:00\" \/>\n<meta property=\"og:image\" content=\"https:\/\/jornalboasnoticias.com.br\/home\/wp-content\/uploads\/2025\/12\/WhatsApp-Image-2025-07-25-at-15_38_31-1-1-1.jpeg\" \/>\n\t<meta property=\"og:image:width\" content=\"1600\" \/>\n\t<meta property=\"og:image:height\" content=\"1067\" \/>\n\t<meta property=\"og:image:type\" content=\"image\/jpeg\" \/>\n<meta name=\"author\" content=\"Luiz Carlos da Cruz\" \/>\n<meta name=\"twitter:card\" content=\"summary_large_image\" \/>\n<meta name=\"twitter:label1\" content=\"Escrito por\" \/>\n\t<meta name=\"twitter:data1\" content=\"Luiz Carlos da Cruz\" \/>\n\t<meta name=\"twitter:label2\" content=\"Est. tempo de leitura\" \/>\n\t<meta name=\"twitter:data2\" content=\"2 minutos\" \/>\n<script type=\"application\/ld+json\" class=\"yoast-schema-graph\">{\"@context\":\"https:\\\/\\\/schema.org\",\"@graph\":[{\"@type\":\"Article\",\"@id\":\"https:\\\/\\\/jornalboasnoticias.com.br\\\/home\\\/aeroporto-regional-de-cascavel-inicia-temporada-de-ferias-com-voos-para-o-nordeste\\\/#article\",\"isPartOf\":{\"@id\":\"https:\\\/\\\/jornalboasnoticias.com.br\\\/home\\\/aeroporto-regional-de-cascavel-inicia-temporada-de-ferias-com-voos-para-o-nordeste\\\/\"},\"author\":{\"name\":\"Luiz Carlos da Cruz\",\"@id\":\"https:\\\/\\\/jornalboasnoticias.com.br\\\/home\\\/#\\\/schema\\\/person\\\/75f9ebde398c998c166475fb446bda62\"},\"headline\":\"Aeroporto Regional de Cascavel inicia temporada de f\u00e9rias com voos para o nordeste\",\"datePublished\":\"2025-12-17T19:55:52+00:00\",\"mainEntityOfPage\":{\"@id\":\"https:\\\/\\\/jornalboasnoticias.com.br\\\/home\\\/aeroporto-regional-de-cascavel-inicia-temporada-de-ferias-com-voos-para-o-nordeste\\\/\"},\"wordCount\":275,\"commentCount\":0,\"publisher\":{\"@id\":\"https:\\\/\\\/jornalboasnoticias.com.br\\\/home\\\/#organization\"},\"image\":{\"@id\":\"https:\\\/\\\/jornalboasnoticias.com.br\\\/home\\\/aeroporto-regional-de-cascavel-inicia-temporada-de-ferias-com-voos-para-o-nordeste\\\/#primaryimage\"},\"thumbnailUrl\":\"https:\\\/\\\/jornalboasnoticias.com.br\\\/home\\\/wp-content\\\/uploads\\\/2025\\\/12\\\/WhatsApp-Image-2025-07-25-at-15_38_31-1-1-1.jpeg\",\"articleSection\":[\"CASCAVEL\",\"DESTAQUE\"],\"inLanguage\":\"pt-BR\",\"potentialAction\":[{\"@type\":\"CommentAction\",\"name\":\"Comment\",\"target\":[\"https:\\\/\\\/jornalboasnoticias.com.br\\\/home\\\/aeroporto-regional-de-cascavel-inicia-temporada-de-ferias-com-voos-para-o-nordeste\\\/#respond\"]}]},{\"@type\":\"WebPage\",\"@id\":\"https:\\\/\\\/jornalboasnoticias.com.br\\\/home\\\/aeroporto-regional-de-cascavel-inicia-temporada-de-ferias-com-voos-para-o-nordeste\\\/\",\"url\":\"https:\\\/\\\/jornalboasnoticias.com.br\\\/home\\\/aeroporto-regional-de-cascavel-inicia-temporada-de-ferias-com-voos-para-o-nordeste\\\/\",\"name\":\"Aeroporto Regional de Cascavel inicia temporada de f\u00e9rias com voos para o nordeste - Jornal\",\"isPartOf\":{\"@id\":\"https:\\\/\\\/jornalboasnoticias.com.br\\\/home\\\/#website\"},\"primaryImageOfPage\":{\"@id\":\"https:\\\/\\\/jornalboasnoticias.com.br\\\/home\\\/aeroporto-regional-de-cascavel-inicia-temporada-de-ferias-com-voos-para-o-nordeste\\\/#primaryimage\"},\"image\":{\"@id\":\"https:\\\/\\\/jornalboasnoticias.com.br\\\/home\\\/aeroporto-regional-de-cascavel-inicia-temporada-de-ferias-com-voos-para-o-nordeste\\\/#primaryimage\"},\"thumbnailUrl\":\"https:\\\/\\\/jornalboasnoticias.com.br\\\/home\\\/wp-content\\\/uploads\\\/2025\\\/12\\\/WhatsApp-Image-2025-07-25-at-15_38_31-1-1-1.jpeg\",\"datePublished\":\"2025-12-17T19:55:52+00:00\",\"description\":\"Aeroporto Regional de Cascavel inicia temporada de f\u00e9rias com voos para o nordeste\",\"breadcrumb\":{\"@id\":\"https:\\\/\\\/jornalboasnoticias.com.br\\\/home\\\/aeroporto-regional-de-cascavel-inicia-temporada-de-ferias-com-voos-para-o-nordeste\\\/#breadcrumb\"},\"inLanguage\":\"pt-BR\",\"potentialAction\":[{\"@type\":\"ReadAction\",\"target\":[\"https:\\\/\\\/jornalboasnoticias.com.br\\\/home\\\/aeroporto-regional-de-cascavel-inicia-temporada-de-ferias-com-voos-para-o-nordeste\\\/\"]}]},{\"@type\":\"ImageObject\",\"inLanguage\":\"pt-BR\",\"@id\":\"https:\\\/\\\/jornalboasnoticias.com.br\\\/home\\\/aeroporto-regional-de-cascavel-inicia-temporada-de-ferias-com-voos-para-o-nordeste\\\/#primaryimage\",\"url\":\"https:\\\/\\\/jornalboasnoticias.com.br\\\/home\\\/wp-content\\\/uploads\\\/2025\\\/12\\\/WhatsApp-Image-2025-07-25-at-15_38_31-1-1-1.jpeg\",\"contentUrl\":\"https:\\\/\\\/jornalboasnoticias.com.br\\\/home\\\/wp-content\\\/uploads\\\/2025\\\/12\\\/WhatsApp-Image-2025-07-25-at-15_38_31-1-1-1.jpeg\",\"width\":1600,\"height\":1067},{\"@type\":\"BreadcrumbList\",\"@id\":\"https:\\\/\\\/jornalboasnoticias.com.br\\\/home\\\/aeroporto-regional-de-cascavel-inicia-temporada-de-ferias-com-voos-para-o-nordeste\\\/#breadcrumb\",\"itemListElement\":[{\"@type\":\"ListItem\",\"position\":1,\"name\":\"In\u00edcio\",\"item\":\"https:\\\/\\\/jornalboasnoticias.com.br\\\/home\\\/\"},{\"@type\":\"ListItem\",\"position\":2,\"name\":\"Aeroporto Regional de Cascavel inicia temporada de f\u00e9rias com voos para o nordeste\"}]},{\"@type\":\"WebSite\",\"@id\":\"https:\\\/\\\/jornalboasnoticias.com.br\\\/home\\\/#website\",\"url\":\"https:\\\/\\\/jornalboasnoticias.com.br\\\/home\\\/\",\"name\":\"Jornal Boas Not\u00edcias\",\"description\":\"Boas not\u00edcias\",\"publisher\":{\"@id\":\"https:\\\/\\\/jornalboasnoticias.com.br\\\/home\\\/#organization\"},\"potentialAction\":[{\"@type\":\"SearchAction\",\"target\":{\"@type\":\"EntryPoint\",\"urlTemplate\":\"https:\\\/\\\/jornalboasnoticias.com.br\\\/home\\\/?s={search_term_string}\"},\"query-input\":{\"@type\":\"PropertyValueSpecification\",\"valueRequired\":true,\"valueName\":\"search_term_string\"}}],\"inLanguage\":\"pt-BR\"},{\"@type\":\"Organization\",\"@id\":\"https:\\\/\\\/jornalboasnoticias.com.br\\\/home\\\/#organization\",\"name\":\"Coq Editora Ltda\",\"alternateName\":\"Jornal Boas Noticias\",\"url\":\"https:\\\/\\\/jornalboasnoticias.com.br\\\/home\\\/\",\"logo\":{\"@type\":\"ImageObject\",\"inLanguage\":\"pt-BR\",\"@id\":\"https:\\\/\\\/jornalboasnoticias.com.br\\\/home\\\/#\\\/schema\\\/logo\\\/image\\\/\",\"url\":\"https:\\\/\\\/jornalboasnoticias.com.br\\\/home\\\/wp-content\\\/uploads\\\/2024\\\/07\\\/cropped-logo.jpg\",\"contentUrl\":\"https:\\\/\\\/jornalboasnoticias.com.br\\\/home\\\/wp-content\\\/uploads\\\/2024\\\/07\\\/cropped-logo.jpg\",\"width\":290,\"height\":142,\"caption\":\"Coq Editora Ltda\"},\"image\":{\"@id\":\"https:\\\/\\\/jornalboasnoticias.com.br\\\/home\\\/#\\\/schema\\\/logo\\\/image\\\/\"},\"sameAs\":[\"https:\\\/\\\/www.facebook.com\\\/boasnoticiasjornal\"]},{\"@type\":\"Person\",\"@id\":\"https:\\\/\\\/jornalboasnoticias.com.br\\\/home\\\/#\\\/schema\\\/person\\\/75f9ebde398c998c166475fb446bda62\",\"name\":\"Luiz Carlos da Cruz\",\"image\":{\"@type\":\"ImageObject\",\"inLanguage\":\"pt-BR\",\"@id\":\"https:\\\/\\\/secure.gravatar.com\\\/avatar\\\/e6f4f45301b6cb8572f7b076572e8ac11c1db80e805d8c8d0858cf286ce3ac3b?s=96&d=mm&r=g\",\"url\":\"https:\\\/\\\/secure.gravatar.com\\\/avatar\\\/e6f4f45301b6cb8572f7b076572e8ac11c1db80e805d8c8d0858cf286ce3ac3b?s=96&d=mm&r=g\",\"contentUrl\":\"https:\\\/\\\/secure.gravatar.com\\\/avatar\\\/e6f4f45301b6cb8572f7b076572e8ac11c1db80e805d8c8d0858cf286ce3ac3b?s=96&d=mm&r=g\",\"caption\":\"Luiz Carlos da Cruz\"},\"url\":\"https:\\\/\\\/jornalboasnoticias.com.br\\\/home\\\/author\\\/luiz-carlos-da-cruz\\\/\"}]}<\/script>\n<!-- \/ Yoast SEO plugin. -->","yoast_head_json":{"title":"Aeroporto Regional de Cascavel inicia temporada de f\u00e9rias com voos para o nordeste - Jornal","description":"Aeroporto Regional de Cascavel inicia temporada de f\u00e9rias com voos para o nordeste","robots":{"index":"index","follow":"follow","max-snippet":"max-snippet:-1","max-image-preview":"max-image-preview:large","max-video-preview":"max-video-preview:-1"},"canonical":"https:\/\/jornalboasnoticias.com.br\/home\/aeroporto-regional-de-cascavel-inicia-temporada-de-ferias-com-voos-para-o-nordeste\/","og_locale":"pt_BR","og_type":"article","og_title":"Aeroporto Regional de Cascavel inicia temporada de f\u00e9rias com voos para o nordeste - Jornal","og_description":"Aeroporto Regional de Cascavel inicia temporada de f\u00e9rias com voos para o nordeste","og_url":"https:\/\/jornalboasnoticias.com.br\/home\/aeroporto-regional-de-cascavel-inicia-temporada-de-ferias-com-voos-para-o-nordeste\/","og_site_name":"Jornal","article_publisher":"https:\/\/www.facebook.com\/boasnoticiasjornal","article_published_time":"2025-12-17T19:55:52+00:00","og_image":[{"width":1600,"height":1067,"url":"https:\/\/jornalboasnoticias.com.br\/home\/wp-content\/uploads\/2025\/12\/WhatsApp-Image-2025-07-25-at-15_38_31-1-1-1.jpeg","type":"image\/jpeg"}],"author":"Luiz Carlos da Cruz","twitter_card":"summary_large_image","twitter_misc":{"Escrito por":"Luiz Carlos da Cruz","Est. tempo de leitura":"2 minutos"},"schema":{"@context":"https:\/\/schema.org","@graph":[{"@type":"Article","@id":"https:\/\/jornalboasnoticias.com.br\/home\/aeroporto-regional-de-cascavel-inicia-temporada-de-ferias-com-voos-para-o-nordeste\/#article","isPartOf":{"@id":"https:\/\/jornalboasnoticias.com.br\/home\/aeroporto-regional-de-cascavel-inicia-temporada-de-ferias-com-voos-para-o-nordeste\/"},"author":{"name":"Luiz Carlos da Cruz","@id":"https:\/\/jornalboasnoticias.com.br\/home\/#\/schema\/person\/75f9ebde398c998c166475fb446bda62"},"headline":"Aeroporto Regional de Cascavel inicia temporada de f\u00e9rias com voos para o nordeste","datePublished":"2025-12-17T19:55:52+00:00","mainEntityOfPage":{"@id":"https:\/\/jornalboasnoticias.com.br\/home\/aeroporto-regional-de-cascavel-inicia-temporada-de-ferias-com-voos-para-o-nordeste\/"},"wordCount":275,"commentCount":0,"publisher":{"@id":"https:\/\/jornalboasnoticias.com.br\/home\/#organization"},"image":{"@id":"https:\/\/jornalboasnoticias.com.br\/home\/aeroporto-regional-de-cascavel-inicia-temporada-de-ferias-com-voos-para-o-nordeste\/#primaryimage"},"thumbnailUrl":"https:\/\/jornalboasnoticias.com.br\/home\/wp-content\/uploads\/2025\/12\/WhatsApp-Image-2025-07-25-at-15_38_31-1-1-1.jpeg","articleSection":["CASCAVEL","DESTAQUE"],"inLanguage":"pt-BR","potentialAction":[{"@type":"CommentAction","name":"Comment","target":["https:\/\/jornalboasnoticias.com.br\/home\/aeroporto-regional-de-cascavel-inicia-temporada-de-ferias-com-voos-para-o-nordeste\/#respond"]}]},{"@type":"WebPage","@id":"https:\/\/jornalboasnoticias.com.br\/home\/aeroporto-regional-de-cascavel-inicia-temporada-de-ferias-com-voos-para-o-nordeste\/","url":"https:\/\/jornalboasnoticias.com.br\/home\/aeroporto-regional-de-cascavel-inicia-temporada-de-ferias-com-voos-para-o-nordeste\/","name":"Aeroporto Regional de Cascavel inicia temporada de f\u00e9rias com voos para o nordeste - Jornal","isPartOf":{"@id":"https:\/\/jornalboasnoticias.com.br\/home\/#website"},"primaryImageOfPage":{"@id":"https:\/\/jornalboasnoticias.com.br\/home\/aeroporto-regional-de-cascavel-inicia-temporada-de-ferias-com-voos-para-o-nordeste\/#primaryimage"},"image":{"@id":"https:\/\/jornalboasnoticias.com.br\/home\/aeroporto-regional-de-cascavel-inicia-temporada-de-ferias-com-voos-para-o-nordeste\/#primaryimage"},"thumbnailUrl":"https:\/\/jornalboasnoticias.com.br\/home\/wp-content\/uploads\/2025\/12\/WhatsApp-Image-2025-07-25-at-15_38_31-1-1-1.jpeg","datePublished":"2025-12-17T19:55:52+00:00","description":"Aeroporto Regional de Cascavel inicia temporada de f\u00e9rias com voos para o nordeste","breadcrumb":{"@id":"https:\/\/jornalboasnoticias.com.br\/home\/aeroporto-regional-de-cascavel-inicia-temporada-de-ferias-com-voos-para-o-nordeste\/#breadcrumb"},"inLanguage":"pt-BR","potentialAction":[{"@type":"ReadAction","target":["https:\/\/jornalboasnoticias.com.br\/home\/aeroporto-regional-de-cascavel-inicia-temporada-de-ferias-com-voos-para-o-nordeste\/"]}]},{"@type":"ImageObject","inLanguage":"pt-BR","@id":"https:\/\/jornalboasnoticias.com.br\/home\/aeroporto-regional-de-cascavel-inicia-temporada-de-ferias-com-voos-para-o-nordeste\/#primaryimage","url":"https:\/\/jornalboasnoticias.com.br\/home\/wp-content\/uploads\/2025\/12\/WhatsApp-Image-2025-07-25-at-15_38_31-1-1-1.jpeg","contentUrl":"https:\/\/jornalboasnoticias.com.br\/home\/wp-content\/uploads\/2025\/12\/WhatsApp-Image-2025-07-25-at-15_38_31-1-1-1.jpeg","width":1600,"height":1067},{"@type":"BreadcrumbList","@id":"https:\/\/jornalboasnoticias.com.br\/home\/aeroporto-regional-de-cascavel-inicia-temporada-de-ferias-com-voos-para-o-nordeste\/#breadcrumb","itemListElement":[{"@type":"ListItem","position":1,"name":"In\u00edcio","item":"https:\/\/jornalboasnoticias.com.br\/home\/"},{"@type":"ListItem","position":2,"name":"Aeroporto Regional de Cascavel inicia temporada de f\u00e9rias com voos para o nordeste"}]},{"@type":"WebSite","@id":"https:\/\/jornalboasnoticias.com.br\/home\/#website","url":"https:\/\/jornalboasnoticias.com.br\/home\/","name":"Jornal Boas Not\u00edcias","description":"Boas not\u00edcias","publisher":{"@id":"https:\/\/jornalboasnoticias.com.br\/home\/#organization"},"potentialAction":[{"@type":"SearchAction","target":{"@type":"EntryPoint","urlTemplate":"https:\/\/jornalboasnoticias.com.br\/home\/?s={search_term_string}"},"query-input":{"@type":"PropertyValueSpecification","valueRequired":true,"valueName":"search_term_string"}}],"inLanguage":"pt-BR"},{"@type":"Organization","@id":"https:\/\/jornalboasnoticias.com.br\/home\/#organization","name":"Coq Editora Ltda","alternateName":"Jornal Boas Noticias","url":"https:\/\/jornalboasnoticias.com.br\/home\/","logo":{"@type":"ImageObject","inLanguage":"pt-BR","@id":"https:\/\/jornalboasnoticias.com.br\/home\/#\/schema\/logo\/image\/","url":"https:\/\/jornalboasnoticias.com.br\/home\/wp-content\/uploads\/2024\/07\/cropped-logo.jpg","contentUrl":"https:\/\/jornalboasnoticias.com.br\/home\/wp-content\/uploads\/2024\/07\/cropped-logo.jpg","width":290,"height":142,"caption":"Coq Editora Ltda"},"image":{"@id":"https:\/\/jornalboasnoticias.com.br\/home\/#\/schema\/logo\/image\/"},"sameAs":["https:\/\/www.facebook.com\/boasnoticiasjornal"]},{"@type":"Person","@id":"https:\/\/jornalboasnoticias.com.br\/home\/#\/schema\/person\/75f9ebde398c998c166475fb446bda62","name":"Luiz Carlos da Cruz","image":{"@type":"ImageObject","inLanguage":"pt-BR","@id":"https:\/\/secure.gravatar.com\/avatar\/e6f4f45301b6cb8572f7b076572e8ac11c1db80e805d8c8d0858cf286ce3ac3b?s=96&d=mm&r=g","url":"https:\/\/secure.gravatar.com\/avatar\/e6f4f45301b6cb8572f7b076572e8ac11c1db80e805d8c8d0858cf286ce3ac3b?s=96&d=mm&r=g","contentUrl":"https:\/\/secure.gravatar.com\/avatar\/e6f4f45301b6cb8572f7b076572e8ac11c1db80e805d8c8d0858cf286ce3ac3b?s=96&d=mm&r=g","caption":"Luiz Carlos da Cruz"},"url":"https:\/\/jornalboasnoticias.com.br\/home\/author\/luiz-carlos-da-cruz\/"}]}},"_links":{"self":[{"href":"https:\/\/jornalboasnoticias.com.br\/home\/wp-json\/wp\/v2\/posts\/46939","targetHints":{"allow":["GET"]}}],"collection":[{"href":"https:\/\/jornalboasnoticias.com.br\/home\/wp-json\/wp\/v2\/posts"}],"about":[{"href":"https:\/\/jornalboasnoticias.com.br\/home\/wp-json\/wp\/v2\/types\/post"}],"author":[{"embeddable":true,"href":"https:\/\/jornalboasnoticias.com.br\/home\/wp-json\/wp\/v2\/users\/3"}],"replies":[{"embeddable":true,"href":"https:\/\/jornalboasnoticias.com.br\/home\/wp-json\/wp\/v2\/comments?post=46939"}],"version-history":[{"count":1,"href":"https:\/\/jornalboasnoticias.com.br\/home\/wp-json\/wp\/v2\/posts\/46939\/revisions"}],"predecessor-version":[{"id":46941,"href":"https:\/\/jornalboasnoticias.com.br\/home\/wp-json\/wp\/v2\/posts\/46939\/revisions\/46941"}],"wp:featuredmedia":[{"embeddable":true,"href":"https:\/\/jornalboasnoticias.com.br\/home\/wp-json\/wp\/v2\/media\/46940"}],"wp:attachment":[{"href":"https:\/\/jornalboasnoticias.com.br\/home\/wp-json\/wp\/v2\/media?parent=46939"}],"wp:term":[{"taxonomy":"category","embeddable":true,"href":"https:\/\/jornalboasnoticias.com.br\/home\/wp-json\/wp\/v2\/categories?post=46939"},{"taxonomy":"post_tag","embeddable":true,"href":"https:\/\/jornalboasnoticias.com.br\/home\/wp-json\/wp\/v2\/tags?post=46939"}],"curies":[{"name":"wp","href":"https:\/\/api.w.org\/{rel}","templated":true}]}}