{"id":46931,"date":"2025-12-17T16:02:09","date_gmt":"2025-12-17T16:02:09","guid":{"rendered":"https:\/\/jornalboasnoticias.com.br\/home\/?p=46931"},"modified":"2025-12-17T16:02:09","modified_gmt":"2025-12-17T16:02:09","slug":"escolas-de-joao-pessoa-podem-ter-pastores-como-capelaes","status":"publish","type":"post","link":"https:\/\/jornalboasnoticias.com.br\/home\/escolas-de-joao-pessoa-podem-ter-pastores-como-capelaes\/","title":{"rendered":"Escolas de Jo\u00e3o Pessoa podem ter pastores como capel\u00e3es"},"content":{"rendered":"<blockquote>\n<p style=\"text-align: center;\"><em>A norma foi publicada oficialmente em 9 de dezembro e passa a integrar a legisla\u00e7\u00e3o educacional do munic\u00edpio.<\/em><\/p>\n<\/blockquote>\n<figure id=\"attachment_46932\" aria-describedby=\"caption-attachment-46932\" style=\"width: 900px\" class=\"wp-caption alignnone\"><img loading=\"lazy\" decoding=\"async\" class=\"size-full wp-image-46932\" src=\"https:\/\/jornalboasnoticias.com.br\/home\/wp-content\/uploads\/2025\/12\/escola-anayde-beiriz-a-maior-da-rede-municipal-de-joao-pessoa-1765400748979_v2_900x506.jpg.webp\" alt=\"\" width=\"900\" height=\"506\" srcset=\"https:\/\/jornalboasnoticias.com.br\/home\/wp-content\/uploads\/2025\/12\/escola-anayde-beiriz-a-maior-da-rede-municipal-de-joao-pessoa-1765400748979_v2_900x506.jpg.webp 900w, https:\/\/jornalboasnoticias.com.br\/home\/wp-content\/uploads\/2025\/12\/escola-anayde-beiriz-a-maior-da-rede-municipal-de-joao-pessoa-1765400748979_v2_900x506.jpg-300x169.webp 300w, https:\/\/jornalboasnoticias.com.br\/home\/wp-content\/uploads\/2025\/12\/escola-anayde-beiriz-a-maior-da-rede-municipal-de-joao-pessoa-1765400748979_v2_900x506.jpg-768x432.webp 768w\" sizes=\"auto, (max-width: 900px) 100vw, 900px\" \/><figcaption id=\"caption-attachment-46932\" class=\"wp-caption-text\">Imagem: Prefeitura de Jo\u00e3o Pessoa\/Divulga\u00e7\u00e3o<\/figcaption><\/figure>\n<p>A C\u00e2mara Municipal de Jo\u00e3o Pessoa aprovou, e a Prefeitura sancionou, uma lei que autoriza a atua\u00e7\u00e3o de capel\u00e3es volunt\u00e1rios \u2014 como pastores e outros representantes religiosos \u2014 nas escolas da rede municipal de ensino. A norma foi publicada oficialmente em 9 de dezembro e passa a integrar a legisla\u00e7\u00e3o educacional do munic\u00edpio.<\/p>\n<p>De acordo com o texto legal, a iniciativa tem como finalidade oferecer apoio espiritual e emocional a estudantes e profissionais da educa\u00e7\u00e3o durante o hor\u00e1rio escolar. A proposta \u00e9 de autoria do vereador Carl\u00e3o pelo Bem (PL) e foi sancionada pelo prefeito C\u00edcero Lucena (MDB). A lei estabelece que a participa\u00e7\u00e3o dos capel\u00e3es ser\u00e1 opcional e n\u00e3o poder\u00e1 interferir nas atividades pedag\u00f3gicas das unidades de ensino.<\/p>\n<p>O texto da legisla\u00e7\u00e3o tamb\u00e9m afirma que a medida deve respeitar a diversidade religiosa presente no ambiente escolar. Fica vedada qualquer pr\u00e1tica de proselitismo ou imposi\u00e7\u00e3o de cren\u00e7as, preservando o car\u00e1ter volunt\u00e1rio do atendimento e a liberdade de consci\u00eancia dos alunos, servidores e fam\u00edlias.<\/p>\n<h3>Crit\u00e9rios e funcionamento<\/h3>\n<p>Para atuar como capel\u00e3o volunt\u00e1rio na rede municipal, o interessado dever\u00e1 comprovar v\u00ednculo m\u00ednimo de cinco anos com uma institui\u00e7\u00e3o religiosa reconhecida no munic\u00edpio. Al\u00e9m disso, os volunt\u00e1rios dever\u00e3o seguir as diretrizes da Secretaria Municipal de Educa\u00e7\u00e3o, \u00f3rg\u00e3o respons\u00e1vel por coordenar, acompanhar e fiscalizar as atividades desenvolvidas nas escolas.<\/p>\n<p>A legisla\u00e7\u00e3o tamb\u00e9m abre a possibilidade de ades\u00e3o por parte de escolas privadas, desde que a presen\u00e7a de padres, pastores ou outros l\u00edderes religiosos seja solicitada formalmente por pais ou respons\u00e1veis. Nesses casos, a atua\u00e7\u00e3o seguir\u00e1 os mesmos princ\u00edpios de voluntariedade e respeito ao ambiente educacional.<\/p>\n<p>Segundo a lei, o atendimento ocorrer\u00e1 conforme a demanda de cada escola, sempre sob a supervis\u00e3o da dire\u00e7\u00e3o e da equipe pedag\u00f3gica, de forma integrada \u00e0 rotina escolar e sem preju\u00edzo ao curr\u00edculo oficial.<\/p>\n<p>Ao justificar a proposta, o vereador Carl\u00e3o pelo Bem afirmou que o projeto parte do entendimento de que aspectos emocionais e espirituais influenciam o desempenho acad\u00eamico e o bem-estar da comunidade escolar. Para o parlamentar, experi\u00eancias semelhantes em outros munic\u00edpios e estados brasileiros indicam resultados positivos no apoio a alunos e profissionais da educa\u00e7\u00e3o.<\/p>\n<p><em>Gospel Prime<\/em><\/p>\n","protected":false},"excerpt":{"rendered":"<p>A norma foi publicada oficialmente em 9 de dezembro e passa a integrar a legisla\u00e7\u00e3o<\/p>\n","protected":false},"author":3,"featured_media":46932,"comment_status":"open","ping_status":"open","sticky":false,"template":"","format":"standard","meta":{"footnotes":""},"categories":[6],"tags":[],"class_list":["post-46931","post","type-post","status-publish","format-standard","has-post-thumbnail","hentry","category-brasil"],"yoast_head":"<!-- This site is optimized with the Yoast SEO plugin v27.5 - https:\/\/yoast.com\/product\/yoast-seo-wordpress\/ -->\n<title>Escolas de Jo\u00e3o Pessoa podem ter pastores como capel\u00e3es - Jornal<\/title>\n<meta name=\"description\" content=\"Escolas de Jo\u00e3o Pessoa podem ter pastores como capel\u00e3es\" \/>\n<meta name=\"robots\" content=\"index, follow, max-snippet:-1, max-image-preview:large, max-video-preview:-1\" \/>\n<link rel=\"canonical\" href=\"https:\/\/jornalboasnoticias.com.br\/home\/escolas-de-joao-pessoa-podem-ter-pastores-como-capelaes\/\" \/>\n<meta property=\"og:locale\" content=\"pt_BR\" \/>\n<meta property=\"og:type\" content=\"article\" \/>\n<meta property=\"og:title\" content=\"Escolas de Jo\u00e3o Pessoa podem ter pastores como capel\u00e3es - Jornal\" \/>\n<meta property=\"og:description\" content=\"Escolas de Jo\u00e3o Pessoa podem ter pastores como capel\u00e3es\" \/>\n<meta property=\"og:url\" content=\"https:\/\/jornalboasnoticias.com.br\/home\/escolas-de-joao-pessoa-podem-ter-pastores-como-capelaes\/\" \/>\n<meta property=\"og:site_name\" content=\"Jornal\" \/>\n<meta property=\"article:publisher\" content=\"https:\/\/www.facebook.com\/boasnoticiasjornal\" \/>\n<meta property=\"article:published_time\" content=\"2025-12-17T16:02:09+00:00\" \/>\n<meta property=\"og:image\" content=\"https:\/\/jornalboasnoticias.com.br\/home\/wp-content\/uploads\/2025\/12\/escola-anayde-beiriz-a-maior-da-rede-municipal-de-joao-pessoa-1765400748979_v2_900x506.jpg.webp\" \/>\n\t<meta property=\"og:image:width\" content=\"900\" \/>\n\t<meta property=\"og:image:height\" content=\"506\" \/>\n\t<meta property=\"og:image:type\" content=\"image\/webp\" \/>\n<meta name=\"author\" content=\"Luiz Carlos da Cruz\" \/>\n<meta name=\"twitter:card\" content=\"summary_large_image\" \/>\n<meta name=\"twitter:label1\" content=\"Escrito por\" \/>\n\t<meta name=\"twitter:data1\" content=\"Luiz Carlos da Cruz\" \/>\n\t<meta name=\"twitter:label2\" content=\"Est. tempo de leitura\" \/>\n\t<meta name=\"twitter:data2\" content=\"3 minutos\" \/>\n<script type=\"application\/ld+json\" class=\"yoast-schema-graph\">{\"@context\":\"https:\\\/\\\/schema.org\",\"@graph\":[{\"@type\":\"Article\",\"@id\":\"https:\\\/\\\/jornalboasnoticias.com.br\\\/home\\\/escolas-de-joao-pessoa-podem-ter-pastores-como-capelaes\\\/#article\",\"isPartOf\":{\"@id\":\"https:\\\/\\\/jornalboasnoticias.com.br\\\/home\\\/escolas-de-joao-pessoa-podem-ter-pastores-como-capelaes\\\/\"},\"author\":{\"name\":\"Luiz Carlos da Cruz\",\"@id\":\"https:\\\/\\\/jornalboasnoticias.com.br\\\/home\\\/#\\\/schema\\\/person\\\/75f9ebde398c998c166475fb446bda62\"},\"headline\":\"Escolas de Jo\u00e3o Pessoa podem ter pastores como capel\u00e3es\",\"datePublished\":\"2025-12-17T16:02:09+00:00\",\"mainEntityOfPage\":{\"@id\":\"https:\\\/\\\/jornalboasnoticias.com.br\\\/home\\\/escolas-de-joao-pessoa-podem-ter-pastores-como-capelaes\\\/\"},\"wordCount\":446,\"commentCount\":0,\"publisher\":{\"@id\":\"https:\\\/\\\/jornalboasnoticias.com.br\\\/home\\\/#organization\"},\"image\":{\"@id\":\"https:\\\/\\\/jornalboasnoticias.com.br\\\/home\\\/escolas-de-joao-pessoa-podem-ter-pastores-como-capelaes\\\/#primaryimage\"},\"thumbnailUrl\":\"https:\\\/\\\/jornalboasnoticias.com.br\\\/home\\\/wp-content\\\/uploads\\\/2025\\\/12\\\/escola-anayde-beiriz-a-maior-da-rede-municipal-de-joao-pessoa-1765400748979_v2_900x506.jpg.webp\",\"articleSection\":[\"BRASIL\"],\"inLanguage\":\"pt-BR\",\"potentialAction\":[{\"@type\":\"CommentAction\",\"name\":\"Comment\",\"target\":[\"https:\\\/\\\/jornalboasnoticias.com.br\\\/home\\\/escolas-de-joao-pessoa-podem-ter-pastores-como-capelaes\\\/#respond\"]}]},{\"@type\":\"WebPage\",\"@id\":\"https:\\\/\\\/jornalboasnoticias.com.br\\\/home\\\/escolas-de-joao-pessoa-podem-ter-pastores-como-capelaes\\\/\",\"url\":\"https:\\\/\\\/jornalboasnoticias.com.br\\\/home\\\/escolas-de-joao-pessoa-podem-ter-pastores-como-capelaes\\\/\",\"name\":\"Escolas de Jo\u00e3o Pessoa podem ter pastores como capel\u00e3es - Jornal\",\"isPartOf\":{\"@id\":\"https:\\\/\\\/jornalboasnoticias.com.br\\\/home\\\/#website\"},\"primaryImageOfPage\":{\"@id\":\"https:\\\/\\\/jornalboasnoticias.com.br\\\/home\\\/escolas-de-joao-pessoa-podem-ter-pastores-como-capelaes\\\/#primaryimage\"},\"image\":{\"@id\":\"https:\\\/\\\/jornalboasnoticias.com.br\\\/home\\\/escolas-de-joao-pessoa-podem-ter-pastores-como-capelaes\\\/#primaryimage\"},\"thumbnailUrl\":\"https:\\\/\\\/jornalboasnoticias.com.br\\\/home\\\/wp-content\\\/uploads\\\/2025\\\/12\\\/escola-anayde-beiriz-a-maior-da-rede-municipal-de-joao-pessoa-1765400748979_v2_900x506.jpg.webp\",\"datePublished\":\"2025-12-17T16:02:09+00:00\",\"description\":\"Escolas de Jo\u00e3o Pessoa podem ter pastores como capel\u00e3es\",\"breadcrumb\":{\"@id\":\"https:\\\/\\\/jornalboasnoticias.com.br\\\/home\\\/escolas-de-joao-pessoa-podem-ter-pastores-como-capelaes\\\/#breadcrumb\"},\"inLanguage\":\"pt-BR\",\"potentialAction\":[{\"@type\":\"ReadAction\",\"target\":[\"https:\\\/\\\/jornalboasnoticias.com.br\\\/home\\\/escolas-de-joao-pessoa-podem-ter-pastores-como-capelaes\\\/\"]}]},{\"@type\":\"ImageObject\",\"inLanguage\":\"pt-BR\",\"@id\":\"https:\\\/\\\/jornalboasnoticias.com.br\\\/home\\\/escolas-de-joao-pessoa-podem-ter-pastores-como-capelaes\\\/#primaryimage\",\"url\":\"https:\\\/\\\/jornalboasnoticias.com.br\\\/home\\\/wp-content\\\/uploads\\\/2025\\\/12\\\/escola-anayde-beiriz-a-maior-da-rede-municipal-de-joao-pessoa-1765400748979_v2_900x506.jpg.webp\",\"contentUrl\":\"https:\\\/\\\/jornalboasnoticias.com.br\\\/home\\\/wp-content\\\/uploads\\\/2025\\\/12\\\/escola-anayde-beiriz-a-maior-da-rede-municipal-de-joao-pessoa-1765400748979_v2_900x506.jpg.webp\",\"width\":900,\"height\":506,\"caption\":\"Imagem: Prefeitura de Jo\u00e3o Pessoa\\\/Divulga\u00e7\u00e3o\"},{\"@type\":\"BreadcrumbList\",\"@id\":\"https:\\\/\\\/jornalboasnoticias.com.br\\\/home\\\/escolas-de-joao-pessoa-podem-ter-pastores-como-capelaes\\\/#breadcrumb\",\"itemListElement\":[{\"@type\":\"ListItem\",\"position\":1,\"name\":\"In\u00edcio\",\"item\":\"https:\\\/\\\/jornalboasnoticias.com.br\\\/home\\\/\"},{\"@type\":\"ListItem\",\"position\":2,\"name\":\"Escolas de Jo\u00e3o Pessoa podem ter pastores como capel\u00e3es\"}]},{\"@type\":\"WebSite\",\"@id\":\"https:\\\/\\\/jornalboasnoticias.com.br\\\/home\\\/#website\",\"url\":\"https:\\\/\\\/jornalboasnoticias.com.br\\\/home\\\/\",\"name\":\"Jornal Boas Not\u00edcias\",\"description\":\"Boas not\u00edcias\",\"publisher\":{\"@id\":\"https:\\\/\\\/jornalboasnoticias.com.br\\\/home\\\/#organization\"},\"potentialAction\":[{\"@type\":\"SearchAction\",\"target\":{\"@type\":\"EntryPoint\",\"urlTemplate\":\"https:\\\/\\\/jornalboasnoticias.com.br\\\/home\\\/?s={search_term_string}\"},\"query-input\":{\"@type\":\"PropertyValueSpecification\",\"valueRequired\":true,\"valueName\":\"search_term_string\"}}],\"inLanguage\":\"pt-BR\"},{\"@type\":\"Organization\",\"@id\":\"https:\\\/\\\/jornalboasnoticias.com.br\\\/home\\\/#organization\",\"name\":\"Coq Editora Ltda\",\"alternateName\":\"Jornal Boas Noticias\",\"url\":\"https:\\\/\\\/jornalboasnoticias.com.br\\\/home\\\/\",\"logo\":{\"@type\":\"ImageObject\",\"inLanguage\":\"pt-BR\",\"@id\":\"https:\\\/\\\/jornalboasnoticias.com.br\\\/home\\\/#\\\/schema\\\/logo\\\/image\\\/\",\"url\":\"https:\\\/\\\/jornalboasnoticias.com.br\\\/home\\\/wp-content\\\/uploads\\\/2024\\\/07\\\/cropped-logo.jpg\",\"contentUrl\":\"https:\\\/\\\/jornalboasnoticias.com.br\\\/home\\\/wp-content\\\/uploads\\\/2024\\\/07\\\/cropped-logo.jpg\",\"width\":290,\"height\":142,\"caption\":\"Coq Editora Ltda\"},\"image\":{\"@id\":\"https:\\\/\\\/jornalboasnoticias.com.br\\\/home\\\/#\\\/schema\\\/logo\\\/image\\\/\"},\"sameAs\":[\"https:\\\/\\\/www.facebook.com\\\/boasnoticiasjornal\"]},{\"@type\":\"Person\",\"@id\":\"https:\\\/\\\/jornalboasnoticias.com.br\\\/home\\\/#\\\/schema\\\/person\\\/75f9ebde398c998c166475fb446bda62\",\"name\":\"Luiz Carlos da Cruz\",\"image\":{\"@type\":\"ImageObject\",\"inLanguage\":\"pt-BR\",\"@id\":\"https:\\\/\\\/secure.gravatar.com\\\/avatar\\\/e6f4f45301b6cb8572f7b076572e8ac11c1db80e805d8c8d0858cf286ce3ac3b?s=96&d=mm&r=g\",\"url\":\"https:\\\/\\\/secure.gravatar.com\\\/avatar\\\/e6f4f45301b6cb8572f7b076572e8ac11c1db80e805d8c8d0858cf286ce3ac3b?s=96&d=mm&r=g\",\"contentUrl\":\"https:\\\/\\\/secure.gravatar.com\\\/avatar\\\/e6f4f45301b6cb8572f7b076572e8ac11c1db80e805d8c8d0858cf286ce3ac3b?s=96&d=mm&r=g\",\"caption\":\"Luiz Carlos da Cruz\"},\"url\":\"https:\\\/\\\/jornalboasnoticias.com.br\\\/home\\\/author\\\/luiz-carlos-da-cruz\\\/\"}]}<\/script>\n<!-- \/ Yoast SEO plugin. -->","yoast_head_json":{"title":"Escolas de Jo\u00e3o Pessoa podem ter pastores como capel\u00e3es - Jornal","description":"Escolas de Jo\u00e3o Pessoa podem ter pastores como capel\u00e3es","robots":{"index":"index","follow":"follow","max-snippet":"max-snippet:-1","max-image-preview":"max-image-preview:large","max-video-preview":"max-video-preview:-1"},"canonical":"https:\/\/jornalboasnoticias.com.br\/home\/escolas-de-joao-pessoa-podem-ter-pastores-como-capelaes\/","og_locale":"pt_BR","og_type":"article","og_title":"Escolas de Jo\u00e3o Pessoa podem ter pastores como capel\u00e3es - Jornal","og_description":"Escolas de Jo\u00e3o Pessoa podem ter pastores como capel\u00e3es","og_url":"https:\/\/jornalboasnoticias.com.br\/home\/escolas-de-joao-pessoa-podem-ter-pastores-como-capelaes\/","og_site_name":"Jornal","article_publisher":"https:\/\/www.facebook.com\/boasnoticiasjornal","article_published_time":"2025-12-17T16:02:09+00:00","og_image":[{"width":900,"height":506,"url":"https:\/\/jornalboasnoticias.com.br\/home\/wp-content\/uploads\/2025\/12\/escola-anayde-beiriz-a-maior-da-rede-municipal-de-joao-pessoa-1765400748979_v2_900x506.jpg.webp","type":"image\/webp"}],"author":"Luiz Carlos da Cruz","twitter_card":"summary_large_image","twitter_misc":{"Escrito por":"Luiz Carlos da Cruz","Est. tempo de leitura":"3 minutos"},"schema":{"@context":"https:\/\/schema.org","@graph":[{"@type":"Article","@id":"https:\/\/jornalboasnoticias.com.br\/home\/escolas-de-joao-pessoa-podem-ter-pastores-como-capelaes\/#article","isPartOf":{"@id":"https:\/\/jornalboasnoticias.com.br\/home\/escolas-de-joao-pessoa-podem-ter-pastores-como-capelaes\/"},"author":{"name":"Luiz Carlos da Cruz","@id":"https:\/\/jornalboasnoticias.com.br\/home\/#\/schema\/person\/75f9ebde398c998c166475fb446bda62"},"headline":"Escolas de Jo\u00e3o Pessoa podem ter pastores como capel\u00e3es","datePublished":"2025-12-17T16:02:09+00:00","mainEntityOfPage":{"@id":"https:\/\/jornalboasnoticias.com.br\/home\/escolas-de-joao-pessoa-podem-ter-pastores-como-capelaes\/"},"wordCount":446,"commentCount":0,"publisher":{"@id":"https:\/\/jornalboasnoticias.com.br\/home\/#organization"},"image":{"@id":"https:\/\/jornalboasnoticias.com.br\/home\/escolas-de-joao-pessoa-podem-ter-pastores-como-capelaes\/#primaryimage"},"thumbnailUrl":"https:\/\/jornalboasnoticias.com.br\/home\/wp-content\/uploads\/2025\/12\/escola-anayde-beiriz-a-maior-da-rede-municipal-de-joao-pessoa-1765400748979_v2_900x506.jpg.webp","articleSection":["BRASIL"],"inLanguage":"pt-BR","potentialAction":[{"@type":"CommentAction","name":"Comment","target":["https:\/\/jornalboasnoticias.com.br\/home\/escolas-de-joao-pessoa-podem-ter-pastores-como-capelaes\/#respond"]}]},{"@type":"WebPage","@id":"https:\/\/jornalboasnoticias.com.br\/home\/escolas-de-joao-pessoa-podem-ter-pastores-como-capelaes\/","url":"https:\/\/jornalboasnoticias.com.br\/home\/escolas-de-joao-pessoa-podem-ter-pastores-como-capelaes\/","name":"Escolas de Jo\u00e3o Pessoa podem ter pastores como capel\u00e3es - Jornal","isPartOf":{"@id":"https:\/\/jornalboasnoticias.com.br\/home\/#website"},"primaryImageOfPage":{"@id":"https:\/\/jornalboasnoticias.com.br\/home\/escolas-de-joao-pessoa-podem-ter-pastores-como-capelaes\/#primaryimage"},"image":{"@id":"https:\/\/jornalboasnoticias.com.br\/home\/escolas-de-joao-pessoa-podem-ter-pastores-como-capelaes\/#primaryimage"},"thumbnailUrl":"https:\/\/jornalboasnoticias.com.br\/home\/wp-content\/uploads\/2025\/12\/escola-anayde-beiriz-a-maior-da-rede-municipal-de-joao-pessoa-1765400748979_v2_900x506.jpg.webp","datePublished":"2025-12-17T16:02:09+00:00","description":"Escolas de Jo\u00e3o Pessoa podem ter pastores como capel\u00e3es","breadcrumb":{"@id":"https:\/\/jornalboasnoticias.com.br\/home\/escolas-de-joao-pessoa-podem-ter-pastores-como-capelaes\/#breadcrumb"},"inLanguage":"pt-BR","potentialAction":[{"@type":"ReadAction","target":["https:\/\/jornalboasnoticias.com.br\/home\/escolas-de-joao-pessoa-podem-ter-pastores-como-capelaes\/"]}]},{"@type":"ImageObject","inLanguage":"pt-BR","@id":"https:\/\/jornalboasnoticias.com.br\/home\/escolas-de-joao-pessoa-podem-ter-pastores-como-capelaes\/#primaryimage","url":"https:\/\/jornalboasnoticias.com.br\/home\/wp-content\/uploads\/2025\/12\/escola-anayde-beiriz-a-maior-da-rede-municipal-de-joao-pessoa-1765400748979_v2_900x506.jpg.webp","contentUrl":"https:\/\/jornalboasnoticias.com.br\/home\/wp-content\/uploads\/2025\/12\/escola-anayde-beiriz-a-maior-da-rede-municipal-de-joao-pessoa-1765400748979_v2_900x506.jpg.webp","width":900,"height":506,"caption":"Imagem: Prefeitura de Jo\u00e3o Pessoa\/Divulga\u00e7\u00e3o"},{"@type":"BreadcrumbList","@id":"https:\/\/jornalboasnoticias.com.br\/home\/escolas-de-joao-pessoa-podem-ter-pastores-como-capelaes\/#breadcrumb","itemListElement":[{"@type":"ListItem","position":1,"name":"In\u00edcio","item":"https:\/\/jornalboasnoticias.com.br\/home\/"},{"@type":"ListItem","position":2,"name":"Escolas de Jo\u00e3o Pessoa podem ter pastores como capel\u00e3es"}]},{"@type":"WebSite","@id":"https:\/\/jornalboasnoticias.com.br\/home\/#website","url":"https:\/\/jornalboasnoticias.com.br\/home\/","name":"Jornal Boas Not\u00edcias","description":"Boas not\u00edcias","publisher":{"@id":"https:\/\/jornalboasnoticias.com.br\/home\/#organization"},"potentialAction":[{"@type":"SearchAction","target":{"@type":"EntryPoint","urlTemplate":"https:\/\/jornalboasnoticias.com.br\/home\/?s={search_term_string}"},"query-input":{"@type":"PropertyValueSpecification","valueRequired":true,"valueName":"search_term_string"}}],"inLanguage":"pt-BR"},{"@type":"Organization","@id":"https:\/\/jornalboasnoticias.com.br\/home\/#organization","name":"Coq Editora Ltda","alternateName":"Jornal Boas Noticias","url":"https:\/\/jornalboasnoticias.com.br\/home\/","logo":{"@type":"ImageObject","inLanguage":"pt-BR","@id":"https:\/\/jornalboasnoticias.com.br\/home\/#\/schema\/logo\/image\/","url":"https:\/\/jornalboasnoticias.com.br\/home\/wp-content\/uploads\/2024\/07\/cropped-logo.jpg","contentUrl":"https:\/\/jornalboasnoticias.com.br\/home\/wp-content\/uploads\/2024\/07\/cropped-logo.jpg","width":290,"height":142,"caption":"Coq Editora Ltda"},"image":{"@id":"https:\/\/jornalboasnoticias.com.br\/home\/#\/schema\/logo\/image\/"},"sameAs":["https:\/\/www.facebook.com\/boasnoticiasjornal"]},{"@type":"Person","@id":"https:\/\/jornalboasnoticias.com.br\/home\/#\/schema\/person\/75f9ebde398c998c166475fb446bda62","name":"Luiz Carlos da Cruz","image":{"@type":"ImageObject","inLanguage":"pt-BR","@id":"https:\/\/secure.gravatar.com\/avatar\/e6f4f45301b6cb8572f7b076572e8ac11c1db80e805d8c8d0858cf286ce3ac3b?s=96&d=mm&r=g","url":"https:\/\/secure.gravatar.com\/avatar\/e6f4f45301b6cb8572f7b076572e8ac11c1db80e805d8c8d0858cf286ce3ac3b?s=96&d=mm&r=g","contentUrl":"https:\/\/secure.gravatar.com\/avatar\/e6f4f45301b6cb8572f7b076572e8ac11c1db80e805d8c8d0858cf286ce3ac3b?s=96&d=mm&r=g","caption":"Luiz Carlos da Cruz"},"url":"https:\/\/jornalboasnoticias.com.br\/home\/author\/luiz-carlos-da-cruz\/"}]}},"_links":{"self":[{"href":"https:\/\/jornalboasnoticias.com.br\/home\/wp-json\/wp\/v2\/posts\/46931","targetHints":{"allow":["GET"]}}],"collection":[{"href":"https:\/\/jornalboasnoticias.com.br\/home\/wp-json\/wp\/v2\/posts"}],"about":[{"href":"https:\/\/jornalboasnoticias.com.br\/home\/wp-json\/wp\/v2\/types\/post"}],"author":[{"embeddable":true,"href":"https:\/\/jornalboasnoticias.com.br\/home\/wp-json\/wp\/v2\/users\/3"}],"replies":[{"embeddable":true,"href":"https:\/\/jornalboasnoticias.com.br\/home\/wp-json\/wp\/v2\/comments?post=46931"}],"version-history":[{"count":1,"href":"https:\/\/jornalboasnoticias.com.br\/home\/wp-json\/wp\/v2\/posts\/46931\/revisions"}],"predecessor-version":[{"id":46933,"href":"https:\/\/jornalboasnoticias.com.br\/home\/wp-json\/wp\/v2\/posts\/46931\/revisions\/46933"}],"wp:featuredmedia":[{"embeddable":true,"href":"https:\/\/jornalboasnoticias.com.br\/home\/wp-json\/wp\/v2\/media\/46932"}],"wp:attachment":[{"href":"https:\/\/jornalboasnoticias.com.br\/home\/wp-json\/wp\/v2\/media?parent=46931"}],"wp:term":[{"taxonomy":"category","embeddable":true,"href":"https:\/\/jornalboasnoticias.com.br\/home\/wp-json\/wp\/v2\/categories?post=46931"},{"taxonomy":"post_tag","embeddable":true,"href":"https:\/\/jornalboasnoticias.com.br\/home\/wp-json\/wp\/v2\/tags?post=46931"}],"curies":[{"name":"wp","href":"https:\/\/api.w.org\/{rel}","templated":true}]}}