{"id":46924,"date":"2025-12-17T14:19:48","date_gmt":"2025-12-17T14:19:48","guid":{"rendered":"https:\/\/jornalboasnoticias.com.br\/home\/?p=46924"},"modified":"2025-12-17T14:19:48","modified_gmt":"2025-12-17T14:19:48","slug":"pastor-diz-que-nao-ha-lugar-para-crente-petista-na-ad","status":"publish","type":"post","link":"https:\/\/jornalboasnoticias.com.br\/home\/pastor-diz-que-nao-ha-lugar-para-crente-petista-na-ad\/","title":{"rendered":"Pastor diz que n\u00e3o h\u00e1 lugar para \u2018crente petista\u2019 na AD"},"content":{"rendered":"<blockquote>\n<p style=\"text-align: center;\"><em>Ap\u00f3s a divulga\u00e7\u00e3o do v\u00eddeo, o conte\u00fado gerou repercuss\u00e3o nas redes sociais<\/em><\/p>\n<\/blockquote>\n<figure id=\"attachment_46926\" aria-describedby=\"caption-attachment-46926\" style=\"width: 1305px\" class=\"wp-caption alignnone\"><img loading=\"lazy\" decoding=\"async\" class=\"size-full wp-image-46926\" src=\"https:\/\/jornalboasnoticias.com.br\/home\/wp-content\/uploads\/2025\/12\/1-3.jpg\" alt=\"\" width=\"1305\" height=\"706\" srcset=\"https:\/\/jornalboasnoticias.com.br\/home\/wp-content\/uploads\/2025\/12\/1-3.jpg 1305w, https:\/\/jornalboasnoticias.com.br\/home\/wp-content\/uploads\/2025\/12\/1-3-300x162.jpg 300w, https:\/\/jornalboasnoticias.com.br\/home\/wp-content\/uploads\/2025\/12\/1-3-1024x554.jpg 1024w, https:\/\/jornalboasnoticias.com.br\/home\/wp-content\/uploads\/2025\/12\/1-3-768x415.jpg 768w\" sizes=\"auto, (max-width: 1305px) 100vw, 1305px\" \/><figcaption id=\"caption-attachment-46926\" class=\"wp-caption-text\">Divulga\u00e7\u00e3o<\/figcaption><\/figure>\n<p>Um v\u00eddeo do pastor Francisco Miranda, l\u00edder da Assembleia de Deus em Mossor\u00f3 (RN), passou a circular nas redes sociais com um corte de uma prega\u00e7\u00e3o durante um culto na igreja. Na grava\u00e7\u00e3o, o pastor aborda a presen\u00e7a de posicionamentos pol\u00edticos de esquerda no meio evang\u00e9lico pentecostal e faz declara\u00e7\u00f5es direcionadas a fi\u00e9is que, segundo ele, se identificam com essa orienta\u00e7\u00e3o ideol\u00f3gica.<\/p>\n<p>Durante a mensagem, Miranda afirmou que h\u00e1, em sua avalia\u00e7\u00e3o, um n\u00famero significativo de evang\u00e9licos alinhados ao Partido dos Trabalhadores (PT) dentro das igrejas. Em sua fala, declarou: \u201cO que tem de petista, no meio da igreja evang\u00e9lica nos dias atuais, n\u00e3o est\u00e1 escrito nos jornais. Cheio de petista, mas n\u00f3s estamos aqui para defender o Evangelho de Jesus Cristo. A nossa mensagem \u00e9 a mensagem do c\u00e9u\u201d.<\/p>\n<p>Na sequ\u00eancia, o pastor orientou que pessoas identificadas com a ideologia de esquerda buscassem outras comunidades religiosas. \u201cProcure uma igreja petista. Esta aqui n\u00e3o \u00e9 petista nem bolsonarista. Esta aqui \u00e9 uma igreja firmada em Cristo\u201d, afirmou, acrescentando logo depois: \u201cPor favor, eu tinha que desengasgar esse neg\u00f3cio. Gl\u00f3ria ao nome de Jesus\u201d.<\/p>\n<p>Ainda durante o culto, Miranda citou uma exorta\u00e7\u00e3o de car\u00e1ter espiritual, associando a fidelidade \u00e0 f\u00e9 crist\u00e3 \u00e0 conduta p\u00fablica do crente. \u201cProcure ser aprovado [de tal forma] que n\u00e3o tenha de que se envergonhar. Seja um crente que n\u00e3o tem de que se envergonhar, que maneje essas palavras com autoridade, com gra\u00e7a. Que Deus nos ajude, que Deus nos encha\u201d, disse, em refer\u00eancia a princ\u00edpios presentes nas Escrituras, como em 2 Tim\u00f3teo 2:15.<\/p>\n<p>Antes do encerramento do culto, o pastor convidou um obreiro para conduzir a ora\u00e7\u00e3o final, fazendo uma observa\u00e7\u00e3o p\u00fablica: \u201cQuerido Peixoto, como voc\u00ea n\u00e3o \u00e9 petista, por favor, venha aqui orar ao Senhor.\u201d. Ao assumir o p\u00falpito, o obreiro respondeu de forma espont\u00e2nea: \u201cDeus que me cubra com o seu sangue, pastor. Eu acho \u00e9 pouco\u201d.<\/p>\n<p>Ap\u00f3s a divulga\u00e7\u00e3o do v\u00eddeo, o conte\u00fado gerou repercuss\u00e3o nas redes sociais. Em publica\u00e7\u00f5es feitas pela p\u00e1gina Assembleianos de Valor, seguidores manifestaram apoio \u00e0s declara\u00e7\u00f5es do pastor Francisco Miranda, interpretando sua fala como uma defesa da centralidade de Cristo e do Evangelho na vida da igreja, em conson\u00e2ncia com a tradi\u00e7\u00e3o pentecostal.<\/p>\n<p><em>Gospel Prime<\/em><\/p>\n","protected":false},"excerpt":{"rendered":"<p>Ap\u00f3s a divulga\u00e7\u00e3o do v\u00eddeo, o conte\u00fado gerou repercuss\u00e3o nas redes sociais Um v\u00eddeo do<\/p>\n","protected":false},"author":3,"featured_media":46926,"comment_status":"open","ping_status":"open","sticky":false,"template":"","format":"standard","meta":{"footnotes":""},"categories":[6,3],"tags":[],"class_list":["post-46924","post","type-post","status-publish","format-standard","has-post-thumbnail","hentry","category-brasil","category-destaques"],"yoast_head":"<!-- This site is optimized with the Yoast SEO plugin v27.5 - https:\/\/yoast.com\/product\/yoast-seo-wordpress\/ -->\n<title>Pastor diz que n\u00e3o h\u00e1 lugar para \u2018crente petista\u2019 na AD - Jornal<\/title>\n<meta name=\"description\" content=\"Pastor diz que n\u00e3o h\u00e1 lugar para \u2018crente petista\u2019 na AD\" \/>\n<meta name=\"robots\" content=\"index, follow, max-snippet:-1, max-image-preview:large, max-video-preview:-1\" \/>\n<link rel=\"canonical\" href=\"https:\/\/jornalboasnoticias.com.br\/home\/pastor-diz-que-nao-ha-lugar-para-crente-petista-na-ad\/\" \/>\n<meta property=\"og:locale\" content=\"pt_BR\" \/>\n<meta property=\"og:type\" content=\"article\" \/>\n<meta property=\"og:title\" content=\"Pastor diz que n\u00e3o h\u00e1 lugar para \u2018crente petista\u2019 na AD - Jornal\" \/>\n<meta property=\"og:description\" content=\"Pastor diz que n\u00e3o h\u00e1 lugar para \u2018crente petista\u2019 na AD\" \/>\n<meta property=\"og:url\" content=\"https:\/\/jornalboasnoticias.com.br\/home\/pastor-diz-que-nao-ha-lugar-para-crente-petista-na-ad\/\" \/>\n<meta property=\"og:site_name\" content=\"Jornal\" \/>\n<meta property=\"article:publisher\" content=\"https:\/\/www.facebook.com\/boasnoticiasjornal\" \/>\n<meta property=\"article:published_time\" content=\"2025-12-17T14:19:48+00:00\" \/>\n<meta property=\"og:image\" content=\"https:\/\/jornalboasnoticias.com.br\/home\/wp-content\/uploads\/2025\/12\/1-3.jpg\" \/>\n\t<meta property=\"og:image:width\" content=\"1305\" \/>\n\t<meta property=\"og:image:height\" content=\"706\" \/>\n\t<meta property=\"og:image:type\" content=\"image\/jpeg\" \/>\n<meta name=\"author\" content=\"Luiz Carlos da Cruz\" \/>\n<meta name=\"twitter:card\" content=\"summary_large_image\" \/>\n<meta name=\"twitter:label1\" content=\"Escrito por\" \/>\n\t<meta name=\"twitter:data1\" content=\"Luiz Carlos da Cruz\" \/>\n\t<meta name=\"twitter:label2\" content=\"Est. tempo de leitura\" \/>\n\t<meta name=\"twitter:data2\" content=\"3 minutos\" \/>\n<script type=\"application\/ld+json\" class=\"yoast-schema-graph\">{\"@context\":\"https:\\\/\\\/schema.org\",\"@graph\":[{\"@type\":\"Article\",\"@id\":\"https:\\\/\\\/jornalboasnoticias.com.br\\\/home\\\/pastor-diz-que-nao-ha-lugar-para-crente-petista-na-ad\\\/#article\",\"isPartOf\":{\"@id\":\"https:\\\/\\\/jornalboasnoticias.com.br\\\/home\\\/pastor-diz-que-nao-ha-lugar-para-crente-petista-na-ad\\\/\"},\"author\":{\"name\":\"Luiz Carlos da Cruz\",\"@id\":\"https:\\\/\\\/jornalboasnoticias.com.br\\\/home\\\/#\\\/schema\\\/person\\\/75f9ebde398c998c166475fb446bda62\"},\"headline\":\"Pastor diz que n\u00e3o h\u00e1 lugar para \u2018crente petista\u2019 na AD\",\"datePublished\":\"2025-12-17T14:19:48+00:00\",\"mainEntityOfPage\":{\"@id\":\"https:\\\/\\\/jornalboasnoticias.com.br\\\/home\\\/pastor-diz-que-nao-ha-lugar-para-crente-petista-na-ad\\\/\"},\"wordCount\":443,\"commentCount\":0,\"publisher\":{\"@id\":\"https:\\\/\\\/jornalboasnoticias.com.br\\\/home\\\/#organization\"},\"image\":{\"@id\":\"https:\\\/\\\/jornalboasnoticias.com.br\\\/home\\\/pastor-diz-que-nao-ha-lugar-para-crente-petista-na-ad\\\/#primaryimage\"},\"thumbnailUrl\":\"https:\\\/\\\/jornalboasnoticias.com.br\\\/home\\\/wp-content\\\/uploads\\\/2025\\\/12\\\/1-3.jpg\",\"articleSection\":[\"BRASIL\",\"DESTAQUE\"],\"inLanguage\":\"pt-BR\",\"potentialAction\":[{\"@type\":\"CommentAction\",\"name\":\"Comment\",\"target\":[\"https:\\\/\\\/jornalboasnoticias.com.br\\\/home\\\/pastor-diz-que-nao-ha-lugar-para-crente-petista-na-ad\\\/#respond\"]}]},{\"@type\":\"WebPage\",\"@id\":\"https:\\\/\\\/jornalboasnoticias.com.br\\\/home\\\/pastor-diz-que-nao-ha-lugar-para-crente-petista-na-ad\\\/\",\"url\":\"https:\\\/\\\/jornalboasnoticias.com.br\\\/home\\\/pastor-diz-que-nao-ha-lugar-para-crente-petista-na-ad\\\/\",\"name\":\"Pastor diz que n\u00e3o h\u00e1 lugar para \u2018crente petista\u2019 na AD - Jornal\",\"isPartOf\":{\"@id\":\"https:\\\/\\\/jornalboasnoticias.com.br\\\/home\\\/#website\"},\"primaryImageOfPage\":{\"@id\":\"https:\\\/\\\/jornalboasnoticias.com.br\\\/home\\\/pastor-diz-que-nao-ha-lugar-para-crente-petista-na-ad\\\/#primaryimage\"},\"image\":{\"@id\":\"https:\\\/\\\/jornalboasnoticias.com.br\\\/home\\\/pastor-diz-que-nao-ha-lugar-para-crente-petista-na-ad\\\/#primaryimage\"},\"thumbnailUrl\":\"https:\\\/\\\/jornalboasnoticias.com.br\\\/home\\\/wp-content\\\/uploads\\\/2025\\\/12\\\/1-3.jpg\",\"datePublished\":\"2025-12-17T14:19:48+00:00\",\"description\":\"Pastor diz que n\u00e3o h\u00e1 lugar para \u2018crente petista\u2019 na AD\",\"breadcrumb\":{\"@id\":\"https:\\\/\\\/jornalboasnoticias.com.br\\\/home\\\/pastor-diz-que-nao-ha-lugar-para-crente-petista-na-ad\\\/#breadcrumb\"},\"inLanguage\":\"pt-BR\",\"potentialAction\":[{\"@type\":\"ReadAction\",\"target\":[\"https:\\\/\\\/jornalboasnoticias.com.br\\\/home\\\/pastor-diz-que-nao-ha-lugar-para-crente-petista-na-ad\\\/\"]}]},{\"@type\":\"ImageObject\",\"inLanguage\":\"pt-BR\",\"@id\":\"https:\\\/\\\/jornalboasnoticias.com.br\\\/home\\\/pastor-diz-que-nao-ha-lugar-para-crente-petista-na-ad\\\/#primaryimage\",\"url\":\"https:\\\/\\\/jornalboasnoticias.com.br\\\/home\\\/wp-content\\\/uploads\\\/2025\\\/12\\\/1-3.jpg\",\"contentUrl\":\"https:\\\/\\\/jornalboasnoticias.com.br\\\/home\\\/wp-content\\\/uploads\\\/2025\\\/12\\\/1-3.jpg\",\"width\":1305,\"height\":706,\"caption\":\"Divulga\u00e7\u00e3o\"},{\"@type\":\"BreadcrumbList\",\"@id\":\"https:\\\/\\\/jornalboasnoticias.com.br\\\/home\\\/pastor-diz-que-nao-ha-lugar-para-crente-petista-na-ad\\\/#breadcrumb\",\"itemListElement\":[{\"@type\":\"ListItem\",\"position\":1,\"name\":\"In\u00edcio\",\"item\":\"https:\\\/\\\/jornalboasnoticias.com.br\\\/home\\\/\"},{\"@type\":\"ListItem\",\"position\":2,\"name\":\"Pastor diz que n\u00e3o h\u00e1 lugar para \u2018crente petista\u2019 na AD\"}]},{\"@type\":\"WebSite\",\"@id\":\"https:\\\/\\\/jornalboasnoticias.com.br\\\/home\\\/#website\",\"url\":\"https:\\\/\\\/jornalboasnoticias.com.br\\\/home\\\/\",\"name\":\"Jornal Boas Not\u00edcias\",\"description\":\"Boas not\u00edcias\",\"publisher\":{\"@id\":\"https:\\\/\\\/jornalboasnoticias.com.br\\\/home\\\/#organization\"},\"potentialAction\":[{\"@type\":\"SearchAction\",\"target\":{\"@type\":\"EntryPoint\",\"urlTemplate\":\"https:\\\/\\\/jornalboasnoticias.com.br\\\/home\\\/?s={search_term_string}\"},\"query-input\":{\"@type\":\"PropertyValueSpecification\",\"valueRequired\":true,\"valueName\":\"search_term_string\"}}],\"inLanguage\":\"pt-BR\"},{\"@type\":\"Organization\",\"@id\":\"https:\\\/\\\/jornalboasnoticias.com.br\\\/home\\\/#organization\",\"name\":\"Coq Editora Ltda\",\"alternateName\":\"Jornal Boas Noticias\",\"url\":\"https:\\\/\\\/jornalboasnoticias.com.br\\\/home\\\/\",\"logo\":{\"@type\":\"ImageObject\",\"inLanguage\":\"pt-BR\",\"@id\":\"https:\\\/\\\/jornalboasnoticias.com.br\\\/home\\\/#\\\/schema\\\/logo\\\/image\\\/\",\"url\":\"https:\\\/\\\/jornalboasnoticias.com.br\\\/home\\\/wp-content\\\/uploads\\\/2024\\\/07\\\/cropped-logo.jpg\",\"contentUrl\":\"https:\\\/\\\/jornalboasnoticias.com.br\\\/home\\\/wp-content\\\/uploads\\\/2024\\\/07\\\/cropped-logo.jpg\",\"width\":290,\"height\":142,\"caption\":\"Coq Editora Ltda\"},\"image\":{\"@id\":\"https:\\\/\\\/jornalboasnoticias.com.br\\\/home\\\/#\\\/schema\\\/logo\\\/image\\\/\"},\"sameAs\":[\"https:\\\/\\\/www.facebook.com\\\/boasnoticiasjornal\"]},{\"@type\":\"Person\",\"@id\":\"https:\\\/\\\/jornalboasnoticias.com.br\\\/home\\\/#\\\/schema\\\/person\\\/75f9ebde398c998c166475fb446bda62\",\"name\":\"Luiz Carlos da Cruz\",\"image\":{\"@type\":\"ImageObject\",\"inLanguage\":\"pt-BR\",\"@id\":\"https:\\\/\\\/secure.gravatar.com\\\/avatar\\\/e6f4f45301b6cb8572f7b076572e8ac11c1db80e805d8c8d0858cf286ce3ac3b?s=96&d=mm&r=g\",\"url\":\"https:\\\/\\\/secure.gravatar.com\\\/avatar\\\/e6f4f45301b6cb8572f7b076572e8ac11c1db80e805d8c8d0858cf286ce3ac3b?s=96&d=mm&r=g\",\"contentUrl\":\"https:\\\/\\\/secure.gravatar.com\\\/avatar\\\/e6f4f45301b6cb8572f7b076572e8ac11c1db80e805d8c8d0858cf286ce3ac3b?s=96&d=mm&r=g\",\"caption\":\"Luiz Carlos da Cruz\"},\"url\":\"https:\\\/\\\/jornalboasnoticias.com.br\\\/home\\\/author\\\/luiz-carlos-da-cruz\\\/\"}]}<\/script>\n<!-- \/ Yoast SEO plugin. -->","yoast_head_json":{"title":"Pastor diz que n\u00e3o h\u00e1 lugar para \u2018crente petista\u2019 na AD - Jornal","description":"Pastor diz que n\u00e3o h\u00e1 lugar para \u2018crente petista\u2019 na AD","robots":{"index":"index","follow":"follow","max-snippet":"max-snippet:-1","max-image-preview":"max-image-preview:large","max-video-preview":"max-video-preview:-1"},"canonical":"https:\/\/jornalboasnoticias.com.br\/home\/pastor-diz-que-nao-ha-lugar-para-crente-petista-na-ad\/","og_locale":"pt_BR","og_type":"article","og_title":"Pastor diz que n\u00e3o h\u00e1 lugar para \u2018crente petista\u2019 na AD - Jornal","og_description":"Pastor diz que n\u00e3o h\u00e1 lugar para \u2018crente petista\u2019 na AD","og_url":"https:\/\/jornalboasnoticias.com.br\/home\/pastor-diz-que-nao-ha-lugar-para-crente-petista-na-ad\/","og_site_name":"Jornal","article_publisher":"https:\/\/www.facebook.com\/boasnoticiasjornal","article_published_time":"2025-12-17T14:19:48+00:00","og_image":[{"width":1305,"height":706,"url":"https:\/\/jornalboasnoticias.com.br\/home\/wp-content\/uploads\/2025\/12\/1-3.jpg","type":"image\/jpeg"}],"author":"Luiz Carlos da Cruz","twitter_card":"summary_large_image","twitter_misc":{"Escrito por":"Luiz Carlos da Cruz","Est. tempo de leitura":"3 minutos"},"schema":{"@context":"https:\/\/schema.org","@graph":[{"@type":"Article","@id":"https:\/\/jornalboasnoticias.com.br\/home\/pastor-diz-que-nao-ha-lugar-para-crente-petista-na-ad\/#article","isPartOf":{"@id":"https:\/\/jornalboasnoticias.com.br\/home\/pastor-diz-que-nao-ha-lugar-para-crente-petista-na-ad\/"},"author":{"name":"Luiz Carlos da Cruz","@id":"https:\/\/jornalboasnoticias.com.br\/home\/#\/schema\/person\/75f9ebde398c998c166475fb446bda62"},"headline":"Pastor diz que n\u00e3o h\u00e1 lugar para \u2018crente petista\u2019 na AD","datePublished":"2025-12-17T14:19:48+00:00","mainEntityOfPage":{"@id":"https:\/\/jornalboasnoticias.com.br\/home\/pastor-diz-que-nao-ha-lugar-para-crente-petista-na-ad\/"},"wordCount":443,"commentCount":0,"publisher":{"@id":"https:\/\/jornalboasnoticias.com.br\/home\/#organization"},"image":{"@id":"https:\/\/jornalboasnoticias.com.br\/home\/pastor-diz-que-nao-ha-lugar-para-crente-petista-na-ad\/#primaryimage"},"thumbnailUrl":"https:\/\/jornalboasnoticias.com.br\/home\/wp-content\/uploads\/2025\/12\/1-3.jpg","articleSection":["BRASIL","DESTAQUE"],"inLanguage":"pt-BR","potentialAction":[{"@type":"CommentAction","name":"Comment","target":["https:\/\/jornalboasnoticias.com.br\/home\/pastor-diz-que-nao-ha-lugar-para-crente-petista-na-ad\/#respond"]}]},{"@type":"WebPage","@id":"https:\/\/jornalboasnoticias.com.br\/home\/pastor-diz-que-nao-ha-lugar-para-crente-petista-na-ad\/","url":"https:\/\/jornalboasnoticias.com.br\/home\/pastor-diz-que-nao-ha-lugar-para-crente-petista-na-ad\/","name":"Pastor diz que n\u00e3o h\u00e1 lugar para \u2018crente petista\u2019 na AD - Jornal","isPartOf":{"@id":"https:\/\/jornalboasnoticias.com.br\/home\/#website"},"primaryImageOfPage":{"@id":"https:\/\/jornalboasnoticias.com.br\/home\/pastor-diz-que-nao-ha-lugar-para-crente-petista-na-ad\/#primaryimage"},"image":{"@id":"https:\/\/jornalboasnoticias.com.br\/home\/pastor-diz-que-nao-ha-lugar-para-crente-petista-na-ad\/#primaryimage"},"thumbnailUrl":"https:\/\/jornalboasnoticias.com.br\/home\/wp-content\/uploads\/2025\/12\/1-3.jpg","datePublished":"2025-12-17T14:19:48+00:00","description":"Pastor diz que n\u00e3o h\u00e1 lugar para \u2018crente petista\u2019 na AD","breadcrumb":{"@id":"https:\/\/jornalboasnoticias.com.br\/home\/pastor-diz-que-nao-ha-lugar-para-crente-petista-na-ad\/#breadcrumb"},"inLanguage":"pt-BR","potentialAction":[{"@type":"ReadAction","target":["https:\/\/jornalboasnoticias.com.br\/home\/pastor-diz-que-nao-ha-lugar-para-crente-petista-na-ad\/"]}]},{"@type":"ImageObject","inLanguage":"pt-BR","@id":"https:\/\/jornalboasnoticias.com.br\/home\/pastor-diz-que-nao-ha-lugar-para-crente-petista-na-ad\/#primaryimage","url":"https:\/\/jornalboasnoticias.com.br\/home\/wp-content\/uploads\/2025\/12\/1-3.jpg","contentUrl":"https:\/\/jornalboasnoticias.com.br\/home\/wp-content\/uploads\/2025\/12\/1-3.jpg","width":1305,"height":706,"caption":"Divulga\u00e7\u00e3o"},{"@type":"BreadcrumbList","@id":"https:\/\/jornalboasnoticias.com.br\/home\/pastor-diz-que-nao-ha-lugar-para-crente-petista-na-ad\/#breadcrumb","itemListElement":[{"@type":"ListItem","position":1,"name":"In\u00edcio","item":"https:\/\/jornalboasnoticias.com.br\/home\/"},{"@type":"ListItem","position":2,"name":"Pastor diz que n\u00e3o h\u00e1 lugar para \u2018crente petista\u2019 na AD"}]},{"@type":"WebSite","@id":"https:\/\/jornalboasnoticias.com.br\/home\/#website","url":"https:\/\/jornalboasnoticias.com.br\/home\/","name":"Jornal Boas Not\u00edcias","description":"Boas not\u00edcias","publisher":{"@id":"https:\/\/jornalboasnoticias.com.br\/home\/#organization"},"potentialAction":[{"@type":"SearchAction","target":{"@type":"EntryPoint","urlTemplate":"https:\/\/jornalboasnoticias.com.br\/home\/?s={search_term_string}"},"query-input":{"@type":"PropertyValueSpecification","valueRequired":true,"valueName":"search_term_string"}}],"inLanguage":"pt-BR"},{"@type":"Organization","@id":"https:\/\/jornalboasnoticias.com.br\/home\/#organization","name":"Coq Editora Ltda","alternateName":"Jornal Boas Noticias","url":"https:\/\/jornalboasnoticias.com.br\/home\/","logo":{"@type":"ImageObject","inLanguage":"pt-BR","@id":"https:\/\/jornalboasnoticias.com.br\/home\/#\/schema\/logo\/image\/","url":"https:\/\/jornalboasnoticias.com.br\/home\/wp-content\/uploads\/2024\/07\/cropped-logo.jpg","contentUrl":"https:\/\/jornalboasnoticias.com.br\/home\/wp-content\/uploads\/2024\/07\/cropped-logo.jpg","width":290,"height":142,"caption":"Coq Editora Ltda"},"image":{"@id":"https:\/\/jornalboasnoticias.com.br\/home\/#\/schema\/logo\/image\/"},"sameAs":["https:\/\/www.facebook.com\/boasnoticiasjornal"]},{"@type":"Person","@id":"https:\/\/jornalboasnoticias.com.br\/home\/#\/schema\/person\/75f9ebde398c998c166475fb446bda62","name":"Luiz Carlos da Cruz","image":{"@type":"ImageObject","inLanguage":"pt-BR","@id":"https:\/\/secure.gravatar.com\/avatar\/e6f4f45301b6cb8572f7b076572e8ac11c1db80e805d8c8d0858cf286ce3ac3b?s=96&d=mm&r=g","url":"https:\/\/secure.gravatar.com\/avatar\/e6f4f45301b6cb8572f7b076572e8ac11c1db80e805d8c8d0858cf286ce3ac3b?s=96&d=mm&r=g","contentUrl":"https:\/\/secure.gravatar.com\/avatar\/e6f4f45301b6cb8572f7b076572e8ac11c1db80e805d8c8d0858cf286ce3ac3b?s=96&d=mm&r=g","caption":"Luiz Carlos da Cruz"},"url":"https:\/\/jornalboasnoticias.com.br\/home\/author\/luiz-carlos-da-cruz\/"}]}},"_links":{"self":[{"href":"https:\/\/jornalboasnoticias.com.br\/home\/wp-json\/wp\/v2\/posts\/46924","targetHints":{"allow":["GET"]}}],"collection":[{"href":"https:\/\/jornalboasnoticias.com.br\/home\/wp-json\/wp\/v2\/posts"}],"about":[{"href":"https:\/\/jornalboasnoticias.com.br\/home\/wp-json\/wp\/v2\/types\/post"}],"author":[{"embeddable":true,"href":"https:\/\/jornalboasnoticias.com.br\/home\/wp-json\/wp\/v2\/users\/3"}],"replies":[{"embeddable":true,"href":"https:\/\/jornalboasnoticias.com.br\/home\/wp-json\/wp\/v2\/comments?post=46924"}],"version-history":[{"count":1,"href":"https:\/\/jornalboasnoticias.com.br\/home\/wp-json\/wp\/v2\/posts\/46924\/revisions"}],"predecessor-version":[{"id":46927,"href":"https:\/\/jornalboasnoticias.com.br\/home\/wp-json\/wp\/v2\/posts\/46924\/revisions\/46927"}],"wp:featuredmedia":[{"embeddable":true,"href":"https:\/\/jornalboasnoticias.com.br\/home\/wp-json\/wp\/v2\/media\/46926"}],"wp:attachment":[{"href":"https:\/\/jornalboasnoticias.com.br\/home\/wp-json\/wp\/v2\/media?parent=46924"}],"wp:term":[{"taxonomy":"category","embeddable":true,"href":"https:\/\/jornalboasnoticias.com.br\/home\/wp-json\/wp\/v2\/categories?post=46924"},{"taxonomy":"post_tag","embeddable":true,"href":"https:\/\/jornalboasnoticias.com.br\/home\/wp-json\/wp\/v2\/tags?post=46924"}],"curies":[{"name":"wp","href":"https:\/\/api.w.org\/{rel}","templated":true}]}}