{"id":46906,"date":"2025-12-16T15:54:30","date_gmt":"2025-12-16T15:54:30","guid":{"rendered":"https:\/\/jornalboasnoticias.com.br\/home\/?p=46906"},"modified":"2025-12-16T15:54:30","modified_gmt":"2025-12-16T15:54:30","slug":"mais-de-r-149-milhoes-do-nota-parana-deixaram-de-ser-resgatados-em-2025","status":"publish","type":"post","link":"https:\/\/jornalboasnoticias.com.br\/home\/mais-de-r-149-milhoes-do-nota-parana-deixaram-de-ser-resgatados-em-2025\/","title":{"rendered":"Mais de R$ 149 milh\u00f5es do Nota Paran\u00e1 deixaram de ser resgatados em 2025"},"content":{"rendered":"<blockquote>\n<p style=\"text-align: center;\"><em>De acordo com o regulamento do programa, os cr\u00e9ditos t\u00eam validade de 12 meses desde que foram gerados. Valor recorde corresponde a 38,9% dos pr\u00eamios e cr\u00e9ditos gerados pelo Nota Paran\u00e1 ao longo de todo o ano de 2024. Desaten\u00e7\u00e3o est\u00e1 entre as principais causas.<\/em><\/p>\n<\/blockquote>\n<figure id=\"attachment_46908\" aria-describedby=\"caption-attachment-46908\" style=\"width: 1001px\" class=\"wp-caption alignnone\"><img loading=\"lazy\" decoding=\"async\" class=\"size-full wp-image-46908\" src=\"https:\/\/jornalboasnoticias.com.br\/home\/wp-content\/uploads\/2025\/12\/gabriely_smeksefa-pr-scaled-e1765900448709.jpg\" alt=\"\" width=\"1001\" height=\"667\" \/><figcaption id=\"caption-attachment-46908\" class=\"wp-caption-text\">Foto: Gabriely Smek\/SEFA<\/figcaption><\/figure>\n<p>Mais de R$ 149,7 milh\u00f5es deixaram de ser resgatados pelos participantes do Nota Paran\u00e1 em 2025. O valor corresponde a cr\u00e9ditos de ICMS e pr\u00eamios entregues pelo programa ao longo de todo o ano de 2024 e que n\u00e3o foram transferidos pelos consumidores para suas contas banc\u00e1rias. Esse \u00e9 o maior valor desde 2020, quando R$ 181,7 milh\u00f5es voltaram ao caixa do Estado.<\/p>\n<p>De acordo com o regulamento do programa, os cr\u00e9ditos t\u00eam validade de 12 meses desde que foram gerados. Assim, dos mais de R$ 385 milh\u00f5es distribu\u00eddos pelo programa de cidadania fiscal da Secretaria de Estado da Fazenda (Sefa) no ano passado, cerca de 38,9% n\u00e3o foram utilizados. Na pr\u00e1tica, a cada R$ 10 creditados, R$ 3,89 expiraram.<\/p>\n<p>Segundo a coordenadora do programa, Marta Gambini, a principal raz\u00e3o para esse aumento \u00e9 a pr\u00f3pria desaten\u00e7\u00e3o dos participantes, que se esquecem de checar regularmente o saldo de suas contas no aplicativo ou no site oficial do Nota Paran\u00e1. \u201cO n\u00famero de pessoas que colocam o CPF na nota fiscal tem aumentado ano ap\u00f3s ano, ent\u00e3o o que esse crescimento nos cr\u00e9ditos cancelados mostra \u00e9 que as pessoas esquecem de efetuar o cadastro ou mesmo de consultar seu saldo\u201d, diz.<\/p>\n<p>Gambini destaca que n\u00e3o \u00e9 do interesse do Nota Paran\u00e1 que a popula\u00e7\u00e3o perca esse dinheiro, raz\u00e3o pela qual est\u00e1 sempre lembrando os usu\u00e1rios a conferirem seus saldos. \u201cN\u00e3o queremos que ningu\u00e9m perca os valores. Queremos que as pessoas acessem, transfiram para as contas banc\u00e1rias e se sintam cada vez mais motivadas em colocar o CPF na nota\u201d.<\/p>\n<p>Para facilitar o resgate, em 2025, o\u00a0Nota Paran\u00e1\u00a0reduziu o limite de saque de R$ 25 para R$ 5, permitindo que mais pessoas possam transferir esses valores para suas contas banc\u00e1rias.<\/p>\n<p>Al\u00e9m disso, a coordenadora do programa relembra que n\u00e3o h\u00e1 dinheiro perdido. Quando os cr\u00e9ditos expiram, os valores retornam para o Tesouro do Estado e podem ser aplicados em servi\u00e7os como sa\u00fade, educa\u00e7\u00e3o, seguran\u00e7a, entre outros \u2014 ou seja, \u00e9 revertido diretamente para o cidad\u00e3o na forma de servi\u00e7os p\u00fablicos.<\/p>\n<h2><strong>DADOS ATUALIZADOS<\/strong><\/h2>\n<p>Para a coordenadora do Nota Paran\u00e1, boa parte dos consumidores n\u00e3o tem o h\u00e1bito de consultar regularmente o site ou o aplicativo do programa e, por isso, nem sabem que podem resgatar valores. \u201cToda a divulga\u00e7\u00e3o dos sorteios e a pr\u00f3pria busca por alguns ganhadores \u00e9 feita justamente para estimular as pessoas a entrarem em suas contas e n\u00e3o deixarem a desaten\u00e7\u00e3o custar caro\u201d, afirma.<\/p>\n<p>Al\u00e9m disso, Marta Gambini aponta que muitos participantes n\u00e3o acessam o app do programa por terem perdido a senha de acesso. \u201cA cada cidade que visitamos, encontramos pessoas que dizem n\u00e3o lembrar a senha do aplicativo ou que perderam o email cadastrado. Nesse sentido, as unidades do Poupatempo espalhadas em todo o Estado est\u00e3o nos ajudando a permitir que essas pessoas voltem a conferir seus saldos\u201d, diz. Outra op\u00e7\u00e3o para reativar sua senha \u00e9\u00a0entrar em contato pelo\u00a0<strong><a class=\"0\" href=\"https:\/\/api.whatsapp.com\/send\/?phone=554432213944&amp;text&amp;type=phone_number&amp;app_absent=0\" target=\"_blank\" rel=\"nofollow noopener\">WhatsApp (44) 3221-3944<\/a><\/strong>.<\/p>\n<p>Outro ponto que ajuda a explicar os mais de R$ 149,7 milh\u00f5es expirados em 2025 \u00e9 o pr\u00f3prio fato de que muitos cadastros est\u00e3o incompletos no sistema do programa, o que impede que ganhadores de sorteios sejam informados. \u201cO cadastro completo e atualizado \u00e9 fundamental para que possamos entrar em contato e avisar sobre os pr\u00eamios\u201d, afirma a coordenadora. \u201cN\u00e3o temos condi\u00e7\u00f5es de avisar todos os ganhadores, mas sempre tentamos evitar que valores maiores se percam\u201d.<\/p>\n<h2><strong>COMO CONSULTAR <\/strong><\/h2>\n<p>Pelo celular, os consumidores podem checar a validade dos seus cr\u00e9ditos pelo aplicativo Nota Paran\u00e1. Assim, basta acessar a op\u00e7\u00e3o \u201cConta Nota Paran\u00e1\u201d e consultar a aba \u201cMeu Extrato\u201d. Nessa tela, \u00e9 poss\u00edvel conferir os valores adicionados m\u00eas a m\u00eas e, ao lado de cada um deles, a data em que eles v\u00e3o expirar.<\/p>\n<p>J\u00e1 pelo\u00a0<strong><a class=\"0\" href=\"https:\/\/www.notaparana.pr.gov.br\/\" target=\"_blank\" rel=\"nofollow noopener\">site do programa<\/a><\/strong>, a informa\u00e7\u00e3o sobre a validade dos cr\u00e9ditos est\u00e1 dispon\u00edvel na se\u00e7\u00e3o \u201cMinha Conta Corrente\u201d e pode ser visualizada na \u00e1rea \u201cMeu Extrato\u201d na parte inferior da tela.<\/p>\n<p><em>Ag\u00eancia Estadual de Not\u00edcias<\/em><\/p>\n","protected":false},"excerpt":{"rendered":"<p>De acordo com o regulamento do programa, os cr\u00e9ditos t\u00eam validade de 12 meses desde<\/p>\n","protected":false},"author":3,"featured_media":46908,"comment_status":"open","ping_status":"open","sticky":false,"template":"","format":"standard","meta":{"footnotes":""},"categories":[4],"tags":[],"class_list":["post-46906","post","type-post","status-publish","format-standard","has-post-thumbnail","hentry","category-parana"],"yoast_head":"<!-- This site is optimized with the Yoast SEO plugin v27.5 - https:\/\/yoast.com\/product\/yoast-seo-wordpress\/ -->\n<title>Mais de R$ 149 milh\u00f5es do Nota Paran\u00e1 deixaram de ser resgatados em 2025 - Jornal<\/title>\n<meta name=\"description\" content=\"Mais de R$ 149 milh\u00f5es do Nota Paran\u00e1 deixaram de ser resgatados em 2025\" \/>\n<meta name=\"robots\" content=\"index, follow, max-snippet:-1, max-image-preview:large, max-video-preview:-1\" \/>\n<link rel=\"canonical\" href=\"https:\/\/jornalboasnoticias.com.br\/home\/mais-de-r-149-milhoes-do-nota-parana-deixaram-de-ser-resgatados-em-2025\/\" \/>\n<meta property=\"og:locale\" content=\"pt_BR\" \/>\n<meta property=\"og:type\" content=\"article\" \/>\n<meta property=\"og:title\" content=\"Mais de R$ 149 milh\u00f5es do Nota Paran\u00e1 deixaram de ser resgatados em 2025 - Jornal\" \/>\n<meta property=\"og:description\" content=\"Mais de R$ 149 milh\u00f5es do Nota Paran\u00e1 deixaram de ser resgatados em 2025\" \/>\n<meta property=\"og:url\" content=\"https:\/\/jornalboasnoticias.com.br\/home\/mais-de-r-149-milhoes-do-nota-parana-deixaram-de-ser-resgatados-em-2025\/\" \/>\n<meta property=\"og:site_name\" content=\"Jornal\" \/>\n<meta property=\"article:publisher\" content=\"https:\/\/www.facebook.com\/boasnoticiasjornal\" \/>\n<meta property=\"article:published_time\" content=\"2025-12-16T15:54:30+00:00\" \/>\n<meta property=\"og:image\" content=\"https:\/\/jornalboasnoticias.com.br\/home\/wp-content\/uploads\/2025\/12\/gabriely_smeksefa-pr-scaled-e1765900448709.jpg\" \/>\n\t<meta property=\"og:image:width\" content=\"1001\" \/>\n\t<meta property=\"og:image:height\" content=\"667\" \/>\n\t<meta property=\"og:image:type\" content=\"image\/jpeg\" \/>\n<meta name=\"author\" content=\"Luiz Carlos da Cruz\" \/>\n<meta name=\"twitter:card\" content=\"summary_large_image\" \/>\n<meta name=\"twitter:label1\" content=\"Escrito por\" \/>\n\t<meta name=\"twitter:data1\" content=\"Luiz Carlos da Cruz\" \/>\n\t<meta name=\"twitter:label2\" content=\"Est. tempo de leitura\" \/>\n\t<meta name=\"twitter:data2\" content=\"5 minutos\" \/>\n<script type=\"application\/ld+json\" class=\"yoast-schema-graph\">{\"@context\":\"https:\\\/\\\/schema.org\",\"@graph\":[{\"@type\":\"Article\",\"@id\":\"https:\\\/\\\/jornalboasnoticias.com.br\\\/home\\\/mais-de-r-149-milhoes-do-nota-parana-deixaram-de-ser-resgatados-em-2025\\\/#article\",\"isPartOf\":{\"@id\":\"https:\\\/\\\/jornalboasnoticias.com.br\\\/home\\\/mais-de-r-149-milhoes-do-nota-parana-deixaram-de-ser-resgatados-em-2025\\\/\"},\"author\":{\"name\":\"Luiz Carlos da Cruz\",\"@id\":\"https:\\\/\\\/jornalboasnoticias.com.br\\\/home\\\/#\\\/schema\\\/person\\\/75f9ebde398c998c166475fb446bda62\"},\"headline\":\"Mais de R$ 149 milh\u00f5es do Nota Paran\u00e1 deixaram de ser resgatados em 2025\",\"datePublished\":\"2025-12-16T15:54:30+00:00\",\"mainEntityOfPage\":{\"@id\":\"https:\\\/\\\/jornalboasnoticias.com.br\\\/home\\\/mais-de-r-149-milhoes-do-nota-parana-deixaram-de-ser-resgatados-em-2025\\\/\"},\"wordCount\":766,\"commentCount\":0,\"publisher\":{\"@id\":\"https:\\\/\\\/jornalboasnoticias.com.br\\\/home\\\/#organization\"},\"image\":{\"@id\":\"https:\\\/\\\/jornalboasnoticias.com.br\\\/home\\\/mais-de-r-149-milhoes-do-nota-parana-deixaram-de-ser-resgatados-em-2025\\\/#primaryimage\"},\"thumbnailUrl\":\"https:\\\/\\\/jornalboasnoticias.com.br\\\/home\\\/wp-content\\\/uploads\\\/2025\\\/12\\\/gabriely_smeksefa-pr-scaled-e1765900448709.jpg\",\"articleSection\":[\"PARAN\u00c1\"],\"inLanguage\":\"pt-BR\",\"potentialAction\":[{\"@type\":\"CommentAction\",\"name\":\"Comment\",\"target\":[\"https:\\\/\\\/jornalboasnoticias.com.br\\\/home\\\/mais-de-r-149-milhoes-do-nota-parana-deixaram-de-ser-resgatados-em-2025\\\/#respond\"]}]},{\"@type\":\"WebPage\",\"@id\":\"https:\\\/\\\/jornalboasnoticias.com.br\\\/home\\\/mais-de-r-149-milhoes-do-nota-parana-deixaram-de-ser-resgatados-em-2025\\\/\",\"url\":\"https:\\\/\\\/jornalboasnoticias.com.br\\\/home\\\/mais-de-r-149-milhoes-do-nota-parana-deixaram-de-ser-resgatados-em-2025\\\/\",\"name\":\"Mais de R$ 149 milh\u00f5es do Nota Paran\u00e1 deixaram de ser resgatados em 2025 - Jornal\",\"isPartOf\":{\"@id\":\"https:\\\/\\\/jornalboasnoticias.com.br\\\/home\\\/#website\"},\"primaryImageOfPage\":{\"@id\":\"https:\\\/\\\/jornalboasnoticias.com.br\\\/home\\\/mais-de-r-149-milhoes-do-nota-parana-deixaram-de-ser-resgatados-em-2025\\\/#primaryimage\"},\"image\":{\"@id\":\"https:\\\/\\\/jornalboasnoticias.com.br\\\/home\\\/mais-de-r-149-milhoes-do-nota-parana-deixaram-de-ser-resgatados-em-2025\\\/#primaryimage\"},\"thumbnailUrl\":\"https:\\\/\\\/jornalboasnoticias.com.br\\\/home\\\/wp-content\\\/uploads\\\/2025\\\/12\\\/gabriely_smeksefa-pr-scaled-e1765900448709.jpg\",\"datePublished\":\"2025-12-16T15:54:30+00:00\",\"description\":\"Mais de R$ 149 milh\u00f5es do Nota Paran\u00e1 deixaram de ser resgatados em 2025\",\"breadcrumb\":{\"@id\":\"https:\\\/\\\/jornalboasnoticias.com.br\\\/home\\\/mais-de-r-149-milhoes-do-nota-parana-deixaram-de-ser-resgatados-em-2025\\\/#breadcrumb\"},\"inLanguage\":\"pt-BR\",\"potentialAction\":[{\"@type\":\"ReadAction\",\"target\":[\"https:\\\/\\\/jornalboasnoticias.com.br\\\/home\\\/mais-de-r-149-milhoes-do-nota-parana-deixaram-de-ser-resgatados-em-2025\\\/\"]}]},{\"@type\":\"ImageObject\",\"inLanguage\":\"pt-BR\",\"@id\":\"https:\\\/\\\/jornalboasnoticias.com.br\\\/home\\\/mais-de-r-149-milhoes-do-nota-parana-deixaram-de-ser-resgatados-em-2025\\\/#primaryimage\",\"url\":\"https:\\\/\\\/jornalboasnoticias.com.br\\\/home\\\/wp-content\\\/uploads\\\/2025\\\/12\\\/gabriely_smeksefa-pr-scaled-e1765900448709.jpg\",\"contentUrl\":\"https:\\\/\\\/jornalboasnoticias.com.br\\\/home\\\/wp-content\\\/uploads\\\/2025\\\/12\\\/gabriely_smeksefa-pr-scaled-e1765900448709.jpg\",\"width\":1001,\"height\":667,\"caption\":\"Foto: Gabriely Smek\\\/SEFA\"},{\"@type\":\"BreadcrumbList\",\"@id\":\"https:\\\/\\\/jornalboasnoticias.com.br\\\/home\\\/mais-de-r-149-milhoes-do-nota-parana-deixaram-de-ser-resgatados-em-2025\\\/#breadcrumb\",\"itemListElement\":[{\"@type\":\"ListItem\",\"position\":1,\"name\":\"In\u00edcio\",\"item\":\"https:\\\/\\\/jornalboasnoticias.com.br\\\/home\\\/\"},{\"@type\":\"ListItem\",\"position\":2,\"name\":\"Mais de R$ 149 milh\u00f5es do Nota Paran\u00e1 deixaram de ser resgatados em 2025\"}]},{\"@type\":\"WebSite\",\"@id\":\"https:\\\/\\\/jornalboasnoticias.com.br\\\/home\\\/#website\",\"url\":\"https:\\\/\\\/jornalboasnoticias.com.br\\\/home\\\/\",\"name\":\"Jornal Boas Not\u00edcias\",\"description\":\"Boas not\u00edcias\",\"publisher\":{\"@id\":\"https:\\\/\\\/jornalboasnoticias.com.br\\\/home\\\/#organization\"},\"potentialAction\":[{\"@type\":\"SearchAction\",\"target\":{\"@type\":\"EntryPoint\",\"urlTemplate\":\"https:\\\/\\\/jornalboasnoticias.com.br\\\/home\\\/?s={search_term_string}\"},\"query-input\":{\"@type\":\"PropertyValueSpecification\",\"valueRequired\":true,\"valueName\":\"search_term_string\"}}],\"inLanguage\":\"pt-BR\"},{\"@type\":\"Organization\",\"@id\":\"https:\\\/\\\/jornalboasnoticias.com.br\\\/home\\\/#organization\",\"name\":\"Coq Editora Ltda\",\"alternateName\":\"Jornal Boas Noticias\",\"url\":\"https:\\\/\\\/jornalboasnoticias.com.br\\\/home\\\/\",\"logo\":{\"@type\":\"ImageObject\",\"inLanguage\":\"pt-BR\",\"@id\":\"https:\\\/\\\/jornalboasnoticias.com.br\\\/home\\\/#\\\/schema\\\/logo\\\/image\\\/\",\"url\":\"https:\\\/\\\/jornalboasnoticias.com.br\\\/home\\\/wp-content\\\/uploads\\\/2024\\\/07\\\/cropped-logo.jpg\",\"contentUrl\":\"https:\\\/\\\/jornalboasnoticias.com.br\\\/home\\\/wp-content\\\/uploads\\\/2024\\\/07\\\/cropped-logo.jpg\",\"width\":290,\"height\":142,\"caption\":\"Coq Editora Ltda\"},\"image\":{\"@id\":\"https:\\\/\\\/jornalboasnoticias.com.br\\\/home\\\/#\\\/schema\\\/logo\\\/image\\\/\"},\"sameAs\":[\"https:\\\/\\\/www.facebook.com\\\/boasnoticiasjornal\"]},{\"@type\":\"Person\",\"@id\":\"https:\\\/\\\/jornalboasnoticias.com.br\\\/home\\\/#\\\/schema\\\/person\\\/75f9ebde398c998c166475fb446bda62\",\"name\":\"Luiz Carlos da Cruz\",\"image\":{\"@type\":\"ImageObject\",\"inLanguage\":\"pt-BR\",\"@id\":\"https:\\\/\\\/secure.gravatar.com\\\/avatar\\\/e6f4f45301b6cb8572f7b076572e8ac11c1db80e805d8c8d0858cf286ce3ac3b?s=96&d=mm&r=g\",\"url\":\"https:\\\/\\\/secure.gravatar.com\\\/avatar\\\/e6f4f45301b6cb8572f7b076572e8ac11c1db80e805d8c8d0858cf286ce3ac3b?s=96&d=mm&r=g\",\"contentUrl\":\"https:\\\/\\\/secure.gravatar.com\\\/avatar\\\/e6f4f45301b6cb8572f7b076572e8ac11c1db80e805d8c8d0858cf286ce3ac3b?s=96&d=mm&r=g\",\"caption\":\"Luiz Carlos da Cruz\"},\"url\":\"https:\\\/\\\/jornalboasnoticias.com.br\\\/home\\\/author\\\/luiz-carlos-da-cruz\\\/\"}]}<\/script>\n<!-- \/ Yoast SEO plugin. -->","yoast_head_json":{"title":"Mais de R$ 149 milh\u00f5es do Nota Paran\u00e1 deixaram de ser resgatados em 2025 - Jornal","description":"Mais de R$ 149 milh\u00f5es do Nota Paran\u00e1 deixaram de ser resgatados em 2025","robots":{"index":"index","follow":"follow","max-snippet":"max-snippet:-1","max-image-preview":"max-image-preview:large","max-video-preview":"max-video-preview:-1"},"canonical":"https:\/\/jornalboasnoticias.com.br\/home\/mais-de-r-149-milhoes-do-nota-parana-deixaram-de-ser-resgatados-em-2025\/","og_locale":"pt_BR","og_type":"article","og_title":"Mais de R$ 149 milh\u00f5es do Nota Paran\u00e1 deixaram de ser resgatados em 2025 - Jornal","og_description":"Mais de R$ 149 milh\u00f5es do Nota Paran\u00e1 deixaram de ser resgatados em 2025","og_url":"https:\/\/jornalboasnoticias.com.br\/home\/mais-de-r-149-milhoes-do-nota-parana-deixaram-de-ser-resgatados-em-2025\/","og_site_name":"Jornal","article_publisher":"https:\/\/www.facebook.com\/boasnoticiasjornal","article_published_time":"2025-12-16T15:54:30+00:00","og_image":[{"width":1001,"height":667,"url":"https:\/\/jornalboasnoticias.com.br\/home\/wp-content\/uploads\/2025\/12\/gabriely_smeksefa-pr-scaled-e1765900448709.jpg","type":"image\/jpeg"}],"author":"Luiz Carlos da Cruz","twitter_card":"summary_large_image","twitter_misc":{"Escrito por":"Luiz Carlos da Cruz","Est. tempo de leitura":"5 minutos"},"schema":{"@context":"https:\/\/schema.org","@graph":[{"@type":"Article","@id":"https:\/\/jornalboasnoticias.com.br\/home\/mais-de-r-149-milhoes-do-nota-parana-deixaram-de-ser-resgatados-em-2025\/#article","isPartOf":{"@id":"https:\/\/jornalboasnoticias.com.br\/home\/mais-de-r-149-milhoes-do-nota-parana-deixaram-de-ser-resgatados-em-2025\/"},"author":{"name":"Luiz Carlos da Cruz","@id":"https:\/\/jornalboasnoticias.com.br\/home\/#\/schema\/person\/75f9ebde398c998c166475fb446bda62"},"headline":"Mais de R$ 149 milh\u00f5es do Nota Paran\u00e1 deixaram de ser resgatados em 2025","datePublished":"2025-12-16T15:54:30+00:00","mainEntityOfPage":{"@id":"https:\/\/jornalboasnoticias.com.br\/home\/mais-de-r-149-milhoes-do-nota-parana-deixaram-de-ser-resgatados-em-2025\/"},"wordCount":766,"commentCount":0,"publisher":{"@id":"https:\/\/jornalboasnoticias.com.br\/home\/#organization"},"image":{"@id":"https:\/\/jornalboasnoticias.com.br\/home\/mais-de-r-149-milhoes-do-nota-parana-deixaram-de-ser-resgatados-em-2025\/#primaryimage"},"thumbnailUrl":"https:\/\/jornalboasnoticias.com.br\/home\/wp-content\/uploads\/2025\/12\/gabriely_smeksefa-pr-scaled-e1765900448709.jpg","articleSection":["PARAN\u00c1"],"inLanguage":"pt-BR","potentialAction":[{"@type":"CommentAction","name":"Comment","target":["https:\/\/jornalboasnoticias.com.br\/home\/mais-de-r-149-milhoes-do-nota-parana-deixaram-de-ser-resgatados-em-2025\/#respond"]}]},{"@type":"WebPage","@id":"https:\/\/jornalboasnoticias.com.br\/home\/mais-de-r-149-milhoes-do-nota-parana-deixaram-de-ser-resgatados-em-2025\/","url":"https:\/\/jornalboasnoticias.com.br\/home\/mais-de-r-149-milhoes-do-nota-parana-deixaram-de-ser-resgatados-em-2025\/","name":"Mais de R$ 149 milh\u00f5es do Nota Paran\u00e1 deixaram de ser resgatados em 2025 - Jornal","isPartOf":{"@id":"https:\/\/jornalboasnoticias.com.br\/home\/#website"},"primaryImageOfPage":{"@id":"https:\/\/jornalboasnoticias.com.br\/home\/mais-de-r-149-milhoes-do-nota-parana-deixaram-de-ser-resgatados-em-2025\/#primaryimage"},"image":{"@id":"https:\/\/jornalboasnoticias.com.br\/home\/mais-de-r-149-milhoes-do-nota-parana-deixaram-de-ser-resgatados-em-2025\/#primaryimage"},"thumbnailUrl":"https:\/\/jornalboasnoticias.com.br\/home\/wp-content\/uploads\/2025\/12\/gabriely_smeksefa-pr-scaled-e1765900448709.jpg","datePublished":"2025-12-16T15:54:30+00:00","description":"Mais de R$ 149 milh\u00f5es do Nota Paran\u00e1 deixaram de ser resgatados em 2025","breadcrumb":{"@id":"https:\/\/jornalboasnoticias.com.br\/home\/mais-de-r-149-milhoes-do-nota-parana-deixaram-de-ser-resgatados-em-2025\/#breadcrumb"},"inLanguage":"pt-BR","potentialAction":[{"@type":"ReadAction","target":["https:\/\/jornalboasnoticias.com.br\/home\/mais-de-r-149-milhoes-do-nota-parana-deixaram-de-ser-resgatados-em-2025\/"]}]},{"@type":"ImageObject","inLanguage":"pt-BR","@id":"https:\/\/jornalboasnoticias.com.br\/home\/mais-de-r-149-milhoes-do-nota-parana-deixaram-de-ser-resgatados-em-2025\/#primaryimage","url":"https:\/\/jornalboasnoticias.com.br\/home\/wp-content\/uploads\/2025\/12\/gabriely_smeksefa-pr-scaled-e1765900448709.jpg","contentUrl":"https:\/\/jornalboasnoticias.com.br\/home\/wp-content\/uploads\/2025\/12\/gabriely_smeksefa-pr-scaled-e1765900448709.jpg","width":1001,"height":667,"caption":"Foto: Gabriely Smek\/SEFA"},{"@type":"BreadcrumbList","@id":"https:\/\/jornalboasnoticias.com.br\/home\/mais-de-r-149-milhoes-do-nota-parana-deixaram-de-ser-resgatados-em-2025\/#breadcrumb","itemListElement":[{"@type":"ListItem","position":1,"name":"In\u00edcio","item":"https:\/\/jornalboasnoticias.com.br\/home\/"},{"@type":"ListItem","position":2,"name":"Mais de R$ 149 milh\u00f5es do Nota Paran\u00e1 deixaram de ser resgatados em 2025"}]},{"@type":"WebSite","@id":"https:\/\/jornalboasnoticias.com.br\/home\/#website","url":"https:\/\/jornalboasnoticias.com.br\/home\/","name":"Jornal Boas Not\u00edcias","description":"Boas not\u00edcias","publisher":{"@id":"https:\/\/jornalboasnoticias.com.br\/home\/#organization"},"potentialAction":[{"@type":"SearchAction","target":{"@type":"EntryPoint","urlTemplate":"https:\/\/jornalboasnoticias.com.br\/home\/?s={search_term_string}"},"query-input":{"@type":"PropertyValueSpecification","valueRequired":true,"valueName":"search_term_string"}}],"inLanguage":"pt-BR"},{"@type":"Organization","@id":"https:\/\/jornalboasnoticias.com.br\/home\/#organization","name":"Coq Editora Ltda","alternateName":"Jornal Boas Noticias","url":"https:\/\/jornalboasnoticias.com.br\/home\/","logo":{"@type":"ImageObject","inLanguage":"pt-BR","@id":"https:\/\/jornalboasnoticias.com.br\/home\/#\/schema\/logo\/image\/","url":"https:\/\/jornalboasnoticias.com.br\/home\/wp-content\/uploads\/2024\/07\/cropped-logo.jpg","contentUrl":"https:\/\/jornalboasnoticias.com.br\/home\/wp-content\/uploads\/2024\/07\/cropped-logo.jpg","width":290,"height":142,"caption":"Coq Editora Ltda"},"image":{"@id":"https:\/\/jornalboasnoticias.com.br\/home\/#\/schema\/logo\/image\/"},"sameAs":["https:\/\/www.facebook.com\/boasnoticiasjornal"]},{"@type":"Person","@id":"https:\/\/jornalboasnoticias.com.br\/home\/#\/schema\/person\/75f9ebde398c998c166475fb446bda62","name":"Luiz Carlos da Cruz","image":{"@type":"ImageObject","inLanguage":"pt-BR","@id":"https:\/\/secure.gravatar.com\/avatar\/e6f4f45301b6cb8572f7b076572e8ac11c1db80e805d8c8d0858cf286ce3ac3b?s=96&d=mm&r=g","url":"https:\/\/secure.gravatar.com\/avatar\/e6f4f45301b6cb8572f7b076572e8ac11c1db80e805d8c8d0858cf286ce3ac3b?s=96&d=mm&r=g","contentUrl":"https:\/\/secure.gravatar.com\/avatar\/e6f4f45301b6cb8572f7b076572e8ac11c1db80e805d8c8d0858cf286ce3ac3b?s=96&d=mm&r=g","caption":"Luiz Carlos da Cruz"},"url":"https:\/\/jornalboasnoticias.com.br\/home\/author\/luiz-carlos-da-cruz\/"}]}},"_links":{"self":[{"href":"https:\/\/jornalboasnoticias.com.br\/home\/wp-json\/wp\/v2\/posts\/46906","targetHints":{"allow":["GET"]}}],"collection":[{"href":"https:\/\/jornalboasnoticias.com.br\/home\/wp-json\/wp\/v2\/posts"}],"about":[{"href":"https:\/\/jornalboasnoticias.com.br\/home\/wp-json\/wp\/v2\/types\/post"}],"author":[{"embeddable":true,"href":"https:\/\/jornalboasnoticias.com.br\/home\/wp-json\/wp\/v2\/users\/3"}],"replies":[{"embeddable":true,"href":"https:\/\/jornalboasnoticias.com.br\/home\/wp-json\/wp\/v2\/comments?post=46906"}],"version-history":[{"count":1,"href":"https:\/\/jornalboasnoticias.com.br\/home\/wp-json\/wp\/v2\/posts\/46906\/revisions"}],"predecessor-version":[{"id":46909,"href":"https:\/\/jornalboasnoticias.com.br\/home\/wp-json\/wp\/v2\/posts\/46906\/revisions\/46909"}],"wp:featuredmedia":[{"embeddable":true,"href":"https:\/\/jornalboasnoticias.com.br\/home\/wp-json\/wp\/v2\/media\/46908"}],"wp:attachment":[{"href":"https:\/\/jornalboasnoticias.com.br\/home\/wp-json\/wp\/v2\/media?parent=46906"}],"wp:term":[{"taxonomy":"category","embeddable":true,"href":"https:\/\/jornalboasnoticias.com.br\/home\/wp-json\/wp\/v2\/categories?post=46906"},{"taxonomy":"post_tag","embeddable":true,"href":"https:\/\/jornalboasnoticias.com.br\/home\/wp-json\/wp\/v2\/tags?post=46906"}],"curies":[{"name":"wp","href":"https:\/\/api.w.org\/{rel}","templated":true}]}}