{"id":46891,"date":"2025-12-16T13:23:10","date_gmt":"2025-12-16T13:23:10","guid":{"rendered":"https:\/\/jornalboasnoticias.com.br\/home\/?p=46891"},"modified":"2025-12-16T13:23:10","modified_gmt":"2025-12-16T13:23:10","slug":"prefeitura-recebe-r-1-milhao-para-equipar-novas-unidades-de-saude-de-cascavel","status":"publish","type":"post","link":"https:\/\/jornalboasnoticias.com.br\/home\/prefeitura-recebe-r-1-milhao-para-equipar-novas-unidades-de-saude-de-cascavel\/","title":{"rendered":"Prefeitura recebe R$ 1 milh\u00e3o para equipar novas unidades de sa\u00fade de Cascavel"},"content":{"rendered":"<blockquote>\n<p style=\"text-align: center;\">Recurso do Governo do Estado, por meio do deputado estadual Gugu Bueno, ser\u00e1 aplicado na compra de mobili\u00e1rio e equipamentos<\/p>\n<\/blockquote>\n<figure id=\"attachment_46892\" aria-describedby=\"caption-attachment-46892\" style=\"width: 1000px\" class=\"wp-caption alignnone\"><img loading=\"lazy\" decoding=\"async\" class=\"size-full wp-image-46892\" src=\"https:\/\/jornalboasnoticias.com.br\/home\/wp-content\/uploads\/2025\/12\/WhatsApp-Image-2025-12-16-at-09_41_40-e1765891318752.jpeg\" alt=\"\" width=\"1000\" height=\"750\" \/><figcaption id=\"caption-attachment-46892\" class=\"wp-caption-text\">Divulga\u00e7\u00e3o<\/figcaption><\/figure>\n<p>A sa\u00fade p\u00fablica de Cascavel recebeu\u00a0um refor\u00e7o importante para refor\u00e7ar a rede de aten\u00e7\u00e3o prim\u00e1ria. O governo estadual\u00a0anunciou, ontem (15), em reuni\u00e3o em Curitiba,\u00a0a libera\u00e7\u00e3o de R$ 1 milh\u00e3o para a compra de equipamentos e mobili\u00e1rio destinados \u00e0s\u00a0novas\u00a0unidades de sa\u00fade do munic\u00edpio em constru\u00e7\u00e3o. No mesmo encontro, tamb\u00e9m foram entregues tr\u00eas ambul\u00e2ncias com UTI para o Consamu (Cons\u00f3rcio Intermunicipal de Sa\u00fade do Oeste do Paran\u00e1) e outra para o Hospital\u00a0HUOP (Hospital\u00a0Universit\u00e1rio do Oeste do Paran\u00e1 (HUOP), fortalecendo a rede de urg\u00eancia e emerg\u00eancia da cidade.<\/p>\n<p>Os investimentos foram viabilizados pelo governador Ratinho J\u00fanior, por meio da Secretaria de Estado da Sa\u00fade, com apoio do deputado estadual Gugu Bueno.<\/p>\n<p>O recurso de R$ 1 milh\u00e3o ser\u00e1 aplicado na compra de equipamentos e mobili\u00e1rio para as Unidades de Sa\u00fade Gralha Azul; j\u00e1 25,85% executada, Lago Azul\u00a0(44,68%)\u00a0e Palmeiras\u00a0(29,56%), al\u00e9m do CAPS I\u00a0(33,59%)\u00a0e CAPS III (11,55%). As unidades est\u00e3o em fase de constru\u00e7\u00e3o no munic\u00edpio. O\u00a0investimento vai garantir que os espa\u00e7os sejam entregues totalmente estruturados \u00e0 popula\u00e7\u00e3o.<\/p>\n<p>De acordo com o secret\u00e1rio de Estado da Sa\u00fade, Beto Preto, o recurso vai fortalecer a\u00a0rede de sa\u00fade no Munic\u00edpio. \u201cEstamos liberando R$ 1 milh\u00e3o para a aquisi\u00e7\u00e3o de equipamentos que v\u00e3o refor\u00e7ar o trabalho da Aten\u00e7\u00e3o Prim\u00e1ria em Cascavel\u201d.<\/p>\n<p>O deputado Gugu Bueno ressaltou que os investimentos refletem um esfor\u00e7o cont\u00ednuo para fortalecer o atendimento \u00e0 popula\u00e7\u00e3o. \u201cA sa\u00fade precisa de investimento permanente. Encerramos 2025 com essa entrega das ambul\u00e2ncias, que t\u00eam um papel fundamental no transporte de pacientes, e com a libera\u00e7\u00e3o desse recurso de R$ 1 milh\u00e3o, solicitado pela Prefeitura, para equipar novas unidades de sa\u00fade em Cascavel. \u00c9 mais estrutura e mais qualidade no atendimento \u00e0 popula\u00e7\u00e3o\u201d, destacou o parlamentar.<\/p>\n<p>O secret\u00e1rio municipal de Sa\u00fade de Cascavel, Ali Haidar, explicou que os investimentos chegam em um momento estrat\u00e9gico. \u201cTodos esses espa\u00e7os j\u00e1 ter\u00e3o recursos garantidos para a aquisi\u00e7\u00e3o de equipamentos, permitindo entregar unidades completas e com qualidade\u201d.<\/p>\n<p>Ali Haidar tamb\u00e9m destacou o apoio institucional do Estado e da Assembleia Legislativa. \u201cO suporte do deputado Gugu Bueno e do secret\u00e1rio Beto Preto tem sido fundamental para atender as demandas da sa\u00fade de Cascavel\u201d.<\/p>\n<p><em>Prefeitura de Cascavel<\/em><\/p>\n<p>&nbsp;<\/p>\n","protected":false},"excerpt":{"rendered":"<p>Recurso do Governo do Estado, por meio do deputado estadual Gugu Bueno, ser\u00e1 aplicado na<\/p>\n","protected":false},"author":3,"featured_media":46892,"comment_status":"open","ping_status":"open","sticky":false,"template":"","format":"standard","meta":{"footnotes":""},"categories":[2,3],"tags":[],"class_list":["post-46891","post","type-post","status-publish","format-standard","has-post-thumbnail","hentry","category-cascavel","category-destaques"],"yoast_head":"<!-- This site is optimized with the Yoast SEO plugin v27.5 - https:\/\/yoast.com\/product\/yoast-seo-wordpress\/ -->\n<title>Prefeitura recebe R$ 1 milh\u00e3o para equipar novas unidades de sa\u00fade de Cascavel - Jornal<\/title>\n<meta name=\"description\" content=\"Prefeitura recebe R$ 1 milh\u00e3o para equipar novas unidades de sa\u00fade de Cascavel\" \/>\n<meta name=\"robots\" content=\"index, follow, max-snippet:-1, max-image-preview:large, max-video-preview:-1\" \/>\n<link rel=\"canonical\" href=\"https:\/\/jornalboasnoticias.com.br\/home\/prefeitura-recebe-r-1-milhao-para-equipar-novas-unidades-de-saude-de-cascavel\/\" \/>\n<meta property=\"og:locale\" content=\"pt_BR\" \/>\n<meta property=\"og:type\" content=\"article\" \/>\n<meta property=\"og:title\" content=\"Prefeitura recebe R$ 1 milh\u00e3o para equipar novas unidades de sa\u00fade de Cascavel - Jornal\" \/>\n<meta property=\"og:description\" content=\"Prefeitura recebe R$ 1 milh\u00e3o para equipar novas unidades de sa\u00fade de Cascavel\" \/>\n<meta property=\"og:url\" content=\"https:\/\/jornalboasnoticias.com.br\/home\/prefeitura-recebe-r-1-milhao-para-equipar-novas-unidades-de-saude-de-cascavel\/\" \/>\n<meta property=\"og:site_name\" content=\"Jornal\" \/>\n<meta property=\"article:publisher\" content=\"https:\/\/www.facebook.com\/boasnoticiasjornal\" \/>\n<meta property=\"article:published_time\" content=\"2025-12-16T13:23:10+00:00\" \/>\n<meta property=\"og:image\" content=\"https:\/\/jornalboasnoticias.com.br\/home\/wp-content\/uploads\/2025\/12\/WhatsApp-Image-2025-12-16-at-09_41_40-e1765891318752.jpeg\" \/>\n\t<meta property=\"og:image:width\" content=\"1000\" \/>\n\t<meta property=\"og:image:height\" content=\"750\" \/>\n\t<meta property=\"og:image:type\" content=\"image\/jpeg\" \/>\n<meta name=\"author\" content=\"Luiz Carlos da Cruz\" \/>\n<meta name=\"twitter:card\" content=\"summary_large_image\" \/>\n<meta name=\"twitter:label1\" content=\"Escrito por\" \/>\n\t<meta name=\"twitter:data1\" content=\"Luiz Carlos da Cruz\" \/>\n\t<meta name=\"twitter:label2\" content=\"Est. tempo de leitura\" \/>\n\t<meta name=\"twitter:data2\" content=\"3 minutos\" \/>\n<script type=\"application\/ld+json\" class=\"yoast-schema-graph\">{\"@context\":\"https:\\\/\\\/schema.org\",\"@graph\":[{\"@type\":\"Article\",\"@id\":\"https:\\\/\\\/jornalboasnoticias.com.br\\\/home\\\/prefeitura-recebe-r-1-milhao-para-equipar-novas-unidades-de-saude-de-cascavel\\\/#article\",\"isPartOf\":{\"@id\":\"https:\\\/\\\/jornalboasnoticias.com.br\\\/home\\\/prefeitura-recebe-r-1-milhao-para-equipar-novas-unidades-de-saude-de-cascavel\\\/\"},\"author\":{\"name\":\"Luiz Carlos da Cruz\",\"@id\":\"https:\\\/\\\/jornalboasnoticias.com.br\\\/home\\\/#\\\/schema\\\/person\\\/75f9ebde398c998c166475fb446bda62\"},\"headline\":\"Prefeitura recebe R$ 1 milh\u00e3o para equipar novas unidades de sa\u00fade de Cascavel\",\"datePublished\":\"2025-12-16T13:23:10+00:00\",\"mainEntityOfPage\":{\"@id\":\"https:\\\/\\\/jornalboasnoticias.com.br\\\/home\\\/prefeitura-recebe-r-1-milhao-para-equipar-novas-unidades-de-saude-de-cascavel\\\/\"},\"wordCount\":457,\"commentCount\":0,\"publisher\":{\"@id\":\"https:\\\/\\\/jornalboasnoticias.com.br\\\/home\\\/#organization\"},\"image\":{\"@id\":\"https:\\\/\\\/jornalboasnoticias.com.br\\\/home\\\/prefeitura-recebe-r-1-milhao-para-equipar-novas-unidades-de-saude-de-cascavel\\\/#primaryimage\"},\"thumbnailUrl\":\"https:\\\/\\\/jornalboasnoticias.com.br\\\/home\\\/wp-content\\\/uploads\\\/2025\\\/12\\\/WhatsApp-Image-2025-12-16-at-09_41_40-e1765891318752.jpeg\",\"articleSection\":[\"CASCAVEL\",\"DESTAQUE\"],\"inLanguage\":\"pt-BR\",\"potentialAction\":[{\"@type\":\"CommentAction\",\"name\":\"Comment\",\"target\":[\"https:\\\/\\\/jornalboasnoticias.com.br\\\/home\\\/prefeitura-recebe-r-1-milhao-para-equipar-novas-unidades-de-saude-de-cascavel\\\/#respond\"]}]},{\"@type\":\"WebPage\",\"@id\":\"https:\\\/\\\/jornalboasnoticias.com.br\\\/home\\\/prefeitura-recebe-r-1-milhao-para-equipar-novas-unidades-de-saude-de-cascavel\\\/\",\"url\":\"https:\\\/\\\/jornalboasnoticias.com.br\\\/home\\\/prefeitura-recebe-r-1-milhao-para-equipar-novas-unidades-de-saude-de-cascavel\\\/\",\"name\":\"Prefeitura recebe R$ 1 milh\u00e3o para equipar novas unidades de sa\u00fade de Cascavel - Jornal\",\"isPartOf\":{\"@id\":\"https:\\\/\\\/jornalboasnoticias.com.br\\\/home\\\/#website\"},\"primaryImageOfPage\":{\"@id\":\"https:\\\/\\\/jornalboasnoticias.com.br\\\/home\\\/prefeitura-recebe-r-1-milhao-para-equipar-novas-unidades-de-saude-de-cascavel\\\/#primaryimage\"},\"image\":{\"@id\":\"https:\\\/\\\/jornalboasnoticias.com.br\\\/home\\\/prefeitura-recebe-r-1-milhao-para-equipar-novas-unidades-de-saude-de-cascavel\\\/#primaryimage\"},\"thumbnailUrl\":\"https:\\\/\\\/jornalboasnoticias.com.br\\\/home\\\/wp-content\\\/uploads\\\/2025\\\/12\\\/WhatsApp-Image-2025-12-16-at-09_41_40-e1765891318752.jpeg\",\"datePublished\":\"2025-12-16T13:23:10+00:00\",\"description\":\"Prefeitura recebe R$ 1 milh\u00e3o para equipar novas unidades de sa\u00fade de Cascavel\",\"breadcrumb\":{\"@id\":\"https:\\\/\\\/jornalboasnoticias.com.br\\\/home\\\/prefeitura-recebe-r-1-milhao-para-equipar-novas-unidades-de-saude-de-cascavel\\\/#breadcrumb\"},\"inLanguage\":\"pt-BR\",\"potentialAction\":[{\"@type\":\"ReadAction\",\"target\":[\"https:\\\/\\\/jornalboasnoticias.com.br\\\/home\\\/prefeitura-recebe-r-1-milhao-para-equipar-novas-unidades-de-saude-de-cascavel\\\/\"]}]},{\"@type\":\"ImageObject\",\"inLanguage\":\"pt-BR\",\"@id\":\"https:\\\/\\\/jornalboasnoticias.com.br\\\/home\\\/prefeitura-recebe-r-1-milhao-para-equipar-novas-unidades-de-saude-de-cascavel\\\/#primaryimage\",\"url\":\"https:\\\/\\\/jornalboasnoticias.com.br\\\/home\\\/wp-content\\\/uploads\\\/2025\\\/12\\\/WhatsApp-Image-2025-12-16-at-09_41_40-e1765891318752.jpeg\",\"contentUrl\":\"https:\\\/\\\/jornalboasnoticias.com.br\\\/home\\\/wp-content\\\/uploads\\\/2025\\\/12\\\/WhatsApp-Image-2025-12-16-at-09_41_40-e1765891318752.jpeg\",\"width\":1000,\"height\":750,\"caption\":\"Divulga\u00e7\u00e3o\"},{\"@type\":\"BreadcrumbList\",\"@id\":\"https:\\\/\\\/jornalboasnoticias.com.br\\\/home\\\/prefeitura-recebe-r-1-milhao-para-equipar-novas-unidades-de-saude-de-cascavel\\\/#breadcrumb\",\"itemListElement\":[{\"@type\":\"ListItem\",\"position\":1,\"name\":\"In\u00edcio\",\"item\":\"https:\\\/\\\/jornalboasnoticias.com.br\\\/home\\\/\"},{\"@type\":\"ListItem\",\"position\":2,\"name\":\"Prefeitura recebe R$ 1 milh\u00e3o para equipar novas unidades de sa\u00fade de Cascavel\"}]},{\"@type\":\"WebSite\",\"@id\":\"https:\\\/\\\/jornalboasnoticias.com.br\\\/home\\\/#website\",\"url\":\"https:\\\/\\\/jornalboasnoticias.com.br\\\/home\\\/\",\"name\":\"Jornal Boas Not\u00edcias\",\"description\":\"Boas not\u00edcias\",\"publisher\":{\"@id\":\"https:\\\/\\\/jornalboasnoticias.com.br\\\/home\\\/#organization\"},\"potentialAction\":[{\"@type\":\"SearchAction\",\"target\":{\"@type\":\"EntryPoint\",\"urlTemplate\":\"https:\\\/\\\/jornalboasnoticias.com.br\\\/home\\\/?s={search_term_string}\"},\"query-input\":{\"@type\":\"PropertyValueSpecification\",\"valueRequired\":true,\"valueName\":\"search_term_string\"}}],\"inLanguage\":\"pt-BR\"},{\"@type\":\"Organization\",\"@id\":\"https:\\\/\\\/jornalboasnoticias.com.br\\\/home\\\/#organization\",\"name\":\"Coq Editora Ltda\",\"alternateName\":\"Jornal Boas Noticias\",\"url\":\"https:\\\/\\\/jornalboasnoticias.com.br\\\/home\\\/\",\"logo\":{\"@type\":\"ImageObject\",\"inLanguage\":\"pt-BR\",\"@id\":\"https:\\\/\\\/jornalboasnoticias.com.br\\\/home\\\/#\\\/schema\\\/logo\\\/image\\\/\",\"url\":\"https:\\\/\\\/jornalboasnoticias.com.br\\\/home\\\/wp-content\\\/uploads\\\/2024\\\/07\\\/cropped-logo.jpg\",\"contentUrl\":\"https:\\\/\\\/jornalboasnoticias.com.br\\\/home\\\/wp-content\\\/uploads\\\/2024\\\/07\\\/cropped-logo.jpg\",\"width\":290,\"height\":142,\"caption\":\"Coq Editora Ltda\"},\"image\":{\"@id\":\"https:\\\/\\\/jornalboasnoticias.com.br\\\/home\\\/#\\\/schema\\\/logo\\\/image\\\/\"},\"sameAs\":[\"https:\\\/\\\/www.facebook.com\\\/boasnoticiasjornal\"]},{\"@type\":\"Person\",\"@id\":\"https:\\\/\\\/jornalboasnoticias.com.br\\\/home\\\/#\\\/schema\\\/person\\\/75f9ebde398c998c166475fb446bda62\",\"name\":\"Luiz Carlos da Cruz\",\"image\":{\"@type\":\"ImageObject\",\"inLanguage\":\"pt-BR\",\"@id\":\"https:\\\/\\\/secure.gravatar.com\\\/avatar\\\/e6f4f45301b6cb8572f7b076572e8ac11c1db80e805d8c8d0858cf286ce3ac3b?s=96&d=mm&r=g\",\"url\":\"https:\\\/\\\/secure.gravatar.com\\\/avatar\\\/e6f4f45301b6cb8572f7b076572e8ac11c1db80e805d8c8d0858cf286ce3ac3b?s=96&d=mm&r=g\",\"contentUrl\":\"https:\\\/\\\/secure.gravatar.com\\\/avatar\\\/e6f4f45301b6cb8572f7b076572e8ac11c1db80e805d8c8d0858cf286ce3ac3b?s=96&d=mm&r=g\",\"caption\":\"Luiz Carlos da Cruz\"},\"url\":\"https:\\\/\\\/jornalboasnoticias.com.br\\\/home\\\/author\\\/luiz-carlos-da-cruz\\\/\"}]}<\/script>\n<!-- \/ Yoast SEO plugin. -->","yoast_head_json":{"title":"Prefeitura recebe R$ 1 milh\u00e3o para equipar novas unidades de sa\u00fade de Cascavel - Jornal","description":"Prefeitura recebe R$ 1 milh\u00e3o para equipar novas unidades de sa\u00fade de Cascavel","robots":{"index":"index","follow":"follow","max-snippet":"max-snippet:-1","max-image-preview":"max-image-preview:large","max-video-preview":"max-video-preview:-1"},"canonical":"https:\/\/jornalboasnoticias.com.br\/home\/prefeitura-recebe-r-1-milhao-para-equipar-novas-unidades-de-saude-de-cascavel\/","og_locale":"pt_BR","og_type":"article","og_title":"Prefeitura recebe R$ 1 milh\u00e3o para equipar novas unidades de sa\u00fade de Cascavel - Jornal","og_description":"Prefeitura recebe R$ 1 milh\u00e3o para equipar novas unidades de sa\u00fade de Cascavel","og_url":"https:\/\/jornalboasnoticias.com.br\/home\/prefeitura-recebe-r-1-milhao-para-equipar-novas-unidades-de-saude-de-cascavel\/","og_site_name":"Jornal","article_publisher":"https:\/\/www.facebook.com\/boasnoticiasjornal","article_published_time":"2025-12-16T13:23:10+00:00","og_image":[{"width":1000,"height":750,"url":"https:\/\/jornalboasnoticias.com.br\/home\/wp-content\/uploads\/2025\/12\/WhatsApp-Image-2025-12-16-at-09_41_40-e1765891318752.jpeg","type":"image\/jpeg"}],"author":"Luiz Carlos da Cruz","twitter_card":"summary_large_image","twitter_misc":{"Escrito por":"Luiz Carlos da Cruz","Est. tempo de leitura":"3 minutos"},"schema":{"@context":"https:\/\/schema.org","@graph":[{"@type":"Article","@id":"https:\/\/jornalboasnoticias.com.br\/home\/prefeitura-recebe-r-1-milhao-para-equipar-novas-unidades-de-saude-de-cascavel\/#article","isPartOf":{"@id":"https:\/\/jornalboasnoticias.com.br\/home\/prefeitura-recebe-r-1-milhao-para-equipar-novas-unidades-de-saude-de-cascavel\/"},"author":{"name":"Luiz Carlos da Cruz","@id":"https:\/\/jornalboasnoticias.com.br\/home\/#\/schema\/person\/75f9ebde398c998c166475fb446bda62"},"headline":"Prefeitura recebe R$ 1 milh\u00e3o para equipar novas unidades de sa\u00fade de Cascavel","datePublished":"2025-12-16T13:23:10+00:00","mainEntityOfPage":{"@id":"https:\/\/jornalboasnoticias.com.br\/home\/prefeitura-recebe-r-1-milhao-para-equipar-novas-unidades-de-saude-de-cascavel\/"},"wordCount":457,"commentCount":0,"publisher":{"@id":"https:\/\/jornalboasnoticias.com.br\/home\/#organization"},"image":{"@id":"https:\/\/jornalboasnoticias.com.br\/home\/prefeitura-recebe-r-1-milhao-para-equipar-novas-unidades-de-saude-de-cascavel\/#primaryimage"},"thumbnailUrl":"https:\/\/jornalboasnoticias.com.br\/home\/wp-content\/uploads\/2025\/12\/WhatsApp-Image-2025-12-16-at-09_41_40-e1765891318752.jpeg","articleSection":["CASCAVEL","DESTAQUE"],"inLanguage":"pt-BR","potentialAction":[{"@type":"CommentAction","name":"Comment","target":["https:\/\/jornalboasnoticias.com.br\/home\/prefeitura-recebe-r-1-milhao-para-equipar-novas-unidades-de-saude-de-cascavel\/#respond"]}]},{"@type":"WebPage","@id":"https:\/\/jornalboasnoticias.com.br\/home\/prefeitura-recebe-r-1-milhao-para-equipar-novas-unidades-de-saude-de-cascavel\/","url":"https:\/\/jornalboasnoticias.com.br\/home\/prefeitura-recebe-r-1-milhao-para-equipar-novas-unidades-de-saude-de-cascavel\/","name":"Prefeitura recebe R$ 1 milh\u00e3o para equipar novas unidades de sa\u00fade de Cascavel - Jornal","isPartOf":{"@id":"https:\/\/jornalboasnoticias.com.br\/home\/#website"},"primaryImageOfPage":{"@id":"https:\/\/jornalboasnoticias.com.br\/home\/prefeitura-recebe-r-1-milhao-para-equipar-novas-unidades-de-saude-de-cascavel\/#primaryimage"},"image":{"@id":"https:\/\/jornalboasnoticias.com.br\/home\/prefeitura-recebe-r-1-milhao-para-equipar-novas-unidades-de-saude-de-cascavel\/#primaryimage"},"thumbnailUrl":"https:\/\/jornalboasnoticias.com.br\/home\/wp-content\/uploads\/2025\/12\/WhatsApp-Image-2025-12-16-at-09_41_40-e1765891318752.jpeg","datePublished":"2025-12-16T13:23:10+00:00","description":"Prefeitura recebe R$ 1 milh\u00e3o para equipar novas unidades de sa\u00fade de Cascavel","breadcrumb":{"@id":"https:\/\/jornalboasnoticias.com.br\/home\/prefeitura-recebe-r-1-milhao-para-equipar-novas-unidades-de-saude-de-cascavel\/#breadcrumb"},"inLanguage":"pt-BR","potentialAction":[{"@type":"ReadAction","target":["https:\/\/jornalboasnoticias.com.br\/home\/prefeitura-recebe-r-1-milhao-para-equipar-novas-unidades-de-saude-de-cascavel\/"]}]},{"@type":"ImageObject","inLanguage":"pt-BR","@id":"https:\/\/jornalboasnoticias.com.br\/home\/prefeitura-recebe-r-1-milhao-para-equipar-novas-unidades-de-saude-de-cascavel\/#primaryimage","url":"https:\/\/jornalboasnoticias.com.br\/home\/wp-content\/uploads\/2025\/12\/WhatsApp-Image-2025-12-16-at-09_41_40-e1765891318752.jpeg","contentUrl":"https:\/\/jornalboasnoticias.com.br\/home\/wp-content\/uploads\/2025\/12\/WhatsApp-Image-2025-12-16-at-09_41_40-e1765891318752.jpeg","width":1000,"height":750,"caption":"Divulga\u00e7\u00e3o"},{"@type":"BreadcrumbList","@id":"https:\/\/jornalboasnoticias.com.br\/home\/prefeitura-recebe-r-1-milhao-para-equipar-novas-unidades-de-saude-de-cascavel\/#breadcrumb","itemListElement":[{"@type":"ListItem","position":1,"name":"In\u00edcio","item":"https:\/\/jornalboasnoticias.com.br\/home\/"},{"@type":"ListItem","position":2,"name":"Prefeitura recebe R$ 1 milh\u00e3o para equipar novas unidades de sa\u00fade de Cascavel"}]},{"@type":"WebSite","@id":"https:\/\/jornalboasnoticias.com.br\/home\/#website","url":"https:\/\/jornalboasnoticias.com.br\/home\/","name":"Jornal Boas Not\u00edcias","description":"Boas not\u00edcias","publisher":{"@id":"https:\/\/jornalboasnoticias.com.br\/home\/#organization"},"potentialAction":[{"@type":"SearchAction","target":{"@type":"EntryPoint","urlTemplate":"https:\/\/jornalboasnoticias.com.br\/home\/?s={search_term_string}"},"query-input":{"@type":"PropertyValueSpecification","valueRequired":true,"valueName":"search_term_string"}}],"inLanguage":"pt-BR"},{"@type":"Organization","@id":"https:\/\/jornalboasnoticias.com.br\/home\/#organization","name":"Coq Editora Ltda","alternateName":"Jornal Boas Noticias","url":"https:\/\/jornalboasnoticias.com.br\/home\/","logo":{"@type":"ImageObject","inLanguage":"pt-BR","@id":"https:\/\/jornalboasnoticias.com.br\/home\/#\/schema\/logo\/image\/","url":"https:\/\/jornalboasnoticias.com.br\/home\/wp-content\/uploads\/2024\/07\/cropped-logo.jpg","contentUrl":"https:\/\/jornalboasnoticias.com.br\/home\/wp-content\/uploads\/2024\/07\/cropped-logo.jpg","width":290,"height":142,"caption":"Coq Editora Ltda"},"image":{"@id":"https:\/\/jornalboasnoticias.com.br\/home\/#\/schema\/logo\/image\/"},"sameAs":["https:\/\/www.facebook.com\/boasnoticiasjornal"]},{"@type":"Person","@id":"https:\/\/jornalboasnoticias.com.br\/home\/#\/schema\/person\/75f9ebde398c998c166475fb446bda62","name":"Luiz Carlos da Cruz","image":{"@type":"ImageObject","inLanguage":"pt-BR","@id":"https:\/\/secure.gravatar.com\/avatar\/e6f4f45301b6cb8572f7b076572e8ac11c1db80e805d8c8d0858cf286ce3ac3b?s=96&d=mm&r=g","url":"https:\/\/secure.gravatar.com\/avatar\/e6f4f45301b6cb8572f7b076572e8ac11c1db80e805d8c8d0858cf286ce3ac3b?s=96&d=mm&r=g","contentUrl":"https:\/\/secure.gravatar.com\/avatar\/e6f4f45301b6cb8572f7b076572e8ac11c1db80e805d8c8d0858cf286ce3ac3b?s=96&d=mm&r=g","caption":"Luiz Carlos da Cruz"},"url":"https:\/\/jornalboasnoticias.com.br\/home\/author\/luiz-carlos-da-cruz\/"}]}},"_links":{"self":[{"href":"https:\/\/jornalboasnoticias.com.br\/home\/wp-json\/wp\/v2\/posts\/46891","targetHints":{"allow":["GET"]}}],"collection":[{"href":"https:\/\/jornalboasnoticias.com.br\/home\/wp-json\/wp\/v2\/posts"}],"about":[{"href":"https:\/\/jornalboasnoticias.com.br\/home\/wp-json\/wp\/v2\/types\/post"}],"author":[{"embeddable":true,"href":"https:\/\/jornalboasnoticias.com.br\/home\/wp-json\/wp\/v2\/users\/3"}],"replies":[{"embeddable":true,"href":"https:\/\/jornalboasnoticias.com.br\/home\/wp-json\/wp\/v2\/comments?post=46891"}],"version-history":[{"count":1,"href":"https:\/\/jornalboasnoticias.com.br\/home\/wp-json\/wp\/v2\/posts\/46891\/revisions"}],"predecessor-version":[{"id":46893,"href":"https:\/\/jornalboasnoticias.com.br\/home\/wp-json\/wp\/v2\/posts\/46891\/revisions\/46893"}],"wp:featuredmedia":[{"embeddable":true,"href":"https:\/\/jornalboasnoticias.com.br\/home\/wp-json\/wp\/v2\/media\/46892"}],"wp:attachment":[{"href":"https:\/\/jornalboasnoticias.com.br\/home\/wp-json\/wp\/v2\/media?parent=46891"}],"wp:term":[{"taxonomy":"category","embeddable":true,"href":"https:\/\/jornalboasnoticias.com.br\/home\/wp-json\/wp\/v2\/categories?post=46891"},{"taxonomy":"post_tag","embeddable":true,"href":"https:\/\/jornalboasnoticias.com.br\/home\/wp-json\/wp\/v2\/tags?post=46891"}],"curies":[{"name":"wp","href":"https:\/\/api.w.org\/{rel}","templated":true}]}}