{"id":46888,"date":"2025-12-16T12:22:35","date_gmt":"2025-12-16T12:22:35","guid":{"rendered":"https:\/\/jornalboasnoticias.com.br\/home\/?p=46888"},"modified":"2025-12-16T12:22:35","modified_gmt":"2025-12-16T12:22:35","slug":"tudo-pronto-para-o-1o-lancamento-comercial-de-um-foguete-no-brasil","status":"publish","type":"post","link":"https:\/\/jornalboasnoticias.com.br\/home\/tudo-pronto-para-o-1o-lancamento-comercial-de-um-foguete-no-brasil\/","title":{"rendered":"Tudo pronto para o 1\u00ba lan\u00e7amento comercial de um foguete no Brasil"},"content":{"rendered":"<blockquote>\n<p style=\"text-align: center;\">Ele est\u00e1 previsto para ocorrer nesta quarta, \u00e0s 15h45, em Alc\u00e2ntara<\/p>\n<\/blockquote>\n<figure id=\"attachment_46889\" aria-describedby=\"caption-attachment-46889\" style=\"width: 1000px\" class=\"wp-caption alignnone\"><img loading=\"lazy\" decoding=\"async\" class=\"size-full wp-image-46889\" src=\"https:\/\/jornalboasnoticias.com.br\/home\/wp-content\/uploads\/2025\/12\/vac_abr_140918nv4924-e1765887732346.webp\" alt=\"\" width=\"1000\" height=\"598\" \/><figcaption id=\"caption-attachment-46889\" class=\"wp-caption-text\">\u00a9 Valter Campanato\/Ag\u00eancia Brasil<\/figcaption><\/figure>\n<p>O lan\u00e7amento do foguete Hanbit-Nano, desenvolvido pela empresa sul-coreana Innospace, que ocorrer\u00e1 a partir do Centro de Lan\u00e7amento de Alc\u00e2ntara, no Maranh\u00e3o, est\u00e1 programado para esta quarta-feira (17), \u00e0s 15h45, no hor\u00e1rio de Bras\u00edlia.<img decoding=\"async\" src=\"https:\/\/agenciabrasil.ebc.com.br\/ebc.png?id=1672254&amp;o=node\" \/><img decoding=\"async\" src=\"https:\/\/agenciabrasil.ebc.com.br\/ebc.gif?id=1672254&amp;o=node\" \/><\/p>\n<p>De acordo com a For\u00e7a A\u00e9rea Brasileira (FAB), que conduzir\u00e1 a opera\u00e7\u00e3o, a janela de lan\u00e7amento se estende de 16 a 22 de dezembro. Trata-se do primeiro lan\u00e7amento comercial de um ve\u00edculo espacial a partir do territ\u00f3rio nacional.<\/p>\n<blockquote><p>\u201cSer\u00e1 um voo inaugural a partir do Brasil, simbolizando a entrada do pa\u00eds no mercado global de lan\u00e7amentos espaciais\u201d, destacou o diretor do Centro de Lan\u00e7amento de Alc\u00e2ntara (CLA), Coronel Aviador Cl\u00f3vis Martins de Souza.<\/p><\/blockquote>\n<p>A miss\u00e3o, denominada Opera\u00e7\u00e3o Spaceward, conta com cerca de 400 profissionais, entre brasileiros \u2013 militares e civis \u2013 e sul-coreanos. De acordo com a FAB, a a\u00e7\u00e3o significa um avan\u00e7o in\u00e9dito e estrat\u00e9gico para Programa Espacial Brasileiro.<\/p>\n<blockquote><p>\u201c\u00c9 um marco que demonstra nossa maturidade t\u00e9cnica e insere o Brasil no mercado global de lan\u00e7amentos comerciais. Alc\u00e2ntara se firma como um polo estrat\u00e9gico espacial, atraindo investimentos, empresas e inova\u00e7\u00e3o. \u00c9 um passo significativo para o futuro do Brasil no espa\u00e7o\u201d, disse o chefe da Divis\u00e3o de Opera\u00e7\u00f5es do CLA, Major Engenheiro Robson Coelho de Oliveira.<\/p><\/blockquote>\n<p>O ve\u00edculo espacial \u2013 que tem 21,8 metros de comprimento, 1,4 metros de di\u00e2metro, e 20 toneladas \u2013 levar\u00e1 sat\u00e9lites para a \u00f3rbita baixa da Terra (LEO), a uma altitude de aproximadamente 300 km e inclina\u00e7\u00e3o de 40 graus.<\/p>\n<p>Um total de oito cargas \u00fateis est\u00e3o dentro da coifa na parte superior do ve\u00edculo de lan\u00e7amento: cinco pequenos sat\u00e9lites para coloca\u00e7\u00e3o em \u00f3rbita e tr\u00eas dispositivos experimentais. A propuls\u00e3o do equipamento \u00e9 h\u00edbrida, com combust\u00edvel s\u00f3lido e l\u00edquido.<\/p>\n<p><em>Ag\u00eancia Brasil<\/em><\/p>\n","protected":false},"excerpt":{"rendered":"<p>Ele est\u00e1 previsto para ocorrer nesta quarta, \u00e0s 15h45, em Alc\u00e2ntara O lan\u00e7amento do foguete<\/p>\n","protected":false},"author":3,"featured_media":46889,"comment_status":"open","ping_status":"open","sticky":false,"template":"","format":"standard","meta":{"footnotes":""},"categories":[6,3],"tags":[],"class_list":["post-46888","post","type-post","status-publish","format-standard","has-post-thumbnail","hentry","category-brasil","category-destaques"],"yoast_head":"<!-- This site is optimized with the Yoast SEO plugin v27.5 - https:\/\/yoast.com\/product\/yoast-seo-wordpress\/ -->\n<title>Tudo pronto para o 1\u00ba lan\u00e7amento comercial de um foguete no Brasil - Jornal<\/title>\n<meta name=\"description\" content=\"Tudo pronto para o 1\u00ba lan\u00e7amento comercial de um foguete no Brasil\" \/>\n<meta name=\"robots\" content=\"index, follow, max-snippet:-1, max-image-preview:large, max-video-preview:-1\" \/>\n<link rel=\"canonical\" href=\"https:\/\/jornalboasnoticias.com.br\/home\/tudo-pronto-para-o-1o-lancamento-comercial-de-um-foguete-no-brasil\/\" \/>\n<meta property=\"og:locale\" content=\"pt_BR\" \/>\n<meta property=\"og:type\" content=\"article\" \/>\n<meta property=\"og:title\" content=\"Tudo pronto para o 1\u00ba lan\u00e7amento comercial de um foguete no Brasil - Jornal\" \/>\n<meta property=\"og:description\" content=\"Tudo pronto para o 1\u00ba lan\u00e7amento comercial de um foguete no Brasil\" \/>\n<meta property=\"og:url\" content=\"https:\/\/jornalboasnoticias.com.br\/home\/tudo-pronto-para-o-1o-lancamento-comercial-de-um-foguete-no-brasil\/\" \/>\n<meta property=\"og:site_name\" content=\"Jornal\" \/>\n<meta property=\"article:publisher\" content=\"https:\/\/www.facebook.com\/boasnoticiasjornal\" \/>\n<meta property=\"article:published_time\" content=\"2025-12-16T12:22:35+00:00\" \/>\n<meta property=\"og:image\" content=\"https:\/\/jornalboasnoticias.com.br\/home\/wp-content\/uploads\/2025\/12\/vac_abr_140918nv4924-e1765887732346.webp\" \/>\n\t<meta property=\"og:image:width\" content=\"1000\" \/>\n\t<meta property=\"og:image:height\" content=\"598\" \/>\n\t<meta property=\"og:image:type\" content=\"image\/webp\" \/>\n<meta name=\"author\" content=\"Luiz Carlos da Cruz\" \/>\n<meta name=\"twitter:card\" content=\"summary_large_image\" \/>\n<meta name=\"twitter:label1\" content=\"Escrito por\" \/>\n\t<meta name=\"twitter:data1\" content=\"Luiz Carlos da Cruz\" \/>\n\t<meta name=\"twitter:label2\" content=\"Est. tempo de leitura\" \/>\n\t<meta name=\"twitter:data2\" content=\"2 minutos\" \/>\n<script type=\"application\/ld+json\" class=\"yoast-schema-graph\">{\"@context\":\"https:\\\/\\\/schema.org\",\"@graph\":[{\"@type\":\"Article\",\"@id\":\"https:\\\/\\\/jornalboasnoticias.com.br\\\/home\\\/tudo-pronto-para-o-1o-lancamento-comercial-de-um-foguete-no-brasil\\\/#article\",\"isPartOf\":{\"@id\":\"https:\\\/\\\/jornalboasnoticias.com.br\\\/home\\\/tudo-pronto-para-o-1o-lancamento-comercial-de-um-foguete-no-brasil\\\/\"},\"author\":{\"name\":\"Luiz Carlos da Cruz\",\"@id\":\"https:\\\/\\\/jornalboasnoticias.com.br\\\/home\\\/#\\\/schema\\\/person\\\/75f9ebde398c998c166475fb446bda62\"},\"headline\":\"Tudo pronto para o 1\u00ba lan\u00e7amento comercial de um foguete no Brasil\",\"datePublished\":\"2025-12-16T12:22:35+00:00\",\"mainEntityOfPage\":{\"@id\":\"https:\\\/\\\/jornalboasnoticias.com.br\\\/home\\\/tudo-pronto-para-o-1o-lancamento-comercial-de-um-foguete-no-brasil\\\/\"},\"wordCount\":349,\"commentCount\":0,\"publisher\":{\"@id\":\"https:\\\/\\\/jornalboasnoticias.com.br\\\/home\\\/#organization\"},\"image\":{\"@id\":\"https:\\\/\\\/jornalboasnoticias.com.br\\\/home\\\/tudo-pronto-para-o-1o-lancamento-comercial-de-um-foguete-no-brasil\\\/#primaryimage\"},\"thumbnailUrl\":\"https:\\\/\\\/jornalboasnoticias.com.br\\\/home\\\/wp-content\\\/uploads\\\/2025\\\/12\\\/vac_abr_140918nv4924-e1765887732346.webp\",\"articleSection\":[\"BRASIL\",\"DESTAQUE\"],\"inLanguage\":\"pt-BR\",\"potentialAction\":[{\"@type\":\"CommentAction\",\"name\":\"Comment\",\"target\":[\"https:\\\/\\\/jornalboasnoticias.com.br\\\/home\\\/tudo-pronto-para-o-1o-lancamento-comercial-de-um-foguete-no-brasil\\\/#respond\"]}]},{\"@type\":\"WebPage\",\"@id\":\"https:\\\/\\\/jornalboasnoticias.com.br\\\/home\\\/tudo-pronto-para-o-1o-lancamento-comercial-de-um-foguete-no-brasil\\\/\",\"url\":\"https:\\\/\\\/jornalboasnoticias.com.br\\\/home\\\/tudo-pronto-para-o-1o-lancamento-comercial-de-um-foguete-no-brasil\\\/\",\"name\":\"Tudo pronto para o 1\u00ba lan\u00e7amento comercial de um foguete no Brasil - Jornal\",\"isPartOf\":{\"@id\":\"https:\\\/\\\/jornalboasnoticias.com.br\\\/home\\\/#website\"},\"primaryImageOfPage\":{\"@id\":\"https:\\\/\\\/jornalboasnoticias.com.br\\\/home\\\/tudo-pronto-para-o-1o-lancamento-comercial-de-um-foguete-no-brasil\\\/#primaryimage\"},\"image\":{\"@id\":\"https:\\\/\\\/jornalboasnoticias.com.br\\\/home\\\/tudo-pronto-para-o-1o-lancamento-comercial-de-um-foguete-no-brasil\\\/#primaryimage\"},\"thumbnailUrl\":\"https:\\\/\\\/jornalboasnoticias.com.br\\\/home\\\/wp-content\\\/uploads\\\/2025\\\/12\\\/vac_abr_140918nv4924-e1765887732346.webp\",\"datePublished\":\"2025-12-16T12:22:35+00:00\",\"description\":\"Tudo pronto para o 1\u00ba lan\u00e7amento comercial de um foguete no Brasil\",\"breadcrumb\":{\"@id\":\"https:\\\/\\\/jornalboasnoticias.com.br\\\/home\\\/tudo-pronto-para-o-1o-lancamento-comercial-de-um-foguete-no-brasil\\\/#breadcrumb\"},\"inLanguage\":\"pt-BR\",\"potentialAction\":[{\"@type\":\"ReadAction\",\"target\":[\"https:\\\/\\\/jornalboasnoticias.com.br\\\/home\\\/tudo-pronto-para-o-1o-lancamento-comercial-de-um-foguete-no-brasil\\\/\"]}]},{\"@type\":\"ImageObject\",\"inLanguage\":\"pt-BR\",\"@id\":\"https:\\\/\\\/jornalboasnoticias.com.br\\\/home\\\/tudo-pronto-para-o-1o-lancamento-comercial-de-um-foguete-no-brasil\\\/#primaryimage\",\"url\":\"https:\\\/\\\/jornalboasnoticias.com.br\\\/home\\\/wp-content\\\/uploads\\\/2025\\\/12\\\/vac_abr_140918nv4924-e1765887732346.webp\",\"contentUrl\":\"https:\\\/\\\/jornalboasnoticias.com.br\\\/home\\\/wp-content\\\/uploads\\\/2025\\\/12\\\/vac_abr_140918nv4924-e1765887732346.webp\",\"width\":1000,\"height\":598,\"caption\":\"\u00a9 Valter Campanato\\\/Ag\u00eancia Brasil\"},{\"@type\":\"BreadcrumbList\",\"@id\":\"https:\\\/\\\/jornalboasnoticias.com.br\\\/home\\\/tudo-pronto-para-o-1o-lancamento-comercial-de-um-foguete-no-brasil\\\/#breadcrumb\",\"itemListElement\":[{\"@type\":\"ListItem\",\"position\":1,\"name\":\"In\u00edcio\",\"item\":\"https:\\\/\\\/jornalboasnoticias.com.br\\\/home\\\/\"},{\"@type\":\"ListItem\",\"position\":2,\"name\":\"Tudo pronto para o 1\u00ba lan\u00e7amento comercial de um foguete no Brasil\"}]},{\"@type\":\"WebSite\",\"@id\":\"https:\\\/\\\/jornalboasnoticias.com.br\\\/home\\\/#website\",\"url\":\"https:\\\/\\\/jornalboasnoticias.com.br\\\/home\\\/\",\"name\":\"Jornal Boas Not\u00edcias\",\"description\":\"Boas not\u00edcias\",\"publisher\":{\"@id\":\"https:\\\/\\\/jornalboasnoticias.com.br\\\/home\\\/#organization\"},\"potentialAction\":[{\"@type\":\"SearchAction\",\"target\":{\"@type\":\"EntryPoint\",\"urlTemplate\":\"https:\\\/\\\/jornalboasnoticias.com.br\\\/home\\\/?s={search_term_string}\"},\"query-input\":{\"@type\":\"PropertyValueSpecification\",\"valueRequired\":true,\"valueName\":\"search_term_string\"}}],\"inLanguage\":\"pt-BR\"},{\"@type\":\"Organization\",\"@id\":\"https:\\\/\\\/jornalboasnoticias.com.br\\\/home\\\/#organization\",\"name\":\"Coq Editora Ltda\",\"alternateName\":\"Jornal Boas Noticias\",\"url\":\"https:\\\/\\\/jornalboasnoticias.com.br\\\/home\\\/\",\"logo\":{\"@type\":\"ImageObject\",\"inLanguage\":\"pt-BR\",\"@id\":\"https:\\\/\\\/jornalboasnoticias.com.br\\\/home\\\/#\\\/schema\\\/logo\\\/image\\\/\",\"url\":\"https:\\\/\\\/jornalboasnoticias.com.br\\\/home\\\/wp-content\\\/uploads\\\/2024\\\/07\\\/cropped-logo.jpg\",\"contentUrl\":\"https:\\\/\\\/jornalboasnoticias.com.br\\\/home\\\/wp-content\\\/uploads\\\/2024\\\/07\\\/cropped-logo.jpg\",\"width\":290,\"height\":142,\"caption\":\"Coq Editora Ltda\"},\"image\":{\"@id\":\"https:\\\/\\\/jornalboasnoticias.com.br\\\/home\\\/#\\\/schema\\\/logo\\\/image\\\/\"},\"sameAs\":[\"https:\\\/\\\/www.facebook.com\\\/boasnoticiasjornal\"]},{\"@type\":\"Person\",\"@id\":\"https:\\\/\\\/jornalboasnoticias.com.br\\\/home\\\/#\\\/schema\\\/person\\\/75f9ebde398c998c166475fb446bda62\",\"name\":\"Luiz Carlos da Cruz\",\"image\":{\"@type\":\"ImageObject\",\"inLanguage\":\"pt-BR\",\"@id\":\"https:\\\/\\\/secure.gravatar.com\\\/avatar\\\/e6f4f45301b6cb8572f7b076572e8ac11c1db80e805d8c8d0858cf286ce3ac3b?s=96&d=mm&r=g\",\"url\":\"https:\\\/\\\/secure.gravatar.com\\\/avatar\\\/e6f4f45301b6cb8572f7b076572e8ac11c1db80e805d8c8d0858cf286ce3ac3b?s=96&d=mm&r=g\",\"contentUrl\":\"https:\\\/\\\/secure.gravatar.com\\\/avatar\\\/e6f4f45301b6cb8572f7b076572e8ac11c1db80e805d8c8d0858cf286ce3ac3b?s=96&d=mm&r=g\",\"caption\":\"Luiz Carlos da Cruz\"},\"url\":\"https:\\\/\\\/jornalboasnoticias.com.br\\\/home\\\/author\\\/luiz-carlos-da-cruz\\\/\"}]}<\/script>\n<!-- \/ Yoast SEO plugin. -->","yoast_head_json":{"title":"Tudo pronto para o 1\u00ba lan\u00e7amento comercial de um foguete no Brasil - Jornal","description":"Tudo pronto para o 1\u00ba lan\u00e7amento comercial de um foguete no Brasil","robots":{"index":"index","follow":"follow","max-snippet":"max-snippet:-1","max-image-preview":"max-image-preview:large","max-video-preview":"max-video-preview:-1"},"canonical":"https:\/\/jornalboasnoticias.com.br\/home\/tudo-pronto-para-o-1o-lancamento-comercial-de-um-foguete-no-brasil\/","og_locale":"pt_BR","og_type":"article","og_title":"Tudo pronto para o 1\u00ba lan\u00e7amento comercial de um foguete no Brasil - Jornal","og_description":"Tudo pronto para o 1\u00ba lan\u00e7amento comercial de um foguete no Brasil","og_url":"https:\/\/jornalboasnoticias.com.br\/home\/tudo-pronto-para-o-1o-lancamento-comercial-de-um-foguete-no-brasil\/","og_site_name":"Jornal","article_publisher":"https:\/\/www.facebook.com\/boasnoticiasjornal","article_published_time":"2025-12-16T12:22:35+00:00","og_image":[{"width":1000,"height":598,"url":"https:\/\/jornalboasnoticias.com.br\/home\/wp-content\/uploads\/2025\/12\/vac_abr_140918nv4924-e1765887732346.webp","type":"image\/webp"}],"author":"Luiz Carlos da Cruz","twitter_card":"summary_large_image","twitter_misc":{"Escrito por":"Luiz Carlos da Cruz","Est. tempo de leitura":"2 minutos"},"schema":{"@context":"https:\/\/schema.org","@graph":[{"@type":"Article","@id":"https:\/\/jornalboasnoticias.com.br\/home\/tudo-pronto-para-o-1o-lancamento-comercial-de-um-foguete-no-brasil\/#article","isPartOf":{"@id":"https:\/\/jornalboasnoticias.com.br\/home\/tudo-pronto-para-o-1o-lancamento-comercial-de-um-foguete-no-brasil\/"},"author":{"name":"Luiz Carlos da Cruz","@id":"https:\/\/jornalboasnoticias.com.br\/home\/#\/schema\/person\/75f9ebde398c998c166475fb446bda62"},"headline":"Tudo pronto para o 1\u00ba lan\u00e7amento comercial de um foguete no Brasil","datePublished":"2025-12-16T12:22:35+00:00","mainEntityOfPage":{"@id":"https:\/\/jornalboasnoticias.com.br\/home\/tudo-pronto-para-o-1o-lancamento-comercial-de-um-foguete-no-brasil\/"},"wordCount":349,"commentCount":0,"publisher":{"@id":"https:\/\/jornalboasnoticias.com.br\/home\/#organization"},"image":{"@id":"https:\/\/jornalboasnoticias.com.br\/home\/tudo-pronto-para-o-1o-lancamento-comercial-de-um-foguete-no-brasil\/#primaryimage"},"thumbnailUrl":"https:\/\/jornalboasnoticias.com.br\/home\/wp-content\/uploads\/2025\/12\/vac_abr_140918nv4924-e1765887732346.webp","articleSection":["BRASIL","DESTAQUE"],"inLanguage":"pt-BR","potentialAction":[{"@type":"CommentAction","name":"Comment","target":["https:\/\/jornalboasnoticias.com.br\/home\/tudo-pronto-para-o-1o-lancamento-comercial-de-um-foguete-no-brasil\/#respond"]}]},{"@type":"WebPage","@id":"https:\/\/jornalboasnoticias.com.br\/home\/tudo-pronto-para-o-1o-lancamento-comercial-de-um-foguete-no-brasil\/","url":"https:\/\/jornalboasnoticias.com.br\/home\/tudo-pronto-para-o-1o-lancamento-comercial-de-um-foguete-no-brasil\/","name":"Tudo pronto para o 1\u00ba lan\u00e7amento comercial de um foguete no Brasil - Jornal","isPartOf":{"@id":"https:\/\/jornalboasnoticias.com.br\/home\/#website"},"primaryImageOfPage":{"@id":"https:\/\/jornalboasnoticias.com.br\/home\/tudo-pronto-para-o-1o-lancamento-comercial-de-um-foguete-no-brasil\/#primaryimage"},"image":{"@id":"https:\/\/jornalboasnoticias.com.br\/home\/tudo-pronto-para-o-1o-lancamento-comercial-de-um-foguete-no-brasil\/#primaryimage"},"thumbnailUrl":"https:\/\/jornalboasnoticias.com.br\/home\/wp-content\/uploads\/2025\/12\/vac_abr_140918nv4924-e1765887732346.webp","datePublished":"2025-12-16T12:22:35+00:00","description":"Tudo pronto para o 1\u00ba lan\u00e7amento comercial de um foguete no Brasil","breadcrumb":{"@id":"https:\/\/jornalboasnoticias.com.br\/home\/tudo-pronto-para-o-1o-lancamento-comercial-de-um-foguete-no-brasil\/#breadcrumb"},"inLanguage":"pt-BR","potentialAction":[{"@type":"ReadAction","target":["https:\/\/jornalboasnoticias.com.br\/home\/tudo-pronto-para-o-1o-lancamento-comercial-de-um-foguete-no-brasil\/"]}]},{"@type":"ImageObject","inLanguage":"pt-BR","@id":"https:\/\/jornalboasnoticias.com.br\/home\/tudo-pronto-para-o-1o-lancamento-comercial-de-um-foguete-no-brasil\/#primaryimage","url":"https:\/\/jornalboasnoticias.com.br\/home\/wp-content\/uploads\/2025\/12\/vac_abr_140918nv4924-e1765887732346.webp","contentUrl":"https:\/\/jornalboasnoticias.com.br\/home\/wp-content\/uploads\/2025\/12\/vac_abr_140918nv4924-e1765887732346.webp","width":1000,"height":598,"caption":"\u00a9 Valter Campanato\/Ag\u00eancia Brasil"},{"@type":"BreadcrumbList","@id":"https:\/\/jornalboasnoticias.com.br\/home\/tudo-pronto-para-o-1o-lancamento-comercial-de-um-foguete-no-brasil\/#breadcrumb","itemListElement":[{"@type":"ListItem","position":1,"name":"In\u00edcio","item":"https:\/\/jornalboasnoticias.com.br\/home\/"},{"@type":"ListItem","position":2,"name":"Tudo pronto para o 1\u00ba lan\u00e7amento comercial de um foguete no Brasil"}]},{"@type":"WebSite","@id":"https:\/\/jornalboasnoticias.com.br\/home\/#website","url":"https:\/\/jornalboasnoticias.com.br\/home\/","name":"Jornal Boas Not\u00edcias","description":"Boas not\u00edcias","publisher":{"@id":"https:\/\/jornalboasnoticias.com.br\/home\/#organization"},"potentialAction":[{"@type":"SearchAction","target":{"@type":"EntryPoint","urlTemplate":"https:\/\/jornalboasnoticias.com.br\/home\/?s={search_term_string}"},"query-input":{"@type":"PropertyValueSpecification","valueRequired":true,"valueName":"search_term_string"}}],"inLanguage":"pt-BR"},{"@type":"Organization","@id":"https:\/\/jornalboasnoticias.com.br\/home\/#organization","name":"Coq Editora Ltda","alternateName":"Jornal Boas Noticias","url":"https:\/\/jornalboasnoticias.com.br\/home\/","logo":{"@type":"ImageObject","inLanguage":"pt-BR","@id":"https:\/\/jornalboasnoticias.com.br\/home\/#\/schema\/logo\/image\/","url":"https:\/\/jornalboasnoticias.com.br\/home\/wp-content\/uploads\/2024\/07\/cropped-logo.jpg","contentUrl":"https:\/\/jornalboasnoticias.com.br\/home\/wp-content\/uploads\/2024\/07\/cropped-logo.jpg","width":290,"height":142,"caption":"Coq Editora Ltda"},"image":{"@id":"https:\/\/jornalboasnoticias.com.br\/home\/#\/schema\/logo\/image\/"},"sameAs":["https:\/\/www.facebook.com\/boasnoticiasjornal"]},{"@type":"Person","@id":"https:\/\/jornalboasnoticias.com.br\/home\/#\/schema\/person\/75f9ebde398c998c166475fb446bda62","name":"Luiz Carlos da Cruz","image":{"@type":"ImageObject","inLanguage":"pt-BR","@id":"https:\/\/secure.gravatar.com\/avatar\/e6f4f45301b6cb8572f7b076572e8ac11c1db80e805d8c8d0858cf286ce3ac3b?s=96&d=mm&r=g","url":"https:\/\/secure.gravatar.com\/avatar\/e6f4f45301b6cb8572f7b076572e8ac11c1db80e805d8c8d0858cf286ce3ac3b?s=96&d=mm&r=g","contentUrl":"https:\/\/secure.gravatar.com\/avatar\/e6f4f45301b6cb8572f7b076572e8ac11c1db80e805d8c8d0858cf286ce3ac3b?s=96&d=mm&r=g","caption":"Luiz Carlos da Cruz"},"url":"https:\/\/jornalboasnoticias.com.br\/home\/author\/luiz-carlos-da-cruz\/"}]}},"_links":{"self":[{"href":"https:\/\/jornalboasnoticias.com.br\/home\/wp-json\/wp\/v2\/posts\/46888","targetHints":{"allow":["GET"]}}],"collection":[{"href":"https:\/\/jornalboasnoticias.com.br\/home\/wp-json\/wp\/v2\/posts"}],"about":[{"href":"https:\/\/jornalboasnoticias.com.br\/home\/wp-json\/wp\/v2\/types\/post"}],"author":[{"embeddable":true,"href":"https:\/\/jornalboasnoticias.com.br\/home\/wp-json\/wp\/v2\/users\/3"}],"replies":[{"embeddable":true,"href":"https:\/\/jornalboasnoticias.com.br\/home\/wp-json\/wp\/v2\/comments?post=46888"}],"version-history":[{"count":1,"href":"https:\/\/jornalboasnoticias.com.br\/home\/wp-json\/wp\/v2\/posts\/46888\/revisions"}],"predecessor-version":[{"id":46890,"href":"https:\/\/jornalboasnoticias.com.br\/home\/wp-json\/wp\/v2\/posts\/46888\/revisions\/46890"}],"wp:featuredmedia":[{"embeddable":true,"href":"https:\/\/jornalboasnoticias.com.br\/home\/wp-json\/wp\/v2\/media\/46889"}],"wp:attachment":[{"href":"https:\/\/jornalboasnoticias.com.br\/home\/wp-json\/wp\/v2\/media?parent=46888"}],"wp:term":[{"taxonomy":"category","embeddable":true,"href":"https:\/\/jornalboasnoticias.com.br\/home\/wp-json\/wp\/v2\/categories?post=46888"},{"taxonomy":"post_tag","embeddable":true,"href":"https:\/\/jornalboasnoticias.com.br\/home\/wp-json\/wp\/v2\/tags?post=46888"}],"curies":[{"name":"wp","href":"https:\/\/api.w.org\/{rel}","templated":true}]}}