{"id":46881,"date":"2025-12-12T17:29:39","date_gmt":"2025-12-12T17:29:39","guid":{"rendered":"https:\/\/jornalboasnoticias.com.br\/home\/?p=46881"},"modified":"2025-12-12T17:29:39","modified_gmt":"2025-12-12T17:29:39","slug":"silas-malafaia-anuncia-exclusao-de-membros-divorciados-da-advec","status":"publish","type":"post","link":"https:\/\/jornalboasnoticias.com.br\/home\/silas-malafaia-anuncia-exclusao-de-membros-divorciados-da-advec\/","title":{"rendered":"Silas Malafaia anuncia exclus\u00e3o de membros divorciados da ADVEC"},"content":{"rendered":"<blockquote>\n<p style=\"text-align: center;\">Pastor imp\u00f5e regras rigorosas sobre div\u00f3rcio baseado em interpreta\u00e7\u00e3o b\u00edblica, permitindo apenas casos de infidelidade conjugal.<\/p>\n<\/blockquote>\n<figure id=\"attachment_46882\" aria-describedby=\"caption-attachment-46882\" style=\"width: 768px\" class=\"wp-caption aligncenter\"><img loading=\"lazy\" decoding=\"async\" class=\"size-full wp-image-46882\" src=\"https:\/\/jornalboasnoticias.com.br\/home\/wp-content\/uploads\/2025\/12\/bing-1765496764413-60390976.webp\" alt=\"\" width=\"768\" height=\"512\" srcset=\"https:\/\/jornalboasnoticias.com.br\/home\/wp-content\/uploads\/2025\/12\/bing-1765496764413-60390976.webp 768w, https:\/\/jornalboasnoticias.com.br\/home\/wp-content\/uploads\/2025\/12\/bing-1765496764413-60390976-300x200.webp 300w\" sizes=\"auto, (max-width: 768px) 100vw, 768px\" \/><figcaption id=\"caption-attachment-46882\" class=\"wp-caption-text\">Divulga\u00e7\u00e3o<\/figcaption><\/figure>\n<p>O pastor\u00a0<strong>Silas Malafaia<\/strong>, l\u00edder da Assembleia de Deus Vit\u00f3ria em Cristo (ADVEC), anunciou que membros que se divorciarem por motivos n\u00e3o relacionados a infidelidade e se casarem novamente ser\u00e3o exclu\u00eddos do rol de membros da igreja. A medida, baseada em interpreta\u00e7\u00e3o rigorosa de textos b\u00edblicos, foi comunicada durante culto recente e gerou debate no meio evang\u00e9lico.<\/p>\n<p>A decis\u00e3o representa um endurecimento na postura da denomina\u00e7\u00e3o em rela\u00e7\u00e3o ao div\u00f3rcio, com Malafaia citando especificamente o evangelho de Mateus, cap\u00edtulo 19, para justificar a medida. O pastor afirmou que a prioridade \u00e9 a fidelidade \u00e0 Palavra de Deus, mesmo que isso implique perda de membros.<\/p>\n<h2>Bases doutrin\u00e1rias<\/h2>\n<p>A posi\u00e7\u00e3o adotada por Malafaia tem respaldo em passagens b\u00edblicas como Malaquias 2:16, que afirma que Deus &#8220;odeia o div\u00f3rcio&#8221;, e Mateus 19, que trata da indissolubilidade do casamento. A ADVEC, como denomina\u00e7\u00e3o pentecostal, tradicionalmente mant\u00e9m posi\u00e7\u00f5es conservadoras em quest\u00f5es morais e familiares.<\/p>\n<p>Historicamente, igrejas evang\u00e9licas variam em suas interpreta\u00e7\u00f5es sobre o tema, com algumas sendo mais restritivas e outras mais permissivas. A nova pol\u00edtica da ADVEC especifica consequ\u00eancias administrativas claras para casos que n\u00e3o se enquadrem na exce\u00e7\u00e3o da infidelidade conjugal.<\/p>\n<h2>Repercuss\u00e3o e contexto<\/h2>\n<p>A medida gerou rea\u00e7\u00f5es diversas no meio evang\u00e9lico, com setores conservadores apoiando a rigidez doutrin\u00e1ria e vozes progressistas questionando sua adequa\u00e7\u00e3o \u00e0s complexidades das rela\u00e7\u00f5es contempor\u00e2neas. O debate extrapolou a denomina\u00e7\u00e3o, envolvendo l\u00edderes como Jabes Alencar, que pediu posicionamento de Edir Macedo sobre o tema.<\/p>\n<p>O an\u00fancio ocorre em um contexto de intensa atua\u00e7\u00e3o p\u00fablica de Malafaia, que recentemente criticou o uso da bandeira dos EUA em atos pr\u00f3-Bolsonaro e gerou pol\u00eamica ao usar intelig\u00eancia artificial para retratar o presidente Lula e a primeira-dama Janja.\u00a0O pastor tamb\u00e9m se envolveu em controv\u00e9rsias com outras figuras religiosas, como Miguel Oliveira.<\/p>\n<p><em>O Buxixo Gospel<\/em><\/p>\n","protected":false},"excerpt":{"rendered":"<p>Pastor imp\u00f5e regras rigorosas sobre div\u00f3rcio baseado em interpreta\u00e7\u00e3o b\u00edblica, permitindo apenas casos de infidelidade<\/p>\n","protected":false},"author":3,"featured_media":46882,"comment_status":"open","ping_status":"open","sticky":false,"template":"","format":"standard","meta":{"footnotes":""},"categories":[6,3],"tags":[],"class_list":["post-46881","post","type-post","status-publish","format-standard","has-post-thumbnail","hentry","category-brasil","category-destaques"],"yoast_head":"<!-- This site is optimized with the Yoast SEO plugin v27.5 - https:\/\/yoast.com\/product\/yoast-seo-wordpress\/ -->\n<title>Silas Malafaia anuncia exclus\u00e3o de membros divorciados da ADVEC - Jornal<\/title>\n<meta name=\"description\" content=\"Silas Malafaia anuncia exclus\u00e3o de membros divorciados da ADVEC\" \/>\n<meta name=\"robots\" content=\"index, follow, max-snippet:-1, max-image-preview:large, max-video-preview:-1\" \/>\n<link rel=\"canonical\" href=\"https:\/\/jornalboasnoticias.com.br\/home\/silas-malafaia-anuncia-exclusao-de-membros-divorciados-da-advec\/\" \/>\n<meta property=\"og:locale\" content=\"pt_BR\" \/>\n<meta property=\"og:type\" content=\"article\" \/>\n<meta property=\"og:title\" content=\"Silas Malafaia anuncia exclus\u00e3o de membros divorciados da ADVEC - Jornal\" \/>\n<meta property=\"og:description\" content=\"Silas Malafaia anuncia exclus\u00e3o de membros divorciados da ADVEC\" \/>\n<meta property=\"og:url\" content=\"https:\/\/jornalboasnoticias.com.br\/home\/silas-malafaia-anuncia-exclusao-de-membros-divorciados-da-advec\/\" \/>\n<meta property=\"og:site_name\" content=\"Jornal\" \/>\n<meta property=\"article:publisher\" content=\"https:\/\/www.facebook.com\/boasnoticiasjornal\" \/>\n<meta property=\"article:published_time\" content=\"2025-12-12T17:29:39+00:00\" \/>\n<meta property=\"og:image\" content=\"https:\/\/jornalboasnoticias.com.br\/home\/wp-content\/uploads\/2025\/12\/bing-1765496764413-60390976.webp\" \/>\n\t<meta property=\"og:image:width\" content=\"768\" \/>\n\t<meta property=\"og:image:height\" content=\"512\" \/>\n\t<meta property=\"og:image:type\" content=\"image\/webp\" \/>\n<meta name=\"author\" content=\"Luiz Carlos da Cruz\" \/>\n<meta name=\"twitter:card\" content=\"summary_large_image\" \/>\n<meta name=\"twitter:label1\" content=\"Escrito por\" \/>\n\t<meta name=\"twitter:data1\" content=\"Luiz Carlos da Cruz\" \/>\n\t<meta name=\"twitter:label2\" content=\"Est. tempo de leitura\" \/>\n\t<meta name=\"twitter:data2\" content=\"3 minutos\" \/>\n<script type=\"application\/ld+json\" class=\"yoast-schema-graph\">{\"@context\":\"https:\\\/\\\/schema.org\",\"@graph\":[{\"@type\":\"Article\",\"@id\":\"https:\\\/\\\/jornalboasnoticias.com.br\\\/home\\\/silas-malafaia-anuncia-exclusao-de-membros-divorciados-da-advec\\\/#article\",\"isPartOf\":{\"@id\":\"https:\\\/\\\/jornalboasnoticias.com.br\\\/home\\\/silas-malafaia-anuncia-exclusao-de-membros-divorciados-da-advec\\\/\"},\"author\":{\"name\":\"Luiz Carlos da Cruz\",\"@id\":\"https:\\\/\\\/jornalboasnoticias.com.br\\\/home\\\/#\\\/schema\\\/person\\\/75f9ebde398c998c166475fb446bda62\"},\"headline\":\"Silas Malafaia anuncia exclus\u00e3o de membros divorciados da ADVEC\",\"datePublished\":\"2025-12-12T17:29:39+00:00\",\"mainEntityOfPage\":{\"@id\":\"https:\\\/\\\/jornalboasnoticias.com.br\\\/home\\\/silas-malafaia-anuncia-exclusao-de-membros-divorciados-da-advec\\\/\"},\"wordCount\":371,\"commentCount\":0,\"publisher\":{\"@id\":\"https:\\\/\\\/jornalboasnoticias.com.br\\\/home\\\/#organization\"},\"image\":{\"@id\":\"https:\\\/\\\/jornalboasnoticias.com.br\\\/home\\\/silas-malafaia-anuncia-exclusao-de-membros-divorciados-da-advec\\\/#primaryimage\"},\"thumbnailUrl\":\"https:\\\/\\\/jornalboasnoticias.com.br\\\/home\\\/wp-content\\\/uploads\\\/2025\\\/12\\\/bing-1765496764413-60390976.webp\",\"articleSection\":[\"BRASIL\",\"DESTAQUE\"],\"inLanguage\":\"pt-BR\",\"potentialAction\":[{\"@type\":\"CommentAction\",\"name\":\"Comment\",\"target\":[\"https:\\\/\\\/jornalboasnoticias.com.br\\\/home\\\/silas-malafaia-anuncia-exclusao-de-membros-divorciados-da-advec\\\/#respond\"]}]},{\"@type\":\"WebPage\",\"@id\":\"https:\\\/\\\/jornalboasnoticias.com.br\\\/home\\\/silas-malafaia-anuncia-exclusao-de-membros-divorciados-da-advec\\\/\",\"url\":\"https:\\\/\\\/jornalboasnoticias.com.br\\\/home\\\/silas-malafaia-anuncia-exclusao-de-membros-divorciados-da-advec\\\/\",\"name\":\"Silas Malafaia anuncia exclus\u00e3o de membros divorciados da ADVEC - Jornal\",\"isPartOf\":{\"@id\":\"https:\\\/\\\/jornalboasnoticias.com.br\\\/home\\\/#website\"},\"primaryImageOfPage\":{\"@id\":\"https:\\\/\\\/jornalboasnoticias.com.br\\\/home\\\/silas-malafaia-anuncia-exclusao-de-membros-divorciados-da-advec\\\/#primaryimage\"},\"image\":{\"@id\":\"https:\\\/\\\/jornalboasnoticias.com.br\\\/home\\\/silas-malafaia-anuncia-exclusao-de-membros-divorciados-da-advec\\\/#primaryimage\"},\"thumbnailUrl\":\"https:\\\/\\\/jornalboasnoticias.com.br\\\/home\\\/wp-content\\\/uploads\\\/2025\\\/12\\\/bing-1765496764413-60390976.webp\",\"datePublished\":\"2025-12-12T17:29:39+00:00\",\"description\":\"Silas Malafaia anuncia exclus\u00e3o de membros divorciados da ADVEC\",\"breadcrumb\":{\"@id\":\"https:\\\/\\\/jornalboasnoticias.com.br\\\/home\\\/silas-malafaia-anuncia-exclusao-de-membros-divorciados-da-advec\\\/#breadcrumb\"},\"inLanguage\":\"pt-BR\",\"potentialAction\":[{\"@type\":\"ReadAction\",\"target\":[\"https:\\\/\\\/jornalboasnoticias.com.br\\\/home\\\/silas-malafaia-anuncia-exclusao-de-membros-divorciados-da-advec\\\/\"]}]},{\"@type\":\"ImageObject\",\"inLanguage\":\"pt-BR\",\"@id\":\"https:\\\/\\\/jornalboasnoticias.com.br\\\/home\\\/silas-malafaia-anuncia-exclusao-de-membros-divorciados-da-advec\\\/#primaryimage\",\"url\":\"https:\\\/\\\/jornalboasnoticias.com.br\\\/home\\\/wp-content\\\/uploads\\\/2025\\\/12\\\/bing-1765496764413-60390976.webp\",\"contentUrl\":\"https:\\\/\\\/jornalboasnoticias.com.br\\\/home\\\/wp-content\\\/uploads\\\/2025\\\/12\\\/bing-1765496764413-60390976.webp\",\"width\":768,\"height\":512,\"caption\":\"Divulga\u00e7\u00e3o\"},{\"@type\":\"BreadcrumbList\",\"@id\":\"https:\\\/\\\/jornalboasnoticias.com.br\\\/home\\\/silas-malafaia-anuncia-exclusao-de-membros-divorciados-da-advec\\\/#breadcrumb\",\"itemListElement\":[{\"@type\":\"ListItem\",\"position\":1,\"name\":\"In\u00edcio\",\"item\":\"https:\\\/\\\/jornalboasnoticias.com.br\\\/home\\\/\"},{\"@type\":\"ListItem\",\"position\":2,\"name\":\"Silas Malafaia anuncia exclus\u00e3o de membros divorciados da ADVEC\"}]},{\"@type\":\"WebSite\",\"@id\":\"https:\\\/\\\/jornalboasnoticias.com.br\\\/home\\\/#website\",\"url\":\"https:\\\/\\\/jornalboasnoticias.com.br\\\/home\\\/\",\"name\":\"Jornal Boas Not\u00edcias\",\"description\":\"Boas not\u00edcias\",\"publisher\":{\"@id\":\"https:\\\/\\\/jornalboasnoticias.com.br\\\/home\\\/#organization\"},\"potentialAction\":[{\"@type\":\"SearchAction\",\"target\":{\"@type\":\"EntryPoint\",\"urlTemplate\":\"https:\\\/\\\/jornalboasnoticias.com.br\\\/home\\\/?s={search_term_string}\"},\"query-input\":{\"@type\":\"PropertyValueSpecification\",\"valueRequired\":true,\"valueName\":\"search_term_string\"}}],\"inLanguage\":\"pt-BR\"},{\"@type\":\"Organization\",\"@id\":\"https:\\\/\\\/jornalboasnoticias.com.br\\\/home\\\/#organization\",\"name\":\"Coq Editora Ltda\",\"alternateName\":\"Jornal Boas Noticias\",\"url\":\"https:\\\/\\\/jornalboasnoticias.com.br\\\/home\\\/\",\"logo\":{\"@type\":\"ImageObject\",\"inLanguage\":\"pt-BR\",\"@id\":\"https:\\\/\\\/jornalboasnoticias.com.br\\\/home\\\/#\\\/schema\\\/logo\\\/image\\\/\",\"url\":\"https:\\\/\\\/jornalboasnoticias.com.br\\\/home\\\/wp-content\\\/uploads\\\/2024\\\/07\\\/cropped-logo.jpg\",\"contentUrl\":\"https:\\\/\\\/jornalboasnoticias.com.br\\\/home\\\/wp-content\\\/uploads\\\/2024\\\/07\\\/cropped-logo.jpg\",\"width\":290,\"height\":142,\"caption\":\"Coq Editora Ltda\"},\"image\":{\"@id\":\"https:\\\/\\\/jornalboasnoticias.com.br\\\/home\\\/#\\\/schema\\\/logo\\\/image\\\/\"},\"sameAs\":[\"https:\\\/\\\/www.facebook.com\\\/boasnoticiasjornal\"]},{\"@type\":\"Person\",\"@id\":\"https:\\\/\\\/jornalboasnoticias.com.br\\\/home\\\/#\\\/schema\\\/person\\\/75f9ebde398c998c166475fb446bda62\",\"name\":\"Luiz Carlos da Cruz\",\"image\":{\"@type\":\"ImageObject\",\"inLanguage\":\"pt-BR\",\"@id\":\"https:\\\/\\\/secure.gravatar.com\\\/avatar\\\/e6f4f45301b6cb8572f7b076572e8ac11c1db80e805d8c8d0858cf286ce3ac3b?s=96&d=mm&r=g\",\"url\":\"https:\\\/\\\/secure.gravatar.com\\\/avatar\\\/e6f4f45301b6cb8572f7b076572e8ac11c1db80e805d8c8d0858cf286ce3ac3b?s=96&d=mm&r=g\",\"contentUrl\":\"https:\\\/\\\/secure.gravatar.com\\\/avatar\\\/e6f4f45301b6cb8572f7b076572e8ac11c1db80e805d8c8d0858cf286ce3ac3b?s=96&d=mm&r=g\",\"caption\":\"Luiz Carlos da Cruz\"},\"url\":\"https:\\\/\\\/jornalboasnoticias.com.br\\\/home\\\/author\\\/luiz-carlos-da-cruz\\\/\"}]}<\/script>\n<!-- \/ Yoast SEO plugin. -->","yoast_head_json":{"title":"Silas Malafaia anuncia exclus\u00e3o de membros divorciados da ADVEC - Jornal","description":"Silas Malafaia anuncia exclus\u00e3o de membros divorciados da ADVEC","robots":{"index":"index","follow":"follow","max-snippet":"max-snippet:-1","max-image-preview":"max-image-preview:large","max-video-preview":"max-video-preview:-1"},"canonical":"https:\/\/jornalboasnoticias.com.br\/home\/silas-malafaia-anuncia-exclusao-de-membros-divorciados-da-advec\/","og_locale":"pt_BR","og_type":"article","og_title":"Silas Malafaia anuncia exclus\u00e3o de membros divorciados da ADVEC - Jornal","og_description":"Silas Malafaia anuncia exclus\u00e3o de membros divorciados da ADVEC","og_url":"https:\/\/jornalboasnoticias.com.br\/home\/silas-malafaia-anuncia-exclusao-de-membros-divorciados-da-advec\/","og_site_name":"Jornal","article_publisher":"https:\/\/www.facebook.com\/boasnoticiasjornal","article_published_time":"2025-12-12T17:29:39+00:00","og_image":[{"width":768,"height":512,"url":"https:\/\/jornalboasnoticias.com.br\/home\/wp-content\/uploads\/2025\/12\/bing-1765496764413-60390976.webp","type":"image\/webp"}],"author":"Luiz Carlos da Cruz","twitter_card":"summary_large_image","twitter_misc":{"Escrito por":"Luiz Carlos da Cruz","Est. tempo de leitura":"3 minutos"},"schema":{"@context":"https:\/\/schema.org","@graph":[{"@type":"Article","@id":"https:\/\/jornalboasnoticias.com.br\/home\/silas-malafaia-anuncia-exclusao-de-membros-divorciados-da-advec\/#article","isPartOf":{"@id":"https:\/\/jornalboasnoticias.com.br\/home\/silas-malafaia-anuncia-exclusao-de-membros-divorciados-da-advec\/"},"author":{"name":"Luiz Carlos da Cruz","@id":"https:\/\/jornalboasnoticias.com.br\/home\/#\/schema\/person\/75f9ebde398c998c166475fb446bda62"},"headline":"Silas Malafaia anuncia exclus\u00e3o de membros divorciados da ADVEC","datePublished":"2025-12-12T17:29:39+00:00","mainEntityOfPage":{"@id":"https:\/\/jornalboasnoticias.com.br\/home\/silas-malafaia-anuncia-exclusao-de-membros-divorciados-da-advec\/"},"wordCount":371,"commentCount":0,"publisher":{"@id":"https:\/\/jornalboasnoticias.com.br\/home\/#organization"},"image":{"@id":"https:\/\/jornalboasnoticias.com.br\/home\/silas-malafaia-anuncia-exclusao-de-membros-divorciados-da-advec\/#primaryimage"},"thumbnailUrl":"https:\/\/jornalboasnoticias.com.br\/home\/wp-content\/uploads\/2025\/12\/bing-1765496764413-60390976.webp","articleSection":["BRASIL","DESTAQUE"],"inLanguage":"pt-BR","potentialAction":[{"@type":"CommentAction","name":"Comment","target":["https:\/\/jornalboasnoticias.com.br\/home\/silas-malafaia-anuncia-exclusao-de-membros-divorciados-da-advec\/#respond"]}]},{"@type":"WebPage","@id":"https:\/\/jornalboasnoticias.com.br\/home\/silas-malafaia-anuncia-exclusao-de-membros-divorciados-da-advec\/","url":"https:\/\/jornalboasnoticias.com.br\/home\/silas-malafaia-anuncia-exclusao-de-membros-divorciados-da-advec\/","name":"Silas Malafaia anuncia exclus\u00e3o de membros divorciados da ADVEC - Jornal","isPartOf":{"@id":"https:\/\/jornalboasnoticias.com.br\/home\/#website"},"primaryImageOfPage":{"@id":"https:\/\/jornalboasnoticias.com.br\/home\/silas-malafaia-anuncia-exclusao-de-membros-divorciados-da-advec\/#primaryimage"},"image":{"@id":"https:\/\/jornalboasnoticias.com.br\/home\/silas-malafaia-anuncia-exclusao-de-membros-divorciados-da-advec\/#primaryimage"},"thumbnailUrl":"https:\/\/jornalboasnoticias.com.br\/home\/wp-content\/uploads\/2025\/12\/bing-1765496764413-60390976.webp","datePublished":"2025-12-12T17:29:39+00:00","description":"Silas Malafaia anuncia exclus\u00e3o de membros divorciados da ADVEC","breadcrumb":{"@id":"https:\/\/jornalboasnoticias.com.br\/home\/silas-malafaia-anuncia-exclusao-de-membros-divorciados-da-advec\/#breadcrumb"},"inLanguage":"pt-BR","potentialAction":[{"@type":"ReadAction","target":["https:\/\/jornalboasnoticias.com.br\/home\/silas-malafaia-anuncia-exclusao-de-membros-divorciados-da-advec\/"]}]},{"@type":"ImageObject","inLanguage":"pt-BR","@id":"https:\/\/jornalboasnoticias.com.br\/home\/silas-malafaia-anuncia-exclusao-de-membros-divorciados-da-advec\/#primaryimage","url":"https:\/\/jornalboasnoticias.com.br\/home\/wp-content\/uploads\/2025\/12\/bing-1765496764413-60390976.webp","contentUrl":"https:\/\/jornalboasnoticias.com.br\/home\/wp-content\/uploads\/2025\/12\/bing-1765496764413-60390976.webp","width":768,"height":512,"caption":"Divulga\u00e7\u00e3o"},{"@type":"BreadcrumbList","@id":"https:\/\/jornalboasnoticias.com.br\/home\/silas-malafaia-anuncia-exclusao-de-membros-divorciados-da-advec\/#breadcrumb","itemListElement":[{"@type":"ListItem","position":1,"name":"In\u00edcio","item":"https:\/\/jornalboasnoticias.com.br\/home\/"},{"@type":"ListItem","position":2,"name":"Silas Malafaia anuncia exclus\u00e3o de membros divorciados da ADVEC"}]},{"@type":"WebSite","@id":"https:\/\/jornalboasnoticias.com.br\/home\/#website","url":"https:\/\/jornalboasnoticias.com.br\/home\/","name":"Jornal Boas Not\u00edcias","description":"Boas not\u00edcias","publisher":{"@id":"https:\/\/jornalboasnoticias.com.br\/home\/#organization"},"potentialAction":[{"@type":"SearchAction","target":{"@type":"EntryPoint","urlTemplate":"https:\/\/jornalboasnoticias.com.br\/home\/?s={search_term_string}"},"query-input":{"@type":"PropertyValueSpecification","valueRequired":true,"valueName":"search_term_string"}}],"inLanguage":"pt-BR"},{"@type":"Organization","@id":"https:\/\/jornalboasnoticias.com.br\/home\/#organization","name":"Coq Editora Ltda","alternateName":"Jornal Boas Noticias","url":"https:\/\/jornalboasnoticias.com.br\/home\/","logo":{"@type":"ImageObject","inLanguage":"pt-BR","@id":"https:\/\/jornalboasnoticias.com.br\/home\/#\/schema\/logo\/image\/","url":"https:\/\/jornalboasnoticias.com.br\/home\/wp-content\/uploads\/2024\/07\/cropped-logo.jpg","contentUrl":"https:\/\/jornalboasnoticias.com.br\/home\/wp-content\/uploads\/2024\/07\/cropped-logo.jpg","width":290,"height":142,"caption":"Coq Editora Ltda"},"image":{"@id":"https:\/\/jornalboasnoticias.com.br\/home\/#\/schema\/logo\/image\/"},"sameAs":["https:\/\/www.facebook.com\/boasnoticiasjornal"]},{"@type":"Person","@id":"https:\/\/jornalboasnoticias.com.br\/home\/#\/schema\/person\/75f9ebde398c998c166475fb446bda62","name":"Luiz Carlos da Cruz","image":{"@type":"ImageObject","inLanguage":"pt-BR","@id":"https:\/\/secure.gravatar.com\/avatar\/e6f4f45301b6cb8572f7b076572e8ac11c1db80e805d8c8d0858cf286ce3ac3b?s=96&d=mm&r=g","url":"https:\/\/secure.gravatar.com\/avatar\/e6f4f45301b6cb8572f7b076572e8ac11c1db80e805d8c8d0858cf286ce3ac3b?s=96&d=mm&r=g","contentUrl":"https:\/\/secure.gravatar.com\/avatar\/e6f4f45301b6cb8572f7b076572e8ac11c1db80e805d8c8d0858cf286ce3ac3b?s=96&d=mm&r=g","caption":"Luiz Carlos da Cruz"},"url":"https:\/\/jornalboasnoticias.com.br\/home\/author\/luiz-carlos-da-cruz\/"}]}},"_links":{"self":[{"href":"https:\/\/jornalboasnoticias.com.br\/home\/wp-json\/wp\/v2\/posts\/46881","targetHints":{"allow":["GET"]}}],"collection":[{"href":"https:\/\/jornalboasnoticias.com.br\/home\/wp-json\/wp\/v2\/posts"}],"about":[{"href":"https:\/\/jornalboasnoticias.com.br\/home\/wp-json\/wp\/v2\/types\/post"}],"author":[{"embeddable":true,"href":"https:\/\/jornalboasnoticias.com.br\/home\/wp-json\/wp\/v2\/users\/3"}],"replies":[{"embeddable":true,"href":"https:\/\/jornalboasnoticias.com.br\/home\/wp-json\/wp\/v2\/comments?post=46881"}],"version-history":[{"count":1,"href":"https:\/\/jornalboasnoticias.com.br\/home\/wp-json\/wp\/v2\/posts\/46881\/revisions"}],"predecessor-version":[{"id":46883,"href":"https:\/\/jornalboasnoticias.com.br\/home\/wp-json\/wp\/v2\/posts\/46881\/revisions\/46883"}],"wp:featuredmedia":[{"embeddable":true,"href":"https:\/\/jornalboasnoticias.com.br\/home\/wp-json\/wp\/v2\/media\/46882"}],"wp:attachment":[{"href":"https:\/\/jornalboasnoticias.com.br\/home\/wp-json\/wp\/v2\/media?parent=46881"}],"wp:term":[{"taxonomy":"category","embeddable":true,"href":"https:\/\/jornalboasnoticias.com.br\/home\/wp-json\/wp\/v2\/categories?post=46881"},{"taxonomy":"post_tag","embeddable":true,"href":"https:\/\/jornalboasnoticias.com.br\/home\/wp-json\/wp\/v2\/tags?post=46881"}],"curies":[{"name":"wp","href":"https:\/\/api.w.org\/{rel}","templated":true}]}}