{"id":46872,"date":"2025-12-12T13:21:16","date_gmt":"2025-12-12T13:21:16","guid":{"rendered":"https:\/\/jornalboasnoticias.com.br\/home\/?p=46872"},"modified":"2025-12-12T13:21:16","modified_gmt":"2025-12-12T13:21:16","slug":"stf-vota-hoje-sobre-perda-do-mandato-de-carla-zambelli","status":"publish","type":"post","link":"https:\/\/jornalboasnoticias.com.br\/home\/stf-vota-hoje-sobre-perda-do-mandato-de-carla-zambelli\/","title":{"rendered":"STF vota hoje sobre perda do mandato de Carla Zambelli"},"content":{"rendered":"<blockquote>\n<p style=\"text-align: center;\">Plen\u00e1rio da C\u00e2mara rejeitou cassa\u00e7\u00e3o da deputada na quarta-feira<\/p>\n<\/blockquote>\n<figure id=\"attachment_46873\" aria-describedby=\"caption-attachment-46873\" style=\"width: 1000px\" class=\"wp-caption alignnone\"><img loading=\"lazy\" decoding=\"async\" class=\"size-full wp-image-46873\" src=\"https:\/\/jornalboasnoticias.com.br\/home\/wp-content\/uploads\/2025\/12\/zambelli-e1765545617477.webp\" alt=\"\" width=\"1000\" height=\"598\" \/><figcaption id=\"caption-attachment-46873\" class=\"wp-caption-text\">\u00a9 Lula Marques\/ Ag\u00eancia Brasil<\/figcaption><\/figure>\n<p>A Primeira Turma do Supremo Tribunal Federal (STF) analisa nesta sexta-feira (12) a decis\u00e3o em que o ministro Alexandre de Moraes anulou a vota\u00e7\u00e3o na C\u00e2mara que manteve o mandato da deputada Carla Zambelli (PL-SP), condenada duas vezes a pris\u00e3o pelo colegiado.\u00a0<img decoding=\"async\" src=\"https:\/\/agenciabrasil.ebc.com.br\/ebc.png?id=1671905&amp;o=node\" \/><img decoding=\"async\" src=\"https:\/\/agenciabrasil.ebc.com.br\/ebc.gif?id=1671905&amp;o=node\" \/><\/p>\n<p>Na decis\u00e3o tomada na quinta (11), Moraes determinou que o presidente da C\u00e2mara, Hugo Motta, emposse o suplente da deputada, Adilson Barroso (PL-SP), em at\u00e9 48 horas.<\/p>\n<p>O ministro disse que cabe ao Poder Judici\u00e1rio determinar a\u00a0perda do mandato de parlamentar, condenada\u00a0por decis\u00e3o transitada em julgado, cabendo \u00e0 C\u00e2mara somente \u201cdeclarar a perda do mandato\u201d.<\/p>\n<p>A vota\u00e7\u00e3o come\u00e7a \u00e0s 11h por Moraes, relator do caso, que deve replicar a pr\u00f3pria decis\u00e3o monocr\u00e1tica. Em seguida, os ministros C\u00e1rmen L\u00facia, Fl\u00e1vio Dino e Cristiano Zanin t\u00eam at\u00e9 \u00e0s 18h para votarem se referendam ou n\u00e3o essa decis\u00e3o.<\/p>\n<h2>Fuga<\/h2>\n<p>Em julho deste ano, Zambelli\u00a0foi presa em Roma, na It\u00e1lia, onde tentava escapar do cumprimento de um mandado de pris\u00e3o emitido pelo ministro Alexandre de Moraes.<\/p>\n<p>Por ter dupla cidadania, a deputada deixou o Brasil em busca de asilo pol\u00edtico em terras italianas ap\u00f3s ser condenada pelo STF a 10 anos de pris\u00e3o pela invas\u00e3o ao sistema eletr\u00f4nico do Conselho Nacional de Justi\u00e7a (CNJ), em 2023.<\/p>\n<p>De acordo com as investiga\u00e7\u00f5es, Zambelli\u00a0foi a autora intelectual da invas\u00e3o para emiss\u00e3o de um mandado falso de pris\u00e3o contra Alexandre de Moraes.\u00a0O trabalho foi executado por Walter Delgatti, que tamb\u00e9m foi condenado e confirmou ter realizado o trabalho a mando da parlamentar.<\/p>\n<p>Ap\u00f3s a fuga para a It\u00e1lia, o governo brasileiro solicitou a extradi\u00e7\u00e3o da parlamentar para o Brasil, em junho.<\/p>\n<p>Em agosto, a parlamentar foi mais uma vez condenada pelo Supremo, por porte ilegal de arma de fogo e constrangimento ilegal com emprego de arma de fogo.\u00a0O caso est\u00e1 relacionado ao epis\u00f3dio em que ela perseguiu um homem de arma em punho pelas ruas de S\u00e3o Paulo, pouco antes do segundo turno das elei\u00e7\u00f5es de 2022.<\/p>\n<p>A nova condena\u00e7\u00e3o foi utilizada para refor\u00e7ar a necessidade de extradi\u00e7\u00e3o.\u00a0A decis\u00e3o final sobre o processo dever\u00e1 ser tomada durante uma audi\u00eancia que ser\u00e1 realizada pela Justi\u00e7a italiana na pr\u00f3xima quinta-feira (18).<\/p>\n<p><em>Ag\u00eancia Brasil<\/em><\/p>\n","protected":false},"excerpt":{"rendered":"<p>Plen\u00e1rio da C\u00e2mara rejeitou cassa\u00e7\u00e3o da deputada na quarta-feira A Primeira Turma do Supremo Tribunal<\/p>\n","protected":false},"author":3,"featured_media":46873,"comment_status":"open","ping_status":"open","sticky":false,"template":"","format":"standard","meta":{"footnotes":""},"categories":[3,22],"tags":[],"class_list":["post-46872","post","type-post","status-publish","format-standard","has-post-thumbnail","hentry","category-destaques","category-justica"],"yoast_head":"<!-- This site is optimized with the Yoast SEO plugin v27.5 - https:\/\/yoast.com\/product\/yoast-seo-wordpress\/ -->\n<title>STF vota hoje sobre perda do mandato de Carla Zambelli - Jornal<\/title>\n<meta name=\"description\" content=\"STF vota hoje sobre perda do mandato de Carla Zambelli\" \/>\n<meta name=\"robots\" content=\"index, follow, max-snippet:-1, max-image-preview:large, max-video-preview:-1\" \/>\n<link rel=\"canonical\" href=\"https:\/\/jornalboasnoticias.com.br\/home\/stf-vota-hoje-sobre-perda-do-mandato-de-carla-zambelli\/\" \/>\n<meta property=\"og:locale\" content=\"pt_BR\" \/>\n<meta property=\"og:type\" content=\"article\" \/>\n<meta property=\"og:title\" content=\"STF vota hoje sobre perda do mandato de Carla Zambelli - Jornal\" \/>\n<meta property=\"og:description\" content=\"STF vota hoje sobre perda do mandato de Carla Zambelli\" \/>\n<meta property=\"og:url\" content=\"https:\/\/jornalboasnoticias.com.br\/home\/stf-vota-hoje-sobre-perda-do-mandato-de-carla-zambelli\/\" \/>\n<meta property=\"og:site_name\" content=\"Jornal\" \/>\n<meta property=\"article:publisher\" content=\"https:\/\/www.facebook.com\/boasnoticiasjornal\" \/>\n<meta property=\"article:published_time\" content=\"2025-12-12T13:21:16+00:00\" \/>\n<meta property=\"og:image\" content=\"https:\/\/jornalboasnoticias.com.br\/home\/wp-content\/uploads\/2025\/12\/zambelli-e1765545617477.webp\" \/>\n\t<meta property=\"og:image:width\" content=\"1000\" \/>\n\t<meta property=\"og:image:height\" content=\"598\" \/>\n\t<meta property=\"og:image:type\" content=\"image\/webp\" \/>\n<meta name=\"author\" content=\"Luiz Carlos da Cruz\" \/>\n<meta name=\"twitter:card\" content=\"summary_large_image\" \/>\n<meta name=\"twitter:label1\" content=\"Escrito por\" \/>\n\t<meta name=\"twitter:data1\" content=\"Luiz Carlos da Cruz\" \/>\n\t<meta name=\"twitter:label2\" content=\"Est. tempo de leitura\" \/>\n\t<meta name=\"twitter:data2\" content=\"3 minutos\" \/>\n<script type=\"application\/ld+json\" class=\"yoast-schema-graph\">{\"@context\":\"https:\\\/\\\/schema.org\",\"@graph\":[{\"@type\":\"Article\",\"@id\":\"https:\\\/\\\/jornalboasnoticias.com.br\\\/home\\\/stf-vota-hoje-sobre-perda-do-mandato-de-carla-zambelli\\\/#article\",\"isPartOf\":{\"@id\":\"https:\\\/\\\/jornalboasnoticias.com.br\\\/home\\\/stf-vota-hoje-sobre-perda-do-mandato-de-carla-zambelli\\\/\"},\"author\":{\"name\":\"Luiz Carlos da Cruz\",\"@id\":\"https:\\\/\\\/jornalboasnoticias.com.br\\\/home\\\/#\\\/schema\\\/person\\\/75f9ebde398c998c166475fb446bda62\"},\"headline\":\"STF vota hoje sobre perda do mandato de Carla Zambelli\",\"datePublished\":\"2025-12-12T13:21:16+00:00\",\"mainEntityOfPage\":{\"@id\":\"https:\\\/\\\/jornalboasnoticias.com.br\\\/home\\\/stf-vota-hoje-sobre-perda-do-mandato-de-carla-zambelli\\\/\"},\"wordCount\":436,\"commentCount\":0,\"publisher\":{\"@id\":\"https:\\\/\\\/jornalboasnoticias.com.br\\\/home\\\/#organization\"},\"image\":{\"@id\":\"https:\\\/\\\/jornalboasnoticias.com.br\\\/home\\\/stf-vota-hoje-sobre-perda-do-mandato-de-carla-zambelli\\\/#primaryimage\"},\"thumbnailUrl\":\"https:\\\/\\\/jornalboasnoticias.com.br\\\/home\\\/wp-content\\\/uploads\\\/2025\\\/12\\\/zambelli-e1765545617477.webp\",\"articleSection\":[\"DESTAQUE\",\"JUSTI\u00c7A\"],\"inLanguage\":\"pt-BR\",\"potentialAction\":[{\"@type\":\"CommentAction\",\"name\":\"Comment\",\"target\":[\"https:\\\/\\\/jornalboasnoticias.com.br\\\/home\\\/stf-vota-hoje-sobre-perda-do-mandato-de-carla-zambelli\\\/#respond\"]}]},{\"@type\":\"WebPage\",\"@id\":\"https:\\\/\\\/jornalboasnoticias.com.br\\\/home\\\/stf-vota-hoje-sobre-perda-do-mandato-de-carla-zambelli\\\/\",\"url\":\"https:\\\/\\\/jornalboasnoticias.com.br\\\/home\\\/stf-vota-hoje-sobre-perda-do-mandato-de-carla-zambelli\\\/\",\"name\":\"STF vota hoje sobre perda do mandato de Carla Zambelli - Jornal\",\"isPartOf\":{\"@id\":\"https:\\\/\\\/jornalboasnoticias.com.br\\\/home\\\/#website\"},\"primaryImageOfPage\":{\"@id\":\"https:\\\/\\\/jornalboasnoticias.com.br\\\/home\\\/stf-vota-hoje-sobre-perda-do-mandato-de-carla-zambelli\\\/#primaryimage\"},\"image\":{\"@id\":\"https:\\\/\\\/jornalboasnoticias.com.br\\\/home\\\/stf-vota-hoje-sobre-perda-do-mandato-de-carla-zambelli\\\/#primaryimage\"},\"thumbnailUrl\":\"https:\\\/\\\/jornalboasnoticias.com.br\\\/home\\\/wp-content\\\/uploads\\\/2025\\\/12\\\/zambelli-e1765545617477.webp\",\"datePublished\":\"2025-12-12T13:21:16+00:00\",\"description\":\"STF vota hoje sobre perda do mandato de Carla Zambelli\",\"breadcrumb\":{\"@id\":\"https:\\\/\\\/jornalboasnoticias.com.br\\\/home\\\/stf-vota-hoje-sobre-perda-do-mandato-de-carla-zambelli\\\/#breadcrumb\"},\"inLanguage\":\"pt-BR\",\"potentialAction\":[{\"@type\":\"ReadAction\",\"target\":[\"https:\\\/\\\/jornalboasnoticias.com.br\\\/home\\\/stf-vota-hoje-sobre-perda-do-mandato-de-carla-zambelli\\\/\"]}]},{\"@type\":\"ImageObject\",\"inLanguage\":\"pt-BR\",\"@id\":\"https:\\\/\\\/jornalboasnoticias.com.br\\\/home\\\/stf-vota-hoje-sobre-perda-do-mandato-de-carla-zambelli\\\/#primaryimage\",\"url\":\"https:\\\/\\\/jornalboasnoticias.com.br\\\/home\\\/wp-content\\\/uploads\\\/2025\\\/12\\\/zambelli-e1765545617477.webp\",\"contentUrl\":\"https:\\\/\\\/jornalboasnoticias.com.br\\\/home\\\/wp-content\\\/uploads\\\/2025\\\/12\\\/zambelli-e1765545617477.webp\",\"width\":1000,\"height\":598,\"caption\":\"\u00a9 Lula Marques\\\/ Ag\u00eancia Brasil\"},{\"@type\":\"BreadcrumbList\",\"@id\":\"https:\\\/\\\/jornalboasnoticias.com.br\\\/home\\\/stf-vota-hoje-sobre-perda-do-mandato-de-carla-zambelli\\\/#breadcrumb\",\"itemListElement\":[{\"@type\":\"ListItem\",\"position\":1,\"name\":\"In\u00edcio\",\"item\":\"https:\\\/\\\/jornalboasnoticias.com.br\\\/home\\\/\"},{\"@type\":\"ListItem\",\"position\":2,\"name\":\"STF vota hoje sobre perda do mandato de Carla Zambelli\"}]},{\"@type\":\"WebSite\",\"@id\":\"https:\\\/\\\/jornalboasnoticias.com.br\\\/home\\\/#website\",\"url\":\"https:\\\/\\\/jornalboasnoticias.com.br\\\/home\\\/\",\"name\":\"Jornal Boas Not\u00edcias\",\"description\":\"Boas not\u00edcias\",\"publisher\":{\"@id\":\"https:\\\/\\\/jornalboasnoticias.com.br\\\/home\\\/#organization\"},\"potentialAction\":[{\"@type\":\"SearchAction\",\"target\":{\"@type\":\"EntryPoint\",\"urlTemplate\":\"https:\\\/\\\/jornalboasnoticias.com.br\\\/home\\\/?s={search_term_string}\"},\"query-input\":{\"@type\":\"PropertyValueSpecification\",\"valueRequired\":true,\"valueName\":\"search_term_string\"}}],\"inLanguage\":\"pt-BR\"},{\"@type\":\"Organization\",\"@id\":\"https:\\\/\\\/jornalboasnoticias.com.br\\\/home\\\/#organization\",\"name\":\"Coq Editora Ltda\",\"alternateName\":\"Jornal Boas Noticias\",\"url\":\"https:\\\/\\\/jornalboasnoticias.com.br\\\/home\\\/\",\"logo\":{\"@type\":\"ImageObject\",\"inLanguage\":\"pt-BR\",\"@id\":\"https:\\\/\\\/jornalboasnoticias.com.br\\\/home\\\/#\\\/schema\\\/logo\\\/image\\\/\",\"url\":\"https:\\\/\\\/jornalboasnoticias.com.br\\\/home\\\/wp-content\\\/uploads\\\/2024\\\/07\\\/cropped-logo.jpg\",\"contentUrl\":\"https:\\\/\\\/jornalboasnoticias.com.br\\\/home\\\/wp-content\\\/uploads\\\/2024\\\/07\\\/cropped-logo.jpg\",\"width\":290,\"height\":142,\"caption\":\"Coq Editora Ltda\"},\"image\":{\"@id\":\"https:\\\/\\\/jornalboasnoticias.com.br\\\/home\\\/#\\\/schema\\\/logo\\\/image\\\/\"},\"sameAs\":[\"https:\\\/\\\/www.facebook.com\\\/boasnoticiasjornal\"]},{\"@type\":\"Person\",\"@id\":\"https:\\\/\\\/jornalboasnoticias.com.br\\\/home\\\/#\\\/schema\\\/person\\\/75f9ebde398c998c166475fb446bda62\",\"name\":\"Luiz Carlos da Cruz\",\"image\":{\"@type\":\"ImageObject\",\"inLanguage\":\"pt-BR\",\"@id\":\"https:\\\/\\\/secure.gravatar.com\\\/avatar\\\/e6f4f45301b6cb8572f7b076572e8ac11c1db80e805d8c8d0858cf286ce3ac3b?s=96&d=mm&r=g\",\"url\":\"https:\\\/\\\/secure.gravatar.com\\\/avatar\\\/e6f4f45301b6cb8572f7b076572e8ac11c1db80e805d8c8d0858cf286ce3ac3b?s=96&d=mm&r=g\",\"contentUrl\":\"https:\\\/\\\/secure.gravatar.com\\\/avatar\\\/e6f4f45301b6cb8572f7b076572e8ac11c1db80e805d8c8d0858cf286ce3ac3b?s=96&d=mm&r=g\",\"caption\":\"Luiz Carlos da Cruz\"},\"url\":\"https:\\\/\\\/jornalboasnoticias.com.br\\\/home\\\/author\\\/luiz-carlos-da-cruz\\\/\"}]}<\/script>\n<!-- \/ Yoast SEO plugin. -->","yoast_head_json":{"title":"STF vota hoje sobre perda do mandato de Carla Zambelli - Jornal","description":"STF vota hoje sobre perda do mandato de Carla Zambelli","robots":{"index":"index","follow":"follow","max-snippet":"max-snippet:-1","max-image-preview":"max-image-preview:large","max-video-preview":"max-video-preview:-1"},"canonical":"https:\/\/jornalboasnoticias.com.br\/home\/stf-vota-hoje-sobre-perda-do-mandato-de-carla-zambelli\/","og_locale":"pt_BR","og_type":"article","og_title":"STF vota hoje sobre perda do mandato de Carla Zambelli - Jornal","og_description":"STF vota hoje sobre perda do mandato de Carla Zambelli","og_url":"https:\/\/jornalboasnoticias.com.br\/home\/stf-vota-hoje-sobre-perda-do-mandato-de-carla-zambelli\/","og_site_name":"Jornal","article_publisher":"https:\/\/www.facebook.com\/boasnoticiasjornal","article_published_time":"2025-12-12T13:21:16+00:00","og_image":[{"width":1000,"height":598,"url":"https:\/\/jornalboasnoticias.com.br\/home\/wp-content\/uploads\/2025\/12\/zambelli-e1765545617477.webp","type":"image\/webp"}],"author":"Luiz Carlos da Cruz","twitter_card":"summary_large_image","twitter_misc":{"Escrito por":"Luiz Carlos da Cruz","Est. tempo de leitura":"3 minutos"},"schema":{"@context":"https:\/\/schema.org","@graph":[{"@type":"Article","@id":"https:\/\/jornalboasnoticias.com.br\/home\/stf-vota-hoje-sobre-perda-do-mandato-de-carla-zambelli\/#article","isPartOf":{"@id":"https:\/\/jornalboasnoticias.com.br\/home\/stf-vota-hoje-sobre-perda-do-mandato-de-carla-zambelli\/"},"author":{"name":"Luiz Carlos da Cruz","@id":"https:\/\/jornalboasnoticias.com.br\/home\/#\/schema\/person\/75f9ebde398c998c166475fb446bda62"},"headline":"STF vota hoje sobre perda do mandato de Carla Zambelli","datePublished":"2025-12-12T13:21:16+00:00","mainEntityOfPage":{"@id":"https:\/\/jornalboasnoticias.com.br\/home\/stf-vota-hoje-sobre-perda-do-mandato-de-carla-zambelli\/"},"wordCount":436,"commentCount":0,"publisher":{"@id":"https:\/\/jornalboasnoticias.com.br\/home\/#organization"},"image":{"@id":"https:\/\/jornalboasnoticias.com.br\/home\/stf-vota-hoje-sobre-perda-do-mandato-de-carla-zambelli\/#primaryimage"},"thumbnailUrl":"https:\/\/jornalboasnoticias.com.br\/home\/wp-content\/uploads\/2025\/12\/zambelli-e1765545617477.webp","articleSection":["DESTAQUE","JUSTI\u00c7A"],"inLanguage":"pt-BR","potentialAction":[{"@type":"CommentAction","name":"Comment","target":["https:\/\/jornalboasnoticias.com.br\/home\/stf-vota-hoje-sobre-perda-do-mandato-de-carla-zambelli\/#respond"]}]},{"@type":"WebPage","@id":"https:\/\/jornalboasnoticias.com.br\/home\/stf-vota-hoje-sobre-perda-do-mandato-de-carla-zambelli\/","url":"https:\/\/jornalboasnoticias.com.br\/home\/stf-vota-hoje-sobre-perda-do-mandato-de-carla-zambelli\/","name":"STF vota hoje sobre perda do mandato de Carla Zambelli - Jornal","isPartOf":{"@id":"https:\/\/jornalboasnoticias.com.br\/home\/#website"},"primaryImageOfPage":{"@id":"https:\/\/jornalboasnoticias.com.br\/home\/stf-vota-hoje-sobre-perda-do-mandato-de-carla-zambelli\/#primaryimage"},"image":{"@id":"https:\/\/jornalboasnoticias.com.br\/home\/stf-vota-hoje-sobre-perda-do-mandato-de-carla-zambelli\/#primaryimage"},"thumbnailUrl":"https:\/\/jornalboasnoticias.com.br\/home\/wp-content\/uploads\/2025\/12\/zambelli-e1765545617477.webp","datePublished":"2025-12-12T13:21:16+00:00","description":"STF vota hoje sobre perda do mandato de Carla Zambelli","breadcrumb":{"@id":"https:\/\/jornalboasnoticias.com.br\/home\/stf-vota-hoje-sobre-perda-do-mandato-de-carla-zambelli\/#breadcrumb"},"inLanguage":"pt-BR","potentialAction":[{"@type":"ReadAction","target":["https:\/\/jornalboasnoticias.com.br\/home\/stf-vota-hoje-sobre-perda-do-mandato-de-carla-zambelli\/"]}]},{"@type":"ImageObject","inLanguage":"pt-BR","@id":"https:\/\/jornalboasnoticias.com.br\/home\/stf-vota-hoje-sobre-perda-do-mandato-de-carla-zambelli\/#primaryimage","url":"https:\/\/jornalboasnoticias.com.br\/home\/wp-content\/uploads\/2025\/12\/zambelli-e1765545617477.webp","contentUrl":"https:\/\/jornalboasnoticias.com.br\/home\/wp-content\/uploads\/2025\/12\/zambelli-e1765545617477.webp","width":1000,"height":598,"caption":"\u00a9 Lula Marques\/ Ag\u00eancia Brasil"},{"@type":"BreadcrumbList","@id":"https:\/\/jornalboasnoticias.com.br\/home\/stf-vota-hoje-sobre-perda-do-mandato-de-carla-zambelli\/#breadcrumb","itemListElement":[{"@type":"ListItem","position":1,"name":"In\u00edcio","item":"https:\/\/jornalboasnoticias.com.br\/home\/"},{"@type":"ListItem","position":2,"name":"STF vota hoje sobre perda do mandato de Carla Zambelli"}]},{"@type":"WebSite","@id":"https:\/\/jornalboasnoticias.com.br\/home\/#website","url":"https:\/\/jornalboasnoticias.com.br\/home\/","name":"Jornal Boas Not\u00edcias","description":"Boas not\u00edcias","publisher":{"@id":"https:\/\/jornalboasnoticias.com.br\/home\/#organization"},"potentialAction":[{"@type":"SearchAction","target":{"@type":"EntryPoint","urlTemplate":"https:\/\/jornalboasnoticias.com.br\/home\/?s={search_term_string}"},"query-input":{"@type":"PropertyValueSpecification","valueRequired":true,"valueName":"search_term_string"}}],"inLanguage":"pt-BR"},{"@type":"Organization","@id":"https:\/\/jornalboasnoticias.com.br\/home\/#organization","name":"Coq Editora Ltda","alternateName":"Jornal Boas Noticias","url":"https:\/\/jornalboasnoticias.com.br\/home\/","logo":{"@type":"ImageObject","inLanguage":"pt-BR","@id":"https:\/\/jornalboasnoticias.com.br\/home\/#\/schema\/logo\/image\/","url":"https:\/\/jornalboasnoticias.com.br\/home\/wp-content\/uploads\/2024\/07\/cropped-logo.jpg","contentUrl":"https:\/\/jornalboasnoticias.com.br\/home\/wp-content\/uploads\/2024\/07\/cropped-logo.jpg","width":290,"height":142,"caption":"Coq Editora Ltda"},"image":{"@id":"https:\/\/jornalboasnoticias.com.br\/home\/#\/schema\/logo\/image\/"},"sameAs":["https:\/\/www.facebook.com\/boasnoticiasjornal"]},{"@type":"Person","@id":"https:\/\/jornalboasnoticias.com.br\/home\/#\/schema\/person\/75f9ebde398c998c166475fb446bda62","name":"Luiz Carlos da Cruz","image":{"@type":"ImageObject","inLanguage":"pt-BR","@id":"https:\/\/secure.gravatar.com\/avatar\/e6f4f45301b6cb8572f7b076572e8ac11c1db80e805d8c8d0858cf286ce3ac3b?s=96&d=mm&r=g","url":"https:\/\/secure.gravatar.com\/avatar\/e6f4f45301b6cb8572f7b076572e8ac11c1db80e805d8c8d0858cf286ce3ac3b?s=96&d=mm&r=g","contentUrl":"https:\/\/secure.gravatar.com\/avatar\/e6f4f45301b6cb8572f7b076572e8ac11c1db80e805d8c8d0858cf286ce3ac3b?s=96&d=mm&r=g","caption":"Luiz Carlos da Cruz"},"url":"https:\/\/jornalboasnoticias.com.br\/home\/author\/luiz-carlos-da-cruz\/"}]}},"_links":{"self":[{"href":"https:\/\/jornalboasnoticias.com.br\/home\/wp-json\/wp\/v2\/posts\/46872","targetHints":{"allow":["GET"]}}],"collection":[{"href":"https:\/\/jornalboasnoticias.com.br\/home\/wp-json\/wp\/v2\/posts"}],"about":[{"href":"https:\/\/jornalboasnoticias.com.br\/home\/wp-json\/wp\/v2\/types\/post"}],"author":[{"embeddable":true,"href":"https:\/\/jornalboasnoticias.com.br\/home\/wp-json\/wp\/v2\/users\/3"}],"replies":[{"embeddable":true,"href":"https:\/\/jornalboasnoticias.com.br\/home\/wp-json\/wp\/v2\/comments?post=46872"}],"version-history":[{"count":1,"href":"https:\/\/jornalboasnoticias.com.br\/home\/wp-json\/wp\/v2\/posts\/46872\/revisions"}],"predecessor-version":[{"id":46874,"href":"https:\/\/jornalboasnoticias.com.br\/home\/wp-json\/wp\/v2\/posts\/46872\/revisions\/46874"}],"wp:featuredmedia":[{"embeddable":true,"href":"https:\/\/jornalboasnoticias.com.br\/home\/wp-json\/wp\/v2\/media\/46873"}],"wp:attachment":[{"href":"https:\/\/jornalboasnoticias.com.br\/home\/wp-json\/wp\/v2\/media?parent=46872"}],"wp:term":[{"taxonomy":"category","embeddable":true,"href":"https:\/\/jornalboasnoticias.com.br\/home\/wp-json\/wp\/v2\/categories?post=46872"},{"taxonomy":"post_tag","embeddable":true,"href":"https:\/\/jornalboasnoticias.com.br\/home\/wp-json\/wp\/v2\/tags?post=46872"}],"curies":[{"name":"wp","href":"https:\/\/api.w.org\/{rel}","templated":true}]}}