{"id":46867,"date":"2025-12-12T12:39:25","date_gmt":"2025-12-12T12:39:25","guid":{"rendered":"https:\/\/jornalboasnoticias.com.br\/home\/?p=46867"},"modified":"2025-12-12T12:39:25","modified_gmt":"2025-12-12T12:39:25","slug":"parana-tera-tempestades-severas-neste-fim-de-semana-aponta-previsao-do-simepar","status":"publish","type":"post","link":"https:\/\/jornalboasnoticias.com.br\/home\/parana-tera-tempestades-severas-neste-fim-de-semana-aponta-previsao-do-simepar\/","title":{"rendered":"Paran\u00e1 ter\u00e1 tempestades severas neste fim de semana, aponta previs\u00e3o do Simepar"},"content":{"rendered":"<blockquote>\n<p style=\"text-align: center;\">Trata-se de um sistema de baixa press\u00e3o que est\u00e1 atuando em superf\u00edcie sobre o Paraguai e norte da Argentina, potencializando o ingresso de umidade e calor da regi\u00e3o amaz\u00f4nica para o Sul do Brasil. O ciclone extratropical que causou impactos no tempo no Paran\u00e1 nesta semana j\u00e1 foi embora.<\/p>\n<\/blockquote>\n<figure id=\"attachment_45187\" aria-describedby=\"caption-attachment-45187\" style=\"width: 1170px\" class=\"wp-caption alignnone\"><img loading=\"lazy\" decoding=\"async\" class=\"size-full wp-image-45187\" src=\"https:\/\/jornalboasnoticias.com.br\/home\/wp-content\/uploads\/2024\/11\/chuva_sp_tarde_05.webp\" alt=\"\" width=\"1170\" height=\"700\" srcset=\"https:\/\/jornalboasnoticias.com.br\/home\/wp-content\/uploads\/2024\/11\/chuva_sp_tarde_05.webp 1170w, https:\/\/jornalboasnoticias.com.br\/home\/wp-content\/uploads\/2024\/11\/chuva_sp_tarde_05-300x179.webp 300w, https:\/\/jornalboasnoticias.com.br\/home\/wp-content\/uploads\/2024\/11\/chuva_sp_tarde_05-1024x613.webp 1024w, https:\/\/jornalboasnoticias.com.br\/home\/wp-content\/uploads\/2024\/11\/chuva_sp_tarde_05-768x459.webp 768w\" sizes=\"auto, (max-width: 1170px) 100vw, 1170px\" \/><figcaption id=\"caption-attachment-45187\" class=\"wp-caption-text\">\u00a9 Paulo Pinto\/Ag\u00eancia Brasil<\/figcaption><\/figure>\n<p>O ciclone extratropical que causou impactos no tempo no Paran\u00e1 nesta semana j\u00e1 foi embora, mas outro fen\u00f4meno meteorol\u00f3gico se formou e, segundo o Sistema de Tecnologia e Monitoramento Ambiental do Paran\u00e1 (Simepar), tem o potencial de formar superc\u00e9lulas (tempestades severas) no Estado entre esta sexta-feira (12) e s\u00e1bado (13).<\/p>\n<p>Trata-se de um sistema de baixa press\u00e3o que est\u00e1 atuando em superf\u00edcie sobre o Paraguai e norte da Argentina, potencializando o ingresso de umidade e calor da regi\u00e3o amaz\u00f4nica para o Sul do Brasil. Tudo isso est\u00e1 associado a um cavado meteorol\u00f3gico em altitude &#8211; uma regi\u00e3o alongada de baixa press\u00e3o atmosf\u00e9rica, que funciona como uma corrente de vento que ajuda a formar tempestades.<\/p>\n<p>\u201cO que chama a aten\u00e7\u00e3o neste sistema \u00e9 seu avan\u00e7o lento sobre o Estado, o que faz com que ele acabe produzindo maiores acumulados de chuva\u201d, explica Samuel Braun, meteorologista do Simepar.<\/p>\n<p>Desde a madrugada desta sexta-feira (12), \u00e1reas de chuva j\u00e1 se formaram entre as regi\u00f5es Noroeste, Oeste e Sudoeste do Paran\u00e1. Cidades como Cianorte, Mandaguari, Alt\u00f4nia, Assis Chateaubriand, Gua\u00edra, Marechal C\u00e2ndido Rondon, Palotina, Santa Helena e Ubirat\u00e3 j\u00e1 tinham registrado acumulados de chuva acima de 10 mm antes das 7h30, com destaque para Palotina, que neste per\u00edodo j\u00e1 tinha alcan\u00e7ado um volume de chuva de 53,4 mm.<\/p>\n<p>\u201cA tend\u00eancia para as pr\u00f3ximas horas \u00e9 de que essas instabilidades avancem gradualmente de Oeste para o Leste, mudando o tempo onde ainda n\u00e3o choveu. O volume de chuva, principalmente na metade Oeste do Paran\u00e1, ultrapassar\u00e1 a casa dos 50 mm, podendo chegar a 80 mm em algumas esta\u00e7\u00f5es meteorol\u00f3gicas\u201d, ressalta Samuel.<\/p>\n<p>H\u00e1 risco de tempestades, com rajadas de vento acima de 70 km\/h em alguns munic\u00edpios. No Leste a chuva dever\u00e1 chegar no per\u00edodo da noite, e entre a madrugada e manh\u00e3 de s\u00e1bado (13) a previs\u00e3o \u00e9 de muita chuva. No Norte o tempo fica bastante inst\u00e1vel sexta e s\u00e1bado, muito chuvoso e com pouca varia\u00e7\u00e3o das temperaturas.<\/p>\n<p>\u201cFazemos em tempo real o monitoramento das \u00e1reas de chuva. Neste sistema h\u00e1 risco de forma\u00e7\u00e3o de superc\u00e9lulas, que ocorrem em nuvens com desenvolvimento vertical de mais de 15 km de altura e, portanto, causam tempestades mais severas. Elas se formam em poucos minutos\u201d, afirma Samuel.<\/p>\n<p>No s\u00e1bado (13), no Oeste e Sudoeste, o tempo volta a ficar est\u00e1vel a partir da tarde. Com predom\u00ednio de sol, estas ser\u00e3o as regi\u00f5es com as maiores temperaturas do estado. Foz do Igua\u00e7u, por exemplo, pode chegar aos 29\u00b0C, e Francisco Beltr\u00e3o a 27\u00b0C.<\/p>\n<p>J\u00e1 no domingo (14), o tempo permanece com muita nebulosidade e abafado, e pancadas de chuva podem ocorrer em v\u00e1rios momentos do dia de forma localizada e r\u00e1pida, em todas as regi\u00f5es. Na segunda-feira (15), uma nova frente fria avan\u00e7a pelo Sul do Brasil e muda novamente o tempo, principalmente entre a tarde e a noite, nas regi\u00f5es Noroeste, Oeste, Sudoeste e Centro-Sul do Paran\u00e1.<\/p>\n<p>O Simepar recomenda que a popula\u00e7\u00e3o fique atenta aos alertas da Coordenadoria Estadual de Defesa Civil. Basta enviar um SMS para o n\u00famero 40199 com o CEP de sua resid\u00eancia para receber os alertas para a sua regi\u00e3o em tempo real.<\/p>\n<p><em>Informa\u00e7\u00f5es AEN<\/em><\/p>\n","protected":false},"excerpt":{"rendered":"<p>Trata-se de um sistema de baixa press\u00e3o que est\u00e1 atuando em superf\u00edcie sobre o Paraguai<\/p>\n","protected":false},"author":3,"featured_media":45187,"comment_status":"open","ping_status":"open","sticky":false,"template":"","format":"standard","meta":{"footnotes":""},"categories":[3,4],"tags":[],"class_list":["post-46867","post","type-post","status-publish","format-standard","has-post-thumbnail","hentry","category-destaques","category-parana"],"yoast_head":"<!-- This site is optimized with the Yoast SEO plugin v27.5 - https:\/\/yoast.com\/product\/yoast-seo-wordpress\/ -->\n<title>Paran\u00e1 ter\u00e1 tempestades severas neste fim de semana, aponta previs\u00e3o do Simepar - Jornal<\/title>\n<meta name=\"description\" content=\"Paran\u00e1 ter\u00e1 tempestades severas neste fim de semana, aponta previs\u00e3o do Simepar\" \/>\n<meta name=\"robots\" content=\"index, follow, max-snippet:-1, max-image-preview:large, max-video-preview:-1\" \/>\n<link rel=\"canonical\" href=\"https:\/\/jornalboasnoticias.com.br\/home\/parana-tera-tempestades-severas-neste-fim-de-semana-aponta-previsao-do-simepar\/\" \/>\n<meta property=\"og:locale\" content=\"pt_BR\" \/>\n<meta property=\"og:type\" content=\"article\" \/>\n<meta property=\"og:title\" content=\"Paran\u00e1 ter\u00e1 tempestades severas neste fim de semana, aponta previs\u00e3o do Simepar - Jornal\" \/>\n<meta property=\"og:description\" content=\"Paran\u00e1 ter\u00e1 tempestades severas neste fim de semana, aponta previs\u00e3o do Simepar\" \/>\n<meta property=\"og:url\" content=\"https:\/\/jornalboasnoticias.com.br\/home\/parana-tera-tempestades-severas-neste-fim-de-semana-aponta-previsao-do-simepar\/\" \/>\n<meta property=\"og:site_name\" content=\"Jornal\" \/>\n<meta property=\"article:publisher\" content=\"https:\/\/www.facebook.com\/boasnoticiasjornal\" \/>\n<meta property=\"article:published_time\" content=\"2025-12-12T12:39:25+00:00\" \/>\n<meta property=\"og:image\" content=\"https:\/\/jornalboasnoticias.com.br\/home\/wp-content\/uploads\/2024\/11\/chuva_sp_tarde_05.webp\" \/>\n\t<meta property=\"og:image:width\" content=\"1170\" \/>\n\t<meta property=\"og:image:height\" content=\"700\" \/>\n\t<meta property=\"og:image:type\" content=\"image\/webp\" \/>\n<meta name=\"author\" content=\"Luiz Carlos da Cruz\" \/>\n<meta name=\"twitter:card\" content=\"summary_large_image\" \/>\n<meta name=\"twitter:label1\" content=\"Escrito por\" \/>\n\t<meta name=\"twitter:data1\" content=\"Luiz Carlos da Cruz\" \/>\n\t<meta name=\"twitter:label2\" content=\"Est. tempo de leitura\" \/>\n\t<meta name=\"twitter:data2\" content=\"4 minutos\" \/>\n<script type=\"application\/ld+json\" class=\"yoast-schema-graph\">{\"@context\":\"https:\\\/\\\/schema.org\",\"@graph\":[{\"@type\":\"Article\",\"@id\":\"https:\\\/\\\/jornalboasnoticias.com.br\\\/home\\\/parana-tera-tempestades-severas-neste-fim-de-semana-aponta-previsao-do-simepar\\\/#article\",\"isPartOf\":{\"@id\":\"https:\\\/\\\/jornalboasnoticias.com.br\\\/home\\\/parana-tera-tempestades-severas-neste-fim-de-semana-aponta-previsao-do-simepar\\\/\"},\"author\":{\"name\":\"Luiz Carlos da Cruz\",\"@id\":\"https:\\\/\\\/jornalboasnoticias.com.br\\\/home\\\/#\\\/schema\\\/person\\\/75f9ebde398c998c166475fb446bda62\"},\"headline\":\"Paran\u00e1 ter\u00e1 tempestades severas neste fim de semana, aponta previs\u00e3o do Simepar\",\"datePublished\":\"2025-12-12T12:39:25+00:00\",\"mainEntityOfPage\":{\"@id\":\"https:\\\/\\\/jornalboasnoticias.com.br\\\/home\\\/parana-tera-tempestades-severas-neste-fim-de-semana-aponta-previsao-do-simepar\\\/\"},\"wordCount\":635,\"commentCount\":0,\"publisher\":{\"@id\":\"https:\\\/\\\/jornalboasnoticias.com.br\\\/home\\\/#organization\"},\"image\":{\"@id\":\"https:\\\/\\\/jornalboasnoticias.com.br\\\/home\\\/parana-tera-tempestades-severas-neste-fim-de-semana-aponta-previsao-do-simepar\\\/#primaryimage\"},\"thumbnailUrl\":\"https:\\\/\\\/jornalboasnoticias.com.br\\\/home\\\/wp-content\\\/uploads\\\/2024\\\/11\\\/chuva_sp_tarde_05.webp\",\"articleSection\":[\"DESTAQUE\",\"PARAN\u00c1\"],\"inLanguage\":\"pt-BR\",\"potentialAction\":[{\"@type\":\"CommentAction\",\"name\":\"Comment\",\"target\":[\"https:\\\/\\\/jornalboasnoticias.com.br\\\/home\\\/parana-tera-tempestades-severas-neste-fim-de-semana-aponta-previsao-do-simepar\\\/#respond\"]}]},{\"@type\":\"WebPage\",\"@id\":\"https:\\\/\\\/jornalboasnoticias.com.br\\\/home\\\/parana-tera-tempestades-severas-neste-fim-de-semana-aponta-previsao-do-simepar\\\/\",\"url\":\"https:\\\/\\\/jornalboasnoticias.com.br\\\/home\\\/parana-tera-tempestades-severas-neste-fim-de-semana-aponta-previsao-do-simepar\\\/\",\"name\":\"Paran\u00e1 ter\u00e1 tempestades severas neste fim de semana, aponta previs\u00e3o do Simepar - Jornal\",\"isPartOf\":{\"@id\":\"https:\\\/\\\/jornalboasnoticias.com.br\\\/home\\\/#website\"},\"primaryImageOfPage\":{\"@id\":\"https:\\\/\\\/jornalboasnoticias.com.br\\\/home\\\/parana-tera-tempestades-severas-neste-fim-de-semana-aponta-previsao-do-simepar\\\/#primaryimage\"},\"image\":{\"@id\":\"https:\\\/\\\/jornalboasnoticias.com.br\\\/home\\\/parana-tera-tempestades-severas-neste-fim-de-semana-aponta-previsao-do-simepar\\\/#primaryimage\"},\"thumbnailUrl\":\"https:\\\/\\\/jornalboasnoticias.com.br\\\/home\\\/wp-content\\\/uploads\\\/2024\\\/11\\\/chuva_sp_tarde_05.webp\",\"datePublished\":\"2025-12-12T12:39:25+00:00\",\"description\":\"Paran\u00e1 ter\u00e1 tempestades severas neste fim de semana, aponta previs\u00e3o do Simepar\",\"breadcrumb\":{\"@id\":\"https:\\\/\\\/jornalboasnoticias.com.br\\\/home\\\/parana-tera-tempestades-severas-neste-fim-de-semana-aponta-previsao-do-simepar\\\/#breadcrumb\"},\"inLanguage\":\"pt-BR\",\"potentialAction\":[{\"@type\":\"ReadAction\",\"target\":[\"https:\\\/\\\/jornalboasnoticias.com.br\\\/home\\\/parana-tera-tempestades-severas-neste-fim-de-semana-aponta-previsao-do-simepar\\\/\"]}]},{\"@type\":\"ImageObject\",\"inLanguage\":\"pt-BR\",\"@id\":\"https:\\\/\\\/jornalboasnoticias.com.br\\\/home\\\/parana-tera-tempestades-severas-neste-fim-de-semana-aponta-previsao-do-simepar\\\/#primaryimage\",\"url\":\"https:\\\/\\\/jornalboasnoticias.com.br\\\/home\\\/wp-content\\\/uploads\\\/2024\\\/11\\\/chuva_sp_tarde_05.webp\",\"contentUrl\":\"https:\\\/\\\/jornalboasnoticias.com.br\\\/home\\\/wp-content\\\/uploads\\\/2024\\\/11\\\/chuva_sp_tarde_05.webp\",\"width\":1170,\"height\":700,\"caption\":\"\u00a9 Paulo Pinto\\\/Ag\u00eancia Brasil\"},{\"@type\":\"BreadcrumbList\",\"@id\":\"https:\\\/\\\/jornalboasnoticias.com.br\\\/home\\\/parana-tera-tempestades-severas-neste-fim-de-semana-aponta-previsao-do-simepar\\\/#breadcrumb\",\"itemListElement\":[{\"@type\":\"ListItem\",\"position\":1,\"name\":\"In\u00edcio\",\"item\":\"https:\\\/\\\/jornalboasnoticias.com.br\\\/home\\\/\"},{\"@type\":\"ListItem\",\"position\":2,\"name\":\"Paran\u00e1 ter\u00e1 tempestades severas neste fim de semana, aponta previs\u00e3o do Simepar\"}]},{\"@type\":\"WebSite\",\"@id\":\"https:\\\/\\\/jornalboasnoticias.com.br\\\/home\\\/#website\",\"url\":\"https:\\\/\\\/jornalboasnoticias.com.br\\\/home\\\/\",\"name\":\"Jornal Boas Not\u00edcias\",\"description\":\"Boas not\u00edcias\",\"publisher\":{\"@id\":\"https:\\\/\\\/jornalboasnoticias.com.br\\\/home\\\/#organization\"},\"potentialAction\":[{\"@type\":\"SearchAction\",\"target\":{\"@type\":\"EntryPoint\",\"urlTemplate\":\"https:\\\/\\\/jornalboasnoticias.com.br\\\/home\\\/?s={search_term_string}\"},\"query-input\":{\"@type\":\"PropertyValueSpecification\",\"valueRequired\":true,\"valueName\":\"search_term_string\"}}],\"inLanguage\":\"pt-BR\"},{\"@type\":\"Organization\",\"@id\":\"https:\\\/\\\/jornalboasnoticias.com.br\\\/home\\\/#organization\",\"name\":\"Coq Editora Ltda\",\"alternateName\":\"Jornal Boas Noticias\",\"url\":\"https:\\\/\\\/jornalboasnoticias.com.br\\\/home\\\/\",\"logo\":{\"@type\":\"ImageObject\",\"inLanguage\":\"pt-BR\",\"@id\":\"https:\\\/\\\/jornalboasnoticias.com.br\\\/home\\\/#\\\/schema\\\/logo\\\/image\\\/\",\"url\":\"https:\\\/\\\/jornalboasnoticias.com.br\\\/home\\\/wp-content\\\/uploads\\\/2024\\\/07\\\/cropped-logo.jpg\",\"contentUrl\":\"https:\\\/\\\/jornalboasnoticias.com.br\\\/home\\\/wp-content\\\/uploads\\\/2024\\\/07\\\/cropped-logo.jpg\",\"width\":290,\"height\":142,\"caption\":\"Coq Editora Ltda\"},\"image\":{\"@id\":\"https:\\\/\\\/jornalboasnoticias.com.br\\\/home\\\/#\\\/schema\\\/logo\\\/image\\\/\"},\"sameAs\":[\"https:\\\/\\\/www.facebook.com\\\/boasnoticiasjornal\"]},{\"@type\":\"Person\",\"@id\":\"https:\\\/\\\/jornalboasnoticias.com.br\\\/home\\\/#\\\/schema\\\/person\\\/75f9ebde398c998c166475fb446bda62\",\"name\":\"Luiz Carlos da Cruz\",\"image\":{\"@type\":\"ImageObject\",\"inLanguage\":\"pt-BR\",\"@id\":\"https:\\\/\\\/secure.gravatar.com\\\/avatar\\\/e6f4f45301b6cb8572f7b076572e8ac11c1db80e805d8c8d0858cf286ce3ac3b?s=96&d=mm&r=g\",\"url\":\"https:\\\/\\\/secure.gravatar.com\\\/avatar\\\/e6f4f45301b6cb8572f7b076572e8ac11c1db80e805d8c8d0858cf286ce3ac3b?s=96&d=mm&r=g\",\"contentUrl\":\"https:\\\/\\\/secure.gravatar.com\\\/avatar\\\/e6f4f45301b6cb8572f7b076572e8ac11c1db80e805d8c8d0858cf286ce3ac3b?s=96&d=mm&r=g\",\"caption\":\"Luiz Carlos da Cruz\"},\"url\":\"https:\\\/\\\/jornalboasnoticias.com.br\\\/home\\\/author\\\/luiz-carlos-da-cruz\\\/\"}]}<\/script>\n<!-- \/ Yoast SEO plugin. -->","yoast_head_json":{"title":"Paran\u00e1 ter\u00e1 tempestades severas neste fim de semana, aponta previs\u00e3o do Simepar - Jornal","description":"Paran\u00e1 ter\u00e1 tempestades severas neste fim de semana, aponta previs\u00e3o do Simepar","robots":{"index":"index","follow":"follow","max-snippet":"max-snippet:-1","max-image-preview":"max-image-preview:large","max-video-preview":"max-video-preview:-1"},"canonical":"https:\/\/jornalboasnoticias.com.br\/home\/parana-tera-tempestades-severas-neste-fim-de-semana-aponta-previsao-do-simepar\/","og_locale":"pt_BR","og_type":"article","og_title":"Paran\u00e1 ter\u00e1 tempestades severas neste fim de semana, aponta previs\u00e3o do Simepar - Jornal","og_description":"Paran\u00e1 ter\u00e1 tempestades severas neste fim de semana, aponta previs\u00e3o do Simepar","og_url":"https:\/\/jornalboasnoticias.com.br\/home\/parana-tera-tempestades-severas-neste-fim-de-semana-aponta-previsao-do-simepar\/","og_site_name":"Jornal","article_publisher":"https:\/\/www.facebook.com\/boasnoticiasjornal","article_published_time":"2025-12-12T12:39:25+00:00","og_image":[{"width":1170,"height":700,"url":"https:\/\/jornalboasnoticias.com.br\/home\/wp-content\/uploads\/2024\/11\/chuva_sp_tarde_05.webp","type":"image\/webp"}],"author":"Luiz Carlos da Cruz","twitter_card":"summary_large_image","twitter_misc":{"Escrito por":"Luiz Carlos da Cruz","Est. tempo de leitura":"4 minutos"},"schema":{"@context":"https:\/\/schema.org","@graph":[{"@type":"Article","@id":"https:\/\/jornalboasnoticias.com.br\/home\/parana-tera-tempestades-severas-neste-fim-de-semana-aponta-previsao-do-simepar\/#article","isPartOf":{"@id":"https:\/\/jornalboasnoticias.com.br\/home\/parana-tera-tempestades-severas-neste-fim-de-semana-aponta-previsao-do-simepar\/"},"author":{"name":"Luiz Carlos da Cruz","@id":"https:\/\/jornalboasnoticias.com.br\/home\/#\/schema\/person\/75f9ebde398c998c166475fb446bda62"},"headline":"Paran\u00e1 ter\u00e1 tempestades severas neste fim de semana, aponta previs\u00e3o do Simepar","datePublished":"2025-12-12T12:39:25+00:00","mainEntityOfPage":{"@id":"https:\/\/jornalboasnoticias.com.br\/home\/parana-tera-tempestades-severas-neste-fim-de-semana-aponta-previsao-do-simepar\/"},"wordCount":635,"commentCount":0,"publisher":{"@id":"https:\/\/jornalboasnoticias.com.br\/home\/#organization"},"image":{"@id":"https:\/\/jornalboasnoticias.com.br\/home\/parana-tera-tempestades-severas-neste-fim-de-semana-aponta-previsao-do-simepar\/#primaryimage"},"thumbnailUrl":"https:\/\/jornalboasnoticias.com.br\/home\/wp-content\/uploads\/2024\/11\/chuva_sp_tarde_05.webp","articleSection":["DESTAQUE","PARAN\u00c1"],"inLanguage":"pt-BR","potentialAction":[{"@type":"CommentAction","name":"Comment","target":["https:\/\/jornalboasnoticias.com.br\/home\/parana-tera-tempestades-severas-neste-fim-de-semana-aponta-previsao-do-simepar\/#respond"]}]},{"@type":"WebPage","@id":"https:\/\/jornalboasnoticias.com.br\/home\/parana-tera-tempestades-severas-neste-fim-de-semana-aponta-previsao-do-simepar\/","url":"https:\/\/jornalboasnoticias.com.br\/home\/parana-tera-tempestades-severas-neste-fim-de-semana-aponta-previsao-do-simepar\/","name":"Paran\u00e1 ter\u00e1 tempestades severas neste fim de semana, aponta previs\u00e3o do Simepar - Jornal","isPartOf":{"@id":"https:\/\/jornalboasnoticias.com.br\/home\/#website"},"primaryImageOfPage":{"@id":"https:\/\/jornalboasnoticias.com.br\/home\/parana-tera-tempestades-severas-neste-fim-de-semana-aponta-previsao-do-simepar\/#primaryimage"},"image":{"@id":"https:\/\/jornalboasnoticias.com.br\/home\/parana-tera-tempestades-severas-neste-fim-de-semana-aponta-previsao-do-simepar\/#primaryimage"},"thumbnailUrl":"https:\/\/jornalboasnoticias.com.br\/home\/wp-content\/uploads\/2024\/11\/chuva_sp_tarde_05.webp","datePublished":"2025-12-12T12:39:25+00:00","description":"Paran\u00e1 ter\u00e1 tempestades severas neste fim de semana, aponta previs\u00e3o do Simepar","breadcrumb":{"@id":"https:\/\/jornalboasnoticias.com.br\/home\/parana-tera-tempestades-severas-neste-fim-de-semana-aponta-previsao-do-simepar\/#breadcrumb"},"inLanguage":"pt-BR","potentialAction":[{"@type":"ReadAction","target":["https:\/\/jornalboasnoticias.com.br\/home\/parana-tera-tempestades-severas-neste-fim-de-semana-aponta-previsao-do-simepar\/"]}]},{"@type":"ImageObject","inLanguage":"pt-BR","@id":"https:\/\/jornalboasnoticias.com.br\/home\/parana-tera-tempestades-severas-neste-fim-de-semana-aponta-previsao-do-simepar\/#primaryimage","url":"https:\/\/jornalboasnoticias.com.br\/home\/wp-content\/uploads\/2024\/11\/chuva_sp_tarde_05.webp","contentUrl":"https:\/\/jornalboasnoticias.com.br\/home\/wp-content\/uploads\/2024\/11\/chuva_sp_tarde_05.webp","width":1170,"height":700,"caption":"\u00a9 Paulo Pinto\/Ag\u00eancia Brasil"},{"@type":"BreadcrumbList","@id":"https:\/\/jornalboasnoticias.com.br\/home\/parana-tera-tempestades-severas-neste-fim-de-semana-aponta-previsao-do-simepar\/#breadcrumb","itemListElement":[{"@type":"ListItem","position":1,"name":"In\u00edcio","item":"https:\/\/jornalboasnoticias.com.br\/home\/"},{"@type":"ListItem","position":2,"name":"Paran\u00e1 ter\u00e1 tempestades severas neste fim de semana, aponta previs\u00e3o do Simepar"}]},{"@type":"WebSite","@id":"https:\/\/jornalboasnoticias.com.br\/home\/#website","url":"https:\/\/jornalboasnoticias.com.br\/home\/","name":"Jornal Boas Not\u00edcias","description":"Boas not\u00edcias","publisher":{"@id":"https:\/\/jornalboasnoticias.com.br\/home\/#organization"},"potentialAction":[{"@type":"SearchAction","target":{"@type":"EntryPoint","urlTemplate":"https:\/\/jornalboasnoticias.com.br\/home\/?s={search_term_string}"},"query-input":{"@type":"PropertyValueSpecification","valueRequired":true,"valueName":"search_term_string"}}],"inLanguage":"pt-BR"},{"@type":"Organization","@id":"https:\/\/jornalboasnoticias.com.br\/home\/#organization","name":"Coq Editora Ltda","alternateName":"Jornal Boas Noticias","url":"https:\/\/jornalboasnoticias.com.br\/home\/","logo":{"@type":"ImageObject","inLanguage":"pt-BR","@id":"https:\/\/jornalboasnoticias.com.br\/home\/#\/schema\/logo\/image\/","url":"https:\/\/jornalboasnoticias.com.br\/home\/wp-content\/uploads\/2024\/07\/cropped-logo.jpg","contentUrl":"https:\/\/jornalboasnoticias.com.br\/home\/wp-content\/uploads\/2024\/07\/cropped-logo.jpg","width":290,"height":142,"caption":"Coq Editora Ltda"},"image":{"@id":"https:\/\/jornalboasnoticias.com.br\/home\/#\/schema\/logo\/image\/"},"sameAs":["https:\/\/www.facebook.com\/boasnoticiasjornal"]},{"@type":"Person","@id":"https:\/\/jornalboasnoticias.com.br\/home\/#\/schema\/person\/75f9ebde398c998c166475fb446bda62","name":"Luiz Carlos da Cruz","image":{"@type":"ImageObject","inLanguage":"pt-BR","@id":"https:\/\/secure.gravatar.com\/avatar\/e6f4f45301b6cb8572f7b076572e8ac11c1db80e805d8c8d0858cf286ce3ac3b?s=96&d=mm&r=g","url":"https:\/\/secure.gravatar.com\/avatar\/e6f4f45301b6cb8572f7b076572e8ac11c1db80e805d8c8d0858cf286ce3ac3b?s=96&d=mm&r=g","contentUrl":"https:\/\/secure.gravatar.com\/avatar\/e6f4f45301b6cb8572f7b076572e8ac11c1db80e805d8c8d0858cf286ce3ac3b?s=96&d=mm&r=g","caption":"Luiz Carlos da Cruz"},"url":"https:\/\/jornalboasnoticias.com.br\/home\/author\/luiz-carlos-da-cruz\/"}]}},"_links":{"self":[{"href":"https:\/\/jornalboasnoticias.com.br\/home\/wp-json\/wp\/v2\/posts\/46867","targetHints":{"allow":["GET"]}}],"collection":[{"href":"https:\/\/jornalboasnoticias.com.br\/home\/wp-json\/wp\/v2\/posts"}],"about":[{"href":"https:\/\/jornalboasnoticias.com.br\/home\/wp-json\/wp\/v2\/types\/post"}],"author":[{"embeddable":true,"href":"https:\/\/jornalboasnoticias.com.br\/home\/wp-json\/wp\/v2\/users\/3"}],"replies":[{"embeddable":true,"href":"https:\/\/jornalboasnoticias.com.br\/home\/wp-json\/wp\/v2\/comments?post=46867"}],"version-history":[{"count":1,"href":"https:\/\/jornalboasnoticias.com.br\/home\/wp-json\/wp\/v2\/posts\/46867\/revisions"}],"predecessor-version":[{"id":46868,"href":"https:\/\/jornalboasnoticias.com.br\/home\/wp-json\/wp\/v2\/posts\/46867\/revisions\/46868"}],"wp:featuredmedia":[{"embeddable":true,"href":"https:\/\/jornalboasnoticias.com.br\/home\/wp-json\/wp\/v2\/media\/45187"}],"wp:attachment":[{"href":"https:\/\/jornalboasnoticias.com.br\/home\/wp-json\/wp\/v2\/media?parent=46867"}],"wp:term":[{"taxonomy":"category","embeddable":true,"href":"https:\/\/jornalboasnoticias.com.br\/home\/wp-json\/wp\/v2\/categories?post=46867"},{"taxonomy":"post_tag","embeddable":true,"href":"https:\/\/jornalboasnoticias.com.br\/home\/wp-json\/wp\/v2\/tags?post=46867"}],"curies":[{"name":"wp","href":"https:\/\/api.w.org\/{rel}","templated":true}]}}