{"id":46844,"date":"2025-12-11T13:34:22","date_gmt":"2025-12-11T13:34:22","guid":{"rendered":"https:\/\/jornalboasnoticias.com.br\/home\/?p=46844"},"modified":"2025-12-11T13:34:22","modified_gmt":"2025-12-11T13:34:22","slug":"prefeitura-leva-programacao-cultural-ao-palco-arena-lago-municipal-e-distritos-de-cascavel","status":"publish","type":"post","link":"https:\/\/jornalboasnoticias.com.br\/home\/prefeitura-leva-programacao-cultural-ao-palco-arena-lago-municipal-e-distritos-de-cascavel\/","title":{"rendered":"Prefeitura leva programa\u00e7\u00e3o cultural ao Palco Arena, Lago Municipal e distritos de Cascavel"},"content":{"rendered":"<blockquote>\n<p style=\"text-align: center;\">Confira as atra\u00e7\u00f5es art\u00edsticas que v\u00e3o movimentar os pr\u00f3ximos dias no Munic\u00edpio<\/p>\n<\/blockquote>\n<figure id=\"attachment_46845\" aria-describedby=\"caption-attachment-46845\" style=\"width: 1000px\" class=\"wp-caption alignnone\"><img loading=\"lazy\" decoding=\"async\" class=\"size-full wp-image-46845\" src=\"https:\/\/jornalboasnoticias.com.br\/home\/wp-content\/uploads\/2025\/12\/WhatsApp-Image-2025-12-10-at-16_14_47-3-e1765460029388.jpeg\" alt=\"\" width=\"1000\" height=\"667\" \/><figcaption id=\"caption-attachment-46845\" class=\"wp-caption-text\">Divulga\u00e7\u00e3o<\/figcaption><\/figure>\n<p>A Prefeitura de Cascavel, por meio da Secretaria de Cultura,\u00a0prepara uma programa especial do Natal de Luz e Paz,\u00a0com atra\u00e7\u00f5es no Palco Arena, no Lago Municipal e nos distritos de S\u00e3o Salvador e S\u00e3o Jo\u00e3o do Oeste.<\/p>\n<p>O objetivo \u00e9\u00a0levar arte, emo\u00e7\u00e3o e esp\u00edrito natalino a todos os cantos da cidade, da \u00e1rea urbana \u00e0 \u00e1rea rural, aproximando fam\u00edlias e criando momentos que refor\u00e7am o pertencimento e a cultura local.<\/p>\n<h2>PALCO ARENA<\/h2>\n<p>Come\u00e7ando nesta quinta-feira (11), \u00e0s 18h, o Palco Arena, no Cal\u00e7ad\u00e3o da Avenida Brasil, em frente \u00e0 Catedral, recebe Fabiano Oliveira, que promete um repert\u00f3rio vibrante de pop rock para embalar o p\u00fablico.<\/p>\n<p>Logo ap\u00f3s, \u00e0s 20h, o local ser\u00e1 tomado pela musicalidade de\u00a0\u201cParan\u00f3ia\u201d, projeto instrumental comandado pelo m\u00fasico Gustavo Zago, que adiciona uma atmosfera sofisticada e sensorial.<\/p>\n<p>Na sexta-feira (12), o Cal\u00e7ad\u00e3o volta a ser ponto de encontro da cultura local. \u00c0s 18h, Lucas Silva apresenta\u00a0\u201cUma Noite M\u00e1gica de Natal\u201d, espet\u00e1culo que une m\u00fasica e emo\u00e7\u00e3o. Na sequ\u00eancia, \u00e0s 20h, Andr\u00e9ia Karen assume o palco com um repert\u00f3rio que passeia por modinhas, MPB e grandes cl\u00e1ssicos internacionais, refor\u00e7ando a diversidade art\u00edstica da agenda.<\/p>\n<p>A programa\u00e7\u00e3o segue no s\u00e1bado (13) com dois destaques no Palco Arena: \u00e0s 18h, o projeto\u00a0\u201cQuerelas do Brasil\u201d\u00a0celebra a riqueza da m\u00fasica brasileira em suas m\u00faltiplas influ\u00eancias; e \u00e0s 20h, Paulo Drage traz sucessos do pop nacional e internacional, garantindo uma noite de energia contagiante no centro da cidade.<\/p>\n<p>Nos tr\u00eas dias,\u00a0quinta,\u00a0sexta e s\u00e1bado, sempre \u00e0s 19h, quem ocupa o Palco Arena \u00e9 a atriz Sonia Siqueira que, com seu\u00a0\u201cLivro Dourado do Natal\u201d, conta hist\u00f3rias que emocionam crian\u00e7as e adultos.<\/p>\n<h2><strong><u>Distritos<\/u><\/strong><\/h2>\n<p>Ainda no s\u00e1bado (13), o esp\u00edrito natalino tamb\u00e9m chega com for\u00e7a \u00e0 \u00e1rea rural. S\u00e3o Salvador recebe, a partir das 14h, o Duo Voyage, com seu show \u201cNatal Raiz Brasil\u201d, que embala a chegada do Papai Noel, momento esperado pelas crian\u00e7as e fam\u00edlias. A programa\u00e7\u00e3o ainda inclui conta\u00e7\u00e3o de hist\u00f3rias com a atriz Sonia Siqueira.<\/p>\n<p>J\u00e1 no\u00a0domingo (14), a partir das 14h,\u00a0\u00e9 a vez do distrito de S\u00e3o Jo\u00e3o do Oeste receber a\u00a0Trupe da Cultura, com a conta\u00e7\u00e3o de hist\u00f3rias, a chegada do bom velhinho e o show\u00a0\u201cSimplesmente Miguel\u201d, do Poeta Miguel das Neves que\u00a0cantar\u00e1\u00a0grandes cl\u00e1ssicos do sertanejo e da MPB.<\/p>\n<h2><strong>\u00c1rvore\u00a0<\/strong><strong>flutuante<\/strong><\/h2>\n<p>E para fechar o fim de semana de atra\u00e7\u00f5es, ainda no domingo (14), \u00e0s 20h, o Natal de Luz e Paz de Cascavel ter\u00e1 mais um momento especial, o acendimento oficial da \u00c1rvore Flutuante de 24 metros de altura em pleno Lago Municipal. O Coral Canticum tamb\u00e9m apresentar\u00e1 can\u00e7\u00f5es natalinas.<\/p>\n<p>A \u00e1rvore foi viabilizada por meio de recursos do Governo do Estado, via Secretaria de Turismo e articulados pelo deputado Gugu Bueno.<\/p>\n<p><em>Prefeitura de Cascavel<\/em><\/p>\n","protected":false},"excerpt":{"rendered":"<p>Confira as atra\u00e7\u00f5es art\u00edsticas que v\u00e3o movimentar os pr\u00f3ximos dias no Munic\u00edpio A Prefeitura de<\/p>\n","protected":false},"author":3,"featured_media":46845,"comment_status":"open","ping_status":"open","sticky":false,"template":"","format":"standard","meta":{"footnotes":""},"categories":[2,3],"tags":[],"class_list":["post-46844","post","type-post","status-publish","format-standard","has-post-thumbnail","hentry","category-cascavel","category-destaques"],"yoast_head":"<!-- This site is optimized with the Yoast SEO plugin v27.5 - https:\/\/yoast.com\/product\/yoast-seo-wordpress\/ -->\n<title>Prefeitura leva programa\u00e7\u00e3o cultural ao Palco Arena, Lago Municipal e distritos de Cascavel - Jornal<\/title>\n<meta name=\"description\" content=\"Prefeitura leva programa\u00e7\u00e3o cultural ao Palco Arena, Lago Municipal e distritos de Cascavel\" \/>\n<meta name=\"robots\" content=\"index, follow, max-snippet:-1, max-image-preview:large, max-video-preview:-1\" \/>\n<link rel=\"canonical\" href=\"https:\/\/jornalboasnoticias.com.br\/home\/prefeitura-leva-programacao-cultural-ao-palco-arena-lago-municipal-e-distritos-de-cascavel\/\" \/>\n<meta property=\"og:locale\" content=\"pt_BR\" \/>\n<meta property=\"og:type\" content=\"article\" \/>\n<meta property=\"og:title\" content=\"Prefeitura leva programa\u00e7\u00e3o cultural ao Palco Arena, Lago Municipal e distritos de Cascavel - Jornal\" \/>\n<meta property=\"og:description\" content=\"Prefeitura leva programa\u00e7\u00e3o cultural ao Palco Arena, Lago Municipal e distritos de Cascavel\" \/>\n<meta property=\"og:url\" content=\"https:\/\/jornalboasnoticias.com.br\/home\/prefeitura-leva-programacao-cultural-ao-palco-arena-lago-municipal-e-distritos-de-cascavel\/\" \/>\n<meta property=\"og:site_name\" content=\"Jornal\" \/>\n<meta property=\"article:publisher\" content=\"https:\/\/www.facebook.com\/boasnoticiasjornal\" \/>\n<meta property=\"article:published_time\" content=\"2025-12-11T13:34:22+00:00\" \/>\n<meta property=\"og:image\" content=\"https:\/\/jornalboasnoticias.com.br\/home\/wp-content\/uploads\/2025\/12\/WhatsApp-Image-2025-12-10-at-16_14_47-3-e1765460029388.jpeg\" \/>\n\t<meta property=\"og:image:width\" content=\"1000\" \/>\n\t<meta property=\"og:image:height\" content=\"667\" \/>\n\t<meta property=\"og:image:type\" content=\"image\/jpeg\" \/>\n<meta name=\"author\" content=\"Luiz Carlos da Cruz\" \/>\n<meta name=\"twitter:card\" content=\"summary_large_image\" \/>\n<meta name=\"twitter:label1\" content=\"Escrito por\" \/>\n\t<meta name=\"twitter:data1\" content=\"Luiz Carlos da Cruz\" \/>\n\t<meta name=\"twitter:label2\" content=\"Est. tempo de leitura\" \/>\n\t<meta name=\"twitter:data2\" content=\"3 minutos\" \/>\n<script type=\"application\/ld+json\" class=\"yoast-schema-graph\">{\"@context\":\"https:\\\/\\\/schema.org\",\"@graph\":[{\"@type\":\"Article\",\"@id\":\"https:\\\/\\\/jornalboasnoticias.com.br\\\/home\\\/prefeitura-leva-programacao-cultural-ao-palco-arena-lago-municipal-e-distritos-de-cascavel\\\/#article\",\"isPartOf\":{\"@id\":\"https:\\\/\\\/jornalboasnoticias.com.br\\\/home\\\/prefeitura-leva-programacao-cultural-ao-palco-arena-lago-municipal-e-distritos-de-cascavel\\\/\"},\"author\":{\"name\":\"Luiz Carlos da Cruz\",\"@id\":\"https:\\\/\\\/jornalboasnoticias.com.br\\\/home\\\/#\\\/schema\\\/person\\\/75f9ebde398c998c166475fb446bda62\"},\"headline\":\"Prefeitura leva programa\u00e7\u00e3o cultural ao Palco Arena, Lago Municipal e distritos de Cascavel\",\"datePublished\":\"2025-12-11T13:34:22+00:00\",\"mainEntityOfPage\":{\"@id\":\"https:\\\/\\\/jornalboasnoticias.com.br\\\/home\\\/prefeitura-leva-programacao-cultural-ao-palco-arena-lago-municipal-e-distritos-de-cascavel\\\/\"},\"wordCount\":543,\"commentCount\":0,\"publisher\":{\"@id\":\"https:\\\/\\\/jornalboasnoticias.com.br\\\/home\\\/#organization\"},\"image\":{\"@id\":\"https:\\\/\\\/jornalboasnoticias.com.br\\\/home\\\/prefeitura-leva-programacao-cultural-ao-palco-arena-lago-municipal-e-distritos-de-cascavel\\\/#primaryimage\"},\"thumbnailUrl\":\"https:\\\/\\\/jornalboasnoticias.com.br\\\/home\\\/wp-content\\\/uploads\\\/2025\\\/12\\\/WhatsApp-Image-2025-12-10-at-16_14_47-3-e1765460029388.jpeg\",\"articleSection\":[\"CASCAVEL\",\"DESTAQUE\"],\"inLanguage\":\"pt-BR\",\"potentialAction\":[{\"@type\":\"CommentAction\",\"name\":\"Comment\",\"target\":[\"https:\\\/\\\/jornalboasnoticias.com.br\\\/home\\\/prefeitura-leva-programacao-cultural-ao-palco-arena-lago-municipal-e-distritos-de-cascavel\\\/#respond\"]}]},{\"@type\":\"WebPage\",\"@id\":\"https:\\\/\\\/jornalboasnoticias.com.br\\\/home\\\/prefeitura-leva-programacao-cultural-ao-palco-arena-lago-municipal-e-distritos-de-cascavel\\\/\",\"url\":\"https:\\\/\\\/jornalboasnoticias.com.br\\\/home\\\/prefeitura-leva-programacao-cultural-ao-palco-arena-lago-municipal-e-distritos-de-cascavel\\\/\",\"name\":\"Prefeitura leva programa\u00e7\u00e3o cultural ao Palco Arena, Lago Municipal e distritos de Cascavel - Jornal\",\"isPartOf\":{\"@id\":\"https:\\\/\\\/jornalboasnoticias.com.br\\\/home\\\/#website\"},\"primaryImageOfPage\":{\"@id\":\"https:\\\/\\\/jornalboasnoticias.com.br\\\/home\\\/prefeitura-leva-programacao-cultural-ao-palco-arena-lago-municipal-e-distritos-de-cascavel\\\/#primaryimage\"},\"image\":{\"@id\":\"https:\\\/\\\/jornalboasnoticias.com.br\\\/home\\\/prefeitura-leva-programacao-cultural-ao-palco-arena-lago-municipal-e-distritos-de-cascavel\\\/#primaryimage\"},\"thumbnailUrl\":\"https:\\\/\\\/jornalboasnoticias.com.br\\\/home\\\/wp-content\\\/uploads\\\/2025\\\/12\\\/WhatsApp-Image-2025-12-10-at-16_14_47-3-e1765460029388.jpeg\",\"datePublished\":\"2025-12-11T13:34:22+00:00\",\"description\":\"Prefeitura leva programa\u00e7\u00e3o cultural ao Palco Arena, Lago Municipal e distritos de Cascavel\",\"breadcrumb\":{\"@id\":\"https:\\\/\\\/jornalboasnoticias.com.br\\\/home\\\/prefeitura-leva-programacao-cultural-ao-palco-arena-lago-municipal-e-distritos-de-cascavel\\\/#breadcrumb\"},\"inLanguage\":\"pt-BR\",\"potentialAction\":[{\"@type\":\"ReadAction\",\"target\":[\"https:\\\/\\\/jornalboasnoticias.com.br\\\/home\\\/prefeitura-leva-programacao-cultural-ao-palco-arena-lago-municipal-e-distritos-de-cascavel\\\/\"]}]},{\"@type\":\"ImageObject\",\"inLanguage\":\"pt-BR\",\"@id\":\"https:\\\/\\\/jornalboasnoticias.com.br\\\/home\\\/prefeitura-leva-programacao-cultural-ao-palco-arena-lago-municipal-e-distritos-de-cascavel\\\/#primaryimage\",\"url\":\"https:\\\/\\\/jornalboasnoticias.com.br\\\/home\\\/wp-content\\\/uploads\\\/2025\\\/12\\\/WhatsApp-Image-2025-12-10-at-16_14_47-3-e1765460029388.jpeg\",\"contentUrl\":\"https:\\\/\\\/jornalboasnoticias.com.br\\\/home\\\/wp-content\\\/uploads\\\/2025\\\/12\\\/WhatsApp-Image-2025-12-10-at-16_14_47-3-e1765460029388.jpeg\",\"width\":1000,\"height\":667,\"caption\":\"Divulga\u00e7\u00e3o\"},{\"@type\":\"BreadcrumbList\",\"@id\":\"https:\\\/\\\/jornalboasnoticias.com.br\\\/home\\\/prefeitura-leva-programacao-cultural-ao-palco-arena-lago-municipal-e-distritos-de-cascavel\\\/#breadcrumb\",\"itemListElement\":[{\"@type\":\"ListItem\",\"position\":1,\"name\":\"In\u00edcio\",\"item\":\"https:\\\/\\\/jornalboasnoticias.com.br\\\/home\\\/\"},{\"@type\":\"ListItem\",\"position\":2,\"name\":\"Prefeitura leva programa\u00e7\u00e3o cultural ao Palco Arena, Lago Municipal e distritos de Cascavel\"}]},{\"@type\":\"WebSite\",\"@id\":\"https:\\\/\\\/jornalboasnoticias.com.br\\\/home\\\/#website\",\"url\":\"https:\\\/\\\/jornalboasnoticias.com.br\\\/home\\\/\",\"name\":\"Jornal Boas Not\u00edcias\",\"description\":\"Boas not\u00edcias\",\"publisher\":{\"@id\":\"https:\\\/\\\/jornalboasnoticias.com.br\\\/home\\\/#organization\"},\"potentialAction\":[{\"@type\":\"SearchAction\",\"target\":{\"@type\":\"EntryPoint\",\"urlTemplate\":\"https:\\\/\\\/jornalboasnoticias.com.br\\\/home\\\/?s={search_term_string}\"},\"query-input\":{\"@type\":\"PropertyValueSpecification\",\"valueRequired\":true,\"valueName\":\"search_term_string\"}}],\"inLanguage\":\"pt-BR\"},{\"@type\":\"Organization\",\"@id\":\"https:\\\/\\\/jornalboasnoticias.com.br\\\/home\\\/#organization\",\"name\":\"Coq Editora Ltda\",\"alternateName\":\"Jornal Boas Noticias\",\"url\":\"https:\\\/\\\/jornalboasnoticias.com.br\\\/home\\\/\",\"logo\":{\"@type\":\"ImageObject\",\"inLanguage\":\"pt-BR\",\"@id\":\"https:\\\/\\\/jornalboasnoticias.com.br\\\/home\\\/#\\\/schema\\\/logo\\\/image\\\/\",\"url\":\"https:\\\/\\\/jornalboasnoticias.com.br\\\/home\\\/wp-content\\\/uploads\\\/2024\\\/07\\\/cropped-logo.jpg\",\"contentUrl\":\"https:\\\/\\\/jornalboasnoticias.com.br\\\/home\\\/wp-content\\\/uploads\\\/2024\\\/07\\\/cropped-logo.jpg\",\"width\":290,\"height\":142,\"caption\":\"Coq Editora Ltda\"},\"image\":{\"@id\":\"https:\\\/\\\/jornalboasnoticias.com.br\\\/home\\\/#\\\/schema\\\/logo\\\/image\\\/\"},\"sameAs\":[\"https:\\\/\\\/www.facebook.com\\\/boasnoticiasjornal\"]},{\"@type\":\"Person\",\"@id\":\"https:\\\/\\\/jornalboasnoticias.com.br\\\/home\\\/#\\\/schema\\\/person\\\/75f9ebde398c998c166475fb446bda62\",\"name\":\"Luiz Carlos da Cruz\",\"image\":{\"@type\":\"ImageObject\",\"inLanguage\":\"pt-BR\",\"@id\":\"https:\\\/\\\/secure.gravatar.com\\\/avatar\\\/e6f4f45301b6cb8572f7b076572e8ac11c1db80e805d8c8d0858cf286ce3ac3b?s=96&d=mm&r=g\",\"url\":\"https:\\\/\\\/secure.gravatar.com\\\/avatar\\\/e6f4f45301b6cb8572f7b076572e8ac11c1db80e805d8c8d0858cf286ce3ac3b?s=96&d=mm&r=g\",\"contentUrl\":\"https:\\\/\\\/secure.gravatar.com\\\/avatar\\\/e6f4f45301b6cb8572f7b076572e8ac11c1db80e805d8c8d0858cf286ce3ac3b?s=96&d=mm&r=g\",\"caption\":\"Luiz Carlos da Cruz\"},\"url\":\"https:\\\/\\\/jornalboasnoticias.com.br\\\/home\\\/author\\\/luiz-carlos-da-cruz\\\/\"}]}<\/script>\n<!-- \/ Yoast SEO plugin. -->","yoast_head_json":{"title":"Prefeitura leva programa\u00e7\u00e3o cultural ao Palco Arena, Lago Municipal e distritos de Cascavel - Jornal","description":"Prefeitura leva programa\u00e7\u00e3o cultural ao Palco Arena, Lago Municipal e distritos de Cascavel","robots":{"index":"index","follow":"follow","max-snippet":"max-snippet:-1","max-image-preview":"max-image-preview:large","max-video-preview":"max-video-preview:-1"},"canonical":"https:\/\/jornalboasnoticias.com.br\/home\/prefeitura-leva-programacao-cultural-ao-palco-arena-lago-municipal-e-distritos-de-cascavel\/","og_locale":"pt_BR","og_type":"article","og_title":"Prefeitura leva programa\u00e7\u00e3o cultural ao Palco Arena, Lago Municipal e distritos de Cascavel - Jornal","og_description":"Prefeitura leva programa\u00e7\u00e3o cultural ao Palco Arena, Lago Municipal e distritos de Cascavel","og_url":"https:\/\/jornalboasnoticias.com.br\/home\/prefeitura-leva-programacao-cultural-ao-palco-arena-lago-municipal-e-distritos-de-cascavel\/","og_site_name":"Jornal","article_publisher":"https:\/\/www.facebook.com\/boasnoticiasjornal","article_published_time":"2025-12-11T13:34:22+00:00","og_image":[{"width":1000,"height":667,"url":"https:\/\/jornalboasnoticias.com.br\/home\/wp-content\/uploads\/2025\/12\/WhatsApp-Image-2025-12-10-at-16_14_47-3-e1765460029388.jpeg","type":"image\/jpeg"}],"author":"Luiz Carlos da Cruz","twitter_card":"summary_large_image","twitter_misc":{"Escrito por":"Luiz Carlos da Cruz","Est. tempo de leitura":"3 minutos"},"schema":{"@context":"https:\/\/schema.org","@graph":[{"@type":"Article","@id":"https:\/\/jornalboasnoticias.com.br\/home\/prefeitura-leva-programacao-cultural-ao-palco-arena-lago-municipal-e-distritos-de-cascavel\/#article","isPartOf":{"@id":"https:\/\/jornalboasnoticias.com.br\/home\/prefeitura-leva-programacao-cultural-ao-palco-arena-lago-municipal-e-distritos-de-cascavel\/"},"author":{"name":"Luiz Carlos da Cruz","@id":"https:\/\/jornalboasnoticias.com.br\/home\/#\/schema\/person\/75f9ebde398c998c166475fb446bda62"},"headline":"Prefeitura leva programa\u00e7\u00e3o cultural ao Palco Arena, Lago Municipal e distritos de Cascavel","datePublished":"2025-12-11T13:34:22+00:00","mainEntityOfPage":{"@id":"https:\/\/jornalboasnoticias.com.br\/home\/prefeitura-leva-programacao-cultural-ao-palco-arena-lago-municipal-e-distritos-de-cascavel\/"},"wordCount":543,"commentCount":0,"publisher":{"@id":"https:\/\/jornalboasnoticias.com.br\/home\/#organization"},"image":{"@id":"https:\/\/jornalboasnoticias.com.br\/home\/prefeitura-leva-programacao-cultural-ao-palco-arena-lago-municipal-e-distritos-de-cascavel\/#primaryimage"},"thumbnailUrl":"https:\/\/jornalboasnoticias.com.br\/home\/wp-content\/uploads\/2025\/12\/WhatsApp-Image-2025-12-10-at-16_14_47-3-e1765460029388.jpeg","articleSection":["CASCAVEL","DESTAQUE"],"inLanguage":"pt-BR","potentialAction":[{"@type":"CommentAction","name":"Comment","target":["https:\/\/jornalboasnoticias.com.br\/home\/prefeitura-leva-programacao-cultural-ao-palco-arena-lago-municipal-e-distritos-de-cascavel\/#respond"]}]},{"@type":"WebPage","@id":"https:\/\/jornalboasnoticias.com.br\/home\/prefeitura-leva-programacao-cultural-ao-palco-arena-lago-municipal-e-distritos-de-cascavel\/","url":"https:\/\/jornalboasnoticias.com.br\/home\/prefeitura-leva-programacao-cultural-ao-palco-arena-lago-municipal-e-distritos-de-cascavel\/","name":"Prefeitura leva programa\u00e7\u00e3o cultural ao Palco Arena, Lago Municipal e distritos de Cascavel - Jornal","isPartOf":{"@id":"https:\/\/jornalboasnoticias.com.br\/home\/#website"},"primaryImageOfPage":{"@id":"https:\/\/jornalboasnoticias.com.br\/home\/prefeitura-leva-programacao-cultural-ao-palco-arena-lago-municipal-e-distritos-de-cascavel\/#primaryimage"},"image":{"@id":"https:\/\/jornalboasnoticias.com.br\/home\/prefeitura-leva-programacao-cultural-ao-palco-arena-lago-municipal-e-distritos-de-cascavel\/#primaryimage"},"thumbnailUrl":"https:\/\/jornalboasnoticias.com.br\/home\/wp-content\/uploads\/2025\/12\/WhatsApp-Image-2025-12-10-at-16_14_47-3-e1765460029388.jpeg","datePublished":"2025-12-11T13:34:22+00:00","description":"Prefeitura leva programa\u00e7\u00e3o cultural ao Palco Arena, Lago Municipal e distritos de Cascavel","breadcrumb":{"@id":"https:\/\/jornalboasnoticias.com.br\/home\/prefeitura-leva-programacao-cultural-ao-palco-arena-lago-municipal-e-distritos-de-cascavel\/#breadcrumb"},"inLanguage":"pt-BR","potentialAction":[{"@type":"ReadAction","target":["https:\/\/jornalboasnoticias.com.br\/home\/prefeitura-leva-programacao-cultural-ao-palco-arena-lago-municipal-e-distritos-de-cascavel\/"]}]},{"@type":"ImageObject","inLanguage":"pt-BR","@id":"https:\/\/jornalboasnoticias.com.br\/home\/prefeitura-leva-programacao-cultural-ao-palco-arena-lago-municipal-e-distritos-de-cascavel\/#primaryimage","url":"https:\/\/jornalboasnoticias.com.br\/home\/wp-content\/uploads\/2025\/12\/WhatsApp-Image-2025-12-10-at-16_14_47-3-e1765460029388.jpeg","contentUrl":"https:\/\/jornalboasnoticias.com.br\/home\/wp-content\/uploads\/2025\/12\/WhatsApp-Image-2025-12-10-at-16_14_47-3-e1765460029388.jpeg","width":1000,"height":667,"caption":"Divulga\u00e7\u00e3o"},{"@type":"BreadcrumbList","@id":"https:\/\/jornalboasnoticias.com.br\/home\/prefeitura-leva-programacao-cultural-ao-palco-arena-lago-municipal-e-distritos-de-cascavel\/#breadcrumb","itemListElement":[{"@type":"ListItem","position":1,"name":"In\u00edcio","item":"https:\/\/jornalboasnoticias.com.br\/home\/"},{"@type":"ListItem","position":2,"name":"Prefeitura leva programa\u00e7\u00e3o cultural ao Palco Arena, Lago Municipal e distritos de Cascavel"}]},{"@type":"WebSite","@id":"https:\/\/jornalboasnoticias.com.br\/home\/#website","url":"https:\/\/jornalboasnoticias.com.br\/home\/","name":"Jornal Boas Not\u00edcias","description":"Boas not\u00edcias","publisher":{"@id":"https:\/\/jornalboasnoticias.com.br\/home\/#organization"},"potentialAction":[{"@type":"SearchAction","target":{"@type":"EntryPoint","urlTemplate":"https:\/\/jornalboasnoticias.com.br\/home\/?s={search_term_string}"},"query-input":{"@type":"PropertyValueSpecification","valueRequired":true,"valueName":"search_term_string"}}],"inLanguage":"pt-BR"},{"@type":"Organization","@id":"https:\/\/jornalboasnoticias.com.br\/home\/#organization","name":"Coq Editora Ltda","alternateName":"Jornal Boas Noticias","url":"https:\/\/jornalboasnoticias.com.br\/home\/","logo":{"@type":"ImageObject","inLanguage":"pt-BR","@id":"https:\/\/jornalboasnoticias.com.br\/home\/#\/schema\/logo\/image\/","url":"https:\/\/jornalboasnoticias.com.br\/home\/wp-content\/uploads\/2024\/07\/cropped-logo.jpg","contentUrl":"https:\/\/jornalboasnoticias.com.br\/home\/wp-content\/uploads\/2024\/07\/cropped-logo.jpg","width":290,"height":142,"caption":"Coq Editora Ltda"},"image":{"@id":"https:\/\/jornalboasnoticias.com.br\/home\/#\/schema\/logo\/image\/"},"sameAs":["https:\/\/www.facebook.com\/boasnoticiasjornal"]},{"@type":"Person","@id":"https:\/\/jornalboasnoticias.com.br\/home\/#\/schema\/person\/75f9ebde398c998c166475fb446bda62","name":"Luiz Carlos da Cruz","image":{"@type":"ImageObject","inLanguage":"pt-BR","@id":"https:\/\/secure.gravatar.com\/avatar\/e6f4f45301b6cb8572f7b076572e8ac11c1db80e805d8c8d0858cf286ce3ac3b?s=96&d=mm&r=g","url":"https:\/\/secure.gravatar.com\/avatar\/e6f4f45301b6cb8572f7b076572e8ac11c1db80e805d8c8d0858cf286ce3ac3b?s=96&d=mm&r=g","contentUrl":"https:\/\/secure.gravatar.com\/avatar\/e6f4f45301b6cb8572f7b076572e8ac11c1db80e805d8c8d0858cf286ce3ac3b?s=96&d=mm&r=g","caption":"Luiz Carlos da Cruz"},"url":"https:\/\/jornalboasnoticias.com.br\/home\/author\/luiz-carlos-da-cruz\/"}]}},"_links":{"self":[{"href":"https:\/\/jornalboasnoticias.com.br\/home\/wp-json\/wp\/v2\/posts\/46844","targetHints":{"allow":["GET"]}}],"collection":[{"href":"https:\/\/jornalboasnoticias.com.br\/home\/wp-json\/wp\/v2\/posts"}],"about":[{"href":"https:\/\/jornalboasnoticias.com.br\/home\/wp-json\/wp\/v2\/types\/post"}],"author":[{"embeddable":true,"href":"https:\/\/jornalboasnoticias.com.br\/home\/wp-json\/wp\/v2\/users\/3"}],"replies":[{"embeddable":true,"href":"https:\/\/jornalboasnoticias.com.br\/home\/wp-json\/wp\/v2\/comments?post=46844"}],"version-history":[{"count":1,"href":"https:\/\/jornalboasnoticias.com.br\/home\/wp-json\/wp\/v2\/posts\/46844\/revisions"}],"predecessor-version":[{"id":46846,"href":"https:\/\/jornalboasnoticias.com.br\/home\/wp-json\/wp\/v2\/posts\/46844\/revisions\/46846"}],"wp:featuredmedia":[{"embeddable":true,"href":"https:\/\/jornalboasnoticias.com.br\/home\/wp-json\/wp\/v2\/media\/46845"}],"wp:attachment":[{"href":"https:\/\/jornalboasnoticias.com.br\/home\/wp-json\/wp\/v2\/media?parent=46844"}],"wp:term":[{"taxonomy":"category","embeddable":true,"href":"https:\/\/jornalboasnoticias.com.br\/home\/wp-json\/wp\/v2\/categories?post=46844"},{"taxonomy":"post_tag","embeddable":true,"href":"https:\/\/jornalboasnoticias.com.br\/home\/wp-json\/wp\/v2\/tags?post=46844"}],"curies":[{"name":"wp","href":"https:\/\/api.w.org\/{rel}","templated":true}]}}