{"id":46837,"date":"2025-12-10T18:43:59","date_gmt":"2025-12-10T18:43:59","guid":{"rendered":"https:\/\/jornalboasnoticias.com.br\/home\/?p=46837"},"modified":"2025-12-10T18:43:59","modified_gmt":"2025-12-10T18:43:59","slug":"prefeitura-trabalha-na-criacao-do-programa-pramorar-para-ampliar-oferta-de-habitacao-a-familias-de-baixa-renda-em-cascavel","status":"publish","type":"post","link":"https:\/\/jornalboasnoticias.com.br\/home\/prefeitura-trabalha-na-criacao-do-programa-pramorar-para-ampliar-oferta-de-habitacao-a-familias-de-baixa-renda-em-cascavel\/","title":{"rendered":"Prefeitura trabalha na cria\u00e7\u00e3o do Programa PRAMORAR para ampliar oferta de habita\u00e7\u00e3o a fam\u00edlias de baixa renda em Cascavel"},"content":{"rendered":"<blockquote>\n<p style=\"text-align: center;\">Objetivo central do programa \u00e9 reduzir o d\u00e9ficit habitacional, ampliar a oferta de moradias adequadas e acess\u00edveis e facilitar a implanta\u00e7\u00e3o de empreendimentos<\/p>\n<\/blockquote>\n<figure id=\"attachment_46838\" aria-describedby=\"caption-attachment-46838\" style=\"width: 1600px\" class=\"wp-caption alignnone\"><img loading=\"lazy\" decoding=\"async\" class=\"size-full wp-image-46838\" src=\"https:\/\/jornalboasnoticias.com.br\/home\/wp-content\/uploads\/2025\/12\/WhatsApp-Image-2025-12-10-at-13_47_26.jpeg\" alt=\"\" width=\"1600\" height=\"1066\" srcset=\"https:\/\/jornalboasnoticias.com.br\/home\/wp-content\/uploads\/2025\/12\/WhatsApp-Image-2025-12-10-at-13_47_26.jpeg 1600w, https:\/\/jornalboasnoticias.com.br\/home\/wp-content\/uploads\/2025\/12\/WhatsApp-Image-2025-12-10-at-13_47_26-300x200.jpeg 300w, https:\/\/jornalboasnoticias.com.br\/home\/wp-content\/uploads\/2025\/12\/WhatsApp-Image-2025-12-10-at-13_47_26-1024x682.jpeg 1024w, https:\/\/jornalboasnoticias.com.br\/home\/wp-content\/uploads\/2025\/12\/WhatsApp-Image-2025-12-10-at-13_47_26-768x512.jpeg 768w, https:\/\/jornalboasnoticias.com.br\/home\/wp-content\/uploads\/2025\/12\/WhatsApp-Image-2025-12-10-at-13_47_26-1536x1023.jpeg 1536w, https:\/\/jornalboasnoticias.com.br\/home\/wp-content\/uploads\/2025\/12\/WhatsApp-Image-2025-12-10-at-13_47_26-900x600.jpeg 900w\" sizes=\"auto, (max-width: 1600px) 100vw, 1600px\" \/><figcaption id=\"caption-attachment-46838\" class=\"wp-caption-text\">Divulga\u00e7\u00e3o<\/figcaption><\/figure>\n<p>A Prefeitura de Cascavel est\u00e1 trabalhando na cria\u00e7\u00e3o do Programa Municipal de Habita\u00e7\u00e3o PRAMORAR, que estabelece diretrizes para incentivar a produ\u00e7\u00e3o de unidades habitacionais destinadas a fam\u00edlias de baixa e m\u00e9dia renda.<\/p>\n<p>O objetivo central do programa \u00e9 reduzir o d\u00e9ficit habitacional, ampliar a oferta de moradias adequadas e acess\u00edveis e facilitar a implanta\u00e7\u00e3o de empreendimentos classificados como Habita\u00e7\u00e3o de Interesse Social (HIS) e Habita\u00e7\u00e3o de Mercado Popular. O projeto da Cohavel (Companhia de Habita\u00e7\u00e3o de Cascavel) j\u00e1 foi aprovado na C\u00e2mara e agora segue para san\u00e7\u00e3o do prefeito.<\/p>\n<p>De acordo com a legisla\u00e7\u00e3o, passar\u00e3o a ser considerados Empreendimentos Habitacionais de Interesse Social os conjuntos residenciais desenvolvidos por agentes p\u00fablicos ou privados sob os incentivos previstos no programa.<\/p>\n<p>Conforme previsto no texto, empreendimentos enquadrados no PRAMORAR poder\u00e3o receber redu\u00e7\u00e3o ou isen\u00e7\u00e3o de taxas e ter\u00e3o acesso a par\u00e2metros urban\u00edsticos diferenciados, sempre respeitando normas de seguran\u00e7a, salubridade e acessibilidade.<\/p>\n<p>A legisla\u00e7\u00e3o tamb\u00e9m autoriza o munic\u00edpio a conceder subs\u00eddios financeiros para complementar valores de entrada na aquisi\u00e7\u00e3o de moradias, reduzir o valor final das unidades para fam\u00edlias benefici\u00e1rias e viabilizar obras de infraestrutura ou a doa\u00e7\u00e3o de terrenos p\u00fablicos para projetos habitacionais. O modelo \u00e9 similar ao j\u00e1 utilizado em programas estaduais, como o Casa F\u00e1cil, que oferece aporte financeiro para facilitar a entrada no financiamento.<\/p>\n<p>Embora a lei estabele\u00e7a diretrizes gerais, os detalhes operacionais ainda ser\u00e3o definidos. O Munic\u00edpio ter\u00e1 at\u00e9 180 dias para regulamentar o programa, incluindo:<br \/>\n\u2022 \u00a0 \u00a0crit\u00e9rios de renda das fam\u00edlias atendidas;<br \/>\n\u2022 \u00a0 \u00a0par\u00e2metros urban\u00edsticos espec\u00edficos;<br \/>\n\u2022 \u00a0 \u00a0regras para solicita\u00e7\u00e3o e concess\u00e3o dos incentivos;<br \/>\n\u2022 \u00a0 \u00a0defini\u00e7\u00e3o dos valores de subs\u00eddio;<br \/>\n\u2022 \u00a0 \u00a0crit\u00e9rios de sele\u00e7\u00e3o e prioriza\u00e7\u00e3o dos benefici\u00e1rios.<\/p>\n<p>A legisla\u00e7\u00e3o tamb\u00e9m permite que, nos futuros loteamentos, parte das \u00e1reas obrigatoriamente destinadas ao munic\u00edpio possa ser direcionada para a implanta\u00e7\u00e3o de habita\u00e7\u00e3o de interesse social, garantindo a expans\u00e3o cont\u00ednua da pol\u00edtica p\u00fablica.<\/p>\n<p>O PRAMORAR poder\u00e1 ser desenvolvido em parceria com governo federal, estadual, entidades p\u00fablicas e privadas, organiza\u00e7\u00f5es da sociedade civil e institui\u00e7\u00f5es financeiras, ampliando o alcance da pol\u00edtica habitacional.<\/p>\n<p><em>Prefeitura de Cascavel<\/em><\/p>\n<p>&nbsp;<\/p>\n","protected":false},"excerpt":{"rendered":"<p>Objetivo central do programa \u00e9 reduzir o d\u00e9ficit habitacional, ampliar a oferta de moradias adequadas<\/p>\n","protected":false},"author":3,"featured_media":46838,"comment_status":"open","ping_status":"open","sticky":false,"template":"","format":"standard","meta":{"footnotes":""},"categories":[2,3],"tags":[],"class_list":["post-46837","post","type-post","status-publish","format-standard","has-post-thumbnail","hentry","category-cascavel","category-destaques"],"yoast_head":"<!-- This site is optimized with the Yoast SEO plugin v27.5 - https:\/\/yoast.com\/product\/yoast-seo-wordpress\/ -->\n<title>Prefeitura trabalha na cria\u00e7\u00e3o do Programa PRAMORAR para ampliar oferta de habita\u00e7\u00e3o a fam\u00edlias de baixa renda em Cascavel - Jornal<\/title>\n<meta name=\"description\" content=\"Prefeitura trabalha na cria\u00e7\u00e3o do Programa PRAMORAR para ampliar oferta de habita\u00e7\u00e3o a fam\u00edlias de baixa renda em Cascavel\" \/>\n<meta name=\"robots\" content=\"index, follow, max-snippet:-1, max-image-preview:large, max-video-preview:-1\" \/>\n<link rel=\"canonical\" href=\"https:\/\/jornalboasnoticias.com.br\/home\/prefeitura-trabalha-na-criacao-do-programa-pramorar-para-ampliar-oferta-de-habitacao-a-familias-de-baixa-renda-em-cascavel\/\" \/>\n<meta property=\"og:locale\" content=\"pt_BR\" \/>\n<meta property=\"og:type\" content=\"article\" \/>\n<meta property=\"og:title\" content=\"Prefeitura trabalha na cria\u00e7\u00e3o do Programa PRAMORAR para ampliar oferta de habita\u00e7\u00e3o a fam\u00edlias de baixa renda em Cascavel - Jornal\" \/>\n<meta property=\"og:description\" content=\"Prefeitura trabalha na cria\u00e7\u00e3o do Programa PRAMORAR para ampliar oferta de habita\u00e7\u00e3o a fam\u00edlias de baixa renda em Cascavel\" \/>\n<meta property=\"og:url\" content=\"https:\/\/jornalboasnoticias.com.br\/home\/prefeitura-trabalha-na-criacao-do-programa-pramorar-para-ampliar-oferta-de-habitacao-a-familias-de-baixa-renda-em-cascavel\/\" \/>\n<meta property=\"og:site_name\" content=\"Jornal\" \/>\n<meta property=\"article:publisher\" content=\"https:\/\/www.facebook.com\/boasnoticiasjornal\" \/>\n<meta property=\"article:published_time\" content=\"2025-12-10T18:43:59+00:00\" \/>\n<meta property=\"og:image\" content=\"https:\/\/jornalboasnoticias.com.br\/home\/wp-content\/uploads\/2025\/12\/WhatsApp-Image-2025-12-10-at-13_47_26.jpeg\" \/>\n\t<meta property=\"og:image:width\" content=\"1600\" \/>\n\t<meta property=\"og:image:height\" content=\"1066\" \/>\n\t<meta property=\"og:image:type\" content=\"image\/jpeg\" \/>\n<meta name=\"author\" content=\"Luiz Carlos da Cruz\" \/>\n<meta name=\"twitter:card\" content=\"summary_large_image\" \/>\n<meta name=\"twitter:label1\" content=\"Escrito por\" \/>\n\t<meta name=\"twitter:data1\" content=\"Luiz Carlos da Cruz\" \/>\n\t<meta name=\"twitter:label2\" content=\"Est. tempo de leitura\" \/>\n\t<meta name=\"twitter:data2\" content=\"3 minutos\" \/>\n<script type=\"application\/ld+json\" class=\"yoast-schema-graph\">{\"@context\":\"https:\\\/\\\/schema.org\",\"@graph\":[{\"@type\":\"Article\",\"@id\":\"https:\\\/\\\/jornalboasnoticias.com.br\\\/home\\\/prefeitura-trabalha-na-criacao-do-programa-pramorar-para-ampliar-oferta-de-habitacao-a-familias-de-baixa-renda-em-cascavel\\\/#article\",\"isPartOf\":{\"@id\":\"https:\\\/\\\/jornalboasnoticias.com.br\\\/home\\\/prefeitura-trabalha-na-criacao-do-programa-pramorar-para-ampliar-oferta-de-habitacao-a-familias-de-baixa-renda-em-cascavel\\\/\"},\"author\":{\"name\":\"Luiz Carlos da Cruz\",\"@id\":\"https:\\\/\\\/jornalboasnoticias.com.br\\\/home\\\/#\\\/schema\\\/person\\\/75f9ebde398c998c166475fb446bda62\"},\"headline\":\"Prefeitura trabalha na cria\u00e7\u00e3o do Programa PRAMORAR para ampliar oferta de habita\u00e7\u00e3o a fam\u00edlias de baixa renda em Cascavel\",\"datePublished\":\"2025-12-10T18:43:59+00:00\",\"mainEntityOfPage\":{\"@id\":\"https:\\\/\\\/jornalboasnoticias.com.br\\\/home\\\/prefeitura-trabalha-na-criacao-do-programa-pramorar-para-ampliar-oferta-de-habitacao-a-familias-de-baixa-renda-em-cascavel\\\/\"},\"wordCount\":445,\"commentCount\":0,\"publisher\":{\"@id\":\"https:\\\/\\\/jornalboasnoticias.com.br\\\/home\\\/#organization\"},\"image\":{\"@id\":\"https:\\\/\\\/jornalboasnoticias.com.br\\\/home\\\/prefeitura-trabalha-na-criacao-do-programa-pramorar-para-ampliar-oferta-de-habitacao-a-familias-de-baixa-renda-em-cascavel\\\/#primaryimage\"},\"thumbnailUrl\":\"https:\\\/\\\/jornalboasnoticias.com.br\\\/home\\\/wp-content\\\/uploads\\\/2025\\\/12\\\/WhatsApp-Image-2025-12-10-at-13_47_26.jpeg\",\"articleSection\":[\"CASCAVEL\",\"DESTAQUE\"],\"inLanguage\":\"pt-BR\",\"potentialAction\":[{\"@type\":\"CommentAction\",\"name\":\"Comment\",\"target\":[\"https:\\\/\\\/jornalboasnoticias.com.br\\\/home\\\/prefeitura-trabalha-na-criacao-do-programa-pramorar-para-ampliar-oferta-de-habitacao-a-familias-de-baixa-renda-em-cascavel\\\/#respond\"]}]},{\"@type\":\"WebPage\",\"@id\":\"https:\\\/\\\/jornalboasnoticias.com.br\\\/home\\\/prefeitura-trabalha-na-criacao-do-programa-pramorar-para-ampliar-oferta-de-habitacao-a-familias-de-baixa-renda-em-cascavel\\\/\",\"url\":\"https:\\\/\\\/jornalboasnoticias.com.br\\\/home\\\/prefeitura-trabalha-na-criacao-do-programa-pramorar-para-ampliar-oferta-de-habitacao-a-familias-de-baixa-renda-em-cascavel\\\/\",\"name\":\"Prefeitura trabalha na cria\u00e7\u00e3o do Programa PRAMORAR para ampliar oferta de habita\u00e7\u00e3o a fam\u00edlias de baixa renda em Cascavel - Jornal\",\"isPartOf\":{\"@id\":\"https:\\\/\\\/jornalboasnoticias.com.br\\\/home\\\/#website\"},\"primaryImageOfPage\":{\"@id\":\"https:\\\/\\\/jornalboasnoticias.com.br\\\/home\\\/prefeitura-trabalha-na-criacao-do-programa-pramorar-para-ampliar-oferta-de-habitacao-a-familias-de-baixa-renda-em-cascavel\\\/#primaryimage\"},\"image\":{\"@id\":\"https:\\\/\\\/jornalboasnoticias.com.br\\\/home\\\/prefeitura-trabalha-na-criacao-do-programa-pramorar-para-ampliar-oferta-de-habitacao-a-familias-de-baixa-renda-em-cascavel\\\/#primaryimage\"},\"thumbnailUrl\":\"https:\\\/\\\/jornalboasnoticias.com.br\\\/home\\\/wp-content\\\/uploads\\\/2025\\\/12\\\/WhatsApp-Image-2025-12-10-at-13_47_26.jpeg\",\"datePublished\":\"2025-12-10T18:43:59+00:00\",\"description\":\"Prefeitura trabalha na cria\u00e7\u00e3o do Programa PRAMORAR para ampliar oferta de habita\u00e7\u00e3o a fam\u00edlias de baixa renda em Cascavel\",\"breadcrumb\":{\"@id\":\"https:\\\/\\\/jornalboasnoticias.com.br\\\/home\\\/prefeitura-trabalha-na-criacao-do-programa-pramorar-para-ampliar-oferta-de-habitacao-a-familias-de-baixa-renda-em-cascavel\\\/#breadcrumb\"},\"inLanguage\":\"pt-BR\",\"potentialAction\":[{\"@type\":\"ReadAction\",\"target\":[\"https:\\\/\\\/jornalboasnoticias.com.br\\\/home\\\/prefeitura-trabalha-na-criacao-do-programa-pramorar-para-ampliar-oferta-de-habitacao-a-familias-de-baixa-renda-em-cascavel\\\/\"]}]},{\"@type\":\"ImageObject\",\"inLanguage\":\"pt-BR\",\"@id\":\"https:\\\/\\\/jornalboasnoticias.com.br\\\/home\\\/prefeitura-trabalha-na-criacao-do-programa-pramorar-para-ampliar-oferta-de-habitacao-a-familias-de-baixa-renda-em-cascavel\\\/#primaryimage\",\"url\":\"https:\\\/\\\/jornalboasnoticias.com.br\\\/home\\\/wp-content\\\/uploads\\\/2025\\\/12\\\/WhatsApp-Image-2025-12-10-at-13_47_26.jpeg\",\"contentUrl\":\"https:\\\/\\\/jornalboasnoticias.com.br\\\/home\\\/wp-content\\\/uploads\\\/2025\\\/12\\\/WhatsApp-Image-2025-12-10-at-13_47_26.jpeg\",\"width\":1600,\"height\":1066,\"caption\":\"Divulga\u00e7\u00e3o\"},{\"@type\":\"BreadcrumbList\",\"@id\":\"https:\\\/\\\/jornalboasnoticias.com.br\\\/home\\\/prefeitura-trabalha-na-criacao-do-programa-pramorar-para-ampliar-oferta-de-habitacao-a-familias-de-baixa-renda-em-cascavel\\\/#breadcrumb\",\"itemListElement\":[{\"@type\":\"ListItem\",\"position\":1,\"name\":\"In\u00edcio\",\"item\":\"https:\\\/\\\/jornalboasnoticias.com.br\\\/home\\\/\"},{\"@type\":\"ListItem\",\"position\":2,\"name\":\"Prefeitura trabalha na cria\u00e7\u00e3o do Programa PRAMORAR para ampliar oferta de habita\u00e7\u00e3o a fam\u00edlias de baixa renda em Cascavel\"}]},{\"@type\":\"WebSite\",\"@id\":\"https:\\\/\\\/jornalboasnoticias.com.br\\\/home\\\/#website\",\"url\":\"https:\\\/\\\/jornalboasnoticias.com.br\\\/home\\\/\",\"name\":\"Jornal Boas Not\u00edcias\",\"description\":\"Boas not\u00edcias\",\"publisher\":{\"@id\":\"https:\\\/\\\/jornalboasnoticias.com.br\\\/home\\\/#organization\"},\"potentialAction\":[{\"@type\":\"SearchAction\",\"target\":{\"@type\":\"EntryPoint\",\"urlTemplate\":\"https:\\\/\\\/jornalboasnoticias.com.br\\\/home\\\/?s={search_term_string}\"},\"query-input\":{\"@type\":\"PropertyValueSpecification\",\"valueRequired\":true,\"valueName\":\"search_term_string\"}}],\"inLanguage\":\"pt-BR\"},{\"@type\":\"Organization\",\"@id\":\"https:\\\/\\\/jornalboasnoticias.com.br\\\/home\\\/#organization\",\"name\":\"Coq Editora Ltda\",\"alternateName\":\"Jornal Boas Noticias\",\"url\":\"https:\\\/\\\/jornalboasnoticias.com.br\\\/home\\\/\",\"logo\":{\"@type\":\"ImageObject\",\"inLanguage\":\"pt-BR\",\"@id\":\"https:\\\/\\\/jornalboasnoticias.com.br\\\/home\\\/#\\\/schema\\\/logo\\\/image\\\/\",\"url\":\"https:\\\/\\\/jornalboasnoticias.com.br\\\/home\\\/wp-content\\\/uploads\\\/2024\\\/07\\\/cropped-logo.jpg\",\"contentUrl\":\"https:\\\/\\\/jornalboasnoticias.com.br\\\/home\\\/wp-content\\\/uploads\\\/2024\\\/07\\\/cropped-logo.jpg\",\"width\":290,\"height\":142,\"caption\":\"Coq Editora Ltda\"},\"image\":{\"@id\":\"https:\\\/\\\/jornalboasnoticias.com.br\\\/home\\\/#\\\/schema\\\/logo\\\/image\\\/\"},\"sameAs\":[\"https:\\\/\\\/www.facebook.com\\\/boasnoticiasjornal\"]},{\"@type\":\"Person\",\"@id\":\"https:\\\/\\\/jornalboasnoticias.com.br\\\/home\\\/#\\\/schema\\\/person\\\/75f9ebde398c998c166475fb446bda62\",\"name\":\"Luiz Carlos da Cruz\",\"image\":{\"@type\":\"ImageObject\",\"inLanguage\":\"pt-BR\",\"@id\":\"https:\\\/\\\/secure.gravatar.com\\\/avatar\\\/e6f4f45301b6cb8572f7b076572e8ac11c1db80e805d8c8d0858cf286ce3ac3b?s=96&d=mm&r=g\",\"url\":\"https:\\\/\\\/secure.gravatar.com\\\/avatar\\\/e6f4f45301b6cb8572f7b076572e8ac11c1db80e805d8c8d0858cf286ce3ac3b?s=96&d=mm&r=g\",\"contentUrl\":\"https:\\\/\\\/secure.gravatar.com\\\/avatar\\\/e6f4f45301b6cb8572f7b076572e8ac11c1db80e805d8c8d0858cf286ce3ac3b?s=96&d=mm&r=g\",\"caption\":\"Luiz Carlos da Cruz\"},\"url\":\"https:\\\/\\\/jornalboasnoticias.com.br\\\/home\\\/author\\\/luiz-carlos-da-cruz\\\/\"}]}<\/script>\n<!-- \/ Yoast SEO plugin. -->","yoast_head_json":{"title":"Prefeitura trabalha na cria\u00e7\u00e3o do Programa PRAMORAR para ampliar oferta de habita\u00e7\u00e3o a fam\u00edlias de baixa renda em Cascavel - Jornal","description":"Prefeitura trabalha na cria\u00e7\u00e3o do Programa PRAMORAR para ampliar oferta de habita\u00e7\u00e3o a fam\u00edlias de baixa renda em Cascavel","robots":{"index":"index","follow":"follow","max-snippet":"max-snippet:-1","max-image-preview":"max-image-preview:large","max-video-preview":"max-video-preview:-1"},"canonical":"https:\/\/jornalboasnoticias.com.br\/home\/prefeitura-trabalha-na-criacao-do-programa-pramorar-para-ampliar-oferta-de-habitacao-a-familias-de-baixa-renda-em-cascavel\/","og_locale":"pt_BR","og_type":"article","og_title":"Prefeitura trabalha na cria\u00e7\u00e3o do Programa PRAMORAR para ampliar oferta de habita\u00e7\u00e3o a fam\u00edlias de baixa renda em Cascavel - Jornal","og_description":"Prefeitura trabalha na cria\u00e7\u00e3o do Programa PRAMORAR para ampliar oferta de habita\u00e7\u00e3o a fam\u00edlias de baixa renda em Cascavel","og_url":"https:\/\/jornalboasnoticias.com.br\/home\/prefeitura-trabalha-na-criacao-do-programa-pramorar-para-ampliar-oferta-de-habitacao-a-familias-de-baixa-renda-em-cascavel\/","og_site_name":"Jornal","article_publisher":"https:\/\/www.facebook.com\/boasnoticiasjornal","article_published_time":"2025-12-10T18:43:59+00:00","og_image":[{"width":1600,"height":1066,"url":"https:\/\/jornalboasnoticias.com.br\/home\/wp-content\/uploads\/2025\/12\/WhatsApp-Image-2025-12-10-at-13_47_26.jpeg","type":"image\/jpeg"}],"author":"Luiz Carlos da Cruz","twitter_card":"summary_large_image","twitter_misc":{"Escrito por":"Luiz Carlos da Cruz","Est. tempo de leitura":"3 minutos"},"schema":{"@context":"https:\/\/schema.org","@graph":[{"@type":"Article","@id":"https:\/\/jornalboasnoticias.com.br\/home\/prefeitura-trabalha-na-criacao-do-programa-pramorar-para-ampliar-oferta-de-habitacao-a-familias-de-baixa-renda-em-cascavel\/#article","isPartOf":{"@id":"https:\/\/jornalboasnoticias.com.br\/home\/prefeitura-trabalha-na-criacao-do-programa-pramorar-para-ampliar-oferta-de-habitacao-a-familias-de-baixa-renda-em-cascavel\/"},"author":{"name":"Luiz Carlos da Cruz","@id":"https:\/\/jornalboasnoticias.com.br\/home\/#\/schema\/person\/75f9ebde398c998c166475fb446bda62"},"headline":"Prefeitura trabalha na cria\u00e7\u00e3o do Programa PRAMORAR para ampliar oferta de habita\u00e7\u00e3o a fam\u00edlias de baixa renda em Cascavel","datePublished":"2025-12-10T18:43:59+00:00","mainEntityOfPage":{"@id":"https:\/\/jornalboasnoticias.com.br\/home\/prefeitura-trabalha-na-criacao-do-programa-pramorar-para-ampliar-oferta-de-habitacao-a-familias-de-baixa-renda-em-cascavel\/"},"wordCount":445,"commentCount":0,"publisher":{"@id":"https:\/\/jornalboasnoticias.com.br\/home\/#organization"},"image":{"@id":"https:\/\/jornalboasnoticias.com.br\/home\/prefeitura-trabalha-na-criacao-do-programa-pramorar-para-ampliar-oferta-de-habitacao-a-familias-de-baixa-renda-em-cascavel\/#primaryimage"},"thumbnailUrl":"https:\/\/jornalboasnoticias.com.br\/home\/wp-content\/uploads\/2025\/12\/WhatsApp-Image-2025-12-10-at-13_47_26.jpeg","articleSection":["CASCAVEL","DESTAQUE"],"inLanguage":"pt-BR","potentialAction":[{"@type":"CommentAction","name":"Comment","target":["https:\/\/jornalboasnoticias.com.br\/home\/prefeitura-trabalha-na-criacao-do-programa-pramorar-para-ampliar-oferta-de-habitacao-a-familias-de-baixa-renda-em-cascavel\/#respond"]}]},{"@type":"WebPage","@id":"https:\/\/jornalboasnoticias.com.br\/home\/prefeitura-trabalha-na-criacao-do-programa-pramorar-para-ampliar-oferta-de-habitacao-a-familias-de-baixa-renda-em-cascavel\/","url":"https:\/\/jornalboasnoticias.com.br\/home\/prefeitura-trabalha-na-criacao-do-programa-pramorar-para-ampliar-oferta-de-habitacao-a-familias-de-baixa-renda-em-cascavel\/","name":"Prefeitura trabalha na cria\u00e7\u00e3o do Programa PRAMORAR para ampliar oferta de habita\u00e7\u00e3o a fam\u00edlias de baixa renda em Cascavel - Jornal","isPartOf":{"@id":"https:\/\/jornalboasnoticias.com.br\/home\/#website"},"primaryImageOfPage":{"@id":"https:\/\/jornalboasnoticias.com.br\/home\/prefeitura-trabalha-na-criacao-do-programa-pramorar-para-ampliar-oferta-de-habitacao-a-familias-de-baixa-renda-em-cascavel\/#primaryimage"},"image":{"@id":"https:\/\/jornalboasnoticias.com.br\/home\/prefeitura-trabalha-na-criacao-do-programa-pramorar-para-ampliar-oferta-de-habitacao-a-familias-de-baixa-renda-em-cascavel\/#primaryimage"},"thumbnailUrl":"https:\/\/jornalboasnoticias.com.br\/home\/wp-content\/uploads\/2025\/12\/WhatsApp-Image-2025-12-10-at-13_47_26.jpeg","datePublished":"2025-12-10T18:43:59+00:00","description":"Prefeitura trabalha na cria\u00e7\u00e3o do Programa PRAMORAR para ampliar oferta de habita\u00e7\u00e3o a fam\u00edlias de baixa renda em Cascavel","breadcrumb":{"@id":"https:\/\/jornalboasnoticias.com.br\/home\/prefeitura-trabalha-na-criacao-do-programa-pramorar-para-ampliar-oferta-de-habitacao-a-familias-de-baixa-renda-em-cascavel\/#breadcrumb"},"inLanguage":"pt-BR","potentialAction":[{"@type":"ReadAction","target":["https:\/\/jornalboasnoticias.com.br\/home\/prefeitura-trabalha-na-criacao-do-programa-pramorar-para-ampliar-oferta-de-habitacao-a-familias-de-baixa-renda-em-cascavel\/"]}]},{"@type":"ImageObject","inLanguage":"pt-BR","@id":"https:\/\/jornalboasnoticias.com.br\/home\/prefeitura-trabalha-na-criacao-do-programa-pramorar-para-ampliar-oferta-de-habitacao-a-familias-de-baixa-renda-em-cascavel\/#primaryimage","url":"https:\/\/jornalboasnoticias.com.br\/home\/wp-content\/uploads\/2025\/12\/WhatsApp-Image-2025-12-10-at-13_47_26.jpeg","contentUrl":"https:\/\/jornalboasnoticias.com.br\/home\/wp-content\/uploads\/2025\/12\/WhatsApp-Image-2025-12-10-at-13_47_26.jpeg","width":1600,"height":1066,"caption":"Divulga\u00e7\u00e3o"},{"@type":"BreadcrumbList","@id":"https:\/\/jornalboasnoticias.com.br\/home\/prefeitura-trabalha-na-criacao-do-programa-pramorar-para-ampliar-oferta-de-habitacao-a-familias-de-baixa-renda-em-cascavel\/#breadcrumb","itemListElement":[{"@type":"ListItem","position":1,"name":"In\u00edcio","item":"https:\/\/jornalboasnoticias.com.br\/home\/"},{"@type":"ListItem","position":2,"name":"Prefeitura trabalha na cria\u00e7\u00e3o do Programa PRAMORAR para ampliar oferta de habita\u00e7\u00e3o a fam\u00edlias de baixa renda em Cascavel"}]},{"@type":"WebSite","@id":"https:\/\/jornalboasnoticias.com.br\/home\/#website","url":"https:\/\/jornalboasnoticias.com.br\/home\/","name":"Jornal Boas Not\u00edcias","description":"Boas not\u00edcias","publisher":{"@id":"https:\/\/jornalboasnoticias.com.br\/home\/#organization"},"potentialAction":[{"@type":"SearchAction","target":{"@type":"EntryPoint","urlTemplate":"https:\/\/jornalboasnoticias.com.br\/home\/?s={search_term_string}"},"query-input":{"@type":"PropertyValueSpecification","valueRequired":true,"valueName":"search_term_string"}}],"inLanguage":"pt-BR"},{"@type":"Organization","@id":"https:\/\/jornalboasnoticias.com.br\/home\/#organization","name":"Coq Editora Ltda","alternateName":"Jornal Boas Noticias","url":"https:\/\/jornalboasnoticias.com.br\/home\/","logo":{"@type":"ImageObject","inLanguage":"pt-BR","@id":"https:\/\/jornalboasnoticias.com.br\/home\/#\/schema\/logo\/image\/","url":"https:\/\/jornalboasnoticias.com.br\/home\/wp-content\/uploads\/2024\/07\/cropped-logo.jpg","contentUrl":"https:\/\/jornalboasnoticias.com.br\/home\/wp-content\/uploads\/2024\/07\/cropped-logo.jpg","width":290,"height":142,"caption":"Coq Editora Ltda"},"image":{"@id":"https:\/\/jornalboasnoticias.com.br\/home\/#\/schema\/logo\/image\/"},"sameAs":["https:\/\/www.facebook.com\/boasnoticiasjornal"]},{"@type":"Person","@id":"https:\/\/jornalboasnoticias.com.br\/home\/#\/schema\/person\/75f9ebde398c998c166475fb446bda62","name":"Luiz Carlos da Cruz","image":{"@type":"ImageObject","inLanguage":"pt-BR","@id":"https:\/\/secure.gravatar.com\/avatar\/e6f4f45301b6cb8572f7b076572e8ac11c1db80e805d8c8d0858cf286ce3ac3b?s=96&d=mm&r=g","url":"https:\/\/secure.gravatar.com\/avatar\/e6f4f45301b6cb8572f7b076572e8ac11c1db80e805d8c8d0858cf286ce3ac3b?s=96&d=mm&r=g","contentUrl":"https:\/\/secure.gravatar.com\/avatar\/e6f4f45301b6cb8572f7b076572e8ac11c1db80e805d8c8d0858cf286ce3ac3b?s=96&d=mm&r=g","caption":"Luiz Carlos da Cruz"},"url":"https:\/\/jornalboasnoticias.com.br\/home\/author\/luiz-carlos-da-cruz\/"}]}},"_links":{"self":[{"href":"https:\/\/jornalboasnoticias.com.br\/home\/wp-json\/wp\/v2\/posts\/46837","targetHints":{"allow":["GET"]}}],"collection":[{"href":"https:\/\/jornalboasnoticias.com.br\/home\/wp-json\/wp\/v2\/posts"}],"about":[{"href":"https:\/\/jornalboasnoticias.com.br\/home\/wp-json\/wp\/v2\/types\/post"}],"author":[{"embeddable":true,"href":"https:\/\/jornalboasnoticias.com.br\/home\/wp-json\/wp\/v2\/users\/3"}],"replies":[{"embeddable":true,"href":"https:\/\/jornalboasnoticias.com.br\/home\/wp-json\/wp\/v2\/comments?post=46837"}],"version-history":[{"count":1,"href":"https:\/\/jornalboasnoticias.com.br\/home\/wp-json\/wp\/v2\/posts\/46837\/revisions"}],"predecessor-version":[{"id":46839,"href":"https:\/\/jornalboasnoticias.com.br\/home\/wp-json\/wp\/v2\/posts\/46837\/revisions\/46839"}],"wp:featuredmedia":[{"embeddable":true,"href":"https:\/\/jornalboasnoticias.com.br\/home\/wp-json\/wp\/v2\/media\/46838"}],"wp:attachment":[{"href":"https:\/\/jornalboasnoticias.com.br\/home\/wp-json\/wp\/v2\/media?parent=46837"}],"wp:term":[{"taxonomy":"category","embeddable":true,"href":"https:\/\/jornalboasnoticias.com.br\/home\/wp-json\/wp\/v2\/categories?post=46837"},{"taxonomy":"post_tag","embeddable":true,"href":"https:\/\/jornalboasnoticias.com.br\/home\/wp-json\/wp\/v2\/tags?post=46837"}],"curies":[{"name":"wp","href":"https:\/\/api.w.org\/{rel}","templated":true}]}}