{"id":46831,"date":"2025-12-10T17:00:20","date_gmt":"2025-12-10T17:00:20","guid":{"rendered":"https:\/\/jornalboasnoticias.com.br\/home\/?p=46831"},"modified":"2025-12-10T17:03:01","modified_gmt":"2025-12-10T17:03:01","slug":"busca-de-perfis-politicos-apresenta-falhas-em-aplicativos-da-meta","status":"publish","type":"post","link":"https:\/\/jornalboasnoticias.com.br\/home\/busca-de-perfis-politicos-apresenta-falhas-em-aplicativos-da-meta\/","title":{"rendered":"Busca de perfis pol\u00edticos apresenta falhas em aplicativos da Meta"},"content":{"rendered":"<blockquote>\n<p style=\"text-align: center;\">Erro impediu encontrar personalidades de direita e de esquerda<\/p>\n<\/blockquote>\n<figure id=\"attachment_46835\" aria-describedby=\"caption-attachment-46835\" style=\"width: 1200px\" class=\"wp-caption alignnone\"><img loading=\"lazy\" decoding=\"async\" class=\"size-full wp-image-46835\" src=\"https:\/\/jornalboasnoticias.com.br\/home\/wp-content\/uploads\/2025\/12\/logo-instagram.webp\" alt=\"\" width=\"1200\" height=\"675\" srcset=\"https:\/\/jornalboasnoticias.com.br\/home\/wp-content\/uploads\/2025\/12\/logo-instagram.webp 1200w, https:\/\/jornalboasnoticias.com.br\/home\/wp-content\/uploads\/2025\/12\/logo-instagram-300x169.webp 300w, https:\/\/jornalboasnoticias.com.br\/home\/wp-content\/uploads\/2025\/12\/logo-instagram-1024x576.webp 1024w, https:\/\/jornalboasnoticias.com.br\/home\/wp-content\/uploads\/2025\/12\/logo-instagram-768x432.webp 768w\" sizes=\"auto, (max-width: 1200px) 100vw, 1200px\" \/><figcaption id=\"caption-attachment-46835\" class=\"wp-caption-text\">Shutter Speed\/Unsplash<\/figcaption><\/figure>\n<p>Pessoas que utilizam as redes sociais Instagram e Facebook usaram as plataformas nesta quarta-feira (10) para reclamar de falha na busca de perfil de personalidades pol\u00edticas e algumas institui\u00e7\u00f5es.<img decoding=\"async\" src=\"https:\/\/agenciabrasil.ebc.com.br\/ebc.png?id=1671645&amp;o=node\" \/><img decoding=\"async\" src=\"https:\/\/agenciabrasil.ebc.com.br\/ebc.gif?id=1671645&amp;o=node\" \/><\/p>\n<p>As duas redes sociais pertencem \u00e0\u00a0Meta, gigante de tecnologia sediada nos Estados Unidos.<\/p>\n<p>\u201cIsso \u00e9 muito grave\u201d, afirmou uma usu\u00e1ria do Instagram, que citava pol\u00edticos de esquerda, como os\u00a0deputados federais Glauber Braga, Chico Alencar e S\u00e2mia Bomfim, todos do PSOL.<\/p>\n<p>Segundo o Google Trends,\u00a0<em>site<\/em>\u00a0que analisa comportamento de buscas virtuais, o nome do deputado Glauber atingiu pico de buscas na internet nas \u00faltimas horas.<\/p>\n<p>O parlamentar enfrenta um processo de cassa\u00e7\u00e3o na C\u00e2mara\u00a0e, na ter\u00e7a-feira (9),\u00a0foi retirado \u00e0 for\u00e7a\u00a0ao ocupar a mesa do plen\u00e1rio da Casa.<\/p>\n<p>Em\u00a0<em>sites<\/em>\u00a0de buscas, como o pr\u00f3prio Google, os perfis das personalidades eram encontrados normalmente.<\/p>\n<p>O perfil do presidente Luiz In\u00e1cio Lula da Silva tamb\u00e9m deixou de aparecer nos resultados de buscas.\u00a0Nomes de deputados federais de direita, como Nikolas Ferreira (PL) e Kim Kataguiri (Miss\u00e3o), tamb\u00e9m n\u00e3o foram localizados.<\/p>\n<p>Alguns ve\u00edculos de comunica\u00e7\u00e3o, como a\u00a0Ag\u00eancia Brasil, tamb\u00e9m ficaram ausentes. As p\u00e1ginas do F\u00f3rum Nacional pela Democratiza\u00e7\u00e3o da Comunica\u00e7\u00e3o (FNDC) e a Federa\u00e7\u00e3o Nacional dos Jornalistas (Fenaj) tamb\u00e9m n\u00e3o foram encontradas.<\/p>\n<p>Contas sem notoriedade eram localizadas normalmente.<\/p>\n<p>O fato de nomes n\u00e3o aparecerem em pesquisas impedia ainda que fossem marcados em publica\u00e7\u00f5es (usando o @).<\/p>\n<p>No fim da manh\u00e3, as buscas voltarem a apresentar os nomes pesquisados. A reportagem\u00a0da\u00a0Ag\u00eancia Brasil\u00a0pediu informa\u00e7\u00f5es \u00e0 Meta e aguarda retorno.<\/p>\n<p><em>Ag\u00eancia Brasil<\/em><\/p>\n","protected":false},"excerpt":{"rendered":"<p>Erro impediu encontrar personalidades de direita e de esquerda Pessoas que utilizam as redes sociais<\/p>\n","protected":false},"author":3,"featured_media":46835,"comment_status":"open","ping_status":"open","sticky":false,"template":"","format":"standard","meta":{"footnotes":""},"categories":[6],"tags":[],"class_list":["post-46831","post","type-post","status-publish","format-standard","has-post-thumbnail","hentry","category-brasil"],"yoast_head":"<!-- This site is optimized with the Yoast SEO plugin v27.5 - https:\/\/yoast.com\/product\/yoast-seo-wordpress\/ -->\n<title>Busca de perfis pol\u00edticos apresenta falhas em aplicativos da Meta - Jornal<\/title>\n<meta name=\"description\" content=\"Busca de perfis pol\u00edticos apresenta falhas em aplicativos da Meta\" \/>\n<meta name=\"robots\" content=\"index, follow, max-snippet:-1, max-image-preview:large, max-video-preview:-1\" \/>\n<link rel=\"canonical\" href=\"https:\/\/jornalboasnoticias.com.br\/home\/busca-de-perfis-politicos-apresenta-falhas-em-aplicativos-da-meta\/\" \/>\n<meta property=\"og:locale\" content=\"pt_BR\" \/>\n<meta property=\"og:type\" content=\"article\" \/>\n<meta property=\"og:title\" content=\"Busca de perfis pol\u00edticos apresenta falhas em aplicativos da Meta - Jornal\" \/>\n<meta property=\"og:description\" content=\"Busca de perfis pol\u00edticos apresenta falhas em aplicativos da Meta\" \/>\n<meta property=\"og:url\" content=\"https:\/\/jornalboasnoticias.com.br\/home\/busca-de-perfis-politicos-apresenta-falhas-em-aplicativos-da-meta\/\" \/>\n<meta property=\"og:site_name\" content=\"Jornal\" \/>\n<meta property=\"article:publisher\" content=\"https:\/\/www.facebook.com\/boasnoticiasjornal\" \/>\n<meta property=\"article:published_time\" content=\"2025-12-10T17:00:20+00:00\" \/>\n<meta property=\"article:modified_time\" content=\"2025-12-10T17:03:01+00:00\" \/>\n<meta property=\"og:image\" content=\"https:\/\/jornalboasnoticias.com.br\/home\/wp-content\/uploads\/2025\/12\/logo-instagram.webp\" \/>\n\t<meta property=\"og:image:width\" content=\"1200\" \/>\n\t<meta property=\"og:image:height\" content=\"675\" \/>\n\t<meta property=\"og:image:type\" content=\"image\/webp\" \/>\n<meta name=\"author\" content=\"Luiz Carlos da Cruz\" \/>\n<meta name=\"twitter:card\" content=\"summary_large_image\" \/>\n<meta name=\"twitter:label1\" content=\"Escrito por\" \/>\n\t<meta name=\"twitter:data1\" content=\"Luiz Carlos da Cruz\" \/>\n\t<meta name=\"twitter:label2\" content=\"Est. tempo de leitura\" \/>\n\t<meta name=\"twitter:data2\" content=\"3 minutos\" \/>\n<script type=\"application\/ld+json\" class=\"yoast-schema-graph\">{\"@context\":\"https:\\\/\\\/schema.org\",\"@graph\":[{\"@type\":\"Article\",\"@id\":\"https:\\\/\\\/jornalboasnoticias.com.br\\\/home\\\/busca-de-perfis-politicos-apresenta-falhas-em-aplicativos-da-meta\\\/#article\",\"isPartOf\":{\"@id\":\"https:\\\/\\\/jornalboasnoticias.com.br\\\/home\\\/busca-de-perfis-politicos-apresenta-falhas-em-aplicativos-da-meta\\\/\"},\"author\":{\"name\":\"Luiz Carlos da Cruz\",\"@id\":\"https:\\\/\\\/jornalboasnoticias.com.br\\\/home\\\/#\\\/schema\\\/person\\\/75f9ebde398c998c166475fb446bda62\"},\"headline\":\"Busca de perfis pol\u00edticos apresenta falhas em aplicativos da Meta\",\"datePublished\":\"2025-12-10T17:00:20+00:00\",\"dateModified\":\"2025-12-10T17:03:01+00:00\",\"mainEntityOfPage\":{\"@id\":\"https:\\\/\\\/jornalboasnoticias.com.br\\\/home\\\/busca-de-perfis-politicos-apresenta-falhas-em-aplicativos-da-meta\\\/\"},\"wordCount\":308,\"commentCount\":0,\"publisher\":{\"@id\":\"https:\\\/\\\/jornalboasnoticias.com.br\\\/home\\\/#organization\"},\"image\":{\"@id\":\"https:\\\/\\\/jornalboasnoticias.com.br\\\/home\\\/busca-de-perfis-politicos-apresenta-falhas-em-aplicativos-da-meta\\\/#primaryimage\"},\"thumbnailUrl\":\"https:\\\/\\\/jornalboasnoticias.com.br\\\/home\\\/wp-content\\\/uploads\\\/2025\\\/12\\\/logo-instagram.webp\",\"articleSection\":[\"BRASIL\"],\"inLanguage\":\"pt-BR\",\"potentialAction\":[{\"@type\":\"CommentAction\",\"name\":\"Comment\",\"target\":[\"https:\\\/\\\/jornalboasnoticias.com.br\\\/home\\\/busca-de-perfis-politicos-apresenta-falhas-em-aplicativos-da-meta\\\/#respond\"]}]},{\"@type\":\"WebPage\",\"@id\":\"https:\\\/\\\/jornalboasnoticias.com.br\\\/home\\\/busca-de-perfis-politicos-apresenta-falhas-em-aplicativos-da-meta\\\/\",\"url\":\"https:\\\/\\\/jornalboasnoticias.com.br\\\/home\\\/busca-de-perfis-politicos-apresenta-falhas-em-aplicativos-da-meta\\\/\",\"name\":\"Busca de perfis pol\u00edticos apresenta falhas em aplicativos da Meta - Jornal\",\"isPartOf\":{\"@id\":\"https:\\\/\\\/jornalboasnoticias.com.br\\\/home\\\/#website\"},\"primaryImageOfPage\":{\"@id\":\"https:\\\/\\\/jornalboasnoticias.com.br\\\/home\\\/busca-de-perfis-politicos-apresenta-falhas-em-aplicativos-da-meta\\\/#primaryimage\"},\"image\":{\"@id\":\"https:\\\/\\\/jornalboasnoticias.com.br\\\/home\\\/busca-de-perfis-politicos-apresenta-falhas-em-aplicativos-da-meta\\\/#primaryimage\"},\"thumbnailUrl\":\"https:\\\/\\\/jornalboasnoticias.com.br\\\/home\\\/wp-content\\\/uploads\\\/2025\\\/12\\\/logo-instagram.webp\",\"datePublished\":\"2025-12-10T17:00:20+00:00\",\"dateModified\":\"2025-12-10T17:03:01+00:00\",\"description\":\"Busca de perfis pol\u00edticos apresenta falhas em aplicativos da Meta\",\"breadcrumb\":{\"@id\":\"https:\\\/\\\/jornalboasnoticias.com.br\\\/home\\\/busca-de-perfis-politicos-apresenta-falhas-em-aplicativos-da-meta\\\/#breadcrumb\"},\"inLanguage\":\"pt-BR\",\"potentialAction\":[{\"@type\":\"ReadAction\",\"target\":[\"https:\\\/\\\/jornalboasnoticias.com.br\\\/home\\\/busca-de-perfis-politicos-apresenta-falhas-em-aplicativos-da-meta\\\/\"]}]},{\"@type\":\"ImageObject\",\"inLanguage\":\"pt-BR\",\"@id\":\"https:\\\/\\\/jornalboasnoticias.com.br\\\/home\\\/busca-de-perfis-politicos-apresenta-falhas-em-aplicativos-da-meta\\\/#primaryimage\",\"url\":\"https:\\\/\\\/jornalboasnoticias.com.br\\\/home\\\/wp-content\\\/uploads\\\/2025\\\/12\\\/logo-instagram.webp\",\"contentUrl\":\"https:\\\/\\\/jornalboasnoticias.com.br\\\/home\\\/wp-content\\\/uploads\\\/2025\\\/12\\\/logo-instagram.webp\",\"width\":1200,\"height\":675,\"caption\":\"Shutter Speed\\\/Unsplash\"},{\"@type\":\"BreadcrumbList\",\"@id\":\"https:\\\/\\\/jornalboasnoticias.com.br\\\/home\\\/busca-de-perfis-politicos-apresenta-falhas-em-aplicativos-da-meta\\\/#breadcrumb\",\"itemListElement\":[{\"@type\":\"ListItem\",\"position\":1,\"name\":\"In\u00edcio\",\"item\":\"https:\\\/\\\/jornalboasnoticias.com.br\\\/home\\\/\"},{\"@type\":\"ListItem\",\"position\":2,\"name\":\"Busca de perfis pol\u00edticos apresenta falhas em aplicativos da Meta\"}]},{\"@type\":\"WebSite\",\"@id\":\"https:\\\/\\\/jornalboasnoticias.com.br\\\/home\\\/#website\",\"url\":\"https:\\\/\\\/jornalboasnoticias.com.br\\\/home\\\/\",\"name\":\"Jornal Boas Not\u00edcias\",\"description\":\"Boas not\u00edcias\",\"publisher\":{\"@id\":\"https:\\\/\\\/jornalboasnoticias.com.br\\\/home\\\/#organization\"},\"potentialAction\":[{\"@type\":\"SearchAction\",\"target\":{\"@type\":\"EntryPoint\",\"urlTemplate\":\"https:\\\/\\\/jornalboasnoticias.com.br\\\/home\\\/?s={search_term_string}\"},\"query-input\":{\"@type\":\"PropertyValueSpecification\",\"valueRequired\":true,\"valueName\":\"search_term_string\"}}],\"inLanguage\":\"pt-BR\"},{\"@type\":\"Organization\",\"@id\":\"https:\\\/\\\/jornalboasnoticias.com.br\\\/home\\\/#organization\",\"name\":\"Coq Editora Ltda\",\"alternateName\":\"Jornal Boas Noticias\",\"url\":\"https:\\\/\\\/jornalboasnoticias.com.br\\\/home\\\/\",\"logo\":{\"@type\":\"ImageObject\",\"inLanguage\":\"pt-BR\",\"@id\":\"https:\\\/\\\/jornalboasnoticias.com.br\\\/home\\\/#\\\/schema\\\/logo\\\/image\\\/\",\"url\":\"https:\\\/\\\/jornalboasnoticias.com.br\\\/home\\\/wp-content\\\/uploads\\\/2024\\\/07\\\/cropped-logo.jpg\",\"contentUrl\":\"https:\\\/\\\/jornalboasnoticias.com.br\\\/home\\\/wp-content\\\/uploads\\\/2024\\\/07\\\/cropped-logo.jpg\",\"width\":290,\"height\":142,\"caption\":\"Coq Editora Ltda\"},\"image\":{\"@id\":\"https:\\\/\\\/jornalboasnoticias.com.br\\\/home\\\/#\\\/schema\\\/logo\\\/image\\\/\"},\"sameAs\":[\"https:\\\/\\\/www.facebook.com\\\/boasnoticiasjornal\"]},{\"@type\":\"Person\",\"@id\":\"https:\\\/\\\/jornalboasnoticias.com.br\\\/home\\\/#\\\/schema\\\/person\\\/75f9ebde398c998c166475fb446bda62\",\"name\":\"Luiz Carlos da Cruz\",\"image\":{\"@type\":\"ImageObject\",\"inLanguage\":\"pt-BR\",\"@id\":\"https:\\\/\\\/secure.gravatar.com\\\/avatar\\\/e6f4f45301b6cb8572f7b076572e8ac11c1db80e805d8c8d0858cf286ce3ac3b?s=96&d=mm&r=g\",\"url\":\"https:\\\/\\\/secure.gravatar.com\\\/avatar\\\/e6f4f45301b6cb8572f7b076572e8ac11c1db80e805d8c8d0858cf286ce3ac3b?s=96&d=mm&r=g\",\"contentUrl\":\"https:\\\/\\\/secure.gravatar.com\\\/avatar\\\/e6f4f45301b6cb8572f7b076572e8ac11c1db80e805d8c8d0858cf286ce3ac3b?s=96&d=mm&r=g\",\"caption\":\"Luiz Carlos da Cruz\"},\"url\":\"https:\\\/\\\/jornalboasnoticias.com.br\\\/home\\\/author\\\/luiz-carlos-da-cruz\\\/\"}]}<\/script>\n<!-- \/ Yoast SEO plugin. -->","yoast_head_json":{"title":"Busca de perfis pol\u00edticos apresenta falhas em aplicativos da Meta - Jornal","description":"Busca de perfis pol\u00edticos apresenta falhas em aplicativos da Meta","robots":{"index":"index","follow":"follow","max-snippet":"max-snippet:-1","max-image-preview":"max-image-preview:large","max-video-preview":"max-video-preview:-1"},"canonical":"https:\/\/jornalboasnoticias.com.br\/home\/busca-de-perfis-politicos-apresenta-falhas-em-aplicativos-da-meta\/","og_locale":"pt_BR","og_type":"article","og_title":"Busca de perfis pol\u00edticos apresenta falhas em aplicativos da Meta - Jornal","og_description":"Busca de perfis pol\u00edticos apresenta falhas em aplicativos da Meta","og_url":"https:\/\/jornalboasnoticias.com.br\/home\/busca-de-perfis-politicos-apresenta-falhas-em-aplicativos-da-meta\/","og_site_name":"Jornal","article_publisher":"https:\/\/www.facebook.com\/boasnoticiasjornal","article_published_time":"2025-12-10T17:00:20+00:00","article_modified_time":"2025-12-10T17:03:01+00:00","og_image":[{"width":1200,"height":675,"url":"https:\/\/jornalboasnoticias.com.br\/home\/wp-content\/uploads\/2025\/12\/logo-instagram.webp","type":"image\/webp"}],"author":"Luiz Carlos da Cruz","twitter_card":"summary_large_image","twitter_misc":{"Escrito por":"Luiz Carlos da Cruz","Est. tempo de leitura":"3 minutos"},"schema":{"@context":"https:\/\/schema.org","@graph":[{"@type":"Article","@id":"https:\/\/jornalboasnoticias.com.br\/home\/busca-de-perfis-politicos-apresenta-falhas-em-aplicativos-da-meta\/#article","isPartOf":{"@id":"https:\/\/jornalboasnoticias.com.br\/home\/busca-de-perfis-politicos-apresenta-falhas-em-aplicativos-da-meta\/"},"author":{"name":"Luiz Carlos da Cruz","@id":"https:\/\/jornalboasnoticias.com.br\/home\/#\/schema\/person\/75f9ebde398c998c166475fb446bda62"},"headline":"Busca de perfis pol\u00edticos apresenta falhas em aplicativos da Meta","datePublished":"2025-12-10T17:00:20+00:00","dateModified":"2025-12-10T17:03:01+00:00","mainEntityOfPage":{"@id":"https:\/\/jornalboasnoticias.com.br\/home\/busca-de-perfis-politicos-apresenta-falhas-em-aplicativos-da-meta\/"},"wordCount":308,"commentCount":0,"publisher":{"@id":"https:\/\/jornalboasnoticias.com.br\/home\/#organization"},"image":{"@id":"https:\/\/jornalboasnoticias.com.br\/home\/busca-de-perfis-politicos-apresenta-falhas-em-aplicativos-da-meta\/#primaryimage"},"thumbnailUrl":"https:\/\/jornalboasnoticias.com.br\/home\/wp-content\/uploads\/2025\/12\/logo-instagram.webp","articleSection":["BRASIL"],"inLanguage":"pt-BR","potentialAction":[{"@type":"CommentAction","name":"Comment","target":["https:\/\/jornalboasnoticias.com.br\/home\/busca-de-perfis-politicos-apresenta-falhas-em-aplicativos-da-meta\/#respond"]}]},{"@type":"WebPage","@id":"https:\/\/jornalboasnoticias.com.br\/home\/busca-de-perfis-politicos-apresenta-falhas-em-aplicativos-da-meta\/","url":"https:\/\/jornalboasnoticias.com.br\/home\/busca-de-perfis-politicos-apresenta-falhas-em-aplicativos-da-meta\/","name":"Busca de perfis pol\u00edticos apresenta falhas em aplicativos da Meta - Jornal","isPartOf":{"@id":"https:\/\/jornalboasnoticias.com.br\/home\/#website"},"primaryImageOfPage":{"@id":"https:\/\/jornalboasnoticias.com.br\/home\/busca-de-perfis-politicos-apresenta-falhas-em-aplicativos-da-meta\/#primaryimage"},"image":{"@id":"https:\/\/jornalboasnoticias.com.br\/home\/busca-de-perfis-politicos-apresenta-falhas-em-aplicativos-da-meta\/#primaryimage"},"thumbnailUrl":"https:\/\/jornalboasnoticias.com.br\/home\/wp-content\/uploads\/2025\/12\/logo-instagram.webp","datePublished":"2025-12-10T17:00:20+00:00","dateModified":"2025-12-10T17:03:01+00:00","description":"Busca de perfis pol\u00edticos apresenta falhas em aplicativos da Meta","breadcrumb":{"@id":"https:\/\/jornalboasnoticias.com.br\/home\/busca-de-perfis-politicos-apresenta-falhas-em-aplicativos-da-meta\/#breadcrumb"},"inLanguage":"pt-BR","potentialAction":[{"@type":"ReadAction","target":["https:\/\/jornalboasnoticias.com.br\/home\/busca-de-perfis-politicos-apresenta-falhas-em-aplicativos-da-meta\/"]}]},{"@type":"ImageObject","inLanguage":"pt-BR","@id":"https:\/\/jornalboasnoticias.com.br\/home\/busca-de-perfis-politicos-apresenta-falhas-em-aplicativos-da-meta\/#primaryimage","url":"https:\/\/jornalboasnoticias.com.br\/home\/wp-content\/uploads\/2025\/12\/logo-instagram.webp","contentUrl":"https:\/\/jornalboasnoticias.com.br\/home\/wp-content\/uploads\/2025\/12\/logo-instagram.webp","width":1200,"height":675,"caption":"Shutter Speed\/Unsplash"},{"@type":"BreadcrumbList","@id":"https:\/\/jornalboasnoticias.com.br\/home\/busca-de-perfis-politicos-apresenta-falhas-em-aplicativos-da-meta\/#breadcrumb","itemListElement":[{"@type":"ListItem","position":1,"name":"In\u00edcio","item":"https:\/\/jornalboasnoticias.com.br\/home\/"},{"@type":"ListItem","position":2,"name":"Busca de perfis pol\u00edticos apresenta falhas em aplicativos da Meta"}]},{"@type":"WebSite","@id":"https:\/\/jornalboasnoticias.com.br\/home\/#website","url":"https:\/\/jornalboasnoticias.com.br\/home\/","name":"Jornal Boas Not\u00edcias","description":"Boas not\u00edcias","publisher":{"@id":"https:\/\/jornalboasnoticias.com.br\/home\/#organization"},"potentialAction":[{"@type":"SearchAction","target":{"@type":"EntryPoint","urlTemplate":"https:\/\/jornalboasnoticias.com.br\/home\/?s={search_term_string}"},"query-input":{"@type":"PropertyValueSpecification","valueRequired":true,"valueName":"search_term_string"}}],"inLanguage":"pt-BR"},{"@type":"Organization","@id":"https:\/\/jornalboasnoticias.com.br\/home\/#organization","name":"Coq Editora Ltda","alternateName":"Jornal Boas Noticias","url":"https:\/\/jornalboasnoticias.com.br\/home\/","logo":{"@type":"ImageObject","inLanguage":"pt-BR","@id":"https:\/\/jornalboasnoticias.com.br\/home\/#\/schema\/logo\/image\/","url":"https:\/\/jornalboasnoticias.com.br\/home\/wp-content\/uploads\/2024\/07\/cropped-logo.jpg","contentUrl":"https:\/\/jornalboasnoticias.com.br\/home\/wp-content\/uploads\/2024\/07\/cropped-logo.jpg","width":290,"height":142,"caption":"Coq Editora Ltda"},"image":{"@id":"https:\/\/jornalboasnoticias.com.br\/home\/#\/schema\/logo\/image\/"},"sameAs":["https:\/\/www.facebook.com\/boasnoticiasjornal"]},{"@type":"Person","@id":"https:\/\/jornalboasnoticias.com.br\/home\/#\/schema\/person\/75f9ebde398c998c166475fb446bda62","name":"Luiz Carlos da Cruz","image":{"@type":"ImageObject","inLanguage":"pt-BR","@id":"https:\/\/secure.gravatar.com\/avatar\/e6f4f45301b6cb8572f7b076572e8ac11c1db80e805d8c8d0858cf286ce3ac3b?s=96&d=mm&r=g","url":"https:\/\/secure.gravatar.com\/avatar\/e6f4f45301b6cb8572f7b076572e8ac11c1db80e805d8c8d0858cf286ce3ac3b?s=96&d=mm&r=g","contentUrl":"https:\/\/secure.gravatar.com\/avatar\/e6f4f45301b6cb8572f7b076572e8ac11c1db80e805d8c8d0858cf286ce3ac3b?s=96&d=mm&r=g","caption":"Luiz Carlos da Cruz"},"url":"https:\/\/jornalboasnoticias.com.br\/home\/author\/luiz-carlos-da-cruz\/"}]}},"_links":{"self":[{"href":"https:\/\/jornalboasnoticias.com.br\/home\/wp-json\/wp\/v2\/posts\/46831","targetHints":{"allow":["GET"]}}],"collection":[{"href":"https:\/\/jornalboasnoticias.com.br\/home\/wp-json\/wp\/v2\/posts"}],"about":[{"href":"https:\/\/jornalboasnoticias.com.br\/home\/wp-json\/wp\/v2\/types\/post"}],"author":[{"embeddable":true,"href":"https:\/\/jornalboasnoticias.com.br\/home\/wp-json\/wp\/v2\/users\/3"}],"replies":[{"embeddable":true,"href":"https:\/\/jornalboasnoticias.com.br\/home\/wp-json\/wp\/v2\/comments?post=46831"}],"version-history":[{"count":3,"href":"https:\/\/jornalboasnoticias.com.br\/home\/wp-json\/wp\/v2\/posts\/46831\/revisions"}],"predecessor-version":[{"id":46836,"href":"https:\/\/jornalboasnoticias.com.br\/home\/wp-json\/wp\/v2\/posts\/46831\/revisions\/46836"}],"wp:featuredmedia":[{"embeddable":true,"href":"https:\/\/jornalboasnoticias.com.br\/home\/wp-json\/wp\/v2\/media\/46835"}],"wp:attachment":[{"href":"https:\/\/jornalboasnoticias.com.br\/home\/wp-json\/wp\/v2\/media?parent=46831"}],"wp:term":[{"taxonomy":"category","embeddable":true,"href":"https:\/\/jornalboasnoticias.com.br\/home\/wp-json\/wp\/v2\/categories?post=46831"},{"taxonomy":"post_tag","embeddable":true,"href":"https:\/\/jornalboasnoticias.com.br\/home\/wp-json\/wp\/v2\/tags?post=46831"}],"curies":[{"name":"wp","href":"https:\/\/api.w.org\/{rel}","templated":true}]}}