{"id":46828,"date":"2025-12-10T16:46:04","date_gmt":"2025-12-10T16:46:04","guid":{"rendered":"https:\/\/jornalboasnoticias.com.br\/home\/?p=46828"},"modified":"2025-12-10T16:46:04","modified_gmt":"2025-12-10T16:46:04","slug":"senado-pede-ao-stf-para-suspender-liminar-do-impeachment-de-ministros","status":"publish","type":"post","link":"https:\/\/jornalboasnoticias.com.br\/home\/senado-pede-ao-stf-para-suspender-liminar-do-impeachment-de-ministros\/","title":{"rendered":"Senado pede ao STF para suspender liminar do impeachment de ministros"},"content":{"rendered":"<blockquote>\n<p style=\"text-align: center;\">Senadores analisam nova Lei do Impeachment na CCJ<\/p>\n<\/blockquote>\n<figure id=\"attachment_46829\" aria-describedby=\"caption-attachment-46829\" style=\"width: 1000px\" class=\"wp-caption alignnone\"><img loading=\"lazy\" decoding=\"async\" class=\"size-full wp-image-46829\" src=\"https:\/\/jornalboasnoticias.com.br\/home\/wp-content\/uploads\/2025\/12\/pzzb2083-e1765385067966.webp\" alt=\"\" width=\"1000\" height=\"598\" \/><figcaption id=\"caption-attachment-46829\" class=\"wp-caption-text\">\u00a9 Ant\u00f4nio Cruz\/Ag\u00eancia Brasil<\/figcaption><\/figure>\n<p>A Advocacia do Senado recorreu nesta quarta-feira (10) da decis\u00e3o na qual o ministro Gilmar Mendes, do Supremo Tribunal Federal (STF), decidiu que apenas o titular da Procuradoria-Geral da Rep\u00fablica (PGR) pode pedir impeachment de ministros da Corte.\u00a0<img decoding=\"async\" src=\"https:\/\/agenciabrasil.ebc.com.br\/ebc.png?id=1671626&amp;o=node\" \/><img decoding=\"async\" src=\"https:\/\/agenciabrasil.ebc.com.br\/ebc.gif?id=1671626&amp;o=node\" \/><\/p>\n<p>O Senado pede que a decis\u00e3o seja suspensa ao menos at\u00e9 que o Congresso vote uma atualiza\u00e7\u00e3o da Lei do Impeachment.\u00a0A justificativa \u00e9 que a liminar atrapalha a tramita\u00e7\u00e3o do projeto, causando \u201czonas de d\u00favida interpretativa, risco de assimetrias normativas e obst\u00e1culos \u00e0 elabora\u00e7\u00e3o t\u00e9cnica do novo diploma legal em fase final de consolida\u00e7\u00e3o&#8221;.<\/p>\n<p>Na semana passada,\u00a0Mendes suspendeu o trecho da Lei de Impeachment, de 1950, que dava a todo cidad\u00e3o a prerrogativa de denunciar ministros do Supremo por crimes de responsabilidade.<\/p>\n<p>Na mesma decis\u00e3o, o ministro estabeleceu ser necess\u00e1rio maioria qualificada de dois ter\u00e7os no Senado para abrir processo de cassa\u00e7\u00e3o de ministros do Supremo, no lugar de maioria simples, de metade mais um, conforme a regra vigente at\u00e9 ent\u00e3o.<\/p>\n<p>Ap\u00f3s a decis\u00e3o, o ministro justificou a urg\u00eancia da liminar diante de 81 pedidos de impeachment contra ministro do Supremo que encontram-se no gabinete do presidente do Senado, Davi Alcolumbre (Uni\u00e3o-AP).\u00a0Mendes tamb\u00e9m disse haver \u201cuso eleitoreiro\u201d de um poss\u00edvel faseamento de algum ministro.<\/p>\n<p>O plen\u00e1rio do Supremo tem uma sess\u00e3o virtual marcada entre 12 e 19 de dezembro para analisar se mant\u00e9m a liminar do ministro.\u00a0O caso pode ser levado ao plen\u00e1rio f\u00edsico caso ocorra algum pedido de destaque. O julgamento pode ainda ser interrompido se houver pedido de vista (mais tempo de an\u00e1lise).<\/p>\n<p>O recurso do Senado foi protocolado no mesmo dia em que o relator da nova Lei do Impeachment na Comiss\u00e3o de Constitui\u00e7\u00e3o e Justi\u00e7a (CCJ),\u00a0senador Weverton Rocha (PDT-MA), pediu a retirada do projeto da pauta\u00a0da comiss\u00e3o, o que deve lan\u00e7ar a discuss\u00e3o para o ano que vem, diante do in\u00edcio iminente do recesso parlamentar.<\/p>\n<p><em>Ag\u00eancia Brasil<\/em><\/p>\n","protected":false},"excerpt":{"rendered":"<p>Senadores analisam nova Lei do Impeachment na CCJ A Advocacia do Senado recorreu nesta quarta-feira<\/p>\n","protected":false},"author":3,"featured_media":46829,"comment_status":"open","ping_status":"open","sticky":false,"template":"","format":"standard","meta":{"footnotes":""},"categories":[6],"tags":[],"class_list":["post-46828","post","type-post","status-publish","format-standard","has-post-thumbnail","hentry","category-brasil"],"yoast_head":"<!-- This site is optimized with the Yoast SEO plugin v27.5 - https:\/\/yoast.com\/product\/yoast-seo-wordpress\/ -->\n<title>Senado pede ao STF para suspender liminar do impeachment de ministros - Jornal<\/title>\n<meta name=\"description\" content=\"Senado pede ao STF para suspender liminar do impeachment de ministros\" \/>\n<meta name=\"robots\" content=\"index, follow, max-snippet:-1, max-image-preview:large, max-video-preview:-1\" \/>\n<link rel=\"canonical\" href=\"https:\/\/jornalboasnoticias.com.br\/home\/senado-pede-ao-stf-para-suspender-liminar-do-impeachment-de-ministros\/\" \/>\n<meta property=\"og:locale\" content=\"pt_BR\" \/>\n<meta property=\"og:type\" content=\"article\" \/>\n<meta property=\"og:title\" content=\"Senado pede ao STF para suspender liminar do impeachment de ministros - Jornal\" \/>\n<meta property=\"og:description\" content=\"Senado pede ao STF para suspender liminar do impeachment de ministros\" \/>\n<meta property=\"og:url\" content=\"https:\/\/jornalboasnoticias.com.br\/home\/senado-pede-ao-stf-para-suspender-liminar-do-impeachment-de-ministros\/\" \/>\n<meta property=\"og:site_name\" content=\"Jornal\" \/>\n<meta property=\"article:publisher\" content=\"https:\/\/www.facebook.com\/boasnoticiasjornal\" \/>\n<meta property=\"article:published_time\" content=\"2025-12-10T16:46:04+00:00\" \/>\n<meta property=\"og:image\" content=\"https:\/\/jornalboasnoticias.com.br\/home\/wp-content\/uploads\/2025\/12\/pzzb2083-e1765385067966.webp\" \/>\n\t<meta property=\"og:image:width\" content=\"1000\" \/>\n\t<meta property=\"og:image:height\" content=\"598\" \/>\n\t<meta property=\"og:image:type\" content=\"image\/webp\" \/>\n<meta name=\"author\" content=\"Luiz Carlos da Cruz\" \/>\n<meta name=\"twitter:card\" content=\"summary_large_image\" \/>\n<meta name=\"twitter:label1\" content=\"Escrito por\" \/>\n\t<meta name=\"twitter:data1\" content=\"Luiz Carlos da Cruz\" \/>\n\t<meta name=\"twitter:label2\" content=\"Est. tempo de leitura\" \/>\n\t<meta name=\"twitter:data2\" content=\"3 minutos\" \/>\n<script type=\"application\/ld+json\" class=\"yoast-schema-graph\">{\"@context\":\"https:\\\/\\\/schema.org\",\"@graph\":[{\"@type\":\"Article\",\"@id\":\"https:\\\/\\\/jornalboasnoticias.com.br\\\/home\\\/senado-pede-ao-stf-para-suspender-liminar-do-impeachment-de-ministros\\\/#article\",\"isPartOf\":{\"@id\":\"https:\\\/\\\/jornalboasnoticias.com.br\\\/home\\\/senado-pede-ao-stf-para-suspender-liminar-do-impeachment-de-ministros\\\/\"},\"author\":{\"name\":\"Luiz Carlos da Cruz\",\"@id\":\"https:\\\/\\\/jornalboasnoticias.com.br\\\/home\\\/#\\\/schema\\\/person\\\/75f9ebde398c998c166475fb446bda62\"},\"headline\":\"Senado pede ao STF para suspender liminar do impeachment de ministros\",\"datePublished\":\"2025-12-10T16:46:04+00:00\",\"mainEntityOfPage\":{\"@id\":\"https:\\\/\\\/jornalboasnoticias.com.br\\\/home\\\/senado-pede-ao-stf-para-suspender-liminar-do-impeachment-de-ministros\\\/\"},\"wordCount\":376,\"commentCount\":0,\"publisher\":{\"@id\":\"https:\\\/\\\/jornalboasnoticias.com.br\\\/home\\\/#organization\"},\"image\":{\"@id\":\"https:\\\/\\\/jornalboasnoticias.com.br\\\/home\\\/senado-pede-ao-stf-para-suspender-liminar-do-impeachment-de-ministros\\\/#primaryimage\"},\"thumbnailUrl\":\"https:\\\/\\\/jornalboasnoticias.com.br\\\/home\\\/wp-content\\\/uploads\\\/2025\\\/12\\\/pzzb2083-e1765385067966.webp\",\"articleSection\":[\"BRASIL\"],\"inLanguage\":\"pt-BR\",\"potentialAction\":[{\"@type\":\"CommentAction\",\"name\":\"Comment\",\"target\":[\"https:\\\/\\\/jornalboasnoticias.com.br\\\/home\\\/senado-pede-ao-stf-para-suspender-liminar-do-impeachment-de-ministros\\\/#respond\"]}]},{\"@type\":\"WebPage\",\"@id\":\"https:\\\/\\\/jornalboasnoticias.com.br\\\/home\\\/senado-pede-ao-stf-para-suspender-liminar-do-impeachment-de-ministros\\\/\",\"url\":\"https:\\\/\\\/jornalboasnoticias.com.br\\\/home\\\/senado-pede-ao-stf-para-suspender-liminar-do-impeachment-de-ministros\\\/\",\"name\":\"Senado pede ao STF para suspender liminar do impeachment de ministros - Jornal\",\"isPartOf\":{\"@id\":\"https:\\\/\\\/jornalboasnoticias.com.br\\\/home\\\/#website\"},\"primaryImageOfPage\":{\"@id\":\"https:\\\/\\\/jornalboasnoticias.com.br\\\/home\\\/senado-pede-ao-stf-para-suspender-liminar-do-impeachment-de-ministros\\\/#primaryimage\"},\"image\":{\"@id\":\"https:\\\/\\\/jornalboasnoticias.com.br\\\/home\\\/senado-pede-ao-stf-para-suspender-liminar-do-impeachment-de-ministros\\\/#primaryimage\"},\"thumbnailUrl\":\"https:\\\/\\\/jornalboasnoticias.com.br\\\/home\\\/wp-content\\\/uploads\\\/2025\\\/12\\\/pzzb2083-e1765385067966.webp\",\"datePublished\":\"2025-12-10T16:46:04+00:00\",\"description\":\"Senado pede ao STF para suspender liminar do impeachment de ministros\",\"breadcrumb\":{\"@id\":\"https:\\\/\\\/jornalboasnoticias.com.br\\\/home\\\/senado-pede-ao-stf-para-suspender-liminar-do-impeachment-de-ministros\\\/#breadcrumb\"},\"inLanguage\":\"pt-BR\",\"potentialAction\":[{\"@type\":\"ReadAction\",\"target\":[\"https:\\\/\\\/jornalboasnoticias.com.br\\\/home\\\/senado-pede-ao-stf-para-suspender-liminar-do-impeachment-de-ministros\\\/\"]}]},{\"@type\":\"ImageObject\",\"inLanguage\":\"pt-BR\",\"@id\":\"https:\\\/\\\/jornalboasnoticias.com.br\\\/home\\\/senado-pede-ao-stf-para-suspender-liminar-do-impeachment-de-ministros\\\/#primaryimage\",\"url\":\"https:\\\/\\\/jornalboasnoticias.com.br\\\/home\\\/wp-content\\\/uploads\\\/2025\\\/12\\\/pzzb2083-e1765385067966.webp\",\"contentUrl\":\"https:\\\/\\\/jornalboasnoticias.com.br\\\/home\\\/wp-content\\\/uploads\\\/2025\\\/12\\\/pzzb2083-e1765385067966.webp\",\"width\":1000,\"height\":598,\"caption\":\"\u00a9 Ant\u00f4nio Cruz\\\/Ag\u00eancia Brasil\"},{\"@type\":\"BreadcrumbList\",\"@id\":\"https:\\\/\\\/jornalboasnoticias.com.br\\\/home\\\/senado-pede-ao-stf-para-suspender-liminar-do-impeachment-de-ministros\\\/#breadcrumb\",\"itemListElement\":[{\"@type\":\"ListItem\",\"position\":1,\"name\":\"In\u00edcio\",\"item\":\"https:\\\/\\\/jornalboasnoticias.com.br\\\/home\\\/\"},{\"@type\":\"ListItem\",\"position\":2,\"name\":\"Senado pede ao STF para suspender liminar do impeachment de ministros\"}]},{\"@type\":\"WebSite\",\"@id\":\"https:\\\/\\\/jornalboasnoticias.com.br\\\/home\\\/#website\",\"url\":\"https:\\\/\\\/jornalboasnoticias.com.br\\\/home\\\/\",\"name\":\"Jornal Boas Not\u00edcias\",\"description\":\"Boas not\u00edcias\",\"publisher\":{\"@id\":\"https:\\\/\\\/jornalboasnoticias.com.br\\\/home\\\/#organization\"},\"potentialAction\":[{\"@type\":\"SearchAction\",\"target\":{\"@type\":\"EntryPoint\",\"urlTemplate\":\"https:\\\/\\\/jornalboasnoticias.com.br\\\/home\\\/?s={search_term_string}\"},\"query-input\":{\"@type\":\"PropertyValueSpecification\",\"valueRequired\":true,\"valueName\":\"search_term_string\"}}],\"inLanguage\":\"pt-BR\"},{\"@type\":\"Organization\",\"@id\":\"https:\\\/\\\/jornalboasnoticias.com.br\\\/home\\\/#organization\",\"name\":\"Coq Editora Ltda\",\"alternateName\":\"Jornal Boas Noticias\",\"url\":\"https:\\\/\\\/jornalboasnoticias.com.br\\\/home\\\/\",\"logo\":{\"@type\":\"ImageObject\",\"inLanguage\":\"pt-BR\",\"@id\":\"https:\\\/\\\/jornalboasnoticias.com.br\\\/home\\\/#\\\/schema\\\/logo\\\/image\\\/\",\"url\":\"https:\\\/\\\/jornalboasnoticias.com.br\\\/home\\\/wp-content\\\/uploads\\\/2024\\\/07\\\/cropped-logo.jpg\",\"contentUrl\":\"https:\\\/\\\/jornalboasnoticias.com.br\\\/home\\\/wp-content\\\/uploads\\\/2024\\\/07\\\/cropped-logo.jpg\",\"width\":290,\"height\":142,\"caption\":\"Coq Editora Ltda\"},\"image\":{\"@id\":\"https:\\\/\\\/jornalboasnoticias.com.br\\\/home\\\/#\\\/schema\\\/logo\\\/image\\\/\"},\"sameAs\":[\"https:\\\/\\\/www.facebook.com\\\/boasnoticiasjornal\"]},{\"@type\":\"Person\",\"@id\":\"https:\\\/\\\/jornalboasnoticias.com.br\\\/home\\\/#\\\/schema\\\/person\\\/75f9ebde398c998c166475fb446bda62\",\"name\":\"Luiz Carlos da Cruz\",\"image\":{\"@type\":\"ImageObject\",\"inLanguage\":\"pt-BR\",\"@id\":\"https:\\\/\\\/secure.gravatar.com\\\/avatar\\\/e6f4f45301b6cb8572f7b076572e8ac11c1db80e805d8c8d0858cf286ce3ac3b?s=96&d=mm&r=g\",\"url\":\"https:\\\/\\\/secure.gravatar.com\\\/avatar\\\/e6f4f45301b6cb8572f7b076572e8ac11c1db80e805d8c8d0858cf286ce3ac3b?s=96&d=mm&r=g\",\"contentUrl\":\"https:\\\/\\\/secure.gravatar.com\\\/avatar\\\/e6f4f45301b6cb8572f7b076572e8ac11c1db80e805d8c8d0858cf286ce3ac3b?s=96&d=mm&r=g\",\"caption\":\"Luiz Carlos da Cruz\"},\"url\":\"https:\\\/\\\/jornalboasnoticias.com.br\\\/home\\\/author\\\/luiz-carlos-da-cruz\\\/\"}]}<\/script>\n<!-- \/ Yoast SEO plugin. -->","yoast_head_json":{"title":"Senado pede ao STF para suspender liminar do impeachment de ministros - Jornal","description":"Senado pede ao STF para suspender liminar do impeachment de ministros","robots":{"index":"index","follow":"follow","max-snippet":"max-snippet:-1","max-image-preview":"max-image-preview:large","max-video-preview":"max-video-preview:-1"},"canonical":"https:\/\/jornalboasnoticias.com.br\/home\/senado-pede-ao-stf-para-suspender-liminar-do-impeachment-de-ministros\/","og_locale":"pt_BR","og_type":"article","og_title":"Senado pede ao STF para suspender liminar do impeachment de ministros - Jornal","og_description":"Senado pede ao STF para suspender liminar do impeachment de ministros","og_url":"https:\/\/jornalboasnoticias.com.br\/home\/senado-pede-ao-stf-para-suspender-liminar-do-impeachment-de-ministros\/","og_site_name":"Jornal","article_publisher":"https:\/\/www.facebook.com\/boasnoticiasjornal","article_published_time":"2025-12-10T16:46:04+00:00","og_image":[{"width":1000,"height":598,"url":"https:\/\/jornalboasnoticias.com.br\/home\/wp-content\/uploads\/2025\/12\/pzzb2083-e1765385067966.webp","type":"image\/webp"}],"author":"Luiz Carlos da Cruz","twitter_card":"summary_large_image","twitter_misc":{"Escrito por":"Luiz Carlos da Cruz","Est. tempo de leitura":"3 minutos"},"schema":{"@context":"https:\/\/schema.org","@graph":[{"@type":"Article","@id":"https:\/\/jornalboasnoticias.com.br\/home\/senado-pede-ao-stf-para-suspender-liminar-do-impeachment-de-ministros\/#article","isPartOf":{"@id":"https:\/\/jornalboasnoticias.com.br\/home\/senado-pede-ao-stf-para-suspender-liminar-do-impeachment-de-ministros\/"},"author":{"name":"Luiz Carlos da Cruz","@id":"https:\/\/jornalboasnoticias.com.br\/home\/#\/schema\/person\/75f9ebde398c998c166475fb446bda62"},"headline":"Senado pede ao STF para suspender liminar do impeachment de ministros","datePublished":"2025-12-10T16:46:04+00:00","mainEntityOfPage":{"@id":"https:\/\/jornalboasnoticias.com.br\/home\/senado-pede-ao-stf-para-suspender-liminar-do-impeachment-de-ministros\/"},"wordCount":376,"commentCount":0,"publisher":{"@id":"https:\/\/jornalboasnoticias.com.br\/home\/#organization"},"image":{"@id":"https:\/\/jornalboasnoticias.com.br\/home\/senado-pede-ao-stf-para-suspender-liminar-do-impeachment-de-ministros\/#primaryimage"},"thumbnailUrl":"https:\/\/jornalboasnoticias.com.br\/home\/wp-content\/uploads\/2025\/12\/pzzb2083-e1765385067966.webp","articleSection":["BRASIL"],"inLanguage":"pt-BR","potentialAction":[{"@type":"CommentAction","name":"Comment","target":["https:\/\/jornalboasnoticias.com.br\/home\/senado-pede-ao-stf-para-suspender-liminar-do-impeachment-de-ministros\/#respond"]}]},{"@type":"WebPage","@id":"https:\/\/jornalboasnoticias.com.br\/home\/senado-pede-ao-stf-para-suspender-liminar-do-impeachment-de-ministros\/","url":"https:\/\/jornalboasnoticias.com.br\/home\/senado-pede-ao-stf-para-suspender-liminar-do-impeachment-de-ministros\/","name":"Senado pede ao STF para suspender liminar do impeachment de ministros - Jornal","isPartOf":{"@id":"https:\/\/jornalboasnoticias.com.br\/home\/#website"},"primaryImageOfPage":{"@id":"https:\/\/jornalboasnoticias.com.br\/home\/senado-pede-ao-stf-para-suspender-liminar-do-impeachment-de-ministros\/#primaryimage"},"image":{"@id":"https:\/\/jornalboasnoticias.com.br\/home\/senado-pede-ao-stf-para-suspender-liminar-do-impeachment-de-ministros\/#primaryimage"},"thumbnailUrl":"https:\/\/jornalboasnoticias.com.br\/home\/wp-content\/uploads\/2025\/12\/pzzb2083-e1765385067966.webp","datePublished":"2025-12-10T16:46:04+00:00","description":"Senado pede ao STF para suspender liminar do impeachment de ministros","breadcrumb":{"@id":"https:\/\/jornalboasnoticias.com.br\/home\/senado-pede-ao-stf-para-suspender-liminar-do-impeachment-de-ministros\/#breadcrumb"},"inLanguage":"pt-BR","potentialAction":[{"@type":"ReadAction","target":["https:\/\/jornalboasnoticias.com.br\/home\/senado-pede-ao-stf-para-suspender-liminar-do-impeachment-de-ministros\/"]}]},{"@type":"ImageObject","inLanguage":"pt-BR","@id":"https:\/\/jornalboasnoticias.com.br\/home\/senado-pede-ao-stf-para-suspender-liminar-do-impeachment-de-ministros\/#primaryimage","url":"https:\/\/jornalboasnoticias.com.br\/home\/wp-content\/uploads\/2025\/12\/pzzb2083-e1765385067966.webp","contentUrl":"https:\/\/jornalboasnoticias.com.br\/home\/wp-content\/uploads\/2025\/12\/pzzb2083-e1765385067966.webp","width":1000,"height":598,"caption":"\u00a9 Ant\u00f4nio Cruz\/Ag\u00eancia Brasil"},{"@type":"BreadcrumbList","@id":"https:\/\/jornalboasnoticias.com.br\/home\/senado-pede-ao-stf-para-suspender-liminar-do-impeachment-de-ministros\/#breadcrumb","itemListElement":[{"@type":"ListItem","position":1,"name":"In\u00edcio","item":"https:\/\/jornalboasnoticias.com.br\/home\/"},{"@type":"ListItem","position":2,"name":"Senado pede ao STF para suspender liminar do impeachment de ministros"}]},{"@type":"WebSite","@id":"https:\/\/jornalboasnoticias.com.br\/home\/#website","url":"https:\/\/jornalboasnoticias.com.br\/home\/","name":"Jornal Boas Not\u00edcias","description":"Boas not\u00edcias","publisher":{"@id":"https:\/\/jornalboasnoticias.com.br\/home\/#organization"},"potentialAction":[{"@type":"SearchAction","target":{"@type":"EntryPoint","urlTemplate":"https:\/\/jornalboasnoticias.com.br\/home\/?s={search_term_string}"},"query-input":{"@type":"PropertyValueSpecification","valueRequired":true,"valueName":"search_term_string"}}],"inLanguage":"pt-BR"},{"@type":"Organization","@id":"https:\/\/jornalboasnoticias.com.br\/home\/#organization","name":"Coq Editora Ltda","alternateName":"Jornal Boas Noticias","url":"https:\/\/jornalboasnoticias.com.br\/home\/","logo":{"@type":"ImageObject","inLanguage":"pt-BR","@id":"https:\/\/jornalboasnoticias.com.br\/home\/#\/schema\/logo\/image\/","url":"https:\/\/jornalboasnoticias.com.br\/home\/wp-content\/uploads\/2024\/07\/cropped-logo.jpg","contentUrl":"https:\/\/jornalboasnoticias.com.br\/home\/wp-content\/uploads\/2024\/07\/cropped-logo.jpg","width":290,"height":142,"caption":"Coq Editora Ltda"},"image":{"@id":"https:\/\/jornalboasnoticias.com.br\/home\/#\/schema\/logo\/image\/"},"sameAs":["https:\/\/www.facebook.com\/boasnoticiasjornal"]},{"@type":"Person","@id":"https:\/\/jornalboasnoticias.com.br\/home\/#\/schema\/person\/75f9ebde398c998c166475fb446bda62","name":"Luiz Carlos da Cruz","image":{"@type":"ImageObject","inLanguage":"pt-BR","@id":"https:\/\/secure.gravatar.com\/avatar\/e6f4f45301b6cb8572f7b076572e8ac11c1db80e805d8c8d0858cf286ce3ac3b?s=96&d=mm&r=g","url":"https:\/\/secure.gravatar.com\/avatar\/e6f4f45301b6cb8572f7b076572e8ac11c1db80e805d8c8d0858cf286ce3ac3b?s=96&d=mm&r=g","contentUrl":"https:\/\/secure.gravatar.com\/avatar\/e6f4f45301b6cb8572f7b076572e8ac11c1db80e805d8c8d0858cf286ce3ac3b?s=96&d=mm&r=g","caption":"Luiz Carlos da Cruz"},"url":"https:\/\/jornalboasnoticias.com.br\/home\/author\/luiz-carlos-da-cruz\/"}]}},"_links":{"self":[{"href":"https:\/\/jornalboasnoticias.com.br\/home\/wp-json\/wp\/v2\/posts\/46828","targetHints":{"allow":["GET"]}}],"collection":[{"href":"https:\/\/jornalboasnoticias.com.br\/home\/wp-json\/wp\/v2\/posts"}],"about":[{"href":"https:\/\/jornalboasnoticias.com.br\/home\/wp-json\/wp\/v2\/types\/post"}],"author":[{"embeddable":true,"href":"https:\/\/jornalboasnoticias.com.br\/home\/wp-json\/wp\/v2\/users\/3"}],"replies":[{"embeddable":true,"href":"https:\/\/jornalboasnoticias.com.br\/home\/wp-json\/wp\/v2\/comments?post=46828"}],"version-history":[{"count":1,"href":"https:\/\/jornalboasnoticias.com.br\/home\/wp-json\/wp\/v2\/posts\/46828\/revisions"}],"predecessor-version":[{"id":46830,"href":"https:\/\/jornalboasnoticias.com.br\/home\/wp-json\/wp\/v2\/posts\/46828\/revisions\/46830"}],"wp:featuredmedia":[{"embeddable":true,"href":"https:\/\/jornalboasnoticias.com.br\/home\/wp-json\/wp\/v2\/media\/46829"}],"wp:attachment":[{"href":"https:\/\/jornalboasnoticias.com.br\/home\/wp-json\/wp\/v2\/media?parent=46828"}],"wp:term":[{"taxonomy":"category","embeddable":true,"href":"https:\/\/jornalboasnoticias.com.br\/home\/wp-json\/wp\/v2\/categories?post=46828"},{"taxonomy":"post_tag","embeddable":true,"href":"https:\/\/jornalboasnoticias.com.br\/home\/wp-json\/wp\/v2\/tags?post=46828"}],"curies":[{"name":"wp","href":"https:\/\/api.w.org\/{rel}","templated":true}]}}