{"id":46823,"date":"2025-12-10T14:33:41","date_gmt":"2025-12-10T14:33:41","guid":{"rendered":"https:\/\/jornalboasnoticias.com.br\/home\/?p=46823"},"modified":"2025-12-10T14:33:41","modified_gmt":"2025-12-10T14:33:41","slug":"pastor-e-condenado-por-estelionato-religioso-apos-vender-curas-milagrosas","status":"publish","type":"post","link":"https:\/\/jornalboasnoticias.com.br\/home\/pastor-e-condenado-por-estelionato-religioso-apos-vender-curas-milagrosas\/","title":{"rendered":"Pastor \u00e9 condenado por \u201cestelionato religioso\u201d ap\u00f3s vender \u201ccuras milagrosas\u201d"},"content":{"rendered":"<blockquote>\n<p style=\"text-align: center;\">David Tonelli Mainarte prometia &#8220;fazer dentes nascer&#8221; e &#8220;paral\u00edtico andar&#8221;; pena de reclus\u00e3o foi substitu\u00edda por restritiva de direitos<\/p>\n<\/blockquote>\n<figure id=\"attachment_46824\" aria-describedby=\"caption-attachment-46824\" style=\"width: 984px\" class=\"wp-caption alignnone\"><img loading=\"lazy\" decoding=\"async\" class=\"size-full wp-image-46824\" src=\"https:\/\/jornalboasnoticias.com.br\/home\/wp-content\/uploads\/2025\/12\/1-1.jpg\" alt=\"\" width=\"984\" height=\"656\" srcset=\"https:\/\/jornalboasnoticias.com.br\/home\/wp-content\/uploads\/2025\/12\/1-1.jpg 984w, https:\/\/jornalboasnoticias.com.br\/home\/wp-content\/uploads\/2025\/12\/1-1-300x200.jpg 300w, https:\/\/jornalboasnoticias.com.br\/home\/wp-content\/uploads\/2025\/12\/1-1-768x512.jpg 768w, https:\/\/jornalboasnoticias.com.br\/home\/wp-content\/uploads\/2025\/12\/1-1-900x600.jpg 900w\" sizes=\"auto, (max-width: 984px) 100vw, 984px\" \/><figcaption id=\"caption-attachment-46824\" class=\"wp-caption-text\">Pastor David Tonelli Mainarte. \u2014 Foto: Reprodu\u00e7\u00e3o<\/figcaption><\/figure>\n<p>O pastor David Tonelli Mainarte foi condenado a um ano de reclus\u00e3o pelo crime de\u00a0<em>\u201cestelionato religioso\u201d<\/em>. A den\u00fancia, feita pela Promotoria de Dourados\u2013MS, apontou que o r\u00e9u induzia fi\u00e9is a pagarem por falsos\u00a0<em>\u201ctratamentos milagrosos\u201d<\/em>. A pena de reclus\u00e3o foi substitu\u00edda por restritiva de direitos pelo juiz Marcelo da Silva Cassavara, da 1.\u00aa Vara Criminal.<\/p>\n<p>O Minist\u00e9rio P\u00fablico anexou como prova v\u00eddeos das supostas\u00a0<em>\u201ccuras\u201d<\/em>\u00a0que o pastor publicava nas redes sociais. Nesses v\u00eddeos, ele afirmava ser capaz de\u00a0<em>\u201cfazer dentes nascer\u201d, \u201creconstru\u00e7\u00e3o de seios\u201d, \u201cdesaparecer com cicatrizes\u201d, \u201cconseguir que paral\u00edtico ande\u201d<\/em>\u00a0e que\u00a0<em>\u201ccegos voltem a enxergar\u201d.<\/em><\/p>\n<h2><strong>Promessa ilus\u00f3ria e dolo<\/strong><\/h2>\n<p>O pastor David Tonelli Mainarte atendia na Igreja Quadrangular, em S\u00e3o Paulo, e na Igreja Miss\u00e3o C\u00e9u na Terra, em Campo Grande.<\/p>\n<p>O juiz Cassavara, em sua senten\u00e7a, afirmou que, embora a f\u00e9 seja livre,\u00a0<em>\u201cn\u00e3o h\u00e1 como o Estado-Juiz fechar os olhos para que qualquer pessoa utilize da f\u00e9 alheia para auferir benef\u00edcio indevido\u201d<\/em>. Ele destacou que o pastor prometeu entregar algo \u00e0 v\u00edtima que n\u00e3o cumpriu, recebendo benef\u00edcio indevido (custos de viagem e estadia).<\/p>\n<p>O magistrado concluiu que o r\u00e9u agiu com dolo, ou seja, com plena consci\u00eancia de que suas promessas de cura eram falsas. \u201cHouve a promessa de um benef\u00edcio ilus\u00f3rio, com a finalidade de enriquecer \u00e0 custa do preju\u00edzo alheio\u201d, pontuou.<\/p>\n<h2><strong>A culpa transferida<\/strong><\/h2>\n<p>Segundo o relato de uma das v\u00edtimas, ap\u00f3s o\u00a0<em>\u201cmilagre\u201d<\/em>\u00a0n\u00e3o se concretizar, o pastor tentou transferir a culpa a ela pr\u00f3pria, dizendo que a v\u00edtima deveria\u00a0<em>\u201corar mais\u201d<\/em>\u00a0para receber a b\u00ean\u00e7\u00e3o prometida.<\/p>\n<p>O promotor Jo\u00e3o Linhares foi taxativo na den\u00fancia, afirmando que o pastor \u201c<em>habitualmente manipula v\u00edtimas, passando-se por detentor de poderes sobrenaturais para empreender curas milagrosas, explorando a vulnerabilidade de pessoas que est\u00e3o muito enfermas\u201d.<\/em><\/p>\n<p>As restri\u00e7\u00f5es ao pastor, em troca da pena de reclus\u00e3o, ser\u00e3o estabelecidas futuramente pelo Ju\u00edzo de Execu\u00e7\u00e3o Penal.<\/p>\n<p><a href=\"https:\/\/www.fuxicogospel.com.br\/pastor\/pastor-e-condenado-por-estelionato-religioso-apos-vender-curas-milagrosas\/\"><em>O Fuxico Gospel<\/em><\/a><\/p>\n","protected":false},"excerpt":{"rendered":"<p>David Tonelli Mainarte prometia &#8220;fazer dentes nascer&#8221; e &#8220;paral\u00edtico andar&#8221;; pena de reclus\u00e3o foi substitu\u00edda<\/p>\n","protected":false},"author":3,"featured_media":46824,"comment_status":"open","ping_status":"open","sticky":false,"template":"","format":"standard","meta":{"footnotes":""},"categories":[6,3],"tags":[],"class_list":["post-46823","post","type-post","status-publish","format-standard","has-post-thumbnail","hentry","category-brasil","category-destaques"],"yoast_head":"<!-- This site is optimized with the Yoast SEO plugin v27.5 - https:\/\/yoast.com\/product\/yoast-seo-wordpress\/ -->\n<title>Pastor \u00e9 condenado por \u201cestelionato religioso\u201d ap\u00f3s vender \u201ccuras milagrosas\u201d - Jornal<\/title>\n<meta name=\"description\" content=\"Pastor \u00e9 condenado por \u201cestelionato religioso\u201d ap\u00f3s vender \u201ccuras milagrosas\u201d\" \/>\n<meta name=\"robots\" content=\"index, follow, max-snippet:-1, max-image-preview:large, max-video-preview:-1\" \/>\n<link rel=\"canonical\" href=\"https:\/\/jornalboasnoticias.com.br\/home\/pastor-e-condenado-por-estelionato-religioso-apos-vender-curas-milagrosas\/\" \/>\n<meta property=\"og:locale\" content=\"pt_BR\" \/>\n<meta property=\"og:type\" content=\"article\" \/>\n<meta property=\"og:title\" content=\"Pastor \u00e9 condenado por \u201cestelionato religioso\u201d ap\u00f3s vender \u201ccuras milagrosas\u201d - Jornal\" \/>\n<meta property=\"og:description\" content=\"Pastor \u00e9 condenado por \u201cestelionato religioso\u201d ap\u00f3s vender \u201ccuras milagrosas\u201d\" \/>\n<meta property=\"og:url\" content=\"https:\/\/jornalboasnoticias.com.br\/home\/pastor-e-condenado-por-estelionato-religioso-apos-vender-curas-milagrosas\/\" \/>\n<meta property=\"og:site_name\" content=\"Jornal\" \/>\n<meta property=\"article:publisher\" content=\"https:\/\/www.facebook.com\/boasnoticiasjornal\" \/>\n<meta property=\"article:published_time\" content=\"2025-12-10T14:33:41+00:00\" \/>\n<meta property=\"og:image\" content=\"https:\/\/jornalboasnoticias.com.br\/home\/wp-content\/uploads\/2025\/12\/1-1.jpg\" \/>\n\t<meta property=\"og:image:width\" content=\"984\" \/>\n\t<meta property=\"og:image:height\" content=\"656\" \/>\n\t<meta property=\"og:image:type\" content=\"image\/jpeg\" \/>\n<meta name=\"author\" content=\"Luiz Carlos da Cruz\" \/>\n<meta name=\"twitter:card\" content=\"summary_large_image\" \/>\n<meta name=\"twitter:label1\" content=\"Escrito por\" \/>\n\t<meta name=\"twitter:data1\" content=\"Luiz Carlos da Cruz\" \/>\n\t<meta name=\"twitter:label2\" content=\"Est. tempo de leitura\" \/>\n\t<meta name=\"twitter:data2\" content=\"3 minutos\" \/>\n<script type=\"application\/ld+json\" class=\"yoast-schema-graph\">{\"@context\":\"https:\\\/\\\/schema.org\",\"@graph\":[{\"@type\":\"Article\",\"@id\":\"https:\\\/\\\/jornalboasnoticias.com.br\\\/home\\\/pastor-e-condenado-por-estelionato-religioso-apos-vender-curas-milagrosas\\\/#article\",\"isPartOf\":{\"@id\":\"https:\\\/\\\/jornalboasnoticias.com.br\\\/home\\\/pastor-e-condenado-por-estelionato-religioso-apos-vender-curas-milagrosas\\\/\"},\"author\":{\"name\":\"Luiz Carlos da Cruz\",\"@id\":\"https:\\\/\\\/jornalboasnoticias.com.br\\\/home\\\/#\\\/schema\\\/person\\\/75f9ebde398c998c166475fb446bda62\"},\"headline\":\"Pastor \u00e9 condenado por \u201cestelionato religioso\u201d ap\u00f3s vender \u201ccuras milagrosas\u201d\",\"datePublished\":\"2025-12-10T14:33:41+00:00\",\"mainEntityOfPage\":{\"@id\":\"https:\\\/\\\/jornalboasnoticias.com.br\\\/home\\\/pastor-e-condenado-por-estelionato-religioso-apos-vender-curas-milagrosas\\\/\"},\"wordCount\":398,\"commentCount\":0,\"publisher\":{\"@id\":\"https:\\\/\\\/jornalboasnoticias.com.br\\\/home\\\/#organization\"},\"image\":{\"@id\":\"https:\\\/\\\/jornalboasnoticias.com.br\\\/home\\\/pastor-e-condenado-por-estelionato-religioso-apos-vender-curas-milagrosas\\\/#primaryimage\"},\"thumbnailUrl\":\"https:\\\/\\\/jornalboasnoticias.com.br\\\/home\\\/wp-content\\\/uploads\\\/2025\\\/12\\\/1-1.jpg\",\"articleSection\":[\"BRASIL\",\"DESTAQUE\"],\"inLanguage\":\"pt-BR\",\"potentialAction\":[{\"@type\":\"CommentAction\",\"name\":\"Comment\",\"target\":[\"https:\\\/\\\/jornalboasnoticias.com.br\\\/home\\\/pastor-e-condenado-por-estelionato-religioso-apos-vender-curas-milagrosas\\\/#respond\"]}]},{\"@type\":\"WebPage\",\"@id\":\"https:\\\/\\\/jornalboasnoticias.com.br\\\/home\\\/pastor-e-condenado-por-estelionato-religioso-apos-vender-curas-milagrosas\\\/\",\"url\":\"https:\\\/\\\/jornalboasnoticias.com.br\\\/home\\\/pastor-e-condenado-por-estelionato-religioso-apos-vender-curas-milagrosas\\\/\",\"name\":\"Pastor \u00e9 condenado por \u201cestelionato religioso\u201d ap\u00f3s vender \u201ccuras milagrosas\u201d - Jornal\",\"isPartOf\":{\"@id\":\"https:\\\/\\\/jornalboasnoticias.com.br\\\/home\\\/#website\"},\"primaryImageOfPage\":{\"@id\":\"https:\\\/\\\/jornalboasnoticias.com.br\\\/home\\\/pastor-e-condenado-por-estelionato-religioso-apos-vender-curas-milagrosas\\\/#primaryimage\"},\"image\":{\"@id\":\"https:\\\/\\\/jornalboasnoticias.com.br\\\/home\\\/pastor-e-condenado-por-estelionato-religioso-apos-vender-curas-milagrosas\\\/#primaryimage\"},\"thumbnailUrl\":\"https:\\\/\\\/jornalboasnoticias.com.br\\\/home\\\/wp-content\\\/uploads\\\/2025\\\/12\\\/1-1.jpg\",\"datePublished\":\"2025-12-10T14:33:41+00:00\",\"description\":\"Pastor \u00e9 condenado por \u201cestelionato religioso\u201d ap\u00f3s vender \u201ccuras milagrosas\u201d\",\"breadcrumb\":{\"@id\":\"https:\\\/\\\/jornalboasnoticias.com.br\\\/home\\\/pastor-e-condenado-por-estelionato-religioso-apos-vender-curas-milagrosas\\\/#breadcrumb\"},\"inLanguage\":\"pt-BR\",\"potentialAction\":[{\"@type\":\"ReadAction\",\"target\":[\"https:\\\/\\\/jornalboasnoticias.com.br\\\/home\\\/pastor-e-condenado-por-estelionato-religioso-apos-vender-curas-milagrosas\\\/\"]}]},{\"@type\":\"ImageObject\",\"inLanguage\":\"pt-BR\",\"@id\":\"https:\\\/\\\/jornalboasnoticias.com.br\\\/home\\\/pastor-e-condenado-por-estelionato-religioso-apos-vender-curas-milagrosas\\\/#primaryimage\",\"url\":\"https:\\\/\\\/jornalboasnoticias.com.br\\\/home\\\/wp-content\\\/uploads\\\/2025\\\/12\\\/1-1.jpg\",\"contentUrl\":\"https:\\\/\\\/jornalboasnoticias.com.br\\\/home\\\/wp-content\\\/uploads\\\/2025\\\/12\\\/1-1.jpg\",\"width\":984,\"height\":656,\"caption\":\"Pastor David Tonelli Mainarte. \u2014 Foto: Reprodu\u00e7\u00e3o\"},{\"@type\":\"BreadcrumbList\",\"@id\":\"https:\\\/\\\/jornalboasnoticias.com.br\\\/home\\\/pastor-e-condenado-por-estelionato-religioso-apos-vender-curas-milagrosas\\\/#breadcrumb\",\"itemListElement\":[{\"@type\":\"ListItem\",\"position\":1,\"name\":\"In\u00edcio\",\"item\":\"https:\\\/\\\/jornalboasnoticias.com.br\\\/home\\\/\"},{\"@type\":\"ListItem\",\"position\":2,\"name\":\"Pastor \u00e9 condenado por \u201cestelionato religioso\u201d ap\u00f3s vender \u201ccuras milagrosas\u201d\"}]},{\"@type\":\"WebSite\",\"@id\":\"https:\\\/\\\/jornalboasnoticias.com.br\\\/home\\\/#website\",\"url\":\"https:\\\/\\\/jornalboasnoticias.com.br\\\/home\\\/\",\"name\":\"Jornal Boas Not\u00edcias\",\"description\":\"Boas not\u00edcias\",\"publisher\":{\"@id\":\"https:\\\/\\\/jornalboasnoticias.com.br\\\/home\\\/#organization\"},\"potentialAction\":[{\"@type\":\"SearchAction\",\"target\":{\"@type\":\"EntryPoint\",\"urlTemplate\":\"https:\\\/\\\/jornalboasnoticias.com.br\\\/home\\\/?s={search_term_string}\"},\"query-input\":{\"@type\":\"PropertyValueSpecification\",\"valueRequired\":true,\"valueName\":\"search_term_string\"}}],\"inLanguage\":\"pt-BR\"},{\"@type\":\"Organization\",\"@id\":\"https:\\\/\\\/jornalboasnoticias.com.br\\\/home\\\/#organization\",\"name\":\"Coq Editora Ltda\",\"alternateName\":\"Jornal Boas Noticias\",\"url\":\"https:\\\/\\\/jornalboasnoticias.com.br\\\/home\\\/\",\"logo\":{\"@type\":\"ImageObject\",\"inLanguage\":\"pt-BR\",\"@id\":\"https:\\\/\\\/jornalboasnoticias.com.br\\\/home\\\/#\\\/schema\\\/logo\\\/image\\\/\",\"url\":\"https:\\\/\\\/jornalboasnoticias.com.br\\\/home\\\/wp-content\\\/uploads\\\/2024\\\/07\\\/cropped-logo.jpg\",\"contentUrl\":\"https:\\\/\\\/jornalboasnoticias.com.br\\\/home\\\/wp-content\\\/uploads\\\/2024\\\/07\\\/cropped-logo.jpg\",\"width\":290,\"height\":142,\"caption\":\"Coq Editora Ltda\"},\"image\":{\"@id\":\"https:\\\/\\\/jornalboasnoticias.com.br\\\/home\\\/#\\\/schema\\\/logo\\\/image\\\/\"},\"sameAs\":[\"https:\\\/\\\/www.facebook.com\\\/boasnoticiasjornal\"]},{\"@type\":\"Person\",\"@id\":\"https:\\\/\\\/jornalboasnoticias.com.br\\\/home\\\/#\\\/schema\\\/person\\\/75f9ebde398c998c166475fb446bda62\",\"name\":\"Luiz Carlos da Cruz\",\"image\":{\"@type\":\"ImageObject\",\"inLanguage\":\"pt-BR\",\"@id\":\"https:\\\/\\\/secure.gravatar.com\\\/avatar\\\/e6f4f45301b6cb8572f7b076572e8ac11c1db80e805d8c8d0858cf286ce3ac3b?s=96&d=mm&r=g\",\"url\":\"https:\\\/\\\/secure.gravatar.com\\\/avatar\\\/e6f4f45301b6cb8572f7b076572e8ac11c1db80e805d8c8d0858cf286ce3ac3b?s=96&d=mm&r=g\",\"contentUrl\":\"https:\\\/\\\/secure.gravatar.com\\\/avatar\\\/e6f4f45301b6cb8572f7b076572e8ac11c1db80e805d8c8d0858cf286ce3ac3b?s=96&d=mm&r=g\",\"caption\":\"Luiz Carlos da Cruz\"},\"url\":\"https:\\\/\\\/jornalboasnoticias.com.br\\\/home\\\/author\\\/luiz-carlos-da-cruz\\\/\"}]}<\/script>\n<!-- \/ Yoast SEO plugin. -->","yoast_head_json":{"title":"Pastor \u00e9 condenado por \u201cestelionato religioso\u201d ap\u00f3s vender \u201ccuras milagrosas\u201d - Jornal","description":"Pastor \u00e9 condenado por \u201cestelionato religioso\u201d ap\u00f3s vender \u201ccuras milagrosas\u201d","robots":{"index":"index","follow":"follow","max-snippet":"max-snippet:-1","max-image-preview":"max-image-preview:large","max-video-preview":"max-video-preview:-1"},"canonical":"https:\/\/jornalboasnoticias.com.br\/home\/pastor-e-condenado-por-estelionato-religioso-apos-vender-curas-milagrosas\/","og_locale":"pt_BR","og_type":"article","og_title":"Pastor \u00e9 condenado por \u201cestelionato religioso\u201d ap\u00f3s vender \u201ccuras milagrosas\u201d - Jornal","og_description":"Pastor \u00e9 condenado por \u201cestelionato religioso\u201d ap\u00f3s vender \u201ccuras milagrosas\u201d","og_url":"https:\/\/jornalboasnoticias.com.br\/home\/pastor-e-condenado-por-estelionato-religioso-apos-vender-curas-milagrosas\/","og_site_name":"Jornal","article_publisher":"https:\/\/www.facebook.com\/boasnoticiasjornal","article_published_time":"2025-12-10T14:33:41+00:00","og_image":[{"width":984,"height":656,"url":"https:\/\/jornalboasnoticias.com.br\/home\/wp-content\/uploads\/2025\/12\/1-1.jpg","type":"image\/jpeg"}],"author":"Luiz Carlos da Cruz","twitter_card":"summary_large_image","twitter_misc":{"Escrito por":"Luiz Carlos da Cruz","Est. tempo de leitura":"3 minutos"},"schema":{"@context":"https:\/\/schema.org","@graph":[{"@type":"Article","@id":"https:\/\/jornalboasnoticias.com.br\/home\/pastor-e-condenado-por-estelionato-religioso-apos-vender-curas-milagrosas\/#article","isPartOf":{"@id":"https:\/\/jornalboasnoticias.com.br\/home\/pastor-e-condenado-por-estelionato-religioso-apos-vender-curas-milagrosas\/"},"author":{"name":"Luiz Carlos da Cruz","@id":"https:\/\/jornalboasnoticias.com.br\/home\/#\/schema\/person\/75f9ebde398c998c166475fb446bda62"},"headline":"Pastor \u00e9 condenado por \u201cestelionato religioso\u201d ap\u00f3s vender \u201ccuras milagrosas\u201d","datePublished":"2025-12-10T14:33:41+00:00","mainEntityOfPage":{"@id":"https:\/\/jornalboasnoticias.com.br\/home\/pastor-e-condenado-por-estelionato-religioso-apos-vender-curas-milagrosas\/"},"wordCount":398,"commentCount":0,"publisher":{"@id":"https:\/\/jornalboasnoticias.com.br\/home\/#organization"},"image":{"@id":"https:\/\/jornalboasnoticias.com.br\/home\/pastor-e-condenado-por-estelionato-religioso-apos-vender-curas-milagrosas\/#primaryimage"},"thumbnailUrl":"https:\/\/jornalboasnoticias.com.br\/home\/wp-content\/uploads\/2025\/12\/1-1.jpg","articleSection":["BRASIL","DESTAQUE"],"inLanguage":"pt-BR","potentialAction":[{"@type":"CommentAction","name":"Comment","target":["https:\/\/jornalboasnoticias.com.br\/home\/pastor-e-condenado-por-estelionato-religioso-apos-vender-curas-milagrosas\/#respond"]}]},{"@type":"WebPage","@id":"https:\/\/jornalboasnoticias.com.br\/home\/pastor-e-condenado-por-estelionato-religioso-apos-vender-curas-milagrosas\/","url":"https:\/\/jornalboasnoticias.com.br\/home\/pastor-e-condenado-por-estelionato-religioso-apos-vender-curas-milagrosas\/","name":"Pastor \u00e9 condenado por \u201cestelionato religioso\u201d ap\u00f3s vender \u201ccuras milagrosas\u201d - Jornal","isPartOf":{"@id":"https:\/\/jornalboasnoticias.com.br\/home\/#website"},"primaryImageOfPage":{"@id":"https:\/\/jornalboasnoticias.com.br\/home\/pastor-e-condenado-por-estelionato-religioso-apos-vender-curas-milagrosas\/#primaryimage"},"image":{"@id":"https:\/\/jornalboasnoticias.com.br\/home\/pastor-e-condenado-por-estelionato-religioso-apos-vender-curas-milagrosas\/#primaryimage"},"thumbnailUrl":"https:\/\/jornalboasnoticias.com.br\/home\/wp-content\/uploads\/2025\/12\/1-1.jpg","datePublished":"2025-12-10T14:33:41+00:00","description":"Pastor \u00e9 condenado por \u201cestelionato religioso\u201d ap\u00f3s vender \u201ccuras milagrosas\u201d","breadcrumb":{"@id":"https:\/\/jornalboasnoticias.com.br\/home\/pastor-e-condenado-por-estelionato-religioso-apos-vender-curas-milagrosas\/#breadcrumb"},"inLanguage":"pt-BR","potentialAction":[{"@type":"ReadAction","target":["https:\/\/jornalboasnoticias.com.br\/home\/pastor-e-condenado-por-estelionato-religioso-apos-vender-curas-milagrosas\/"]}]},{"@type":"ImageObject","inLanguage":"pt-BR","@id":"https:\/\/jornalboasnoticias.com.br\/home\/pastor-e-condenado-por-estelionato-religioso-apos-vender-curas-milagrosas\/#primaryimage","url":"https:\/\/jornalboasnoticias.com.br\/home\/wp-content\/uploads\/2025\/12\/1-1.jpg","contentUrl":"https:\/\/jornalboasnoticias.com.br\/home\/wp-content\/uploads\/2025\/12\/1-1.jpg","width":984,"height":656,"caption":"Pastor David Tonelli Mainarte. \u2014 Foto: Reprodu\u00e7\u00e3o"},{"@type":"BreadcrumbList","@id":"https:\/\/jornalboasnoticias.com.br\/home\/pastor-e-condenado-por-estelionato-religioso-apos-vender-curas-milagrosas\/#breadcrumb","itemListElement":[{"@type":"ListItem","position":1,"name":"In\u00edcio","item":"https:\/\/jornalboasnoticias.com.br\/home\/"},{"@type":"ListItem","position":2,"name":"Pastor \u00e9 condenado por \u201cestelionato religioso\u201d ap\u00f3s vender \u201ccuras milagrosas\u201d"}]},{"@type":"WebSite","@id":"https:\/\/jornalboasnoticias.com.br\/home\/#website","url":"https:\/\/jornalboasnoticias.com.br\/home\/","name":"Jornal Boas Not\u00edcias","description":"Boas not\u00edcias","publisher":{"@id":"https:\/\/jornalboasnoticias.com.br\/home\/#organization"},"potentialAction":[{"@type":"SearchAction","target":{"@type":"EntryPoint","urlTemplate":"https:\/\/jornalboasnoticias.com.br\/home\/?s={search_term_string}"},"query-input":{"@type":"PropertyValueSpecification","valueRequired":true,"valueName":"search_term_string"}}],"inLanguage":"pt-BR"},{"@type":"Organization","@id":"https:\/\/jornalboasnoticias.com.br\/home\/#organization","name":"Coq Editora Ltda","alternateName":"Jornal Boas Noticias","url":"https:\/\/jornalboasnoticias.com.br\/home\/","logo":{"@type":"ImageObject","inLanguage":"pt-BR","@id":"https:\/\/jornalboasnoticias.com.br\/home\/#\/schema\/logo\/image\/","url":"https:\/\/jornalboasnoticias.com.br\/home\/wp-content\/uploads\/2024\/07\/cropped-logo.jpg","contentUrl":"https:\/\/jornalboasnoticias.com.br\/home\/wp-content\/uploads\/2024\/07\/cropped-logo.jpg","width":290,"height":142,"caption":"Coq Editora Ltda"},"image":{"@id":"https:\/\/jornalboasnoticias.com.br\/home\/#\/schema\/logo\/image\/"},"sameAs":["https:\/\/www.facebook.com\/boasnoticiasjornal"]},{"@type":"Person","@id":"https:\/\/jornalboasnoticias.com.br\/home\/#\/schema\/person\/75f9ebde398c998c166475fb446bda62","name":"Luiz Carlos da Cruz","image":{"@type":"ImageObject","inLanguage":"pt-BR","@id":"https:\/\/secure.gravatar.com\/avatar\/e6f4f45301b6cb8572f7b076572e8ac11c1db80e805d8c8d0858cf286ce3ac3b?s=96&d=mm&r=g","url":"https:\/\/secure.gravatar.com\/avatar\/e6f4f45301b6cb8572f7b076572e8ac11c1db80e805d8c8d0858cf286ce3ac3b?s=96&d=mm&r=g","contentUrl":"https:\/\/secure.gravatar.com\/avatar\/e6f4f45301b6cb8572f7b076572e8ac11c1db80e805d8c8d0858cf286ce3ac3b?s=96&d=mm&r=g","caption":"Luiz Carlos da Cruz"},"url":"https:\/\/jornalboasnoticias.com.br\/home\/author\/luiz-carlos-da-cruz\/"}]}},"_links":{"self":[{"href":"https:\/\/jornalboasnoticias.com.br\/home\/wp-json\/wp\/v2\/posts\/46823","targetHints":{"allow":["GET"]}}],"collection":[{"href":"https:\/\/jornalboasnoticias.com.br\/home\/wp-json\/wp\/v2\/posts"}],"about":[{"href":"https:\/\/jornalboasnoticias.com.br\/home\/wp-json\/wp\/v2\/types\/post"}],"author":[{"embeddable":true,"href":"https:\/\/jornalboasnoticias.com.br\/home\/wp-json\/wp\/v2\/users\/3"}],"replies":[{"embeddable":true,"href":"https:\/\/jornalboasnoticias.com.br\/home\/wp-json\/wp\/v2\/comments?post=46823"}],"version-history":[{"count":1,"href":"https:\/\/jornalboasnoticias.com.br\/home\/wp-json\/wp\/v2\/posts\/46823\/revisions"}],"predecessor-version":[{"id":46825,"href":"https:\/\/jornalboasnoticias.com.br\/home\/wp-json\/wp\/v2\/posts\/46823\/revisions\/46825"}],"wp:featuredmedia":[{"embeddable":true,"href":"https:\/\/jornalboasnoticias.com.br\/home\/wp-json\/wp\/v2\/media\/46824"}],"wp:attachment":[{"href":"https:\/\/jornalboasnoticias.com.br\/home\/wp-json\/wp\/v2\/media?parent=46823"}],"wp:term":[{"taxonomy":"category","embeddable":true,"href":"https:\/\/jornalboasnoticias.com.br\/home\/wp-json\/wp\/v2\/categories?post=46823"},{"taxonomy":"post_tag","embeddable":true,"href":"https:\/\/jornalboasnoticias.com.br\/home\/wp-json\/wp\/v2\/tags?post=46823"}],"curies":[{"name":"wp","href":"https:\/\/api.w.org\/{rel}","templated":true}]}}