{"id":46820,"date":"2025-12-10T14:22:31","date_gmt":"2025-12-10T14:22:31","guid":{"rendered":"https:\/\/jornalboasnoticias.com.br\/home\/?p=46820"},"modified":"2025-12-10T14:22:31","modified_gmt":"2025-12-10T14:22:31","slug":"ciclone-no-rs-provoca-ventos-constantes-e-rajadas-fortes-no-parana-nesta-quarta","status":"publish","type":"post","link":"https:\/\/jornalboasnoticias.com.br\/home\/ciclone-no-rs-provoca-ventos-constantes-e-rajadas-fortes-no-parana-nesta-quarta\/","title":{"rendered":"Ciclone no RS provoca ventos constantes e rajadas fortes no Paran\u00e1 nesta quarta"},"content":{"rendered":"<blockquote>\n<p style=\"text-align: center;\">Mesmo n\u00e3o passando sobre o Paran\u00e1, o ciclone impactou a condi\u00e7\u00e3o do tempo trazendo chuvas volumosas entre segunda e ter\u00e7a-feira e vento no Paran\u00e1. Em Curitiba, a esta\u00e7\u00e3o meteorol\u00f3gica da prefeitura registrou 72 km\/h \u00e0s 8h50. As esta\u00e7\u00f5es do Simepar marcaram valores acima de 60 km\/h em outras seis regi\u00f5es.<\/p>\n<\/blockquote>\n<figure id=\"attachment_46821\" aria-describedby=\"caption-attachment-46821\" style=\"width: 1000px\" class=\"wp-caption alignnone\"><img loading=\"lazy\" decoding=\"async\" class=\"size-full wp-image-46821\" src=\"https:\/\/jornalboasnoticias.com.br\/home\/wp-content\/uploads\/2025\/12\/nuvem_chuva0009-scaled-e1765376525714.jpg\" alt=\"\" width=\"1000\" height=\"667\" \/><figcaption id=\"caption-attachment-46821\" class=\"wp-caption-text\">Foto: Gilson Abreu\/AEN<\/figcaption><\/figure>\n<p>Enquanto o vento \u00e9 um movimento cont\u00ednuo do ar, as rajadas s\u00e3o aumentos repentinos da velocidade do ar, por curto espa\u00e7o de tempo. As duas condi\u00e7\u00f5es tiveram aumento da velocidade desde a madrugada desta quarta-feira (10) em quase todas as regi\u00f5es do Paran\u00e1, de acordo com o Sistema de Tecnologia e Monitoramento Ambiental do Paran\u00e1 (Simepar).<\/p>\n<p>A causa dos ventos fortes \u00e9 o ciclone extratropical, que se formou no Rio Grande do Sul e j\u00e1 chegou ao Litoral ga\u00facho. Mesmo n\u00e3o passando sobre o Paran\u00e1, ele impactou a condi\u00e7\u00e3o do tempo trazendo chuvas volumosas entre segunda e ter\u00e7a-feira, e o vento nesta quarta.<\/p>\n<p>Desde dia 1\u00ba de dezembro a velocidade m\u00e9dia dos ventos em Curitiba ficou entre 6 km\/h e 9 km\/h. Nesta quarta-feira, at\u00e9 as 8h, os ventos constantes estavam entre 12 km\/h e 26 km\/h. Em Paranagu\u00e1, at\u00e9 ter\u00e7a-feira (09) a velocidade m\u00e9dia n\u00e3o tinha passado de 9 km\/h em dezembro, e nesta quarta, ap\u00f3s as 5h, j\u00e1 estava entre 9 km\/h e 18 km\/h.<\/p>\n<p>Em Pato Branco a velocidade m\u00e9dia dos ventos em dezembro n\u00e3o tinha passado de 12 km\/h at\u00e9 ter\u00e7a, e nesta quarta j\u00e1 est\u00e1 entre 14 km\/h e 22 km\/h. Em Maring\u00e1, onde a velocidade m\u00e9dia neste m\u00eas chegou a 11,9 km\/h at\u00e9 ter\u00e7a, alcan\u00e7ou entre 10,8 km\/h e 24,8 km\/h.<\/p>\n<p>No Oeste a diferen\u00e7a \u00e9 menor, mas tamb\u00e9m percept\u00edvel: desde o dia 1\u00ba a velocidade m\u00e9dia dos ventos em Cascavel n\u00e3o tinha ultrapassado de 16,5 km\/h, e nesta quarta-feira j\u00e1 teve picos de 17,6 km\/h.<\/p>\n<p>As rajadas at\u00e9 as 9h desta quarta-feira tamb\u00e9m tiveram destaque. Em Curitiba, a esta\u00e7\u00e3o meteorol\u00f3gica da prefeitura no bairro Boqueir\u00e3o registrou 72 km\/h \u00e0s 8h50. As esta\u00e7\u00f5es meteorol\u00f3gicas do Simepar mostraram valores acima de 60 km\/h no mesmo per\u00edodo em outras seis regi\u00f5es.<\/p>\n<p>Entre elas est\u00e3o Fazenda Rio Grande (60,5 km\/h \u00e0s 8h45), a esta\u00e7\u00e3o de General Carneiro inaugurada este m\u00eas (73 km\/h \u00e0s 7h15), Laranjeiras do Sul (63 km\/h \u00e0s 8h30), Distrito de Horizonte, em Palmas (63,7 km\/h \u00e0s 7h), Santa Maria do Oeste (77,4 km\/h \u00e0s 7h). O maior valor foi registrado no alto da montanha, na nova esta\u00e7\u00e3o Marumbi Pico: 126,7 km\/h \u00e0s 8h15.<\/p>\n<h2><strong>CICLONE<\/strong><\/h2>\n<p>Segundo Lizandro Jac\u00f3bsen, meteorologista do Simepar, o\u00a0ciclone atua sobre a costa litor\u00e2nea ga\u00facha, e provoca rajadas de vento de quase 100 km\/h nesta quarta. &#8220;Especialmente nas cidades portu\u00e1rias teremos um pouco mais de problemas, em fun\u00e7\u00e3o do mar mais agitado, e as rajadas de vento dificultam a navega\u00e7\u00e3o\u201d, explica.<\/p>\n<p>Apesar do vento, o tempo fica mais abafado no Noroeste, com temperaturas muito pr\u00f3ximas aos 30\u00b0C na regi\u00e3o de Loanda. As m\u00e1ximas chegam aos 29\u00b0C em Paranava\u00ed e Umuarama, 27\u00b0C em Maring\u00e1 e Londrina, e 28\u00b0C em Cambar\u00e1. No Oeste, 26\u00b0C em Cascavel, 27\u00b0C em Foz do Igua\u00e7u. No Sudoeste, 24\u00b0C em Francisco Beltr\u00e3o e 23\u00b0C em Pato Branco.<\/p>\n<p>\u201cEm parte do Sudoeste, na \u00e1rea de divisa com Santa Catarina at\u00e9 o Centro-Sul, em Guarapuava, Palmas e General Carneiro, pode ter alguma pancada r\u00e1pida de chuva ao longo do dia, mas bem localizada, e por isso a temperatura n\u00e3o sobe muito. Em Guarapuava a previs\u00e3o \u00e9 de 21\u00b0C de temperatura m\u00e1xima\u201d, ressalta Jac\u00f3bsen.<\/p>\n<p>Palmas amanheceu com 14,1\u00b0C, e as temperaturas n\u00e3o passar\u00e3o dos 19\u00b0C. Entre os Campos Gerais e a Regi\u00e3o Metropolitana de Curitiba, as m\u00e1ximas n\u00e3o devem ultrapassar os 24\u00b0C.<\/p>\n<h2><strong>NO MAR <\/strong><\/h2>\n<p>Nesta quinta-feira (11), a dire\u00e7\u00e3o dos ventos muda, deixa de ser forte e constante no continente e causar\u00e1 impactos no mar. \u201cO vento n\u00e3o ser\u00e1 de sudoeste e oeste como nesta quarta-feira, mas sim de sul e sudeste, o que deixa o mar mais agitado na regi\u00e3o litor\u00e2nea do Paran\u00e1. Inclusive, poderemos ter algumas ondas mais altas que prejudicam tamb\u00e9m a navega\u00e7\u00e3o no Porto de Paranagu\u00e1\u201d, detalha o meteorologista.<\/p>\n<div class=\"row\">\n<div class=\"col-sm-8 col-md-offset-1 bloco-central\">\n<article class=\"node node--type-noticia node--promoted node--view-mode-full clearfix\" role=\"article\" data-history-node-id=\"79661\">\n<div class=\"node__content clearfix\">\n<div class=\"field field--name-field-texto field--type-text-long field--label-hidden field--item\">\n<h2><strong>CHUVA <\/strong><\/h2>\n<p>O ciclone tamb\u00e9m causou acumulados de chuva hist\u00f3ricos no Paran\u00e1. A segunda-feira (08) foi o dia com o maior acumulado de 2025 em Loanda (59,6 mm), e ter\u00e7a-feira (09) foi o dia com o maior acumulado deste ano em Londrina (85 mm).<\/p>\n<p>Ainda na segunda-feira (08) os maiores acumulados de chuva no Paran\u00e1 registrados pelas esta\u00e7\u00f5es meteorol\u00f3gicas do Simepar foram em Alt\u00f4nia (97 mm), Toledo (89,2 mm), Santa Helena (89 mm), e Gua\u00edra (85,6 mm). J\u00e1 na ter\u00e7a-feira (09), os maiores acumulados de chuva, al\u00e9m de Londrina, foram em Corn\u00e9lio Proc\u00f3pio (87,6 mm) e Apucarana (84,2 mm).<\/p>\n<p>Nesta quinta-feira, a intensidade do ciclone diminui significativamente, com redu\u00e7\u00e3o da velocidade dos ventos e possibilidade de pancadas r\u00e1pidas de chuva apenas no Oeste &#8211; predom\u00ednio de sol na maior parte do Estado. Na sexta-feira (12), o ciclone n\u00e3o ter\u00e1 mais influ\u00eancia sobre o tempo no Paran\u00e1, mas um novo sistema de baixa press\u00e3o se forma sobre o Paraguai, favorecendo novamente a forma\u00e7\u00e3o de temporais, que podem ser localmente severos principalmente no Oeste e Noroeste do Estado.<\/p>\n<p>O Simepar segue monitorando as condi\u00e7\u00f5es do tempo e orienta a popula\u00e7\u00e3o a acompanhar os alertas emitidos pela Defesa Civil. Basta enviar um SMS para o telefone 40199 com o CEP de sua resid\u00eancia, para receber as informa\u00e7\u00f5es.<\/p>\n<p><em>Ag\u00eancia Estadual de Not\u00edcias<\/em><\/p>\n<\/div>\n<\/div>\n<\/article>\n<\/div>\n<\/div>\n","protected":false},"excerpt":{"rendered":"<p>Mesmo n\u00e3o passando sobre o Paran\u00e1, o ciclone impactou a condi\u00e7\u00e3o do tempo trazendo chuvas<\/p>\n","protected":false},"author":3,"featured_media":46821,"comment_status":"open","ping_status":"open","sticky":false,"template":"","format":"standard","meta":{"footnotes":""},"categories":[3,4],"tags":[],"class_list":["post-46820","post","type-post","status-publish","format-standard","has-post-thumbnail","hentry","category-destaques","category-parana"],"yoast_head":"<!-- This site is optimized with the Yoast SEO plugin v27.5 - https:\/\/yoast.com\/product\/yoast-seo-wordpress\/ -->\n<title>Ciclone no RS provoca ventos constantes e rajadas fortes no Paran\u00e1 nesta quarta - Jornal<\/title>\n<meta name=\"description\" content=\"Ciclone no RS provoca ventos constantes e rajadas fortes no Paran\u00e1 nesta quarta\" \/>\n<meta name=\"robots\" content=\"index, follow, max-snippet:-1, max-image-preview:large, max-video-preview:-1\" \/>\n<link rel=\"canonical\" href=\"https:\/\/jornalboasnoticias.com.br\/home\/ciclone-no-rs-provoca-ventos-constantes-e-rajadas-fortes-no-parana-nesta-quarta\/\" \/>\n<meta property=\"og:locale\" content=\"pt_BR\" \/>\n<meta property=\"og:type\" content=\"article\" \/>\n<meta property=\"og:title\" content=\"Ciclone no RS provoca ventos constantes e rajadas fortes no Paran\u00e1 nesta quarta - Jornal\" \/>\n<meta property=\"og:description\" content=\"Ciclone no RS provoca ventos constantes e rajadas fortes no Paran\u00e1 nesta quarta\" \/>\n<meta property=\"og:url\" content=\"https:\/\/jornalboasnoticias.com.br\/home\/ciclone-no-rs-provoca-ventos-constantes-e-rajadas-fortes-no-parana-nesta-quarta\/\" \/>\n<meta property=\"og:site_name\" content=\"Jornal\" \/>\n<meta property=\"article:publisher\" content=\"https:\/\/www.facebook.com\/boasnoticiasjornal\" \/>\n<meta property=\"article:published_time\" content=\"2025-12-10T14:22:31+00:00\" \/>\n<meta property=\"og:image\" content=\"https:\/\/jornalboasnoticias.com.br\/home\/wp-content\/uploads\/2025\/12\/nuvem_chuva0009-scaled-e1765376525714.jpg\" \/>\n\t<meta property=\"og:image:width\" content=\"1000\" \/>\n\t<meta property=\"og:image:height\" content=\"667\" \/>\n\t<meta property=\"og:image:type\" content=\"image\/jpeg\" \/>\n<meta name=\"author\" content=\"Luiz Carlos da Cruz\" \/>\n<meta name=\"twitter:card\" content=\"summary_large_image\" \/>\n<meta name=\"twitter:label1\" content=\"Escrito por\" \/>\n\t<meta name=\"twitter:data1\" content=\"Luiz Carlos da Cruz\" \/>\n\t<meta name=\"twitter:label2\" content=\"Est. tempo de leitura\" \/>\n\t<meta name=\"twitter:data2\" content=\"6 minutos\" \/>\n<script type=\"application\/ld+json\" class=\"yoast-schema-graph\">{\"@context\":\"https:\\\/\\\/schema.org\",\"@graph\":[{\"@type\":\"Article\",\"@id\":\"https:\\\/\\\/jornalboasnoticias.com.br\\\/home\\\/ciclone-no-rs-provoca-ventos-constantes-e-rajadas-fortes-no-parana-nesta-quarta\\\/#article\",\"isPartOf\":{\"@id\":\"https:\\\/\\\/jornalboasnoticias.com.br\\\/home\\\/ciclone-no-rs-provoca-ventos-constantes-e-rajadas-fortes-no-parana-nesta-quarta\\\/\"},\"author\":{\"name\":\"Luiz Carlos da Cruz\",\"@id\":\"https:\\\/\\\/jornalboasnoticias.com.br\\\/home\\\/#\\\/schema\\\/person\\\/75f9ebde398c998c166475fb446bda62\"},\"headline\":\"Ciclone no RS provoca ventos constantes e rajadas fortes no Paran\u00e1 nesta quarta\",\"datePublished\":\"2025-12-10T14:22:31+00:00\",\"mainEntityOfPage\":{\"@id\":\"https:\\\/\\\/jornalboasnoticias.com.br\\\/home\\\/ciclone-no-rs-provoca-ventos-constantes-e-rajadas-fortes-no-parana-nesta-quarta\\\/\"},\"wordCount\":985,\"commentCount\":0,\"publisher\":{\"@id\":\"https:\\\/\\\/jornalboasnoticias.com.br\\\/home\\\/#organization\"},\"image\":{\"@id\":\"https:\\\/\\\/jornalboasnoticias.com.br\\\/home\\\/ciclone-no-rs-provoca-ventos-constantes-e-rajadas-fortes-no-parana-nesta-quarta\\\/#primaryimage\"},\"thumbnailUrl\":\"https:\\\/\\\/jornalboasnoticias.com.br\\\/home\\\/wp-content\\\/uploads\\\/2025\\\/12\\\/nuvem_chuva0009-scaled-e1765376525714.jpg\",\"articleSection\":[\"DESTAQUE\",\"PARAN\u00c1\"],\"inLanguage\":\"pt-BR\",\"potentialAction\":[{\"@type\":\"CommentAction\",\"name\":\"Comment\",\"target\":[\"https:\\\/\\\/jornalboasnoticias.com.br\\\/home\\\/ciclone-no-rs-provoca-ventos-constantes-e-rajadas-fortes-no-parana-nesta-quarta\\\/#respond\"]}]},{\"@type\":\"WebPage\",\"@id\":\"https:\\\/\\\/jornalboasnoticias.com.br\\\/home\\\/ciclone-no-rs-provoca-ventos-constantes-e-rajadas-fortes-no-parana-nesta-quarta\\\/\",\"url\":\"https:\\\/\\\/jornalboasnoticias.com.br\\\/home\\\/ciclone-no-rs-provoca-ventos-constantes-e-rajadas-fortes-no-parana-nesta-quarta\\\/\",\"name\":\"Ciclone no RS provoca ventos constantes e rajadas fortes no Paran\u00e1 nesta quarta - Jornal\",\"isPartOf\":{\"@id\":\"https:\\\/\\\/jornalboasnoticias.com.br\\\/home\\\/#website\"},\"primaryImageOfPage\":{\"@id\":\"https:\\\/\\\/jornalboasnoticias.com.br\\\/home\\\/ciclone-no-rs-provoca-ventos-constantes-e-rajadas-fortes-no-parana-nesta-quarta\\\/#primaryimage\"},\"image\":{\"@id\":\"https:\\\/\\\/jornalboasnoticias.com.br\\\/home\\\/ciclone-no-rs-provoca-ventos-constantes-e-rajadas-fortes-no-parana-nesta-quarta\\\/#primaryimage\"},\"thumbnailUrl\":\"https:\\\/\\\/jornalboasnoticias.com.br\\\/home\\\/wp-content\\\/uploads\\\/2025\\\/12\\\/nuvem_chuva0009-scaled-e1765376525714.jpg\",\"datePublished\":\"2025-12-10T14:22:31+00:00\",\"description\":\"Ciclone no RS provoca ventos constantes e rajadas fortes no Paran\u00e1 nesta quarta\",\"breadcrumb\":{\"@id\":\"https:\\\/\\\/jornalboasnoticias.com.br\\\/home\\\/ciclone-no-rs-provoca-ventos-constantes-e-rajadas-fortes-no-parana-nesta-quarta\\\/#breadcrumb\"},\"inLanguage\":\"pt-BR\",\"potentialAction\":[{\"@type\":\"ReadAction\",\"target\":[\"https:\\\/\\\/jornalboasnoticias.com.br\\\/home\\\/ciclone-no-rs-provoca-ventos-constantes-e-rajadas-fortes-no-parana-nesta-quarta\\\/\"]}]},{\"@type\":\"ImageObject\",\"inLanguage\":\"pt-BR\",\"@id\":\"https:\\\/\\\/jornalboasnoticias.com.br\\\/home\\\/ciclone-no-rs-provoca-ventos-constantes-e-rajadas-fortes-no-parana-nesta-quarta\\\/#primaryimage\",\"url\":\"https:\\\/\\\/jornalboasnoticias.com.br\\\/home\\\/wp-content\\\/uploads\\\/2025\\\/12\\\/nuvem_chuva0009-scaled-e1765376525714.jpg\",\"contentUrl\":\"https:\\\/\\\/jornalboasnoticias.com.br\\\/home\\\/wp-content\\\/uploads\\\/2025\\\/12\\\/nuvem_chuva0009-scaled-e1765376525714.jpg\",\"width\":1000,\"height\":667,\"caption\":\"Foto: Gilson Abreu\\\/AEN\"},{\"@type\":\"BreadcrumbList\",\"@id\":\"https:\\\/\\\/jornalboasnoticias.com.br\\\/home\\\/ciclone-no-rs-provoca-ventos-constantes-e-rajadas-fortes-no-parana-nesta-quarta\\\/#breadcrumb\",\"itemListElement\":[{\"@type\":\"ListItem\",\"position\":1,\"name\":\"In\u00edcio\",\"item\":\"https:\\\/\\\/jornalboasnoticias.com.br\\\/home\\\/\"},{\"@type\":\"ListItem\",\"position\":2,\"name\":\"Ciclone no RS provoca ventos constantes e rajadas fortes no Paran\u00e1 nesta quarta\"}]},{\"@type\":\"WebSite\",\"@id\":\"https:\\\/\\\/jornalboasnoticias.com.br\\\/home\\\/#website\",\"url\":\"https:\\\/\\\/jornalboasnoticias.com.br\\\/home\\\/\",\"name\":\"Jornal Boas Not\u00edcias\",\"description\":\"Boas not\u00edcias\",\"publisher\":{\"@id\":\"https:\\\/\\\/jornalboasnoticias.com.br\\\/home\\\/#organization\"},\"potentialAction\":[{\"@type\":\"SearchAction\",\"target\":{\"@type\":\"EntryPoint\",\"urlTemplate\":\"https:\\\/\\\/jornalboasnoticias.com.br\\\/home\\\/?s={search_term_string}\"},\"query-input\":{\"@type\":\"PropertyValueSpecification\",\"valueRequired\":true,\"valueName\":\"search_term_string\"}}],\"inLanguage\":\"pt-BR\"},{\"@type\":\"Organization\",\"@id\":\"https:\\\/\\\/jornalboasnoticias.com.br\\\/home\\\/#organization\",\"name\":\"Coq Editora Ltda\",\"alternateName\":\"Jornal Boas Noticias\",\"url\":\"https:\\\/\\\/jornalboasnoticias.com.br\\\/home\\\/\",\"logo\":{\"@type\":\"ImageObject\",\"inLanguage\":\"pt-BR\",\"@id\":\"https:\\\/\\\/jornalboasnoticias.com.br\\\/home\\\/#\\\/schema\\\/logo\\\/image\\\/\",\"url\":\"https:\\\/\\\/jornalboasnoticias.com.br\\\/home\\\/wp-content\\\/uploads\\\/2024\\\/07\\\/cropped-logo.jpg\",\"contentUrl\":\"https:\\\/\\\/jornalboasnoticias.com.br\\\/home\\\/wp-content\\\/uploads\\\/2024\\\/07\\\/cropped-logo.jpg\",\"width\":290,\"height\":142,\"caption\":\"Coq Editora Ltda\"},\"image\":{\"@id\":\"https:\\\/\\\/jornalboasnoticias.com.br\\\/home\\\/#\\\/schema\\\/logo\\\/image\\\/\"},\"sameAs\":[\"https:\\\/\\\/www.facebook.com\\\/boasnoticiasjornal\"]},{\"@type\":\"Person\",\"@id\":\"https:\\\/\\\/jornalboasnoticias.com.br\\\/home\\\/#\\\/schema\\\/person\\\/75f9ebde398c998c166475fb446bda62\",\"name\":\"Luiz Carlos da Cruz\",\"image\":{\"@type\":\"ImageObject\",\"inLanguage\":\"pt-BR\",\"@id\":\"https:\\\/\\\/secure.gravatar.com\\\/avatar\\\/e6f4f45301b6cb8572f7b076572e8ac11c1db80e805d8c8d0858cf286ce3ac3b?s=96&d=mm&r=g\",\"url\":\"https:\\\/\\\/secure.gravatar.com\\\/avatar\\\/e6f4f45301b6cb8572f7b076572e8ac11c1db80e805d8c8d0858cf286ce3ac3b?s=96&d=mm&r=g\",\"contentUrl\":\"https:\\\/\\\/secure.gravatar.com\\\/avatar\\\/e6f4f45301b6cb8572f7b076572e8ac11c1db80e805d8c8d0858cf286ce3ac3b?s=96&d=mm&r=g\",\"caption\":\"Luiz Carlos da Cruz\"},\"url\":\"https:\\\/\\\/jornalboasnoticias.com.br\\\/home\\\/author\\\/luiz-carlos-da-cruz\\\/\"}]}<\/script>\n<!-- \/ Yoast SEO plugin. -->","yoast_head_json":{"title":"Ciclone no RS provoca ventos constantes e rajadas fortes no Paran\u00e1 nesta quarta - Jornal","description":"Ciclone no RS provoca ventos constantes e rajadas fortes no Paran\u00e1 nesta quarta","robots":{"index":"index","follow":"follow","max-snippet":"max-snippet:-1","max-image-preview":"max-image-preview:large","max-video-preview":"max-video-preview:-1"},"canonical":"https:\/\/jornalboasnoticias.com.br\/home\/ciclone-no-rs-provoca-ventos-constantes-e-rajadas-fortes-no-parana-nesta-quarta\/","og_locale":"pt_BR","og_type":"article","og_title":"Ciclone no RS provoca ventos constantes e rajadas fortes no Paran\u00e1 nesta quarta - Jornal","og_description":"Ciclone no RS provoca ventos constantes e rajadas fortes no Paran\u00e1 nesta quarta","og_url":"https:\/\/jornalboasnoticias.com.br\/home\/ciclone-no-rs-provoca-ventos-constantes-e-rajadas-fortes-no-parana-nesta-quarta\/","og_site_name":"Jornal","article_publisher":"https:\/\/www.facebook.com\/boasnoticiasjornal","article_published_time":"2025-12-10T14:22:31+00:00","og_image":[{"width":1000,"height":667,"url":"https:\/\/jornalboasnoticias.com.br\/home\/wp-content\/uploads\/2025\/12\/nuvem_chuva0009-scaled-e1765376525714.jpg","type":"image\/jpeg"}],"author":"Luiz Carlos da Cruz","twitter_card":"summary_large_image","twitter_misc":{"Escrito por":"Luiz Carlos da Cruz","Est. tempo de leitura":"6 minutos"},"schema":{"@context":"https:\/\/schema.org","@graph":[{"@type":"Article","@id":"https:\/\/jornalboasnoticias.com.br\/home\/ciclone-no-rs-provoca-ventos-constantes-e-rajadas-fortes-no-parana-nesta-quarta\/#article","isPartOf":{"@id":"https:\/\/jornalboasnoticias.com.br\/home\/ciclone-no-rs-provoca-ventos-constantes-e-rajadas-fortes-no-parana-nesta-quarta\/"},"author":{"name":"Luiz Carlos da Cruz","@id":"https:\/\/jornalboasnoticias.com.br\/home\/#\/schema\/person\/75f9ebde398c998c166475fb446bda62"},"headline":"Ciclone no RS provoca ventos constantes e rajadas fortes no Paran\u00e1 nesta quarta","datePublished":"2025-12-10T14:22:31+00:00","mainEntityOfPage":{"@id":"https:\/\/jornalboasnoticias.com.br\/home\/ciclone-no-rs-provoca-ventos-constantes-e-rajadas-fortes-no-parana-nesta-quarta\/"},"wordCount":985,"commentCount":0,"publisher":{"@id":"https:\/\/jornalboasnoticias.com.br\/home\/#organization"},"image":{"@id":"https:\/\/jornalboasnoticias.com.br\/home\/ciclone-no-rs-provoca-ventos-constantes-e-rajadas-fortes-no-parana-nesta-quarta\/#primaryimage"},"thumbnailUrl":"https:\/\/jornalboasnoticias.com.br\/home\/wp-content\/uploads\/2025\/12\/nuvem_chuva0009-scaled-e1765376525714.jpg","articleSection":["DESTAQUE","PARAN\u00c1"],"inLanguage":"pt-BR","potentialAction":[{"@type":"CommentAction","name":"Comment","target":["https:\/\/jornalboasnoticias.com.br\/home\/ciclone-no-rs-provoca-ventos-constantes-e-rajadas-fortes-no-parana-nesta-quarta\/#respond"]}]},{"@type":"WebPage","@id":"https:\/\/jornalboasnoticias.com.br\/home\/ciclone-no-rs-provoca-ventos-constantes-e-rajadas-fortes-no-parana-nesta-quarta\/","url":"https:\/\/jornalboasnoticias.com.br\/home\/ciclone-no-rs-provoca-ventos-constantes-e-rajadas-fortes-no-parana-nesta-quarta\/","name":"Ciclone no RS provoca ventos constantes e rajadas fortes no Paran\u00e1 nesta quarta - Jornal","isPartOf":{"@id":"https:\/\/jornalboasnoticias.com.br\/home\/#website"},"primaryImageOfPage":{"@id":"https:\/\/jornalboasnoticias.com.br\/home\/ciclone-no-rs-provoca-ventos-constantes-e-rajadas-fortes-no-parana-nesta-quarta\/#primaryimage"},"image":{"@id":"https:\/\/jornalboasnoticias.com.br\/home\/ciclone-no-rs-provoca-ventos-constantes-e-rajadas-fortes-no-parana-nesta-quarta\/#primaryimage"},"thumbnailUrl":"https:\/\/jornalboasnoticias.com.br\/home\/wp-content\/uploads\/2025\/12\/nuvem_chuva0009-scaled-e1765376525714.jpg","datePublished":"2025-12-10T14:22:31+00:00","description":"Ciclone no RS provoca ventos constantes e rajadas fortes no Paran\u00e1 nesta quarta","breadcrumb":{"@id":"https:\/\/jornalboasnoticias.com.br\/home\/ciclone-no-rs-provoca-ventos-constantes-e-rajadas-fortes-no-parana-nesta-quarta\/#breadcrumb"},"inLanguage":"pt-BR","potentialAction":[{"@type":"ReadAction","target":["https:\/\/jornalboasnoticias.com.br\/home\/ciclone-no-rs-provoca-ventos-constantes-e-rajadas-fortes-no-parana-nesta-quarta\/"]}]},{"@type":"ImageObject","inLanguage":"pt-BR","@id":"https:\/\/jornalboasnoticias.com.br\/home\/ciclone-no-rs-provoca-ventos-constantes-e-rajadas-fortes-no-parana-nesta-quarta\/#primaryimage","url":"https:\/\/jornalboasnoticias.com.br\/home\/wp-content\/uploads\/2025\/12\/nuvem_chuva0009-scaled-e1765376525714.jpg","contentUrl":"https:\/\/jornalboasnoticias.com.br\/home\/wp-content\/uploads\/2025\/12\/nuvem_chuva0009-scaled-e1765376525714.jpg","width":1000,"height":667,"caption":"Foto: Gilson Abreu\/AEN"},{"@type":"BreadcrumbList","@id":"https:\/\/jornalboasnoticias.com.br\/home\/ciclone-no-rs-provoca-ventos-constantes-e-rajadas-fortes-no-parana-nesta-quarta\/#breadcrumb","itemListElement":[{"@type":"ListItem","position":1,"name":"In\u00edcio","item":"https:\/\/jornalboasnoticias.com.br\/home\/"},{"@type":"ListItem","position":2,"name":"Ciclone no RS provoca ventos constantes e rajadas fortes no Paran\u00e1 nesta quarta"}]},{"@type":"WebSite","@id":"https:\/\/jornalboasnoticias.com.br\/home\/#website","url":"https:\/\/jornalboasnoticias.com.br\/home\/","name":"Jornal Boas Not\u00edcias","description":"Boas not\u00edcias","publisher":{"@id":"https:\/\/jornalboasnoticias.com.br\/home\/#organization"},"potentialAction":[{"@type":"SearchAction","target":{"@type":"EntryPoint","urlTemplate":"https:\/\/jornalboasnoticias.com.br\/home\/?s={search_term_string}"},"query-input":{"@type":"PropertyValueSpecification","valueRequired":true,"valueName":"search_term_string"}}],"inLanguage":"pt-BR"},{"@type":"Organization","@id":"https:\/\/jornalboasnoticias.com.br\/home\/#organization","name":"Coq Editora Ltda","alternateName":"Jornal Boas Noticias","url":"https:\/\/jornalboasnoticias.com.br\/home\/","logo":{"@type":"ImageObject","inLanguage":"pt-BR","@id":"https:\/\/jornalboasnoticias.com.br\/home\/#\/schema\/logo\/image\/","url":"https:\/\/jornalboasnoticias.com.br\/home\/wp-content\/uploads\/2024\/07\/cropped-logo.jpg","contentUrl":"https:\/\/jornalboasnoticias.com.br\/home\/wp-content\/uploads\/2024\/07\/cropped-logo.jpg","width":290,"height":142,"caption":"Coq Editora Ltda"},"image":{"@id":"https:\/\/jornalboasnoticias.com.br\/home\/#\/schema\/logo\/image\/"},"sameAs":["https:\/\/www.facebook.com\/boasnoticiasjornal"]},{"@type":"Person","@id":"https:\/\/jornalboasnoticias.com.br\/home\/#\/schema\/person\/75f9ebde398c998c166475fb446bda62","name":"Luiz Carlos da Cruz","image":{"@type":"ImageObject","inLanguage":"pt-BR","@id":"https:\/\/secure.gravatar.com\/avatar\/e6f4f45301b6cb8572f7b076572e8ac11c1db80e805d8c8d0858cf286ce3ac3b?s=96&d=mm&r=g","url":"https:\/\/secure.gravatar.com\/avatar\/e6f4f45301b6cb8572f7b076572e8ac11c1db80e805d8c8d0858cf286ce3ac3b?s=96&d=mm&r=g","contentUrl":"https:\/\/secure.gravatar.com\/avatar\/e6f4f45301b6cb8572f7b076572e8ac11c1db80e805d8c8d0858cf286ce3ac3b?s=96&d=mm&r=g","caption":"Luiz Carlos da Cruz"},"url":"https:\/\/jornalboasnoticias.com.br\/home\/author\/luiz-carlos-da-cruz\/"}]}},"_links":{"self":[{"href":"https:\/\/jornalboasnoticias.com.br\/home\/wp-json\/wp\/v2\/posts\/46820","targetHints":{"allow":["GET"]}}],"collection":[{"href":"https:\/\/jornalboasnoticias.com.br\/home\/wp-json\/wp\/v2\/posts"}],"about":[{"href":"https:\/\/jornalboasnoticias.com.br\/home\/wp-json\/wp\/v2\/types\/post"}],"author":[{"embeddable":true,"href":"https:\/\/jornalboasnoticias.com.br\/home\/wp-json\/wp\/v2\/users\/3"}],"replies":[{"embeddable":true,"href":"https:\/\/jornalboasnoticias.com.br\/home\/wp-json\/wp\/v2\/comments?post=46820"}],"version-history":[{"count":1,"href":"https:\/\/jornalboasnoticias.com.br\/home\/wp-json\/wp\/v2\/posts\/46820\/revisions"}],"predecessor-version":[{"id":46822,"href":"https:\/\/jornalboasnoticias.com.br\/home\/wp-json\/wp\/v2\/posts\/46820\/revisions\/46822"}],"wp:featuredmedia":[{"embeddable":true,"href":"https:\/\/jornalboasnoticias.com.br\/home\/wp-json\/wp\/v2\/media\/46821"}],"wp:attachment":[{"href":"https:\/\/jornalboasnoticias.com.br\/home\/wp-json\/wp\/v2\/media?parent=46820"}],"wp:term":[{"taxonomy":"category","embeddable":true,"href":"https:\/\/jornalboasnoticias.com.br\/home\/wp-json\/wp\/v2\/categories?post=46820"},{"taxonomy":"post_tag","embeddable":true,"href":"https:\/\/jornalboasnoticias.com.br\/home\/wp-json\/wp\/v2\/tags?post=46820"}],"curies":[{"name":"wp","href":"https:\/\/api.w.org\/{rel}","templated":true}]}}