{"id":46817,"date":"2025-12-10T12:18:20","date_gmt":"2025-12-10T12:18:20","guid":{"rendered":"https:\/\/jornalboasnoticias.com.br\/home\/?p=46817"},"modified":"2025-12-10T12:18:20","modified_gmt":"2025-12-10T12:18:20","slug":"prefeitura-convoca-populacao-para-escolher-nome-de-gatos-do-mato-que-sao-os-novos-moradores-do-parque","status":"publish","type":"post","link":"https:\/\/jornalboasnoticias.com.br\/home\/prefeitura-convoca-populacao-para-escolher-nome-de-gatos-do-mato-que-sao-os-novos-moradores-do-parque\/","title":{"rendered":"Prefeitura convoca popula\u00e7\u00e3o para escolher nome de gatos-do-mato que s\u00e3o os novos moradores do parque"},"content":{"rendered":"<blockquote>\n<p style=\"text-align: center;\">Zool\u00f3gico comemora 47 anos de atua\u00e7\u00e3o no Munic\u00edpio com cuidado e prote\u00e7\u00e3o de mais de 350 animais animais de 72 esp\u00e9cies<\/p>\n<\/blockquote>\n<figure id=\"attachment_46818\" aria-describedby=\"caption-attachment-46818\" style=\"width: 1000px\" class=\"wp-caption alignnone\"><img loading=\"lazy\" decoding=\"async\" class=\"size-full wp-image-46818\" src=\"https:\/\/jornalboasnoticias.com.br\/home\/wp-content\/uploads\/2025\/12\/WhatsApp-Image-2025-12-10-at-08_32_42-1-e1765369060845.jpeg\" alt=\"\" width=\"1000\" height=\"666\" \/><figcaption id=\"caption-attachment-46818\" class=\"wp-caption-text\">Divulga\u00e7\u00e3o<\/figcaption><\/figure>\n<p>O Zool\u00f3gico Municipal de Cascavel est\u00e1 em festa com seu 47\u00ba anivers\u00e1rio, lembrado nesta sexta-feira (12). E a comemora\u00e7\u00e3o ter\u00e1 novos membros. Isso porque tr\u00eas filhotes de gato-do-mato-pequeno, rec\u00e9m-nascidos no parque, acabam de se juntar \u00e0 fam\u00edlia do Zoo e agora precisam de nomes. Para isso, a Prefeitura convida a comunidade a participar da vota\u00e7\u00e3o, aberta nesta quarta-feira (10), no instagram oficial da prefeitura @cascavel_prefa.<\/p>\n<p>S\u00e3o dois machos e uma f\u00eamea, todos da segunda ninhada de Sofi, f\u00eamea vinda de Espig\u00e3o Azul (PR), e Kovu, macho resgatado em Londrina (PR). Ambos chegaram ao zool\u00f3gico ainda filhotes, em 2021.<\/p>\n<p>A esp\u00e9cie Leopardus guttulus, \u00e9 considerada vulner\u00e1vel \u00e0 extin\u00e7\u00e3o pela IUCN (Uni\u00e3o Internacional para a Conserva\u00e7\u00e3o da Natureza), principalmente devido \u00e0 perda de habitat, atropelamentos, ca\u00e7a e doen\u00e7as. A reprodu\u00e7\u00e3o \u00e9 lenta, normalmente em apenas um filhote por ninhada. Por isso, o nascimento de tr\u00eas indiv\u00edduos \u00e9 um marco expressivo.<\/p>\n<p>A primeira cria de Sofi e Kovu ocorreu em janeiro de 2024, quando nasceu uma filhote f\u00eamea, que em breve completa dois anos. Atualmente, ela est\u00e1 separada da fam\u00edlia para n\u00e3o interferir no per\u00edodo de amamenta\u00e7\u00e3o, mas retornar\u00e1 ao recinto em breve.<\/p>\n<p>A vota\u00e7\u00e3o contar\u00e1 com op\u00e7\u00f5es inspiradas em nomes de origem ind\u00edgena e no relacionamento ancestral dos povos origin\u00e1rios com a natureza:<\/p>\n<p>Op\u00e7\u00e3o 1<br \/>\n\u2022 \u00a0 \u00a0Cau\u00e3 (macho) \u2013 Tupi, \u201cgavi\u00e3o\u201d, simboliza vis\u00e3o agu\u00e7ada e agilidade<br \/>\n\u2022 \u00a0 \u00a0Jaguar (macho) \u2013 Tupi-Guarani, remete ao maior felino das Am\u00e9ricas, representando for\u00e7a<br \/>\n\u2022 \u00a0 \u00a0Anahi (f\u00eamea) \u2013 Guarani, \u201cvoz doce\u201d ou \u201cflor\u201d<\/p>\n<p>Op\u00e7\u00e3o 2<br \/>\n\u2022 \u00a0 \u00a0Raoni (macho) \u2013 Tupi\/Txucarram\u00e3e, significa \u201con\u00e7a\u201d ou \u201cgrande guerreiro\u201d<br \/>\n\u2022 \u00a0 \u00a0Rud\u00e1 (macho) \u2013 Tupi, divindade do amor ou \u201cguardi\u00e3o\u201d<br \/>\n\u2022 \u00a0 \u00a0Yara\/Iara (f\u00eamea) \u2013 Tupi, \u201csenhora das \u00e1guas\u201d, ligada \u00e0 beleza e ao mist\u00e9rio da natureza<\/p>\n<p>A vota\u00e7\u00e3o ser\u00e1 divulgada nas redes oficiais da Prefeitura e do Zool\u00f3gico na sexta-feira (14), dia do anivers\u00e1rio do parque.<\/p>\n<h2>O Zool\u00f3gico<\/h2>\n<p>Localizado no cora\u00e7\u00e3o do Parque Natural Municipal Danilo Galafassi, o Zool\u00f3gico est\u00e1 pr\u00f3ximo da maior reserva ecol\u00f3gica urbana do Sul do Brasil, com cerca de 20 hectares preservados. Al\u00e9m de ser cart\u00e3o-postal e ponto tur\u00edstico tradicional, o Zoo desempenha um papel fundamental nos pilares de: conserva\u00e7\u00e3o, educa\u00e7\u00e3o ambiental, pesquisa e lazer.<\/p>\n<p>Atualmente, s\u00e3o mais de 350 animais de 72 esp\u00e9cies, entre mam\u00edferos, aves e r\u00e9pteis, muitos deles amea\u00e7ados de extin\u00e7\u00e3o. Todos os indiv\u00edduos que vivem no local s\u00e3o oriundos de resgates e n\u00e3o t\u00eam mais condi\u00e7\u00f5es de retorno \u00e0 vida livre. Por isso, o zool\u00f3gico funciona tamb\u00e9m como um espa\u00e7o de prote\u00e7\u00e3o, cuidado e reabilita\u00e7\u00e3o.<\/p>\n<p>O Zoo integra ainda o Plano Nacional de Conserva\u00e7\u00e3o, em parceria com a Associa\u00e7\u00e3o de Zool\u00f3gicos e Aqu\u00e1rios do Brasil (AZAB), atuando na preserva\u00e7\u00e3o de esp\u00e9cies como a on\u00e7a-pintada, macaco-aranha-de-testa-branca.<\/p>\n<p>A educa\u00e7\u00e3o ambiental \u00e9 outro pilar fundamental, crian\u00e7as aprendem sobre fauna, flora e preserva\u00e7\u00e3o no Museu de Hist\u00f3ria Natural e pelas trilhas do parque.<\/p>\n<p>Para visitar, basta resgatar gratuitamente o ingresso online. O cadastro pode ser feito no link:\u00a0<a href=\"https:\/\/doity.com.br\/zoocascavel\">https:\/\/doity.com.br\/zoocascavel<\/a><\/p>\n<p><em>Prefeitura de Cascavel<\/em><\/p>\n<p>&nbsp;<\/p>\n","protected":false},"excerpt":{"rendered":"<p>Zool\u00f3gico comemora 47 anos de atua\u00e7\u00e3o no Munic\u00edpio com cuidado e prote\u00e7\u00e3o de mais de<\/p>\n","protected":false},"author":3,"featured_media":46818,"comment_status":"open","ping_status":"open","sticky":false,"template":"","format":"standard","meta":{"footnotes":""},"categories":[2,3],"tags":[],"class_list":["post-46817","post","type-post","status-publish","format-standard","has-post-thumbnail","hentry","category-cascavel","category-destaques"],"yoast_head":"<!-- This site is optimized with the Yoast SEO plugin v27.5 - https:\/\/yoast.com\/product\/yoast-seo-wordpress\/ -->\n<title>Prefeitura convoca popula\u00e7\u00e3o para escolher nome de gatos-do-mato que s\u00e3o os novos moradores do parque - Jornal<\/title>\n<meta name=\"description\" content=\"Prefeitura convoca popula\u00e7\u00e3o para escolher nome de gatos-do-mato que s\u00e3o os novos moradores do parque\" \/>\n<meta name=\"robots\" content=\"index, follow, max-snippet:-1, max-image-preview:large, max-video-preview:-1\" \/>\n<link rel=\"canonical\" href=\"https:\/\/jornalboasnoticias.com.br\/home\/prefeitura-convoca-populacao-para-escolher-nome-de-gatos-do-mato-que-sao-os-novos-moradores-do-parque\/\" \/>\n<meta property=\"og:locale\" content=\"pt_BR\" \/>\n<meta property=\"og:type\" content=\"article\" \/>\n<meta property=\"og:title\" content=\"Prefeitura convoca popula\u00e7\u00e3o para escolher nome de gatos-do-mato que s\u00e3o os novos moradores do parque - Jornal\" \/>\n<meta property=\"og:description\" content=\"Prefeitura convoca popula\u00e7\u00e3o para escolher nome de gatos-do-mato que s\u00e3o os novos moradores do parque\" \/>\n<meta property=\"og:url\" content=\"https:\/\/jornalboasnoticias.com.br\/home\/prefeitura-convoca-populacao-para-escolher-nome-de-gatos-do-mato-que-sao-os-novos-moradores-do-parque\/\" \/>\n<meta property=\"og:site_name\" content=\"Jornal\" \/>\n<meta property=\"article:publisher\" content=\"https:\/\/www.facebook.com\/boasnoticiasjornal\" \/>\n<meta property=\"article:published_time\" content=\"2025-12-10T12:18:20+00:00\" \/>\n<meta property=\"og:image\" content=\"https:\/\/jornalboasnoticias.com.br\/home\/wp-content\/uploads\/2025\/12\/WhatsApp-Image-2025-12-10-at-08_32_42-1-e1765369060845.jpeg\" \/>\n\t<meta property=\"og:image:width\" content=\"1000\" \/>\n\t<meta property=\"og:image:height\" content=\"666\" \/>\n\t<meta property=\"og:image:type\" content=\"image\/jpeg\" \/>\n<meta name=\"author\" content=\"Luiz Carlos da Cruz\" \/>\n<meta name=\"twitter:card\" content=\"summary_large_image\" \/>\n<meta name=\"twitter:label1\" content=\"Escrito por\" \/>\n\t<meta name=\"twitter:data1\" content=\"Luiz Carlos da Cruz\" \/>\n\t<meta name=\"twitter:label2\" content=\"Est. tempo de leitura\" \/>\n\t<meta name=\"twitter:data2\" content=\"4 minutos\" \/>\n<script type=\"application\/ld+json\" class=\"yoast-schema-graph\">{\"@context\":\"https:\\\/\\\/schema.org\",\"@graph\":[{\"@type\":\"Article\",\"@id\":\"https:\\\/\\\/jornalboasnoticias.com.br\\\/home\\\/prefeitura-convoca-populacao-para-escolher-nome-de-gatos-do-mato-que-sao-os-novos-moradores-do-parque\\\/#article\",\"isPartOf\":{\"@id\":\"https:\\\/\\\/jornalboasnoticias.com.br\\\/home\\\/prefeitura-convoca-populacao-para-escolher-nome-de-gatos-do-mato-que-sao-os-novos-moradores-do-parque\\\/\"},\"author\":{\"name\":\"Luiz Carlos da Cruz\",\"@id\":\"https:\\\/\\\/jornalboasnoticias.com.br\\\/home\\\/#\\\/schema\\\/person\\\/75f9ebde398c998c166475fb446bda62\"},\"headline\":\"Prefeitura convoca popula\u00e7\u00e3o para escolher nome de gatos-do-mato que s\u00e3o os novos moradores do parque\",\"datePublished\":\"2025-12-10T12:18:20+00:00\",\"mainEntityOfPage\":{\"@id\":\"https:\\\/\\\/jornalboasnoticias.com.br\\\/home\\\/prefeitura-convoca-populacao-para-escolher-nome-de-gatos-do-mato-que-sao-os-novos-moradores-do-parque\\\/\"},\"wordCount\":593,\"commentCount\":0,\"publisher\":{\"@id\":\"https:\\\/\\\/jornalboasnoticias.com.br\\\/home\\\/#organization\"},\"image\":{\"@id\":\"https:\\\/\\\/jornalboasnoticias.com.br\\\/home\\\/prefeitura-convoca-populacao-para-escolher-nome-de-gatos-do-mato-que-sao-os-novos-moradores-do-parque\\\/#primaryimage\"},\"thumbnailUrl\":\"https:\\\/\\\/jornalboasnoticias.com.br\\\/home\\\/wp-content\\\/uploads\\\/2025\\\/12\\\/WhatsApp-Image-2025-12-10-at-08_32_42-1-e1765369060845.jpeg\",\"articleSection\":[\"CASCAVEL\",\"DESTAQUE\"],\"inLanguage\":\"pt-BR\",\"potentialAction\":[{\"@type\":\"CommentAction\",\"name\":\"Comment\",\"target\":[\"https:\\\/\\\/jornalboasnoticias.com.br\\\/home\\\/prefeitura-convoca-populacao-para-escolher-nome-de-gatos-do-mato-que-sao-os-novos-moradores-do-parque\\\/#respond\"]}]},{\"@type\":\"WebPage\",\"@id\":\"https:\\\/\\\/jornalboasnoticias.com.br\\\/home\\\/prefeitura-convoca-populacao-para-escolher-nome-de-gatos-do-mato-que-sao-os-novos-moradores-do-parque\\\/\",\"url\":\"https:\\\/\\\/jornalboasnoticias.com.br\\\/home\\\/prefeitura-convoca-populacao-para-escolher-nome-de-gatos-do-mato-que-sao-os-novos-moradores-do-parque\\\/\",\"name\":\"Prefeitura convoca popula\u00e7\u00e3o para escolher nome de gatos-do-mato que s\u00e3o os novos moradores do parque - Jornal\",\"isPartOf\":{\"@id\":\"https:\\\/\\\/jornalboasnoticias.com.br\\\/home\\\/#website\"},\"primaryImageOfPage\":{\"@id\":\"https:\\\/\\\/jornalboasnoticias.com.br\\\/home\\\/prefeitura-convoca-populacao-para-escolher-nome-de-gatos-do-mato-que-sao-os-novos-moradores-do-parque\\\/#primaryimage\"},\"image\":{\"@id\":\"https:\\\/\\\/jornalboasnoticias.com.br\\\/home\\\/prefeitura-convoca-populacao-para-escolher-nome-de-gatos-do-mato-que-sao-os-novos-moradores-do-parque\\\/#primaryimage\"},\"thumbnailUrl\":\"https:\\\/\\\/jornalboasnoticias.com.br\\\/home\\\/wp-content\\\/uploads\\\/2025\\\/12\\\/WhatsApp-Image-2025-12-10-at-08_32_42-1-e1765369060845.jpeg\",\"datePublished\":\"2025-12-10T12:18:20+00:00\",\"description\":\"Prefeitura convoca popula\u00e7\u00e3o para escolher nome de gatos-do-mato que s\u00e3o os novos moradores do parque\",\"breadcrumb\":{\"@id\":\"https:\\\/\\\/jornalboasnoticias.com.br\\\/home\\\/prefeitura-convoca-populacao-para-escolher-nome-de-gatos-do-mato-que-sao-os-novos-moradores-do-parque\\\/#breadcrumb\"},\"inLanguage\":\"pt-BR\",\"potentialAction\":[{\"@type\":\"ReadAction\",\"target\":[\"https:\\\/\\\/jornalboasnoticias.com.br\\\/home\\\/prefeitura-convoca-populacao-para-escolher-nome-de-gatos-do-mato-que-sao-os-novos-moradores-do-parque\\\/\"]}]},{\"@type\":\"ImageObject\",\"inLanguage\":\"pt-BR\",\"@id\":\"https:\\\/\\\/jornalboasnoticias.com.br\\\/home\\\/prefeitura-convoca-populacao-para-escolher-nome-de-gatos-do-mato-que-sao-os-novos-moradores-do-parque\\\/#primaryimage\",\"url\":\"https:\\\/\\\/jornalboasnoticias.com.br\\\/home\\\/wp-content\\\/uploads\\\/2025\\\/12\\\/WhatsApp-Image-2025-12-10-at-08_32_42-1-e1765369060845.jpeg\",\"contentUrl\":\"https:\\\/\\\/jornalboasnoticias.com.br\\\/home\\\/wp-content\\\/uploads\\\/2025\\\/12\\\/WhatsApp-Image-2025-12-10-at-08_32_42-1-e1765369060845.jpeg\",\"width\":1000,\"height\":666,\"caption\":\"Divulga\u00e7\u00e3o\"},{\"@type\":\"BreadcrumbList\",\"@id\":\"https:\\\/\\\/jornalboasnoticias.com.br\\\/home\\\/prefeitura-convoca-populacao-para-escolher-nome-de-gatos-do-mato-que-sao-os-novos-moradores-do-parque\\\/#breadcrumb\",\"itemListElement\":[{\"@type\":\"ListItem\",\"position\":1,\"name\":\"In\u00edcio\",\"item\":\"https:\\\/\\\/jornalboasnoticias.com.br\\\/home\\\/\"},{\"@type\":\"ListItem\",\"position\":2,\"name\":\"Prefeitura convoca popula\u00e7\u00e3o para escolher nome de gatos-do-mato que s\u00e3o os novos moradores do parque\"}]},{\"@type\":\"WebSite\",\"@id\":\"https:\\\/\\\/jornalboasnoticias.com.br\\\/home\\\/#website\",\"url\":\"https:\\\/\\\/jornalboasnoticias.com.br\\\/home\\\/\",\"name\":\"Jornal Boas Not\u00edcias\",\"description\":\"Boas not\u00edcias\",\"publisher\":{\"@id\":\"https:\\\/\\\/jornalboasnoticias.com.br\\\/home\\\/#organization\"},\"potentialAction\":[{\"@type\":\"SearchAction\",\"target\":{\"@type\":\"EntryPoint\",\"urlTemplate\":\"https:\\\/\\\/jornalboasnoticias.com.br\\\/home\\\/?s={search_term_string}\"},\"query-input\":{\"@type\":\"PropertyValueSpecification\",\"valueRequired\":true,\"valueName\":\"search_term_string\"}}],\"inLanguage\":\"pt-BR\"},{\"@type\":\"Organization\",\"@id\":\"https:\\\/\\\/jornalboasnoticias.com.br\\\/home\\\/#organization\",\"name\":\"Coq Editora Ltda\",\"alternateName\":\"Jornal Boas Noticias\",\"url\":\"https:\\\/\\\/jornalboasnoticias.com.br\\\/home\\\/\",\"logo\":{\"@type\":\"ImageObject\",\"inLanguage\":\"pt-BR\",\"@id\":\"https:\\\/\\\/jornalboasnoticias.com.br\\\/home\\\/#\\\/schema\\\/logo\\\/image\\\/\",\"url\":\"https:\\\/\\\/jornalboasnoticias.com.br\\\/home\\\/wp-content\\\/uploads\\\/2024\\\/07\\\/cropped-logo.jpg\",\"contentUrl\":\"https:\\\/\\\/jornalboasnoticias.com.br\\\/home\\\/wp-content\\\/uploads\\\/2024\\\/07\\\/cropped-logo.jpg\",\"width\":290,\"height\":142,\"caption\":\"Coq Editora Ltda\"},\"image\":{\"@id\":\"https:\\\/\\\/jornalboasnoticias.com.br\\\/home\\\/#\\\/schema\\\/logo\\\/image\\\/\"},\"sameAs\":[\"https:\\\/\\\/www.facebook.com\\\/boasnoticiasjornal\"]},{\"@type\":\"Person\",\"@id\":\"https:\\\/\\\/jornalboasnoticias.com.br\\\/home\\\/#\\\/schema\\\/person\\\/75f9ebde398c998c166475fb446bda62\",\"name\":\"Luiz Carlos da Cruz\",\"image\":{\"@type\":\"ImageObject\",\"inLanguage\":\"pt-BR\",\"@id\":\"https:\\\/\\\/secure.gravatar.com\\\/avatar\\\/e6f4f45301b6cb8572f7b076572e8ac11c1db80e805d8c8d0858cf286ce3ac3b?s=96&d=mm&r=g\",\"url\":\"https:\\\/\\\/secure.gravatar.com\\\/avatar\\\/e6f4f45301b6cb8572f7b076572e8ac11c1db80e805d8c8d0858cf286ce3ac3b?s=96&d=mm&r=g\",\"contentUrl\":\"https:\\\/\\\/secure.gravatar.com\\\/avatar\\\/e6f4f45301b6cb8572f7b076572e8ac11c1db80e805d8c8d0858cf286ce3ac3b?s=96&d=mm&r=g\",\"caption\":\"Luiz Carlos da Cruz\"},\"url\":\"https:\\\/\\\/jornalboasnoticias.com.br\\\/home\\\/author\\\/luiz-carlos-da-cruz\\\/\"}]}<\/script>\n<!-- \/ Yoast SEO plugin. -->","yoast_head_json":{"title":"Prefeitura convoca popula\u00e7\u00e3o para escolher nome de gatos-do-mato que s\u00e3o os novos moradores do parque - Jornal","description":"Prefeitura convoca popula\u00e7\u00e3o para escolher nome de gatos-do-mato que s\u00e3o os novos moradores do parque","robots":{"index":"index","follow":"follow","max-snippet":"max-snippet:-1","max-image-preview":"max-image-preview:large","max-video-preview":"max-video-preview:-1"},"canonical":"https:\/\/jornalboasnoticias.com.br\/home\/prefeitura-convoca-populacao-para-escolher-nome-de-gatos-do-mato-que-sao-os-novos-moradores-do-parque\/","og_locale":"pt_BR","og_type":"article","og_title":"Prefeitura convoca popula\u00e7\u00e3o para escolher nome de gatos-do-mato que s\u00e3o os novos moradores do parque - Jornal","og_description":"Prefeitura convoca popula\u00e7\u00e3o para escolher nome de gatos-do-mato que s\u00e3o os novos moradores do parque","og_url":"https:\/\/jornalboasnoticias.com.br\/home\/prefeitura-convoca-populacao-para-escolher-nome-de-gatos-do-mato-que-sao-os-novos-moradores-do-parque\/","og_site_name":"Jornal","article_publisher":"https:\/\/www.facebook.com\/boasnoticiasjornal","article_published_time":"2025-12-10T12:18:20+00:00","og_image":[{"width":1000,"height":666,"url":"https:\/\/jornalboasnoticias.com.br\/home\/wp-content\/uploads\/2025\/12\/WhatsApp-Image-2025-12-10-at-08_32_42-1-e1765369060845.jpeg","type":"image\/jpeg"}],"author":"Luiz Carlos da Cruz","twitter_card":"summary_large_image","twitter_misc":{"Escrito por":"Luiz Carlos da Cruz","Est. tempo de leitura":"4 minutos"},"schema":{"@context":"https:\/\/schema.org","@graph":[{"@type":"Article","@id":"https:\/\/jornalboasnoticias.com.br\/home\/prefeitura-convoca-populacao-para-escolher-nome-de-gatos-do-mato-que-sao-os-novos-moradores-do-parque\/#article","isPartOf":{"@id":"https:\/\/jornalboasnoticias.com.br\/home\/prefeitura-convoca-populacao-para-escolher-nome-de-gatos-do-mato-que-sao-os-novos-moradores-do-parque\/"},"author":{"name":"Luiz Carlos da Cruz","@id":"https:\/\/jornalboasnoticias.com.br\/home\/#\/schema\/person\/75f9ebde398c998c166475fb446bda62"},"headline":"Prefeitura convoca popula\u00e7\u00e3o para escolher nome de gatos-do-mato que s\u00e3o os novos moradores do parque","datePublished":"2025-12-10T12:18:20+00:00","mainEntityOfPage":{"@id":"https:\/\/jornalboasnoticias.com.br\/home\/prefeitura-convoca-populacao-para-escolher-nome-de-gatos-do-mato-que-sao-os-novos-moradores-do-parque\/"},"wordCount":593,"commentCount":0,"publisher":{"@id":"https:\/\/jornalboasnoticias.com.br\/home\/#organization"},"image":{"@id":"https:\/\/jornalboasnoticias.com.br\/home\/prefeitura-convoca-populacao-para-escolher-nome-de-gatos-do-mato-que-sao-os-novos-moradores-do-parque\/#primaryimage"},"thumbnailUrl":"https:\/\/jornalboasnoticias.com.br\/home\/wp-content\/uploads\/2025\/12\/WhatsApp-Image-2025-12-10-at-08_32_42-1-e1765369060845.jpeg","articleSection":["CASCAVEL","DESTAQUE"],"inLanguage":"pt-BR","potentialAction":[{"@type":"CommentAction","name":"Comment","target":["https:\/\/jornalboasnoticias.com.br\/home\/prefeitura-convoca-populacao-para-escolher-nome-de-gatos-do-mato-que-sao-os-novos-moradores-do-parque\/#respond"]}]},{"@type":"WebPage","@id":"https:\/\/jornalboasnoticias.com.br\/home\/prefeitura-convoca-populacao-para-escolher-nome-de-gatos-do-mato-que-sao-os-novos-moradores-do-parque\/","url":"https:\/\/jornalboasnoticias.com.br\/home\/prefeitura-convoca-populacao-para-escolher-nome-de-gatos-do-mato-que-sao-os-novos-moradores-do-parque\/","name":"Prefeitura convoca popula\u00e7\u00e3o para escolher nome de gatos-do-mato que s\u00e3o os novos moradores do parque - Jornal","isPartOf":{"@id":"https:\/\/jornalboasnoticias.com.br\/home\/#website"},"primaryImageOfPage":{"@id":"https:\/\/jornalboasnoticias.com.br\/home\/prefeitura-convoca-populacao-para-escolher-nome-de-gatos-do-mato-que-sao-os-novos-moradores-do-parque\/#primaryimage"},"image":{"@id":"https:\/\/jornalboasnoticias.com.br\/home\/prefeitura-convoca-populacao-para-escolher-nome-de-gatos-do-mato-que-sao-os-novos-moradores-do-parque\/#primaryimage"},"thumbnailUrl":"https:\/\/jornalboasnoticias.com.br\/home\/wp-content\/uploads\/2025\/12\/WhatsApp-Image-2025-12-10-at-08_32_42-1-e1765369060845.jpeg","datePublished":"2025-12-10T12:18:20+00:00","description":"Prefeitura convoca popula\u00e7\u00e3o para escolher nome de gatos-do-mato que s\u00e3o os novos moradores do parque","breadcrumb":{"@id":"https:\/\/jornalboasnoticias.com.br\/home\/prefeitura-convoca-populacao-para-escolher-nome-de-gatos-do-mato-que-sao-os-novos-moradores-do-parque\/#breadcrumb"},"inLanguage":"pt-BR","potentialAction":[{"@type":"ReadAction","target":["https:\/\/jornalboasnoticias.com.br\/home\/prefeitura-convoca-populacao-para-escolher-nome-de-gatos-do-mato-que-sao-os-novos-moradores-do-parque\/"]}]},{"@type":"ImageObject","inLanguage":"pt-BR","@id":"https:\/\/jornalboasnoticias.com.br\/home\/prefeitura-convoca-populacao-para-escolher-nome-de-gatos-do-mato-que-sao-os-novos-moradores-do-parque\/#primaryimage","url":"https:\/\/jornalboasnoticias.com.br\/home\/wp-content\/uploads\/2025\/12\/WhatsApp-Image-2025-12-10-at-08_32_42-1-e1765369060845.jpeg","contentUrl":"https:\/\/jornalboasnoticias.com.br\/home\/wp-content\/uploads\/2025\/12\/WhatsApp-Image-2025-12-10-at-08_32_42-1-e1765369060845.jpeg","width":1000,"height":666,"caption":"Divulga\u00e7\u00e3o"},{"@type":"BreadcrumbList","@id":"https:\/\/jornalboasnoticias.com.br\/home\/prefeitura-convoca-populacao-para-escolher-nome-de-gatos-do-mato-que-sao-os-novos-moradores-do-parque\/#breadcrumb","itemListElement":[{"@type":"ListItem","position":1,"name":"In\u00edcio","item":"https:\/\/jornalboasnoticias.com.br\/home\/"},{"@type":"ListItem","position":2,"name":"Prefeitura convoca popula\u00e7\u00e3o para escolher nome de gatos-do-mato que s\u00e3o os novos moradores do parque"}]},{"@type":"WebSite","@id":"https:\/\/jornalboasnoticias.com.br\/home\/#website","url":"https:\/\/jornalboasnoticias.com.br\/home\/","name":"Jornal Boas Not\u00edcias","description":"Boas not\u00edcias","publisher":{"@id":"https:\/\/jornalboasnoticias.com.br\/home\/#organization"},"potentialAction":[{"@type":"SearchAction","target":{"@type":"EntryPoint","urlTemplate":"https:\/\/jornalboasnoticias.com.br\/home\/?s={search_term_string}"},"query-input":{"@type":"PropertyValueSpecification","valueRequired":true,"valueName":"search_term_string"}}],"inLanguage":"pt-BR"},{"@type":"Organization","@id":"https:\/\/jornalboasnoticias.com.br\/home\/#organization","name":"Coq Editora Ltda","alternateName":"Jornal Boas Noticias","url":"https:\/\/jornalboasnoticias.com.br\/home\/","logo":{"@type":"ImageObject","inLanguage":"pt-BR","@id":"https:\/\/jornalboasnoticias.com.br\/home\/#\/schema\/logo\/image\/","url":"https:\/\/jornalboasnoticias.com.br\/home\/wp-content\/uploads\/2024\/07\/cropped-logo.jpg","contentUrl":"https:\/\/jornalboasnoticias.com.br\/home\/wp-content\/uploads\/2024\/07\/cropped-logo.jpg","width":290,"height":142,"caption":"Coq Editora Ltda"},"image":{"@id":"https:\/\/jornalboasnoticias.com.br\/home\/#\/schema\/logo\/image\/"},"sameAs":["https:\/\/www.facebook.com\/boasnoticiasjornal"]},{"@type":"Person","@id":"https:\/\/jornalboasnoticias.com.br\/home\/#\/schema\/person\/75f9ebde398c998c166475fb446bda62","name":"Luiz Carlos da Cruz","image":{"@type":"ImageObject","inLanguage":"pt-BR","@id":"https:\/\/secure.gravatar.com\/avatar\/e6f4f45301b6cb8572f7b076572e8ac11c1db80e805d8c8d0858cf286ce3ac3b?s=96&d=mm&r=g","url":"https:\/\/secure.gravatar.com\/avatar\/e6f4f45301b6cb8572f7b076572e8ac11c1db80e805d8c8d0858cf286ce3ac3b?s=96&d=mm&r=g","contentUrl":"https:\/\/secure.gravatar.com\/avatar\/e6f4f45301b6cb8572f7b076572e8ac11c1db80e805d8c8d0858cf286ce3ac3b?s=96&d=mm&r=g","caption":"Luiz Carlos da Cruz"},"url":"https:\/\/jornalboasnoticias.com.br\/home\/author\/luiz-carlos-da-cruz\/"}]}},"_links":{"self":[{"href":"https:\/\/jornalboasnoticias.com.br\/home\/wp-json\/wp\/v2\/posts\/46817","targetHints":{"allow":["GET"]}}],"collection":[{"href":"https:\/\/jornalboasnoticias.com.br\/home\/wp-json\/wp\/v2\/posts"}],"about":[{"href":"https:\/\/jornalboasnoticias.com.br\/home\/wp-json\/wp\/v2\/types\/post"}],"author":[{"embeddable":true,"href":"https:\/\/jornalboasnoticias.com.br\/home\/wp-json\/wp\/v2\/users\/3"}],"replies":[{"embeddable":true,"href":"https:\/\/jornalboasnoticias.com.br\/home\/wp-json\/wp\/v2\/comments?post=46817"}],"version-history":[{"count":1,"href":"https:\/\/jornalboasnoticias.com.br\/home\/wp-json\/wp\/v2\/posts\/46817\/revisions"}],"predecessor-version":[{"id":46819,"href":"https:\/\/jornalboasnoticias.com.br\/home\/wp-json\/wp\/v2\/posts\/46817\/revisions\/46819"}],"wp:featuredmedia":[{"embeddable":true,"href":"https:\/\/jornalboasnoticias.com.br\/home\/wp-json\/wp\/v2\/media\/46818"}],"wp:attachment":[{"href":"https:\/\/jornalboasnoticias.com.br\/home\/wp-json\/wp\/v2\/media?parent=46817"}],"wp:term":[{"taxonomy":"category","embeddable":true,"href":"https:\/\/jornalboasnoticias.com.br\/home\/wp-json\/wp\/v2\/categories?post=46817"},{"taxonomy":"post_tag","embeddable":true,"href":"https:\/\/jornalboasnoticias.com.br\/home\/wp-json\/wp\/v2\/tags?post=46817"}],"curies":[{"name":"wp","href":"https:\/\/api.w.org\/{rel}","templated":true}]}}