{"id":46814,"date":"2025-12-10T12:02:48","date_gmt":"2025-12-10T12:02:48","guid":{"rendered":"https:\/\/jornalboasnoticias.com.br\/home\/?p=46814"},"modified":"2025-12-10T12:02:48","modified_gmt":"2025-12-10T12:02:48","slug":"bebe-nasce-dentro-de-ambulancia-em-toledo-apos-atendimento-rapido-do-samu","status":"publish","type":"post","link":"https:\/\/jornalboasnoticias.com.br\/home\/bebe-nasce-dentro-de-ambulancia-em-toledo-apos-atendimento-rapido-do-samu\/","title":{"rendered":"Beb\u00ea nasce dentro de ambul\u00e2ncia em Toledo ap\u00f3s atendimento r\u00e1pido do Samu"},"content":{"rendered":"<blockquote>\n<p style=\"text-align: center;\">M\u00e3e e filho foram encaminhados ao Hospital Bom Jesus.<\/p>\n<\/blockquote>\n<figure id=\"attachment_46815\" aria-describedby=\"caption-attachment-46815\" style=\"width: 603px\" class=\"wp-caption aligncenter\"><img loading=\"lazy\" decoding=\"async\" class=\"size-full wp-image-46815\" src=\"https:\/\/jornalboasnoticias.com.br\/home\/wp-content\/uploads\/2025\/12\/g_20251210_082122_73.jpg\" alt=\"\" width=\"603\" height=\"395\" srcset=\"https:\/\/jornalboasnoticias.com.br\/home\/wp-content\/uploads\/2025\/12\/g_20251210_082122_73.jpg 603w, https:\/\/jornalboasnoticias.com.br\/home\/wp-content\/uploads\/2025\/12\/g_20251210_082122_73-300x197.jpg 300w, https:\/\/jornalboasnoticias.com.br\/home\/wp-content\/uploads\/2025\/12\/g_20251210_082122_73-370x241.jpg 370w\" sizes=\"auto, (max-width: 603px) 100vw, 603px\" \/><figcaption id=\"caption-attachment-46815\" class=\"wp-caption-text\">Divulga\u00e7\u00e3o<\/figcaption><\/figure>\n<p>Um parto emergencial mobilizou equipes do Samu em Toledo no fim da tarde de ter\u00e7a-feira (9), no bairro Vila Pioneiro. A ocorr\u00eancia aconteceu por volta das 18h, quando o servi\u00e7o foi acionado para atender uma gestante em trabalho de parto avan\u00e7ado.<\/p>\n<p>A USB 23 foi a primeira a chegar ao local. Ao avaliar a paciente, a t\u00e9cnica de enfermagem identificou que o beb\u00ea j\u00e1 estava coroando. Diante da urg\u00eancia, a equipe imediatamente solicitou apoio da USA 03. N\u00e3o houve tempo para deslocar a gestante at\u00e9 o hospital e o nascimento ocorreu dentro da pr\u00f3pria ambul\u00e2ncia.<\/p>\n<p>O beb\u00ea, um menino de 36 semanas, veio ao mundo com todo o suporte necess\u00e1rio das equipes, que garantiram assist\u00eancia segura tanto para a m\u00e3e quanto para o rec\u00e9m-nascido. M\u00e3e e filho foram encaminhados ao Hospital Bom Jesus.<\/p>\n<p><em>Assessoria\/SAMU<\/em><\/p>\n","protected":false},"excerpt":{"rendered":"<p>M\u00e3e e filho foram encaminhados ao Hospital Bom Jesus. Um parto emergencial mobilizou equipes do<\/p>\n","protected":false},"author":3,"featured_media":46815,"comment_status":"open","ping_status":"open","sticky":false,"template":"","format":"standard","meta":{"footnotes":""},"categories":[4],"tags":[],"class_list":["post-46814","post","type-post","status-publish","format-standard","has-post-thumbnail","hentry","category-parana"],"yoast_head":"<!-- This site is optimized with the Yoast SEO plugin v27.5 - https:\/\/yoast.com\/product\/yoast-seo-wordpress\/ -->\n<title>Beb\u00ea nasce dentro de ambul\u00e2ncia em Toledo ap\u00f3s atendimento r\u00e1pido do Samu - Jornal<\/title>\n<meta name=\"description\" content=\"Beb\u00ea nasce dentro de ambul\u00e2ncia em Toledo ap\u00f3s atendimento r\u00e1pido do Samu\" \/>\n<meta name=\"robots\" content=\"index, follow, max-snippet:-1, max-image-preview:large, max-video-preview:-1\" \/>\n<link rel=\"canonical\" href=\"https:\/\/jornalboasnoticias.com.br\/home\/bebe-nasce-dentro-de-ambulancia-em-toledo-apos-atendimento-rapido-do-samu\/\" \/>\n<meta property=\"og:locale\" content=\"pt_BR\" \/>\n<meta property=\"og:type\" content=\"article\" \/>\n<meta property=\"og:title\" content=\"Beb\u00ea nasce dentro de ambul\u00e2ncia em Toledo ap\u00f3s atendimento r\u00e1pido do Samu - Jornal\" \/>\n<meta property=\"og:description\" content=\"Beb\u00ea nasce dentro de ambul\u00e2ncia em Toledo ap\u00f3s atendimento r\u00e1pido do Samu\" \/>\n<meta property=\"og:url\" content=\"https:\/\/jornalboasnoticias.com.br\/home\/bebe-nasce-dentro-de-ambulancia-em-toledo-apos-atendimento-rapido-do-samu\/\" \/>\n<meta property=\"og:site_name\" content=\"Jornal\" \/>\n<meta property=\"article:publisher\" content=\"https:\/\/www.facebook.com\/boasnoticiasjornal\" \/>\n<meta property=\"article:published_time\" content=\"2025-12-10T12:02:48+00:00\" \/>\n<meta property=\"og:image\" content=\"https:\/\/jornalboasnoticias.com.br\/home\/wp-content\/uploads\/2025\/12\/g_20251210_082122_73.jpg\" \/>\n\t<meta property=\"og:image:width\" content=\"603\" \/>\n\t<meta property=\"og:image:height\" content=\"395\" \/>\n\t<meta property=\"og:image:type\" content=\"image\/jpeg\" \/>\n<meta name=\"author\" content=\"Luiz Carlos da Cruz\" \/>\n<meta name=\"twitter:card\" content=\"summary_large_image\" \/>\n<meta name=\"twitter:label1\" content=\"Escrito por\" \/>\n\t<meta name=\"twitter:data1\" content=\"Luiz Carlos da Cruz\" \/>\n\t<meta name=\"twitter:label2\" content=\"Est. tempo de leitura\" \/>\n\t<meta name=\"twitter:data2\" content=\"2 minutos\" \/>\n<script type=\"application\/ld+json\" class=\"yoast-schema-graph\">{\"@context\":\"https:\\\/\\\/schema.org\",\"@graph\":[{\"@type\":\"Article\",\"@id\":\"https:\\\/\\\/jornalboasnoticias.com.br\\\/home\\\/bebe-nasce-dentro-de-ambulancia-em-toledo-apos-atendimento-rapido-do-samu\\\/#article\",\"isPartOf\":{\"@id\":\"https:\\\/\\\/jornalboasnoticias.com.br\\\/home\\\/bebe-nasce-dentro-de-ambulancia-em-toledo-apos-atendimento-rapido-do-samu\\\/\"},\"author\":{\"name\":\"Luiz Carlos da Cruz\",\"@id\":\"https:\\\/\\\/jornalboasnoticias.com.br\\\/home\\\/#\\\/schema\\\/person\\\/75f9ebde398c998c166475fb446bda62\"},\"headline\":\"Beb\u00ea nasce dentro de ambul\u00e2ncia em Toledo ap\u00f3s atendimento r\u00e1pido do Samu\",\"datePublished\":\"2025-12-10T12:02:48+00:00\",\"mainEntityOfPage\":{\"@id\":\"https:\\\/\\\/jornalboasnoticias.com.br\\\/home\\\/bebe-nasce-dentro-de-ambulancia-em-toledo-apos-atendimento-rapido-do-samu\\\/\"},\"wordCount\":179,\"commentCount\":0,\"publisher\":{\"@id\":\"https:\\\/\\\/jornalboasnoticias.com.br\\\/home\\\/#organization\"},\"image\":{\"@id\":\"https:\\\/\\\/jornalboasnoticias.com.br\\\/home\\\/bebe-nasce-dentro-de-ambulancia-em-toledo-apos-atendimento-rapido-do-samu\\\/#primaryimage\"},\"thumbnailUrl\":\"https:\\\/\\\/jornalboasnoticias.com.br\\\/home\\\/wp-content\\\/uploads\\\/2025\\\/12\\\/g_20251210_082122_73.jpg\",\"articleSection\":[\"PARAN\u00c1\"],\"inLanguage\":\"pt-BR\",\"potentialAction\":[{\"@type\":\"CommentAction\",\"name\":\"Comment\",\"target\":[\"https:\\\/\\\/jornalboasnoticias.com.br\\\/home\\\/bebe-nasce-dentro-de-ambulancia-em-toledo-apos-atendimento-rapido-do-samu\\\/#respond\"]}]},{\"@type\":\"WebPage\",\"@id\":\"https:\\\/\\\/jornalboasnoticias.com.br\\\/home\\\/bebe-nasce-dentro-de-ambulancia-em-toledo-apos-atendimento-rapido-do-samu\\\/\",\"url\":\"https:\\\/\\\/jornalboasnoticias.com.br\\\/home\\\/bebe-nasce-dentro-de-ambulancia-em-toledo-apos-atendimento-rapido-do-samu\\\/\",\"name\":\"Beb\u00ea nasce dentro de ambul\u00e2ncia em Toledo ap\u00f3s atendimento r\u00e1pido do Samu - Jornal\",\"isPartOf\":{\"@id\":\"https:\\\/\\\/jornalboasnoticias.com.br\\\/home\\\/#website\"},\"primaryImageOfPage\":{\"@id\":\"https:\\\/\\\/jornalboasnoticias.com.br\\\/home\\\/bebe-nasce-dentro-de-ambulancia-em-toledo-apos-atendimento-rapido-do-samu\\\/#primaryimage\"},\"image\":{\"@id\":\"https:\\\/\\\/jornalboasnoticias.com.br\\\/home\\\/bebe-nasce-dentro-de-ambulancia-em-toledo-apos-atendimento-rapido-do-samu\\\/#primaryimage\"},\"thumbnailUrl\":\"https:\\\/\\\/jornalboasnoticias.com.br\\\/home\\\/wp-content\\\/uploads\\\/2025\\\/12\\\/g_20251210_082122_73.jpg\",\"datePublished\":\"2025-12-10T12:02:48+00:00\",\"description\":\"Beb\u00ea nasce dentro de ambul\u00e2ncia em Toledo ap\u00f3s atendimento r\u00e1pido do Samu\",\"breadcrumb\":{\"@id\":\"https:\\\/\\\/jornalboasnoticias.com.br\\\/home\\\/bebe-nasce-dentro-de-ambulancia-em-toledo-apos-atendimento-rapido-do-samu\\\/#breadcrumb\"},\"inLanguage\":\"pt-BR\",\"potentialAction\":[{\"@type\":\"ReadAction\",\"target\":[\"https:\\\/\\\/jornalboasnoticias.com.br\\\/home\\\/bebe-nasce-dentro-de-ambulancia-em-toledo-apos-atendimento-rapido-do-samu\\\/\"]}]},{\"@type\":\"ImageObject\",\"inLanguage\":\"pt-BR\",\"@id\":\"https:\\\/\\\/jornalboasnoticias.com.br\\\/home\\\/bebe-nasce-dentro-de-ambulancia-em-toledo-apos-atendimento-rapido-do-samu\\\/#primaryimage\",\"url\":\"https:\\\/\\\/jornalboasnoticias.com.br\\\/home\\\/wp-content\\\/uploads\\\/2025\\\/12\\\/g_20251210_082122_73.jpg\",\"contentUrl\":\"https:\\\/\\\/jornalboasnoticias.com.br\\\/home\\\/wp-content\\\/uploads\\\/2025\\\/12\\\/g_20251210_082122_73.jpg\",\"width\":603,\"height\":395,\"caption\":\"Divulga\u00e7\u00e3o\"},{\"@type\":\"BreadcrumbList\",\"@id\":\"https:\\\/\\\/jornalboasnoticias.com.br\\\/home\\\/bebe-nasce-dentro-de-ambulancia-em-toledo-apos-atendimento-rapido-do-samu\\\/#breadcrumb\",\"itemListElement\":[{\"@type\":\"ListItem\",\"position\":1,\"name\":\"In\u00edcio\",\"item\":\"https:\\\/\\\/jornalboasnoticias.com.br\\\/home\\\/\"},{\"@type\":\"ListItem\",\"position\":2,\"name\":\"Beb\u00ea nasce dentro de ambul\u00e2ncia em Toledo ap\u00f3s atendimento r\u00e1pido do Samu\"}]},{\"@type\":\"WebSite\",\"@id\":\"https:\\\/\\\/jornalboasnoticias.com.br\\\/home\\\/#website\",\"url\":\"https:\\\/\\\/jornalboasnoticias.com.br\\\/home\\\/\",\"name\":\"Jornal Boas Not\u00edcias\",\"description\":\"Boas not\u00edcias\",\"publisher\":{\"@id\":\"https:\\\/\\\/jornalboasnoticias.com.br\\\/home\\\/#organization\"},\"potentialAction\":[{\"@type\":\"SearchAction\",\"target\":{\"@type\":\"EntryPoint\",\"urlTemplate\":\"https:\\\/\\\/jornalboasnoticias.com.br\\\/home\\\/?s={search_term_string}\"},\"query-input\":{\"@type\":\"PropertyValueSpecification\",\"valueRequired\":true,\"valueName\":\"search_term_string\"}}],\"inLanguage\":\"pt-BR\"},{\"@type\":\"Organization\",\"@id\":\"https:\\\/\\\/jornalboasnoticias.com.br\\\/home\\\/#organization\",\"name\":\"Coq Editora Ltda\",\"alternateName\":\"Jornal Boas Noticias\",\"url\":\"https:\\\/\\\/jornalboasnoticias.com.br\\\/home\\\/\",\"logo\":{\"@type\":\"ImageObject\",\"inLanguage\":\"pt-BR\",\"@id\":\"https:\\\/\\\/jornalboasnoticias.com.br\\\/home\\\/#\\\/schema\\\/logo\\\/image\\\/\",\"url\":\"https:\\\/\\\/jornalboasnoticias.com.br\\\/home\\\/wp-content\\\/uploads\\\/2024\\\/07\\\/cropped-logo.jpg\",\"contentUrl\":\"https:\\\/\\\/jornalboasnoticias.com.br\\\/home\\\/wp-content\\\/uploads\\\/2024\\\/07\\\/cropped-logo.jpg\",\"width\":290,\"height\":142,\"caption\":\"Coq Editora Ltda\"},\"image\":{\"@id\":\"https:\\\/\\\/jornalboasnoticias.com.br\\\/home\\\/#\\\/schema\\\/logo\\\/image\\\/\"},\"sameAs\":[\"https:\\\/\\\/www.facebook.com\\\/boasnoticiasjornal\"]},{\"@type\":\"Person\",\"@id\":\"https:\\\/\\\/jornalboasnoticias.com.br\\\/home\\\/#\\\/schema\\\/person\\\/75f9ebde398c998c166475fb446bda62\",\"name\":\"Luiz Carlos da Cruz\",\"image\":{\"@type\":\"ImageObject\",\"inLanguage\":\"pt-BR\",\"@id\":\"https:\\\/\\\/secure.gravatar.com\\\/avatar\\\/e6f4f45301b6cb8572f7b076572e8ac11c1db80e805d8c8d0858cf286ce3ac3b?s=96&d=mm&r=g\",\"url\":\"https:\\\/\\\/secure.gravatar.com\\\/avatar\\\/e6f4f45301b6cb8572f7b076572e8ac11c1db80e805d8c8d0858cf286ce3ac3b?s=96&d=mm&r=g\",\"contentUrl\":\"https:\\\/\\\/secure.gravatar.com\\\/avatar\\\/e6f4f45301b6cb8572f7b076572e8ac11c1db80e805d8c8d0858cf286ce3ac3b?s=96&d=mm&r=g\",\"caption\":\"Luiz Carlos da Cruz\"},\"url\":\"https:\\\/\\\/jornalboasnoticias.com.br\\\/home\\\/author\\\/luiz-carlos-da-cruz\\\/\"}]}<\/script>\n<!-- \/ Yoast SEO plugin. -->","yoast_head_json":{"title":"Beb\u00ea nasce dentro de ambul\u00e2ncia em Toledo ap\u00f3s atendimento r\u00e1pido do Samu - Jornal","description":"Beb\u00ea nasce dentro de ambul\u00e2ncia em Toledo ap\u00f3s atendimento r\u00e1pido do Samu","robots":{"index":"index","follow":"follow","max-snippet":"max-snippet:-1","max-image-preview":"max-image-preview:large","max-video-preview":"max-video-preview:-1"},"canonical":"https:\/\/jornalboasnoticias.com.br\/home\/bebe-nasce-dentro-de-ambulancia-em-toledo-apos-atendimento-rapido-do-samu\/","og_locale":"pt_BR","og_type":"article","og_title":"Beb\u00ea nasce dentro de ambul\u00e2ncia em Toledo ap\u00f3s atendimento r\u00e1pido do Samu - Jornal","og_description":"Beb\u00ea nasce dentro de ambul\u00e2ncia em Toledo ap\u00f3s atendimento r\u00e1pido do Samu","og_url":"https:\/\/jornalboasnoticias.com.br\/home\/bebe-nasce-dentro-de-ambulancia-em-toledo-apos-atendimento-rapido-do-samu\/","og_site_name":"Jornal","article_publisher":"https:\/\/www.facebook.com\/boasnoticiasjornal","article_published_time":"2025-12-10T12:02:48+00:00","og_image":[{"width":603,"height":395,"url":"https:\/\/jornalboasnoticias.com.br\/home\/wp-content\/uploads\/2025\/12\/g_20251210_082122_73.jpg","type":"image\/jpeg"}],"author":"Luiz Carlos da Cruz","twitter_card":"summary_large_image","twitter_misc":{"Escrito por":"Luiz Carlos da Cruz","Est. tempo de leitura":"2 minutos"},"schema":{"@context":"https:\/\/schema.org","@graph":[{"@type":"Article","@id":"https:\/\/jornalboasnoticias.com.br\/home\/bebe-nasce-dentro-de-ambulancia-em-toledo-apos-atendimento-rapido-do-samu\/#article","isPartOf":{"@id":"https:\/\/jornalboasnoticias.com.br\/home\/bebe-nasce-dentro-de-ambulancia-em-toledo-apos-atendimento-rapido-do-samu\/"},"author":{"name":"Luiz Carlos da Cruz","@id":"https:\/\/jornalboasnoticias.com.br\/home\/#\/schema\/person\/75f9ebde398c998c166475fb446bda62"},"headline":"Beb\u00ea nasce dentro de ambul\u00e2ncia em Toledo ap\u00f3s atendimento r\u00e1pido do Samu","datePublished":"2025-12-10T12:02:48+00:00","mainEntityOfPage":{"@id":"https:\/\/jornalboasnoticias.com.br\/home\/bebe-nasce-dentro-de-ambulancia-em-toledo-apos-atendimento-rapido-do-samu\/"},"wordCount":179,"commentCount":0,"publisher":{"@id":"https:\/\/jornalboasnoticias.com.br\/home\/#organization"},"image":{"@id":"https:\/\/jornalboasnoticias.com.br\/home\/bebe-nasce-dentro-de-ambulancia-em-toledo-apos-atendimento-rapido-do-samu\/#primaryimage"},"thumbnailUrl":"https:\/\/jornalboasnoticias.com.br\/home\/wp-content\/uploads\/2025\/12\/g_20251210_082122_73.jpg","articleSection":["PARAN\u00c1"],"inLanguage":"pt-BR","potentialAction":[{"@type":"CommentAction","name":"Comment","target":["https:\/\/jornalboasnoticias.com.br\/home\/bebe-nasce-dentro-de-ambulancia-em-toledo-apos-atendimento-rapido-do-samu\/#respond"]}]},{"@type":"WebPage","@id":"https:\/\/jornalboasnoticias.com.br\/home\/bebe-nasce-dentro-de-ambulancia-em-toledo-apos-atendimento-rapido-do-samu\/","url":"https:\/\/jornalboasnoticias.com.br\/home\/bebe-nasce-dentro-de-ambulancia-em-toledo-apos-atendimento-rapido-do-samu\/","name":"Beb\u00ea nasce dentro de ambul\u00e2ncia em Toledo ap\u00f3s atendimento r\u00e1pido do Samu - Jornal","isPartOf":{"@id":"https:\/\/jornalboasnoticias.com.br\/home\/#website"},"primaryImageOfPage":{"@id":"https:\/\/jornalboasnoticias.com.br\/home\/bebe-nasce-dentro-de-ambulancia-em-toledo-apos-atendimento-rapido-do-samu\/#primaryimage"},"image":{"@id":"https:\/\/jornalboasnoticias.com.br\/home\/bebe-nasce-dentro-de-ambulancia-em-toledo-apos-atendimento-rapido-do-samu\/#primaryimage"},"thumbnailUrl":"https:\/\/jornalboasnoticias.com.br\/home\/wp-content\/uploads\/2025\/12\/g_20251210_082122_73.jpg","datePublished":"2025-12-10T12:02:48+00:00","description":"Beb\u00ea nasce dentro de ambul\u00e2ncia em Toledo ap\u00f3s atendimento r\u00e1pido do Samu","breadcrumb":{"@id":"https:\/\/jornalboasnoticias.com.br\/home\/bebe-nasce-dentro-de-ambulancia-em-toledo-apos-atendimento-rapido-do-samu\/#breadcrumb"},"inLanguage":"pt-BR","potentialAction":[{"@type":"ReadAction","target":["https:\/\/jornalboasnoticias.com.br\/home\/bebe-nasce-dentro-de-ambulancia-em-toledo-apos-atendimento-rapido-do-samu\/"]}]},{"@type":"ImageObject","inLanguage":"pt-BR","@id":"https:\/\/jornalboasnoticias.com.br\/home\/bebe-nasce-dentro-de-ambulancia-em-toledo-apos-atendimento-rapido-do-samu\/#primaryimage","url":"https:\/\/jornalboasnoticias.com.br\/home\/wp-content\/uploads\/2025\/12\/g_20251210_082122_73.jpg","contentUrl":"https:\/\/jornalboasnoticias.com.br\/home\/wp-content\/uploads\/2025\/12\/g_20251210_082122_73.jpg","width":603,"height":395,"caption":"Divulga\u00e7\u00e3o"},{"@type":"BreadcrumbList","@id":"https:\/\/jornalboasnoticias.com.br\/home\/bebe-nasce-dentro-de-ambulancia-em-toledo-apos-atendimento-rapido-do-samu\/#breadcrumb","itemListElement":[{"@type":"ListItem","position":1,"name":"In\u00edcio","item":"https:\/\/jornalboasnoticias.com.br\/home\/"},{"@type":"ListItem","position":2,"name":"Beb\u00ea nasce dentro de ambul\u00e2ncia em Toledo ap\u00f3s atendimento r\u00e1pido do Samu"}]},{"@type":"WebSite","@id":"https:\/\/jornalboasnoticias.com.br\/home\/#website","url":"https:\/\/jornalboasnoticias.com.br\/home\/","name":"Jornal Boas Not\u00edcias","description":"Boas not\u00edcias","publisher":{"@id":"https:\/\/jornalboasnoticias.com.br\/home\/#organization"},"potentialAction":[{"@type":"SearchAction","target":{"@type":"EntryPoint","urlTemplate":"https:\/\/jornalboasnoticias.com.br\/home\/?s={search_term_string}"},"query-input":{"@type":"PropertyValueSpecification","valueRequired":true,"valueName":"search_term_string"}}],"inLanguage":"pt-BR"},{"@type":"Organization","@id":"https:\/\/jornalboasnoticias.com.br\/home\/#organization","name":"Coq Editora Ltda","alternateName":"Jornal Boas Noticias","url":"https:\/\/jornalboasnoticias.com.br\/home\/","logo":{"@type":"ImageObject","inLanguage":"pt-BR","@id":"https:\/\/jornalboasnoticias.com.br\/home\/#\/schema\/logo\/image\/","url":"https:\/\/jornalboasnoticias.com.br\/home\/wp-content\/uploads\/2024\/07\/cropped-logo.jpg","contentUrl":"https:\/\/jornalboasnoticias.com.br\/home\/wp-content\/uploads\/2024\/07\/cropped-logo.jpg","width":290,"height":142,"caption":"Coq Editora Ltda"},"image":{"@id":"https:\/\/jornalboasnoticias.com.br\/home\/#\/schema\/logo\/image\/"},"sameAs":["https:\/\/www.facebook.com\/boasnoticiasjornal"]},{"@type":"Person","@id":"https:\/\/jornalboasnoticias.com.br\/home\/#\/schema\/person\/75f9ebde398c998c166475fb446bda62","name":"Luiz Carlos da Cruz","image":{"@type":"ImageObject","inLanguage":"pt-BR","@id":"https:\/\/secure.gravatar.com\/avatar\/e6f4f45301b6cb8572f7b076572e8ac11c1db80e805d8c8d0858cf286ce3ac3b?s=96&d=mm&r=g","url":"https:\/\/secure.gravatar.com\/avatar\/e6f4f45301b6cb8572f7b076572e8ac11c1db80e805d8c8d0858cf286ce3ac3b?s=96&d=mm&r=g","contentUrl":"https:\/\/secure.gravatar.com\/avatar\/e6f4f45301b6cb8572f7b076572e8ac11c1db80e805d8c8d0858cf286ce3ac3b?s=96&d=mm&r=g","caption":"Luiz Carlos da Cruz"},"url":"https:\/\/jornalboasnoticias.com.br\/home\/author\/luiz-carlos-da-cruz\/"}]}},"_links":{"self":[{"href":"https:\/\/jornalboasnoticias.com.br\/home\/wp-json\/wp\/v2\/posts\/46814","targetHints":{"allow":["GET"]}}],"collection":[{"href":"https:\/\/jornalboasnoticias.com.br\/home\/wp-json\/wp\/v2\/posts"}],"about":[{"href":"https:\/\/jornalboasnoticias.com.br\/home\/wp-json\/wp\/v2\/types\/post"}],"author":[{"embeddable":true,"href":"https:\/\/jornalboasnoticias.com.br\/home\/wp-json\/wp\/v2\/users\/3"}],"replies":[{"embeddable":true,"href":"https:\/\/jornalboasnoticias.com.br\/home\/wp-json\/wp\/v2\/comments?post=46814"}],"version-history":[{"count":1,"href":"https:\/\/jornalboasnoticias.com.br\/home\/wp-json\/wp\/v2\/posts\/46814\/revisions"}],"predecessor-version":[{"id":46816,"href":"https:\/\/jornalboasnoticias.com.br\/home\/wp-json\/wp\/v2\/posts\/46814\/revisions\/46816"}],"wp:featuredmedia":[{"embeddable":true,"href":"https:\/\/jornalboasnoticias.com.br\/home\/wp-json\/wp\/v2\/media\/46815"}],"wp:attachment":[{"href":"https:\/\/jornalboasnoticias.com.br\/home\/wp-json\/wp\/v2\/media?parent=46814"}],"wp:term":[{"taxonomy":"category","embeddable":true,"href":"https:\/\/jornalboasnoticias.com.br\/home\/wp-json\/wp\/v2\/categories?post=46814"},{"taxonomy":"post_tag","embeddable":true,"href":"https:\/\/jornalboasnoticias.com.br\/home\/wp-json\/wp\/v2\/tags?post=46814"}],"curies":[{"name":"wp","href":"https:\/\/api.w.org\/{rel}","templated":true}]}}