{"id":46807,"date":"2025-12-09T19:12:54","date_gmt":"2025-12-09T19:12:54","guid":{"rendered":"https:\/\/jornalboasnoticias.com.br\/home\/?p=46807"},"modified":"2025-12-09T19:12:54","modified_gmt":"2025-12-09T19:12:54","slug":"cascavel-arrecada-mais-de-r-18-milhao-com-imposto-de-renda-para-projetos-sociais","status":"publish","type":"post","link":"https:\/\/jornalboasnoticias.com.br\/home\/cascavel-arrecada-mais-de-r-18-milhao-com-imposto-de-renda-para-projetos-sociais\/","title":{"rendered":"Cascavel arrecada mais de R$ 1,8 milh\u00e3o com imposto de renda para projetos sociais"},"content":{"rendered":"<blockquote>\n<p style=\"text-align: center;\">Dados divulgados pela Receita Federal mostram que Cascavel teve crescimento superior a 34% na arrecada\u00e7\u00e3o em compara\u00e7\u00e3o com o ano passado, mas tem potencial para muito mais<\/p>\n<\/blockquote>\n<figure id=\"attachment_46808\" aria-describedby=\"caption-attachment-46808\" style=\"width: 1280px\" class=\"wp-caption alignnone\"><img loading=\"lazy\" decoding=\"async\" class=\"size-full wp-image-46808\" src=\"https:\/\/jornalboasnoticias.com.br\/home\/wp-content\/uploads\/2025\/12\/WhatsApp-Image-2025-12-09-at-09_43_37-1.jpeg\" alt=\"\" width=\"1280\" height=\"853\" srcset=\"https:\/\/jornalboasnoticias.com.br\/home\/wp-content\/uploads\/2025\/12\/WhatsApp-Image-2025-12-09-at-09_43_37-1.jpeg 1280w, https:\/\/jornalboasnoticias.com.br\/home\/wp-content\/uploads\/2025\/12\/WhatsApp-Image-2025-12-09-at-09_43_37-1-300x200.jpeg 300w, https:\/\/jornalboasnoticias.com.br\/home\/wp-content\/uploads\/2025\/12\/WhatsApp-Image-2025-12-09-at-09_43_37-1-1024x682.jpeg 1024w, https:\/\/jornalboasnoticias.com.br\/home\/wp-content\/uploads\/2025\/12\/WhatsApp-Image-2025-12-09-at-09_43_37-1-768x512.jpeg 768w, https:\/\/jornalboasnoticias.com.br\/home\/wp-content\/uploads\/2025\/12\/WhatsApp-Image-2025-12-09-at-09_43_37-1-900x600.jpeg 900w\" sizes=\"auto, (max-width: 1280px) 100vw, 1280px\" \/><figcaption id=\"caption-attachment-46808\" class=\"wp-caption-text\">Divulga\u00e7\u00e3o<\/figcaption><\/figure>\n<p>O CMDCA (Conselho Municipal dos Direitos da Crian\u00e7a e do Adolescente) em parceria com a Secretaria de Assist\u00eancia Social e Sincovel ( Sindicato dos Contabilistas de Cascavel), apresentou, nesta ter\u00e7a-feira (9), a presta\u00e7\u00e3o de contas da Campanha Tributo \u00e0 Cidadania, que permite que pessoas f\u00edsicas e jur\u00eddicas destinem parte do Imposto de Renda devido aos Fundos Municipais da Crian\u00e7a e do Adolescente e da Pessoa Idosa.<\/p>\n<p>Os dados divulgados pela Receita Federal mostram que Cascavel teve crescimento superior a 34% na arrecada\u00e7\u00e3o em compara\u00e7\u00e3o com o ano passado. Em 2025, foram destinados R$1.801.114,10, somando FIA (Fundo da Inf\u00e2ncia e da Adolesc\u00eancia) e Fundo do Idoso, frente a R$1.336.558,34 arrecadados em 2024.<\/p>\n<p>Apesar do crescimento expressivo, a secret\u00e1ria de Assist\u00eancia Social, Rosely Vascelai destaca que Cascavel ainda est\u00e1 longe do seu potencial. Segundo ela, o munic\u00edpio poderia arrecadar muito mais, caso todas as pessoas f\u00edsicas e jur\u00eddicas que t\u00eam direito realizassem a destina\u00e7\u00e3o. \u201cIsso n\u00e3o custa nada ao contribuinte, n\u00e3o \u00e9 doa\u00e7\u00e3o extra, \u00e9 uma destina\u00e7\u00e3o do imposto que j\u00e1 seria recolhido. Esse recurso deixa de ir para a Uni\u00e3o e fica aqui, ajudando diretamente nossas crian\u00e7as, adolescentes e idosos\u201d, ressaltou.<\/p>\n<p>O prefeito, Renato Silva, refor\u00e7a a import\u00e2ncia da participa\u00e7\u00e3o da sociedade. \u201c\u00c9 uma forma simples de contribuir. Parte do imposto que j\u00e1 \u00e9 devido permanece em Cascavel e fortalece entidades que fazem um trabalho essencial. Isso melhora a vida de quem mais precisa e gera pertencimento na comunidade\u201d.<\/p>\n<p>Podem destinar at\u00e9 3% do imposto devido para o FIA e 3% para o Fundo do Idoso diretamente na declara\u00e7\u00e3o do IR, no modelo completo. O sistema da Receita calcula automaticamente os valores. Empresas tributadas pelo lucro real podem destinar 1% do imposto devido ao longo do ano, nos recolhimentos mensais ou trimestrais.<\/p>\n<p>A campanha conta com apoio da Prefeitura, do Conselho Municipal dos Direitos da Crian\u00e7a (CMDCA), do Conselho Municipal dos Direitos da Pessoa Idosa (CMDPI) e de entidades como Sincovel, OAB, ACIC e outras organiza\u00e7\u00f5es da sociedade civil.<\/p>\n<p>O representante do Sincovel, William Fisher, refor\u00e7a a simplicidade do processo. \u00a0\u201cBasta acessar o portal assistirvidas.com.br, escolher o projeto e destinar parte do imposto devido. Uma lei municipal garante que 97% do valor chegue diretamente \u00e0 entidade escolhida.\u201d<\/p>\n<p>Em 2025, os recursos do FIA possibilitaram o financiamento de projetos que atendem mais de 1 mil crian\u00e7as e adolescentes em situa\u00e7\u00e3o de vulnerabilidade, incluindo acolhimento institucional, inicia\u00e7\u00e3o esportiva, atividades socioeducativas e fortalecimento de v\u00ednculos.<\/p>\n<p><strong>Entre as entidades apoiadas est\u00e3o:<\/strong><\/p>\n<p>\u2022Associa\u00e7\u00e3o Recanto da Crian\u00e7a<\/p>\n<p>\u2022Cemic (dois projetos)<\/p>\n<p>\u2022Associa\u00e7\u00e3o Esportiva Juventus<\/p>\n<p>\u2022Instituto Stein<\/p>\n<p>\u2022F\u00e1brica Cascavelense de Cidad\u00e3os<\/p>\n<p>\u2022Associa\u00e7\u00e3o Cascavelense de Handebol<\/p>\n<p>Para o pr\u00f3ximo ciclo (2026), novas parcerias j\u00e1 est\u00e3o aprovadas, incluindo Apae, Apofilab, Associa\u00e7\u00e3o de Capoeira Serpente do Oeste, CIEE\/PR, Funda\u00e7\u00e3o FAG e Associa\u00e7\u00e3o Desportiva Thithas.<\/p>\n<p>O coordenador-t\u00e9cnico da Associa\u00e7\u00e3o Comunit\u00e1ria Thithas, Marcelo Veloso, destacou o impacto do FIA, na entidade beneficiada. \u201cSem o FIA, n\u00e3o conseguir\u00edamos manter o projeto. Ele nos permitiu contratar profissionais qualificados e ampliar o atendimento. Estamos formando atletas e, principalmente, cidad\u00e3os\u201d.<\/p>\n<p>Todas as orienta\u00e7\u00f5es, entidades cadastradas e projetos aprovados est\u00e3o dispon\u00edveis em: assistirvidas.com.br<\/p>\n<p>A Secretaria refor\u00e7a que destinar o Imposto de Renda n\u00e3o aumenta o valor pago pelo contribuinte, apenas determina que parte do imposto permane\u00e7a no munic\u00edpio, garantindo mais oportunidades, prote\u00e7\u00e3o e futuro digno para crian\u00e7as, adolescentes e idosos de Cascavel.<\/p>\n<p><em>Prefeitura de Cascavel<\/em><\/p>\n","protected":false},"excerpt":{"rendered":"<p>Dados divulgados pela Receita Federal mostram que Cascavel teve crescimento superior a 34% na arrecada\u00e7\u00e3o<\/p>\n","protected":false},"author":3,"featured_media":46808,"comment_status":"open","ping_status":"open","sticky":false,"template":"","format":"standard","meta":{"footnotes":""},"categories":[2],"tags":[],"class_list":["post-46807","post","type-post","status-publish","format-standard","has-post-thumbnail","hentry","category-cascavel"],"yoast_head":"<!-- This site is optimized with the Yoast SEO plugin v27.5 - https:\/\/yoast.com\/product\/yoast-seo-wordpress\/ -->\n<title>Cascavel arrecada mais de R$ 1,8 milh\u00e3o com imposto de renda para projetos sociais - Jornal<\/title>\n<meta name=\"description\" content=\"Cascavel arrecada mais de R$ 1,8 milh\u00e3o com imposto de renda para projetos sociais\" \/>\n<meta name=\"robots\" content=\"index, follow, max-snippet:-1, max-image-preview:large, max-video-preview:-1\" \/>\n<link rel=\"canonical\" href=\"https:\/\/jornalboasnoticias.com.br\/home\/cascavel-arrecada-mais-de-r-18-milhao-com-imposto-de-renda-para-projetos-sociais\/\" \/>\n<meta property=\"og:locale\" content=\"pt_BR\" \/>\n<meta property=\"og:type\" content=\"article\" \/>\n<meta property=\"og:title\" content=\"Cascavel arrecada mais de R$ 1,8 milh\u00e3o com imposto de renda para projetos sociais - Jornal\" \/>\n<meta property=\"og:description\" content=\"Cascavel arrecada mais de R$ 1,8 milh\u00e3o com imposto de renda para projetos sociais\" \/>\n<meta property=\"og:url\" content=\"https:\/\/jornalboasnoticias.com.br\/home\/cascavel-arrecada-mais-de-r-18-milhao-com-imposto-de-renda-para-projetos-sociais\/\" \/>\n<meta property=\"og:site_name\" content=\"Jornal\" \/>\n<meta property=\"article:publisher\" content=\"https:\/\/www.facebook.com\/boasnoticiasjornal\" \/>\n<meta property=\"article:published_time\" content=\"2025-12-09T19:12:54+00:00\" \/>\n<meta property=\"og:image\" content=\"https:\/\/jornalboasnoticias.com.br\/home\/wp-content\/uploads\/2025\/12\/WhatsApp-Image-2025-12-09-at-09_43_37-1.jpeg\" \/>\n\t<meta property=\"og:image:width\" content=\"1280\" \/>\n\t<meta property=\"og:image:height\" content=\"853\" \/>\n\t<meta property=\"og:image:type\" content=\"image\/jpeg\" \/>\n<meta name=\"author\" content=\"Luiz Carlos da Cruz\" \/>\n<meta name=\"twitter:card\" content=\"summary_large_image\" \/>\n<meta name=\"twitter:label1\" content=\"Escrito por\" \/>\n\t<meta name=\"twitter:data1\" content=\"Luiz Carlos da Cruz\" \/>\n\t<meta name=\"twitter:label2\" content=\"Est. tempo de leitura\" \/>\n\t<meta name=\"twitter:data2\" content=\"4 minutos\" \/>\n<script type=\"application\/ld+json\" class=\"yoast-schema-graph\">{\"@context\":\"https:\\\/\\\/schema.org\",\"@graph\":[{\"@type\":\"Article\",\"@id\":\"https:\\\/\\\/jornalboasnoticias.com.br\\\/home\\\/cascavel-arrecada-mais-de-r-18-milhao-com-imposto-de-renda-para-projetos-sociais\\\/#article\",\"isPartOf\":{\"@id\":\"https:\\\/\\\/jornalboasnoticias.com.br\\\/home\\\/cascavel-arrecada-mais-de-r-18-milhao-com-imposto-de-renda-para-projetos-sociais\\\/\"},\"author\":{\"name\":\"Luiz Carlos da Cruz\",\"@id\":\"https:\\\/\\\/jornalboasnoticias.com.br\\\/home\\\/#\\\/schema\\\/person\\\/75f9ebde398c998c166475fb446bda62\"},\"headline\":\"Cascavel arrecada mais de R$ 1,8 milh\u00e3o com imposto de renda para projetos sociais\",\"datePublished\":\"2025-12-09T19:12:54+00:00\",\"mainEntityOfPage\":{\"@id\":\"https:\\\/\\\/jornalboasnoticias.com.br\\\/home\\\/cascavel-arrecada-mais-de-r-18-milhao-com-imposto-de-renda-para-projetos-sociais\\\/\"},\"wordCount\":646,\"commentCount\":0,\"publisher\":{\"@id\":\"https:\\\/\\\/jornalboasnoticias.com.br\\\/home\\\/#organization\"},\"image\":{\"@id\":\"https:\\\/\\\/jornalboasnoticias.com.br\\\/home\\\/cascavel-arrecada-mais-de-r-18-milhao-com-imposto-de-renda-para-projetos-sociais\\\/#primaryimage\"},\"thumbnailUrl\":\"https:\\\/\\\/jornalboasnoticias.com.br\\\/home\\\/wp-content\\\/uploads\\\/2025\\\/12\\\/WhatsApp-Image-2025-12-09-at-09_43_37-1.jpeg\",\"articleSection\":[\"CASCAVEL\"],\"inLanguage\":\"pt-BR\",\"potentialAction\":[{\"@type\":\"CommentAction\",\"name\":\"Comment\",\"target\":[\"https:\\\/\\\/jornalboasnoticias.com.br\\\/home\\\/cascavel-arrecada-mais-de-r-18-milhao-com-imposto-de-renda-para-projetos-sociais\\\/#respond\"]}]},{\"@type\":\"WebPage\",\"@id\":\"https:\\\/\\\/jornalboasnoticias.com.br\\\/home\\\/cascavel-arrecada-mais-de-r-18-milhao-com-imposto-de-renda-para-projetos-sociais\\\/\",\"url\":\"https:\\\/\\\/jornalboasnoticias.com.br\\\/home\\\/cascavel-arrecada-mais-de-r-18-milhao-com-imposto-de-renda-para-projetos-sociais\\\/\",\"name\":\"Cascavel arrecada mais de R$ 1,8 milh\u00e3o com imposto de renda para projetos sociais - Jornal\",\"isPartOf\":{\"@id\":\"https:\\\/\\\/jornalboasnoticias.com.br\\\/home\\\/#website\"},\"primaryImageOfPage\":{\"@id\":\"https:\\\/\\\/jornalboasnoticias.com.br\\\/home\\\/cascavel-arrecada-mais-de-r-18-milhao-com-imposto-de-renda-para-projetos-sociais\\\/#primaryimage\"},\"image\":{\"@id\":\"https:\\\/\\\/jornalboasnoticias.com.br\\\/home\\\/cascavel-arrecada-mais-de-r-18-milhao-com-imposto-de-renda-para-projetos-sociais\\\/#primaryimage\"},\"thumbnailUrl\":\"https:\\\/\\\/jornalboasnoticias.com.br\\\/home\\\/wp-content\\\/uploads\\\/2025\\\/12\\\/WhatsApp-Image-2025-12-09-at-09_43_37-1.jpeg\",\"datePublished\":\"2025-12-09T19:12:54+00:00\",\"description\":\"Cascavel arrecada mais de R$ 1,8 milh\u00e3o com imposto de renda para projetos sociais\",\"breadcrumb\":{\"@id\":\"https:\\\/\\\/jornalboasnoticias.com.br\\\/home\\\/cascavel-arrecada-mais-de-r-18-milhao-com-imposto-de-renda-para-projetos-sociais\\\/#breadcrumb\"},\"inLanguage\":\"pt-BR\",\"potentialAction\":[{\"@type\":\"ReadAction\",\"target\":[\"https:\\\/\\\/jornalboasnoticias.com.br\\\/home\\\/cascavel-arrecada-mais-de-r-18-milhao-com-imposto-de-renda-para-projetos-sociais\\\/\"]}]},{\"@type\":\"ImageObject\",\"inLanguage\":\"pt-BR\",\"@id\":\"https:\\\/\\\/jornalboasnoticias.com.br\\\/home\\\/cascavel-arrecada-mais-de-r-18-milhao-com-imposto-de-renda-para-projetos-sociais\\\/#primaryimage\",\"url\":\"https:\\\/\\\/jornalboasnoticias.com.br\\\/home\\\/wp-content\\\/uploads\\\/2025\\\/12\\\/WhatsApp-Image-2025-12-09-at-09_43_37-1.jpeg\",\"contentUrl\":\"https:\\\/\\\/jornalboasnoticias.com.br\\\/home\\\/wp-content\\\/uploads\\\/2025\\\/12\\\/WhatsApp-Image-2025-12-09-at-09_43_37-1.jpeg\",\"width\":1280,\"height\":853,\"caption\":\"Divulga\u00e7\u00e3o\"},{\"@type\":\"BreadcrumbList\",\"@id\":\"https:\\\/\\\/jornalboasnoticias.com.br\\\/home\\\/cascavel-arrecada-mais-de-r-18-milhao-com-imposto-de-renda-para-projetos-sociais\\\/#breadcrumb\",\"itemListElement\":[{\"@type\":\"ListItem\",\"position\":1,\"name\":\"In\u00edcio\",\"item\":\"https:\\\/\\\/jornalboasnoticias.com.br\\\/home\\\/\"},{\"@type\":\"ListItem\",\"position\":2,\"name\":\"Cascavel arrecada mais de R$ 1,8 milh\u00e3o com imposto de renda para projetos sociais\"}]},{\"@type\":\"WebSite\",\"@id\":\"https:\\\/\\\/jornalboasnoticias.com.br\\\/home\\\/#website\",\"url\":\"https:\\\/\\\/jornalboasnoticias.com.br\\\/home\\\/\",\"name\":\"Jornal Boas Not\u00edcias\",\"description\":\"Boas not\u00edcias\",\"publisher\":{\"@id\":\"https:\\\/\\\/jornalboasnoticias.com.br\\\/home\\\/#organization\"},\"potentialAction\":[{\"@type\":\"SearchAction\",\"target\":{\"@type\":\"EntryPoint\",\"urlTemplate\":\"https:\\\/\\\/jornalboasnoticias.com.br\\\/home\\\/?s={search_term_string}\"},\"query-input\":{\"@type\":\"PropertyValueSpecification\",\"valueRequired\":true,\"valueName\":\"search_term_string\"}}],\"inLanguage\":\"pt-BR\"},{\"@type\":\"Organization\",\"@id\":\"https:\\\/\\\/jornalboasnoticias.com.br\\\/home\\\/#organization\",\"name\":\"Coq Editora Ltda\",\"alternateName\":\"Jornal Boas Noticias\",\"url\":\"https:\\\/\\\/jornalboasnoticias.com.br\\\/home\\\/\",\"logo\":{\"@type\":\"ImageObject\",\"inLanguage\":\"pt-BR\",\"@id\":\"https:\\\/\\\/jornalboasnoticias.com.br\\\/home\\\/#\\\/schema\\\/logo\\\/image\\\/\",\"url\":\"https:\\\/\\\/jornalboasnoticias.com.br\\\/home\\\/wp-content\\\/uploads\\\/2024\\\/07\\\/cropped-logo.jpg\",\"contentUrl\":\"https:\\\/\\\/jornalboasnoticias.com.br\\\/home\\\/wp-content\\\/uploads\\\/2024\\\/07\\\/cropped-logo.jpg\",\"width\":290,\"height\":142,\"caption\":\"Coq Editora Ltda\"},\"image\":{\"@id\":\"https:\\\/\\\/jornalboasnoticias.com.br\\\/home\\\/#\\\/schema\\\/logo\\\/image\\\/\"},\"sameAs\":[\"https:\\\/\\\/www.facebook.com\\\/boasnoticiasjornal\"]},{\"@type\":\"Person\",\"@id\":\"https:\\\/\\\/jornalboasnoticias.com.br\\\/home\\\/#\\\/schema\\\/person\\\/75f9ebde398c998c166475fb446bda62\",\"name\":\"Luiz Carlos da Cruz\",\"image\":{\"@type\":\"ImageObject\",\"inLanguage\":\"pt-BR\",\"@id\":\"https:\\\/\\\/secure.gravatar.com\\\/avatar\\\/e6f4f45301b6cb8572f7b076572e8ac11c1db80e805d8c8d0858cf286ce3ac3b?s=96&d=mm&r=g\",\"url\":\"https:\\\/\\\/secure.gravatar.com\\\/avatar\\\/e6f4f45301b6cb8572f7b076572e8ac11c1db80e805d8c8d0858cf286ce3ac3b?s=96&d=mm&r=g\",\"contentUrl\":\"https:\\\/\\\/secure.gravatar.com\\\/avatar\\\/e6f4f45301b6cb8572f7b076572e8ac11c1db80e805d8c8d0858cf286ce3ac3b?s=96&d=mm&r=g\",\"caption\":\"Luiz Carlos da Cruz\"},\"url\":\"https:\\\/\\\/jornalboasnoticias.com.br\\\/home\\\/author\\\/luiz-carlos-da-cruz\\\/\"}]}<\/script>\n<!-- \/ Yoast SEO plugin. -->","yoast_head_json":{"title":"Cascavel arrecada mais de R$ 1,8 milh\u00e3o com imposto de renda para projetos sociais - Jornal","description":"Cascavel arrecada mais de R$ 1,8 milh\u00e3o com imposto de renda para projetos sociais","robots":{"index":"index","follow":"follow","max-snippet":"max-snippet:-1","max-image-preview":"max-image-preview:large","max-video-preview":"max-video-preview:-1"},"canonical":"https:\/\/jornalboasnoticias.com.br\/home\/cascavel-arrecada-mais-de-r-18-milhao-com-imposto-de-renda-para-projetos-sociais\/","og_locale":"pt_BR","og_type":"article","og_title":"Cascavel arrecada mais de R$ 1,8 milh\u00e3o com imposto de renda para projetos sociais - Jornal","og_description":"Cascavel arrecada mais de R$ 1,8 milh\u00e3o com imposto de renda para projetos sociais","og_url":"https:\/\/jornalboasnoticias.com.br\/home\/cascavel-arrecada-mais-de-r-18-milhao-com-imposto-de-renda-para-projetos-sociais\/","og_site_name":"Jornal","article_publisher":"https:\/\/www.facebook.com\/boasnoticiasjornal","article_published_time":"2025-12-09T19:12:54+00:00","og_image":[{"width":1280,"height":853,"url":"https:\/\/jornalboasnoticias.com.br\/home\/wp-content\/uploads\/2025\/12\/WhatsApp-Image-2025-12-09-at-09_43_37-1.jpeg","type":"image\/jpeg"}],"author":"Luiz Carlos da Cruz","twitter_card":"summary_large_image","twitter_misc":{"Escrito por":"Luiz Carlos da Cruz","Est. tempo de leitura":"4 minutos"},"schema":{"@context":"https:\/\/schema.org","@graph":[{"@type":"Article","@id":"https:\/\/jornalboasnoticias.com.br\/home\/cascavel-arrecada-mais-de-r-18-milhao-com-imposto-de-renda-para-projetos-sociais\/#article","isPartOf":{"@id":"https:\/\/jornalboasnoticias.com.br\/home\/cascavel-arrecada-mais-de-r-18-milhao-com-imposto-de-renda-para-projetos-sociais\/"},"author":{"name":"Luiz Carlos da Cruz","@id":"https:\/\/jornalboasnoticias.com.br\/home\/#\/schema\/person\/75f9ebde398c998c166475fb446bda62"},"headline":"Cascavel arrecada mais de R$ 1,8 milh\u00e3o com imposto de renda para projetos sociais","datePublished":"2025-12-09T19:12:54+00:00","mainEntityOfPage":{"@id":"https:\/\/jornalboasnoticias.com.br\/home\/cascavel-arrecada-mais-de-r-18-milhao-com-imposto-de-renda-para-projetos-sociais\/"},"wordCount":646,"commentCount":0,"publisher":{"@id":"https:\/\/jornalboasnoticias.com.br\/home\/#organization"},"image":{"@id":"https:\/\/jornalboasnoticias.com.br\/home\/cascavel-arrecada-mais-de-r-18-milhao-com-imposto-de-renda-para-projetos-sociais\/#primaryimage"},"thumbnailUrl":"https:\/\/jornalboasnoticias.com.br\/home\/wp-content\/uploads\/2025\/12\/WhatsApp-Image-2025-12-09-at-09_43_37-1.jpeg","articleSection":["CASCAVEL"],"inLanguage":"pt-BR","potentialAction":[{"@type":"CommentAction","name":"Comment","target":["https:\/\/jornalboasnoticias.com.br\/home\/cascavel-arrecada-mais-de-r-18-milhao-com-imposto-de-renda-para-projetos-sociais\/#respond"]}]},{"@type":"WebPage","@id":"https:\/\/jornalboasnoticias.com.br\/home\/cascavel-arrecada-mais-de-r-18-milhao-com-imposto-de-renda-para-projetos-sociais\/","url":"https:\/\/jornalboasnoticias.com.br\/home\/cascavel-arrecada-mais-de-r-18-milhao-com-imposto-de-renda-para-projetos-sociais\/","name":"Cascavel arrecada mais de R$ 1,8 milh\u00e3o com imposto de renda para projetos sociais - Jornal","isPartOf":{"@id":"https:\/\/jornalboasnoticias.com.br\/home\/#website"},"primaryImageOfPage":{"@id":"https:\/\/jornalboasnoticias.com.br\/home\/cascavel-arrecada-mais-de-r-18-milhao-com-imposto-de-renda-para-projetos-sociais\/#primaryimage"},"image":{"@id":"https:\/\/jornalboasnoticias.com.br\/home\/cascavel-arrecada-mais-de-r-18-milhao-com-imposto-de-renda-para-projetos-sociais\/#primaryimage"},"thumbnailUrl":"https:\/\/jornalboasnoticias.com.br\/home\/wp-content\/uploads\/2025\/12\/WhatsApp-Image-2025-12-09-at-09_43_37-1.jpeg","datePublished":"2025-12-09T19:12:54+00:00","description":"Cascavel arrecada mais de R$ 1,8 milh\u00e3o com imposto de renda para projetos sociais","breadcrumb":{"@id":"https:\/\/jornalboasnoticias.com.br\/home\/cascavel-arrecada-mais-de-r-18-milhao-com-imposto-de-renda-para-projetos-sociais\/#breadcrumb"},"inLanguage":"pt-BR","potentialAction":[{"@type":"ReadAction","target":["https:\/\/jornalboasnoticias.com.br\/home\/cascavel-arrecada-mais-de-r-18-milhao-com-imposto-de-renda-para-projetos-sociais\/"]}]},{"@type":"ImageObject","inLanguage":"pt-BR","@id":"https:\/\/jornalboasnoticias.com.br\/home\/cascavel-arrecada-mais-de-r-18-milhao-com-imposto-de-renda-para-projetos-sociais\/#primaryimage","url":"https:\/\/jornalboasnoticias.com.br\/home\/wp-content\/uploads\/2025\/12\/WhatsApp-Image-2025-12-09-at-09_43_37-1.jpeg","contentUrl":"https:\/\/jornalboasnoticias.com.br\/home\/wp-content\/uploads\/2025\/12\/WhatsApp-Image-2025-12-09-at-09_43_37-1.jpeg","width":1280,"height":853,"caption":"Divulga\u00e7\u00e3o"},{"@type":"BreadcrumbList","@id":"https:\/\/jornalboasnoticias.com.br\/home\/cascavel-arrecada-mais-de-r-18-milhao-com-imposto-de-renda-para-projetos-sociais\/#breadcrumb","itemListElement":[{"@type":"ListItem","position":1,"name":"In\u00edcio","item":"https:\/\/jornalboasnoticias.com.br\/home\/"},{"@type":"ListItem","position":2,"name":"Cascavel arrecada mais de R$ 1,8 milh\u00e3o com imposto de renda para projetos sociais"}]},{"@type":"WebSite","@id":"https:\/\/jornalboasnoticias.com.br\/home\/#website","url":"https:\/\/jornalboasnoticias.com.br\/home\/","name":"Jornal Boas Not\u00edcias","description":"Boas not\u00edcias","publisher":{"@id":"https:\/\/jornalboasnoticias.com.br\/home\/#organization"},"potentialAction":[{"@type":"SearchAction","target":{"@type":"EntryPoint","urlTemplate":"https:\/\/jornalboasnoticias.com.br\/home\/?s={search_term_string}"},"query-input":{"@type":"PropertyValueSpecification","valueRequired":true,"valueName":"search_term_string"}}],"inLanguage":"pt-BR"},{"@type":"Organization","@id":"https:\/\/jornalboasnoticias.com.br\/home\/#organization","name":"Coq Editora Ltda","alternateName":"Jornal Boas Noticias","url":"https:\/\/jornalboasnoticias.com.br\/home\/","logo":{"@type":"ImageObject","inLanguage":"pt-BR","@id":"https:\/\/jornalboasnoticias.com.br\/home\/#\/schema\/logo\/image\/","url":"https:\/\/jornalboasnoticias.com.br\/home\/wp-content\/uploads\/2024\/07\/cropped-logo.jpg","contentUrl":"https:\/\/jornalboasnoticias.com.br\/home\/wp-content\/uploads\/2024\/07\/cropped-logo.jpg","width":290,"height":142,"caption":"Coq Editora Ltda"},"image":{"@id":"https:\/\/jornalboasnoticias.com.br\/home\/#\/schema\/logo\/image\/"},"sameAs":["https:\/\/www.facebook.com\/boasnoticiasjornal"]},{"@type":"Person","@id":"https:\/\/jornalboasnoticias.com.br\/home\/#\/schema\/person\/75f9ebde398c998c166475fb446bda62","name":"Luiz Carlos da Cruz","image":{"@type":"ImageObject","inLanguage":"pt-BR","@id":"https:\/\/secure.gravatar.com\/avatar\/e6f4f45301b6cb8572f7b076572e8ac11c1db80e805d8c8d0858cf286ce3ac3b?s=96&d=mm&r=g","url":"https:\/\/secure.gravatar.com\/avatar\/e6f4f45301b6cb8572f7b076572e8ac11c1db80e805d8c8d0858cf286ce3ac3b?s=96&d=mm&r=g","contentUrl":"https:\/\/secure.gravatar.com\/avatar\/e6f4f45301b6cb8572f7b076572e8ac11c1db80e805d8c8d0858cf286ce3ac3b?s=96&d=mm&r=g","caption":"Luiz Carlos da Cruz"},"url":"https:\/\/jornalboasnoticias.com.br\/home\/author\/luiz-carlos-da-cruz\/"}]}},"_links":{"self":[{"href":"https:\/\/jornalboasnoticias.com.br\/home\/wp-json\/wp\/v2\/posts\/46807","targetHints":{"allow":["GET"]}}],"collection":[{"href":"https:\/\/jornalboasnoticias.com.br\/home\/wp-json\/wp\/v2\/posts"}],"about":[{"href":"https:\/\/jornalboasnoticias.com.br\/home\/wp-json\/wp\/v2\/types\/post"}],"author":[{"embeddable":true,"href":"https:\/\/jornalboasnoticias.com.br\/home\/wp-json\/wp\/v2\/users\/3"}],"replies":[{"embeddable":true,"href":"https:\/\/jornalboasnoticias.com.br\/home\/wp-json\/wp\/v2\/comments?post=46807"}],"version-history":[{"count":1,"href":"https:\/\/jornalboasnoticias.com.br\/home\/wp-json\/wp\/v2\/posts\/46807\/revisions"}],"predecessor-version":[{"id":46809,"href":"https:\/\/jornalboasnoticias.com.br\/home\/wp-json\/wp\/v2\/posts\/46807\/revisions\/46809"}],"wp:featuredmedia":[{"embeddable":true,"href":"https:\/\/jornalboasnoticias.com.br\/home\/wp-json\/wp\/v2\/media\/46808"}],"wp:attachment":[{"href":"https:\/\/jornalboasnoticias.com.br\/home\/wp-json\/wp\/v2\/media?parent=46807"}],"wp:term":[{"taxonomy":"category","embeddable":true,"href":"https:\/\/jornalboasnoticias.com.br\/home\/wp-json\/wp\/v2\/categories?post=46807"},{"taxonomy":"post_tag","embeddable":true,"href":"https:\/\/jornalboasnoticias.com.br\/home\/wp-json\/wp\/v2\/tags?post=46807"}],"curies":[{"name":"wp","href":"https:\/\/api.w.org\/{rel}","templated":true}]}}