{"id":46801,"date":"2025-12-09T17:36:34","date_gmt":"2025-12-09T17:36:34","guid":{"rendered":"https:\/\/jornalboasnoticias.com.br\/home\/?p=46801"},"modified":"2025-12-09T17:36:34","modified_gmt":"2025-12-09T17:36:34","slug":"chuva-adia-show-mas-aline-barros-canta-de-improviso","status":"publish","type":"post","link":"https:\/\/jornalboasnoticias.com.br\/home\/chuva-adia-show-mas-aline-barros-canta-de-improviso\/","title":{"rendered":"Chuva adia show, mas Aline Barros canta de improviso"},"content":{"rendered":"<blockquote>\n<p style=\"text-align: center;\">Segundo a prefeitura, a chuva acompanhada de ventania e alta incid\u00eancia de raios comprometeu equipamentos de som e parte da ilumina\u00e7\u00e3o natalina instalada no local, impossibilitando a realiza\u00e7\u00e3o da apresenta\u00e7\u00e3o prevista para as 19h.<\/p>\n<\/blockquote>\n<div id=\"mvp-content-body-top\" class=\"left relative\">\n<div id=\"mvp-content-main\" class=\"left relative\">\n<figure id=\"attachment_46802\" aria-describedby=\"caption-attachment-46802\" style=\"width: 640px\" class=\"wp-caption aligncenter\"><img loading=\"lazy\" decoding=\"async\" class=\"size-full wp-image-46802\" src=\"https:\/\/jornalboasnoticias.com.br\/home\/wp-content\/uploads\/2025\/12\/WhatsApp-Image-2025-12-08-at-22.55.56.jpeg\" alt=\"\" width=\"640\" height=\"400\" srcset=\"https:\/\/jornalboasnoticias.com.br\/home\/wp-content\/uploads\/2025\/12\/WhatsApp-Image-2025-12-08-at-22.55.56.jpeg 640w, https:\/\/jornalboasnoticias.com.br\/home\/wp-content\/uploads\/2025\/12\/WhatsApp-Image-2025-12-08-at-22.55.56-300x188.jpeg 300w\" sizes=\"auto, (max-width: 640px) 100vw, 640px\" \/><figcaption id=\"caption-attachment-46802\" class=\"wp-caption-text\">Reprodu\u00e7\u00e3o\/Redes Sociais<\/figcaption><\/figure>\n<p>A cantora Aline Barros teve sua apresenta\u00e7\u00e3o adiada em Filad\u00e9lfia, na Bahia, em 6 de dezembro, ap\u00f3s fortes chuvas atingirem a cidade e danificarem a estrutura preparada para o evento. O show seria a principal atra\u00e7\u00e3o do Celebra Filad\u00e9lfia, programa\u00e7\u00e3o evang\u00e9lica realizada na Pra\u00e7a Lu\u00eds Eduardo, no centro do munic\u00edpio.<\/p>\n<p>Segundo a prefeitura, a chuva acompanhada de ventania e alta incid\u00eancia de raios comprometeu equipamentos de som e parte da ilumina\u00e7\u00e3o natalina instalada no local, impossibilitando a realiza\u00e7\u00e3o da apresenta\u00e7\u00e3o prevista para as 19h. Mesmo com o adiamento, Aline Barros foi at\u00e9 a pra\u00e7a acompanhada pelo prefeito Andr\u00e9 Luiz Matos, conhecido como Dr. Andr\u00e9, e conversou com moradores que ainda permaneciam no espa\u00e7o.<\/p>\n<p>Em v\u00eddeos publicados nas redes sociais, a cantora aparece realizando uma ora\u00e7\u00e3o e cantando um trecho da m\u00fasica \u201cJeov\u00e1 Jireh\u201d. A interven\u00e7\u00e3o improvisada reuniu parte do p\u00fablico que aguardava o in\u00edcio do evento e alterou o clima do fim de tarde, que at\u00e9 ent\u00e3o era marcado pela frustra\u00e7\u00e3o diante do cancelamento.<\/p>\n<p>De acordo com informa\u00e7\u00f5es divulgadas pela r\u00e1dio\u00a0<a href=\"https:\/\/exibirgospel.com.br\/aline-barros-canta-na-rua-apos-cancelamento-de-show-na-bahia\/\" target=\"\" rel=\"noopener nofollow\"><em>Exibir Gospel<\/em><\/a>, o Conselho Municipal de Pastores e a prefeitura anunciaram que o Celebra Filad\u00e9lfia ser\u00e1 remarcado. Uma nova data dever\u00e1 ser divulgada nos pr\u00f3ximos dias.<\/p>\n<p><em>Gospel Prime<\/em><\/p>\n<\/div>\n<\/div>\n","protected":false},"excerpt":{"rendered":"<p>Segundo a prefeitura, a chuva acompanhada de ventania e alta incid\u00eancia de raios comprometeu equipamentos<\/p>\n","protected":false},"author":3,"featured_media":46802,"comment_status":"open","ping_status":"open","sticky":false,"template":"","format":"standard","meta":{"footnotes":""},"categories":[6,3],"tags":[],"class_list":["post-46801","post","type-post","status-publish","format-standard","has-post-thumbnail","hentry","category-brasil","category-destaques"],"yoast_head":"<!-- This site is optimized with the Yoast SEO plugin v27.5 - https:\/\/yoast.com\/product\/yoast-seo-wordpress\/ -->\n<title>Chuva adia show, mas Aline Barros canta de improviso - Jornal<\/title>\n<meta name=\"description\" content=\"Chuva adia show, mas Aline Barros canta de improviso\" \/>\n<meta name=\"robots\" content=\"index, follow, max-snippet:-1, max-image-preview:large, max-video-preview:-1\" \/>\n<link rel=\"canonical\" href=\"https:\/\/jornalboasnoticias.com.br\/home\/chuva-adia-show-mas-aline-barros-canta-de-improviso\/\" \/>\n<meta property=\"og:locale\" content=\"pt_BR\" \/>\n<meta property=\"og:type\" content=\"article\" \/>\n<meta property=\"og:title\" content=\"Chuva adia show, mas Aline Barros canta de improviso - Jornal\" \/>\n<meta property=\"og:description\" content=\"Chuva adia show, mas Aline Barros canta de improviso\" \/>\n<meta property=\"og:url\" content=\"https:\/\/jornalboasnoticias.com.br\/home\/chuva-adia-show-mas-aline-barros-canta-de-improviso\/\" \/>\n<meta property=\"og:site_name\" content=\"Jornal\" \/>\n<meta property=\"article:publisher\" content=\"https:\/\/www.facebook.com\/boasnoticiasjornal\" \/>\n<meta property=\"article:published_time\" content=\"2025-12-09T17:36:34+00:00\" \/>\n<meta property=\"og:image\" content=\"https:\/\/jornalboasnoticias.com.br\/home\/wp-content\/uploads\/2025\/12\/WhatsApp-Image-2025-12-08-at-22.55.56.jpeg\" \/>\n\t<meta property=\"og:image:width\" content=\"640\" \/>\n\t<meta property=\"og:image:height\" content=\"400\" \/>\n\t<meta property=\"og:image:type\" content=\"image\/jpeg\" \/>\n<meta name=\"author\" content=\"Luiz Carlos da Cruz\" \/>\n<meta name=\"twitter:card\" content=\"summary_large_image\" \/>\n<meta name=\"twitter:label1\" content=\"Escrito por\" \/>\n\t<meta name=\"twitter:data1\" content=\"Luiz Carlos da Cruz\" \/>\n\t<meta name=\"twitter:label2\" content=\"Est. tempo de leitura\" \/>\n\t<meta name=\"twitter:data2\" content=\"2 minutos\" \/>\n<script type=\"application\/ld+json\" class=\"yoast-schema-graph\">{\"@context\":\"https:\\\/\\\/schema.org\",\"@graph\":[{\"@type\":\"Article\",\"@id\":\"https:\\\/\\\/jornalboasnoticias.com.br\\\/home\\\/chuva-adia-show-mas-aline-barros-canta-de-improviso\\\/#article\",\"isPartOf\":{\"@id\":\"https:\\\/\\\/jornalboasnoticias.com.br\\\/home\\\/chuva-adia-show-mas-aline-barros-canta-de-improviso\\\/\"},\"author\":{\"name\":\"Luiz Carlos da Cruz\",\"@id\":\"https:\\\/\\\/jornalboasnoticias.com.br\\\/home\\\/#\\\/schema\\\/person\\\/75f9ebde398c998c166475fb446bda62\"},\"headline\":\"Chuva adia show, mas Aline Barros canta de improviso\",\"datePublished\":\"2025-12-09T17:36:34+00:00\",\"mainEntityOfPage\":{\"@id\":\"https:\\\/\\\/jornalboasnoticias.com.br\\\/home\\\/chuva-adia-show-mas-aline-barros-canta-de-improviso\\\/\"},\"wordCount\":284,\"commentCount\":0,\"publisher\":{\"@id\":\"https:\\\/\\\/jornalboasnoticias.com.br\\\/home\\\/#organization\"},\"image\":{\"@id\":\"https:\\\/\\\/jornalboasnoticias.com.br\\\/home\\\/chuva-adia-show-mas-aline-barros-canta-de-improviso\\\/#primaryimage\"},\"thumbnailUrl\":\"https:\\\/\\\/jornalboasnoticias.com.br\\\/home\\\/wp-content\\\/uploads\\\/2025\\\/12\\\/WhatsApp-Image-2025-12-08-at-22.55.56.jpeg\",\"articleSection\":[\"BRASIL\",\"DESTAQUE\"],\"inLanguage\":\"pt-BR\",\"potentialAction\":[{\"@type\":\"CommentAction\",\"name\":\"Comment\",\"target\":[\"https:\\\/\\\/jornalboasnoticias.com.br\\\/home\\\/chuva-adia-show-mas-aline-barros-canta-de-improviso\\\/#respond\"]}]},{\"@type\":\"WebPage\",\"@id\":\"https:\\\/\\\/jornalboasnoticias.com.br\\\/home\\\/chuva-adia-show-mas-aline-barros-canta-de-improviso\\\/\",\"url\":\"https:\\\/\\\/jornalboasnoticias.com.br\\\/home\\\/chuva-adia-show-mas-aline-barros-canta-de-improviso\\\/\",\"name\":\"Chuva adia show, mas Aline Barros canta de improviso - Jornal\",\"isPartOf\":{\"@id\":\"https:\\\/\\\/jornalboasnoticias.com.br\\\/home\\\/#website\"},\"primaryImageOfPage\":{\"@id\":\"https:\\\/\\\/jornalboasnoticias.com.br\\\/home\\\/chuva-adia-show-mas-aline-barros-canta-de-improviso\\\/#primaryimage\"},\"image\":{\"@id\":\"https:\\\/\\\/jornalboasnoticias.com.br\\\/home\\\/chuva-adia-show-mas-aline-barros-canta-de-improviso\\\/#primaryimage\"},\"thumbnailUrl\":\"https:\\\/\\\/jornalboasnoticias.com.br\\\/home\\\/wp-content\\\/uploads\\\/2025\\\/12\\\/WhatsApp-Image-2025-12-08-at-22.55.56.jpeg\",\"datePublished\":\"2025-12-09T17:36:34+00:00\",\"description\":\"Chuva adia show, mas Aline Barros canta de improviso\",\"breadcrumb\":{\"@id\":\"https:\\\/\\\/jornalboasnoticias.com.br\\\/home\\\/chuva-adia-show-mas-aline-barros-canta-de-improviso\\\/#breadcrumb\"},\"inLanguage\":\"pt-BR\",\"potentialAction\":[{\"@type\":\"ReadAction\",\"target\":[\"https:\\\/\\\/jornalboasnoticias.com.br\\\/home\\\/chuva-adia-show-mas-aline-barros-canta-de-improviso\\\/\"]}]},{\"@type\":\"ImageObject\",\"inLanguage\":\"pt-BR\",\"@id\":\"https:\\\/\\\/jornalboasnoticias.com.br\\\/home\\\/chuva-adia-show-mas-aline-barros-canta-de-improviso\\\/#primaryimage\",\"url\":\"https:\\\/\\\/jornalboasnoticias.com.br\\\/home\\\/wp-content\\\/uploads\\\/2025\\\/12\\\/WhatsApp-Image-2025-12-08-at-22.55.56.jpeg\",\"contentUrl\":\"https:\\\/\\\/jornalboasnoticias.com.br\\\/home\\\/wp-content\\\/uploads\\\/2025\\\/12\\\/WhatsApp-Image-2025-12-08-at-22.55.56.jpeg\",\"width\":640,\"height\":400,\"caption\":\"Reprodu\u00e7\u00e3o\\\/Redes Sociais\"},{\"@type\":\"BreadcrumbList\",\"@id\":\"https:\\\/\\\/jornalboasnoticias.com.br\\\/home\\\/chuva-adia-show-mas-aline-barros-canta-de-improviso\\\/#breadcrumb\",\"itemListElement\":[{\"@type\":\"ListItem\",\"position\":1,\"name\":\"In\u00edcio\",\"item\":\"https:\\\/\\\/jornalboasnoticias.com.br\\\/home\\\/\"},{\"@type\":\"ListItem\",\"position\":2,\"name\":\"Chuva adia show, mas Aline Barros canta de improviso\"}]},{\"@type\":\"WebSite\",\"@id\":\"https:\\\/\\\/jornalboasnoticias.com.br\\\/home\\\/#website\",\"url\":\"https:\\\/\\\/jornalboasnoticias.com.br\\\/home\\\/\",\"name\":\"Jornal Boas Not\u00edcias\",\"description\":\"Boas not\u00edcias\",\"publisher\":{\"@id\":\"https:\\\/\\\/jornalboasnoticias.com.br\\\/home\\\/#organization\"},\"potentialAction\":[{\"@type\":\"SearchAction\",\"target\":{\"@type\":\"EntryPoint\",\"urlTemplate\":\"https:\\\/\\\/jornalboasnoticias.com.br\\\/home\\\/?s={search_term_string}\"},\"query-input\":{\"@type\":\"PropertyValueSpecification\",\"valueRequired\":true,\"valueName\":\"search_term_string\"}}],\"inLanguage\":\"pt-BR\"},{\"@type\":\"Organization\",\"@id\":\"https:\\\/\\\/jornalboasnoticias.com.br\\\/home\\\/#organization\",\"name\":\"Coq Editora Ltda\",\"alternateName\":\"Jornal Boas Noticias\",\"url\":\"https:\\\/\\\/jornalboasnoticias.com.br\\\/home\\\/\",\"logo\":{\"@type\":\"ImageObject\",\"inLanguage\":\"pt-BR\",\"@id\":\"https:\\\/\\\/jornalboasnoticias.com.br\\\/home\\\/#\\\/schema\\\/logo\\\/image\\\/\",\"url\":\"https:\\\/\\\/jornalboasnoticias.com.br\\\/home\\\/wp-content\\\/uploads\\\/2024\\\/07\\\/cropped-logo.jpg\",\"contentUrl\":\"https:\\\/\\\/jornalboasnoticias.com.br\\\/home\\\/wp-content\\\/uploads\\\/2024\\\/07\\\/cropped-logo.jpg\",\"width\":290,\"height\":142,\"caption\":\"Coq Editora Ltda\"},\"image\":{\"@id\":\"https:\\\/\\\/jornalboasnoticias.com.br\\\/home\\\/#\\\/schema\\\/logo\\\/image\\\/\"},\"sameAs\":[\"https:\\\/\\\/www.facebook.com\\\/boasnoticiasjornal\"]},{\"@type\":\"Person\",\"@id\":\"https:\\\/\\\/jornalboasnoticias.com.br\\\/home\\\/#\\\/schema\\\/person\\\/75f9ebde398c998c166475fb446bda62\",\"name\":\"Luiz Carlos da Cruz\",\"image\":{\"@type\":\"ImageObject\",\"inLanguage\":\"pt-BR\",\"@id\":\"https:\\\/\\\/secure.gravatar.com\\\/avatar\\\/e6f4f45301b6cb8572f7b076572e8ac11c1db80e805d8c8d0858cf286ce3ac3b?s=96&d=mm&r=g\",\"url\":\"https:\\\/\\\/secure.gravatar.com\\\/avatar\\\/e6f4f45301b6cb8572f7b076572e8ac11c1db80e805d8c8d0858cf286ce3ac3b?s=96&d=mm&r=g\",\"contentUrl\":\"https:\\\/\\\/secure.gravatar.com\\\/avatar\\\/e6f4f45301b6cb8572f7b076572e8ac11c1db80e805d8c8d0858cf286ce3ac3b?s=96&d=mm&r=g\",\"caption\":\"Luiz Carlos da Cruz\"},\"url\":\"https:\\\/\\\/jornalboasnoticias.com.br\\\/home\\\/author\\\/luiz-carlos-da-cruz\\\/\"}]}<\/script>\n<!-- \/ Yoast SEO plugin. -->","yoast_head_json":{"title":"Chuva adia show, mas Aline Barros canta de improviso - Jornal","description":"Chuva adia show, mas Aline Barros canta de improviso","robots":{"index":"index","follow":"follow","max-snippet":"max-snippet:-1","max-image-preview":"max-image-preview:large","max-video-preview":"max-video-preview:-1"},"canonical":"https:\/\/jornalboasnoticias.com.br\/home\/chuva-adia-show-mas-aline-barros-canta-de-improviso\/","og_locale":"pt_BR","og_type":"article","og_title":"Chuva adia show, mas Aline Barros canta de improviso - Jornal","og_description":"Chuva adia show, mas Aline Barros canta de improviso","og_url":"https:\/\/jornalboasnoticias.com.br\/home\/chuva-adia-show-mas-aline-barros-canta-de-improviso\/","og_site_name":"Jornal","article_publisher":"https:\/\/www.facebook.com\/boasnoticiasjornal","article_published_time":"2025-12-09T17:36:34+00:00","og_image":[{"width":640,"height":400,"url":"https:\/\/jornalboasnoticias.com.br\/home\/wp-content\/uploads\/2025\/12\/WhatsApp-Image-2025-12-08-at-22.55.56.jpeg","type":"image\/jpeg"}],"author":"Luiz Carlos da Cruz","twitter_card":"summary_large_image","twitter_misc":{"Escrito por":"Luiz Carlos da Cruz","Est. tempo de leitura":"2 minutos"},"schema":{"@context":"https:\/\/schema.org","@graph":[{"@type":"Article","@id":"https:\/\/jornalboasnoticias.com.br\/home\/chuva-adia-show-mas-aline-barros-canta-de-improviso\/#article","isPartOf":{"@id":"https:\/\/jornalboasnoticias.com.br\/home\/chuva-adia-show-mas-aline-barros-canta-de-improviso\/"},"author":{"name":"Luiz Carlos da Cruz","@id":"https:\/\/jornalboasnoticias.com.br\/home\/#\/schema\/person\/75f9ebde398c998c166475fb446bda62"},"headline":"Chuva adia show, mas Aline Barros canta de improviso","datePublished":"2025-12-09T17:36:34+00:00","mainEntityOfPage":{"@id":"https:\/\/jornalboasnoticias.com.br\/home\/chuva-adia-show-mas-aline-barros-canta-de-improviso\/"},"wordCount":284,"commentCount":0,"publisher":{"@id":"https:\/\/jornalboasnoticias.com.br\/home\/#organization"},"image":{"@id":"https:\/\/jornalboasnoticias.com.br\/home\/chuva-adia-show-mas-aline-barros-canta-de-improviso\/#primaryimage"},"thumbnailUrl":"https:\/\/jornalboasnoticias.com.br\/home\/wp-content\/uploads\/2025\/12\/WhatsApp-Image-2025-12-08-at-22.55.56.jpeg","articleSection":["BRASIL","DESTAQUE"],"inLanguage":"pt-BR","potentialAction":[{"@type":"CommentAction","name":"Comment","target":["https:\/\/jornalboasnoticias.com.br\/home\/chuva-adia-show-mas-aline-barros-canta-de-improviso\/#respond"]}]},{"@type":"WebPage","@id":"https:\/\/jornalboasnoticias.com.br\/home\/chuva-adia-show-mas-aline-barros-canta-de-improviso\/","url":"https:\/\/jornalboasnoticias.com.br\/home\/chuva-adia-show-mas-aline-barros-canta-de-improviso\/","name":"Chuva adia show, mas Aline Barros canta de improviso - Jornal","isPartOf":{"@id":"https:\/\/jornalboasnoticias.com.br\/home\/#website"},"primaryImageOfPage":{"@id":"https:\/\/jornalboasnoticias.com.br\/home\/chuva-adia-show-mas-aline-barros-canta-de-improviso\/#primaryimage"},"image":{"@id":"https:\/\/jornalboasnoticias.com.br\/home\/chuva-adia-show-mas-aline-barros-canta-de-improviso\/#primaryimage"},"thumbnailUrl":"https:\/\/jornalboasnoticias.com.br\/home\/wp-content\/uploads\/2025\/12\/WhatsApp-Image-2025-12-08-at-22.55.56.jpeg","datePublished":"2025-12-09T17:36:34+00:00","description":"Chuva adia show, mas Aline Barros canta de improviso","breadcrumb":{"@id":"https:\/\/jornalboasnoticias.com.br\/home\/chuva-adia-show-mas-aline-barros-canta-de-improviso\/#breadcrumb"},"inLanguage":"pt-BR","potentialAction":[{"@type":"ReadAction","target":["https:\/\/jornalboasnoticias.com.br\/home\/chuva-adia-show-mas-aline-barros-canta-de-improviso\/"]}]},{"@type":"ImageObject","inLanguage":"pt-BR","@id":"https:\/\/jornalboasnoticias.com.br\/home\/chuva-adia-show-mas-aline-barros-canta-de-improviso\/#primaryimage","url":"https:\/\/jornalboasnoticias.com.br\/home\/wp-content\/uploads\/2025\/12\/WhatsApp-Image-2025-12-08-at-22.55.56.jpeg","contentUrl":"https:\/\/jornalboasnoticias.com.br\/home\/wp-content\/uploads\/2025\/12\/WhatsApp-Image-2025-12-08-at-22.55.56.jpeg","width":640,"height":400,"caption":"Reprodu\u00e7\u00e3o\/Redes Sociais"},{"@type":"BreadcrumbList","@id":"https:\/\/jornalboasnoticias.com.br\/home\/chuva-adia-show-mas-aline-barros-canta-de-improviso\/#breadcrumb","itemListElement":[{"@type":"ListItem","position":1,"name":"In\u00edcio","item":"https:\/\/jornalboasnoticias.com.br\/home\/"},{"@type":"ListItem","position":2,"name":"Chuva adia show, mas Aline Barros canta de improviso"}]},{"@type":"WebSite","@id":"https:\/\/jornalboasnoticias.com.br\/home\/#website","url":"https:\/\/jornalboasnoticias.com.br\/home\/","name":"Jornal Boas Not\u00edcias","description":"Boas not\u00edcias","publisher":{"@id":"https:\/\/jornalboasnoticias.com.br\/home\/#organization"},"potentialAction":[{"@type":"SearchAction","target":{"@type":"EntryPoint","urlTemplate":"https:\/\/jornalboasnoticias.com.br\/home\/?s={search_term_string}"},"query-input":{"@type":"PropertyValueSpecification","valueRequired":true,"valueName":"search_term_string"}}],"inLanguage":"pt-BR"},{"@type":"Organization","@id":"https:\/\/jornalboasnoticias.com.br\/home\/#organization","name":"Coq Editora Ltda","alternateName":"Jornal Boas Noticias","url":"https:\/\/jornalboasnoticias.com.br\/home\/","logo":{"@type":"ImageObject","inLanguage":"pt-BR","@id":"https:\/\/jornalboasnoticias.com.br\/home\/#\/schema\/logo\/image\/","url":"https:\/\/jornalboasnoticias.com.br\/home\/wp-content\/uploads\/2024\/07\/cropped-logo.jpg","contentUrl":"https:\/\/jornalboasnoticias.com.br\/home\/wp-content\/uploads\/2024\/07\/cropped-logo.jpg","width":290,"height":142,"caption":"Coq Editora Ltda"},"image":{"@id":"https:\/\/jornalboasnoticias.com.br\/home\/#\/schema\/logo\/image\/"},"sameAs":["https:\/\/www.facebook.com\/boasnoticiasjornal"]},{"@type":"Person","@id":"https:\/\/jornalboasnoticias.com.br\/home\/#\/schema\/person\/75f9ebde398c998c166475fb446bda62","name":"Luiz Carlos da Cruz","image":{"@type":"ImageObject","inLanguage":"pt-BR","@id":"https:\/\/secure.gravatar.com\/avatar\/e6f4f45301b6cb8572f7b076572e8ac11c1db80e805d8c8d0858cf286ce3ac3b?s=96&d=mm&r=g","url":"https:\/\/secure.gravatar.com\/avatar\/e6f4f45301b6cb8572f7b076572e8ac11c1db80e805d8c8d0858cf286ce3ac3b?s=96&d=mm&r=g","contentUrl":"https:\/\/secure.gravatar.com\/avatar\/e6f4f45301b6cb8572f7b076572e8ac11c1db80e805d8c8d0858cf286ce3ac3b?s=96&d=mm&r=g","caption":"Luiz Carlos da Cruz"},"url":"https:\/\/jornalboasnoticias.com.br\/home\/author\/luiz-carlos-da-cruz\/"}]}},"_links":{"self":[{"href":"https:\/\/jornalboasnoticias.com.br\/home\/wp-json\/wp\/v2\/posts\/46801","targetHints":{"allow":["GET"]}}],"collection":[{"href":"https:\/\/jornalboasnoticias.com.br\/home\/wp-json\/wp\/v2\/posts"}],"about":[{"href":"https:\/\/jornalboasnoticias.com.br\/home\/wp-json\/wp\/v2\/types\/post"}],"author":[{"embeddable":true,"href":"https:\/\/jornalboasnoticias.com.br\/home\/wp-json\/wp\/v2\/users\/3"}],"replies":[{"embeddable":true,"href":"https:\/\/jornalboasnoticias.com.br\/home\/wp-json\/wp\/v2\/comments?post=46801"}],"version-history":[{"count":1,"href":"https:\/\/jornalboasnoticias.com.br\/home\/wp-json\/wp\/v2\/posts\/46801\/revisions"}],"predecessor-version":[{"id":46803,"href":"https:\/\/jornalboasnoticias.com.br\/home\/wp-json\/wp\/v2\/posts\/46801\/revisions\/46803"}],"wp:featuredmedia":[{"embeddable":true,"href":"https:\/\/jornalboasnoticias.com.br\/home\/wp-json\/wp\/v2\/media\/46802"}],"wp:attachment":[{"href":"https:\/\/jornalboasnoticias.com.br\/home\/wp-json\/wp\/v2\/media?parent=46801"}],"wp:term":[{"taxonomy":"category","embeddable":true,"href":"https:\/\/jornalboasnoticias.com.br\/home\/wp-json\/wp\/v2\/categories?post=46801"},{"taxonomy":"post_tag","embeddable":true,"href":"https:\/\/jornalboasnoticias.com.br\/home\/wp-json\/wp\/v2\/tags?post=46801"}],"curies":[{"name":"wp","href":"https:\/\/api.w.org\/{rel}","templated":true}]}}