{"id":46795,"date":"2025-12-09T14:53:22","date_gmt":"2025-12-09T14:53:22","guid":{"rendered":"https:\/\/jornalboasnoticias.com.br\/home\/?p=46795"},"modified":"2025-12-09T14:53:22","modified_gmt":"2025-12-09T14:53:22","slug":"pastora-e-flagrada-combinando-encenacao-de-milagres-em-culto","status":"publish","type":"post","link":"https:\/\/jornalboasnoticias.com.br\/home\/pastora-e-flagrada-combinando-encenacao-de-milagres-em-culto\/","title":{"rendered":"Pastora \u00e9 flagrada combinando encena\u00e7\u00e3o de milagres em culto"},"content":{"rendered":"<blockquote>\n<p style=\"text-align: center;\">V\u00eddeo mostra l\u00edder religiosa orientando fi\u00e9is a simularem curas e doa\u00e7\u00f5es durante cerim\u00f4nia evang\u00e9lica.<\/p>\n<\/blockquote>\n<figure id=\"attachment_46796\" aria-describedby=\"caption-attachment-46796\" style=\"width: 617px\" class=\"wp-caption aligncenter\"><img loading=\"lazy\" decoding=\"async\" class=\"wp-image-46796 size-full\" src=\"https:\/\/jornalboasnoticias.com.br\/home\/wp-content\/uploads\/2025\/12\/1765290638006-243556654-edited-1765290648438-e1765291970137.webp\" alt=\"\" width=\"617\" height=\"531\" srcset=\"https:\/\/jornalboasnoticias.com.br\/home\/wp-content\/uploads\/2025\/12\/1765290638006-243556654-edited-1765290648438-e1765291970137.webp 617w, https:\/\/jornalboasnoticias.com.br\/home\/wp-content\/uploads\/2025\/12\/1765290638006-243556654-edited-1765290648438-e1765291970137-300x258.webp 300w\" sizes=\"auto, (max-width: 617px) 100vw, 617px\" \/><figcaption id=\"caption-attachment-46796\" class=\"wp-caption-text\">Reprodu\u00e7\u00e3o<\/figcaption><\/figure>\n<p>Uma pastora evang\u00e9lica foi flagrada em v\u00eddeo orientando fi\u00e9is a simularem milagres e doa\u00e7\u00f5es durante cultos religiosos. As imagens, divulgadas em redes sociais, mostram a l\u00edder combinando previamente a encena\u00e7\u00e3o de curas e contribui\u00e7\u00f5es financeiras com participantes do evento.<\/p>\n<p>No registro, a religiosa detalha o esquema: solicita duas pessoas para fingirem serem cadeirantes e se levantarem quando ela impuser as m\u00e3os sobre suas cabe\u00e7as. Ela justifica a encena\u00e7\u00e3o afirmando que &#8220;a galera quer ver milagre&#8221;.<\/p>\n<h2>Esquema montado<\/h2>\n<p>A orienta\u00e7\u00e3o inclui ainda a simula\u00e7\u00e3o de uma senhora com problema card\u00edaco que seria &#8220;curada&#8221; ap\u00f3s ora\u00e7\u00e3o. O v\u00eddeo tamb\u00e9m revela a combina\u00e7\u00e3o para a coleta de d\u00edzimos e ofertas, com men\u00e7\u00e3o espec\u00edfica \u00e0 &#8220;bolsa da ben\u00e7\u00e3o&#8221; onde os fi\u00e9is deveriam depositar rel\u00f3gios, pulseiras de ouro e alian\u00e7as.<\/p>\n<p>A pastora menciona a realiza\u00e7\u00e3o de &#8220;quebra de maldi\u00e7\u00e3o&#8221; com tr\u00eas participantes que &#8220;conseguem atuar bem nessa parte&#8221;.<\/p>\n<blockquote><p>&#8220;Quando eu passar colocando a minha m\u00e3o sobre as cabe\u00e7as, eu preciso que voc\u00eas levantem, t\u00e1? Porque a galera quer ver milagre, ent\u00e3o vamos ver milagre&#8221;<\/p><\/blockquote>\n<h2>Pagamento por atua\u00e7\u00e3o<\/h2>\n<p>Ao final da grava\u00e7\u00e3o, a l\u00edder Pastora informa aos participantes que devem passar em sua sala para receber pagamento pela performance. O material gerou cr\u00edticas sobre a conduta \u00e9tica e religiosa da pastora nas redes sociais.<\/p>\n<p><iframe id=\"instagram-embed-0\" class=\"instagram-media instagram-media-rendered\" src=\"https:\/\/www.instagram.com\/reel\/DSAeWheDUJZ\/embed\/captioned\/?cr=1&amp;v=14&amp;wp=536&amp;rd=https%3A%2F%2Fwww.obuxixogospel.com.br&amp;rp=%2Fnoticias%2Fpastora-e-flagrada-combinando-encenacao-de-milagres-em-culto#%7B%22ci%22%3A0%2C%22os%22%3A1073%2C%22ls%22%3A805.8999998569489%2C%22le%22%3A805.8999998569489%7D\" height=\"719\" frameborder=\"0\" scrolling=\"no\" allowfullscreen=\"allowfullscreen\" data-instgrm-payload-id=\"instagram-media-payload-0\" data-mce-fragment=\"1\"><\/iframe><\/p>\n<p><em>Obuxixo gospel<\/em><\/p>\n<div id=\"factCheckSection\" class=\"fact-check-section\">\n<div class=\"fact-check-header\">\n<div class=\"fact-check-badge\"><\/div>\n<div id=\"factCheckStatus\" class=\"fact-check-status\"><\/div>\n<\/div>\n<\/div>\n","protected":false},"excerpt":{"rendered":"<p>V\u00eddeo mostra l\u00edder religiosa orientando fi\u00e9is a simularem curas e doa\u00e7\u00f5es durante cerim\u00f4nia evang\u00e9lica. Uma<\/p>\n","protected":false},"author":3,"featured_media":46796,"comment_status":"open","ping_status":"open","sticky":false,"template":"","format":"standard","meta":{"footnotes":""},"categories":[6,3],"tags":[],"class_list":["post-46795","post","type-post","status-publish","format-standard","has-post-thumbnail","hentry","category-brasil","category-destaques"],"yoast_head":"<!-- This site is optimized with the Yoast SEO plugin v27.5 - https:\/\/yoast.com\/product\/yoast-seo-wordpress\/ -->\n<title>Pastora \u00e9 flagrada combinando encena\u00e7\u00e3o de milagres em culto - Jornal<\/title>\n<meta name=\"description\" content=\"Pastora \u00e9 flagrada combinando encena\u00e7\u00e3o de milagres em culto\" \/>\n<meta name=\"robots\" content=\"index, follow, max-snippet:-1, max-image-preview:large, max-video-preview:-1\" \/>\n<link rel=\"canonical\" href=\"https:\/\/jornalboasnoticias.com.br\/home\/pastora-e-flagrada-combinando-encenacao-de-milagres-em-culto\/\" \/>\n<meta property=\"og:locale\" content=\"pt_BR\" \/>\n<meta property=\"og:type\" content=\"article\" \/>\n<meta property=\"og:title\" content=\"Pastora \u00e9 flagrada combinando encena\u00e7\u00e3o de milagres em culto - Jornal\" \/>\n<meta property=\"og:description\" content=\"Pastora \u00e9 flagrada combinando encena\u00e7\u00e3o de milagres em culto\" \/>\n<meta property=\"og:url\" content=\"https:\/\/jornalboasnoticias.com.br\/home\/pastora-e-flagrada-combinando-encenacao-de-milagres-em-culto\/\" \/>\n<meta property=\"og:site_name\" content=\"Jornal\" \/>\n<meta property=\"article:publisher\" content=\"https:\/\/www.facebook.com\/boasnoticiasjornal\" \/>\n<meta property=\"article:published_time\" content=\"2025-12-09T14:53:22+00:00\" \/>\n<meta property=\"og:image\" content=\"https:\/\/jornalboasnoticias.com.br\/home\/wp-content\/uploads\/2025\/12\/1765290638006-243556654-edited-1765290648438-e1765291970137.webp\" \/>\n\t<meta property=\"og:image:width\" content=\"617\" \/>\n\t<meta property=\"og:image:height\" content=\"531\" \/>\n\t<meta property=\"og:image:type\" content=\"image\/webp\" \/>\n<meta name=\"author\" content=\"Luiz Carlos da Cruz\" \/>\n<meta name=\"twitter:card\" content=\"summary_large_image\" \/>\n<meta name=\"twitter:label1\" content=\"Escrito por\" \/>\n\t<meta name=\"twitter:data1\" content=\"Luiz Carlos da Cruz\" \/>\n\t<meta name=\"twitter:label2\" content=\"Est. tempo de leitura\" \/>\n\t<meta name=\"twitter:data2\" content=\"2 minutos\" \/>\n<script type=\"application\/ld+json\" class=\"yoast-schema-graph\">{\"@context\":\"https:\\\/\\\/schema.org\",\"@graph\":[{\"@type\":\"Article\",\"@id\":\"https:\\\/\\\/jornalboasnoticias.com.br\\\/home\\\/pastora-e-flagrada-combinando-encenacao-de-milagres-em-culto\\\/#article\",\"isPartOf\":{\"@id\":\"https:\\\/\\\/jornalboasnoticias.com.br\\\/home\\\/pastora-e-flagrada-combinando-encenacao-de-milagres-em-culto\\\/\"},\"author\":{\"name\":\"Luiz Carlos da Cruz\",\"@id\":\"https:\\\/\\\/jornalboasnoticias.com.br\\\/home\\\/#\\\/schema\\\/person\\\/75f9ebde398c998c166475fb446bda62\"},\"headline\":\"Pastora \u00e9 flagrada combinando encena\u00e7\u00e3o de milagres em culto\",\"datePublished\":\"2025-12-09T14:53:22+00:00\",\"mainEntityOfPage\":{\"@id\":\"https:\\\/\\\/jornalboasnoticias.com.br\\\/home\\\/pastora-e-flagrada-combinando-encenacao-de-milagres-em-culto\\\/\"},\"wordCount\":283,\"commentCount\":0,\"publisher\":{\"@id\":\"https:\\\/\\\/jornalboasnoticias.com.br\\\/home\\\/#organization\"},\"image\":{\"@id\":\"https:\\\/\\\/jornalboasnoticias.com.br\\\/home\\\/pastora-e-flagrada-combinando-encenacao-de-milagres-em-culto\\\/#primaryimage\"},\"thumbnailUrl\":\"https:\\\/\\\/jornalboasnoticias.com.br\\\/home\\\/wp-content\\\/uploads\\\/2025\\\/12\\\/1765290638006-243556654-edited-1765290648438-e1765291970137.webp\",\"articleSection\":[\"BRASIL\",\"DESTAQUE\"],\"inLanguage\":\"pt-BR\",\"potentialAction\":[{\"@type\":\"CommentAction\",\"name\":\"Comment\",\"target\":[\"https:\\\/\\\/jornalboasnoticias.com.br\\\/home\\\/pastora-e-flagrada-combinando-encenacao-de-milagres-em-culto\\\/#respond\"]}]},{\"@type\":\"WebPage\",\"@id\":\"https:\\\/\\\/jornalboasnoticias.com.br\\\/home\\\/pastora-e-flagrada-combinando-encenacao-de-milagres-em-culto\\\/\",\"url\":\"https:\\\/\\\/jornalboasnoticias.com.br\\\/home\\\/pastora-e-flagrada-combinando-encenacao-de-milagres-em-culto\\\/\",\"name\":\"Pastora \u00e9 flagrada combinando encena\u00e7\u00e3o de milagres em culto - Jornal\",\"isPartOf\":{\"@id\":\"https:\\\/\\\/jornalboasnoticias.com.br\\\/home\\\/#website\"},\"primaryImageOfPage\":{\"@id\":\"https:\\\/\\\/jornalboasnoticias.com.br\\\/home\\\/pastora-e-flagrada-combinando-encenacao-de-milagres-em-culto\\\/#primaryimage\"},\"image\":{\"@id\":\"https:\\\/\\\/jornalboasnoticias.com.br\\\/home\\\/pastora-e-flagrada-combinando-encenacao-de-milagres-em-culto\\\/#primaryimage\"},\"thumbnailUrl\":\"https:\\\/\\\/jornalboasnoticias.com.br\\\/home\\\/wp-content\\\/uploads\\\/2025\\\/12\\\/1765290638006-243556654-edited-1765290648438-e1765291970137.webp\",\"datePublished\":\"2025-12-09T14:53:22+00:00\",\"description\":\"Pastora \u00e9 flagrada combinando encena\u00e7\u00e3o de milagres em culto\",\"breadcrumb\":{\"@id\":\"https:\\\/\\\/jornalboasnoticias.com.br\\\/home\\\/pastora-e-flagrada-combinando-encenacao-de-milagres-em-culto\\\/#breadcrumb\"},\"inLanguage\":\"pt-BR\",\"potentialAction\":[{\"@type\":\"ReadAction\",\"target\":[\"https:\\\/\\\/jornalboasnoticias.com.br\\\/home\\\/pastora-e-flagrada-combinando-encenacao-de-milagres-em-culto\\\/\"]}]},{\"@type\":\"ImageObject\",\"inLanguage\":\"pt-BR\",\"@id\":\"https:\\\/\\\/jornalboasnoticias.com.br\\\/home\\\/pastora-e-flagrada-combinando-encenacao-de-milagres-em-culto\\\/#primaryimage\",\"url\":\"https:\\\/\\\/jornalboasnoticias.com.br\\\/home\\\/wp-content\\\/uploads\\\/2025\\\/12\\\/1765290638006-243556654-edited-1765290648438-e1765291970137.webp\",\"contentUrl\":\"https:\\\/\\\/jornalboasnoticias.com.br\\\/home\\\/wp-content\\\/uploads\\\/2025\\\/12\\\/1765290638006-243556654-edited-1765290648438-e1765291970137.webp\",\"width\":617,\"height\":531,\"caption\":\"Reprodu\u00e7\u00e3o\"},{\"@type\":\"BreadcrumbList\",\"@id\":\"https:\\\/\\\/jornalboasnoticias.com.br\\\/home\\\/pastora-e-flagrada-combinando-encenacao-de-milagres-em-culto\\\/#breadcrumb\",\"itemListElement\":[{\"@type\":\"ListItem\",\"position\":1,\"name\":\"In\u00edcio\",\"item\":\"https:\\\/\\\/jornalboasnoticias.com.br\\\/home\\\/\"},{\"@type\":\"ListItem\",\"position\":2,\"name\":\"Pastora \u00e9 flagrada combinando encena\u00e7\u00e3o de milagres em culto\"}]},{\"@type\":\"WebSite\",\"@id\":\"https:\\\/\\\/jornalboasnoticias.com.br\\\/home\\\/#website\",\"url\":\"https:\\\/\\\/jornalboasnoticias.com.br\\\/home\\\/\",\"name\":\"Jornal Boas Not\u00edcias\",\"description\":\"Boas not\u00edcias\",\"publisher\":{\"@id\":\"https:\\\/\\\/jornalboasnoticias.com.br\\\/home\\\/#organization\"},\"potentialAction\":[{\"@type\":\"SearchAction\",\"target\":{\"@type\":\"EntryPoint\",\"urlTemplate\":\"https:\\\/\\\/jornalboasnoticias.com.br\\\/home\\\/?s={search_term_string}\"},\"query-input\":{\"@type\":\"PropertyValueSpecification\",\"valueRequired\":true,\"valueName\":\"search_term_string\"}}],\"inLanguage\":\"pt-BR\"},{\"@type\":\"Organization\",\"@id\":\"https:\\\/\\\/jornalboasnoticias.com.br\\\/home\\\/#organization\",\"name\":\"Coq Editora Ltda\",\"alternateName\":\"Jornal Boas Noticias\",\"url\":\"https:\\\/\\\/jornalboasnoticias.com.br\\\/home\\\/\",\"logo\":{\"@type\":\"ImageObject\",\"inLanguage\":\"pt-BR\",\"@id\":\"https:\\\/\\\/jornalboasnoticias.com.br\\\/home\\\/#\\\/schema\\\/logo\\\/image\\\/\",\"url\":\"https:\\\/\\\/jornalboasnoticias.com.br\\\/home\\\/wp-content\\\/uploads\\\/2024\\\/07\\\/cropped-logo.jpg\",\"contentUrl\":\"https:\\\/\\\/jornalboasnoticias.com.br\\\/home\\\/wp-content\\\/uploads\\\/2024\\\/07\\\/cropped-logo.jpg\",\"width\":290,\"height\":142,\"caption\":\"Coq Editora Ltda\"},\"image\":{\"@id\":\"https:\\\/\\\/jornalboasnoticias.com.br\\\/home\\\/#\\\/schema\\\/logo\\\/image\\\/\"},\"sameAs\":[\"https:\\\/\\\/www.facebook.com\\\/boasnoticiasjornal\"]},{\"@type\":\"Person\",\"@id\":\"https:\\\/\\\/jornalboasnoticias.com.br\\\/home\\\/#\\\/schema\\\/person\\\/75f9ebde398c998c166475fb446bda62\",\"name\":\"Luiz Carlos da Cruz\",\"image\":{\"@type\":\"ImageObject\",\"inLanguage\":\"pt-BR\",\"@id\":\"https:\\\/\\\/secure.gravatar.com\\\/avatar\\\/e6f4f45301b6cb8572f7b076572e8ac11c1db80e805d8c8d0858cf286ce3ac3b?s=96&d=mm&r=g\",\"url\":\"https:\\\/\\\/secure.gravatar.com\\\/avatar\\\/e6f4f45301b6cb8572f7b076572e8ac11c1db80e805d8c8d0858cf286ce3ac3b?s=96&d=mm&r=g\",\"contentUrl\":\"https:\\\/\\\/secure.gravatar.com\\\/avatar\\\/e6f4f45301b6cb8572f7b076572e8ac11c1db80e805d8c8d0858cf286ce3ac3b?s=96&d=mm&r=g\",\"caption\":\"Luiz Carlos da Cruz\"},\"url\":\"https:\\\/\\\/jornalboasnoticias.com.br\\\/home\\\/author\\\/luiz-carlos-da-cruz\\\/\"}]}<\/script>\n<!-- \/ Yoast SEO plugin. -->","yoast_head_json":{"title":"Pastora \u00e9 flagrada combinando encena\u00e7\u00e3o de milagres em culto - Jornal","description":"Pastora \u00e9 flagrada combinando encena\u00e7\u00e3o de milagres em culto","robots":{"index":"index","follow":"follow","max-snippet":"max-snippet:-1","max-image-preview":"max-image-preview:large","max-video-preview":"max-video-preview:-1"},"canonical":"https:\/\/jornalboasnoticias.com.br\/home\/pastora-e-flagrada-combinando-encenacao-de-milagres-em-culto\/","og_locale":"pt_BR","og_type":"article","og_title":"Pastora \u00e9 flagrada combinando encena\u00e7\u00e3o de milagres em culto - Jornal","og_description":"Pastora \u00e9 flagrada combinando encena\u00e7\u00e3o de milagres em culto","og_url":"https:\/\/jornalboasnoticias.com.br\/home\/pastora-e-flagrada-combinando-encenacao-de-milagres-em-culto\/","og_site_name":"Jornal","article_publisher":"https:\/\/www.facebook.com\/boasnoticiasjornal","article_published_time":"2025-12-09T14:53:22+00:00","og_image":[{"width":617,"height":531,"url":"https:\/\/jornalboasnoticias.com.br\/home\/wp-content\/uploads\/2025\/12\/1765290638006-243556654-edited-1765290648438-e1765291970137.webp","type":"image\/webp"}],"author":"Luiz Carlos da Cruz","twitter_card":"summary_large_image","twitter_misc":{"Escrito por":"Luiz Carlos da Cruz","Est. tempo de leitura":"2 minutos"},"schema":{"@context":"https:\/\/schema.org","@graph":[{"@type":"Article","@id":"https:\/\/jornalboasnoticias.com.br\/home\/pastora-e-flagrada-combinando-encenacao-de-milagres-em-culto\/#article","isPartOf":{"@id":"https:\/\/jornalboasnoticias.com.br\/home\/pastora-e-flagrada-combinando-encenacao-de-milagres-em-culto\/"},"author":{"name":"Luiz Carlos da Cruz","@id":"https:\/\/jornalboasnoticias.com.br\/home\/#\/schema\/person\/75f9ebde398c998c166475fb446bda62"},"headline":"Pastora \u00e9 flagrada combinando encena\u00e7\u00e3o de milagres em culto","datePublished":"2025-12-09T14:53:22+00:00","mainEntityOfPage":{"@id":"https:\/\/jornalboasnoticias.com.br\/home\/pastora-e-flagrada-combinando-encenacao-de-milagres-em-culto\/"},"wordCount":283,"commentCount":0,"publisher":{"@id":"https:\/\/jornalboasnoticias.com.br\/home\/#organization"},"image":{"@id":"https:\/\/jornalboasnoticias.com.br\/home\/pastora-e-flagrada-combinando-encenacao-de-milagres-em-culto\/#primaryimage"},"thumbnailUrl":"https:\/\/jornalboasnoticias.com.br\/home\/wp-content\/uploads\/2025\/12\/1765290638006-243556654-edited-1765290648438-e1765291970137.webp","articleSection":["BRASIL","DESTAQUE"],"inLanguage":"pt-BR","potentialAction":[{"@type":"CommentAction","name":"Comment","target":["https:\/\/jornalboasnoticias.com.br\/home\/pastora-e-flagrada-combinando-encenacao-de-milagres-em-culto\/#respond"]}]},{"@type":"WebPage","@id":"https:\/\/jornalboasnoticias.com.br\/home\/pastora-e-flagrada-combinando-encenacao-de-milagres-em-culto\/","url":"https:\/\/jornalboasnoticias.com.br\/home\/pastora-e-flagrada-combinando-encenacao-de-milagres-em-culto\/","name":"Pastora \u00e9 flagrada combinando encena\u00e7\u00e3o de milagres em culto - Jornal","isPartOf":{"@id":"https:\/\/jornalboasnoticias.com.br\/home\/#website"},"primaryImageOfPage":{"@id":"https:\/\/jornalboasnoticias.com.br\/home\/pastora-e-flagrada-combinando-encenacao-de-milagres-em-culto\/#primaryimage"},"image":{"@id":"https:\/\/jornalboasnoticias.com.br\/home\/pastora-e-flagrada-combinando-encenacao-de-milagres-em-culto\/#primaryimage"},"thumbnailUrl":"https:\/\/jornalboasnoticias.com.br\/home\/wp-content\/uploads\/2025\/12\/1765290638006-243556654-edited-1765290648438-e1765291970137.webp","datePublished":"2025-12-09T14:53:22+00:00","description":"Pastora \u00e9 flagrada combinando encena\u00e7\u00e3o de milagres em culto","breadcrumb":{"@id":"https:\/\/jornalboasnoticias.com.br\/home\/pastora-e-flagrada-combinando-encenacao-de-milagres-em-culto\/#breadcrumb"},"inLanguage":"pt-BR","potentialAction":[{"@type":"ReadAction","target":["https:\/\/jornalboasnoticias.com.br\/home\/pastora-e-flagrada-combinando-encenacao-de-milagres-em-culto\/"]}]},{"@type":"ImageObject","inLanguage":"pt-BR","@id":"https:\/\/jornalboasnoticias.com.br\/home\/pastora-e-flagrada-combinando-encenacao-de-milagres-em-culto\/#primaryimage","url":"https:\/\/jornalboasnoticias.com.br\/home\/wp-content\/uploads\/2025\/12\/1765290638006-243556654-edited-1765290648438-e1765291970137.webp","contentUrl":"https:\/\/jornalboasnoticias.com.br\/home\/wp-content\/uploads\/2025\/12\/1765290638006-243556654-edited-1765290648438-e1765291970137.webp","width":617,"height":531,"caption":"Reprodu\u00e7\u00e3o"},{"@type":"BreadcrumbList","@id":"https:\/\/jornalboasnoticias.com.br\/home\/pastora-e-flagrada-combinando-encenacao-de-milagres-em-culto\/#breadcrumb","itemListElement":[{"@type":"ListItem","position":1,"name":"In\u00edcio","item":"https:\/\/jornalboasnoticias.com.br\/home\/"},{"@type":"ListItem","position":2,"name":"Pastora \u00e9 flagrada combinando encena\u00e7\u00e3o de milagres em culto"}]},{"@type":"WebSite","@id":"https:\/\/jornalboasnoticias.com.br\/home\/#website","url":"https:\/\/jornalboasnoticias.com.br\/home\/","name":"Jornal Boas Not\u00edcias","description":"Boas not\u00edcias","publisher":{"@id":"https:\/\/jornalboasnoticias.com.br\/home\/#organization"},"potentialAction":[{"@type":"SearchAction","target":{"@type":"EntryPoint","urlTemplate":"https:\/\/jornalboasnoticias.com.br\/home\/?s={search_term_string}"},"query-input":{"@type":"PropertyValueSpecification","valueRequired":true,"valueName":"search_term_string"}}],"inLanguage":"pt-BR"},{"@type":"Organization","@id":"https:\/\/jornalboasnoticias.com.br\/home\/#organization","name":"Coq Editora Ltda","alternateName":"Jornal Boas Noticias","url":"https:\/\/jornalboasnoticias.com.br\/home\/","logo":{"@type":"ImageObject","inLanguage":"pt-BR","@id":"https:\/\/jornalboasnoticias.com.br\/home\/#\/schema\/logo\/image\/","url":"https:\/\/jornalboasnoticias.com.br\/home\/wp-content\/uploads\/2024\/07\/cropped-logo.jpg","contentUrl":"https:\/\/jornalboasnoticias.com.br\/home\/wp-content\/uploads\/2024\/07\/cropped-logo.jpg","width":290,"height":142,"caption":"Coq Editora Ltda"},"image":{"@id":"https:\/\/jornalboasnoticias.com.br\/home\/#\/schema\/logo\/image\/"},"sameAs":["https:\/\/www.facebook.com\/boasnoticiasjornal"]},{"@type":"Person","@id":"https:\/\/jornalboasnoticias.com.br\/home\/#\/schema\/person\/75f9ebde398c998c166475fb446bda62","name":"Luiz Carlos da Cruz","image":{"@type":"ImageObject","inLanguage":"pt-BR","@id":"https:\/\/secure.gravatar.com\/avatar\/e6f4f45301b6cb8572f7b076572e8ac11c1db80e805d8c8d0858cf286ce3ac3b?s=96&d=mm&r=g","url":"https:\/\/secure.gravatar.com\/avatar\/e6f4f45301b6cb8572f7b076572e8ac11c1db80e805d8c8d0858cf286ce3ac3b?s=96&d=mm&r=g","contentUrl":"https:\/\/secure.gravatar.com\/avatar\/e6f4f45301b6cb8572f7b076572e8ac11c1db80e805d8c8d0858cf286ce3ac3b?s=96&d=mm&r=g","caption":"Luiz Carlos da Cruz"},"url":"https:\/\/jornalboasnoticias.com.br\/home\/author\/luiz-carlos-da-cruz\/"}]}},"_links":{"self":[{"href":"https:\/\/jornalboasnoticias.com.br\/home\/wp-json\/wp\/v2\/posts\/46795","targetHints":{"allow":["GET"]}}],"collection":[{"href":"https:\/\/jornalboasnoticias.com.br\/home\/wp-json\/wp\/v2\/posts"}],"about":[{"href":"https:\/\/jornalboasnoticias.com.br\/home\/wp-json\/wp\/v2\/types\/post"}],"author":[{"embeddable":true,"href":"https:\/\/jornalboasnoticias.com.br\/home\/wp-json\/wp\/v2\/users\/3"}],"replies":[{"embeddable":true,"href":"https:\/\/jornalboasnoticias.com.br\/home\/wp-json\/wp\/v2\/comments?post=46795"}],"version-history":[{"count":1,"href":"https:\/\/jornalboasnoticias.com.br\/home\/wp-json\/wp\/v2\/posts\/46795\/revisions"}],"predecessor-version":[{"id":46797,"href":"https:\/\/jornalboasnoticias.com.br\/home\/wp-json\/wp\/v2\/posts\/46795\/revisions\/46797"}],"wp:featuredmedia":[{"embeddable":true,"href":"https:\/\/jornalboasnoticias.com.br\/home\/wp-json\/wp\/v2\/media\/46796"}],"wp:attachment":[{"href":"https:\/\/jornalboasnoticias.com.br\/home\/wp-json\/wp\/v2\/media?parent=46795"}],"wp:term":[{"taxonomy":"category","embeddable":true,"href":"https:\/\/jornalboasnoticias.com.br\/home\/wp-json\/wp\/v2\/categories?post=46795"},{"taxonomy":"post_tag","embeddable":true,"href":"https:\/\/jornalboasnoticias.com.br\/home\/wp-json\/wp\/v2\/tags?post=46795"}],"curies":[{"name":"wp","href":"https:\/\/api.w.org\/{rel}","templated":true}]}}