{"id":46789,"date":"2025-12-09T14:38:08","date_gmt":"2025-12-09T14:38:08","guid":{"rendered":"https:\/\/jornalboasnoticias.com.br\/home\/?p=46789"},"modified":"2025-12-09T14:38:08","modified_gmt":"2025-12-09T14:38:08","slug":"chuva-volumosa-ate-terca-e-vento-na-quarta-tempo-segue-instavel-no-parana","status":"publish","type":"post","link":"https:\/\/jornalboasnoticias.com.br\/home\/chuva-volumosa-ate-terca-e-vento-na-quarta-tempo-segue-instavel-no-parana\/","title":{"rendered":"Chuva volumosa at\u00e9 ter\u00e7a e vento na quarta: tempo segue inst\u00e1vel no Paran\u00e1"},"content":{"rendered":"<blockquote>\n<p style=\"text-align: center;\">Um sistema de baixa press\u00e3o deu origem a um ciclone extratropical no Rio Grande do Sul nesta segunda-feira (08). O fen\u00f4meno segue impactando o tempo no Paran\u00e1 nesta semana, de acordo com o Sistema de Tecnologia e Monitoramento Ambiental do Paran\u00e1 (Simepar).<\/p>\n<\/blockquote>\n<figure id=\"attachment_46790\" aria-describedby=\"caption-attachment-46790\" style=\"width: 1000px\" class=\"wp-caption alignnone\"><img loading=\"lazy\" decoding=\"async\" class=\"size-full wp-image-46790\" src=\"https:\/\/jornalboasnoticias.com.br\/home\/wp-content\/uploads\/2025\/12\/chuvacuritiba_290724_foto-_patryck_madeira_1-scaled-e1765290999444.jpg\" alt=\"\" width=\"1000\" height=\"667\" \/><figcaption id=\"caption-attachment-46790\" class=\"wp-caption-text\">Foto: Patryck Madeira\/Arquivo SEDEST<\/figcaption><\/figure>\n<p>Um sistema de baixa press\u00e3o deu origem a um ciclone extratropical no Rio Grande do Sul nesta segunda-feira (08). O fen\u00f4meno segue impactando o tempo no Paran\u00e1 nesta semana, de acordo com o Sistema de Tecnologia e Monitoramento Ambiental do Paran\u00e1 (Simepar), ocasionando grandes acumulados de chuva at\u00e9 o fim desta ter\u00e7a (09), e previs\u00e3o de muito vento na quarta-feira (10).<\/p>\n<p>Nesta segunda (08), os maiores acumulados de chuva do Estado foram na regi\u00e3o Oeste: Alt\u00f4nia (97 mm), Assis Chateaubriand (74 mm), Gua\u00edra (85,6 mm), Ouro Verde do Oeste (86,2 mm), Santa Helena (89 mm), S\u00e3o Miguel do Igua\u00e7u (70,4 mm), e Toledo (89,2 mm). As rajadas de vento mais fortes ocorreram em Santa Maria do Oeste (77 km\/h \u00e0s 21h150), Santo Ant\u00f4nio da Platina (67 km\/h \u00e0s 18h), e Clevel\u00e2ndia (Inmet &#8211; 65,2 km\/h por volta das 14h).<\/p>\n<p>Nesta ter\u00e7a-feira (09) pela manh\u00e3, o ciclone extratropical estava sobre o Oeste do Rio Grande do Sul. Mesmo n\u00e3o passando sobre o Paran\u00e1, originou uma frente fria que atravessa o estado paranaense, trazendo grandes acumulados de chuva para todas as regi\u00f5es. Antes mesmo das 10h desta ter\u00e7a, os acumulados j\u00e1 tinham passado de 50 mm em cidades como Paranagu\u00e1, Apucarana, Corn\u00e9lio Proc\u00f3pio, Diamante do Norte (Inmet), Mandaguari (Sanepar), e Paranava\u00ed.<\/p>\n<p>\u201cExiste o potencial para algumas rajadas de vento entre 50 km\/h e 70 km\/h. Chove com mais intensidade entre o Sudoeste e o Centro-Sul paranaense, com acumulados de quase 100 mm previstos para o dia. Nas outras \u00e1reas do Estado, a precipita\u00e7\u00e3o varia de 30 mm a 50 mm\u201d, ressalta Lizandro Jac\u00f3bsen, meteorologista do Simepar.<\/p>\n<p>O volume de chuvas nos primeiros dias de dezembro de 2025 j\u00e1 fez Toledo ultrapassar a m\u00e9dia hist\u00f3rica para o m\u00eas: a m\u00e9dia \u00e9 de 163,8 mm e a esta\u00e7\u00e3o meteorol\u00f3gica do Simepar na cidade j\u00e1 registrou 171,8 mm neste m\u00eas. Outras esta\u00e7\u00f5es est\u00e3o perto da m\u00e9dia: em Alt\u00f4nia a m\u00e9dia \u00e9 de 146,6 mm em dezembro e a esta\u00e7\u00e3o na cidade j\u00e1 registrou 146,6 mm at\u00e9 o momento. Em Santa Helena, a m\u00e9dia para o m\u00eas \u00e9 de 129,4 mm e j\u00e1 choveu um acumulado de 94 mm.<\/p>\n<h2><strong>TEMPERATURAS <\/strong><\/h2>\n<p>Devido \u00e0 nebulosidade e \u00e0 chuva, as temperaturas j\u00e1 diminu\u00edram em compara\u00e7\u00e3o aos \u00faltimos dez dias, quando passaram dos 30\u00b0C em v\u00e1rias cidades. S\u00f3 entre domingo (07) e segunda-feira (08), por exemplo, a m\u00e1xima j\u00e1 caiu de 35,1\u00b0C para 23,9\u00b0C em Foz do Igua\u00e7u, de 34\u00b0C para 29,8\u00b0C em Antonina, de 37,7\u00b0C para 24,1\u00b0C em Capanema, e de 38,2\u00b0C pra 29,8\u00b0C em Loanda.<\/p>\n<p>O decl\u00ednio nas temperaturas segue nesta ter\u00e7a. \u201cNa Capital, m\u00e1xima de apenas 21\u00b0C. Entre Francisco Beltr\u00e3o e Pato Branco, a previs\u00e3o \u00e9 de 23\u00b0C de m\u00e1xima. Nas praias e Campos Gerais, n\u00e3o passa dos 24\u00b0C. Entre Londrina e a regi\u00e3o de Maring\u00e1, assim como em Paranava\u00ed, Cascavel e Foz do Igua\u00e7u, fica na faixa de 25\u00b0C a 26\u00b0C. A temperatura mais alta desta ter\u00e7a est\u00e1 prevista para Umuarama: 28\u00b0C\u201d, detalha Lizandro.<\/p>\n<h2><strong>VENTO<\/strong><\/h2>\n<p>A previs\u00e3o \u00e9 que o ciclone j\u00e1 esteja no litoral do Rio Grande do Sul, na dire\u00e7\u00e3o do oceano, na manh\u00e3 desta quarta-feira (10). As chuvas devem diminuir no Paran\u00e1. Mesmo afastado do Paran\u00e1, por conta de sua intensidade o gradiente de press\u00e3o ser\u00e1 significativo, o que favorecer\u00e1 a ocorr\u00eancia de muito vento no Estado.<\/p>\n<p>\u201cNo Rio Grande do Sul, no Litoral, teremos rajadas de vento de quase 100 km\/h, mas no Paran\u00e1 as rajadas variam de 50 km\/h a 60 km\/h, principalmente na metade Sul do Estado\u201d, explica Lizandro. Pontualmente, na faixa leste, as rajadas podem chegar a 80 km\/h. Al\u00e9m das rajadas, a velocidade do vento ficar\u00e1 um pouco mais forte e constante no Estado ao longo do dia.<\/p>\n<p>Por conta do ciclone no oceano, o mar dever\u00e1 ficar agitado, especialmente entre a tarde da quinta (11) e manh\u00e3 da sexta-feira (12), provocando ondas entre 1,5 a 3,0 metros no litoral paranaense, com picos maiores em alto-mar, oferecendo risco significativo \u00e0 navega\u00e7\u00e3o.<\/p>\n<p>Ap\u00f3s uma tr\u00e9gua na chuva entre quarta e quinta, um novo cen\u00e1rio de instabilidade j\u00e1 \u00e9 monitorado pelo Simepar, em parceria com a Coordenadoria Estadual de Defesa Civil, a partir de sexta-feira. O aprofundamento de um novo sistema de baixa press\u00e3o atmosf\u00e9rica sobre o Paraguai favorecer\u00e1 a ocorr\u00eancia de novas tempestades, especialmente no Oeste, Noroeste e Norte do Paran\u00e1.<\/p>\n<p>O Simepar emitir\u00e1 novos boletins e orienta a popula\u00e7\u00e3o a cadastrar o celular para receber os alertas da Defesa Civil: basta enviar um SMS para o n\u00famero 40199 com o CEP de sua resid\u00eancia. Tamb\u00e9m \u00e9 poss\u00edvel salvar o contato da Defesa Civil nacional no Whatsapp para receber os alertas: (61) 2034-4611.<\/p>\n<p><em>Informa\u00e7\u00f5es AEN<\/em><\/p>\n","protected":false},"excerpt":{"rendered":"<p>Um sistema de baixa press\u00e3o deu origem a um ciclone extratropical no Rio Grande do<\/p>\n","protected":false},"author":3,"featured_media":46790,"comment_status":"open","ping_status":"open","sticky":false,"template":"","format":"standard","meta":{"footnotes":""},"categories":[3,4],"tags":[],"class_list":["post-46789","post","type-post","status-publish","format-standard","has-post-thumbnail","hentry","category-destaques","category-parana"],"yoast_head":"<!-- This site is optimized with the Yoast SEO plugin v27.5 - https:\/\/yoast.com\/product\/yoast-seo-wordpress\/ -->\n<title>Chuva volumosa at\u00e9 ter\u00e7a e vento na quarta: tempo segue inst\u00e1vel no Paran\u00e1 - Jornal<\/title>\n<meta name=\"description\" content=\"Chuva volumosa at\u00e9 ter\u00e7a e vento na quarta: tempo segue inst\u00e1vel no Paran\u00e1\" \/>\n<meta name=\"robots\" content=\"index, follow, max-snippet:-1, max-image-preview:large, max-video-preview:-1\" \/>\n<link rel=\"canonical\" href=\"https:\/\/jornalboasnoticias.com.br\/home\/chuva-volumosa-ate-terca-e-vento-na-quarta-tempo-segue-instavel-no-parana\/\" \/>\n<meta property=\"og:locale\" content=\"pt_BR\" \/>\n<meta property=\"og:type\" content=\"article\" \/>\n<meta property=\"og:title\" content=\"Chuva volumosa at\u00e9 ter\u00e7a e vento na quarta: tempo segue inst\u00e1vel no Paran\u00e1 - Jornal\" \/>\n<meta property=\"og:description\" content=\"Chuva volumosa at\u00e9 ter\u00e7a e vento na quarta: tempo segue inst\u00e1vel no Paran\u00e1\" \/>\n<meta property=\"og:url\" content=\"https:\/\/jornalboasnoticias.com.br\/home\/chuva-volumosa-ate-terca-e-vento-na-quarta-tempo-segue-instavel-no-parana\/\" \/>\n<meta property=\"og:site_name\" content=\"Jornal\" \/>\n<meta property=\"article:publisher\" content=\"https:\/\/www.facebook.com\/boasnoticiasjornal\" \/>\n<meta property=\"article:published_time\" content=\"2025-12-09T14:38:08+00:00\" \/>\n<meta property=\"og:image\" content=\"https:\/\/jornalboasnoticias.com.br\/home\/wp-content\/uploads\/2025\/12\/chuvacuritiba_290724_foto-_patryck_madeira_1-scaled-e1765290999444.jpg\" \/>\n\t<meta property=\"og:image:width\" content=\"1000\" \/>\n\t<meta property=\"og:image:height\" content=\"667\" \/>\n\t<meta property=\"og:image:type\" content=\"image\/jpeg\" \/>\n<meta name=\"author\" content=\"Luiz Carlos da Cruz\" \/>\n<meta name=\"twitter:card\" content=\"summary_large_image\" \/>\n<meta name=\"twitter:label1\" content=\"Escrito por\" \/>\n\t<meta name=\"twitter:data1\" content=\"Luiz Carlos da Cruz\" \/>\n\t<meta name=\"twitter:label2\" content=\"Est. tempo de leitura\" \/>\n\t<meta name=\"twitter:data2\" content=\"5 minutos\" \/>\n<script type=\"application\/ld+json\" class=\"yoast-schema-graph\">{\"@context\":\"https:\\\/\\\/schema.org\",\"@graph\":[{\"@type\":\"Article\",\"@id\":\"https:\\\/\\\/jornalboasnoticias.com.br\\\/home\\\/chuva-volumosa-ate-terca-e-vento-na-quarta-tempo-segue-instavel-no-parana\\\/#article\",\"isPartOf\":{\"@id\":\"https:\\\/\\\/jornalboasnoticias.com.br\\\/home\\\/chuva-volumosa-ate-terca-e-vento-na-quarta-tempo-segue-instavel-no-parana\\\/\"},\"author\":{\"name\":\"Luiz Carlos da Cruz\",\"@id\":\"https:\\\/\\\/jornalboasnoticias.com.br\\\/home\\\/#\\\/schema\\\/person\\\/75f9ebde398c998c166475fb446bda62\"},\"headline\":\"Chuva volumosa at\u00e9 ter\u00e7a e vento na quarta: tempo segue inst\u00e1vel no Paran\u00e1\",\"datePublished\":\"2025-12-09T14:38:08+00:00\",\"mainEntityOfPage\":{\"@id\":\"https:\\\/\\\/jornalboasnoticias.com.br\\\/home\\\/chuva-volumosa-ate-terca-e-vento-na-quarta-tempo-segue-instavel-no-parana\\\/\"},\"wordCount\":861,\"commentCount\":0,\"publisher\":{\"@id\":\"https:\\\/\\\/jornalboasnoticias.com.br\\\/home\\\/#organization\"},\"image\":{\"@id\":\"https:\\\/\\\/jornalboasnoticias.com.br\\\/home\\\/chuva-volumosa-ate-terca-e-vento-na-quarta-tempo-segue-instavel-no-parana\\\/#primaryimage\"},\"thumbnailUrl\":\"https:\\\/\\\/jornalboasnoticias.com.br\\\/home\\\/wp-content\\\/uploads\\\/2025\\\/12\\\/chuvacuritiba_290724_foto-_patryck_madeira_1-scaled-e1765290999444.jpg\",\"articleSection\":[\"DESTAQUE\",\"PARAN\u00c1\"],\"inLanguage\":\"pt-BR\",\"potentialAction\":[{\"@type\":\"CommentAction\",\"name\":\"Comment\",\"target\":[\"https:\\\/\\\/jornalboasnoticias.com.br\\\/home\\\/chuva-volumosa-ate-terca-e-vento-na-quarta-tempo-segue-instavel-no-parana\\\/#respond\"]}]},{\"@type\":\"WebPage\",\"@id\":\"https:\\\/\\\/jornalboasnoticias.com.br\\\/home\\\/chuva-volumosa-ate-terca-e-vento-na-quarta-tempo-segue-instavel-no-parana\\\/\",\"url\":\"https:\\\/\\\/jornalboasnoticias.com.br\\\/home\\\/chuva-volumosa-ate-terca-e-vento-na-quarta-tempo-segue-instavel-no-parana\\\/\",\"name\":\"Chuva volumosa at\u00e9 ter\u00e7a e vento na quarta: tempo segue inst\u00e1vel no Paran\u00e1 - Jornal\",\"isPartOf\":{\"@id\":\"https:\\\/\\\/jornalboasnoticias.com.br\\\/home\\\/#website\"},\"primaryImageOfPage\":{\"@id\":\"https:\\\/\\\/jornalboasnoticias.com.br\\\/home\\\/chuva-volumosa-ate-terca-e-vento-na-quarta-tempo-segue-instavel-no-parana\\\/#primaryimage\"},\"image\":{\"@id\":\"https:\\\/\\\/jornalboasnoticias.com.br\\\/home\\\/chuva-volumosa-ate-terca-e-vento-na-quarta-tempo-segue-instavel-no-parana\\\/#primaryimage\"},\"thumbnailUrl\":\"https:\\\/\\\/jornalboasnoticias.com.br\\\/home\\\/wp-content\\\/uploads\\\/2025\\\/12\\\/chuvacuritiba_290724_foto-_patryck_madeira_1-scaled-e1765290999444.jpg\",\"datePublished\":\"2025-12-09T14:38:08+00:00\",\"description\":\"Chuva volumosa at\u00e9 ter\u00e7a e vento na quarta: tempo segue inst\u00e1vel no Paran\u00e1\",\"breadcrumb\":{\"@id\":\"https:\\\/\\\/jornalboasnoticias.com.br\\\/home\\\/chuva-volumosa-ate-terca-e-vento-na-quarta-tempo-segue-instavel-no-parana\\\/#breadcrumb\"},\"inLanguage\":\"pt-BR\",\"potentialAction\":[{\"@type\":\"ReadAction\",\"target\":[\"https:\\\/\\\/jornalboasnoticias.com.br\\\/home\\\/chuva-volumosa-ate-terca-e-vento-na-quarta-tempo-segue-instavel-no-parana\\\/\"]}]},{\"@type\":\"ImageObject\",\"inLanguage\":\"pt-BR\",\"@id\":\"https:\\\/\\\/jornalboasnoticias.com.br\\\/home\\\/chuva-volumosa-ate-terca-e-vento-na-quarta-tempo-segue-instavel-no-parana\\\/#primaryimage\",\"url\":\"https:\\\/\\\/jornalboasnoticias.com.br\\\/home\\\/wp-content\\\/uploads\\\/2025\\\/12\\\/chuvacuritiba_290724_foto-_patryck_madeira_1-scaled-e1765290999444.jpg\",\"contentUrl\":\"https:\\\/\\\/jornalboasnoticias.com.br\\\/home\\\/wp-content\\\/uploads\\\/2025\\\/12\\\/chuvacuritiba_290724_foto-_patryck_madeira_1-scaled-e1765290999444.jpg\",\"width\":1000,\"height\":667,\"caption\":\"Foto: Patryck Madeira\\\/Arquivo SEDEST\"},{\"@type\":\"BreadcrumbList\",\"@id\":\"https:\\\/\\\/jornalboasnoticias.com.br\\\/home\\\/chuva-volumosa-ate-terca-e-vento-na-quarta-tempo-segue-instavel-no-parana\\\/#breadcrumb\",\"itemListElement\":[{\"@type\":\"ListItem\",\"position\":1,\"name\":\"In\u00edcio\",\"item\":\"https:\\\/\\\/jornalboasnoticias.com.br\\\/home\\\/\"},{\"@type\":\"ListItem\",\"position\":2,\"name\":\"Chuva volumosa at\u00e9 ter\u00e7a e vento na quarta: tempo segue inst\u00e1vel no Paran\u00e1\"}]},{\"@type\":\"WebSite\",\"@id\":\"https:\\\/\\\/jornalboasnoticias.com.br\\\/home\\\/#website\",\"url\":\"https:\\\/\\\/jornalboasnoticias.com.br\\\/home\\\/\",\"name\":\"Jornal Boas Not\u00edcias\",\"description\":\"Boas not\u00edcias\",\"publisher\":{\"@id\":\"https:\\\/\\\/jornalboasnoticias.com.br\\\/home\\\/#organization\"},\"potentialAction\":[{\"@type\":\"SearchAction\",\"target\":{\"@type\":\"EntryPoint\",\"urlTemplate\":\"https:\\\/\\\/jornalboasnoticias.com.br\\\/home\\\/?s={search_term_string}\"},\"query-input\":{\"@type\":\"PropertyValueSpecification\",\"valueRequired\":true,\"valueName\":\"search_term_string\"}}],\"inLanguage\":\"pt-BR\"},{\"@type\":\"Organization\",\"@id\":\"https:\\\/\\\/jornalboasnoticias.com.br\\\/home\\\/#organization\",\"name\":\"Coq Editora Ltda\",\"alternateName\":\"Jornal Boas Noticias\",\"url\":\"https:\\\/\\\/jornalboasnoticias.com.br\\\/home\\\/\",\"logo\":{\"@type\":\"ImageObject\",\"inLanguage\":\"pt-BR\",\"@id\":\"https:\\\/\\\/jornalboasnoticias.com.br\\\/home\\\/#\\\/schema\\\/logo\\\/image\\\/\",\"url\":\"https:\\\/\\\/jornalboasnoticias.com.br\\\/home\\\/wp-content\\\/uploads\\\/2024\\\/07\\\/cropped-logo.jpg\",\"contentUrl\":\"https:\\\/\\\/jornalboasnoticias.com.br\\\/home\\\/wp-content\\\/uploads\\\/2024\\\/07\\\/cropped-logo.jpg\",\"width\":290,\"height\":142,\"caption\":\"Coq Editora Ltda\"},\"image\":{\"@id\":\"https:\\\/\\\/jornalboasnoticias.com.br\\\/home\\\/#\\\/schema\\\/logo\\\/image\\\/\"},\"sameAs\":[\"https:\\\/\\\/www.facebook.com\\\/boasnoticiasjornal\"]},{\"@type\":\"Person\",\"@id\":\"https:\\\/\\\/jornalboasnoticias.com.br\\\/home\\\/#\\\/schema\\\/person\\\/75f9ebde398c998c166475fb446bda62\",\"name\":\"Luiz Carlos da Cruz\",\"image\":{\"@type\":\"ImageObject\",\"inLanguage\":\"pt-BR\",\"@id\":\"https:\\\/\\\/secure.gravatar.com\\\/avatar\\\/e6f4f45301b6cb8572f7b076572e8ac11c1db80e805d8c8d0858cf286ce3ac3b?s=96&d=mm&r=g\",\"url\":\"https:\\\/\\\/secure.gravatar.com\\\/avatar\\\/e6f4f45301b6cb8572f7b076572e8ac11c1db80e805d8c8d0858cf286ce3ac3b?s=96&d=mm&r=g\",\"contentUrl\":\"https:\\\/\\\/secure.gravatar.com\\\/avatar\\\/e6f4f45301b6cb8572f7b076572e8ac11c1db80e805d8c8d0858cf286ce3ac3b?s=96&d=mm&r=g\",\"caption\":\"Luiz Carlos da Cruz\"},\"url\":\"https:\\\/\\\/jornalboasnoticias.com.br\\\/home\\\/author\\\/luiz-carlos-da-cruz\\\/\"}]}<\/script>\n<!-- \/ Yoast SEO plugin. -->","yoast_head_json":{"title":"Chuva volumosa at\u00e9 ter\u00e7a e vento na quarta: tempo segue inst\u00e1vel no Paran\u00e1 - Jornal","description":"Chuva volumosa at\u00e9 ter\u00e7a e vento na quarta: tempo segue inst\u00e1vel no Paran\u00e1","robots":{"index":"index","follow":"follow","max-snippet":"max-snippet:-1","max-image-preview":"max-image-preview:large","max-video-preview":"max-video-preview:-1"},"canonical":"https:\/\/jornalboasnoticias.com.br\/home\/chuva-volumosa-ate-terca-e-vento-na-quarta-tempo-segue-instavel-no-parana\/","og_locale":"pt_BR","og_type":"article","og_title":"Chuva volumosa at\u00e9 ter\u00e7a e vento na quarta: tempo segue inst\u00e1vel no Paran\u00e1 - Jornal","og_description":"Chuva volumosa at\u00e9 ter\u00e7a e vento na quarta: tempo segue inst\u00e1vel no Paran\u00e1","og_url":"https:\/\/jornalboasnoticias.com.br\/home\/chuva-volumosa-ate-terca-e-vento-na-quarta-tempo-segue-instavel-no-parana\/","og_site_name":"Jornal","article_publisher":"https:\/\/www.facebook.com\/boasnoticiasjornal","article_published_time":"2025-12-09T14:38:08+00:00","og_image":[{"width":1000,"height":667,"url":"https:\/\/jornalboasnoticias.com.br\/home\/wp-content\/uploads\/2025\/12\/chuvacuritiba_290724_foto-_patryck_madeira_1-scaled-e1765290999444.jpg","type":"image\/jpeg"}],"author":"Luiz Carlos da Cruz","twitter_card":"summary_large_image","twitter_misc":{"Escrito por":"Luiz Carlos da Cruz","Est. tempo de leitura":"5 minutos"},"schema":{"@context":"https:\/\/schema.org","@graph":[{"@type":"Article","@id":"https:\/\/jornalboasnoticias.com.br\/home\/chuva-volumosa-ate-terca-e-vento-na-quarta-tempo-segue-instavel-no-parana\/#article","isPartOf":{"@id":"https:\/\/jornalboasnoticias.com.br\/home\/chuva-volumosa-ate-terca-e-vento-na-quarta-tempo-segue-instavel-no-parana\/"},"author":{"name":"Luiz Carlos da Cruz","@id":"https:\/\/jornalboasnoticias.com.br\/home\/#\/schema\/person\/75f9ebde398c998c166475fb446bda62"},"headline":"Chuva volumosa at\u00e9 ter\u00e7a e vento na quarta: tempo segue inst\u00e1vel no Paran\u00e1","datePublished":"2025-12-09T14:38:08+00:00","mainEntityOfPage":{"@id":"https:\/\/jornalboasnoticias.com.br\/home\/chuva-volumosa-ate-terca-e-vento-na-quarta-tempo-segue-instavel-no-parana\/"},"wordCount":861,"commentCount":0,"publisher":{"@id":"https:\/\/jornalboasnoticias.com.br\/home\/#organization"},"image":{"@id":"https:\/\/jornalboasnoticias.com.br\/home\/chuva-volumosa-ate-terca-e-vento-na-quarta-tempo-segue-instavel-no-parana\/#primaryimage"},"thumbnailUrl":"https:\/\/jornalboasnoticias.com.br\/home\/wp-content\/uploads\/2025\/12\/chuvacuritiba_290724_foto-_patryck_madeira_1-scaled-e1765290999444.jpg","articleSection":["DESTAQUE","PARAN\u00c1"],"inLanguage":"pt-BR","potentialAction":[{"@type":"CommentAction","name":"Comment","target":["https:\/\/jornalboasnoticias.com.br\/home\/chuva-volumosa-ate-terca-e-vento-na-quarta-tempo-segue-instavel-no-parana\/#respond"]}]},{"@type":"WebPage","@id":"https:\/\/jornalboasnoticias.com.br\/home\/chuva-volumosa-ate-terca-e-vento-na-quarta-tempo-segue-instavel-no-parana\/","url":"https:\/\/jornalboasnoticias.com.br\/home\/chuva-volumosa-ate-terca-e-vento-na-quarta-tempo-segue-instavel-no-parana\/","name":"Chuva volumosa at\u00e9 ter\u00e7a e vento na quarta: tempo segue inst\u00e1vel no Paran\u00e1 - Jornal","isPartOf":{"@id":"https:\/\/jornalboasnoticias.com.br\/home\/#website"},"primaryImageOfPage":{"@id":"https:\/\/jornalboasnoticias.com.br\/home\/chuva-volumosa-ate-terca-e-vento-na-quarta-tempo-segue-instavel-no-parana\/#primaryimage"},"image":{"@id":"https:\/\/jornalboasnoticias.com.br\/home\/chuva-volumosa-ate-terca-e-vento-na-quarta-tempo-segue-instavel-no-parana\/#primaryimage"},"thumbnailUrl":"https:\/\/jornalboasnoticias.com.br\/home\/wp-content\/uploads\/2025\/12\/chuvacuritiba_290724_foto-_patryck_madeira_1-scaled-e1765290999444.jpg","datePublished":"2025-12-09T14:38:08+00:00","description":"Chuva volumosa at\u00e9 ter\u00e7a e vento na quarta: tempo segue inst\u00e1vel no Paran\u00e1","breadcrumb":{"@id":"https:\/\/jornalboasnoticias.com.br\/home\/chuva-volumosa-ate-terca-e-vento-na-quarta-tempo-segue-instavel-no-parana\/#breadcrumb"},"inLanguage":"pt-BR","potentialAction":[{"@type":"ReadAction","target":["https:\/\/jornalboasnoticias.com.br\/home\/chuva-volumosa-ate-terca-e-vento-na-quarta-tempo-segue-instavel-no-parana\/"]}]},{"@type":"ImageObject","inLanguage":"pt-BR","@id":"https:\/\/jornalboasnoticias.com.br\/home\/chuva-volumosa-ate-terca-e-vento-na-quarta-tempo-segue-instavel-no-parana\/#primaryimage","url":"https:\/\/jornalboasnoticias.com.br\/home\/wp-content\/uploads\/2025\/12\/chuvacuritiba_290724_foto-_patryck_madeira_1-scaled-e1765290999444.jpg","contentUrl":"https:\/\/jornalboasnoticias.com.br\/home\/wp-content\/uploads\/2025\/12\/chuvacuritiba_290724_foto-_patryck_madeira_1-scaled-e1765290999444.jpg","width":1000,"height":667,"caption":"Foto: Patryck Madeira\/Arquivo SEDEST"},{"@type":"BreadcrumbList","@id":"https:\/\/jornalboasnoticias.com.br\/home\/chuva-volumosa-ate-terca-e-vento-na-quarta-tempo-segue-instavel-no-parana\/#breadcrumb","itemListElement":[{"@type":"ListItem","position":1,"name":"In\u00edcio","item":"https:\/\/jornalboasnoticias.com.br\/home\/"},{"@type":"ListItem","position":2,"name":"Chuva volumosa at\u00e9 ter\u00e7a e vento na quarta: tempo segue inst\u00e1vel no Paran\u00e1"}]},{"@type":"WebSite","@id":"https:\/\/jornalboasnoticias.com.br\/home\/#website","url":"https:\/\/jornalboasnoticias.com.br\/home\/","name":"Jornal Boas Not\u00edcias","description":"Boas not\u00edcias","publisher":{"@id":"https:\/\/jornalboasnoticias.com.br\/home\/#organization"},"potentialAction":[{"@type":"SearchAction","target":{"@type":"EntryPoint","urlTemplate":"https:\/\/jornalboasnoticias.com.br\/home\/?s={search_term_string}"},"query-input":{"@type":"PropertyValueSpecification","valueRequired":true,"valueName":"search_term_string"}}],"inLanguage":"pt-BR"},{"@type":"Organization","@id":"https:\/\/jornalboasnoticias.com.br\/home\/#organization","name":"Coq Editora Ltda","alternateName":"Jornal Boas Noticias","url":"https:\/\/jornalboasnoticias.com.br\/home\/","logo":{"@type":"ImageObject","inLanguage":"pt-BR","@id":"https:\/\/jornalboasnoticias.com.br\/home\/#\/schema\/logo\/image\/","url":"https:\/\/jornalboasnoticias.com.br\/home\/wp-content\/uploads\/2024\/07\/cropped-logo.jpg","contentUrl":"https:\/\/jornalboasnoticias.com.br\/home\/wp-content\/uploads\/2024\/07\/cropped-logo.jpg","width":290,"height":142,"caption":"Coq Editora Ltda"},"image":{"@id":"https:\/\/jornalboasnoticias.com.br\/home\/#\/schema\/logo\/image\/"},"sameAs":["https:\/\/www.facebook.com\/boasnoticiasjornal"]},{"@type":"Person","@id":"https:\/\/jornalboasnoticias.com.br\/home\/#\/schema\/person\/75f9ebde398c998c166475fb446bda62","name":"Luiz Carlos da Cruz","image":{"@type":"ImageObject","inLanguage":"pt-BR","@id":"https:\/\/secure.gravatar.com\/avatar\/e6f4f45301b6cb8572f7b076572e8ac11c1db80e805d8c8d0858cf286ce3ac3b?s=96&d=mm&r=g","url":"https:\/\/secure.gravatar.com\/avatar\/e6f4f45301b6cb8572f7b076572e8ac11c1db80e805d8c8d0858cf286ce3ac3b?s=96&d=mm&r=g","contentUrl":"https:\/\/secure.gravatar.com\/avatar\/e6f4f45301b6cb8572f7b076572e8ac11c1db80e805d8c8d0858cf286ce3ac3b?s=96&d=mm&r=g","caption":"Luiz Carlos da Cruz"},"url":"https:\/\/jornalboasnoticias.com.br\/home\/author\/luiz-carlos-da-cruz\/"}]}},"_links":{"self":[{"href":"https:\/\/jornalboasnoticias.com.br\/home\/wp-json\/wp\/v2\/posts\/46789","targetHints":{"allow":["GET"]}}],"collection":[{"href":"https:\/\/jornalboasnoticias.com.br\/home\/wp-json\/wp\/v2\/posts"}],"about":[{"href":"https:\/\/jornalboasnoticias.com.br\/home\/wp-json\/wp\/v2\/types\/post"}],"author":[{"embeddable":true,"href":"https:\/\/jornalboasnoticias.com.br\/home\/wp-json\/wp\/v2\/users\/3"}],"replies":[{"embeddable":true,"href":"https:\/\/jornalboasnoticias.com.br\/home\/wp-json\/wp\/v2\/comments?post=46789"}],"version-history":[{"count":1,"href":"https:\/\/jornalboasnoticias.com.br\/home\/wp-json\/wp\/v2\/posts\/46789\/revisions"}],"predecessor-version":[{"id":46791,"href":"https:\/\/jornalboasnoticias.com.br\/home\/wp-json\/wp\/v2\/posts\/46789\/revisions\/46791"}],"wp:featuredmedia":[{"embeddable":true,"href":"https:\/\/jornalboasnoticias.com.br\/home\/wp-json\/wp\/v2\/media\/46790"}],"wp:attachment":[{"href":"https:\/\/jornalboasnoticias.com.br\/home\/wp-json\/wp\/v2\/media?parent=46789"}],"wp:term":[{"taxonomy":"category","embeddable":true,"href":"https:\/\/jornalboasnoticias.com.br\/home\/wp-json\/wp\/v2\/categories?post=46789"},{"taxonomy":"post_tag","embeddable":true,"href":"https:\/\/jornalboasnoticias.com.br\/home\/wp-json\/wp\/v2\/tags?post=46789"}],"curies":[{"name":"wp","href":"https:\/\/api.w.org\/{rel}","templated":true}]}}