{"id":46774,"date":"2025-12-09T12:19:44","date_gmt":"2025-12-09T12:19:44","guid":{"rendered":"https:\/\/jornalboasnoticias.com.br\/home\/?p=46774"},"modified":"2025-12-09T12:19:59","modified_gmt":"2025-12-09T12:19:59","slug":"presos-concluem-limpeza-e-reparos-em-predios-publicos-de-rio-bonito-do-iguacu","status":"publish","type":"post","link":"https:\/\/jornalboasnoticias.com.br\/home\/presos-concluem-limpeza-e-reparos-em-predios-publicos-de-rio-bonito-do-iguacu\/","title":{"rendered":"Presos concluem limpeza e reparos em pr\u00e9dios p\u00fablicos de Rio Bonito do Igua\u00e7u"},"content":{"rendered":"<blockquote>\n<p style=\"text-align: center;\">Cerca de 100 custodiados executaram trabalhos de limpeza e reparos, ap\u00f3s a cidade ser destru\u00edda por um tornado em 7 de novembro. Os apenados atuaram em atividades como pintura, jardinagem, limpeza, reparos el\u00e9tricos e hidr\u00e1ulicos, entre outras demandas estruturais.<\/p>\n<\/blockquote>\n<figure id=\"attachment_46775\" aria-describedby=\"caption-attachment-46775\" style=\"width: 1350px\" class=\"wp-caption alignnone\"><img loading=\"lazy\" decoding=\"async\" class=\"size-full wp-image-46775\" src=\"https:\/\/jornalboasnoticias.com.br\/home\/wp-content\/uploads\/2025\/12\/maos_amigas_ludovica_1_credito_-_silvio_turra.jpg\" alt=\"\" width=\"1350\" height=\"900\" srcset=\"https:\/\/jornalboasnoticias.com.br\/home\/wp-content\/uploads\/2025\/12\/maos_amigas_ludovica_1_credito_-_silvio_turra.jpg 1350w, https:\/\/jornalboasnoticias.com.br\/home\/wp-content\/uploads\/2025\/12\/maos_amigas_ludovica_1_credito_-_silvio_turra-300x200.jpg 300w, https:\/\/jornalboasnoticias.com.br\/home\/wp-content\/uploads\/2025\/12\/maos_amigas_ludovica_1_credito_-_silvio_turra-1024x683.jpg 1024w, https:\/\/jornalboasnoticias.com.br\/home\/wp-content\/uploads\/2025\/12\/maos_amigas_ludovica_1_credito_-_silvio_turra-768x512.jpg 768w, https:\/\/jornalboasnoticias.com.br\/home\/wp-content\/uploads\/2025\/12\/maos_amigas_ludovica_1_credito_-_silvio_turra-900x600.jpg 900w\" sizes=\"auto, (max-width: 1350px) 100vw, 1350px\" \/><figcaption id=\"caption-attachment-46775\" class=\"wp-caption-text\">Foto: Silvio Turra\/SEED<\/figcaption><\/figure>\n<p>Os trabalhos de limpeza realizados por aproximadamente 100 custodiados\u00a0\u2013 boa parte integrante do Programa M\u00e3os Amigas e parte de outros programas da Pol\u00edcia Penal do Paran\u00e1\u00a0\u2013 foram encerrados em Rio Bonito do Igua\u00e7u, cidade do Centro-Sul paranaense atingida por um tornado em 07 de novembro.<\/p>\n<p>A iniciativa foi executada pelo Instituto Paranaense de Desenvolvimento Educacional (Fundepar) e Secretaria da Seguran\u00e7a P\u00fablica e consistiu na realiza\u00e7\u00e3o de servi\u00e7os de manuten\u00e7\u00e3o, conserva\u00e7\u00e3o e pequenos reparos, executados por pessoas privadas de liberdade do sistema penal do Estado. Os apenados atuaram em atividades como pintura, jardinagem, limpeza, reparos el\u00e9tricos e hidr\u00e1ulicos, entre outras demandas estruturais.<\/p>\n<p>Em Rio Bonito do Igua\u00e7u, foram 30 dias de trabalho para a limpeza e organiza\u00e7\u00e3o de espa\u00e7os p\u00fablicos, al\u00e9m das ruas da cidade. A a\u00e7\u00e3o mobilizou o trabalho prisional de detentos e policiais penais vindos de Guarapuava, Laranjeiras do Sul, Ponta Grossa e Cascavel. Entre as equipes em atua\u00e7\u00e3o estiveram pintores, eletricistas, marceneiros e auxiliares de servi\u00e7os gerais que trabalharam diretamente na recupera\u00e7\u00e3o de espa\u00e7os que foram desde escolas e \u00f3rg\u00e3os p\u00fablicos, como a prefeitura, at\u00e9 o Batalh\u00e3o da Pol\u00edcia Militar e a Associa\u00e7\u00e3o de Pais e Amigos dos Excepcionais (Apae) do munic\u00edpio.<\/p>\n<p>Na \u00e1rea educacional, as frentes de servi\u00e7o se concentram principalmente nos col\u00e9gios estaduais Ludovica Safraider, Ireno Alves dos Santos, e na sede da Apae, que tamb\u00e9m sofreu danos estruturais. Os recursos do programa M\u00e3os Amigas foram aplicados em reparos priorit\u00e1rios e a\u00e7\u00f5es de limpeza. Foram R$ 75 mil por meio do Fundo Rotativo do Fundepar, sendo R$ 50 mil destinados ao Col\u00e9gio Ireno Alves e R$ 25 mil ao Col\u00e9gio Ludovica Safraider.<\/p>\n<p>De acordo com a chefe do N\u00facleo Regional de Educa\u00e7\u00e3o (NRE) de Laranjeiras do Sul, Adriane Schio de Almeida, o imediato atendimento viabilizado pelo programa foi fundamental para as a\u00e7\u00f5es subsequentes. \u201cJ\u00e1 na segunda-feira seguinte \u00e0 passagem do tornado, as equipes estavam trabalhando, retirando os escombros, e fazendo a limpeza dos espa\u00e7os para que outras frentes pudessem ser acionadas, como a reconstru\u00e7\u00e3o dos espa\u00e7os\u201d, relembra.<\/p>\n<p>\u201cA participa\u00e7\u00e3o das pessoas privadas de liberdade mostra que a pol\u00edtica p\u00fablica pode ir al\u00e9m da recupera\u00e7\u00e3o material: \u00e9 oportunidade de ressocializa\u00e7\u00e3o, de reconstru\u00e7\u00e3o e de contribui\u00e7\u00e3o real com a sociedade\u201d, diz o secret\u00e1rio de Estado da Educa\u00e7\u00e3o, Roni Miranda.<\/p>\n<p>\u201cA execu\u00e7\u00e3o penal vai muito al\u00e9m do encarceramento. Ela \u00e9 um compromisso com a seguran\u00e7a p\u00fablica e com toda a sociedade. O M\u00e3os Amigas, assim como outros programas da Pol\u00edcia Penal que fizeram parte desta iniciativa, mostram que avan\u00e7amos para uma atua\u00e7\u00e3o que integra seguran\u00e7a, reinser\u00e7\u00e3o social e valoriza\u00e7\u00e3o humana&#8221;, destaca a\u00a0diretora-geral da Pol\u00edcia Penal do Paran\u00e1 (PPPR), Ananda Chalegre.<\/p>\n<p>&#8220;Cada etapa realizada em Rio Bonito do Igua\u00e7u demonstra que uma institui\u00e7\u00e3o moderna e preparada \u00e9 aquela que promove oportunidades e capacita as pessoas privadas de liberdade para que sua m\u00e3o de obra retorne em benef\u00edcio direto \u00e0 comunidade\u201d, complementa.<\/p>\n<h2><strong>PR\u00d3XIMAS ETAPAS<\/strong><\/h2>\n<p>Ap\u00f3s o t\u00e9rmino da limpeza, o Governo do Estado agora se mobiliza para as obras que incluem servi\u00e7os comuns de engenharia, como recomposi\u00e7\u00e3o de coberturas, recupera\u00e7\u00e3o estrutural, redes el\u00e9tricas e hidr\u00e1ulicas, substitui\u00e7\u00e3o de esquadrias, pintura e demais a\u00e7\u00f5es indispens\u00e1veis para restabelecer as condi\u00e7\u00f5es adequadas de funcionamento dos espa\u00e7os p\u00fablicos atingidos.<\/p>\n<p>Os servi\u00e7os ser\u00e3o executados por empresas especializadas, contratadas mediante processo licitat\u00f3rio. Nas institui\u00e7\u00f5es de ensino, a conclus\u00e3o dos servi\u00e7os est\u00e1 prevista para ocorrer at\u00e9 o in\u00edcio do ano letivo de 2026, marcado para o dia 05 de fevereiro. O investimento inicial previsto \u00e9 de at\u00e9 R$ 16 milh\u00f5es.<\/p>\n<h2><strong>QUALIFICA\u00c7\u00c3O<\/strong><\/h2>\n<p>Tendo em vista capacitar ainda mais pessoas privadas de liberdade para a execu\u00e7\u00e3o dos servi\u00e7os, o Fundepar, em coopera\u00e7\u00e3o t\u00e9cnica com a Pol\u00edcia Penal e apoio t\u00e9cnico do Paranaeduca\u00e7\u00e3o, inicia em dezembro uma s\u00e9rie de cursos de capacita\u00e7\u00e3o em dez N\u00facleos Regionais de Educa\u00e7\u00e3o (NREs). As aulas ser\u00e3o viabilizadas em parceria com o Sesi-PR.<\/p>\n<p>\u201cEstava prevista, desde o in\u00edcio de 2025, a capacita\u00e7\u00e3o desta m\u00e3o de obra, pois todo ano aperfei\u00e7oamos o programa. Assim como em outras situa\u00e7\u00f5es nas quais o M\u00e3os Amigas esteve presente, na reconstru\u00e7\u00e3o de Rio Bonito, o atendimento r\u00e1pido s\u00f3 foi poss\u00edvel gra\u00e7as a esta prepara\u00e7\u00e3o\u201d, observa o chefe de Programas e Projetos Especiais do Fundepar e gerente estadual do Programa M\u00e3os Amigas, Claus Giovani Andrade Marchiori.<\/p>\n<p>A capacita\u00e7\u00e3o inclui aulas para a realiza\u00e7\u00e3o de trabalhos em altura, opera\u00e7\u00e3o de motossera, motopoda, ro\u00e7adeiras e t\u00e9cnicas de seguran\u00e7a em m\u00e1quinas e equipamentos. Os cursos ser\u00e3o realizados entre dezembro de 2025 e o in\u00edcio de 2026. \u201cAssim seguimos preparados para atender os col\u00e9gios tanto na manuten\u00e7\u00e3o, quanto em emerg\u00eancias\u201d, conclui Claus.<\/p>\n<h2><strong>M\u00c3OS AMIGAS<\/strong><\/h2>\n<p>O programa de Governo do Estado, institu\u00eddo pela Lei Estadual 21.815\/2023 e regulamentado pelo Decreto 9.044\/2025, \u00e9 executado pelo Fundepar, em coopera\u00e7\u00e3o t\u00e9cnica com a Pol\u00edcia Penal e apoio t\u00e9cnico do Paranaeduca\u00e7\u00e3o. Consiste na execu\u00e7\u00e3o de servi\u00e7os de manuten\u00e7\u00e3o, conserva\u00e7\u00e3o e reparos de unidades escolares por meio da m\u00e3o de obra de presos do sistema penal do Estado do Paran\u00e1<\/p>\n<p><em>Informa\u00e7\u00f5es AEN<\/em><\/p>\n","protected":false},"excerpt":{"rendered":"<p>Cerca de 100 custodiados executaram trabalhos de limpeza e reparos, ap\u00f3s a cidade ser destru\u00edda<\/p>\n","protected":false},"author":3,"featured_media":46775,"comment_status":"open","ping_status":"open","sticky":false,"template":"","format":"standard","meta":{"footnotes":""},"categories":[4],"tags":[],"class_list":["post-46774","post","type-post","status-publish","format-standard","has-post-thumbnail","hentry","category-parana"],"yoast_head":"<!-- This site is optimized with the Yoast SEO plugin v27.5 - https:\/\/yoast.com\/product\/yoast-seo-wordpress\/ -->\n<title>Presos concluem limpeza e reparos em pr\u00e9dios p\u00fablicos de Rio Bonito do Igua\u00e7u - Jornal<\/title>\n<meta name=\"description\" content=\"Presos concluem limpeza e reparos em pr\u00e9dios p\u00fablicos de Rio Bonito do Igua\u00e7u\" \/>\n<meta name=\"robots\" content=\"index, follow, max-snippet:-1, max-image-preview:large, max-video-preview:-1\" \/>\n<link rel=\"canonical\" href=\"https:\/\/jornalboasnoticias.com.br\/home\/presos-concluem-limpeza-e-reparos-em-predios-publicos-de-rio-bonito-do-iguacu\/\" \/>\n<meta property=\"og:locale\" content=\"pt_BR\" \/>\n<meta property=\"og:type\" content=\"article\" \/>\n<meta property=\"og:title\" content=\"Presos concluem limpeza e reparos em pr\u00e9dios p\u00fablicos de Rio Bonito do Igua\u00e7u - Jornal\" \/>\n<meta property=\"og:description\" content=\"Presos concluem limpeza e reparos em pr\u00e9dios p\u00fablicos de Rio Bonito do Igua\u00e7u\" \/>\n<meta property=\"og:url\" content=\"https:\/\/jornalboasnoticias.com.br\/home\/presos-concluem-limpeza-e-reparos-em-predios-publicos-de-rio-bonito-do-iguacu\/\" \/>\n<meta property=\"og:site_name\" content=\"Jornal\" \/>\n<meta property=\"article:publisher\" content=\"https:\/\/www.facebook.com\/boasnoticiasjornal\" \/>\n<meta property=\"article:published_time\" content=\"2025-12-09T12:19:44+00:00\" \/>\n<meta property=\"article:modified_time\" content=\"2025-12-09T12:19:59+00:00\" \/>\n<meta property=\"og:image\" content=\"https:\/\/jornalboasnoticias.com.br\/home\/wp-content\/uploads\/2025\/12\/maos_amigas_ludovica_1_credito_-_silvio_turra.jpg\" \/>\n\t<meta property=\"og:image:width\" content=\"1350\" \/>\n\t<meta property=\"og:image:height\" content=\"900\" \/>\n\t<meta property=\"og:image:type\" content=\"image\/jpeg\" \/>\n<meta name=\"author\" content=\"Luiz Carlos da Cruz\" \/>\n<meta name=\"twitter:card\" content=\"summary_large_image\" \/>\n<meta name=\"twitter:label1\" content=\"Escrito por\" \/>\n\t<meta name=\"twitter:data1\" content=\"Luiz Carlos da Cruz\" \/>\n\t<meta name=\"twitter:label2\" content=\"Est. tempo de leitura\" \/>\n\t<meta name=\"twitter:data2\" content=\"5 minutos\" \/>\n<script type=\"application\/ld+json\" class=\"yoast-schema-graph\">{\"@context\":\"https:\\\/\\\/schema.org\",\"@graph\":[{\"@type\":\"Article\",\"@id\":\"https:\\\/\\\/jornalboasnoticias.com.br\\\/home\\\/presos-concluem-limpeza-e-reparos-em-predios-publicos-de-rio-bonito-do-iguacu\\\/#article\",\"isPartOf\":{\"@id\":\"https:\\\/\\\/jornalboasnoticias.com.br\\\/home\\\/presos-concluem-limpeza-e-reparos-em-predios-publicos-de-rio-bonito-do-iguacu\\\/\"},\"author\":{\"name\":\"Luiz Carlos da Cruz\",\"@id\":\"https:\\\/\\\/jornalboasnoticias.com.br\\\/home\\\/#\\\/schema\\\/person\\\/75f9ebde398c998c166475fb446bda62\"},\"headline\":\"Presos concluem limpeza e reparos em pr\u00e9dios p\u00fablicos de Rio Bonito do Igua\u00e7u\",\"datePublished\":\"2025-12-09T12:19:44+00:00\",\"dateModified\":\"2025-12-09T12:19:59+00:00\",\"mainEntityOfPage\":{\"@id\":\"https:\\\/\\\/jornalboasnoticias.com.br\\\/home\\\/presos-concluem-limpeza-e-reparos-em-predios-publicos-de-rio-bonito-do-iguacu\\\/\"},\"wordCount\":996,\"commentCount\":0,\"publisher\":{\"@id\":\"https:\\\/\\\/jornalboasnoticias.com.br\\\/home\\\/#organization\"},\"image\":{\"@id\":\"https:\\\/\\\/jornalboasnoticias.com.br\\\/home\\\/presos-concluem-limpeza-e-reparos-em-predios-publicos-de-rio-bonito-do-iguacu\\\/#primaryimage\"},\"thumbnailUrl\":\"https:\\\/\\\/jornalboasnoticias.com.br\\\/home\\\/wp-content\\\/uploads\\\/2025\\\/12\\\/maos_amigas_ludovica_1_credito_-_silvio_turra.jpg\",\"articleSection\":[\"PARAN\u00c1\"],\"inLanguage\":\"pt-BR\",\"potentialAction\":[{\"@type\":\"CommentAction\",\"name\":\"Comment\",\"target\":[\"https:\\\/\\\/jornalboasnoticias.com.br\\\/home\\\/presos-concluem-limpeza-e-reparos-em-predios-publicos-de-rio-bonito-do-iguacu\\\/#respond\"]}]},{\"@type\":\"WebPage\",\"@id\":\"https:\\\/\\\/jornalboasnoticias.com.br\\\/home\\\/presos-concluem-limpeza-e-reparos-em-predios-publicos-de-rio-bonito-do-iguacu\\\/\",\"url\":\"https:\\\/\\\/jornalboasnoticias.com.br\\\/home\\\/presos-concluem-limpeza-e-reparos-em-predios-publicos-de-rio-bonito-do-iguacu\\\/\",\"name\":\"Presos concluem limpeza e reparos em pr\u00e9dios p\u00fablicos de Rio Bonito do Igua\u00e7u - Jornal\",\"isPartOf\":{\"@id\":\"https:\\\/\\\/jornalboasnoticias.com.br\\\/home\\\/#website\"},\"primaryImageOfPage\":{\"@id\":\"https:\\\/\\\/jornalboasnoticias.com.br\\\/home\\\/presos-concluem-limpeza-e-reparos-em-predios-publicos-de-rio-bonito-do-iguacu\\\/#primaryimage\"},\"image\":{\"@id\":\"https:\\\/\\\/jornalboasnoticias.com.br\\\/home\\\/presos-concluem-limpeza-e-reparos-em-predios-publicos-de-rio-bonito-do-iguacu\\\/#primaryimage\"},\"thumbnailUrl\":\"https:\\\/\\\/jornalboasnoticias.com.br\\\/home\\\/wp-content\\\/uploads\\\/2025\\\/12\\\/maos_amigas_ludovica_1_credito_-_silvio_turra.jpg\",\"datePublished\":\"2025-12-09T12:19:44+00:00\",\"dateModified\":\"2025-12-09T12:19:59+00:00\",\"description\":\"Presos concluem limpeza e reparos em pr\u00e9dios p\u00fablicos de Rio Bonito do Igua\u00e7u\",\"breadcrumb\":{\"@id\":\"https:\\\/\\\/jornalboasnoticias.com.br\\\/home\\\/presos-concluem-limpeza-e-reparos-em-predios-publicos-de-rio-bonito-do-iguacu\\\/#breadcrumb\"},\"inLanguage\":\"pt-BR\",\"potentialAction\":[{\"@type\":\"ReadAction\",\"target\":[\"https:\\\/\\\/jornalboasnoticias.com.br\\\/home\\\/presos-concluem-limpeza-e-reparos-em-predios-publicos-de-rio-bonito-do-iguacu\\\/\"]}]},{\"@type\":\"ImageObject\",\"inLanguage\":\"pt-BR\",\"@id\":\"https:\\\/\\\/jornalboasnoticias.com.br\\\/home\\\/presos-concluem-limpeza-e-reparos-em-predios-publicos-de-rio-bonito-do-iguacu\\\/#primaryimage\",\"url\":\"https:\\\/\\\/jornalboasnoticias.com.br\\\/home\\\/wp-content\\\/uploads\\\/2025\\\/12\\\/maos_amigas_ludovica_1_credito_-_silvio_turra.jpg\",\"contentUrl\":\"https:\\\/\\\/jornalboasnoticias.com.br\\\/home\\\/wp-content\\\/uploads\\\/2025\\\/12\\\/maos_amigas_ludovica_1_credito_-_silvio_turra.jpg\",\"width\":1350,\"height\":900,\"caption\":\"Foto: Silvio Turra\\\/SEED\"},{\"@type\":\"BreadcrumbList\",\"@id\":\"https:\\\/\\\/jornalboasnoticias.com.br\\\/home\\\/presos-concluem-limpeza-e-reparos-em-predios-publicos-de-rio-bonito-do-iguacu\\\/#breadcrumb\",\"itemListElement\":[{\"@type\":\"ListItem\",\"position\":1,\"name\":\"In\u00edcio\",\"item\":\"https:\\\/\\\/jornalboasnoticias.com.br\\\/home\\\/\"},{\"@type\":\"ListItem\",\"position\":2,\"name\":\"Presos concluem limpeza e reparos em pr\u00e9dios p\u00fablicos de Rio Bonito do Igua\u00e7u\"}]},{\"@type\":\"WebSite\",\"@id\":\"https:\\\/\\\/jornalboasnoticias.com.br\\\/home\\\/#website\",\"url\":\"https:\\\/\\\/jornalboasnoticias.com.br\\\/home\\\/\",\"name\":\"Jornal Boas Not\u00edcias\",\"description\":\"Boas not\u00edcias\",\"publisher\":{\"@id\":\"https:\\\/\\\/jornalboasnoticias.com.br\\\/home\\\/#organization\"},\"potentialAction\":[{\"@type\":\"SearchAction\",\"target\":{\"@type\":\"EntryPoint\",\"urlTemplate\":\"https:\\\/\\\/jornalboasnoticias.com.br\\\/home\\\/?s={search_term_string}\"},\"query-input\":{\"@type\":\"PropertyValueSpecification\",\"valueRequired\":true,\"valueName\":\"search_term_string\"}}],\"inLanguage\":\"pt-BR\"},{\"@type\":\"Organization\",\"@id\":\"https:\\\/\\\/jornalboasnoticias.com.br\\\/home\\\/#organization\",\"name\":\"Coq Editora Ltda\",\"alternateName\":\"Jornal Boas Noticias\",\"url\":\"https:\\\/\\\/jornalboasnoticias.com.br\\\/home\\\/\",\"logo\":{\"@type\":\"ImageObject\",\"inLanguage\":\"pt-BR\",\"@id\":\"https:\\\/\\\/jornalboasnoticias.com.br\\\/home\\\/#\\\/schema\\\/logo\\\/image\\\/\",\"url\":\"https:\\\/\\\/jornalboasnoticias.com.br\\\/home\\\/wp-content\\\/uploads\\\/2024\\\/07\\\/cropped-logo.jpg\",\"contentUrl\":\"https:\\\/\\\/jornalboasnoticias.com.br\\\/home\\\/wp-content\\\/uploads\\\/2024\\\/07\\\/cropped-logo.jpg\",\"width\":290,\"height\":142,\"caption\":\"Coq Editora Ltda\"},\"image\":{\"@id\":\"https:\\\/\\\/jornalboasnoticias.com.br\\\/home\\\/#\\\/schema\\\/logo\\\/image\\\/\"},\"sameAs\":[\"https:\\\/\\\/www.facebook.com\\\/boasnoticiasjornal\"]},{\"@type\":\"Person\",\"@id\":\"https:\\\/\\\/jornalboasnoticias.com.br\\\/home\\\/#\\\/schema\\\/person\\\/75f9ebde398c998c166475fb446bda62\",\"name\":\"Luiz Carlos da Cruz\",\"image\":{\"@type\":\"ImageObject\",\"inLanguage\":\"pt-BR\",\"@id\":\"https:\\\/\\\/secure.gravatar.com\\\/avatar\\\/e6f4f45301b6cb8572f7b076572e8ac11c1db80e805d8c8d0858cf286ce3ac3b?s=96&d=mm&r=g\",\"url\":\"https:\\\/\\\/secure.gravatar.com\\\/avatar\\\/e6f4f45301b6cb8572f7b076572e8ac11c1db80e805d8c8d0858cf286ce3ac3b?s=96&d=mm&r=g\",\"contentUrl\":\"https:\\\/\\\/secure.gravatar.com\\\/avatar\\\/e6f4f45301b6cb8572f7b076572e8ac11c1db80e805d8c8d0858cf286ce3ac3b?s=96&d=mm&r=g\",\"caption\":\"Luiz Carlos da Cruz\"},\"url\":\"https:\\\/\\\/jornalboasnoticias.com.br\\\/home\\\/author\\\/luiz-carlos-da-cruz\\\/\"}]}<\/script>\n<!-- \/ Yoast SEO plugin. -->","yoast_head_json":{"title":"Presos concluem limpeza e reparos em pr\u00e9dios p\u00fablicos de Rio Bonito do Igua\u00e7u - Jornal","description":"Presos concluem limpeza e reparos em pr\u00e9dios p\u00fablicos de Rio Bonito do Igua\u00e7u","robots":{"index":"index","follow":"follow","max-snippet":"max-snippet:-1","max-image-preview":"max-image-preview:large","max-video-preview":"max-video-preview:-1"},"canonical":"https:\/\/jornalboasnoticias.com.br\/home\/presos-concluem-limpeza-e-reparos-em-predios-publicos-de-rio-bonito-do-iguacu\/","og_locale":"pt_BR","og_type":"article","og_title":"Presos concluem limpeza e reparos em pr\u00e9dios p\u00fablicos de Rio Bonito do Igua\u00e7u - Jornal","og_description":"Presos concluem limpeza e reparos em pr\u00e9dios p\u00fablicos de Rio Bonito do Igua\u00e7u","og_url":"https:\/\/jornalboasnoticias.com.br\/home\/presos-concluem-limpeza-e-reparos-em-predios-publicos-de-rio-bonito-do-iguacu\/","og_site_name":"Jornal","article_publisher":"https:\/\/www.facebook.com\/boasnoticiasjornal","article_published_time":"2025-12-09T12:19:44+00:00","article_modified_time":"2025-12-09T12:19:59+00:00","og_image":[{"width":1350,"height":900,"url":"https:\/\/jornalboasnoticias.com.br\/home\/wp-content\/uploads\/2025\/12\/maos_amigas_ludovica_1_credito_-_silvio_turra.jpg","type":"image\/jpeg"}],"author":"Luiz Carlos da Cruz","twitter_card":"summary_large_image","twitter_misc":{"Escrito por":"Luiz Carlos da Cruz","Est. tempo de leitura":"5 minutos"},"schema":{"@context":"https:\/\/schema.org","@graph":[{"@type":"Article","@id":"https:\/\/jornalboasnoticias.com.br\/home\/presos-concluem-limpeza-e-reparos-em-predios-publicos-de-rio-bonito-do-iguacu\/#article","isPartOf":{"@id":"https:\/\/jornalboasnoticias.com.br\/home\/presos-concluem-limpeza-e-reparos-em-predios-publicos-de-rio-bonito-do-iguacu\/"},"author":{"name":"Luiz Carlos da Cruz","@id":"https:\/\/jornalboasnoticias.com.br\/home\/#\/schema\/person\/75f9ebde398c998c166475fb446bda62"},"headline":"Presos concluem limpeza e reparos em pr\u00e9dios p\u00fablicos de Rio Bonito do Igua\u00e7u","datePublished":"2025-12-09T12:19:44+00:00","dateModified":"2025-12-09T12:19:59+00:00","mainEntityOfPage":{"@id":"https:\/\/jornalboasnoticias.com.br\/home\/presos-concluem-limpeza-e-reparos-em-predios-publicos-de-rio-bonito-do-iguacu\/"},"wordCount":996,"commentCount":0,"publisher":{"@id":"https:\/\/jornalboasnoticias.com.br\/home\/#organization"},"image":{"@id":"https:\/\/jornalboasnoticias.com.br\/home\/presos-concluem-limpeza-e-reparos-em-predios-publicos-de-rio-bonito-do-iguacu\/#primaryimage"},"thumbnailUrl":"https:\/\/jornalboasnoticias.com.br\/home\/wp-content\/uploads\/2025\/12\/maos_amigas_ludovica_1_credito_-_silvio_turra.jpg","articleSection":["PARAN\u00c1"],"inLanguage":"pt-BR","potentialAction":[{"@type":"CommentAction","name":"Comment","target":["https:\/\/jornalboasnoticias.com.br\/home\/presos-concluem-limpeza-e-reparos-em-predios-publicos-de-rio-bonito-do-iguacu\/#respond"]}]},{"@type":"WebPage","@id":"https:\/\/jornalboasnoticias.com.br\/home\/presos-concluem-limpeza-e-reparos-em-predios-publicos-de-rio-bonito-do-iguacu\/","url":"https:\/\/jornalboasnoticias.com.br\/home\/presos-concluem-limpeza-e-reparos-em-predios-publicos-de-rio-bonito-do-iguacu\/","name":"Presos concluem limpeza e reparos em pr\u00e9dios p\u00fablicos de Rio Bonito do Igua\u00e7u - Jornal","isPartOf":{"@id":"https:\/\/jornalboasnoticias.com.br\/home\/#website"},"primaryImageOfPage":{"@id":"https:\/\/jornalboasnoticias.com.br\/home\/presos-concluem-limpeza-e-reparos-em-predios-publicos-de-rio-bonito-do-iguacu\/#primaryimage"},"image":{"@id":"https:\/\/jornalboasnoticias.com.br\/home\/presos-concluem-limpeza-e-reparos-em-predios-publicos-de-rio-bonito-do-iguacu\/#primaryimage"},"thumbnailUrl":"https:\/\/jornalboasnoticias.com.br\/home\/wp-content\/uploads\/2025\/12\/maos_amigas_ludovica_1_credito_-_silvio_turra.jpg","datePublished":"2025-12-09T12:19:44+00:00","dateModified":"2025-12-09T12:19:59+00:00","description":"Presos concluem limpeza e reparos em pr\u00e9dios p\u00fablicos de Rio Bonito do Igua\u00e7u","breadcrumb":{"@id":"https:\/\/jornalboasnoticias.com.br\/home\/presos-concluem-limpeza-e-reparos-em-predios-publicos-de-rio-bonito-do-iguacu\/#breadcrumb"},"inLanguage":"pt-BR","potentialAction":[{"@type":"ReadAction","target":["https:\/\/jornalboasnoticias.com.br\/home\/presos-concluem-limpeza-e-reparos-em-predios-publicos-de-rio-bonito-do-iguacu\/"]}]},{"@type":"ImageObject","inLanguage":"pt-BR","@id":"https:\/\/jornalboasnoticias.com.br\/home\/presos-concluem-limpeza-e-reparos-em-predios-publicos-de-rio-bonito-do-iguacu\/#primaryimage","url":"https:\/\/jornalboasnoticias.com.br\/home\/wp-content\/uploads\/2025\/12\/maos_amigas_ludovica_1_credito_-_silvio_turra.jpg","contentUrl":"https:\/\/jornalboasnoticias.com.br\/home\/wp-content\/uploads\/2025\/12\/maos_amigas_ludovica_1_credito_-_silvio_turra.jpg","width":1350,"height":900,"caption":"Foto: Silvio Turra\/SEED"},{"@type":"BreadcrumbList","@id":"https:\/\/jornalboasnoticias.com.br\/home\/presos-concluem-limpeza-e-reparos-em-predios-publicos-de-rio-bonito-do-iguacu\/#breadcrumb","itemListElement":[{"@type":"ListItem","position":1,"name":"In\u00edcio","item":"https:\/\/jornalboasnoticias.com.br\/home\/"},{"@type":"ListItem","position":2,"name":"Presos concluem limpeza e reparos em pr\u00e9dios p\u00fablicos de Rio Bonito do Igua\u00e7u"}]},{"@type":"WebSite","@id":"https:\/\/jornalboasnoticias.com.br\/home\/#website","url":"https:\/\/jornalboasnoticias.com.br\/home\/","name":"Jornal Boas Not\u00edcias","description":"Boas not\u00edcias","publisher":{"@id":"https:\/\/jornalboasnoticias.com.br\/home\/#organization"},"potentialAction":[{"@type":"SearchAction","target":{"@type":"EntryPoint","urlTemplate":"https:\/\/jornalboasnoticias.com.br\/home\/?s={search_term_string}"},"query-input":{"@type":"PropertyValueSpecification","valueRequired":true,"valueName":"search_term_string"}}],"inLanguage":"pt-BR"},{"@type":"Organization","@id":"https:\/\/jornalboasnoticias.com.br\/home\/#organization","name":"Coq Editora Ltda","alternateName":"Jornal Boas Noticias","url":"https:\/\/jornalboasnoticias.com.br\/home\/","logo":{"@type":"ImageObject","inLanguage":"pt-BR","@id":"https:\/\/jornalboasnoticias.com.br\/home\/#\/schema\/logo\/image\/","url":"https:\/\/jornalboasnoticias.com.br\/home\/wp-content\/uploads\/2024\/07\/cropped-logo.jpg","contentUrl":"https:\/\/jornalboasnoticias.com.br\/home\/wp-content\/uploads\/2024\/07\/cropped-logo.jpg","width":290,"height":142,"caption":"Coq Editora Ltda"},"image":{"@id":"https:\/\/jornalboasnoticias.com.br\/home\/#\/schema\/logo\/image\/"},"sameAs":["https:\/\/www.facebook.com\/boasnoticiasjornal"]},{"@type":"Person","@id":"https:\/\/jornalboasnoticias.com.br\/home\/#\/schema\/person\/75f9ebde398c998c166475fb446bda62","name":"Luiz Carlos da Cruz","image":{"@type":"ImageObject","inLanguage":"pt-BR","@id":"https:\/\/secure.gravatar.com\/avatar\/e6f4f45301b6cb8572f7b076572e8ac11c1db80e805d8c8d0858cf286ce3ac3b?s=96&d=mm&r=g","url":"https:\/\/secure.gravatar.com\/avatar\/e6f4f45301b6cb8572f7b076572e8ac11c1db80e805d8c8d0858cf286ce3ac3b?s=96&d=mm&r=g","contentUrl":"https:\/\/secure.gravatar.com\/avatar\/e6f4f45301b6cb8572f7b076572e8ac11c1db80e805d8c8d0858cf286ce3ac3b?s=96&d=mm&r=g","caption":"Luiz Carlos da Cruz"},"url":"https:\/\/jornalboasnoticias.com.br\/home\/author\/luiz-carlos-da-cruz\/"}]}},"_links":{"self":[{"href":"https:\/\/jornalboasnoticias.com.br\/home\/wp-json\/wp\/v2\/posts\/46774","targetHints":{"allow":["GET"]}}],"collection":[{"href":"https:\/\/jornalboasnoticias.com.br\/home\/wp-json\/wp\/v2\/posts"}],"about":[{"href":"https:\/\/jornalboasnoticias.com.br\/home\/wp-json\/wp\/v2\/types\/post"}],"author":[{"embeddable":true,"href":"https:\/\/jornalboasnoticias.com.br\/home\/wp-json\/wp\/v2\/users\/3"}],"replies":[{"embeddable":true,"href":"https:\/\/jornalboasnoticias.com.br\/home\/wp-json\/wp\/v2\/comments?post=46774"}],"version-history":[{"count":1,"href":"https:\/\/jornalboasnoticias.com.br\/home\/wp-json\/wp\/v2\/posts\/46774\/revisions"}],"predecessor-version":[{"id":46776,"href":"https:\/\/jornalboasnoticias.com.br\/home\/wp-json\/wp\/v2\/posts\/46774\/revisions\/46776"}],"wp:featuredmedia":[{"embeddable":true,"href":"https:\/\/jornalboasnoticias.com.br\/home\/wp-json\/wp\/v2\/media\/46775"}],"wp:attachment":[{"href":"https:\/\/jornalboasnoticias.com.br\/home\/wp-json\/wp\/v2\/media?parent=46774"}],"wp:term":[{"taxonomy":"category","embeddable":true,"href":"https:\/\/jornalboasnoticias.com.br\/home\/wp-json\/wp\/v2\/categories?post=46774"},{"taxonomy":"post_tag","embeddable":true,"href":"https:\/\/jornalboasnoticias.com.br\/home\/wp-json\/wp\/v2\/tags?post=46774"}],"curies":[{"name":"wp","href":"https:\/\/api.w.org\/{rel}","templated":true}]}}