{"id":46743,"date":"2025-12-08T13:15:50","date_gmt":"2025-12-08T13:15:50","guid":{"rendered":"https:\/\/jornalboasnoticias.com.br\/home\/?p=46743"},"modified":"2025-12-08T13:15:50","modified_gmt":"2025-12-08T13:15:50","slug":"magia-e-emocao-marcam-a-abertura-do-natal-no-interior-em-acao-no-distrito-de-sede-alvorada","status":"publish","type":"post","link":"https:\/\/jornalboasnoticias.com.br\/home\/magia-e-emocao-marcam-a-abertura-do-natal-no-interior-em-acao-no-distrito-de-sede-alvorada\/","title":{"rendered":"Magia e emo\u00e7\u00e3o marcam a abertura do Natal no interior em a\u00e7\u00e3o no Distrito de Sede Alvorada"},"content":{"rendered":"<blockquote>\n<p style=\"text-align: center;\">P\u00fablico foi recebido com m\u00fasicas natalinas, conta\u00e7\u00e3o de hist\u00f3rias, brincadeiras com o palha\u00e7o Prop\u00edcio, muitas balas e pirulitos, al\u00e9m de um momento especial ao lado do bom velhinho<\/p>\n<\/blockquote>\n<figure id=\"attachment_46744\" aria-describedby=\"caption-attachment-46744\" style=\"width: 1280px\" class=\"wp-caption alignnone\"><img loading=\"lazy\" decoding=\"async\" class=\"size-full wp-image-46744\" src=\"https:\/\/jornalboasnoticias.com.br\/home\/wp-content\/uploads\/2025\/12\/Imagem-do-WhatsApp-de-2025-12-07-as-17_42_36_53fada86.jpg\" alt=\"\" width=\"1280\" height=\"854\" srcset=\"https:\/\/jornalboasnoticias.com.br\/home\/wp-content\/uploads\/2025\/12\/Imagem-do-WhatsApp-de-2025-12-07-as-17_42_36_53fada86.jpg 1280w, https:\/\/jornalboasnoticias.com.br\/home\/wp-content\/uploads\/2025\/12\/Imagem-do-WhatsApp-de-2025-12-07-as-17_42_36_53fada86-300x200.jpg 300w, https:\/\/jornalboasnoticias.com.br\/home\/wp-content\/uploads\/2025\/12\/Imagem-do-WhatsApp-de-2025-12-07-as-17_42_36_53fada86-1024x683.jpg 1024w, https:\/\/jornalboasnoticias.com.br\/home\/wp-content\/uploads\/2025\/12\/Imagem-do-WhatsApp-de-2025-12-07-as-17_42_36_53fada86-768x512.jpg 768w, https:\/\/jornalboasnoticias.com.br\/home\/wp-content\/uploads\/2025\/12\/Imagem-do-WhatsApp-de-2025-12-07-as-17_42_36_53fada86-900x600.jpg 900w\" sizes=\"auto, (max-width: 1280px) 100vw, 1280px\" \/><figcaption id=\"caption-attachment-46744\" class=\"wp-caption-text\">Divulga\u00e7\u00e3o<\/figcaption><\/figure>\n<p>A magia do Natal chegou ao interior de Cascavel, com a abertura oficial das celebra\u00e7\u00f5es do Natal de Luz e Paz no Distrito de Sede Alvorada. Papai Noel e seus ajudantes encantaram as fam\u00edlias que foram \u00e0 pra\u00e7a da igreja cat\u00f3lica, criando um clima de alegria e encantamento t\u00edpico desta \u00e9poca do ano na tarde de ontem (7).<\/p>\n<p>O p\u00fablico foi recebido com uma programa\u00e7\u00e3o especial: m\u00fasicas natalinas na voz de Eros Delavega, conta\u00e7\u00e3o de hist\u00f3rias, brincadeiras com o palha\u00e7o Prop\u00edcio e, claro, muitas balas e pirulitos distribu\u00eddos \u00e0s crian\u00e7as, que tamb\u00e9m aproveitaram para registrar aquele momento especial ao lado do bom velhinho.<\/p>\n<p>Representando o prefeito Renato Silva, o vice-prefeito Henrique Mecab\u00f4 destacou a import\u00e2ncia da descentraliza\u00e7\u00e3o das festividades.\u00a0\u201cEssas crian\u00e7as aqui tamb\u00e9m merecem receber a magia do nosso Natal de Luz e Paz. Come\u00e7ou de uma maneira t\u00e3o grandiosa l\u00e1 no centro da cidade, e agora vem tamb\u00e9m para os distritos para garantir a alegria a todas as fam\u00edlias e mostrar que o nosso munic\u00edpio \u00e9 muito grande, mas que esse governo tamb\u00e9m trabalha a interioriza\u00e7\u00e3o\u201d.<\/p>\n<p>A iniciativa integra o projeto de descentraliza\u00e7\u00e3o promovido pela Secretaria de Cultura, levando o clima natalino a todas as comunidades rurais. O gerente de eventos da Secult, Marcelo Bongiovanni, refor\u00e7ou o calend\u00e1rio.\u00a0\u201cEsse Natal no interior segue a pol\u00edtica de descentraliza\u00e7\u00e3o do governo Renato Silva, que \u00e9 levar o natal aos Distritos de Cascavel. Estamos aqui em Sede Alvorada, dia 13 em S\u00e3o Salvador, dia 14 de dezembro em S\u00e3o Jo\u00e3o e, no dia 20 de dezembro, no encerramento do nosso Natal no Interior, estaremos com o Papai Noel no Distrito do Rio do Salto\u201d, explicou.<\/p>\n<p>As crian\u00e7as fizeram uma longa fila para garantir a foto com o Papai Noel e receber doces. Para a moradora Daiane Engster, participar da festa foi motivo de uni\u00e3o e celebra\u00e7\u00e3o.\u00a0\u201cEsta foi uma oportunidade \u00fanica que as nossas crian\u00e7as e n\u00f3s tamb\u00e9m tivemos de participar do Natal entre amigos. Aqui estamos todos em comunidade. Vizinhos, parentes, amigos. Todos vieram pra ver o Natal\u201d.<\/p>\n<p>Em meio ao clima de emo\u00e7\u00e3o, Giovani Recalcati resumiu o sentimento da comunidade.\u00a0\u201cA beleza e a simplicidade do Natal sempre encantam a todos. Estamos felizes com esta festa.\u201d<\/p>\n<p>Quem tamb\u00e9m aproveitou cada momento foi Edilson Turra, que levou toda a fam\u00edlia para a pra\u00e7a da igreja. Ao lado da esposa Iara e dos filhos, celebrou a chegada do Papai Noel e toda a programa\u00e7\u00e3o preparada para a data.\u00a0\u201cO Natal no interior \u00e9 bom demais. Natal sempre re\u00fane as fam\u00edlias e os amigos, ent\u00e3o a gente veio junto ver de perto esta festa de Natal e queremos desejar um feliz Natal a todos\u201d, disse.<\/p>\n<p>A tarde em Sede Alvorada ficou marcada pelo brilho, pela m\u00fasica e, sobretudo, pelo esp\u00edrito natalino que transforma encontros em mem\u00f3rias inesquec\u00edveis.<\/p>\n<p><em>Prefeitura de Cascavel<\/em><\/p>\n<p>&nbsp;<\/p>\n","protected":false},"excerpt":{"rendered":"<p>P\u00fablico foi recebido com m\u00fasicas natalinas, conta\u00e7\u00e3o de hist\u00f3rias, brincadeiras com o palha\u00e7o Prop\u00edcio, muitas<\/p>\n","protected":false},"author":3,"featured_media":46744,"comment_status":"open","ping_status":"open","sticky":false,"template":"","format":"standard","meta":{"footnotes":""},"categories":[2,3],"tags":[],"class_list":["post-46743","post","type-post","status-publish","format-standard","has-post-thumbnail","hentry","category-cascavel","category-destaques"],"yoast_head":"<!-- This site is optimized with the Yoast SEO plugin v27.5 - https:\/\/yoast.com\/product\/yoast-seo-wordpress\/ -->\n<title>Magia e emo\u00e7\u00e3o marcam a abertura do Natal no interior em a\u00e7\u00e3o no Distrito de Sede Alvorada - Jornal<\/title>\n<meta name=\"description\" content=\"Magia e emo\u00e7\u00e3o marcam a abertura do Natal no interior em a\u00e7\u00e3o no Distrito de Sede Alvorada\" \/>\n<meta name=\"robots\" content=\"index, follow, max-snippet:-1, max-image-preview:large, max-video-preview:-1\" \/>\n<link rel=\"canonical\" href=\"https:\/\/jornalboasnoticias.com.br\/home\/magia-e-emocao-marcam-a-abertura-do-natal-no-interior-em-acao-no-distrito-de-sede-alvorada\/\" \/>\n<meta property=\"og:locale\" content=\"pt_BR\" \/>\n<meta property=\"og:type\" content=\"article\" \/>\n<meta property=\"og:title\" content=\"Magia e emo\u00e7\u00e3o marcam a abertura do Natal no interior em a\u00e7\u00e3o no Distrito de Sede Alvorada - Jornal\" \/>\n<meta property=\"og:description\" content=\"Magia e emo\u00e7\u00e3o marcam a abertura do Natal no interior em a\u00e7\u00e3o no Distrito de Sede Alvorada\" \/>\n<meta property=\"og:url\" content=\"https:\/\/jornalboasnoticias.com.br\/home\/magia-e-emocao-marcam-a-abertura-do-natal-no-interior-em-acao-no-distrito-de-sede-alvorada\/\" \/>\n<meta property=\"og:site_name\" content=\"Jornal\" \/>\n<meta property=\"article:publisher\" content=\"https:\/\/www.facebook.com\/boasnoticiasjornal\" \/>\n<meta property=\"article:published_time\" content=\"2025-12-08T13:15:50+00:00\" \/>\n<meta property=\"og:image\" content=\"https:\/\/jornalboasnoticias.com.br\/home\/wp-content\/uploads\/2025\/12\/Imagem-do-WhatsApp-de-2025-12-07-as-17_42_36_53fada86.jpg\" \/>\n\t<meta property=\"og:image:width\" content=\"1280\" \/>\n\t<meta property=\"og:image:height\" content=\"854\" \/>\n\t<meta property=\"og:image:type\" content=\"image\/jpeg\" \/>\n<meta name=\"author\" content=\"Luiz Carlos da Cruz\" \/>\n<meta name=\"twitter:card\" content=\"summary_large_image\" \/>\n<meta name=\"twitter:label1\" content=\"Escrito por\" \/>\n\t<meta name=\"twitter:data1\" content=\"Luiz Carlos da Cruz\" \/>\n\t<meta name=\"twitter:label2\" content=\"Est. tempo de leitura\" \/>\n\t<meta name=\"twitter:data2\" content=\"4 minutos\" \/>\n<script type=\"application\/ld+json\" class=\"yoast-schema-graph\">{\"@context\":\"https:\\\/\\\/schema.org\",\"@graph\":[{\"@type\":\"Article\",\"@id\":\"https:\\\/\\\/jornalboasnoticias.com.br\\\/home\\\/magia-e-emocao-marcam-a-abertura-do-natal-no-interior-em-acao-no-distrito-de-sede-alvorada\\\/#article\",\"isPartOf\":{\"@id\":\"https:\\\/\\\/jornalboasnoticias.com.br\\\/home\\\/magia-e-emocao-marcam-a-abertura-do-natal-no-interior-em-acao-no-distrito-de-sede-alvorada\\\/\"},\"author\":{\"name\":\"Luiz Carlos da Cruz\",\"@id\":\"https:\\\/\\\/jornalboasnoticias.com.br\\\/home\\\/#\\\/schema\\\/person\\\/75f9ebde398c998c166475fb446bda62\"},\"headline\":\"Magia e emo\u00e7\u00e3o marcam a abertura do Natal no interior em a\u00e7\u00e3o no Distrito de Sede Alvorada\",\"datePublished\":\"2025-12-08T13:15:50+00:00\",\"mainEntityOfPage\":{\"@id\":\"https:\\\/\\\/jornalboasnoticias.com.br\\\/home\\\/magia-e-emocao-marcam-a-abertura-do-natal-no-interior-em-acao-no-distrito-de-sede-alvorada\\\/\"},\"wordCount\":575,\"commentCount\":0,\"publisher\":{\"@id\":\"https:\\\/\\\/jornalboasnoticias.com.br\\\/home\\\/#organization\"},\"image\":{\"@id\":\"https:\\\/\\\/jornalboasnoticias.com.br\\\/home\\\/magia-e-emocao-marcam-a-abertura-do-natal-no-interior-em-acao-no-distrito-de-sede-alvorada\\\/#primaryimage\"},\"thumbnailUrl\":\"https:\\\/\\\/jornalboasnoticias.com.br\\\/home\\\/wp-content\\\/uploads\\\/2025\\\/12\\\/Imagem-do-WhatsApp-de-2025-12-07-as-17_42_36_53fada86.jpg\",\"articleSection\":[\"CASCAVEL\",\"DESTAQUE\"],\"inLanguage\":\"pt-BR\",\"potentialAction\":[{\"@type\":\"CommentAction\",\"name\":\"Comment\",\"target\":[\"https:\\\/\\\/jornalboasnoticias.com.br\\\/home\\\/magia-e-emocao-marcam-a-abertura-do-natal-no-interior-em-acao-no-distrito-de-sede-alvorada\\\/#respond\"]}]},{\"@type\":\"WebPage\",\"@id\":\"https:\\\/\\\/jornalboasnoticias.com.br\\\/home\\\/magia-e-emocao-marcam-a-abertura-do-natal-no-interior-em-acao-no-distrito-de-sede-alvorada\\\/\",\"url\":\"https:\\\/\\\/jornalboasnoticias.com.br\\\/home\\\/magia-e-emocao-marcam-a-abertura-do-natal-no-interior-em-acao-no-distrito-de-sede-alvorada\\\/\",\"name\":\"Magia e emo\u00e7\u00e3o marcam a abertura do Natal no interior em a\u00e7\u00e3o no Distrito de Sede Alvorada - Jornal\",\"isPartOf\":{\"@id\":\"https:\\\/\\\/jornalboasnoticias.com.br\\\/home\\\/#website\"},\"primaryImageOfPage\":{\"@id\":\"https:\\\/\\\/jornalboasnoticias.com.br\\\/home\\\/magia-e-emocao-marcam-a-abertura-do-natal-no-interior-em-acao-no-distrito-de-sede-alvorada\\\/#primaryimage\"},\"image\":{\"@id\":\"https:\\\/\\\/jornalboasnoticias.com.br\\\/home\\\/magia-e-emocao-marcam-a-abertura-do-natal-no-interior-em-acao-no-distrito-de-sede-alvorada\\\/#primaryimage\"},\"thumbnailUrl\":\"https:\\\/\\\/jornalboasnoticias.com.br\\\/home\\\/wp-content\\\/uploads\\\/2025\\\/12\\\/Imagem-do-WhatsApp-de-2025-12-07-as-17_42_36_53fada86.jpg\",\"datePublished\":\"2025-12-08T13:15:50+00:00\",\"description\":\"Magia e emo\u00e7\u00e3o marcam a abertura do Natal no interior em a\u00e7\u00e3o no Distrito de Sede Alvorada\",\"breadcrumb\":{\"@id\":\"https:\\\/\\\/jornalboasnoticias.com.br\\\/home\\\/magia-e-emocao-marcam-a-abertura-do-natal-no-interior-em-acao-no-distrito-de-sede-alvorada\\\/#breadcrumb\"},\"inLanguage\":\"pt-BR\",\"potentialAction\":[{\"@type\":\"ReadAction\",\"target\":[\"https:\\\/\\\/jornalboasnoticias.com.br\\\/home\\\/magia-e-emocao-marcam-a-abertura-do-natal-no-interior-em-acao-no-distrito-de-sede-alvorada\\\/\"]}]},{\"@type\":\"ImageObject\",\"inLanguage\":\"pt-BR\",\"@id\":\"https:\\\/\\\/jornalboasnoticias.com.br\\\/home\\\/magia-e-emocao-marcam-a-abertura-do-natal-no-interior-em-acao-no-distrito-de-sede-alvorada\\\/#primaryimage\",\"url\":\"https:\\\/\\\/jornalboasnoticias.com.br\\\/home\\\/wp-content\\\/uploads\\\/2025\\\/12\\\/Imagem-do-WhatsApp-de-2025-12-07-as-17_42_36_53fada86.jpg\",\"contentUrl\":\"https:\\\/\\\/jornalboasnoticias.com.br\\\/home\\\/wp-content\\\/uploads\\\/2025\\\/12\\\/Imagem-do-WhatsApp-de-2025-12-07-as-17_42_36_53fada86.jpg\",\"width\":1280,\"height\":854,\"caption\":\"Divulga\u00e7\u00e3o\"},{\"@type\":\"BreadcrumbList\",\"@id\":\"https:\\\/\\\/jornalboasnoticias.com.br\\\/home\\\/magia-e-emocao-marcam-a-abertura-do-natal-no-interior-em-acao-no-distrito-de-sede-alvorada\\\/#breadcrumb\",\"itemListElement\":[{\"@type\":\"ListItem\",\"position\":1,\"name\":\"In\u00edcio\",\"item\":\"https:\\\/\\\/jornalboasnoticias.com.br\\\/home\\\/\"},{\"@type\":\"ListItem\",\"position\":2,\"name\":\"Magia e emo\u00e7\u00e3o marcam a abertura do Natal no interior em a\u00e7\u00e3o no Distrito de Sede Alvorada\"}]},{\"@type\":\"WebSite\",\"@id\":\"https:\\\/\\\/jornalboasnoticias.com.br\\\/home\\\/#website\",\"url\":\"https:\\\/\\\/jornalboasnoticias.com.br\\\/home\\\/\",\"name\":\"Jornal Boas Not\u00edcias\",\"description\":\"Boas not\u00edcias\",\"publisher\":{\"@id\":\"https:\\\/\\\/jornalboasnoticias.com.br\\\/home\\\/#organization\"},\"potentialAction\":[{\"@type\":\"SearchAction\",\"target\":{\"@type\":\"EntryPoint\",\"urlTemplate\":\"https:\\\/\\\/jornalboasnoticias.com.br\\\/home\\\/?s={search_term_string}\"},\"query-input\":{\"@type\":\"PropertyValueSpecification\",\"valueRequired\":true,\"valueName\":\"search_term_string\"}}],\"inLanguage\":\"pt-BR\"},{\"@type\":\"Organization\",\"@id\":\"https:\\\/\\\/jornalboasnoticias.com.br\\\/home\\\/#organization\",\"name\":\"Coq Editora Ltda\",\"alternateName\":\"Jornal Boas Noticias\",\"url\":\"https:\\\/\\\/jornalboasnoticias.com.br\\\/home\\\/\",\"logo\":{\"@type\":\"ImageObject\",\"inLanguage\":\"pt-BR\",\"@id\":\"https:\\\/\\\/jornalboasnoticias.com.br\\\/home\\\/#\\\/schema\\\/logo\\\/image\\\/\",\"url\":\"https:\\\/\\\/jornalboasnoticias.com.br\\\/home\\\/wp-content\\\/uploads\\\/2024\\\/07\\\/cropped-logo.jpg\",\"contentUrl\":\"https:\\\/\\\/jornalboasnoticias.com.br\\\/home\\\/wp-content\\\/uploads\\\/2024\\\/07\\\/cropped-logo.jpg\",\"width\":290,\"height\":142,\"caption\":\"Coq Editora Ltda\"},\"image\":{\"@id\":\"https:\\\/\\\/jornalboasnoticias.com.br\\\/home\\\/#\\\/schema\\\/logo\\\/image\\\/\"},\"sameAs\":[\"https:\\\/\\\/www.facebook.com\\\/boasnoticiasjornal\"]},{\"@type\":\"Person\",\"@id\":\"https:\\\/\\\/jornalboasnoticias.com.br\\\/home\\\/#\\\/schema\\\/person\\\/75f9ebde398c998c166475fb446bda62\",\"name\":\"Luiz Carlos da Cruz\",\"image\":{\"@type\":\"ImageObject\",\"inLanguage\":\"pt-BR\",\"@id\":\"https:\\\/\\\/secure.gravatar.com\\\/avatar\\\/e6f4f45301b6cb8572f7b076572e8ac11c1db80e805d8c8d0858cf286ce3ac3b?s=96&d=mm&r=g\",\"url\":\"https:\\\/\\\/secure.gravatar.com\\\/avatar\\\/e6f4f45301b6cb8572f7b076572e8ac11c1db80e805d8c8d0858cf286ce3ac3b?s=96&d=mm&r=g\",\"contentUrl\":\"https:\\\/\\\/secure.gravatar.com\\\/avatar\\\/e6f4f45301b6cb8572f7b076572e8ac11c1db80e805d8c8d0858cf286ce3ac3b?s=96&d=mm&r=g\",\"caption\":\"Luiz Carlos da Cruz\"},\"url\":\"https:\\\/\\\/jornalboasnoticias.com.br\\\/home\\\/author\\\/luiz-carlos-da-cruz\\\/\"}]}<\/script>\n<!-- \/ Yoast SEO plugin. -->","yoast_head_json":{"title":"Magia e emo\u00e7\u00e3o marcam a abertura do Natal no interior em a\u00e7\u00e3o no Distrito de Sede Alvorada - Jornal","description":"Magia e emo\u00e7\u00e3o marcam a abertura do Natal no interior em a\u00e7\u00e3o no Distrito de Sede Alvorada","robots":{"index":"index","follow":"follow","max-snippet":"max-snippet:-1","max-image-preview":"max-image-preview:large","max-video-preview":"max-video-preview:-1"},"canonical":"https:\/\/jornalboasnoticias.com.br\/home\/magia-e-emocao-marcam-a-abertura-do-natal-no-interior-em-acao-no-distrito-de-sede-alvorada\/","og_locale":"pt_BR","og_type":"article","og_title":"Magia e emo\u00e7\u00e3o marcam a abertura do Natal no interior em a\u00e7\u00e3o no Distrito de Sede Alvorada - Jornal","og_description":"Magia e emo\u00e7\u00e3o marcam a abertura do Natal no interior em a\u00e7\u00e3o no Distrito de Sede Alvorada","og_url":"https:\/\/jornalboasnoticias.com.br\/home\/magia-e-emocao-marcam-a-abertura-do-natal-no-interior-em-acao-no-distrito-de-sede-alvorada\/","og_site_name":"Jornal","article_publisher":"https:\/\/www.facebook.com\/boasnoticiasjornal","article_published_time":"2025-12-08T13:15:50+00:00","og_image":[{"width":1280,"height":854,"url":"https:\/\/jornalboasnoticias.com.br\/home\/wp-content\/uploads\/2025\/12\/Imagem-do-WhatsApp-de-2025-12-07-as-17_42_36_53fada86.jpg","type":"image\/jpeg"}],"author":"Luiz Carlos da Cruz","twitter_card":"summary_large_image","twitter_misc":{"Escrito por":"Luiz Carlos da Cruz","Est. tempo de leitura":"4 minutos"},"schema":{"@context":"https:\/\/schema.org","@graph":[{"@type":"Article","@id":"https:\/\/jornalboasnoticias.com.br\/home\/magia-e-emocao-marcam-a-abertura-do-natal-no-interior-em-acao-no-distrito-de-sede-alvorada\/#article","isPartOf":{"@id":"https:\/\/jornalboasnoticias.com.br\/home\/magia-e-emocao-marcam-a-abertura-do-natal-no-interior-em-acao-no-distrito-de-sede-alvorada\/"},"author":{"name":"Luiz Carlos da Cruz","@id":"https:\/\/jornalboasnoticias.com.br\/home\/#\/schema\/person\/75f9ebde398c998c166475fb446bda62"},"headline":"Magia e emo\u00e7\u00e3o marcam a abertura do Natal no interior em a\u00e7\u00e3o no Distrito de Sede Alvorada","datePublished":"2025-12-08T13:15:50+00:00","mainEntityOfPage":{"@id":"https:\/\/jornalboasnoticias.com.br\/home\/magia-e-emocao-marcam-a-abertura-do-natal-no-interior-em-acao-no-distrito-de-sede-alvorada\/"},"wordCount":575,"commentCount":0,"publisher":{"@id":"https:\/\/jornalboasnoticias.com.br\/home\/#organization"},"image":{"@id":"https:\/\/jornalboasnoticias.com.br\/home\/magia-e-emocao-marcam-a-abertura-do-natal-no-interior-em-acao-no-distrito-de-sede-alvorada\/#primaryimage"},"thumbnailUrl":"https:\/\/jornalboasnoticias.com.br\/home\/wp-content\/uploads\/2025\/12\/Imagem-do-WhatsApp-de-2025-12-07-as-17_42_36_53fada86.jpg","articleSection":["CASCAVEL","DESTAQUE"],"inLanguage":"pt-BR","potentialAction":[{"@type":"CommentAction","name":"Comment","target":["https:\/\/jornalboasnoticias.com.br\/home\/magia-e-emocao-marcam-a-abertura-do-natal-no-interior-em-acao-no-distrito-de-sede-alvorada\/#respond"]}]},{"@type":"WebPage","@id":"https:\/\/jornalboasnoticias.com.br\/home\/magia-e-emocao-marcam-a-abertura-do-natal-no-interior-em-acao-no-distrito-de-sede-alvorada\/","url":"https:\/\/jornalboasnoticias.com.br\/home\/magia-e-emocao-marcam-a-abertura-do-natal-no-interior-em-acao-no-distrito-de-sede-alvorada\/","name":"Magia e emo\u00e7\u00e3o marcam a abertura do Natal no interior em a\u00e7\u00e3o no Distrito de Sede Alvorada - Jornal","isPartOf":{"@id":"https:\/\/jornalboasnoticias.com.br\/home\/#website"},"primaryImageOfPage":{"@id":"https:\/\/jornalboasnoticias.com.br\/home\/magia-e-emocao-marcam-a-abertura-do-natal-no-interior-em-acao-no-distrito-de-sede-alvorada\/#primaryimage"},"image":{"@id":"https:\/\/jornalboasnoticias.com.br\/home\/magia-e-emocao-marcam-a-abertura-do-natal-no-interior-em-acao-no-distrito-de-sede-alvorada\/#primaryimage"},"thumbnailUrl":"https:\/\/jornalboasnoticias.com.br\/home\/wp-content\/uploads\/2025\/12\/Imagem-do-WhatsApp-de-2025-12-07-as-17_42_36_53fada86.jpg","datePublished":"2025-12-08T13:15:50+00:00","description":"Magia e emo\u00e7\u00e3o marcam a abertura do Natal no interior em a\u00e7\u00e3o no Distrito de Sede Alvorada","breadcrumb":{"@id":"https:\/\/jornalboasnoticias.com.br\/home\/magia-e-emocao-marcam-a-abertura-do-natal-no-interior-em-acao-no-distrito-de-sede-alvorada\/#breadcrumb"},"inLanguage":"pt-BR","potentialAction":[{"@type":"ReadAction","target":["https:\/\/jornalboasnoticias.com.br\/home\/magia-e-emocao-marcam-a-abertura-do-natal-no-interior-em-acao-no-distrito-de-sede-alvorada\/"]}]},{"@type":"ImageObject","inLanguage":"pt-BR","@id":"https:\/\/jornalboasnoticias.com.br\/home\/magia-e-emocao-marcam-a-abertura-do-natal-no-interior-em-acao-no-distrito-de-sede-alvorada\/#primaryimage","url":"https:\/\/jornalboasnoticias.com.br\/home\/wp-content\/uploads\/2025\/12\/Imagem-do-WhatsApp-de-2025-12-07-as-17_42_36_53fada86.jpg","contentUrl":"https:\/\/jornalboasnoticias.com.br\/home\/wp-content\/uploads\/2025\/12\/Imagem-do-WhatsApp-de-2025-12-07-as-17_42_36_53fada86.jpg","width":1280,"height":854,"caption":"Divulga\u00e7\u00e3o"},{"@type":"BreadcrumbList","@id":"https:\/\/jornalboasnoticias.com.br\/home\/magia-e-emocao-marcam-a-abertura-do-natal-no-interior-em-acao-no-distrito-de-sede-alvorada\/#breadcrumb","itemListElement":[{"@type":"ListItem","position":1,"name":"In\u00edcio","item":"https:\/\/jornalboasnoticias.com.br\/home\/"},{"@type":"ListItem","position":2,"name":"Magia e emo\u00e7\u00e3o marcam a abertura do Natal no interior em a\u00e7\u00e3o no Distrito de Sede Alvorada"}]},{"@type":"WebSite","@id":"https:\/\/jornalboasnoticias.com.br\/home\/#website","url":"https:\/\/jornalboasnoticias.com.br\/home\/","name":"Jornal Boas Not\u00edcias","description":"Boas not\u00edcias","publisher":{"@id":"https:\/\/jornalboasnoticias.com.br\/home\/#organization"},"potentialAction":[{"@type":"SearchAction","target":{"@type":"EntryPoint","urlTemplate":"https:\/\/jornalboasnoticias.com.br\/home\/?s={search_term_string}"},"query-input":{"@type":"PropertyValueSpecification","valueRequired":true,"valueName":"search_term_string"}}],"inLanguage":"pt-BR"},{"@type":"Organization","@id":"https:\/\/jornalboasnoticias.com.br\/home\/#organization","name":"Coq Editora Ltda","alternateName":"Jornal Boas Noticias","url":"https:\/\/jornalboasnoticias.com.br\/home\/","logo":{"@type":"ImageObject","inLanguage":"pt-BR","@id":"https:\/\/jornalboasnoticias.com.br\/home\/#\/schema\/logo\/image\/","url":"https:\/\/jornalboasnoticias.com.br\/home\/wp-content\/uploads\/2024\/07\/cropped-logo.jpg","contentUrl":"https:\/\/jornalboasnoticias.com.br\/home\/wp-content\/uploads\/2024\/07\/cropped-logo.jpg","width":290,"height":142,"caption":"Coq Editora Ltda"},"image":{"@id":"https:\/\/jornalboasnoticias.com.br\/home\/#\/schema\/logo\/image\/"},"sameAs":["https:\/\/www.facebook.com\/boasnoticiasjornal"]},{"@type":"Person","@id":"https:\/\/jornalboasnoticias.com.br\/home\/#\/schema\/person\/75f9ebde398c998c166475fb446bda62","name":"Luiz Carlos da Cruz","image":{"@type":"ImageObject","inLanguage":"pt-BR","@id":"https:\/\/secure.gravatar.com\/avatar\/e6f4f45301b6cb8572f7b076572e8ac11c1db80e805d8c8d0858cf286ce3ac3b?s=96&d=mm&r=g","url":"https:\/\/secure.gravatar.com\/avatar\/e6f4f45301b6cb8572f7b076572e8ac11c1db80e805d8c8d0858cf286ce3ac3b?s=96&d=mm&r=g","contentUrl":"https:\/\/secure.gravatar.com\/avatar\/e6f4f45301b6cb8572f7b076572e8ac11c1db80e805d8c8d0858cf286ce3ac3b?s=96&d=mm&r=g","caption":"Luiz Carlos da Cruz"},"url":"https:\/\/jornalboasnoticias.com.br\/home\/author\/luiz-carlos-da-cruz\/"}]}},"_links":{"self":[{"href":"https:\/\/jornalboasnoticias.com.br\/home\/wp-json\/wp\/v2\/posts\/46743","targetHints":{"allow":["GET"]}}],"collection":[{"href":"https:\/\/jornalboasnoticias.com.br\/home\/wp-json\/wp\/v2\/posts"}],"about":[{"href":"https:\/\/jornalboasnoticias.com.br\/home\/wp-json\/wp\/v2\/types\/post"}],"author":[{"embeddable":true,"href":"https:\/\/jornalboasnoticias.com.br\/home\/wp-json\/wp\/v2\/users\/3"}],"replies":[{"embeddable":true,"href":"https:\/\/jornalboasnoticias.com.br\/home\/wp-json\/wp\/v2\/comments?post=46743"}],"version-history":[{"count":1,"href":"https:\/\/jornalboasnoticias.com.br\/home\/wp-json\/wp\/v2\/posts\/46743\/revisions"}],"predecessor-version":[{"id":46745,"href":"https:\/\/jornalboasnoticias.com.br\/home\/wp-json\/wp\/v2\/posts\/46743\/revisions\/46745"}],"wp:featuredmedia":[{"embeddable":true,"href":"https:\/\/jornalboasnoticias.com.br\/home\/wp-json\/wp\/v2\/media\/46744"}],"wp:attachment":[{"href":"https:\/\/jornalboasnoticias.com.br\/home\/wp-json\/wp\/v2\/media?parent=46743"}],"wp:term":[{"taxonomy":"category","embeddable":true,"href":"https:\/\/jornalboasnoticias.com.br\/home\/wp-json\/wp\/v2\/categories?post=46743"},{"taxonomy":"post_tag","embeddable":true,"href":"https:\/\/jornalboasnoticias.com.br\/home\/wp-json\/wp\/v2\/tags?post=46743"}],"curies":[{"name":"wp","href":"https:\/\/api.w.org\/{rel}","templated":true}]}}