{"id":46740,"date":"2025-12-08T12:29:19","date_gmt":"2025-12-08T12:29:19","guid":{"rendered":"https:\/\/jornalboasnoticias.com.br\/home\/?p=46740"},"modified":"2025-12-08T12:29:19","modified_gmt":"2025-12-08T12:29:19","slug":"carteira-assinada-no-natal-parana-tem-252-mil-vagas-nas-agencias-do-trabalhador","status":"publish","type":"post","link":"https:\/\/jornalboasnoticias.com.br\/home\/carteira-assinada-no-natal-parana-tem-252-mil-vagas-nas-agencias-do-trabalhador\/","title":{"rendered":"Carteira assinada no Natal: Paran\u00e1 tem 25,2 mil vagas nas Ag\u00eancias do Trabalhador"},"content":{"rendered":"<blockquote>\n<p style=\"text-align: center;\">Entre as fun\u00e7\u00f5es com maior n\u00famero de postos dispon\u00edveis est\u00e3o alimentador de linha de produ\u00e7\u00e3o (7.119 vagas), abatedor (1.402), operador de caixa (1.042) e repositor de mercadorias (871). Os n\u00fameros refletem o dinamismo das cadeias produtivas que tradicionalmente lideram a gera\u00e7\u00e3o de empregos formais no Paran\u00e1.<\/p>\n<\/blockquote>\n<figure id=\"attachment_46741\" aria-describedby=\"caption-attachment-46741\" style=\"width: 1000px\" class=\"wp-caption alignnone\"><img loading=\"lazy\" decoding=\"async\" class=\"size-full wp-image-46741\" src=\"https:\/\/jornalboasnoticias.com.br\/home\/wp-content\/uploads\/2025\/12\/ponte_guaratuba_foto_rdziura-0875-scaled-e1765196917399.jpg\" alt=\"\" width=\"1000\" height=\"667\" \/><figcaption id=\"caption-attachment-46741\" class=\"wp-caption-text\">Foto: Roberto Dziura Jr\/AEN<\/figcaption><\/figure>\n<p>O Paran\u00e1 inicia a semana com\u00a0\u00a0<span class=\"embedded-entity\" title=\"25.230 vagas de emprego\" data-embed-button=\"midia_embarcada\" data-entity-embed-display=\"view_mode:media.midia_anexada_em_outro_node\" data-entity-embed-display-settings=\"25.230 vagas de emprego\" data-entity-type=\"media\" data-entity-uuid=\"48d35ab7-d375-4f88-890c-8e6d9e7449a9\" data-langcode=\"pt-br\">25.230 vagas de emprego\u00a0<\/span>\u00a0abertas nas Ag\u00eancias do Trabalhador e nos postos avan\u00e7ados coordenados pela Secretaria do Trabalho, Qualifica\u00e7\u00e3o e Renda. As oportunidades abrangem todas as regi\u00f5es do Estado e refor\u00e7am o ritmo aquecido da economia paranaense, principalmente nas \u00e1reas de produ\u00e7\u00e3o, log\u00edstica, com\u00e9rcio e servi\u00e7os.<\/p>\n<p>Entre as fun\u00e7\u00f5es com maior n\u00famero de postos dispon\u00edveis est\u00e3o\u00a0alimentador de linha de produ\u00e7\u00e3o (7.119 vagas),\u00a0abatedor (1.402),\u00a0operador de caixa (1.042)\u00a0e\u00a0repositor de mercadorias (871). Os n\u00fameros refletem o dinamismo das cadeias produtivas que tradicionalmente lideram a gera\u00e7\u00e3o de empregos formais no Paran\u00e1.<\/p>\n<p>A regional com maior volume de oportunidades nesta semana \u00e9\u00a0Curitiba e Regi\u00e3o Metropolitana, que re\u00fane\u00a05.164 vagas, distribu\u00eddas entre produ\u00e7\u00e3o, log\u00edstica, com\u00e9rcio e servi\u00e7os gerais \u2014 incluindo 585 vagas para alimentador de linha de produ\u00e7\u00e3o, 365 para auxiliar de log\u00edstica, 341 para operador de caixa e 300 para faxineiro. Apenas a Ag\u00eancia de Curitiba tem 861 oportunidades.<\/p>\n<p>Logo depois aparece\u00a0Cascavel, com\u00a05.994 vagas, impulsionada principalmente pela agroind\u00fastria. Entre as fun\u00e7\u00f5es mais buscadas est\u00e3o alimentador de linha de produ\u00e7\u00e3o (1.912 vagas), abatedor (933) e operador de caixa (233). A regional de\u00a0Campo Mour\u00e3o\u00a0tamb\u00e9m se destaca, reunindo\u00a03.023 vagas, com forte demanda por alimentador de linha de produ\u00e7\u00e3o (1.323), magarefe (310) e abatedor (227).<\/p>\n<p>Na sequ\u00eancia,\u00a0Foz do Igua\u00e7u\u00a0soma\u00a02.721 vagas, com destaque para 920 oportunidades de alimenta\u00e7\u00e3o de linha de produ\u00e7\u00e3o, enquanto\u00a0Londrina\u00a0apresenta\u00a02.371 vagas, especialmente em com\u00e9rcio e servi\u00e7os, incluindo repositor, vendedor e atendente de lojas. Em\u00a0Maring\u00e1, s\u00e3o\u00a01.433 vagas, concentradas em produ\u00e7\u00e3o e varejo.\u00a0Paranagu\u00e1\u00a0re\u00fane\u00a0778 vagas, com forte demanda no com\u00e9rcio e servi\u00e7os gerais. J\u00e1\u00a0Pato Branco\u00a0registra\u00a01.474 vagas, e\u00a0Umuarama, 912, impulsionadas pela ind\u00fastria aliment\u00edcia e fun\u00e7\u00f5es operacionais.<\/p>\n<p>Al\u00e9m das vagas gerais, o programa\u00a0Master Job\u00a0amplia o n\u00famero de oportunidades para profissionais com qualifica\u00e7\u00e3o t\u00e9cnica e superior. Em Curitiba, s\u00e3o\u00a063 vagas\u00a0em \u00e1reas como enfermagem, administra\u00e7\u00e3o, manuten\u00e7\u00e3o, engenharia, design, seguran\u00e7a do trabalho e pedagogia, al\u00e9m de\u00a05 vagas de est\u00e1gio. J\u00e1 na Regi\u00e3o Metropolitana de Curitiba, o programa oferece\u00a07 vagas qualificadas\u00a0e\u00a02 vagas de est\u00e1gio.<\/p>\n<p>Segundo o secret\u00e1rio do Trabalho, Qualifica\u00e7\u00e3o e Renda,\u00a0Do Carmo, o volume expressivo de oportunidades demonstra a for\u00e7a do mercado de trabalho paranaense e o compromisso do governo em facilitar o acesso ao emprego.<\/p>\n<p>\u201cNosso foco \u00e9 aproximar o cidad\u00e3o das oportunidades reais do mercado. As Ag\u00eancias do Trabalhador est\u00e3o preparadas para orientar, encaminhar e garantir que cada pessoa tenha condi\u00e7\u00f5es de alcan\u00e7ar sua primeira vaga ou uma recoloca\u00e7\u00e3o profissional. O Paran\u00e1 segue firme como refer\u00eancia nacional na gera\u00e7\u00e3o de trabalho e renda\u201d, afirma.<\/p>\n<h2><strong>SETOR DE SERVI\u00c7OS<\/strong><\/h2>\n<p>O Paran\u00e1 segue avan\u00e7ando de maneira consistente na gera\u00e7\u00e3o de empregos formais e confirma seu protagonismo no cen\u00e1rio econ\u00f4mico nacional. Os resultados mais recentes do Caged revelam que o Estado mant\u00e9m um ritmo firme de expans\u00e3o da atividade econ\u00f4mica e se destaca de forma especial na regi\u00e3o Sul.<\/p>\n<p>O setor de servi\u00e7os, historicamente um dos pilares da economia paranaense, assumiu novamente o papel de principal for\u00e7a motriz do mercado de trabalho em 2025. Somente no m\u00eas de outubro foram criadas 5.579 novas vagas, o que refor\u00e7a a amplitude e a vitalidade das atividades ligadas \u00e0 tecnologia, sa\u00fade, educa\u00e7\u00e3o, log\u00edstica, turismo, alimenta\u00e7\u00e3o, atendimento ao p\u00fablico e servi\u00e7os especializados.<\/p>\n<p>No acumulado entre janeiro e outubro, o setor j\u00e1 registra 70.614 novos postos de trabalho, resultado que consolida sua lideran\u00e7a absoluta na gera\u00e7\u00e3o de oportunidades e sua contribui\u00e7\u00e3o direta para o fortalecimento do emprego no Estado.<\/p>\n<p><em>Informa\u00e7\u00f5es AEN<\/em><\/p>\n","protected":false},"excerpt":{"rendered":"<p>Entre as fun\u00e7\u00f5es com maior n\u00famero de postos dispon\u00edveis est\u00e3o alimentador de linha de produ\u00e7\u00e3o<\/p>\n","protected":false},"author":3,"featured_media":46741,"comment_status":"open","ping_status":"open","sticky":false,"template":"","format":"standard","meta":{"footnotes":""},"categories":[3,4],"tags":[],"class_list":["post-46740","post","type-post","status-publish","format-standard","has-post-thumbnail","hentry","category-destaques","category-parana"],"yoast_head":"<!-- This site is optimized with the Yoast SEO plugin v27.5 - https:\/\/yoast.com\/product\/yoast-seo-wordpress\/ -->\n<title>Carteira assinada no Natal: Paran\u00e1 tem 25,2 mil vagas nas Ag\u00eancias do Trabalhador - Jornal<\/title>\n<meta name=\"description\" content=\"Carteira assinada no Natal: Paran\u00e1 tem 25,2 mil vagas nas Ag\u00eancias do Trabalhador\" \/>\n<meta name=\"robots\" content=\"index, follow, max-snippet:-1, max-image-preview:large, max-video-preview:-1\" \/>\n<link rel=\"canonical\" href=\"https:\/\/jornalboasnoticias.com.br\/home\/carteira-assinada-no-natal-parana-tem-252-mil-vagas-nas-agencias-do-trabalhador\/\" \/>\n<meta property=\"og:locale\" content=\"pt_BR\" \/>\n<meta property=\"og:type\" content=\"article\" \/>\n<meta property=\"og:title\" content=\"Carteira assinada no Natal: Paran\u00e1 tem 25,2 mil vagas nas Ag\u00eancias do Trabalhador - Jornal\" \/>\n<meta property=\"og:description\" content=\"Carteira assinada no Natal: Paran\u00e1 tem 25,2 mil vagas nas Ag\u00eancias do Trabalhador\" \/>\n<meta property=\"og:url\" content=\"https:\/\/jornalboasnoticias.com.br\/home\/carteira-assinada-no-natal-parana-tem-252-mil-vagas-nas-agencias-do-trabalhador\/\" \/>\n<meta property=\"og:site_name\" content=\"Jornal\" \/>\n<meta property=\"article:publisher\" content=\"https:\/\/www.facebook.com\/boasnoticiasjornal\" \/>\n<meta property=\"article:published_time\" content=\"2025-12-08T12:29:19+00:00\" \/>\n<meta property=\"og:image\" content=\"https:\/\/jornalboasnoticias.com.br\/home\/wp-content\/uploads\/2025\/12\/ponte_guaratuba_foto_rdziura-0875-scaled-e1765196917399.jpg\" \/>\n\t<meta property=\"og:image:width\" content=\"1000\" \/>\n\t<meta property=\"og:image:height\" content=\"667\" \/>\n\t<meta property=\"og:image:type\" content=\"image\/jpeg\" \/>\n<meta name=\"author\" content=\"Luiz Carlos da Cruz\" \/>\n<meta name=\"twitter:card\" content=\"summary_large_image\" \/>\n<meta name=\"twitter:label1\" content=\"Escrito por\" \/>\n\t<meta name=\"twitter:data1\" content=\"Luiz Carlos da Cruz\" \/>\n\t<meta name=\"twitter:label2\" content=\"Est. tempo de leitura\" \/>\n\t<meta name=\"twitter:data2\" content=\"4 minutos\" \/>\n<script type=\"application\/ld+json\" class=\"yoast-schema-graph\">{\"@context\":\"https:\\\/\\\/schema.org\",\"@graph\":[{\"@type\":\"Article\",\"@id\":\"https:\\\/\\\/jornalboasnoticias.com.br\\\/home\\\/carteira-assinada-no-natal-parana-tem-252-mil-vagas-nas-agencias-do-trabalhador\\\/#article\",\"isPartOf\":{\"@id\":\"https:\\\/\\\/jornalboasnoticias.com.br\\\/home\\\/carteira-assinada-no-natal-parana-tem-252-mil-vagas-nas-agencias-do-trabalhador\\\/\"},\"author\":{\"name\":\"Luiz Carlos da Cruz\",\"@id\":\"https:\\\/\\\/jornalboasnoticias.com.br\\\/home\\\/#\\\/schema\\\/person\\\/75f9ebde398c998c166475fb446bda62\"},\"headline\":\"Carteira assinada no Natal: Paran\u00e1 tem 25,2 mil vagas nas Ag\u00eancias do Trabalhador\",\"datePublished\":\"2025-12-08T12:29:19+00:00\",\"mainEntityOfPage\":{\"@id\":\"https:\\\/\\\/jornalboasnoticias.com.br\\\/home\\\/carteira-assinada-no-natal-parana-tem-252-mil-vagas-nas-agencias-do-trabalhador\\\/\"},\"wordCount\":710,\"commentCount\":0,\"publisher\":{\"@id\":\"https:\\\/\\\/jornalboasnoticias.com.br\\\/home\\\/#organization\"},\"image\":{\"@id\":\"https:\\\/\\\/jornalboasnoticias.com.br\\\/home\\\/carteira-assinada-no-natal-parana-tem-252-mil-vagas-nas-agencias-do-trabalhador\\\/#primaryimage\"},\"thumbnailUrl\":\"https:\\\/\\\/jornalboasnoticias.com.br\\\/home\\\/wp-content\\\/uploads\\\/2025\\\/12\\\/ponte_guaratuba_foto_rdziura-0875-scaled-e1765196917399.jpg\",\"articleSection\":[\"DESTAQUE\",\"PARAN\u00c1\"],\"inLanguage\":\"pt-BR\",\"potentialAction\":[{\"@type\":\"CommentAction\",\"name\":\"Comment\",\"target\":[\"https:\\\/\\\/jornalboasnoticias.com.br\\\/home\\\/carteira-assinada-no-natal-parana-tem-252-mil-vagas-nas-agencias-do-trabalhador\\\/#respond\"]}]},{\"@type\":\"WebPage\",\"@id\":\"https:\\\/\\\/jornalboasnoticias.com.br\\\/home\\\/carteira-assinada-no-natal-parana-tem-252-mil-vagas-nas-agencias-do-trabalhador\\\/\",\"url\":\"https:\\\/\\\/jornalboasnoticias.com.br\\\/home\\\/carteira-assinada-no-natal-parana-tem-252-mil-vagas-nas-agencias-do-trabalhador\\\/\",\"name\":\"Carteira assinada no Natal: Paran\u00e1 tem 25,2 mil vagas nas Ag\u00eancias do Trabalhador - Jornal\",\"isPartOf\":{\"@id\":\"https:\\\/\\\/jornalboasnoticias.com.br\\\/home\\\/#website\"},\"primaryImageOfPage\":{\"@id\":\"https:\\\/\\\/jornalboasnoticias.com.br\\\/home\\\/carteira-assinada-no-natal-parana-tem-252-mil-vagas-nas-agencias-do-trabalhador\\\/#primaryimage\"},\"image\":{\"@id\":\"https:\\\/\\\/jornalboasnoticias.com.br\\\/home\\\/carteira-assinada-no-natal-parana-tem-252-mil-vagas-nas-agencias-do-trabalhador\\\/#primaryimage\"},\"thumbnailUrl\":\"https:\\\/\\\/jornalboasnoticias.com.br\\\/home\\\/wp-content\\\/uploads\\\/2025\\\/12\\\/ponte_guaratuba_foto_rdziura-0875-scaled-e1765196917399.jpg\",\"datePublished\":\"2025-12-08T12:29:19+00:00\",\"description\":\"Carteira assinada no Natal: Paran\u00e1 tem 25,2 mil vagas nas Ag\u00eancias do Trabalhador\",\"breadcrumb\":{\"@id\":\"https:\\\/\\\/jornalboasnoticias.com.br\\\/home\\\/carteira-assinada-no-natal-parana-tem-252-mil-vagas-nas-agencias-do-trabalhador\\\/#breadcrumb\"},\"inLanguage\":\"pt-BR\",\"potentialAction\":[{\"@type\":\"ReadAction\",\"target\":[\"https:\\\/\\\/jornalboasnoticias.com.br\\\/home\\\/carteira-assinada-no-natal-parana-tem-252-mil-vagas-nas-agencias-do-trabalhador\\\/\"]}]},{\"@type\":\"ImageObject\",\"inLanguage\":\"pt-BR\",\"@id\":\"https:\\\/\\\/jornalboasnoticias.com.br\\\/home\\\/carteira-assinada-no-natal-parana-tem-252-mil-vagas-nas-agencias-do-trabalhador\\\/#primaryimage\",\"url\":\"https:\\\/\\\/jornalboasnoticias.com.br\\\/home\\\/wp-content\\\/uploads\\\/2025\\\/12\\\/ponte_guaratuba_foto_rdziura-0875-scaled-e1765196917399.jpg\",\"contentUrl\":\"https:\\\/\\\/jornalboasnoticias.com.br\\\/home\\\/wp-content\\\/uploads\\\/2025\\\/12\\\/ponte_guaratuba_foto_rdziura-0875-scaled-e1765196917399.jpg\",\"width\":1000,\"height\":667,\"caption\":\"Foto: Roberto Dziura Jr\\\/AEN\"},{\"@type\":\"BreadcrumbList\",\"@id\":\"https:\\\/\\\/jornalboasnoticias.com.br\\\/home\\\/carteira-assinada-no-natal-parana-tem-252-mil-vagas-nas-agencias-do-trabalhador\\\/#breadcrumb\",\"itemListElement\":[{\"@type\":\"ListItem\",\"position\":1,\"name\":\"In\u00edcio\",\"item\":\"https:\\\/\\\/jornalboasnoticias.com.br\\\/home\\\/\"},{\"@type\":\"ListItem\",\"position\":2,\"name\":\"Carteira assinada no Natal: Paran\u00e1 tem 25,2 mil vagas nas Ag\u00eancias do Trabalhador\"}]},{\"@type\":\"WebSite\",\"@id\":\"https:\\\/\\\/jornalboasnoticias.com.br\\\/home\\\/#website\",\"url\":\"https:\\\/\\\/jornalboasnoticias.com.br\\\/home\\\/\",\"name\":\"Jornal Boas Not\u00edcias\",\"description\":\"Boas not\u00edcias\",\"publisher\":{\"@id\":\"https:\\\/\\\/jornalboasnoticias.com.br\\\/home\\\/#organization\"},\"potentialAction\":[{\"@type\":\"SearchAction\",\"target\":{\"@type\":\"EntryPoint\",\"urlTemplate\":\"https:\\\/\\\/jornalboasnoticias.com.br\\\/home\\\/?s={search_term_string}\"},\"query-input\":{\"@type\":\"PropertyValueSpecification\",\"valueRequired\":true,\"valueName\":\"search_term_string\"}}],\"inLanguage\":\"pt-BR\"},{\"@type\":\"Organization\",\"@id\":\"https:\\\/\\\/jornalboasnoticias.com.br\\\/home\\\/#organization\",\"name\":\"Coq Editora Ltda\",\"alternateName\":\"Jornal Boas Noticias\",\"url\":\"https:\\\/\\\/jornalboasnoticias.com.br\\\/home\\\/\",\"logo\":{\"@type\":\"ImageObject\",\"inLanguage\":\"pt-BR\",\"@id\":\"https:\\\/\\\/jornalboasnoticias.com.br\\\/home\\\/#\\\/schema\\\/logo\\\/image\\\/\",\"url\":\"https:\\\/\\\/jornalboasnoticias.com.br\\\/home\\\/wp-content\\\/uploads\\\/2024\\\/07\\\/cropped-logo.jpg\",\"contentUrl\":\"https:\\\/\\\/jornalboasnoticias.com.br\\\/home\\\/wp-content\\\/uploads\\\/2024\\\/07\\\/cropped-logo.jpg\",\"width\":290,\"height\":142,\"caption\":\"Coq Editora Ltda\"},\"image\":{\"@id\":\"https:\\\/\\\/jornalboasnoticias.com.br\\\/home\\\/#\\\/schema\\\/logo\\\/image\\\/\"},\"sameAs\":[\"https:\\\/\\\/www.facebook.com\\\/boasnoticiasjornal\"]},{\"@type\":\"Person\",\"@id\":\"https:\\\/\\\/jornalboasnoticias.com.br\\\/home\\\/#\\\/schema\\\/person\\\/75f9ebde398c998c166475fb446bda62\",\"name\":\"Luiz Carlos da Cruz\",\"image\":{\"@type\":\"ImageObject\",\"inLanguage\":\"pt-BR\",\"@id\":\"https:\\\/\\\/secure.gravatar.com\\\/avatar\\\/e6f4f45301b6cb8572f7b076572e8ac11c1db80e805d8c8d0858cf286ce3ac3b?s=96&d=mm&r=g\",\"url\":\"https:\\\/\\\/secure.gravatar.com\\\/avatar\\\/e6f4f45301b6cb8572f7b076572e8ac11c1db80e805d8c8d0858cf286ce3ac3b?s=96&d=mm&r=g\",\"contentUrl\":\"https:\\\/\\\/secure.gravatar.com\\\/avatar\\\/e6f4f45301b6cb8572f7b076572e8ac11c1db80e805d8c8d0858cf286ce3ac3b?s=96&d=mm&r=g\",\"caption\":\"Luiz Carlos da Cruz\"},\"url\":\"https:\\\/\\\/jornalboasnoticias.com.br\\\/home\\\/author\\\/luiz-carlos-da-cruz\\\/\"}]}<\/script>\n<!-- \/ Yoast SEO plugin. -->","yoast_head_json":{"title":"Carteira assinada no Natal: Paran\u00e1 tem 25,2 mil vagas nas Ag\u00eancias do Trabalhador - Jornal","description":"Carteira assinada no Natal: Paran\u00e1 tem 25,2 mil vagas nas Ag\u00eancias do Trabalhador","robots":{"index":"index","follow":"follow","max-snippet":"max-snippet:-1","max-image-preview":"max-image-preview:large","max-video-preview":"max-video-preview:-1"},"canonical":"https:\/\/jornalboasnoticias.com.br\/home\/carteira-assinada-no-natal-parana-tem-252-mil-vagas-nas-agencias-do-trabalhador\/","og_locale":"pt_BR","og_type":"article","og_title":"Carteira assinada no Natal: Paran\u00e1 tem 25,2 mil vagas nas Ag\u00eancias do Trabalhador - Jornal","og_description":"Carteira assinada no Natal: Paran\u00e1 tem 25,2 mil vagas nas Ag\u00eancias do Trabalhador","og_url":"https:\/\/jornalboasnoticias.com.br\/home\/carteira-assinada-no-natal-parana-tem-252-mil-vagas-nas-agencias-do-trabalhador\/","og_site_name":"Jornal","article_publisher":"https:\/\/www.facebook.com\/boasnoticiasjornal","article_published_time":"2025-12-08T12:29:19+00:00","og_image":[{"width":1000,"height":667,"url":"https:\/\/jornalboasnoticias.com.br\/home\/wp-content\/uploads\/2025\/12\/ponte_guaratuba_foto_rdziura-0875-scaled-e1765196917399.jpg","type":"image\/jpeg"}],"author":"Luiz Carlos da Cruz","twitter_card":"summary_large_image","twitter_misc":{"Escrito por":"Luiz Carlos da Cruz","Est. tempo de leitura":"4 minutos"},"schema":{"@context":"https:\/\/schema.org","@graph":[{"@type":"Article","@id":"https:\/\/jornalboasnoticias.com.br\/home\/carteira-assinada-no-natal-parana-tem-252-mil-vagas-nas-agencias-do-trabalhador\/#article","isPartOf":{"@id":"https:\/\/jornalboasnoticias.com.br\/home\/carteira-assinada-no-natal-parana-tem-252-mil-vagas-nas-agencias-do-trabalhador\/"},"author":{"name":"Luiz Carlos da Cruz","@id":"https:\/\/jornalboasnoticias.com.br\/home\/#\/schema\/person\/75f9ebde398c998c166475fb446bda62"},"headline":"Carteira assinada no Natal: Paran\u00e1 tem 25,2 mil vagas nas Ag\u00eancias do Trabalhador","datePublished":"2025-12-08T12:29:19+00:00","mainEntityOfPage":{"@id":"https:\/\/jornalboasnoticias.com.br\/home\/carteira-assinada-no-natal-parana-tem-252-mil-vagas-nas-agencias-do-trabalhador\/"},"wordCount":710,"commentCount":0,"publisher":{"@id":"https:\/\/jornalboasnoticias.com.br\/home\/#organization"},"image":{"@id":"https:\/\/jornalboasnoticias.com.br\/home\/carteira-assinada-no-natal-parana-tem-252-mil-vagas-nas-agencias-do-trabalhador\/#primaryimage"},"thumbnailUrl":"https:\/\/jornalboasnoticias.com.br\/home\/wp-content\/uploads\/2025\/12\/ponte_guaratuba_foto_rdziura-0875-scaled-e1765196917399.jpg","articleSection":["DESTAQUE","PARAN\u00c1"],"inLanguage":"pt-BR","potentialAction":[{"@type":"CommentAction","name":"Comment","target":["https:\/\/jornalboasnoticias.com.br\/home\/carteira-assinada-no-natal-parana-tem-252-mil-vagas-nas-agencias-do-trabalhador\/#respond"]}]},{"@type":"WebPage","@id":"https:\/\/jornalboasnoticias.com.br\/home\/carteira-assinada-no-natal-parana-tem-252-mil-vagas-nas-agencias-do-trabalhador\/","url":"https:\/\/jornalboasnoticias.com.br\/home\/carteira-assinada-no-natal-parana-tem-252-mil-vagas-nas-agencias-do-trabalhador\/","name":"Carteira assinada no Natal: Paran\u00e1 tem 25,2 mil vagas nas Ag\u00eancias do Trabalhador - Jornal","isPartOf":{"@id":"https:\/\/jornalboasnoticias.com.br\/home\/#website"},"primaryImageOfPage":{"@id":"https:\/\/jornalboasnoticias.com.br\/home\/carteira-assinada-no-natal-parana-tem-252-mil-vagas-nas-agencias-do-trabalhador\/#primaryimage"},"image":{"@id":"https:\/\/jornalboasnoticias.com.br\/home\/carteira-assinada-no-natal-parana-tem-252-mil-vagas-nas-agencias-do-trabalhador\/#primaryimage"},"thumbnailUrl":"https:\/\/jornalboasnoticias.com.br\/home\/wp-content\/uploads\/2025\/12\/ponte_guaratuba_foto_rdziura-0875-scaled-e1765196917399.jpg","datePublished":"2025-12-08T12:29:19+00:00","description":"Carteira assinada no Natal: Paran\u00e1 tem 25,2 mil vagas nas Ag\u00eancias do Trabalhador","breadcrumb":{"@id":"https:\/\/jornalboasnoticias.com.br\/home\/carteira-assinada-no-natal-parana-tem-252-mil-vagas-nas-agencias-do-trabalhador\/#breadcrumb"},"inLanguage":"pt-BR","potentialAction":[{"@type":"ReadAction","target":["https:\/\/jornalboasnoticias.com.br\/home\/carteira-assinada-no-natal-parana-tem-252-mil-vagas-nas-agencias-do-trabalhador\/"]}]},{"@type":"ImageObject","inLanguage":"pt-BR","@id":"https:\/\/jornalboasnoticias.com.br\/home\/carteira-assinada-no-natal-parana-tem-252-mil-vagas-nas-agencias-do-trabalhador\/#primaryimage","url":"https:\/\/jornalboasnoticias.com.br\/home\/wp-content\/uploads\/2025\/12\/ponte_guaratuba_foto_rdziura-0875-scaled-e1765196917399.jpg","contentUrl":"https:\/\/jornalboasnoticias.com.br\/home\/wp-content\/uploads\/2025\/12\/ponte_guaratuba_foto_rdziura-0875-scaled-e1765196917399.jpg","width":1000,"height":667,"caption":"Foto: Roberto Dziura Jr\/AEN"},{"@type":"BreadcrumbList","@id":"https:\/\/jornalboasnoticias.com.br\/home\/carteira-assinada-no-natal-parana-tem-252-mil-vagas-nas-agencias-do-trabalhador\/#breadcrumb","itemListElement":[{"@type":"ListItem","position":1,"name":"In\u00edcio","item":"https:\/\/jornalboasnoticias.com.br\/home\/"},{"@type":"ListItem","position":2,"name":"Carteira assinada no Natal: Paran\u00e1 tem 25,2 mil vagas nas Ag\u00eancias do Trabalhador"}]},{"@type":"WebSite","@id":"https:\/\/jornalboasnoticias.com.br\/home\/#website","url":"https:\/\/jornalboasnoticias.com.br\/home\/","name":"Jornal Boas Not\u00edcias","description":"Boas not\u00edcias","publisher":{"@id":"https:\/\/jornalboasnoticias.com.br\/home\/#organization"},"potentialAction":[{"@type":"SearchAction","target":{"@type":"EntryPoint","urlTemplate":"https:\/\/jornalboasnoticias.com.br\/home\/?s={search_term_string}"},"query-input":{"@type":"PropertyValueSpecification","valueRequired":true,"valueName":"search_term_string"}}],"inLanguage":"pt-BR"},{"@type":"Organization","@id":"https:\/\/jornalboasnoticias.com.br\/home\/#organization","name":"Coq Editora Ltda","alternateName":"Jornal Boas Noticias","url":"https:\/\/jornalboasnoticias.com.br\/home\/","logo":{"@type":"ImageObject","inLanguage":"pt-BR","@id":"https:\/\/jornalboasnoticias.com.br\/home\/#\/schema\/logo\/image\/","url":"https:\/\/jornalboasnoticias.com.br\/home\/wp-content\/uploads\/2024\/07\/cropped-logo.jpg","contentUrl":"https:\/\/jornalboasnoticias.com.br\/home\/wp-content\/uploads\/2024\/07\/cropped-logo.jpg","width":290,"height":142,"caption":"Coq Editora Ltda"},"image":{"@id":"https:\/\/jornalboasnoticias.com.br\/home\/#\/schema\/logo\/image\/"},"sameAs":["https:\/\/www.facebook.com\/boasnoticiasjornal"]},{"@type":"Person","@id":"https:\/\/jornalboasnoticias.com.br\/home\/#\/schema\/person\/75f9ebde398c998c166475fb446bda62","name":"Luiz Carlos da Cruz","image":{"@type":"ImageObject","inLanguage":"pt-BR","@id":"https:\/\/secure.gravatar.com\/avatar\/e6f4f45301b6cb8572f7b076572e8ac11c1db80e805d8c8d0858cf286ce3ac3b?s=96&d=mm&r=g","url":"https:\/\/secure.gravatar.com\/avatar\/e6f4f45301b6cb8572f7b076572e8ac11c1db80e805d8c8d0858cf286ce3ac3b?s=96&d=mm&r=g","contentUrl":"https:\/\/secure.gravatar.com\/avatar\/e6f4f45301b6cb8572f7b076572e8ac11c1db80e805d8c8d0858cf286ce3ac3b?s=96&d=mm&r=g","caption":"Luiz Carlos da Cruz"},"url":"https:\/\/jornalboasnoticias.com.br\/home\/author\/luiz-carlos-da-cruz\/"}]}},"_links":{"self":[{"href":"https:\/\/jornalboasnoticias.com.br\/home\/wp-json\/wp\/v2\/posts\/46740","targetHints":{"allow":["GET"]}}],"collection":[{"href":"https:\/\/jornalboasnoticias.com.br\/home\/wp-json\/wp\/v2\/posts"}],"about":[{"href":"https:\/\/jornalboasnoticias.com.br\/home\/wp-json\/wp\/v2\/types\/post"}],"author":[{"embeddable":true,"href":"https:\/\/jornalboasnoticias.com.br\/home\/wp-json\/wp\/v2\/users\/3"}],"replies":[{"embeddable":true,"href":"https:\/\/jornalboasnoticias.com.br\/home\/wp-json\/wp\/v2\/comments?post=46740"}],"version-history":[{"count":1,"href":"https:\/\/jornalboasnoticias.com.br\/home\/wp-json\/wp\/v2\/posts\/46740\/revisions"}],"predecessor-version":[{"id":46742,"href":"https:\/\/jornalboasnoticias.com.br\/home\/wp-json\/wp\/v2\/posts\/46740\/revisions\/46742"}],"wp:featuredmedia":[{"embeddable":true,"href":"https:\/\/jornalboasnoticias.com.br\/home\/wp-json\/wp\/v2\/media\/46741"}],"wp:attachment":[{"href":"https:\/\/jornalboasnoticias.com.br\/home\/wp-json\/wp\/v2\/media?parent=46740"}],"wp:term":[{"taxonomy":"category","embeddable":true,"href":"https:\/\/jornalboasnoticias.com.br\/home\/wp-json\/wp\/v2\/categories?post=46740"},{"taxonomy":"post_tag","embeddable":true,"href":"https:\/\/jornalboasnoticias.com.br\/home\/wp-json\/wp\/v2\/tags?post=46740"}],"curies":[{"name":"wp","href":"https:\/\/api.w.org\/{rel}","templated":true}]}}