{"id":46720,"date":"2025-12-05T17:30:58","date_gmt":"2025-12-05T17:30:58","guid":{"rendered":"https:\/\/jornalboasnoticias.com.br\/home\/?p=46720"},"modified":"2025-12-05T17:30:58","modified_gmt":"2025-12-05T17:30:58","slug":"apos-mais-de-40-anos-academia-do-complexo-ciro-nardi-passara-por-grande-reforma-e-cascavel-tambem-ganhara-quadra-publica-de-padel","status":"publish","type":"post","link":"https:\/\/jornalboasnoticias.com.br\/home\/apos-mais-de-40-anos-academia-do-complexo-ciro-nardi-passara-por-grande-reforma-e-cascavel-tambem-ganhara-quadra-publica-de-padel\/","title":{"rendered":"Ap\u00f3s mais de 40 anos, academia do Complexo Ciro Nardi passar\u00e1 por grande reforma e Cascavel tamb\u00e9m ganhar\u00e1 quadra p\u00fablica de padel"},"content":{"rendered":"<blockquote>\n<p style=\"text-align: center;\">Munic\u00edpio tamb\u00e9m instalar\u00e1 dois novos parquinhos: um no bairro Alto Alegre e outro no Tropical<\/p>\n<\/blockquote>\n<figure id=\"attachment_46721\" aria-describedby=\"caption-attachment-46721\" style=\"width: 1000px\" class=\"wp-caption alignnone\"><img loading=\"lazy\" decoding=\"async\" class=\"size-full wp-image-46721\" src=\"https:\/\/jornalboasnoticias.com.br\/home\/wp-content\/uploads\/2025\/12\/WhatsApp-Image-2025-12-04-at-17_37_12-e1764955774219.jpeg\" alt=\"\" width=\"1000\" height=\"750\" \/><figcaption id=\"caption-attachment-46721\" class=\"wp-caption-text\">Divulga\u00e7\u00e3o<\/figcaption><\/figure>\n<p>Aten\u00e7\u00e3o, apaixonados por esporte, porque tem grandes novidades vindo por a\u00ed. O esporte de Cascavel receber\u00e1 importantes investimentos e as a\u00e7\u00f5es j\u00e1 come\u00e7am no in\u00edcio do pr\u00f3ximo ano. Depois de mais de 40 anos, a academia do Complexo Ciro Nardi passar\u00e1 por uma ampla obra de revitaliza\u00e7\u00e3o. Outra boa not\u00edcia \u00e9 a constru\u00e7\u00e3o de uma quadra p\u00fablica de padel no Munic\u00edpio, al\u00e9m de dois novos parquinhos infantis em bairros da cidade.<\/p>\n<p>As interven\u00e7\u00f5es ser\u00e3o poss\u00edveis gra\u00e7as ao recurso de R$ 750 mil, j\u00e1 dispon\u00edveis no Fundo Municipal do Esporte. O valor foi repassado pelo governo estadual, por meio do Programa Esporte Que Queremos, atendendo requisitos como a exist\u00eancia do Conselho Municipal de Esporte, do Fundo Municipal de Esporte e de pol\u00edtica p\u00fablica voltada \u00e0 \u00e1rea.<\/p>\n<h2>ACADEMIA<\/h2>\n<p>Constru\u00edda na d\u00e9cada de oitenta, a academia do Complexo Esportivo Ciro Nardi apresenta desgaste natural pelo tempo, mas isso est\u00e1 prestes a mudar. J\u00e1 em janeiro come\u00e7a a obra estrutural no espa\u00e7o, com melhorias no piso, telhado, pintura interna e externa, adequa\u00e7\u00f5es nos banheiros, troca de vidros, revitaliza\u00e7\u00e3o da fachada, novo emborrachamento, instala\u00e7\u00e3o de l\u00e2mpadas de LED e outros servi\u00e7os para tornar o local mais moderno e confort\u00e1vel. O espa\u00e7o atende mais de 600 alunos. Em uma segunda etapa, a Semel tamb\u00e9m prev\u00ea a troca de equipamentos ap\u00f3s a reforma.<\/p>\n<p>Ainda dentro do pacote de obras, ser\u00e1 constru\u00edda uma quadra p\u00fablica de padel. A modalidade vem ganhando cada vez mais adeptos em Cascavel e, agora, os praticantes ter\u00e3o um espa\u00e7o adequado e totalmente gratuito. Esta ser\u00e1 a segunda quadra p\u00fablica do esporte no Paran\u00e1, sendo a primeira em Curitiba.<\/p>\n<p>As novidades incluem ainda dois novos parquinhos infantis, um no bairro Alto Alegre e outro no bairro Tropical.<\/p>\n<p>Completam os investimentos mil metros de grama sint\u00e9tica para manuten\u00e7\u00e3o dos parquinhos j\u00e1 existentes e seis pares de tabelas de basquete para a quadra do Ciro Nardi.<\/p>\n<p>O secret\u00e1rio de Esporte e Lazer, Alexandre \u201cSuco\u201d Guerino, destaca que os recursos v\u00e3o permitir avan\u00e7os importantes em benef\u00edcio da comunidade esportiva. \u201cNosso foco \u00e9 grantir que as pessoas tenham acesso ao esporte e ter euipamentos p\u00fablicos para incentivar a pr\u00e1tica esportiva \u00e9 uma forma de de incentivo. Esporte \u00e9 bem-estar, \u00e9 sa\u00fade, \u00e9 qualidade de vida e tamb\u00e9m transforma\u00e7\u00e3o social\u201d, pontua.<\/p>\n<p><em>Prefeitura de Cascavel<\/em><\/p>\n","protected":false},"excerpt":{"rendered":"<p>Munic\u00edpio tamb\u00e9m instalar\u00e1 dois novos parquinhos: um no bairro Alto Alegre e outro no Tropical<\/p>\n","protected":false},"author":3,"featured_media":46721,"comment_status":"open","ping_status":"open","sticky":false,"template":"","format":"standard","meta":{"footnotes":""},"categories":[2],"tags":[],"class_list":["post-46720","post","type-post","status-publish","format-standard","has-post-thumbnail","hentry","category-cascavel"],"yoast_head":"<!-- This site is optimized with the Yoast SEO plugin v27.5 - https:\/\/yoast.com\/product\/yoast-seo-wordpress\/ -->\n<title>Ap\u00f3s mais de 40 anos, academia do Complexo Ciro Nardi passar\u00e1 por grande reforma e Cascavel tamb\u00e9m ganhar\u00e1 quadra p\u00fablica de padel - Jornal<\/title>\n<meta name=\"description\" content=\"Ap\u00f3s mais de 40 anos, academia do Complexo Ciro Nardi passar\u00e1 por grande reforma e Cascavel tamb\u00e9m ganhar\u00e1 quadra p\u00fablica de padel\" \/>\n<meta name=\"robots\" content=\"index, follow, max-snippet:-1, max-image-preview:large, max-video-preview:-1\" \/>\n<link rel=\"canonical\" href=\"https:\/\/jornalboasnoticias.com.br\/home\/apos-mais-de-40-anos-academia-do-complexo-ciro-nardi-passara-por-grande-reforma-e-cascavel-tambem-ganhara-quadra-publica-de-padel\/\" \/>\n<meta property=\"og:locale\" content=\"pt_BR\" \/>\n<meta property=\"og:type\" content=\"article\" \/>\n<meta property=\"og:title\" content=\"Ap\u00f3s mais de 40 anos, academia do Complexo Ciro Nardi passar\u00e1 por grande reforma e Cascavel tamb\u00e9m ganhar\u00e1 quadra p\u00fablica de padel - Jornal\" \/>\n<meta property=\"og:description\" content=\"Ap\u00f3s mais de 40 anos, academia do Complexo Ciro Nardi passar\u00e1 por grande reforma e Cascavel tamb\u00e9m ganhar\u00e1 quadra p\u00fablica de padel\" \/>\n<meta property=\"og:url\" content=\"https:\/\/jornalboasnoticias.com.br\/home\/apos-mais-de-40-anos-academia-do-complexo-ciro-nardi-passara-por-grande-reforma-e-cascavel-tambem-ganhara-quadra-publica-de-padel\/\" \/>\n<meta property=\"og:site_name\" content=\"Jornal\" \/>\n<meta property=\"article:publisher\" content=\"https:\/\/www.facebook.com\/boasnoticiasjornal\" \/>\n<meta property=\"article:published_time\" content=\"2025-12-05T17:30:58+00:00\" \/>\n<meta property=\"og:image\" content=\"https:\/\/jornalboasnoticias.com.br\/home\/wp-content\/uploads\/2025\/12\/WhatsApp-Image-2025-12-04-at-17_37_12-e1764955774219.jpeg\" \/>\n\t<meta property=\"og:image:width\" content=\"1000\" \/>\n\t<meta property=\"og:image:height\" content=\"750\" \/>\n\t<meta property=\"og:image:type\" content=\"image\/jpeg\" \/>\n<meta name=\"author\" content=\"Luiz Carlos da Cruz\" \/>\n<meta name=\"twitter:card\" content=\"summary_large_image\" \/>\n<meta name=\"twitter:label1\" content=\"Escrito por\" \/>\n\t<meta name=\"twitter:data1\" content=\"Luiz Carlos da Cruz\" \/>\n\t<meta name=\"twitter:label2\" content=\"Est. tempo de leitura\" \/>\n\t<meta name=\"twitter:data2\" content=\"3 minutos\" \/>\n<script type=\"application\/ld+json\" class=\"yoast-schema-graph\">{\"@context\":\"https:\\\/\\\/schema.org\",\"@graph\":[{\"@type\":\"Article\",\"@id\":\"https:\\\/\\\/jornalboasnoticias.com.br\\\/home\\\/apos-mais-de-40-anos-academia-do-complexo-ciro-nardi-passara-por-grande-reforma-e-cascavel-tambem-ganhara-quadra-publica-de-padel\\\/#article\",\"isPartOf\":{\"@id\":\"https:\\\/\\\/jornalboasnoticias.com.br\\\/home\\\/apos-mais-de-40-anos-academia-do-complexo-ciro-nardi-passara-por-grande-reforma-e-cascavel-tambem-ganhara-quadra-publica-de-padel\\\/\"},\"author\":{\"name\":\"Luiz Carlos da Cruz\",\"@id\":\"https:\\\/\\\/jornalboasnoticias.com.br\\\/home\\\/#\\\/schema\\\/person\\\/75f9ebde398c998c166475fb446bda62\"},\"headline\":\"Ap\u00f3s mais de 40 anos, academia do Complexo Ciro Nardi passar\u00e1 por grande reforma e Cascavel tamb\u00e9m ganhar\u00e1 quadra p\u00fablica de padel\",\"datePublished\":\"2025-12-05T17:30:58+00:00\",\"mainEntityOfPage\":{\"@id\":\"https:\\\/\\\/jornalboasnoticias.com.br\\\/home\\\/apos-mais-de-40-anos-academia-do-complexo-ciro-nardi-passara-por-grande-reforma-e-cascavel-tambem-ganhara-quadra-publica-de-padel\\\/\"},\"wordCount\":463,\"commentCount\":0,\"publisher\":{\"@id\":\"https:\\\/\\\/jornalboasnoticias.com.br\\\/home\\\/#organization\"},\"image\":{\"@id\":\"https:\\\/\\\/jornalboasnoticias.com.br\\\/home\\\/apos-mais-de-40-anos-academia-do-complexo-ciro-nardi-passara-por-grande-reforma-e-cascavel-tambem-ganhara-quadra-publica-de-padel\\\/#primaryimage\"},\"thumbnailUrl\":\"https:\\\/\\\/jornalboasnoticias.com.br\\\/home\\\/wp-content\\\/uploads\\\/2025\\\/12\\\/WhatsApp-Image-2025-12-04-at-17_37_12-e1764955774219.jpeg\",\"articleSection\":[\"CASCAVEL\"],\"inLanguage\":\"pt-BR\",\"potentialAction\":[{\"@type\":\"CommentAction\",\"name\":\"Comment\",\"target\":[\"https:\\\/\\\/jornalboasnoticias.com.br\\\/home\\\/apos-mais-de-40-anos-academia-do-complexo-ciro-nardi-passara-por-grande-reforma-e-cascavel-tambem-ganhara-quadra-publica-de-padel\\\/#respond\"]}]},{\"@type\":\"WebPage\",\"@id\":\"https:\\\/\\\/jornalboasnoticias.com.br\\\/home\\\/apos-mais-de-40-anos-academia-do-complexo-ciro-nardi-passara-por-grande-reforma-e-cascavel-tambem-ganhara-quadra-publica-de-padel\\\/\",\"url\":\"https:\\\/\\\/jornalboasnoticias.com.br\\\/home\\\/apos-mais-de-40-anos-academia-do-complexo-ciro-nardi-passara-por-grande-reforma-e-cascavel-tambem-ganhara-quadra-publica-de-padel\\\/\",\"name\":\"Ap\u00f3s mais de 40 anos, academia do Complexo Ciro Nardi passar\u00e1 por grande reforma e Cascavel tamb\u00e9m ganhar\u00e1 quadra p\u00fablica de padel - Jornal\",\"isPartOf\":{\"@id\":\"https:\\\/\\\/jornalboasnoticias.com.br\\\/home\\\/#website\"},\"primaryImageOfPage\":{\"@id\":\"https:\\\/\\\/jornalboasnoticias.com.br\\\/home\\\/apos-mais-de-40-anos-academia-do-complexo-ciro-nardi-passara-por-grande-reforma-e-cascavel-tambem-ganhara-quadra-publica-de-padel\\\/#primaryimage\"},\"image\":{\"@id\":\"https:\\\/\\\/jornalboasnoticias.com.br\\\/home\\\/apos-mais-de-40-anos-academia-do-complexo-ciro-nardi-passara-por-grande-reforma-e-cascavel-tambem-ganhara-quadra-publica-de-padel\\\/#primaryimage\"},\"thumbnailUrl\":\"https:\\\/\\\/jornalboasnoticias.com.br\\\/home\\\/wp-content\\\/uploads\\\/2025\\\/12\\\/WhatsApp-Image-2025-12-04-at-17_37_12-e1764955774219.jpeg\",\"datePublished\":\"2025-12-05T17:30:58+00:00\",\"description\":\"Ap\u00f3s mais de 40 anos, academia do Complexo Ciro Nardi passar\u00e1 por grande reforma e Cascavel tamb\u00e9m ganhar\u00e1 quadra p\u00fablica de padel\",\"breadcrumb\":{\"@id\":\"https:\\\/\\\/jornalboasnoticias.com.br\\\/home\\\/apos-mais-de-40-anos-academia-do-complexo-ciro-nardi-passara-por-grande-reforma-e-cascavel-tambem-ganhara-quadra-publica-de-padel\\\/#breadcrumb\"},\"inLanguage\":\"pt-BR\",\"potentialAction\":[{\"@type\":\"ReadAction\",\"target\":[\"https:\\\/\\\/jornalboasnoticias.com.br\\\/home\\\/apos-mais-de-40-anos-academia-do-complexo-ciro-nardi-passara-por-grande-reforma-e-cascavel-tambem-ganhara-quadra-publica-de-padel\\\/\"]}]},{\"@type\":\"ImageObject\",\"inLanguage\":\"pt-BR\",\"@id\":\"https:\\\/\\\/jornalboasnoticias.com.br\\\/home\\\/apos-mais-de-40-anos-academia-do-complexo-ciro-nardi-passara-por-grande-reforma-e-cascavel-tambem-ganhara-quadra-publica-de-padel\\\/#primaryimage\",\"url\":\"https:\\\/\\\/jornalboasnoticias.com.br\\\/home\\\/wp-content\\\/uploads\\\/2025\\\/12\\\/WhatsApp-Image-2025-12-04-at-17_37_12-e1764955774219.jpeg\",\"contentUrl\":\"https:\\\/\\\/jornalboasnoticias.com.br\\\/home\\\/wp-content\\\/uploads\\\/2025\\\/12\\\/WhatsApp-Image-2025-12-04-at-17_37_12-e1764955774219.jpeg\",\"width\":1000,\"height\":750,\"caption\":\"Divulga\u00e7\u00e3o\"},{\"@type\":\"BreadcrumbList\",\"@id\":\"https:\\\/\\\/jornalboasnoticias.com.br\\\/home\\\/apos-mais-de-40-anos-academia-do-complexo-ciro-nardi-passara-por-grande-reforma-e-cascavel-tambem-ganhara-quadra-publica-de-padel\\\/#breadcrumb\",\"itemListElement\":[{\"@type\":\"ListItem\",\"position\":1,\"name\":\"In\u00edcio\",\"item\":\"https:\\\/\\\/jornalboasnoticias.com.br\\\/home\\\/\"},{\"@type\":\"ListItem\",\"position\":2,\"name\":\"Ap\u00f3s mais de 40 anos, academia do Complexo Ciro Nardi passar\u00e1 por grande reforma e Cascavel tamb\u00e9m ganhar\u00e1 quadra p\u00fablica de padel\"}]},{\"@type\":\"WebSite\",\"@id\":\"https:\\\/\\\/jornalboasnoticias.com.br\\\/home\\\/#website\",\"url\":\"https:\\\/\\\/jornalboasnoticias.com.br\\\/home\\\/\",\"name\":\"Jornal Boas Not\u00edcias\",\"description\":\"Boas not\u00edcias\",\"publisher\":{\"@id\":\"https:\\\/\\\/jornalboasnoticias.com.br\\\/home\\\/#organization\"},\"potentialAction\":[{\"@type\":\"SearchAction\",\"target\":{\"@type\":\"EntryPoint\",\"urlTemplate\":\"https:\\\/\\\/jornalboasnoticias.com.br\\\/home\\\/?s={search_term_string}\"},\"query-input\":{\"@type\":\"PropertyValueSpecification\",\"valueRequired\":true,\"valueName\":\"search_term_string\"}}],\"inLanguage\":\"pt-BR\"},{\"@type\":\"Organization\",\"@id\":\"https:\\\/\\\/jornalboasnoticias.com.br\\\/home\\\/#organization\",\"name\":\"Coq Editora Ltda\",\"alternateName\":\"Jornal Boas Noticias\",\"url\":\"https:\\\/\\\/jornalboasnoticias.com.br\\\/home\\\/\",\"logo\":{\"@type\":\"ImageObject\",\"inLanguage\":\"pt-BR\",\"@id\":\"https:\\\/\\\/jornalboasnoticias.com.br\\\/home\\\/#\\\/schema\\\/logo\\\/image\\\/\",\"url\":\"https:\\\/\\\/jornalboasnoticias.com.br\\\/home\\\/wp-content\\\/uploads\\\/2024\\\/07\\\/cropped-logo.jpg\",\"contentUrl\":\"https:\\\/\\\/jornalboasnoticias.com.br\\\/home\\\/wp-content\\\/uploads\\\/2024\\\/07\\\/cropped-logo.jpg\",\"width\":290,\"height\":142,\"caption\":\"Coq Editora Ltda\"},\"image\":{\"@id\":\"https:\\\/\\\/jornalboasnoticias.com.br\\\/home\\\/#\\\/schema\\\/logo\\\/image\\\/\"},\"sameAs\":[\"https:\\\/\\\/www.facebook.com\\\/boasnoticiasjornal\"]},{\"@type\":\"Person\",\"@id\":\"https:\\\/\\\/jornalboasnoticias.com.br\\\/home\\\/#\\\/schema\\\/person\\\/75f9ebde398c998c166475fb446bda62\",\"name\":\"Luiz Carlos da Cruz\",\"image\":{\"@type\":\"ImageObject\",\"inLanguage\":\"pt-BR\",\"@id\":\"https:\\\/\\\/secure.gravatar.com\\\/avatar\\\/e6f4f45301b6cb8572f7b076572e8ac11c1db80e805d8c8d0858cf286ce3ac3b?s=96&d=mm&r=g\",\"url\":\"https:\\\/\\\/secure.gravatar.com\\\/avatar\\\/e6f4f45301b6cb8572f7b076572e8ac11c1db80e805d8c8d0858cf286ce3ac3b?s=96&d=mm&r=g\",\"contentUrl\":\"https:\\\/\\\/secure.gravatar.com\\\/avatar\\\/e6f4f45301b6cb8572f7b076572e8ac11c1db80e805d8c8d0858cf286ce3ac3b?s=96&d=mm&r=g\",\"caption\":\"Luiz Carlos da Cruz\"},\"url\":\"https:\\\/\\\/jornalboasnoticias.com.br\\\/home\\\/author\\\/luiz-carlos-da-cruz\\\/\"}]}<\/script>\n<!-- \/ Yoast SEO plugin. -->","yoast_head_json":{"title":"Ap\u00f3s mais de 40 anos, academia do Complexo Ciro Nardi passar\u00e1 por grande reforma e Cascavel tamb\u00e9m ganhar\u00e1 quadra p\u00fablica de padel - Jornal","description":"Ap\u00f3s mais de 40 anos, academia do Complexo Ciro Nardi passar\u00e1 por grande reforma e Cascavel tamb\u00e9m ganhar\u00e1 quadra p\u00fablica de padel","robots":{"index":"index","follow":"follow","max-snippet":"max-snippet:-1","max-image-preview":"max-image-preview:large","max-video-preview":"max-video-preview:-1"},"canonical":"https:\/\/jornalboasnoticias.com.br\/home\/apos-mais-de-40-anos-academia-do-complexo-ciro-nardi-passara-por-grande-reforma-e-cascavel-tambem-ganhara-quadra-publica-de-padel\/","og_locale":"pt_BR","og_type":"article","og_title":"Ap\u00f3s mais de 40 anos, academia do Complexo Ciro Nardi passar\u00e1 por grande reforma e Cascavel tamb\u00e9m ganhar\u00e1 quadra p\u00fablica de padel - Jornal","og_description":"Ap\u00f3s mais de 40 anos, academia do Complexo Ciro Nardi passar\u00e1 por grande reforma e Cascavel tamb\u00e9m ganhar\u00e1 quadra p\u00fablica de padel","og_url":"https:\/\/jornalboasnoticias.com.br\/home\/apos-mais-de-40-anos-academia-do-complexo-ciro-nardi-passara-por-grande-reforma-e-cascavel-tambem-ganhara-quadra-publica-de-padel\/","og_site_name":"Jornal","article_publisher":"https:\/\/www.facebook.com\/boasnoticiasjornal","article_published_time":"2025-12-05T17:30:58+00:00","og_image":[{"width":1000,"height":750,"url":"https:\/\/jornalboasnoticias.com.br\/home\/wp-content\/uploads\/2025\/12\/WhatsApp-Image-2025-12-04-at-17_37_12-e1764955774219.jpeg","type":"image\/jpeg"}],"author":"Luiz Carlos da Cruz","twitter_card":"summary_large_image","twitter_misc":{"Escrito por":"Luiz Carlos da Cruz","Est. tempo de leitura":"3 minutos"},"schema":{"@context":"https:\/\/schema.org","@graph":[{"@type":"Article","@id":"https:\/\/jornalboasnoticias.com.br\/home\/apos-mais-de-40-anos-academia-do-complexo-ciro-nardi-passara-por-grande-reforma-e-cascavel-tambem-ganhara-quadra-publica-de-padel\/#article","isPartOf":{"@id":"https:\/\/jornalboasnoticias.com.br\/home\/apos-mais-de-40-anos-academia-do-complexo-ciro-nardi-passara-por-grande-reforma-e-cascavel-tambem-ganhara-quadra-publica-de-padel\/"},"author":{"name":"Luiz Carlos da Cruz","@id":"https:\/\/jornalboasnoticias.com.br\/home\/#\/schema\/person\/75f9ebde398c998c166475fb446bda62"},"headline":"Ap\u00f3s mais de 40 anos, academia do Complexo Ciro Nardi passar\u00e1 por grande reforma e Cascavel tamb\u00e9m ganhar\u00e1 quadra p\u00fablica de padel","datePublished":"2025-12-05T17:30:58+00:00","mainEntityOfPage":{"@id":"https:\/\/jornalboasnoticias.com.br\/home\/apos-mais-de-40-anos-academia-do-complexo-ciro-nardi-passara-por-grande-reforma-e-cascavel-tambem-ganhara-quadra-publica-de-padel\/"},"wordCount":463,"commentCount":0,"publisher":{"@id":"https:\/\/jornalboasnoticias.com.br\/home\/#organization"},"image":{"@id":"https:\/\/jornalboasnoticias.com.br\/home\/apos-mais-de-40-anos-academia-do-complexo-ciro-nardi-passara-por-grande-reforma-e-cascavel-tambem-ganhara-quadra-publica-de-padel\/#primaryimage"},"thumbnailUrl":"https:\/\/jornalboasnoticias.com.br\/home\/wp-content\/uploads\/2025\/12\/WhatsApp-Image-2025-12-04-at-17_37_12-e1764955774219.jpeg","articleSection":["CASCAVEL"],"inLanguage":"pt-BR","potentialAction":[{"@type":"CommentAction","name":"Comment","target":["https:\/\/jornalboasnoticias.com.br\/home\/apos-mais-de-40-anos-academia-do-complexo-ciro-nardi-passara-por-grande-reforma-e-cascavel-tambem-ganhara-quadra-publica-de-padel\/#respond"]}]},{"@type":"WebPage","@id":"https:\/\/jornalboasnoticias.com.br\/home\/apos-mais-de-40-anos-academia-do-complexo-ciro-nardi-passara-por-grande-reforma-e-cascavel-tambem-ganhara-quadra-publica-de-padel\/","url":"https:\/\/jornalboasnoticias.com.br\/home\/apos-mais-de-40-anos-academia-do-complexo-ciro-nardi-passara-por-grande-reforma-e-cascavel-tambem-ganhara-quadra-publica-de-padel\/","name":"Ap\u00f3s mais de 40 anos, academia do Complexo Ciro Nardi passar\u00e1 por grande reforma e Cascavel tamb\u00e9m ganhar\u00e1 quadra p\u00fablica de padel - Jornal","isPartOf":{"@id":"https:\/\/jornalboasnoticias.com.br\/home\/#website"},"primaryImageOfPage":{"@id":"https:\/\/jornalboasnoticias.com.br\/home\/apos-mais-de-40-anos-academia-do-complexo-ciro-nardi-passara-por-grande-reforma-e-cascavel-tambem-ganhara-quadra-publica-de-padel\/#primaryimage"},"image":{"@id":"https:\/\/jornalboasnoticias.com.br\/home\/apos-mais-de-40-anos-academia-do-complexo-ciro-nardi-passara-por-grande-reforma-e-cascavel-tambem-ganhara-quadra-publica-de-padel\/#primaryimage"},"thumbnailUrl":"https:\/\/jornalboasnoticias.com.br\/home\/wp-content\/uploads\/2025\/12\/WhatsApp-Image-2025-12-04-at-17_37_12-e1764955774219.jpeg","datePublished":"2025-12-05T17:30:58+00:00","description":"Ap\u00f3s mais de 40 anos, academia do Complexo Ciro Nardi passar\u00e1 por grande reforma e Cascavel tamb\u00e9m ganhar\u00e1 quadra p\u00fablica de padel","breadcrumb":{"@id":"https:\/\/jornalboasnoticias.com.br\/home\/apos-mais-de-40-anos-academia-do-complexo-ciro-nardi-passara-por-grande-reforma-e-cascavel-tambem-ganhara-quadra-publica-de-padel\/#breadcrumb"},"inLanguage":"pt-BR","potentialAction":[{"@type":"ReadAction","target":["https:\/\/jornalboasnoticias.com.br\/home\/apos-mais-de-40-anos-academia-do-complexo-ciro-nardi-passara-por-grande-reforma-e-cascavel-tambem-ganhara-quadra-publica-de-padel\/"]}]},{"@type":"ImageObject","inLanguage":"pt-BR","@id":"https:\/\/jornalboasnoticias.com.br\/home\/apos-mais-de-40-anos-academia-do-complexo-ciro-nardi-passara-por-grande-reforma-e-cascavel-tambem-ganhara-quadra-publica-de-padel\/#primaryimage","url":"https:\/\/jornalboasnoticias.com.br\/home\/wp-content\/uploads\/2025\/12\/WhatsApp-Image-2025-12-04-at-17_37_12-e1764955774219.jpeg","contentUrl":"https:\/\/jornalboasnoticias.com.br\/home\/wp-content\/uploads\/2025\/12\/WhatsApp-Image-2025-12-04-at-17_37_12-e1764955774219.jpeg","width":1000,"height":750,"caption":"Divulga\u00e7\u00e3o"},{"@type":"BreadcrumbList","@id":"https:\/\/jornalboasnoticias.com.br\/home\/apos-mais-de-40-anos-academia-do-complexo-ciro-nardi-passara-por-grande-reforma-e-cascavel-tambem-ganhara-quadra-publica-de-padel\/#breadcrumb","itemListElement":[{"@type":"ListItem","position":1,"name":"In\u00edcio","item":"https:\/\/jornalboasnoticias.com.br\/home\/"},{"@type":"ListItem","position":2,"name":"Ap\u00f3s mais de 40 anos, academia do Complexo Ciro Nardi passar\u00e1 por grande reforma e Cascavel tamb\u00e9m ganhar\u00e1 quadra p\u00fablica de padel"}]},{"@type":"WebSite","@id":"https:\/\/jornalboasnoticias.com.br\/home\/#website","url":"https:\/\/jornalboasnoticias.com.br\/home\/","name":"Jornal Boas Not\u00edcias","description":"Boas not\u00edcias","publisher":{"@id":"https:\/\/jornalboasnoticias.com.br\/home\/#organization"},"potentialAction":[{"@type":"SearchAction","target":{"@type":"EntryPoint","urlTemplate":"https:\/\/jornalboasnoticias.com.br\/home\/?s={search_term_string}"},"query-input":{"@type":"PropertyValueSpecification","valueRequired":true,"valueName":"search_term_string"}}],"inLanguage":"pt-BR"},{"@type":"Organization","@id":"https:\/\/jornalboasnoticias.com.br\/home\/#organization","name":"Coq Editora Ltda","alternateName":"Jornal Boas Noticias","url":"https:\/\/jornalboasnoticias.com.br\/home\/","logo":{"@type":"ImageObject","inLanguage":"pt-BR","@id":"https:\/\/jornalboasnoticias.com.br\/home\/#\/schema\/logo\/image\/","url":"https:\/\/jornalboasnoticias.com.br\/home\/wp-content\/uploads\/2024\/07\/cropped-logo.jpg","contentUrl":"https:\/\/jornalboasnoticias.com.br\/home\/wp-content\/uploads\/2024\/07\/cropped-logo.jpg","width":290,"height":142,"caption":"Coq Editora Ltda"},"image":{"@id":"https:\/\/jornalboasnoticias.com.br\/home\/#\/schema\/logo\/image\/"},"sameAs":["https:\/\/www.facebook.com\/boasnoticiasjornal"]},{"@type":"Person","@id":"https:\/\/jornalboasnoticias.com.br\/home\/#\/schema\/person\/75f9ebde398c998c166475fb446bda62","name":"Luiz Carlos da Cruz","image":{"@type":"ImageObject","inLanguage":"pt-BR","@id":"https:\/\/secure.gravatar.com\/avatar\/e6f4f45301b6cb8572f7b076572e8ac11c1db80e805d8c8d0858cf286ce3ac3b?s=96&d=mm&r=g","url":"https:\/\/secure.gravatar.com\/avatar\/e6f4f45301b6cb8572f7b076572e8ac11c1db80e805d8c8d0858cf286ce3ac3b?s=96&d=mm&r=g","contentUrl":"https:\/\/secure.gravatar.com\/avatar\/e6f4f45301b6cb8572f7b076572e8ac11c1db80e805d8c8d0858cf286ce3ac3b?s=96&d=mm&r=g","caption":"Luiz Carlos da Cruz"},"url":"https:\/\/jornalboasnoticias.com.br\/home\/author\/luiz-carlos-da-cruz\/"}]}},"_links":{"self":[{"href":"https:\/\/jornalboasnoticias.com.br\/home\/wp-json\/wp\/v2\/posts\/46720","targetHints":{"allow":["GET"]}}],"collection":[{"href":"https:\/\/jornalboasnoticias.com.br\/home\/wp-json\/wp\/v2\/posts"}],"about":[{"href":"https:\/\/jornalboasnoticias.com.br\/home\/wp-json\/wp\/v2\/types\/post"}],"author":[{"embeddable":true,"href":"https:\/\/jornalboasnoticias.com.br\/home\/wp-json\/wp\/v2\/users\/3"}],"replies":[{"embeddable":true,"href":"https:\/\/jornalboasnoticias.com.br\/home\/wp-json\/wp\/v2\/comments?post=46720"}],"version-history":[{"count":1,"href":"https:\/\/jornalboasnoticias.com.br\/home\/wp-json\/wp\/v2\/posts\/46720\/revisions"}],"predecessor-version":[{"id":46722,"href":"https:\/\/jornalboasnoticias.com.br\/home\/wp-json\/wp\/v2\/posts\/46720\/revisions\/46722"}],"wp:featuredmedia":[{"embeddable":true,"href":"https:\/\/jornalboasnoticias.com.br\/home\/wp-json\/wp\/v2\/media\/46721"}],"wp:attachment":[{"href":"https:\/\/jornalboasnoticias.com.br\/home\/wp-json\/wp\/v2\/media?parent=46720"}],"wp:term":[{"taxonomy":"category","embeddable":true,"href":"https:\/\/jornalboasnoticias.com.br\/home\/wp-json\/wp\/v2\/categories?post=46720"},{"taxonomy":"post_tag","embeddable":true,"href":"https:\/\/jornalboasnoticias.com.br\/home\/wp-json\/wp\/v2\/tags?post=46720"}],"curies":[{"name":"wp","href":"https:\/\/api.w.org\/{rel}","templated":true}]}}