{"id":46716,"date":"2025-12-05T17:23:12","date_gmt":"2025-12-05T17:23:12","guid":{"rendered":"https:\/\/jornalboasnoticias.com.br\/home\/?p=46716"},"modified":"2025-12-05T17:25:10","modified_gmt":"2025-12-05T17:25:10","slug":"precos-de-alimentos-e-bebidas-caem-em-todas-as-regioes-do-parana-em-novembro","status":"publish","type":"post","link":"https:\/\/jornalboasnoticias.com.br\/home\/precos-de-alimentos-e-bebidas-caem-em-todas-as-regioes-do-parana-em-novembro\/","title":{"rendered":"Pre\u00e7os de alimentos e bebidas caem em todas as regi\u00f5es do Paran\u00e1 em novembro"},"content":{"rendered":"<blockquote>\n<p style=\"text-align: center;\">O \u00cdndice Ipardes de Pre\u00e7os Regional Alimentos e Bebidas (IPR &#8211; Alimentos e Bebidas) registrou, em novembro, uma queda de 1,33%, resultando na menor varia\u00e7\u00e3o para o m\u00eas desde 2020. Cerca de metade dessa queda est\u00e1 relacionada ao subgrupo leites e derivados, seguidos por tub\u00e9rculos, ra\u00edzes e legumes.<\/p>\n<\/blockquote>\n<figure id=\"attachment_46717\" aria-describedby=\"caption-attachment-46717\" style=\"width: 1000px\" class=\"wp-caption alignnone\"><img loading=\"lazy\" decoding=\"async\" class=\"size-full wp-image-46717\" src=\"https:\/\/jornalboasnoticias.com.br\/home\/wp-content\/uploads\/2025\/12\/20210316101649_img_0120-e1764955359550.jpg\" alt=\"\" width=\"1000\" height=\"667\" \/><figcaption id=\"caption-attachment-46717\" class=\"wp-caption-text\">Foto: Ari Dias\/AEN<\/figcaption><\/figure>\n<p>O\u00a0<a class=\"0\" href=\"https:\/\/www.ipardes.pr.gov.br\/Pagina\/Indice-Ipardes-de-Precos-Regional-do-Parana\" target=\"_blank\" rel=\"nofollow noopener\">\u00cdndice Ipardes de Pre\u00e7os Regional Alimentos e Bebidas (IPR &#8211; Alimentos e Bebidas)<\/a>\u00a0registrou, em novembro, uma queda de 1,33%, resultando na menor varia\u00e7\u00e3o para o m\u00eas desde 2020.\u00a0Com isso, o IPR acumulado entre janeiro a novembro de 2025 foi de 0,46% e o \u00edndice acumulado em 12 meses foi de 1,64%, o menor resultado para essa m\u00e9trica desde maio de 2024. Os dados foram divulgados nesta sexta-feira (5) pelo Instituto Paranaense de Desenvolvimento Econ\u00f4mico e Social (Ipardes).<\/p>\n<p>Apenas em novembro, cerca de metade dessa queda est\u00e1 relacionada ao subgrupo leites e derivados, que influenciou o resultado mensal com -0,74 pontos percentuais (p.p.), seguidos por tub\u00e9rculos, ra\u00edzes e legumes com influ\u00eancia de -0,60 p.p. e cereais -0,09 p.p. Em termos de varia\u00e7\u00e3o percentual, os pre\u00e7os m\u00e9dios de tub\u00e9rculos, ra\u00edzes e legumes apresentaram queda de 14,52% em novembro; enquanto leite e derivados caiu 5,29%.<\/p>\n<p>Dentre os produtos pesquisados, a queda mais expressiva ocorreu em tomate (-31,38%), seguido por abobrinha (-24,14%), pepino (-19,50%), leite integral (-8,96%) e mel\u00e3o (-6,61%). A produtividade de tomate, abobrinha e pepino foi impactada pela eleva\u00e7\u00e3o da temperatura, fator que contribuiu para o amadurecimento desses frutos, resultando em amplia\u00e7\u00e3o da disponibilidade ao consumidor e retra\u00e7\u00e3o dos pre\u00e7os. No mesmo sentido, o pre\u00e7o do leite foi reflexo da expans\u00e3o da oferta, acarretando em maior capta\u00e7\u00e3o de leite.<\/p>\n<p>Em novembro, a queda do IPR espalhou-se por todos os munic\u00edpios pesquisados. A retra\u00e7\u00e3o mais expressiva foi registrada em Cascavel (-1,64%), acompanhada por Maring\u00e1 (-1,62%), Foz do Igua\u00e7u (-1,47%), Curitiba (-1,38%), Guarapuava e Ponta Grossa (-1,28%), Londrina (-1,25%), Umuarama (-1,05%) e Pato Branco (-0,99%).<\/p>\n<p>O subgrupo tub\u00e9rculos, ra\u00edzes e legumes registrou quedas de 17,18% em Cascavel, de 16,56% em Curitiba, de 16,19% em Maring\u00e1, de 15,43% em Foz do Igua\u00e7u, de 14,72% em Pato Branco, de 13,73% em Ponta Grossa, de 13,54% em Guarapuava, de 13,25% em Londrina e de 9,89% em Umuarama. O pre\u00e7o do\u00a0tomate caiu 37,07% em Cascavel, 35,72% em Maring\u00e1, 35,11% em Curitiba, 34,35% em Foz do Igua\u00e7u, 33,17% em Pato Branco, 28,37% em Guarapuava, 28,09% em Londrina, 27,79% em Ponta Grossa e 21,30% em Umuarama.<\/p>\n<p>Na contram\u00e3o da tend\u00eancia, houve aumento de 5,05% no pre\u00e7o da banana-caturra, de 4,67% em cebola, 4,09% em ma\u00e7\u00e3 e de 3,62% em \u00f3leo de soja. Esses reajustes se devem a menores volumes ofertados por conta de transi\u00e7\u00e3o de safras das frutas e do bulbo e pela demanda aquecida por \u00f3leo de soja. Regionalmente, a carne su\u00edna registrou alta de 2,04% em Maring\u00e1 e de 1,61% em Cascavel, enquanto \u00f3leo e gorduras sofreram reajustes de 2,49% em Foz do Igua\u00e7u, de 1,86% em Guarapuava e de 1,81% em Umuarama.<\/p>\n<p style=\"text-align: center;\"><b><span data-contrast=\"auto\">VEJA NA CANTAGALO TV (Inscreva-se no canal)<\/span><\/b><span data-ccp-props=\"{&quot;134233117&quot;:true,&quot;134233118&quot;:true,&quot;201341983&quot;:0,&quot;335551550&quot;:2,&quot;335551620&quot;:2,&quot;335559740&quot;:240}\">\u00a0<\/span><\/p>\n<p style=\"text-align: center;\"><a href=\"https:\/\/youtu.be\/O9cVQP9MH3g\"><span data-contrast=\"none\">Apucarana &#8211; Desfile de 7 de Setembro na D\u00e9cada de 1970<\/span><\/a><span data-ccp-props=\"{&quot;134233117&quot;:true,&quot;134233118&quot;:true,&quot;201341983&quot;:0,&quot;335551550&quot;:2,&quot;335551620&quot;:2,&quot;335559740&quot;:240}\">\u00a0<\/span><\/p>\n<p style=\"text-align: center;\"><a href=\"https:\/\/youtu.be\/Asse73w5q_0\"><span data-contrast=\"none\">Show do Milhinho &#8211; Edi\u00e7\u00e3o 02<\/span><\/a><span data-ccp-props=\"{&quot;134233117&quot;:true,&quot;134233118&quot;:true,&quot;201341983&quot;:0,&quot;335551550&quot;:2,&quot;335551620&quot;:2,&quot;335559740&quot;:240}\">\u00a0<\/span><\/p>\n<h2><strong>\u00daLTIMOS DOZE MESES<\/strong><\/h2>\n<p>A varia\u00e7\u00e3o acumulada nos \u00faltimos 12 meses foi de 1,64%. Em termos regionais, ficou em 2,56% em Guarapuava, 2,18% em Pato Branco, 1,96% em Cascavel, 1,94% em Foz do Igua\u00e7u, 1,64% em Umuarama, 1,38% em Maring\u00e1, 1,17% em Curitiba, 1,05% em Ponta Grossa e 0,93% em Londrina.<\/p>\n<p>Dois dos principais fatores que ajudaram a segurar os pre\u00e7os foram o subgrupo\u00a0cereais, que apresentou queda de 30,68% em Ponta Grossa, de 29,17% em Cascavel, de 29,15% em Foz do Igua\u00e7u, de 28,70% em Pato Branco, de 27,23% em Guarapuava, de 26,59% em Curitiba, de 26,56% em Umuarama, de 24,65% em Londrina e de 24,61% em Maring\u00e1, e a batata-inglesa, que apresentou retra\u00e7\u00e3o de 49,41% em Curitiba, de 49,25% em Londrina, de 48,06% em Ponta Grossa, de 45,60% em Maring\u00e1, de 45,25% em Umuarama, de 44,77% em Cascavel, de 43,99% em Foz do Igua\u00e7u e Guarapuava e de 40,57% em Pato Branco.<\/p>\n<p>O caf\u00e9 ainda tem a maior alta acumulada em 12 meses em seis munic\u00edpios (Guarapuava, Pato Branco, Cascavel, Foz do Igua\u00e7u, Umuarama e Ponta Grossa). Em outros dois (Londrina e Maring\u00e1) a abobrinha ocupa esse lugar. Em Curitiba o maior registro de alta foi a da cenoura.<\/p>\n<p><em>Informa\u00e7\u00f5es AEN<\/em><\/p>\n","protected":false},"excerpt":{"rendered":"<p>O \u00cdndice Ipardes de Pre\u00e7os Regional Alimentos e Bebidas (IPR &#8211; Alimentos e Bebidas) registrou,<\/p>\n","protected":false},"author":3,"featured_media":46717,"comment_status":"open","ping_status":"open","sticky":false,"template":"","format":"standard","meta":{"footnotes":""},"categories":[4],"tags":[],"class_list":["post-46716","post","type-post","status-publish","format-standard","has-post-thumbnail","hentry","category-parana"],"yoast_head":"<!-- This site is optimized with the Yoast SEO plugin v27.5 - https:\/\/yoast.com\/product\/yoast-seo-wordpress\/ -->\n<title>Pre\u00e7os de alimentos e bebidas caem em todas as regi\u00f5es do Paran\u00e1 em novembro - Jornal<\/title>\n<meta name=\"description\" content=\"Pre\u00e7os de alimentos e bebidas caem em todas as regi\u00f5es do Paran\u00e1 em novembro\" \/>\n<meta name=\"robots\" content=\"index, follow, max-snippet:-1, max-image-preview:large, max-video-preview:-1\" \/>\n<link rel=\"canonical\" href=\"https:\/\/jornalboasnoticias.com.br\/home\/precos-de-alimentos-e-bebidas-caem-em-todas-as-regioes-do-parana-em-novembro\/\" \/>\n<meta property=\"og:locale\" content=\"pt_BR\" \/>\n<meta property=\"og:type\" content=\"article\" \/>\n<meta property=\"og:title\" content=\"Pre\u00e7os de alimentos e bebidas caem em todas as regi\u00f5es do Paran\u00e1 em novembro - Jornal\" \/>\n<meta property=\"og:description\" content=\"Pre\u00e7os de alimentos e bebidas caem em todas as regi\u00f5es do Paran\u00e1 em novembro\" \/>\n<meta property=\"og:url\" content=\"https:\/\/jornalboasnoticias.com.br\/home\/precos-de-alimentos-e-bebidas-caem-em-todas-as-regioes-do-parana-em-novembro\/\" \/>\n<meta property=\"og:site_name\" content=\"Jornal\" \/>\n<meta property=\"article:publisher\" content=\"https:\/\/www.facebook.com\/boasnoticiasjornal\" \/>\n<meta property=\"article:published_time\" content=\"2025-12-05T17:23:12+00:00\" \/>\n<meta property=\"article:modified_time\" content=\"2025-12-05T17:25:10+00:00\" \/>\n<meta property=\"og:image\" content=\"https:\/\/jornalboasnoticias.com.br\/home\/wp-content\/uploads\/2025\/12\/20210316101649_img_0120-e1764955359550.jpg\" \/>\n\t<meta property=\"og:image:width\" content=\"1000\" \/>\n\t<meta property=\"og:image:height\" content=\"667\" \/>\n\t<meta property=\"og:image:type\" content=\"image\/jpeg\" \/>\n<meta name=\"author\" content=\"Luiz Carlos da Cruz\" \/>\n<meta name=\"twitter:card\" content=\"summary_large_image\" \/>\n<meta name=\"twitter:label1\" content=\"Escrito por\" \/>\n\t<meta name=\"twitter:data1\" content=\"Luiz Carlos da Cruz\" \/>\n\t<meta name=\"twitter:label2\" content=\"Est. tempo de leitura\" \/>\n\t<meta name=\"twitter:data2\" content=\"5 minutos\" \/>\n<script type=\"application\/ld+json\" class=\"yoast-schema-graph\">{\"@context\":\"https:\\\/\\\/schema.org\",\"@graph\":[{\"@type\":\"Article\",\"@id\":\"https:\\\/\\\/jornalboasnoticias.com.br\\\/home\\\/precos-de-alimentos-e-bebidas-caem-em-todas-as-regioes-do-parana-em-novembro\\\/#article\",\"isPartOf\":{\"@id\":\"https:\\\/\\\/jornalboasnoticias.com.br\\\/home\\\/precos-de-alimentos-e-bebidas-caem-em-todas-as-regioes-do-parana-em-novembro\\\/\"},\"author\":{\"name\":\"Luiz Carlos da Cruz\",\"@id\":\"https:\\\/\\\/jornalboasnoticias.com.br\\\/home\\\/#\\\/schema\\\/person\\\/75f9ebde398c998c166475fb446bda62\"},\"headline\":\"Pre\u00e7os de alimentos e bebidas caem em todas as regi\u00f5es do Paran\u00e1 em novembro\",\"datePublished\":\"2025-12-05T17:23:12+00:00\",\"dateModified\":\"2025-12-05T17:25:10+00:00\",\"mainEntityOfPage\":{\"@id\":\"https:\\\/\\\/jornalboasnoticias.com.br\\\/home\\\/precos-de-alimentos-e-bebidas-caem-em-todas-as-regioes-do-parana-em-novembro\\\/\"},\"wordCount\":723,\"commentCount\":0,\"publisher\":{\"@id\":\"https:\\\/\\\/jornalboasnoticias.com.br\\\/home\\\/#organization\"},\"image\":{\"@id\":\"https:\\\/\\\/jornalboasnoticias.com.br\\\/home\\\/precos-de-alimentos-e-bebidas-caem-em-todas-as-regioes-do-parana-em-novembro\\\/#primaryimage\"},\"thumbnailUrl\":\"https:\\\/\\\/jornalboasnoticias.com.br\\\/home\\\/wp-content\\\/uploads\\\/2025\\\/12\\\/20210316101649_img_0120-e1764955359550.jpg\",\"articleSection\":[\"PARAN\u00c1\"],\"inLanguage\":\"pt-BR\",\"potentialAction\":[{\"@type\":\"CommentAction\",\"name\":\"Comment\",\"target\":[\"https:\\\/\\\/jornalboasnoticias.com.br\\\/home\\\/precos-de-alimentos-e-bebidas-caem-em-todas-as-regioes-do-parana-em-novembro\\\/#respond\"]}]},{\"@type\":\"WebPage\",\"@id\":\"https:\\\/\\\/jornalboasnoticias.com.br\\\/home\\\/precos-de-alimentos-e-bebidas-caem-em-todas-as-regioes-do-parana-em-novembro\\\/\",\"url\":\"https:\\\/\\\/jornalboasnoticias.com.br\\\/home\\\/precos-de-alimentos-e-bebidas-caem-em-todas-as-regioes-do-parana-em-novembro\\\/\",\"name\":\"Pre\u00e7os de alimentos e bebidas caem em todas as regi\u00f5es do Paran\u00e1 em novembro - Jornal\",\"isPartOf\":{\"@id\":\"https:\\\/\\\/jornalboasnoticias.com.br\\\/home\\\/#website\"},\"primaryImageOfPage\":{\"@id\":\"https:\\\/\\\/jornalboasnoticias.com.br\\\/home\\\/precos-de-alimentos-e-bebidas-caem-em-todas-as-regioes-do-parana-em-novembro\\\/#primaryimage\"},\"image\":{\"@id\":\"https:\\\/\\\/jornalboasnoticias.com.br\\\/home\\\/precos-de-alimentos-e-bebidas-caem-em-todas-as-regioes-do-parana-em-novembro\\\/#primaryimage\"},\"thumbnailUrl\":\"https:\\\/\\\/jornalboasnoticias.com.br\\\/home\\\/wp-content\\\/uploads\\\/2025\\\/12\\\/20210316101649_img_0120-e1764955359550.jpg\",\"datePublished\":\"2025-12-05T17:23:12+00:00\",\"dateModified\":\"2025-12-05T17:25:10+00:00\",\"description\":\"Pre\u00e7os de alimentos e bebidas caem em todas as regi\u00f5es do Paran\u00e1 em novembro\",\"breadcrumb\":{\"@id\":\"https:\\\/\\\/jornalboasnoticias.com.br\\\/home\\\/precos-de-alimentos-e-bebidas-caem-em-todas-as-regioes-do-parana-em-novembro\\\/#breadcrumb\"},\"inLanguage\":\"pt-BR\",\"potentialAction\":[{\"@type\":\"ReadAction\",\"target\":[\"https:\\\/\\\/jornalboasnoticias.com.br\\\/home\\\/precos-de-alimentos-e-bebidas-caem-em-todas-as-regioes-do-parana-em-novembro\\\/\"]}]},{\"@type\":\"ImageObject\",\"inLanguage\":\"pt-BR\",\"@id\":\"https:\\\/\\\/jornalboasnoticias.com.br\\\/home\\\/precos-de-alimentos-e-bebidas-caem-em-todas-as-regioes-do-parana-em-novembro\\\/#primaryimage\",\"url\":\"https:\\\/\\\/jornalboasnoticias.com.br\\\/home\\\/wp-content\\\/uploads\\\/2025\\\/12\\\/20210316101649_img_0120-e1764955359550.jpg\",\"contentUrl\":\"https:\\\/\\\/jornalboasnoticias.com.br\\\/home\\\/wp-content\\\/uploads\\\/2025\\\/12\\\/20210316101649_img_0120-e1764955359550.jpg\",\"width\":1000,\"height\":667,\"caption\":\"Foto: Ari Dias\\\/AEN\"},{\"@type\":\"BreadcrumbList\",\"@id\":\"https:\\\/\\\/jornalboasnoticias.com.br\\\/home\\\/precos-de-alimentos-e-bebidas-caem-em-todas-as-regioes-do-parana-em-novembro\\\/#breadcrumb\",\"itemListElement\":[{\"@type\":\"ListItem\",\"position\":1,\"name\":\"In\u00edcio\",\"item\":\"https:\\\/\\\/jornalboasnoticias.com.br\\\/home\\\/\"},{\"@type\":\"ListItem\",\"position\":2,\"name\":\"Pre\u00e7os de alimentos e bebidas caem em todas as regi\u00f5es do Paran\u00e1 em novembro\"}]},{\"@type\":\"WebSite\",\"@id\":\"https:\\\/\\\/jornalboasnoticias.com.br\\\/home\\\/#website\",\"url\":\"https:\\\/\\\/jornalboasnoticias.com.br\\\/home\\\/\",\"name\":\"Jornal Boas Not\u00edcias\",\"description\":\"Boas not\u00edcias\",\"publisher\":{\"@id\":\"https:\\\/\\\/jornalboasnoticias.com.br\\\/home\\\/#organization\"},\"potentialAction\":[{\"@type\":\"SearchAction\",\"target\":{\"@type\":\"EntryPoint\",\"urlTemplate\":\"https:\\\/\\\/jornalboasnoticias.com.br\\\/home\\\/?s={search_term_string}\"},\"query-input\":{\"@type\":\"PropertyValueSpecification\",\"valueRequired\":true,\"valueName\":\"search_term_string\"}}],\"inLanguage\":\"pt-BR\"},{\"@type\":\"Organization\",\"@id\":\"https:\\\/\\\/jornalboasnoticias.com.br\\\/home\\\/#organization\",\"name\":\"Coq Editora Ltda\",\"alternateName\":\"Jornal Boas Noticias\",\"url\":\"https:\\\/\\\/jornalboasnoticias.com.br\\\/home\\\/\",\"logo\":{\"@type\":\"ImageObject\",\"inLanguage\":\"pt-BR\",\"@id\":\"https:\\\/\\\/jornalboasnoticias.com.br\\\/home\\\/#\\\/schema\\\/logo\\\/image\\\/\",\"url\":\"https:\\\/\\\/jornalboasnoticias.com.br\\\/home\\\/wp-content\\\/uploads\\\/2024\\\/07\\\/cropped-logo.jpg\",\"contentUrl\":\"https:\\\/\\\/jornalboasnoticias.com.br\\\/home\\\/wp-content\\\/uploads\\\/2024\\\/07\\\/cropped-logo.jpg\",\"width\":290,\"height\":142,\"caption\":\"Coq Editora Ltda\"},\"image\":{\"@id\":\"https:\\\/\\\/jornalboasnoticias.com.br\\\/home\\\/#\\\/schema\\\/logo\\\/image\\\/\"},\"sameAs\":[\"https:\\\/\\\/www.facebook.com\\\/boasnoticiasjornal\"]},{\"@type\":\"Person\",\"@id\":\"https:\\\/\\\/jornalboasnoticias.com.br\\\/home\\\/#\\\/schema\\\/person\\\/75f9ebde398c998c166475fb446bda62\",\"name\":\"Luiz Carlos da Cruz\",\"image\":{\"@type\":\"ImageObject\",\"inLanguage\":\"pt-BR\",\"@id\":\"https:\\\/\\\/secure.gravatar.com\\\/avatar\\\/e6f4f45301b6cb8572f7b076572e8ac11c1db80e805d8c8d0858cf286ce3ac3b?s=96&d=mm&r=g\",\"url\":\"https:\\\/\\\/secure.gravatar.com\\\/avatar\\\/e6f4f45301b6cb8572f7b076572e8ac11c1db80e805d8c8d0858cf286ce3ac3b?s=96&d=mm&r=g\",\"contentUrl\":\"https:\\\/\\\/secure.gravatar.com\\\/avatar\\\/e6f4f45301b6cb8572f7b076572e8ac11c1db80e805d8c8d0858cf286ce3ac3b?s=96&d=mm&r=g\",\"caption\":\"Luiz Carlos da Cruz\"},\"url\":\"https:\\\/\\\/jornalboasnoticias.com.br\\\/home\\\/author\\\/luiz-carlos-da-cruz\\\/\"}]}<\/script>\n<!-- \/ Yoast SEO plugin. -->","yoast_head_json":{"title":"Pre\u00e7os de alimentos e bebidas caem em todas as regi\u00f5es do Paran\u00e1 em novembro - Jornal","description":"Pre\u00e7os de alimentos e bebidas caem em todas as regi\u00f5es do Paran\u00e1 em novembro","robots":{"index":"index","follow":"follow","max-snippet":"max-snippet:-1","max-image-preview":"max-image-preview:large","max-video-preview":"max-video-preview:-1"},"canonical":"https:\/\/jornalboasnoticias.com.br\/home\/precos-de-alimentos-e-bebidas-caem-em-todas-as-regioes-do-parana-em-novembro\/","og_locale":"pt_BR","og_type":"article","og_title":"Pre\u00e7os de alimentos e bebidas caem em todas as regi\u00f5es do Paran\u00e1 em novembro - Jornal","og_description":"Pre\u00e7os de alimentos e bebidas caem em todas as regi\u00f5es do Paran\u00e1 em novembro","og_url":"https:\/\/jornalboasnoticias.com.br\/home\/precos-de-alimentos-e-bebidas-caem-em-todas-as-regioes-do-parana-em-novembro\/","og_site_name":"Jornal","article_publisher":"https:\/\/www.facebook.com\/boasnoticiasjornal","article_published_time":"2025-12-05T17:23:12+00:00","article_modified_time":"2025-12-05T17:25:10+00:00","og_image":[{"width":1000,"height":667,"url":"https:\/\/jornalboasnoticias.com.br\/home\/wp-content\/uploads\/2025\/12\/20210316101649_img_0120-e1764955359550.jpg","type":"image\/jpeg"}],"author":"Luiz Carlos da Cruz","twitter_card":"summary_large_image","twitter_misc":{"Escrito por":"Luiz Carlos da Cruz","Est. tempo de leitura":"5 minutos"},"schema":{"@context":"https:\/\/schema.org","@graph":[{"@type":"Article","@id":"https:\/\/jornalboasnoticias.com.br\/home\/precos-de-alimentos-e-bebidas-caem-em-todas-as-regioes-do-parana-em-novembro\/#article","isPartOf":{"@id":"https:\/\/jornalboasnoticias.com.br\/home\/precos-de-alimentos-e-bebidas-caem-em-todas-as-regioes-do-parana-em-novembro\/"},"author":{"name":"Luiz Carlos da Cruz","@id":"https:\/\/jornalboasnoticias.com.br\/home\/#\/schema\/person\/75f9ebde398c998c166475fb446bda62"},"headline":"Pre\u00e7os de alimentos e bebidas caem em todas as regi\u00f5es do Paran\u00e1 em novembro","datePublished":"2025-12-05T17:23:12+00:00","dateModified":"2025-12-05T17:25:10+00:00","mainEntityOfPage":{"@id":"https:\/\/jornalboasnoticias.com.br\/home\/precos-de-alimentos-e-bebidas-caem-em-todas-as-regioes-do-parana-em-novembro\/"},"wordCount":723,"commentCount":0,"publisher":{"@id":"https:\/\/jornalboasnoticias.com.br\/home\/#organization"},"image":{"@id":"https:\/\/jornalboasnoticias.com.br\/home\/precos-de-alimentos-e-bebidas-caem-em-todas-as-regioes-do-parana-em-novembro\/#primaryimage"},"thumbnailUrl":"https:\/\/jornalboasnoticias.com.br\/home\/wp-content\/uploads\/2025\/12\/20210316101649_img_0120-e1764955359550.jpg","articleSection":["PARAN\u00c1"],"inLanguage":"pt-BR","potentialAction":[{"@type":"CommentAction","name":"Comment","target":["https:\/\/jornalboasnoticias.com.br\/home\/precos-de-alimentos-e-bebidas-caem-em-todas-as-regioes-do-parana-em-novembro\/#respond"]}]},{"@type":"WebPage","@id":"https:\/\/jornalboasnoticias.com.br\/home\/precos-de-alimentos-e-bebidas-caem-em-todas-as-regioes-do-parana-em-novembro\/","url":"https:\/\/jornalboasnoticias.com.br\/home\/precos-de-alimentos-e-bebidas-caem-em-todas-as-regioes-do-parana-em-novembro\/","name":"Pre\u00e7os de alimentos e bebidas caem em todas as regi\u00f5es do Paran\u00e1 em novembro - Jornal","isPartOf":{"@id":"https:\/\/jornalboasnoticias.com.br\/home\/#website"},"primaryImageOfPage":{"@id":"https:\/\/jornalboasnoticias.com.br\/home\/precos-de-alimentos-e-bebidas-caem-em-todas-as-regioes-do-parana-em-novembro\/#primaryimage"},"image":{"@id":"https:\/\/jornalboasnoticias.com.br\/home\/precos-de-alimentos-e-bebidas-caem-em-todas-as-regioes-do-parana-em-novembro\/#primaryimage"},"thumbnailUrl":"https:\/\/jornalboasnoticias.com.br\/home\/wp-content\/uploads\/2025\/12\/20210316101649_img_0120-e1764955359550.jpg","datePublished":"2025-12-05T17:23:12+00:00","dateModified":"2025-12-05T17:25:10+00:00","description":"Pre\u00e7os de alimentos e bebidas caem em todas as regi\u00f5es do Paran\u00e1 em novembro","breadcrumb":{"@id":"https:\/\/jornalboasnoticias.com.br\/home\/precos-de-alimentos-e-bebidas-caem-em-todas-as-regioes-do-parana-em-novembro\/#breadcrumb"},"inLanguage":"pt-BR","potentialAction":[{"@type":"ReadAction","target":["https:\/\/jornalboasnoticias.com.br\/home\/precos-de-alimentos-e-bebidas-caem-em-todas-as-regioes-do-parana-em-novembro\/"]}]},{"@type":"ImageObject","inLanguage":"pt-BR","@id":"https:\/\/jornalboasnoticias.com.br\/home\/precos-de-alimentos-e-bebidas-caem-em-todas-as-regioes-do-parana-em-novembro\/#primaryimage","url":"https:\/\/jornalboasnoticias.com.br\/home\/wp-content\/uploads\/2025\/12\/20210316101649_img_0120-e1764955359550.jpg","contentUrl":"https:\/\/jornalboasnoticias.com.br\/home\/wp-content\/uploads\/2025\/12\/20210316101649_img_0120-e1764955359550.jpg","width":1000,"height":667,"caption":"Foto: Ari Dias\/AEN"},{"@type":"BreadcrumbList","@id":"https:\/\/jornalboasnoticias.com.br\/home\/precos-de-alimentos-e-bebidas-caem-em-todas-as-regioes-do-parana-em-novembro\/#breadcrumb","itemListElement":[{"@type":"ListItem","position":1,"name":"In\u00edcio","item":"https:\/\/jornalboasnoticias.com.br\/home\/"},{"@type":"ListItem","position":2,"name":"Pre\u00e7os de alimentos e bebidas caem em todas as regi\u00f5es do Paran\u00e1 em novembro"}]},{"@type":"WebSite","@id":"https:\/\/jornalboasnoticias.com.br\/home\/#website","url":"https:\/\/jornalboasnoticias.com.br\/home\/","name":"Jornal Boas Not\u00edcias","description":"Boas not\u00edcias","publisher":{"@id":"https:\/\/jornalboasnoticias.com.br\/home\/#organization"},"potentialAction":[{"@type":"SearchAction","target":{"@type":"EntryPoint","urlTemplate":"https:\/\/jornalboasnoticias.com.br\/home\/?s={search_term_string}"},"query-input":{"@type":"PropertyValueSpecification","valueRequired":true,"valueName":"search_term_string"}}],"inLanguage":"pt-BR"},{"@type":"Organization","@id":"https:\/\/jornalboasnoticias.com.br\/home\/#organization","name":"Coq Editora Ltda","alternateName":"Jornal Boas Noticias","url":"https:\/\/jornalboasnoticias.com.br\/home\/","logo":{"@type":"ImageObject","inLanguage":"pt-BR","@id":"https:\/\/jornalboasnoticias.com.br\/home\/#\/schema\/logo\/image\/","url":"https:\/\/jornalboasnoticias.com.br\/home\/wp-content\/uploads\/2024\/07\/cropped-logo.jpg","contentUrl":"https:\/\/jornalboasnoticias.com.br\/home\/wp-content\/uploads\/2024\/07\/cropped-logo.jpg","width":290,"height":142,"caption":"Coq Editora Ltda"},"image":{"@id":"https:\/\/jornalboasnoticias.com.br\/home\/#\/schema\/logo\/image\/"},"sameAs":["https:\/\/www.facebook.com\/boasnoticiasjornal"]},{"@type":"Person","@id":"https:\/\/jornalboasnoticias.com.br\/home\/#\/schema\/person\/75f9ebde398c998c166475fb446bda62","name":"Luiz Carlos da Cruz","image":{"@type":"ImageObject","inLanguage":"pt-BR","@id":"https:\/\/secure.gravatar.com\/avatar\/e6f4f45301b6cb8572f7b076572e8ac11c1db80e805d8c8d0858cf286ce3ac3b?s=96&d=mm&r=g","url":"https:\/\/secure.gravatar.com\/avatar\/e6f4f45301b6cb8572f7b076572e8ac11c1db80e805d8c8d0858cf286ce3ac3b?s=96&d=mm&r=g","contentUrl":"https:\/\/secure.gravatar.com\/avatar\/e6f4f45301b6cb8572f7b076572e8ac11c1db80e805d8c8d0858cf286ce3ac3b?s=96&d=mm&r=g","caption":"Luiz Carlos da Cruz"},"url":"https:\/\/jornalboasnoticias.com.br\/home\/author\/luiz-carlos-da-cruz\/"}]}},"_links":{"self":[{"href":"https:\/\/jornalboasnoticias.com.br\/home\/wp-json\/wp\/v2\/posts\/46716","targetHints":{"allow":["GET"]}}],"collection":[{"href":"https:\/\/jornalboasnoticias.com.br\/home\/wp-json\/wp\/v2\/posts"}],"about":[{"href":"https:\/\/jornalboasnoticias.com.br\/home\/wp-json\/wp\/v2\/types\/post"}],"author":[{"embeddable":true,"href":"https:\/\/jornalboasnoticias.com.br\/home\/wp-json\/wp\/v2\/users\/3"}],"replies":[{"embeddable":true,"href":"https:\/\/jornalboasnoticias.com.br\/home\/wp-json\/wp\/v2\/comments?post=46716"}],"version-history":[{"count":2,"href":"https:\/\/jornalboasnoticias.com.br\/home\/wp-json\/wp\/v2\/posts\/46716\/revisions"}],"predecessor-version":[{"id":46719,"href":"https:\/\/jornalboasnoticias.com.br\/home\/wp-json\/wp\/v2\/posts\/46716\/revisions\/46719"}],"wp:featuredmedia":[{"embeddable":true,"href":"https:\/\/jornalboasnoticias.com.br\/home\/wp-json\/wp\/v2\/media\/46717"}],"wp:attachment":[{"href":"https:\/\/jornalboasnoticias.com.br\/home\/wp-json\/wp\/v2\/media?parent=46716"}],"wp:term":[{"taxonomy":"category","embeddable":true,"href":"https:\/\/jornalboasnoticias.com.br\/home\/wp-json\/wp\/v2\/categories?post=46716"},{"taxonomy":"post_tag","embeddable":true,"href":"https:\/\/jornalboasnoticias.com.br\/home\/wp-json\/wp\/v2\/tags?post=46716"}],"curies":[{"name":"wp","href":"https:\/\/api.w.org\/{rel}","templated":true}]}}