{"id":46707,"date":"2025-12-05T13:30:14","date_gmt":"2025-12-05T13:30:14","guid":{"rendered":"https:\/\/jornalboasnoticias.com.br\/home\/?p=46707"},"modified":"2025-12-05T13:30:14","modified_gmt":"2025-12-05T13:30:14","slug":"acima-de-30c-fim-de-semana-sera-de-calor-intenso-em-todo-o-parana","status":"publish","type":"post","link":"https:\/\/jornalboasnoticias.com.br\/home\/acima-de-30c-fim-de-semana-sera-de-calor-intenso-em-todo-o-parana\/","title":{"rendered":"Acima de 30\u00b0C: fim de semana ser\u00e1 de calor intenso em todo o Paran\u00e1"},"content":{"rendered":"<blockquote>\n<p style=\"text-align: center;\">No s\u00e1bado (6), o calor aumenta e a umidade do ar fica abaixo do ideal. O calor intenso continua at\u00e9 domingo (7). Com o aumento da umidade, podem ocorrer chuvas r\u00e1pidas e isoladas \u00e0 tarde.<\/p>\n<\/blockquote>\n<figure id=\"attachment_46708\" aria-describedby=\"caption-attachment-46708\" style=\"width: 2560px\" class=\"wp-caption alignnone\"><img loading=\"lazy\" decoding=\"async\" class=\"size-full wp-image-46708\" src=\"https:\/\/jornalboasnoticias.com.br\/home\/wp-content\/uploads\/2025\/12\/portosaojose_foto_rdzura-1451-scaled.jpg\" alt=\"\" width=\"2560\" height=\"1707\" srcset=\"https:\/\/jornalboasnoticias.com.br\/home\/wp-content\/uploads\/2025\/12\/portosaojose_foto_rdzura-1451-scaled.jpg 2560w, https:\/\/jornalboasnoticias.com.br\/home\/wp-content\/uploads\/2025\/12\/portosaojose_foto_rdzura-1451-300x200.jpg 300w, https:\/\/jornalboasnoticias.com.br\/home\/wp-content\/uploads\/2025\/12\/portosaojose_foto_rdzura-1451-1024x683.jpg 1024w, https:\/\/jornalboasnoticias.com.br\/home\/wp-content\/uploads\/2025\/12\/portosaojose_foto_rdzura-1451-768x512.jpg 768w, https:\/\/jornalboasnoticias.com.br\/home\/wp-content\/uploads\/2025\/12\/portosaojose_foto_rdzura-1451-1536x1024.jpg 1536w, https:\/\/jornalboasnoticias.com.br\/home\/wp-content\/uploads\/2025\/12\/portosaojose_foto_rdzura-1451-2048x1365.jpg 2048w, https:\/\/jornalboasnoticias.com.br\/home\/wp-content\/uploads\/2025\/12\/portosaojose_foto_rdzura-1451-900x600.jpg 900w\" sizes=\"auto, (max-width: 2560px) 100vw, 2560px\" \/><figcaption id=\"caption-attachment-46708\" class=\"wp-caption-text\">Foto: Roberto Dziura Jr\/AEN<\/figcaption><\/figure>\n<p>O fim de semana ser\u00e1 marcado por muito calor em todo o Paran\u00e1. Segundo o Sistema de Tecnologia e Monitoramento Ambiental do Paran\u00e1 (Simepar), as m\u00e1ximas devem passar dos 25\u00b0C em todas as regi\u00f5es, com aquecimento mais forte no Oeste e no Norte do Estado.<\/p>\n<p>Nesta sexta-feira (5), o sol aparece entre algumas nuvens e as temperaturas sobem bastante durante a tarde, chegando perto dos 30\u00b0C. N\u00e3o h\u00e1 previs\u00e3o de chuva ou garoa. As maiores temperaturas est\u00e3o previstas para Londrina, Nova Alian\u00e7a do Iva\u00ed e Iracema do Oeste, onde os term\u00f4metros passam dos 32\u00b0C. J\u00e1 no Litoral, em Guaratuba, a m\u00e1xima fica em 26\u00b0C.<\/p>\n<p>No s\u00e1bado (6), o calor aumenta e a umidade do ar fica abaixo do ideal. A Defesa Civil alerta para a import\u00e2ncia de beber bastante \u00e1gua. Outras recomenda\u00e7\u00f5es s\u00e3o: manter a casa arejada, evitar o sol nos hor\u00e1rios mais quentes, reduzir atividades f\u00edsicas intensas e usar roupas leves, chap\u00e9u, \u00f3culos de sol e protetor solar. Em Curitiba, a m\u00e1xima chega aos 29\u00b0C. Em Nova Tebas, no Centro do Estado, passa dos 31\u00b0C, e em Figueira, no Norte Pioneiro, chega aos 32\u00b0C.<\/p>\n<p>O calor intenso continua at\u00e9 domingo (7). Com o aumento da umidade, podem ocorrer chuvas r\u00e1pidas e isoladas \u00e0 tarde, algumas acompanhadas de trovoadas. As maiores temperaturas do domingo est\u00e3o previstas para Nova Alian\u00e7a do Iva\u00ed (37\u00b0C), Londrina (35\u00b0C) e Iracema do Oeste (34\u00b0C).<\/p>\n<p>A proximidade do ver\u00e3o garante mais dias com predom\u00ednio de sol no Paran\u00e1. A esta\u00e7\u00e3o\u00a0come\u00e7a no dia 21 de dezembro, \u00e0s 12h03. Nesta data ocorre o Solst\u00edcio de Ver\u00e3o, ou seja, o dia em que o hemisf\u00e9rio Sul recebe maior incid\u00eancia de luz solar no ano, por conta da inclina\u00e7\u00e3o do eixo da Terra. \u00c9 o dia mais longo e a noite mais curta do ano.<\/p>\n<div class=\"row\">\n<div class=\"col-sm-8 col-md-offset-1 bloco-central\">\n<article class=\"node node--type-noticia node--promoted node--view-mode-full clearfix\" role=\"article\" data-history-node-id=\"79484\">\n<div class=\"node__content clearfix\">\n<div class=\"field field--name-field-texto field--type-text-long field--label-hidden field--item\">\n<h2><strong>CAVADO METEOROL\u00d3GICO<\/strong><\/h2>\n<p>No in\u00edcio da pr\u00f3xima semana, a instabilidade deve aumentar no Paran\u00e1. Com isso, s\u00e3o esperadas pancadas de chuva e at\u00e9 tempestades, se deslocando do Oeste para o Leste. Isso ocorre devido a um sistema de baixa press\u00e3o que se forma nos pa\u00edses vizinhos e possibilita a forma\u00e7\u00e3o de um \u2018cavado meteorol\u00f3gico\u2019. O fen\u00f4meno s\u00e3o correntes de vento que ajudam a formar nuvens de tempestades. O evento \u00e9 considerado comum.<\/p>\n<\/div>\n<\/div>\n<\/article>\n<\/div>\n<\/div>\n<div class=\"row\">\n<div class=\"col-sm-12\">\n<div id=\"medias\"><em>Informa\u00e7\u00f5es AEN<\/em><\/div>\n<\/div>\n<\/div>\n","protected":false},"excerpt":{"rendered":"<p>No s\u00e1bado (6), o calor aumenta e a umidade do ar fica abaixo do ideal.<\/p>\n","protected":false},"author":3,"featured_media":46708,"comment_status":"open","ping_status":"open","sticky":false,"template":"","format":"standard","meta":{"footnotes":""},"categories":[3,4],"tags":[],"class_list":["post-46707","post","type-post","status-publish","format-standard","has-post-thumbnail","hentry","category-destaques","category-parana"],"yoast_head":"<!-- This site is optimized with the Yoast SEO plugin v27.5 - https:\/\/yoast.com\/product\/yoast-seo-wordpress\/ -->\n<title>Acima de 30\u00b0C: fim de semana ser\u00e1 de calor intenso em todo o Paran\u00e1 - Jornal<\/title>\n<meta name=\"description\" content=\"Acima de 30\u00b0C: fim de semana ser\u00e1 de calor intenso em todo o Paran\u00e1\" \/>\n<meta name=\"robots\" content=\"index, follow, max-snippet:-1, max-image-preview:large, max-video-preview:-1\" \/>\n<link rel=\"canonical\" href=\"https:\/\/jornalboasnoticias.com.br\/home\/acima-de-30c-fim-de-semana-sera-de-calor-intenso-em-todo-o-parana\/\" \/>\n<meta property=\"og:locale\" content=\"pt_BR\" \/>\n<meta property=\"og:type\" content=\"article\" \/>\n<meta property=\"og:title\" content=\"Acima de 30\u00b0C: fim de semana ser\u00e1 de calor intenso em todo o Paran\u00e1 - Jornal\" \/>\n<meta property=\"og:description\" content=\"Acima de 30\u00b0C: fim de semana ser\u00e1 de calor intenso em todo o Paran\u00e1\" \/>\n<meta property=\"og:url\" content=\"https:\/\/jornalboasnoticias.com.br\/home\/acima-de-30c-fim-de-semana-sera-de-calor-intenso-em-todo-o-parana\/\" \/>\n<meta property=\"og:site_name\" content=\"Jornal\" \/>\n<meta property=\"article:publisher\" content=\"https:\/\/www.facebook.com\/boasnoticiasjornal\" \/>\n<meta property=\"article:published_time\" content=\"2025-12-05T13:30:14+00:00\" \/>\n<meta property=\"og:image\" content=\"https:\/\/jornalboasnoticias.com.br\/home\/wp-content\/uploads\/2025\/12\/portosaojose_foto_rdzura-1451-scaled.jpg\" \/>\n\t<meta property=\"og:image:width\" content=\"2560\" \/>\n\t<meta property=\"og:image:height\" content=\"1707\" \/>\n\t<meta property=\"og:image:type\" content=\"image\/jpeg\" \/>\n<meta name=\"author\" content=\"Luiz Carlos da Cruz\" \/>\n<meta name=\"twitter:card\" content=\"summary_large_image\" \/>\n<meta name=\"twitter:label1\" content=\"Escrito por\" \/>\n\t<meta name=\"twitter:data1\" content=\"Luiz Carlos da Cruz\" \/>\n\t<meta name=\"twitter:label2\" content=\"Est. tempo de leitura\" \/>\n\t<meta name=\"twitter:data2\" content=\"3 minutos\" \/>\n<script type=\"application\/ld+json\" class=\"yoast-schema-graph\">{\"@context\":\"https:\\\/\\\/schema.org\",\"@graph\":[{\"@type\":\"Article\",\"@id\":\"https:\\\/\\\/jornalboasnoticias.com.br\\\/home\\\/acima-de-30c-fim-de-semana-sera-de-calor-intenso-em-todo-o-parana\\\/#article\",\"isPartOf\":{\"@id\":\"https:\\\/\\\/jornalboasnoticias.com.br\\\/home\\\/acima-de-30c-fim-de-semana-sera-de-calor-intenso-em-todo-o-parana\\\/\"},\"author\":{\"name\":\"Luiz Carlos da Cruz\",\"@id\":\"https:\\\/\\\/jornalboasnoticias.com.br\\\/home\\\/#\\\/schema\\\/person\\\/75f9ebde398c998c166475fb446bda62\"},\"headline\":\"Acima de 30\u00b0C: fim de semana ser\u00e1 de calor intenso em todo o Paran\u00e1\",\"datePublished\":\"2025-12-05T13:30:14+00:00\",\"mainEntityOfPage\":{\"@id\":\"https:\\\/\\\/jornalboasnoticias.com.br\\\/home\\\/acima-de-30c-fim-de-semana-sera-de-calor-intenso-em-todo-o-parana\\\/\"},\"wordCount\":461,\"commentCount\":0,\"publisher\":{\"@id\":\"https:\\\/\\\/jornalboasnoticias.com.br\\\/home\\\/#organization\"},\"image\":{\"@id\":\"https:\\\/\\\/jornalboasnoticias.com.br\\\/home\\\/acima-de-30c-fim-de-semana-sera-de-calor-intenso-em-todo-o-parana\\\/#primaryimage\"},\"thumbnailUrl\":\"https:\\\/\\\/jornalboasnoticias.com.br\\\/home\\\/wp-content\\\/uploads\\\/2025\\\/12\\\/portosaojose_foto_rdzura-1451-scaled.jpg\",\"articleSection\":[\"DESTAQUE\",\"PARAN\u00c1\"],\"inLanguage\":\"pt-BR\",\"potentialAction\":[{\"@type\":\"CommentAction\",\"name\":\"Comment\",\"target\":[\"https:\\\/\\\/jornalboasnoticias.com.br\\\/home\\\/acima-de-30c-fim-de-semana-sera-de-calor-intenso-em-todo-o-parana\\\/#respond\"]}]},{\"@type\":\"WebPage\",\"@id\":\"https:\\\/\\\/jornalboasnoticias.com.br\\\/home\\\/acima-de-30c-fim-de-semana-sera-de-calor-intenso-em-todo-o-parana\\\/\",\"url\":\"https:\\\/\\\/jornalboasnoticias.com.br\\\/home\\\/acima-de-30c-fim-de-semana-sera-de-calor-intenso-em-todo-o-parana\\\/\",\"name\":\"Acima de 30\u00b0C: fim de semana ser\u00e1 de calor intenso em todo o Paran\u00e1 - Jornal\",\"isPartOf\":{\"@id\":\"https:\\\/\\\/jornalboasnoticias.com.br\\\/home\\\/#website\"},\"primaryImageOfPage\":{\"@id\":\"https:\\\/\\\/jornalboasnoticias.com.br\\\/home\\\/acima-de-30c-fim-de-semana-sera-de-calor-intenso-em-todo-o-parana\\\/#primaryimage\"},\"image\":{\"@id\":\"https:\\\/\\\/jornalboasnoticias.com.br\\\/home\\\/acima-de-30c-fim-de-semana-sera-de-calor-intenso-em-todo-o-parana\\\/#primaryimage\"},\"thumbnailUrl\":\"https:\\\/\\\/jornalboasnoticias.com.br\\\/home\\\/wp-content\\\/uploads\\\/2025\\\/12\\\/portosaojose_foto_rdzura-1451-scaled.jpg\",\"datePublished\":\"2025-12-05T13:30:14+00:00\",\"description\":\"Acima de 30\u00b0C: fim de semana ser\u00e1 de calor intenso em todo o Paran\u00e1\",\"breadcrumb\":{\"@id\":\"https:\\\/\\\/jornalboasnoticias.com.br\\\/home\\\/acima-de-30c-fim-de-semana-sera-de-calor-intenso-em-todo-o-parana\\\/#breadcrumb\"},\"inLanguage\":\"pt-BR\",\"potentialAction\":[{\"@type\":\"ReadAction\",\"target\":[\"https:\\\/\\\/jornalboasnoticias.com.br\\\/home\\\/acima-de-30c-fim-de-semana-sera-de-calor-intenso-em-todo-o-parana\\\/\"]}]},{\"@type\":\"ImageObject\",\"inLanguage\":\"pt-BR\",\"@id\":\"https:\\\/\\\/jornalboasnoticias.com.br\\\/home\\\/acima-de-30c-fim-de-semana-sera-de-calor-intenso-em-todo-o-parana\\\/#primaryimage\",\"url\":\"https:\\\/\\\/jornalboasnoticias.com.br\\\/home\\\/wp-content\\\/uploads\\\/2025\\\/12\\\/portosaojose_foto_rdzura-1451-scaled.jpg\",\"contentUrl\":\"https:\\\/\\\/jornalboasnoticias.com.br\\\/home\\\/wp-content\\\/uploads\\\/2025\\\/12\\\/portosaojose_foto_rdzura-1451-scaled.jpg\",\"width\":2560,\"height\":1707,\"caption\":\"Foto: Roberto Dziura Jr\\\/AEN\"},{\"@type\":\"BreadcrumbList\",\"@id\":\"https:\\\/\\\/jornalboasnoticias.com.br\\\/home\\\/acima-de-30c-fim-de-semana-sera-de-calor-intenso-em-todo-o-parana\\\/#breadcrumb\",\"itemListElement\":[{\"@type\":\"ListItem\",\"position\":1,\"name\":\"In\u00edcio\",\"item\":\"https:\\\/\\\/jornalboasnoticias.com.br\\\/home\\\/\"},{\"@type\":\"ListItem\",\"position\":2,\"name\":\"Acima de 30\u00b0C: fim de semana ser\u00e1 de calor intenso em todo o Paran\u00e1\"}]},{\"@type\":\"WebSite\",\"@id\":\"https:\\\/\\\/jornalboasnoticias.com.br\\\/home\\\/#website\",\"url\":\"https:\\\/\\\/jornalboasnoticias.com.br\\\/home\\\/\",\"name\":\"Jornal Boas Not\u00edcias\",\"description\":\"Boas not\u00edcias\",\"publisher\":{\"@id\":\"https:\\\/\\\/jornalboasnoticias.com.br\\\/home\\\/#organization\"},\"potentialAction\":[{\"@type\":\"SearchAction\",\"target\":{\"@type\":\"EntryPoint\",\"urlTemplate\":\"https:\\\/\\\/jornalboasnoticias.com.br\\\/home\\\/?s={search_term_string}\"},\"query-input\":{\"@type\":\"PropertyValueSpecification\",\"valueRequired\":true,\"valueName\":\"search_term_string\"}}],\"inLanguage\":\"pt-BR\"},{\"@type\":\"Organization\",\"@id\":\"https:\\\/\\\/jornalboasnoticias.com.br\\\/home\\\/#organization\",\"name\":\"Coq Editora Ltda\",\"alternateName\":\"Jornal Boas Noticias\",\"url\":\"https:\\\/\\\/jornalboasnoticias.com.br\\\/home\\\/\",\"logo\":{\"@type\":\"ImageObject\",\"inLanguage\":\"pt-BR\",\"@id\":\"https:\\\/\\\/jornalboasnoticias.com.br\\\/home\\\/#\\\/schema\\\/logo\\\/image\\\/\",\"url\":\"https:\\\/\\\/jornalboasnoticias.com.br\\\/home\\\/wp-content\\\/uploads\\\/2024\\\/07\\\/cropped-logo.jpg\",\"contentUrl\":\"https:\\\/\\\/jornalboasnoticias.com.br\\\/home\\\/wp-content\\\/uploads\\\/2024\\\/07\\\/cropped-logo.jpg\",\"width\":290,\"height\":142,\"caption\":\"Coq Editora Ltda\"},\"image\":{\"@id\":\"https:\\\/\\\/jornalboasnoticias.com.br\\\/home\\\/#\\\/schema\\\/logo\\\/image\\\/\"},\"sameAs\":[\"https:\\\/\\\/www.facebook.com\\\/boasnoticiasjornal\"]},{\"@type\":\"Person\",\"@id\":\"https:\\\/\\\/jornalboasnoticias.com.br\\\/home\\\/#\\\/schema\\\/person\\\/75f9ebde398c998c166475fb446bda62\",\"name\":\"Luiz Carlos da Cruz\",\"image\":{\"@type\":\"ImageObject\",\"inLanguage\":\"pt-BR\",\"@id\":\"https:\\\/\\\/secure.gravatar.com\\\/avatar\\\/e6f4f45301b6cb8572f7b076572e8ac11c1db80e805d8c8d0858cf286ce3ac3b?s=96&d=mm&r=g\",\"url\":\"https:\\\/\\\/secure.gravatar.com\\\/avatar\\\/e6f4f45301b6cb8572f7b076572e8ac11c1db80e805d8c8d0858cf286ce3ac3b?s=96&d=mm&r=g\",\"contentUrl\":\"https:\\\/\\\/secure.gravatar.com\\\/avatar\\\/e6f4f45301b6cb8572f7b076572e8ac11c1db80e805d8c8d0858cf286ce3ac3b?s=96&d=mm&r=g\",\"caption\":\"Luiz Carlos da Cruz\"},\"url\":\"https:\\\/\\\/jornalboasnoticias.com.br\\\/home\\\/author\\\/luiz-carlos-da-cruz\\\/\"}]}<\/script>\n<!-- \/ Yoast SEO plugin. -->","yoast_head_json":{"title":"Acima de 30\u00b0C: fim de semana ser\u00e1 de calor intenso em todo o Paran\u00e1 - Jornal","description":"Acima de 30\u00b0C: fim de semana ser\u00e1 de calor intenso em todo o Paran\u00e1","robots":{"index":"index","follow":"follow","max-snippet":"max-snippet:-1","max-image-preview":"max-image-preview:large","max-video-preview":"max-video-preview:-1"},"canonical":"https:\/\/jornalboasnoticias.com.br\/home\/acima-de-30c-fim-de-semana-sera-de-calor-intenso-em-todo-o-parana\/","og_locale":"pt_BR","og_type":"article","og_title":"Acima de 30\u00b0C: fim de semana ser\u00e1 de calor intenso em todo o Paran\u00e1 - Jornal","og_description":"Acima de 30\u00b0C: fim de semana ser\u00e1 de calor intenso em todo o Paran\u00e1","og_url":"https:\/\/jornalboasnoticias.com.br\/home\/acima-de-30c-fim-de-semana-sera-de-calor-intenso-em-todo-o-parana\/","og_site_name":"Jornal","article_publisher":"https:\/\/www.facebook.com\/boasnoticiasjornal","article_published_time":"2025-12-05T13:30:14+00:00","og_image":[{"width":2560,"height":1707,"url":"https:\/\/jornalboasnoticias.com.br\/home\/wp-content\/uploads\/2025\/12\/portosaojose_foto_rdzura-1451-scaled.jpg","type":"image\/jpeg"}],"author":"Luiz Carlos da Cruz","twitter_card":"summary_large_image","twitter_misc":{"Escrito por":"Luiz Carlos da Cruz","Est. tempo de leitura":"3 minutos"},"schema":{"@context":"https:\/\/schema.org","@graph":[{"@type":"Article","@id":"https:\/\/jornalboasnoticias.com.br\/home\/acima-de-30c-fim-de-semana-sera-de-calor-intenso-em-todo-o-parana\/#article","isPartOf":{"@id":"https:\/\/jornalboasnoticias.com.br\/home\/acima-de-30c-fim-de-semana-sera-de-calor-intenso-em-todo-o-parana\/"},"author":{"name":"Luiz Carlos da Cruz","@id":"https:\/\/jornalboasnoticias.com.br\/home\/#\/schema\/person\/75f9ebde398c998c166475fb446bda62"},"headline":"Acima de 30\u00b0C: fim de semana ser\u00e1 de calor intenso em todo o Paran\u00e1","datePublished":"2025-12-05T13:30:14+00:00","mainEntityOfPage":{"@id":"https:\/\/jornalboasnoticias.com.br\/home\/acima-de-30c-fim-de-semana-sera-de-calor-intenso-em-todo-o-parana\/"},"wordCount":461,"commentCount":0,"publisher":{"@id":"https:\/\/jornalboasnoticias.com.br\/home\/#organization"},"image":{"@id":"https:\/\/jornalboasnoticias.com.br\/home\/acima-de-30c-fim-de-semana-sera-de-calor-intenso-em-todo-o-parana\/#primaryimage"},"thumbnailUrl":"https:\/\/jornalboasnoticias.com.br\/home\/wp-content\/uploads\/2025\/12\/portosaojose_foto_rdzura-1451-scaled.jpg","articleSection":["DESTAQUE","PARAN\u00c1"],"inLanguage":"pt-BR","potentialAction":[{"@type":"CommentAction","name":"Comment","target":["https:\/\/jornalboasnoticias.com.br\/home\/acima-de-30c-fim-de-semana-sera-de-calor-intenso-em-todo-o-parana\/#respond"]}]},{"@type":"WebPage","@id":"https:\/\/jornalboasnoticias.com.br\/home\/acima-de-30c-fim-de-semana-sera-de-calor-intenso-em-todo-o-parana\/","url":"https:\/\/jornalboasnoticias.com.br\/home\/acima-de-30c-fim-de-semana-sera-de-calor-intenso-em-todo-o-parana\/","name":"Acima de 30\u00b0C: fim de semana ser\u00e1 de calor intenso em todo o Paran\u00e1 - Jornal","isPartOf":{"@id":"https:\/\/jornalboasnoticias.com.br\/home\/#website"},"primaryImageOfPage":{"@id":"https:\/\/jornalboasnoticias.com.br\/home\/acima-de-30c-fim-de-semana-sera-de-calor-intenso-em-todo-o-parana\/#primaryimage"},"image":{"@id":"https:\/\/jornalboasnoticias.com.br\/home\/acima-de-30c-fim-de-semana-sera-de-calor-intenso-em-todo-o-parana\/#primaryimage"},"thumbnailUrl":"https:\/\/jornalboasnoticias.com.br\/home\/wp-content\/uploads\/2025\/12\/portosaojose_foto_rdzura-1451-scaled.jpg","datePublished":"2025-12-05T13:30:14+00:00","description":"Acima de 30\u00b0C: fim de semana ser\u00e1 de calor intenso em todo o Paran\u00e1","breadcrumb":{"@id":"https:\/\/jornalboasnoticias.com.br\/home\/acima-de-30c-fim-de-semana-sera-de-calor-intenso-em-todo-o-parana\/#breadcrumb"},"inLanguage":"pt-BR","potentialAction":[{"@type":"ReadAction","target":["https:\/\/jornalboasnoticias.com.br\/home\/acima-de-30c-fim-de-semana-sera-de-calor-intenso-em-todo-o-parana\/"]}]},{"@type":"ImageObject","inLanguage":"pt-BR","@id":"https:\/\/jornalboasnoticias.com.br\/home\/acima-de-30c-fim-de-semana-sera-de-calor-intenso-em-todo-o-parana\/#primaryimage","url":"https:\/\/jornalboasnoticias.com.br\/home\/wp-content\/uploads\/2025\/12\/portosaojose_foto_rdzura-1451-scaled.jpg","contentUrl":"https:\/\/jornalboasnoticias.com.br\/home\/wp-content\/uploads\/2025\/12\/portosaojose_foto_rdzura-1451-scaled.jpg","width":2560,"height":1707,"caption":"Foto: Roberto Dziura Jr\/AEN"},{"@type":"BreadcrumbList","@id":"https:\/\/jornalboasnoticias.com.br\/home\/acima-de-30c-fim-de-semana-sera-de-calor-intenso-em-todo-o-parana\/#breadcrumb","itemListElement":[{"@type":"ListItem","position":1,"name":"In\u00edcio","item":"https:\/\/jornalboasnoticias.com.br\/home\/"},{"@type":"ListItem","position":2,"name":"Acima de 30\u00b0C: fim de semana ser\u00e1 de calor intenso em todo o Paran\u00e1"}]},{"@type":"WebSite","@id":"https:\/\/jornalboasnoticias.com.br\/home\/#website","url":"https:\/\/jornalboasnoticias.com.br\/home\/","name":"Jornal Boas Not\u00edcias","description":"Boas not\u00edcias","publisher":{"@id":"https:\/\/jornalboasnoticias.com.br\/home\/#organization"},"potentialAction":[{"@type":"SearchAction","target":{"@type":"EntryPoint","urlTemplate":"https:\/\/jornalboasnoticias.com.br\/home\/?s={search_term_string}"},"query-input":{"@type":"PropertyValueSpecification","valueRequired":true,"valueName":"search_term_string"}}],"inLanguage":"pt-BR"},{"@type":"Organization","@id":"https:\/\/jornalboasnoticias.com.br\/home\/#organization","name":"Coq Editora Ltda","alternateName":"Jornal Boas Noticias","url":"https:\/\/jornalboasnoticias.com.br\/home\/","logo":{"@type":"ImageObject","inLanguage":"pt-BR","@id":"https:\/\/jornalboasnoticias.com.br\/home\/#\/schema\/logo\/image\/","url":"https:\/\/jornalboasnoticias.com.br\/home\/wp-content\/uploads\/2024\/07\/cropped-logo.jpg","contentUrl":"https:\/\/jornalboasnoticias.com.br\/home\/wp-content\/uploads\/2024\/07\/cropped-logo.jpg","width":290,"height":142,"caption":"Coq Editora Ltda"},"image":{"@id":"https:\/\/jornalboasnoticias.com.br\/home\/#\/schema\/logo\/image\/"},"sameAs":["https:\/\/www.facebook.com\/boasnoticiasjornal"]},{"@type":"Person","@id":"https:\/\/jornalboasnoticias.com.br\/home\/#\/schema\/person\/75f9ebde398c998c166475fb446bda62","name":"Luiz Carlos da Cruz","image":{"@type":"ImageObject","inLanguage":"pt-BR","@id":"https:\/\/secure.gravatar.com\/avatar\/e6f4f45301b6cb8572f7b076572e8ac11c1db80e805d8c8d0858cf286ce3ac3b?s=96&d=mm&r=g","url":"https:\/\/secure.gravatar.com\/avatar\/e6f4f45301b6cb8572f7b076572e8ac11c1db80e805d8c8d0858cf286ce3ac3b?s=96&d=mm&r=g","contentUrl":"https:\/\/secure.gravatar.com\/avatar\/e6f4f45301b6cb8572f7b076572e8ac11c1db80e805d8c8d0858cf286ce3ac3b?s=96&d=mm&r=g","caption":"Luiz Carlos da Cruz"},"url":"https:\/\/jornalboasnoticias.com.br\/home\/author\/luiz-carlos-da-cruz\/"}]}},"_links":{"self":[{"href":"https:\/\/jornalboasnoticias.com.br\/home\/wp-json\/wp\/v2\/posts\/46707","targetHints":{"allow":["GET"]}}],"collection":[{"href":"https:\/\/jornalboasnoticias.com.br\/home\/wp-json\/wp\/v2\/posts"}],"about":[{"href":"https:\/\/jornalboasnoticias.com.br\/home\/wp-json\/wp\/v2\/types\/post"}],"author":[{"embeddable":true,"href":"https:\/\/jornalboasnoticias.com.br\/home\/wp-json\/wp\/v2\/users\/3"}],"replies":[{"embeddable":true,"href":"https:\/\/jornalboasnoticias.com.br\/home\/wp-json\/wp\/v2\/comments?post=46707"}],"version-history":[{"count":1,"href":"https:\/\/jornalboasnoticias.com.br\/home\/wp-json\/wp\/v2\/posts\/46707\/revisions"}],"predecessor-version":[{"id":46709,"href":"https:\/\/jornalboasnoticias.com.br\/home\/wp-json\/wp\/v2\/posts\/46707\/revisions\/46709"}],"wp:featuredmedia":[{"embeddable":true,"href":"https:\/\/jornalboasnoticias.com.br\/home\/wp-json\/wp\/v2\/media\/46708"}],"wp:attachment":[{"href":"https:\/\/jornalboasnoticias.com.br\/home\/wp-json\/wp\/v2\/media?parent=46707"}],"wp:term":[{"taxonomy":"category","embeddable":true,"href":"https:\/\/jornalboasnoticias.com.br\/home\/wp-json\/wp\/v2\/categories?post=46707"},{"taxonomy":"post_tag","embeddable":true,"href":"https:\/\/jornalboasnoticias.com.br\/home\/wp-json\/wp\/v2\/tags?post=46707"}],"curies":[{"name":"wp","href":"https:\/\/api.w.org\/{rel}","templated":true}]}}