{"id":46700,"date":"2025-12-04T22:26:59","date_gmt":"2025-12-04T22:26:59","guid":{"rendered":"https:\/\/jornalboasnoticias.com.br\/home\/?p=46700"},"modified":"2025-12-04T22:26:59","modified_gmt":"2025-12-04T22:26:59","slug":"feirinha-do-pequeno-produtor-tem-programacao-especial-para-o-fim-do-ano","status":"publish","type":"post","link":"https:\/\/jornalboasnoticias.com.br\/home\/feirinha-do-pequeno-produtor-tem-programacao-especial-para-o-fim-do-ano\/","title":{"rendered":"Feirinha do Pequeno Produtor tem programa\u00e7\u00e3o especial para o fim do ano"},"content":{"rendered":"<blockquote>\n<p style=\"text-align: center;\">Papai Noel far\u00e1 alegria da crian\u00e7ada no dia 23 de dezembro; barracas decoradas, panetone, chocotone e outras del\u00edcias tamb\u00e9m far\u00e3o parte da programa\u00e7\u00e3o<\/p>\n<\/blockquote>\n<figure id=\"attachment_46701\" aria-describedby=\"caption-attachment-46701\" style=\"width: 911px\" class=\"wp-caption alignnone\"><img loading=\"lazy\" decoding=\"async\" class=\"size-full wp-image-46701\" src=\"https:\/\/jornalboasnoticias.com.br\/home\/wp-content\/uploads\/2025\/12\/IMG_4120.png\" alt=\"\" width=\"911\" height=\"607\" srcset=\"https:\/\/jornalboasnoticias.com.br\/home\/wp-content\/uploads\/2025\/12\/IMG_4120.png 911w, https:\/\/jornalboasnoticias.com.br\/home\/wp-content\/uploads\/2025\/12\/IMG_4120-300x200.png 300w, https:\/\/jornalboasnoticias.com.br\/home\/wp-content\/uploads\/2025\/12\/IMG_4120-768x512.png 768w, https:\/\/jornalboasnoticias.com.br\/home\/wp-content\/uploads\/2025\/12\/IMG_4120-900x600.png 900w\" sizes=\"auto, (max-width: 911px) 100vw, 911px\" \/><figcaption id=\"caption-attachment-46701\" class=\"wp-caption-text\">Divulga\u00e7\u00e3o<\/figcaption><\/figure>\n<p>A tradicional Feira do Pequeno Produtor de Cascavel j\u00e1 \u00e9 parada obrigat\u00f3ria no calend\u00e1rio do cascavelense. Realizada sempre \u00e0s ter\u00e7as, quintas, s\u00e1bados e domingos, a feirinha segue alegrando as fam\u00edlias da cidade.<\/p>\n<p>Neste fim de ano, n\u00e3o poderia ser diferente: no dia 23 de dezembro acontece o Natal na Feira, com a presen\u00e7a do Papai Noel, al\u00e9m de brinquedos e doces para a crian\u00e7ada aproveitar.<\/p>\n<p>At\u00e9 l\u00e1, o p\u00fablico j\u00e1 pode curtir as barracas decoradas, bolachas pintadas, panetones e chocotones, que come\u00e7am a ser comercializados a partir desta ter\u00e7a-feira (9).<\/p>\n<p>Al\u00e9m da programa\u00e7\u00e3o especial, a organiza\u00e7\u00e3o informa que, em raz\u00e3o das festividades de fim de ano, n\u00e3o haver\u00e1 Feira do Produtor nas seguintes datas:<\/p>\n<p>14 de dezembro (domingo) &#8211; confraterniza\u00e7\u00e3o<\/p>\n<p>25 de dezembro (quinta-feira \u2013 Natal)<\/p>\n<p>1\u00ba de janeiro (quarta-feira \u2013 Ano Novo)<\/p>\n<h2>Hor\u00e1rios e locais<\/h2>\n<p>A Feira do Produtor \u00e9 realizada todas \u00e0s ter\u00e7as e quintas, das 14h \u00e0s 21h, na Pra\u00e7a Wilson Joffre. Aos s\u00e1bados, ela acontece na Rua Rui Barbosa (ao lado da Prefeitura), das 7h \u00e0s 12h, e aos domingos, tamb\u00e9m na Pra\u00e7a Wilson Joffre, das 7h \u00e0s 12h.<\/p>\n<p><em>Prefeitura de Cascavel<\/em><\/p>\n","protected":false},"excerpt":{"rendered":"<p>Papai Noel far\u00e1 alegria da crian\u00e7ada no dia 23 de dezembro; barracas decoradas, panetone, chocotone<\/p>\n","protected":false},"author":3,"featured_media":46701,"comment_status":"open","ping_status":"open","sticky":false,"template":"","format":"standard","meta":{"footnotes":""},"categories":[2,3],"tags":[],"class_list":["post-46700","post","type-post","status-publish","format-standard","has-post-thumbnail","hentry","category-cascavel","category-destaques"],"yoast_head":"<!-- This site is optimized with the Yoast SEO plugin v27.5 - https:\/\/yoast.com\/product\/yoast-seo-wordpress\/ -->\n<title>Feirinha do Pequeno Produtor tem programa\u00e7\u00e3o especial para o fim do ano - Jornal<\/title>\n<meta name=\"description\" content=\"Feirinha do Pequeno Produtor tem programa\u00e7\u00e3o especial para o fim do ano\" \/>\n<meta name=\"robots\" content=\"index, follow, max-snippet:-1, max-image-preview:large, max-video-preview:-1\" \/>\n<link rel=\"canonical\" href=\"https:\/\/jornalboasnoticias.com.br\/home\/feirinha-do-pequeno-produtor-tem-programacao-especial-para-o-fim-do-ano\/\" \/>\n<meta property=\"og:locale\" content=\"pt_BR\" \/>\n<meta property=\"og:type\" content=\"article\" \/>\n<meta property=\"og:title\" content=\"Feirinha do Pequeno Produtor tem programa\u00e7\u00e3o especial para o fim do ano - Jornal\" \/>\n<meta property=\"og:description\" content=\"Feirinha do Pequeno Produtor tem programa\u00e7\u00e3o especial para o fim do ano\" \/>\n<meta property=\"og:url\" content=\"https:\/\/jornalboasnoticias.com.br\/home\/feirinha-do-pequeno-produtor-tem-programacao-especial-para-o-fim-do-ano\/\" \/>\n<meta property=\"og:site_name\" content=\"Jornal\" \/>\n<meta property=\"article:publisher\" content=\"https:\/\/www.facebook.com\/boasnoticiasjornal\" \/>\n<meta property=\"article:published_time\" content=\"2025-12-04T22:26:59+00:00\" \/>\n<meta property=\"og:image\" content=\"https:\/\/jornalboasnoticias.com.br\/home\/wp-content\/uploads\/2025\/12\/IMG_4120.png\" \/>\n\t<meta property=\"og:image:width\" content=\"911\" \/>\n\t<meta property=\"og:image:height\" content=\"607\" \/>\n\t<meta property=\"og:image:type\" content=\"image\/png\" \/>\n<meta name=\"author\" content=\"Luiz Carlos da Cruz\" \/>\n<meta name=\"twitter:card\" content=\"summary_large_image\" \/>\n<meta name=\"twitter:label1\" content=\"Escrito por\" \/>\n\t<meta name=\"twitter:data1\" content=\"Luiz Carlos da Cruz\" \/>\n\t<meta name=\"twitter:label2\" content=\"Est. tempo de leitura\" \/>\n\t<meta name=\"twitter:data2\" content=\"2 minutos\" \/>\n<script type=\"application\/ld+json\" class=\"yoast-schema-graph\">{\"@context\":\"https:\\\/\\\/schema.org\",\"@graph\":[{\"@type\":\"Article\",\"@id\":\"https:\\\/\\\/jornalboasnoticias.com.br\\\/home\\\/feirinha-do-pequeno-produtor-tem-programacao-especial-para-o-fim-do-ano\\\/#article\",\"isPartOf\":{\"@id\":\"https:\\\/\\\/jornalboasnoticias.com.br\\\/home\\\/feirinha-do-pequeno-produtor-tem-programacao-especial-para-o-fim-do-ano\\\/\"},\"author\":{\"name\":\"Luiz Carlos da Cruz\",\"@id\":\"https:\\\/\\\/jornalboasnoticias.com.br\\\/home\\\/#\\\/schema\\\/person\\\/75f9ebde398c998c166475fb446bda62\"},\"headline\":\"Feirinha do Pequeno Produtor tem programa\u00e7\u00e3o especial para o fim do ano\",\"datePublished\":\"2025-12-04T22:26:59+00:00\",\"mainEntityOfPage\":{\"@id\":\"https:\\\/\\\/jornalboasnoticias.com.br\\\/home\\\/feirinha-do-pequeno-produtor-tem-programacao-especial-para-o-fim-do-ano\\\/\"},\"wordCount\":250,\"commentCount\":0,\"publisher\":{\"@id\":\"https:\\\/\\\/jornalboasnoticias.com.br\\\/home\\\/#organization\"},\"image\":{\"@id\":\"https:\\\/\\\/jornalboasnoticias.com.br\\\/home\\\/feirinha-do-pequeno-produtor-tem-programacao-especial-para-o-fim-do-ano\\\/#primaryimage\"},\"thumbnailUrl\":\"https:\\\/\\\/jornalboasnoticias.com.br\\\/home\\\/wp-content\\\/uploads\\\/2025\\\/12\\\/IMG_4120.png\",\"articleSection\":[\"CASCAVEL\",\"DESTAQUE\"],\"inLanguage\":\"pt-BR\",\"potentialAction\":[{\"@type\":\"CommentAction\",\"name\":\"Comment\",\"target\":[\"https:\\\/\\\/jornalboasnoticias.com.br\\\/home\\\/feirinha-do-pequeno-produtor-tem-programacao-especial-para-o-fim-do-ano\\\/#respond\"]}]},{\"@type\":\"WebPage\",\"@id\":\"https:\\\/\\\/jornalboasnoticias.com.br\\\/home\\\/feirinha-do-pequeno-produtor-tem-programacao-especial-para-o-fim-do-ano\\\/\",\"url\":\"https:\\\/\\\/jornalboasnoticias.com.br\\\/home\\\/feirinha-do-pequeno-produtor-tem-programacao-especial-para-o-fim-do-ano\\\/\",\"name\":\"Feirinha do Pequeno Produtor tem programa\u00e7\u00e3o especial para o fim do ano - Jornal\",\"isPartOf\":{\"@id\":\"https:\\\/\\\/jornalboasnoticias.com.br\\\/home\\\/#website\"},\"primaryImageOfPage\":{\"@id\":\"https:\\\/\\\/jornalboasnoticias.com.br\\\/home\\\/feirinha-do-pequeno-produtor-tem-programacao-especial-para-o-fim-do-ano\\\/#primaryimage\"},\"image\":{\"@id\":\"https:\\\/\\\/jornalboasnoticias.com.br\\\/home\\\/feirinha-do-pequeno-produtor-tem-programacao-especial-para-o-fim-do-ano\\\/#primaryimage\"},\"thumbnailUrl\":\"https:\\\/\\\/jornalboasnoticias.com.br\\\/home\\\/wp-content\\\/uploads\\\/2025\\\/12\\\/IMG_4120.png\",\"datePublished\":\"2025-12-04T22:26:59+00:00\",\"description\":\"Feirinha do Pequeno Produtor tem programa\u00e7\u00e3o especial para o fim do ano\",\"breadcrumb\":{\"@id\":\"https:\\\/\\\/jornalboasnoticias.com.br\\\/home\\\/feirinha-do-pequeno-produtor-tem-programacao-especial-para-o-fim-do-ano\\\/#breadcrumb\"},\"inLanguage\":\"pt-BR\",\"potentialAction\":[{\"@type\":\"ReadAction\",\"target\":[\"https:\\\/\\\/jornalboasnoticias.com.br\\\/home\\\/feirinha-do-pequeno-produtor-tem-programacao-especial-para-o-fim-do-ano\\\/\"]}]},{\"@type\":\"ImageObject\",\"inLanguage\":\"pt-BR\",\"@id\":\"https:\\\/\\\/jornalboasnoticias.com.br\\\/home\\\/feirinha-do-pequeno-produtor-tem-programacao-especial-para-o-fim-do-ano\\\/#primaryimage\",\"url\":\"https:\\\/\\\/jornalboasnoticias.com.br\\\/home\\\/wp-content\\\/uploads\\\/2025\\\/12\\\/IMG_4120.png\",\"contentUrl\":\"https:\\\/\\\/jornalboasnoticias.com.br\\\/home\\\/wp-content\\\/uploads\\\/2025\\\/12\\\/IMG_4120.png\",\"width\":911,\"height\":607,\"caption\":\"Divulga\u00e7\u00e3o\"},{\"@type\":\"BreadcrumbList\",\"@id\":\"https:\\\/\\\/jornalboasnoticias.com.br\\\/home\\\/feirinha-do-pequeno-produtor-tem-programacao-especial-para-o-fim-do-ano\\\/#breadcrumb\",\"itemListElement\":[{\"@type\":\"ListItem\",\"position\":1,\"name\":\"In\u00edcio\",\"item\":\"https:\\\/\\\/jornalboasnoticias.com.br\\\/home\\\/\"},{\"@type\":\"ListItem\",\"position\":2,\"name\":\"Feirinha do Pequeno Produtor tem programa\u00e7\u00e3o especial para o fim do ano\"}]},{\"@type\":\"WebSite\",\"@id\":\"https:\\\/\\\/jornalboasnoticias.com.br\\\/home\\\/#website\",\"url\":\"https:\\\/\\\/jornalboasnoticias.com.br\\\/home\\\/\",\"name\":\"Jornal Boas Not\u00edcias\",\"description\":\"Boas not\u00edcias\",\"publisher\":{\"@id\":\"https:\\\/\\\/jornalboasnoticias.com.br\\\/home\\\/#organization\"},\"potentialAction\":[{\"@type\":\"SearchAction\",\"target\":{\"@type\":\"EntryPoint\",\"urlTemplate\":\"https:\\\/\\\/jornalboasnoticias.com.br\\\/home\\\/?s={search_term_string}\"},\"query-input\":{\"@type\":\"PropertyValueSpecification\",\"valueRequired\":true,\"valueName\":\"search_term_string\"}}],\"inLanguage\":\"pt-BR\"},{\"@type\":\"Organization\",\"@id\":\"https:\\\/\\\/jornalboasnoticias.com.br\\\/home\\\/#organization\",\"name\":\"Coq Editora Ltda\",\"alternateName\":\"Jornal Boas Noticias\",\"url\":\"https:\\\/\\\/jornalboasnoticias.com.br\\\/home\\\/\",\"logo\":{\"@type\":\"ImageObject\",\"inLanguage\":\"pt-BR\",\"@id\":\"https:\\\/\\\/jornalboasnoticias.com.br\\\/home\\\/#\\\/schema\\\/logo\\\/image\\\/\",\"url\":\"https:\\\/\\\/jornalboasnoticias.com.br\\\/home\\\/wp-content\\\/uploads\\\/2024\\\/07\\\/cropped-logo.jpg\",\"contentUrl\":\"https:\\\/\\\/jornalboasnoticias.com.br\\\/home\\\/wp-content\\\/uploads\\\/2024\\\/07\\\/cropped-logo.jpg\",\"width\":290,\"height\":142,\"caption\":\"Coq Editora Ltda\"},\"image\":{\"@id\":\"https:\\\/\\\/jornalboasnoticias.com.br\\\/home\\\/#\\\/schema\\\/logo\\\/image\\\/\"},\"sameAs\":[\"https:\\\/\\\/www.facebook.com\\\/boasnoticiasjornal\"]},{\"@type\":\"Person\",\"@id\":\"https:\\\/\\\/jornalboasnoticias.com.br\\\/home\\\/#\\\/schema\\\/person\\\/75f9ebde398c998c166475fb446bda62\",\"name\":\"Luiz Carlos da Cruz\",\"image\":{\"@type\":\"ImageObject\",\"inLanguage\":\"pt-BR\",\"@id\":\"https:\\\/\\\/secure.gravatar.com\\\/avatar\\\/e6f4f45301b6cb8572f7b076572e8ac11c1db80e805d8c8d0858cf286ce3ac3b?s=96&d=mm&r=g\",\"url\":\"https:\\\/\\\/secure.gravatar.com\\\/avatar\\\/e6f4f45301b6cb8572f7b076572e8ac11c1db80e805d8c8d0858cf286ce3ac3b?s=96&d=mm&r=g\",\"contentUrl\":\"https:\\\/\\\/secure.gravatar.com\\\/avatar\\\/e6f4f45301b6cb8572f7b076572e8ac11c1db80e805d8c8d0858cf286ce3ac3b?s=96&d=mm&r=g\",\"caption\":\"Luiz Carlos da Cruz\"},\"url\":\"https:\\\/\\\/jornalboasnoticias.com.br\\\/home\\\/author\\\/luiz-carlos-da-cruz\\\/\"}]}<\/script>\n<!-- \/ Yoast SEO plugin. -->","yoast_head_json":{"title":"Feirinha do Pequeno Produtor tem programa\u00e7\u00e3o especial para o fim do ano - Jornal","description":"Feirinha do Pequeno Produtor tem programa\u00e7\u00e3o especial para o fim do ano","robots":{"index":"index","follow":"follow","max-snippet":"max-snippet:-1","max-image-preview":"max-image-preview:large","max-video-preview":"max-video-preview:-1"},"canonical":"https:\/\/jornalboasnoticias.com.br\/home\/feirinha-do-pequeno-produtor-tem-programacao-especial-para-o-fim-do-ano\/","og_locale":"pt_BR","og_type":"article","og_title":"Feirinha do Pequeno Produtor tem programa\u00e7\u00e3o especial para o fim do ano - Jornal","og_description":"Feirinha do Pequeno Produtor tem programa\u00e7\u00e3o especial para o fim do ano","og_url":"https:\/\/jornalboasnoticias.com.br\/home\/feirinha-do-pequeno-produtor-tem-programacao-especial-para-o-fim-do-ano\/","og_site_name":"Jornal","article_publisher":"https:\/\/www.facebook.com\/boasnoticiasjornal","article_published_time":"2025-12-04T22:26:59+00:00","og_image":[{"width":911,"height":607,"url":"https:\/\/jornalboasnoticias.com.br\/home\/wp-content\/uploads\/2025\/12\/IMG_4120.png","type":"image\/png"}],"author":"Luiz Carlos da Cruz","twitter_card":"summary_large_image","twitter_misc":{"Escrito por":"Luiz Carlos da Cruz","Est. tempo de leitura":"2 minutos"},"schema":{"@context":"https:\/\/schema.org","@graph":[{"@type":"Article","@id":"https:\/\/jornalboasnoticias.com.br\/home\/feirinha-do-pequeno-produtor-tem-programacao-especial-para-o-fim-do-ano\/#article","isPartOf":{"@id":"https:\/\/jornalboasnoticias.com.br\/home\/feirinha-do-pequeno-produtor-tem-programacao-especial-para-o-fim-do-ano\/"},"author":{"name":"Luiz Carlos da Cruz","@id":"https:\/\/jornalboasnoticias.com.br\/home\/#\/schema\/person\/75f9ebde398c998c166475fb446bda62"},"headline":"Feirinha do Pequeno Produtor tem programa\u00e7\u00e3o especial para o fim do ano","datePublished":"2025-12-04T22:26:59+00:00","mainEntityOfPage":{"@id":"https:\/\/jornalboasnoticias.com.br\/home\/feirinha-do-pequeno-produtor-tem-programacao-especial-para-o-fim-do-ano\/"},"wordCount":250,"commentCount":0,"publisher":{"@id":"https:\/\/jornalboasnoticias.com.br\/home\/#organization"},"image":{"@id":"https:\/\/jornalboasnoticias.com.br\/home\/feirinha-do-pequeno-produtor-tem-programacao-especial-para-o-fim-do-ano\/#primaryimage"},"thumbnailUrl":"https:\/\/jornalboasnoticias.com.br\/home\/wp-content\/uploads\/2025\/12\/IMG_4120.png","articleSection":["CASCAVEL","DESTAQUE"],"inLanguage":"pt-BR","potentialAction":[{"@type":"CommentAction","name":"Comment","target":["https:\/\/jornalboasnoticias.com.br\/home\/feirinha-do-pequeno-produtor-tem-programacao-especial-para-o-fim-do-ano\/#respond"]}]},{"@type":"WebPage","@id":"https:\/\/jornalboasnoticias.com.br\/home\/feirinha-do-pequeno-produtor-tem-programacao-especial-para-o-fim-do-ano\/","url":"https:\/\/jornalboasnoticias.com.br\/home\/feirinha-do-pequeno-produtor-tem-programacao-especial-para-o-fim-do-ano\/","name":"Feirinha do Pequeno Produtor tem programa\u00e7\u00e3o especial para o fim do ano - Jornal","isPartOf":{"@id":"https:\/\/jornalboasnoticias.com.br\/home\/#website"},"primaryImageOfPage":{"@id":"https:\/\/jornalboasnoticias.com.br\/home\/feirinha-do-pequeno-produtor-tem-programacao-especial-para-o-fim-do-ano\/#primaryimage"},"image":{"@id":"https:\/\/jornalboasnoticias.com.br\/home\/feirinha-do-pequeno-produtor-tem-programacao-especial-para-o-fim-do-ano\/#primaryimage"},"thumbnailUrl":"https:\/\/jornalboasnoticias.com.br\/home\/wp-content\/uploads\/2025\/12\/IMG_4120.png","datePublished":"2025-12-04T22:26:59+00:00","description":"Feirinha do Pequeno Produtor tem programa\u00e7\u00e3o especial para o fim do ano","breadcrumb":{"@id":"https:\/\/jornalboasnoticias.com.br\/home\/feirinha-do-pequeno-produtor-tem-programacao-especial-para-o-fim-do-ano\/#breadcrumb"},"inLanguage":"pt-BR","potentialAction":[{"@type":"ReadAction","target":["https:\/\/jornalboasnoticias.com.br\/home\/feirinha-do-pequeno-produtor-tem-programacao-especial-para-o-fim-do-ano\/"]}]},{"@type":"ImageObject","inLanguage":"pt-BR","@id":"https:\/\/jornalboasnoticias.com.br\/home\/feirinha-do-pequeno-produtor-tem-programacao-especial-para-o-fim-do-ano\/#primaryimage","url":"https:\/\/jornalboasnoticias.com.br\/home\/wp-content\/uploads\/2025\/12\/IMG_4120.png","contentUrl":"https:\/\/jornalboasnoticias.com.br\/home\/wp-content\/uploads\/2025\/12\/IMG_4120.png","width":911,"height":607,"caption":"Divulga\u00e7\u00e3o"},{"@type":"BreadcrumbList","@id":"https:\/\/jornalboasnoticias.com.br\/home\/feirinha-do-pequeno-produtor-tem-programacao-especial-para-o-fim-do-ano\/#breadcrumb","itemListElement":[{"@type":"ListItem","position":1,"name":"In\u00edcio","item":"https:\/\/jornalboasnoticias.com.br\/home\/"},{"@type":"ListItem","position":2,"name":"Feirinha do Pequeno Produtor tem programa\u00e7\u00e3o especial para o fim do ano"}]},{"@type":"WebSite","@id":"https:\/\/jornalboasnoticias.com.br\/home\/#website","url":"https:\/\/jornalboasnoticias.com.br\/home\/","name":"Jornal Boas Not\u00edcias","description":"Boas not\u00edcias","publisher":{"@id":"https:\/\/jornalboasnoticias.com.br\/home\/#organization"},"potentialAction":[{"@type":"SearchAction","target":{"@type":"EntryPoint","urlTemplate":"https:\/\/jornalboasnoticias.com.br\/home\/?s={search_term_string}"},"query-input":{"@type":"PropertyValueSpecification","valueRequired":true,"valueName":"search_term_string"}}],"inLanguage":"pt-BR"},{"@type":"Organization","@id":"https:\/\/jornalboasnoticias.com.br\/home\/#organization","name":"Coq Editora Ltda","alternateName":"Jornal Boas Noticias","url":"https:\/\/jornalboasnoticias.com.br\/home\/","logo":{"@type":"ImageObject","inLanguage":"pt-BR","@id":"https:\/\/jornalboasnoticias.com.br\/home\/#\/schema\/logo\/image\/","url":"https:\/\/jornalboasnoticias.com.br\/home\/wp-content\/uploads\/2024\/07\/cropped-logo.jpg","contentUrl":"https:\/\/jornalboasnoticias.com.br\/home\/wp-content\/uploads\/2024\/07\/cropped-logo.jpg","width":290,"height":142,"caption":"Coq Editora Ltda"},"image":{"@id":"https:\/\/jornalboasnoticias.com.br\/home\/#\/schema\/logo\/image\/"},"sameAs":["https:\/\/www.facebook.com\/boasnoticiasjornal"]},{"@type":"Person","@id":"https:\/\/jornalboasnoticias.com.br\/home\/#\/schema\/person\/75f9ebde398c998c166475fb446bda62","name":"Luiz Carlos da Cruz","image":{"@type":"ImageObject","inLanguage":"pt-BR","@id":"https:\/\/secure.gravatar.com\/avatar\/e6f4f45301b6cb8572f7b076572e8ac11c1db80e805d8c8d0858cf286ce3ac3b?s=96&d=mm&r=g","url":"https:\/\/secure.gravatar.com\/avatar\/e6f4f45301b6cb8572f7b076572e8ac11c1db80e805d8c8d0858cf286ce3ac3b?s=96&d=mm&r=g","contentUrl":"https:\/\/secure.gravatar.com\/avatar\/e6f4f45301b6cb8572f7b076572e8ac11c1db80e805d8c8d0858cf286ce3ac3b?s=96&d=mm&r=g","caption":"Luiz Carlos da Cruz"},"url":"https:\/\/jornalboasnoticias.com.br\/home\/author\/luiz-carlos-da-cruz\/"}]}},"_links":{"self":[{"href":"https:\/\/jornalboasnoticias.com.br\/home\/wp-json\/wp\/v2\/posts\/46700","targetHints":{"allow":["GET"]}}],"collection":[{"href":"https:\/\/jornalboasnoticias.com.br\/home\/wp-json\/wp\/v2\/posts"}],"about":[{"href":"https:\/\/jornalboasnoticias.com.br\/home\/wp-json\/wp\/v2\/types\/post"}],"author":[{"embeddable":true,"href":"https:\/\/jornalboasnoticias.com.br\/home\/wp-json\/wp\/v2\/users\/3"}],"replies":[{"embeddable":true,"href":"https:\/\/jornalboasnoticias.com.br\/home\/wp-json\/wp\/v2\/comments?post=46700"}],"version-history":[{"count":1,"href":"https:\/\/jornalboasnoticias.com.br\/home\/wp-json\/wp\/v2\/posts\/46700\/revisions"}],"predecessor-version":[{"id":46702,"href":"https:\/\/jornalboasnoticias.com.br\/home\/wp-json\/wp\/v2\/posts\/46700\/revisions\/46702"}],"wp:featuredmedia":[{"embeddable":true,"href":"https:\/\/jornalboasnoticias.com.br\/home\/wp-json\/wp\/v2\/media\/46701"}],"wp:attachment":[{"href":"https:\/\/jornalboasnoticias.com.br\/home\/wp-json\/wp\/v2\/media?parent=46700"}],"wp:term":[{"taxonomy":"category","embeddable":true,"href":"https:\/\/jornalboasnoticias.com.br\/home\/wp-json\/wp\/v2\/categories?post=46700"},{"taxonomy":"post_tag","embeddable":true,"href":"https:\/\/jornalboasnoticias.com.br\/home\/wp-json\/wp\/v2\/tags?post=46700"}],"curies":[{"name":"wp","href":"https:\/\/api.w.org\/{rel}","templated":true}]}}