{"id":46696,"date":"2025-12-04T20:47:42","date_gmt":"2025-12-04T20:47:42","guid":{"rendered":"https:\/\/jornalboasnoticias.com.br\/home\/?p=46696"},"modified":"2025-12-04T20:47:42","modified_gmt":"2025-12-04T20:47:42","slug":"justica-argentina-decide-extraditar-cinco-condenados-pelo-8-de-janeiro","status":"publish","type":"post","link":"https:\/\/jornalboasnoticias.com.br\/home\/justica-argentina-decide-extraditar-cinco-condenados-pelo-8-de-janeiro\/","title":{"rendered":"Justi\u00e7a argentina decide extraditar cinco condenados pelo 8 de janeiro"},"content":{"rendered":"<blockquote>\n<p style=\"text-align: center;\">Execu\u00e7\u00e3o ainda depende de atos do presidente Javier Milei<\/p>\n<\/blockquote>\n<figure id=\"attachment_46697\" aria-describedby=\"caption-attachment-46697\" style=\"width: 1000px\" class=\"wp-caption alignnone\"><img loading=\"lazy\" decoding=\"async\" class=\"size-full wp-image-46697\" src=\"https:\/\/jornalboasnoticias.com.br\/home\/wp-content\/uploads\/2025\/12\/IMG_4117-e1764881235331.webp\" alt=\"\" width=\"1000\" height=\"598\" \/><figcaption id=\"caption-attachment-46697\" class=\"wp-caption-text\">\u00a9 MARCELO CAMARGO\/AG\u00caNCIA BRASIL<\/figcaption><\/figure>\n<p>A justi\u00e7a argentina decidiu atender a um pedido do Brasil pela extradi\u00e7\u00e3o de cinco condenados por participa\u00e7\u00e3o nos atos antidemocr\u00e1ticos de 8 de janeiro de 2023, quando as sedes dos Tr\u00eas Poderes foram invadidas e depredadas por apoiadores do ex-presidente Jair Bolsonaro. A decis\u00e3o ocorreu nesta quarta-feira (3).<img decoding=\"async\" src=\"https:\/\/agenciabrasil.ebc.com.br\/ebc.png?id=1670858&amp;o=node\" \/><img decoding=\"async\" src=\"https:\/\/agenciabrasil.ebc.com.br\/ebc.gif?id=1670858&amp;o=node\" \/><\/p>\n<p>A extradi\u00e7\u00e3o foi solicitada pelo Minist\u00e9rio da Justi\u00e7a, a pedido do ministro do Supremo Tribunal Federal Alexandre de Moraes, relator das a\u00e7\u00f5es penais contra os condenados, que receberam senten\u00e7as que variam de 13 a 17 anos de pris\u00e3o.<\/p>\n<p>Joelton Gusm\u00e3o de Oliveira, Rodrigo de Freitas Moro Ramalho, Joel Borges Correa, Wellington Luiz Firmino e Ana Paula de Souza est\u00e3o presos na Argentina desde o fim do ano passado, quando foi formalizado o pedido de extradi\u00e7\u00e3o para cumprimento de pena.<\/p>\n<p>Na quarta-feira, os cinco condenados compareceram algemados ao tribunal federal onde o caso foi julgado, conforme imagens da imprensa local.<\/p>\n<p>Ao entrar na Argentina, os cinco ingressaram com pedido de ref\u00fagio pol\u00edtico na Comiss\u00e3o Nacional para os Refugiados da Argentina, mas at\u00e9 o momento n\u00e3o obtiveram resposta. Ainda que a Justi\u00e7a tenha determinado a extradi\u00e7\u00e3o, a formaliza\u00e7\u00e3o e execu\u00e7\u00e3o do ato ainda depende de atos do governo do presidente argentino, Javier Milei.<\/p>\n<p><em>Ag\u00eancia Brasil<\/em><\/p>\n","protected":false},"excerpt":{"rendered":"<p>Execu\u00e7\u00e3o ainda depende de atos do presidente Javier Milei A justi\u00e7a argentina decidiu atender a<\/p>\n","protected":false},"author":3,"featured_media":46697,"comment_status":"open","ping_status":"open","sticky":false,"template":"","format":"standard","meta":{"footnotes":""},"categories":[1],"tags":[],"class_list":["post-46696","post","type-post","status-publish","format-standard","has-post-thumbnail","hentry","category-uncategorized"],"yoast_head":"<!-- This site is optimized with the Yoast SEO plugin v27.5 - https:\/\/yoast.com\/product\/yoast-seo-wordpress\/ -->\n<title>Justi\u00e7a argentina decide extraditar cinco condenados pelo 8 de janeiro - Jornal<\/title>\n<meta name=\"description\" content=\"Justi\u00e7a argentina decide extraditar cinco condenados pelo 8 de janeiro\" \/>\n<meta name=\"robots\" content=\"index, follow, max-snippet:-1, max-image-preview:large, max-video-preview:-1\" \/>\n<link rel=\"canonical\" href=\"https:\/\/jornalboasnoticias.com.br\/home\/justica-argentina-decide-extraditar-cinco-condenados-pelo-8-de-janeiro\/\" \/>\n<meta property=\"og:locale\" content=\"pt_BR\" \/>\n<meta property=\"og:type\" content=\"article\" \/>\n<meta property=\"og:title\" content=\"Justi\u00e7a argentina decide extraditar cinco condenados pelo 8 de janeiro - Jornal\" \/>\n<meta property=\"og:description\" content=\"Justi\u00e7a argentina decide extraditar cinco condenados pelo 8 de janeiro\" \/>\n<meta property=\"og:url\" content=\"https:\/\/jornalboasnoticias.com.br\/home\/justica-argentina-decide-extraditar-cinco-condenados-pelo-8-de-janeiro\/\" \/>\n<meta property=\"og:site_name\" content=\"Jornal\" \/>\n<meta property=\"article:publisher\" content=\"https:\/\/www.facebook.com\/boasnoticiasjornal\" \/>\n<meta property=\"article:published_time\" content=\"2025-12-04T20:47:42+00:00\" \/>\n<meta property=\"og:image\" content=\"https:\/\/jornalboasnoticias.com.br\/home\/wp-content\/uploads\/2025\/12\/IMG_4117-e1764881235331.webp\" \/>\n\t<meta property=\"og:image:width\" content=\"1000\" \/>\n\t<meta property=\"og:image:height\" content=\"598\" \/>\n\t<meta property=\"og:image:type\" content=\"image\/webp\" \/>\n<meta name=\"author\" content=\"Luiz Carlos da Cruz\" \/>\n<meta name=\"twitter:card\" content=\"summary_large_image\" \/>\n<meta name=\"twitter:label1\" content=\"Escrito por\" \/>\n\t<meta name=\"twitter:data1\" content=\"Luiz Carlos da Cruz\" \/>\n\t<meta name=\"twitter:label2\" content=\"Est. tempo de leitura\" \/>\n\t<meta name=\"twitter:data2\" content=\"2 minutos\" \/>\n<script type=\"application\/ld+json\" class=\"yoast-schema-graph\">{\"@context\":\"https:\\\/\\\/schema.org\",\"@graph\":[{\"@type\":\"Article\",\"@id\":\"https:\\\/\\\/jornalboasnoticias.com.br\\\/home\\\/justica-argentina-decide-extraditar-cinco-condenados-pelo-8-de-janeiro\\\/#article\",\"isPartOf\":{\"@id\":\"https:\\\/\\\/jornalboasnoticias.com.br\\\/home\\\/justica-argentina-decide-extraditar-cinco-condenados-pelo-8-de-janeiro\\\/\"},\"author\":{\"name\":\"Luiz Carlos da Cruz\",\"@id\":\"https:\\\/\\\/jornalboasnoticias.com.br\\\/home\\\/#\\\/schema\\\/person\\\/75f9ebde398c998c166475fb446bda62\"},\"headline\":\"Justi\u00e7a argentina decide extraditar cinco condenados pelo 8 de janeiro\",\"datePublished\":\"2025-12-04T20:47:42+00:00\",\"mainEntityOfPage\":{\"@id\":\"https:\\\/\\\/jornalboasnoticias.com.br\\\/home\\\/justica-argentina-decide-extraditar-cinco-condenados-pelo-8-de-janeiro\\\/\"},\"wordCount\":252,\"commentCount\":0,\"publisher\":{\"@id\":\"https:\\\/\\\/jornalboasnoticias.com.br\\\/home\\\/#organization\"},\"image\":{\"@id\":\"https:\\\/\\\/jornalboasnoticias.com.br\\\/home\\\/justica-argentina-decide-extraditar-cinco-condenados-pelo-8-de-janeiro\\\/#primaryimage\"},\"thumbnailUrl\":\"https:\\\/\\\/jornalboasnoticias.com.br\\\/home\\\/wp-content\\\/uploads\\\/2025\\\/12\\\/IMG_4117-e1764881235331.webp\",\"articleSection\":[\"Uncategorized\"],\"inLanguage\":\"pt-BR\",\"potentialAction\":[{\"@type\":\"CommentAction\",\"name\":\"Comment\",\"target\":[\"https:\\\/\\\/jornalboasnoticias.com.br\\\/home\\\/justica-argentina-decide-extraditar-cinco-condenados-pelo-8-de-janeiro\\\/#respond\"]}]},{\"@type\":\"WebPage\",\"@id\":\"https:\\\/\\\/jornalboasnoticias.com.br\\\/home\\\/justica-argentina-decide-extraditar-cinco-condenados-pelo-8-de-janeiro\\\/\",\"url\":\"https:\\\/\\\/jornalboasnoticias.com.br\\\/home\\\/justica-argentina-decide-extraditar-cinco-condenados-pelo-8-de-janeiro\\\/\",\"name\":\"Justi\u00e7a argentina decide extraditar cinco condenados pelo 8 de janeiro - Jornal\",\"isPartOf\":{\"@id\":\"https:\\\/\\\/jornalboasnoticias.com.br\\\/home\\\/#website\"},\"primaryImageOfPage\":{\"@id\":\"https:\\\/\\\/jornalboasnoticias.com.br\\\/home\\\/justica-argentina-decide-extraditar-cinco-condenados-pelo-8-de-janeiro\\\/#primaryimage\"},\"image\":{\"@id\":\"https:\\\/\\\/jornalboasnoticias.com.br\\\/home\\\/justica-argentina-decide-extraditar-cinco-condenados-pelo-8-de-janeiro\\\/#primaryimage\"},\"thumbnailUrl\":\"https:\\\/\\\/jornalboasnoticias.com.br\\\/home\\\/wp-content\\\/uploads\\\/2025\\\/12\\\/IMG_4117-e1764881235331.webp\",\"datePublished\":\"2025-12-04T20:47:42+00:00\",\"description\":\"Justi\u00e7a argentina decide extraditar cinco condenados pelo 8 de janeiro\",\"breadcrumb\":{\"@id\":\"https:\\\/\\\/jornalboasnoticias.com.br\\\/home\\\/justica-argentina-decide-extraditar-cinco-condenados-pelo-8-de-janeiro\\\/#breadcrumb\"},\"inLanguage\":\"pt-BR\",\"potentialAction\":[{\"@type\":\"ReadAction\",\"target\":[\"https:\\\/\\\/jornalboasnoticias.com.br\\\/home\\\/justica-argentina-decide-extraditar-cinco-condenados-pelo-8-de-janeiro\\\/\"]}]},{\"@type\":\"ImageObject\",\"inLanguage\":\"pt-BR\",\"@id\":\"https:\\\/\\\/jornalboasnoticias.com.br\\\/home\\\/justica-argentina-decide-extraditar-cinco-condenados-pelo-8-de-janeiro\\\/#primaryimage\",\"url\":\"https:\\\/\\\/jornalboasnoticias.com.br\\\/home\\\/wp-content\\\/uploads\\\/2025\\\/12\\\/IMG_4117-e1764881235331.webp\",\"contentUrl\":\"https:\\\/\\\/jornalboasnoticias.com.br\\\/home\\\/wp-content\\\/uploads\\\/2025\\\/12\\\/IMG_4117-e1764881235331.webp\",\"width\":1000,\"height\":598,\"caption\":\"\u00a9 MARCELO CAMARGO\\\/AG\u00caNCIA BRASIL\"},{\"@type\":\"BreadcrumbList\",\"@id\":\"https:\\\/\\\/jornalboasnoticias.com.br\\\/home\\\/justica-argentina-decide-extraditar-cinco-condenados-pelo-8-de-janeiro\\\/#breadcrumb\",\"itemListElement\":[{\"@type\":\"ListItem\",\"position\":1,\"name\":\"In\u00edcio\",\"item\":\"https:\\\/\\\/jornalboasnoticias.com.br\\\/home\\\/\"},{\"@type\":\"ListItem\",\"position\":2,\"name\":\"Justi\u00e7a argentina decide extraditar cinco condenados pelo 8 de janeiro\"}]},{\"@type\":\"WebSite\",\"@id\":\"https:\\\/\\\/jornalboasnoticias.com.br\\\/home\\\/#website\",\"url\":\"https:\\\/\\\/jornalboasnoticias.com.br\\\/home\\\/\",\"name\":\"Jornal Boas Not\u00edcias\",\"description\":\"Boas not\u00edcias\",\"publisher\":{\"@id\":\"https:\\\/\\\/jornalboasnoticias.com.br\\\/home\\\/#organization\"},\"potentialAction\":[{\"@type\":\"SearchAction\",\"target\":{\"@type\":\"EntryPoint\",\"urlTemplate\":\"https:\\\/\\\/jornalboasnoticias.com.br\\\/home\\\/?s={search_term_string}\"},\"query-input\":{\"@type\":\"PropertyValueSpecification\",\"valueRequired\":true,\"valueName\":\"search_term_string\"}}],\"inLanguage\":\"pt-BR\"},{\"@type\":\"Organization\",\"@id\":\"https:\\\/\\\/jornalboasnoticias.com.br\\\/home\\\/#organization\",\"name\":\"Coq Editora Ltda\",\"alternateName\":\"Jornal Boas Noticias\",\"url\":\"https:\\\/\\\/jornalboasnoticias.com.br\\\/home\\\/\",\"logo\":{\"@type\":\"ImageObject\",\"inLanguage\":\"pt-BR\",\"@id\":\"https:\\\/\\\/jornalboasnoticias.com.br\\\/home\\\/#\\\/schema\\\/logo\\\/image\\\/\",\"url\":\"https:\\\/\\\/jornalboasnoticias.com.br\\\/home\\\/wp-content\\\/uploads\\\/2024\\\/07\\\/cropped-logo.jpg\",\"contentUrl\":\"https:\\\/\\\/jornalboasnoticias.com.br\\\/home\\\/wp-content\\\/uploads\\\/2024\\\/07\\\/cropped-logo.jpg\",\"width\":290,\"height\":142,\"caption\":\"Coq Editora Ltda\"},\"image\":{\"@id\":\"https:\\\/\\\/jornalboasnoticias.com.br\\\/home\\\/#\\\/schema\\\/logo\\\/image\\\/\"},\"sameAs\":[\"https:\\\/\\\/www.facebook.com\\\/boasnoticiasjornal\"]},{\"@type\":\"Person\",\"@id\":\"https:\\\/\\\/jornalboasnoticias.com.br\\\/home\\\/#\\\/schema\\\/person\\\/75f9ebde398c998c166475fb446bda62\",\"name\":\"Luiz Carlos da Cruz\",\"image\":{\"@type\":\"ImageObject\",\"inLanguage\":\"pt-BR\",\"@id\":\"https:\\\/\\\/secure.gravatar.com\\\/avatar\\\/e6f4f45301b6cb8572f7b076572e8ac11c1db80e805d8c8d0858cf286ce3ac3b?s=96&d=mm&r=g\",\"url\":\"https:\\\/\\\/secure.gravatar.com\\\/avatar\\\/e6f4f45301b6cb8572f7b076572e8ac11c1db80e805d8c8d0858cf286ce3ac3b?s=96&d=mm&r=g\",\"contentUrl\":\"https:\\\/\\\/secure.gravatar.com\\\/avatar\\\/e6f4f45301b6cb8572f7b076572e8ac11c1db80e805d8c8d0858cf286ce3ac3b?s=96&d=mm&r=g\",\"caption\":\"Luiz Carlos da Cruz\"},\"url\":\"https:\\\/\\\/jornalboasnoticias.com.br\\\/home\\\/author\\\/luiz-carlos-da-cruz\\\/\"}]}<\/script>\n<!-- \/ Yoast SEO plugin. -->","yoast_head_json":{"title":"Justi\u00e7a argentina decide extraditar cinco condenados pelo 8 de janeiro - Jornal","description":"Justi\u00e7a argentina decide extraditar cinco condenados pelo 8 de janeiro","robots":{"index":"index","follow":"follow","max-snippet":"max-snippet:-1","max-image-preview":"max-image-preview:large","max-video-preview":"max-video-preview:-1"},"canonical":"https:\/\/jornalboasnoticias.com.br\/home\/justica-argentina-decide-extraditar-cinco-condenados-pelo-8-de-janeiro\/","og_locale":"pt_BR","og_type":"article","og_title":"Justi\u00e7a argentina decide extraditar cinco condenados pelo 8 de janeiro - Jornal","og_description":"Justi\u00e7a argentina decide extraditar cinco condenados pelo 8 de janeiro","og_url":"https:\/\/jornalboasnoticias.com.br\/home\/justica-argentina-decide-extraditar-cinco-condenados-pelo-8-de-janeiro\/","og_site_name":"Jornal","article_publisher":"https:\/\/www.facebook.com\/boasnoticiasjornal","article_published_time":"2025-12-04T20:47:42+00:00","og_image":[{"width":1000,"height":598,"url":"https:\/\/jornalboasnoticias.com.br\/home\/wp-content\/uploads\/2025\/12\/IMG_4117-e1764881235331.webp","type":"image\/webp"}],"author":"Luiz Carlos da Cruz","twitter_card":"summary_large_image","twitter_misc":{"Escrito por":"Luiz Carlos da Cruz","Est. tempo de leitura":"2 minutos"},"schema":{"@context":"https:\/\/schema.org","@graph":[{"@type":"Article","@id":"https:\/\/jornalboasnoticias.com.br\/home\/justica-argentina-decide-extraditar-cinco-condenados-pelo-8-de-janeiro\/#article","isPartOf":{"@id":"https:\/\/jornalboasnoticias.com.br\/home\/justica-argentina-decide-extraditar-cinco-condenados-pelo-8-de-janeiro\/"},"author":{"name":"Luiz Carlos da Cruz","@id":"https:\/\/jornalboasnoticias.com.br\/home\/#\/schema\/person\/75f9ebde398c998c166475fb446bda62"},"headline":"Justi\u00e7a argentina decide extraditar cinco condenados pelo 8 de janeiro","datePublished":"2025-12-04T20:47:42+00:00","mainEntityOfPage":{"@id":"https:\/\/jornalboasnoticias.com.br\/home\/justica-argentina-decide-extraditar-cinco-condenados-pelo-8-de-janeiro\/"},"wordCount":252,"commentCount":0,"publisher":{"@id":"https:\/\/jornalboasnoticias.com.br\/home\/#organization"},"image":{"@id":"https:\/\/jornalboasnoticias.com.br\/home\/justica-argentina-decide-extraditar-cinco-condenados-pelo-8-de-janeiro\/#primaryimage"},"thumbnailUrl":"https:\/\/jornalboasnoticias.com.br\/home\/wp-content\/uploads\/2025\/12\/IMG_4117-e1764881235331.webp","articleSection":["Uncategorized"],"inLanguage":"pt-BR","potentialAction":[{"@type":"CommentAction","name":"Comment","target":["https:\/\/jornalboasnoticias.com.br\/home\/justica-argentina-decide-extraditar-cinco-condenados-pelo-8-de-janeiro\/#respond"]}]},{"@type":"WebPage","@id":"https:\/\/jornalboasnoticias.com.br\/home\/justica-argentina-decide-extraditar-cinco-condenados-pelo-8-de-janeiro\/","url":"https:\/\/jornalboasnoticias.com.br\/home\/justica-argentina-decide-extraditar-cinco-condenados-pelo-8-de-janeiro\/","name":"Justi\u00e7a argentina decide extraditar cinco condenados pelo 8 de janeiro - Jornal","isPartOf":{"@id":"https:\/\/jornalboasnoticias.com.br\/home\/#website"},"primaryImageOfPage":{"@id":"https:\/\/jornalboasnoticias.com.br\/home\/justica-argentina-decide-extraditar-cinco-condenados-pelo-8-de-janeiro\/#primaryimage"},"image":{"@id":"https:\/\/jornalboasnoticias.com.br\/home\/justica-argentina-decide-extraditar-cinco-condenados-pelo-8-de-janeiro\/#primaryimage"},"thumbnailUrl":"https:\/\/jornalboasnoticias.com.br\/home\/wp-content\/uploads\/2025\/12\/IMG_4117-e1764881235331.webp","datePublished":"2025-12-04T20:47:42+00:00","description":"Justi\u00e7a argentina decide extraditar cinco condenados pelo 8 de janeiro","breadcrumb":{"@id":"https:\/\/jornalboasnoticias.com.br\/home\/justica-argentina-decide-extraditar-cinco-condenados-pelo-8-de-janeiro\/#breadcrumb"},"inLanguage":"pt-BR","potentialAction":[{"@type":"ReadAction","target":["https:\/\/jornalboasnoticias.com.br\/home\/justica-argentina-decide-extraditar-cinco-condenados-pelo-8-de-janeiro\/"]}]},{"@type":"ImageObject","inLanguage":"pt-BR","@id":"https:\/\/jornalboasnoticias.com.br\/home\/justica-argentina-decide-extraditar-cinco-condenados-pelo-8-de-janeiro\/#primaryimage","url":"https:\/\/jornalboasnoticias.com.br\/home\/wp-content\/uploads\/2025\/12\/IMG_4117-e1764881235331.webp","contentUrl":"https:\/\/jornalboasnoticias.com.br\/home\/wp-content\/uploads\/2025\/12\/IMG_4117-e1764881235331.webp","width":1000,"height":598,"caption":"\u00a9 MARCELO CAMARGO\/AG\u00caNCIA BRASIL"},{"@type":"BreadcrumbList","@id":"https:\/\/jornalboasnoticias.com.br\/home\/justica-argentina-decide-extraditar-cinco-condenados-pelo-8-de-janeiro\/#breadcrumb","itemListElement":[{"@type":"ListItem","position":1,"name":"In\u00edcio","item":"https:\/\/jornalboasnoticias.com.br\/home\/"},{"@type":"ListItem","position":2,"name":"Justi\u00e7a argentina decide extraditar cinco condenados pelo 8 de janeiro"}]},{"@type":"WebSite","@id":"https:\/\/jornalboasnoticias.com.br\/home\/#website","url":"https:\/\/jornalboasnoticias.com.br\/home\/","name":"Jornal Boas Not\u00edcias","description":"Boas not\u00edcias","publisher":{"@id":"https:\/\/jornalboasnoticias.com.br\/home\/#organization"},"potentialAction":[{"@type":"SearchAction","target":{"@type":"EntryPoint","urlTemplate":"https:\/\/jornalboasnoticias.com.br\/home\/?s={search_term_string}"},"query-input":{"@type":"PropertyValueSpecification","valueRequired":true,"valueName":"search_term_string"}}],"inLanguage":"pt-BR"},{"@type":"Organization","@id":"https:\/\/jornalboasnoticias.com.br\/home\/#organization","name":"Coq Editora Ltda","alternateName":"Jornal Boas Noticias","url":"https:\/\/jornalboasnoticias.com.br\/home\/","logo":{"@type":"ImageObject","inLanguage":"pt-BR","@id":"https:\/\/jornalboasnoticias.com.br\/home\/#\/schema\/logo\/image\/","url":"https:\/\/jornalboasnoticias.com.br\/home\/wp-content\/uploads\/2024\/07\/cropped-logo.jpg","contentUrl":"https:\/\/jornalboasnoticias.com.br\/home\/wp-content\/uploads\/2024\/07\/cropped-logo.jpg","width":290,"height":142,"caption":"Coq Editora Ltda"},"image":{"@id":"https:\/\/jornalboasnoticias.com.br\/home\/#\/schema\/logo\/image\/"},"sameAs":["https:\/\/www.facebook.com\/boasnoticiasjornal"]},{"@type":"Person","@id":"https:\/\/jornalboasnoticias.com.br\/home\/#\/schema\/person\/75f9ebde398c998c166475fb446bda62","name":"Luiz Carlos da Cruz","image":{"@type":"ImageObject","inLanguage":"pt-BR","@id":"https:\/\/secure.gravatar.com\/avatar\/e6f4f45301b6cb8572f7b076572e8ac11c1db80e805d8c8d0858cf286ce3ac3b?s=96&d=mm&r=g","url":"https:\/\/secure.gravatar.com\/avatar\/e6f4f45301b6cb8572f7b076572e8ac11c1db80e805d8c8d0858cf286ce3ac3b?s=96&d=mm&r=g","contentUrl":"https:\/\/secure.gravatar.com\/avatar\/e6f4f45301b6cb8572f7b076572e8ac11c1db80e805d8c8d0858cf286ce3ac3b?s=96&d=mm&r=g","caption":"Luiz Carlos da Cruz"},"url":"https:\/\/jornalboasnoticias.com.br\/home\/author\/luiz-carlos-da-cruz\/"}]}},"_links":{"self":[{"href":"https:\/\/jornalboasnoticias.com.br\/home\/wp-json\/wp\/v2\/posts\/46696","targetHints":{"allow":["GET"]}}],"collection":[{"href":"https:\/\/jornalboasnoticias.com.br\/home\/wp-json\/wp\/v2\/posts"}],"about":[{"href":"https:\/\/jornalboasnoticias.com.br\/home\/wp-json\/wp\/v2\/types\/post"}],"author":[{"embeddable":true,"href":"https:\/\/jornalboasnoticias.com.br\/home\/wp-json\/wp\/v2\/users\/3"}],"replies":[{"embeddable":true,"href":"https:\/\/jornalboasnoticias.com.br\/home\/wp-json\/wp\/v2\/comments?post=46696"}],"version-history":[{"count":1,"href":"https:\/\/jornalboasnoticias.com.br\/home\/wp-json\/wp\/v2\/posts\/46696\/revisions"}],"predecessor-version":[{"id":46698,"href":"https:\/\/jornalboasnoticias.com.br\/home\/wp-json\/wp\/v2\/posts\/46696\/revisions\/46698"}],"wp:featuredmedia":[{"embeddable":true,"href":"https:\/\/jornalboasnoticias.com.br\/home\/wp-json\/wp\/v2\/media\/46697"}],"wp:attachment":[{"href":"https:\/\/jornalboasnoticias.com.br\/home\/wp-json\/wp\/v2\/media?parent=46696"}],"wp:term":[{"taxonomy":"category","embeddable":true,"href":"https:\/\/jornalboasnoticias.com.br\/home\/wp-json\/wp\/v2\/categories?post=46696"},{"taxonomy":"post_tag","embeddable":true,"href":"https:\/\/jornalboasnoticias.com.br\/home\/wp-json\/wp\/v2\/tags?post=46696"}],"curies":[{"name":"wp","href":"https:\/\/api.w.org\/{rel}","templated":true}]}}