{"id":46693,"date":"2025-12-04T20:19:48","date_gmt":"2025-12-04T20:19:48","guid":{"rendered":"https:\/\/jornalboasnoticias.com.br\/home\/?p=46693"},"modified":"2025-12-04T20:19:48","modified_gmt":"2025-12-04T20:19:48","slug":"aviao-de-agencia-humanitaria-evangelica-e-sequestrado-no-sudao-do-sul","status":"publish","type":"post","link":"https:\/\/jornalboasnoticias.com.br\/home\/aviao-de-agencia-humanitaria-evangelica-e-sequestrado-no-sudao-do-sul\/","title":{"rendered":"Avi\u00e3o de ag\u00eancia humanit\u00e1ria evang\u00e9lica \u00e9 sequestrado no Sud\u00e3o do Sul"},"content":{"rendered":"<blockquote>\n<p style=\"text-align: center;\">Segundo reportam m\u00eddias por todo o mundo, a aeronave havia partido de Juba, capital do pa\u00eds, transportando suprimentos m\u00e9dicos para o condado de Maiwut, localizado no extremo nordeste, quando um homem armado assumiu o controle e exigiu que o piloto voasse para o Chade.<\/p>\n<\/blockquote>\n<figure id=\"attachment_46694\" aria-describedby=\"caption-attachment-46694\" style=\"width: 1024px\" class=\"wp-caption alignnone\"><img loading=\"lazy\" decoding=\"async\" class=\"size-full wp-image-46694\" src=\"https:\/\/jornalboasnoticias.com.br\/home\/wp-content\/uploads\/2025\/12\/IMG_4115.jpeg\" alt=\"\" width=\"1024\" height=\"682\" srcset=\"https:\/\/jornalboasnoticias.com.br\/home\/wp-content\/uploads\/2025\/12\/IMG_4115.jpeg 1024w, https:\/\/jornalboasnoticias.com.br\/home\/wp-content\/uploads\/2025\/12\/IMG_4115-300x200.jpeg 300w, https:\/\/jornalboasnoticias.com.br\/home\/wp-content\/uploads\/2025\/12\/IMG_4115-768x512.jpeg 768w, https:\/\/jornalboasnoticias.com.br\/home\/wp-content\/uploads\/2025\/12\/IMG_4115-900x600.jpeg 900w\" sizes=\"auto, (max-width: 1024px) 100vw, 1024px\" \/><figcaption id=\"caption-attachment-46694\" class=\"wp-caption-text\">Cessna Grand Caravan, semelhante ao envolvido na ocorr\u00eancia \u2013 Imagem: flightlog \/ CC BY 2.0, via Wikimedia Commons<\/figcaption><\/figure>\n<p>Um avi\u00e3o da Samaritan\u2019s Purse, que transportava ajuda humanit\u00e1ria para o Sud\u00e3o do Sul, foi sequestrado no in\u00edcio desta semana. Um suspeito foi detido e n\u00e3o houve relatos de feridos graves. A organiza\u00e7\u00e3o humanit\u00e1ria evang\u00e9lica anunciou, na quarta-feira, que o avi\u00e3o, um Cessna Grand Caravan operando exclusivamente na \u00c1frica, \u201cfoi envolvido em um sequestro na ter\u00e7a-feira\u201d.<\/p>\n<p>Na ocasi\u00e3o, a aeronave estava a caminho de Maiwut, no Sud\u00e3o do Sul, para entregar medicamentos a uma unidade m\u00e9dica m\u00f3vel operada pela organiza\u00e7\u00e3o, com sede em Charlotte, Carolina do Norte. Um sequestrador armado entrou no avi\u00e3o, que tamb\u00e9m transportava um piloto e um funcion\u00e1rio da Samaritan\u2019s Purse. O piloto conseguiu realizar um pouso seguro em Wau, tamb\u00e9m no Sud\u00e3o do Sul.<\/p>\n<p>O Servi\u00e7o Nacional de Seguran\u00e7a do Sud\u00e3o do Sul prendeu o sequestrador ap\u00f3s o pouso. \u201cLouvamos a Deus por ningu\u00e9m ter ficado gravemente ferido e somos gratos \u00e0s for\u00e7as de seguran\u00e7a pelo apoio e pela r\u00e1pida atua\u00e7\u00e3o para resolver a situa\u00e7\u00e3o e garantir um desfecho seguro\u201d, afirmou a Samaritan\u2019s Purse, de acordo com o <a href=\"https:\/\/www.christianpost.com\/news\/samaritans-purse-plane-hijacked-suspect-in-custody.html\" target=\"\" rel=\"noopener\"><em>The Christian Post<\/em><\/a>.<\/p>\n<p>O sequestrador foi identificado como Yasir Mohammed Yusuf, de acordo com a <em>Associated Press<\/em>. Ele \u00e9 natural da \u00c1rea Administrativa de Abyei, uma regi\u00e3o rica em petr\u00f3leo disputada entre o Sud\u00e3o do Sul e o Sud\u00e3o. Relatos indicam que Yusuf embarcou clandestinamente no avi\u00e3o antes da decolagem. O motivo do sequestro permanece desconhecido, embora se acredite que ele desejasse ser levado ao Chade, pa\u00eds vizinho.<\/p>\n<p>Sob a lideran\u00e7a do pastor Franklin Graham, a Samaritan\u2019s Purse realiza miss\u00f5es de caridade no Sud\u00e3o do Sul h\u00e1 v\u00e1rios anos, enfrentando periodicamente situa\u00e7\u00f5es perigosas durante o trabalho. Em 2017, por exemplo, oito funcion\u00e1rios foram sequestrados na regi\u00e3o de Mayendit, supostamente por for\u00e7as rebeldes locais, mas foram libertados ilesos. Embora as for\u00e7as governamentais alegassem que os trabalhadores estavam sendo mantidos para resgate, os rebeldes negaram a acusa\u00e7\u00e3o, e a Samaritan\u2019s Purse informou que a liberta\u00e7\u00e3o ocorreu sem pagamento de resgates.<\/p>\n<p>No m\u00eas passado, um avi\u00e3o que transportava duas toneladas de suprimentos da Samaritan\u2019s Purse para v\u00edtimas de inunda\u00e7\u00f5es recentes no Sud\u00e3o do Sul caiu, matando as tr\u00eas pessoas a bordo. Operado pela Nari Air, o avi\u00e3o caiu cerca de 19 quil\u00f4metros da pista de pouso de Leer, pr\u00f3ximo \u00e0 fronteira com o Sud\u00e3o. \u201cNossa equipe chegou ao local do acidente e \u00e9 com profunda tristeza que confirmo o falecimento dos tr\u00eas tripulantes\u201d, disse Bikram Rai, vice-diretor da Samaritan\u2019s Purse no Sud\u00e3o do Sul, \u00e0 <em>Reuters<\/em>.<\/p>\n<p><em>Informa\u00e7\u00f5es Gospel Prime\u00a0<\/em><\/p>\n","protected":false},"excerpt":{"rendered":"<p>Segundo reportam m\u00eddias por todo o mundo, a aeronave havia partido de Juba, capital do<\/p>\n","protected":false},"author":3,"featured_media":46694,"comment_status":"open","ping_status":"open","sticky":false,"template":"","format":"standard","meta":{"footnotes":""},"categories":[3,9],"tags":[],"class_list":["post-46693","post","type-post","status-publish","format-standard","has-post-thumbnail","hentry","category-destaques","category-internacional"],"yoast_head":"<!-- This site is optimized with the Yoast SEO plugin v27.5 - https:\/\/yoast.com\/product\/yoast-seo-wordpress\/ -->\n<title>Avi\u00e3o de ag\u00eancia humanit\u00e1ria evang\u00e9lica \u00e9 sequestrado no Sud\u00e3o do Sul - Jornal<\/title>\n<meta name=\"description\" content=\"Avi\u00e3o de ag\u00eancia humanit\u00e1ria evang\u00e9lica \u00e9 sequestrado no Sud\u00e3o do Sul\" \/>\n<meta name=\"robots\" content=\"index, follow, max-snippet:-1, max-image-preview:large, max-video-preview:-1\" \/>\n<link rel=\"canonical\" href=\"https:\/\/jornalboasnoticias.com.br\/home\/aviao-de-agencia-humanitaria-evangelica-e-sequestrado-no-sudao-do-sul\/\" \/>\n<meta property=\"og:locale\" content=\"pt_BR\" \/>\n<meta property=\"og:type\" content=\"article\" \/>\n<meta property=\"og:title\" content=\"Avi\u00e3o de ag\u00eancia humanit\u00e1ria evang\u00e9lica \u00e9 sequestrado no Sud\u00e3o do Sul - Jornal\" \/>\n<meta property=\"og:description\" content=\"Avi\u00e3o de ag\u00eancia humanit\u00e1ria evang\u00e9lica \u00e9 sequestrado no Sud\u00e3o do Sul\" \/>\n<meta property=\"og:url\" content=\"https:\/\/jornalboasnoticias.com.br\/home\/aviao-de-agencia-humanitaria-evangelica-e-sequestrado-no-sudao-do-sul\/\" \/>\n<meta property=\"og:site_name\" content=\"Jornal\" \/>\n<meta property=\"article:publisher\" content=\"https:\/\/www.facebook.com\/boasnoticiasjornal\" \/>\n<meta property=\"article:published_time\" content=\"2025-12-04T20:19:48+00:00\" \/>\n<meta property=\"og:image\" content=\"https:\/\/jornalboasnoticias.com.br\/home\/wp-content\/uploads\/2025\/12\/IMG_4115.jpeg\" \/>\n\t<meta property=\"og:image:width\" content=\"1024\" \/>\n\t<meta property=\"og:image:height\" content=\"682\" \/>\n\t<meta property=\"og:image:type\" content=\"image\/jpeg\" \/>\n<meta name=\"author\" content=\"Luiz Carlos da Cruz\" \/>\n<meta name=\"twitter:card\" content=\"summary_large_image\" \/>\n<meta name=\"twitter:label1\" content=\"Escrito por\" \/>\n\t<meta name=\"twitter:data1\" content=\"Luiz Carlos da Cruz\" \/>\n\t<meta name=\"twitter:label2\" content=\"Est. tempo de leitura\" \/>\n\t<meta name=\"twitter:data2\" content=\"3 minutos\" \/>\n<script type=\"application\/ld+json\" class=\"yoast-schema-graph\">{\"@context\":\"https:\\\/\\\/schema.org\",\"@graph\":[{\"@type\":\"Article\",\"@id\":\"https:\\\/\\\/jornalboasnoticias.com.br\\\/home\\\/aviao-de-agencia-humanitaria-evangelica-e-sequestrado-no-sudao-do-sul\\\/#article\",\"isPartOf\":{\"@id\":\"https:\\\/\\\/jornalboasnoticias.com.br\\\/home\\\/aviao-de-agencia-humanitaria-evangelica-e-sequestrado-no-sudao-do-sul\\\/\"},\"author\":{\"name\":\"Luiz Carlos da Cruz\",\"@id\":\"https:\\\/\\\/jornalboasnoticias.com.br\\\/home\\\/#\\\/schema\\\/person\\\/75f9ebde398c998c166475fb446bda62\"},\"headline\":\"Avi\u00e3o de ag\u00eancia humanit\u00e1ria evang\u00e9lica \u00e9 sequestrado no Sud\u00e3o do Sul\",\"datePublished\":\"2025-12-04T20:19:48+00:00\",\"mainEntityOfPage\":{\"@id\":\"https:\\\/\\\/jornalboasnoticias.com.br\\\/home\\\/aviao-de-agencia-humanitaria-evangelica-e-sequestrado-no-sudao-do-sul\\\/\"},\"wordCount\":554,\"commentCount\":0,\"publisher\":{\"@id\":\"https:\\\/\\\/jornalboasnoticias.com.br\\\/home\\\/#organization\"},\"image\":{\"@id\":\"https:\\\/\\\/jornalboasnoticias.com.br\\\/home\\\/aviao-de-agencia-humanitaria-evangelica-e-sequestrado-no-sudao-do-sul\\\/#primaryimage\"},\"thumbnailUrl\":\"https:\\\/\\\/jornalboasnoticias.com.br\\\/home\\\/wp-content\\\/uploads\\\/2025\\\/12\\\/IMG_4115.jpeg\",\"articleSection\":[\"DESTAQUE\",\"INTERNACIONAL\"],\"inLanguage\":\"pt-BR\",\"potentialAction\":[{\"@type\":\"CommentAction\",\"name\":\"Comment\",\"target\":[\"https:\\\/\\\/jornalboasnoticias.com.br\\\/home\\\/aviao-de-agencia-humanitaria-evangelica-e-sequestrado-no-sudao-do-sul\\\/#respond\"]}]},{\"@type\":\"WebPage\",\"@id\":\"https:\\\/\\\/jornalboasnoticias.com.br\\\/home\\\/aviao-de-agencia-humanitaria-evangelica-e-sequestrado-no-sudao-do-sul\\\/\",\"url\":\"https:\\\/\\\/jornalboasnoticias.com.br\\\/home\\\/aviao-de-agencia-humanitaria-evangelica-e-sequestrado-no-sudao-do-sul\\\/\",\"name\":\"Avi\u00e3o de ag\u00eancia humanit\u00e1ria evang\u00e9lica \u00e9 sequestrado no Sud\u00e3o do Sul - Jornal\",\"isPartOf\":{\"@id\":\"https:\\\/\\\/jornalboasnoticias.com.br\\\/home\\\/#website\"},\"primaryImageOfPage\":{\"@id\":\"https:\\\/\\\/jornalboasnoticias.com.br\\\/home\\\/aviao-de-agencia-humanitaria-evangelica-e-sequestrado-no-sudao-do-sul\\\/#primaryimage\"},\"image\":{\"@id\":\"https:\\\/\\\/jornalboasnoticias.com.br\\\/home\\\/aviao-de-agencia-humanitaria-evangelica-e-sequestrado-no-sudao-do-sul\\\/#primaryimage\"},\"thumbnailUrl\":\"https:\\\/\\\/jornalboasnoticias.com.br\\\/home\\\/wp-content\\\/uploads\\\/2025\\\/12\\\/IMG_4115.jpeg\",\"datePublished\":\"2025-12-04T20:19:48+00:00\",\"description\":\"Avi\u00e3o de ag\u00eancia humanit\u00e1ria evang\u00e9lica \u00e9 sequestrado no Sud\u00e3o do Sul\",\"breadcrumb\":{\"@id\":\"https:\\\/\\\/jornalboasnoticias.com.br\\\/home\\\/aviao-de-agencia-humanitaria-evangelica-e-sequestrado-no-sudao-do-sul\\\/#breadcrumb\"},\"inLanguage\":\"pt-BR\",\"potentialAction\":[{\"@type\":\"ReadAction\",\"target\":[\"https:\\\/\\\/jornalboasnoticias.com.br\\\/home\\\/aviao-de-agencia-humanitaria-evangelica-e-sequestrado-no-sudao-do-sul\\\/\"]}]},{\"@type\":\"ImageObject\",\"inLanguage\":\"pt-BR\",\"@id\":\"https:\\\/\\\/jornalboasnoticias.com.br\\\/home\\\/aviao-de-agencia-humanitaria-evangelica-e-sequestrado-no-sudao-do-sul\\\/#primaryimage\",\"url\":\"https:\\\/\\\/jornalboasnoticias.com.br\\\/home\\\/wp-content\\\/uploads\\\/2025\\\/12\\\/IMG_4115.jpeg\",\"contentUrl\":\"https:\\\/\\\/jornalboasnoticias.com.br\\\/home\\\/wp-content\\\/uploads\\\/2025\\\/12\\\/IMG_4115.jpeg\",\"width\":1024,\"height\":682,\"caption\":\"Cessna Grand Caravan, semelhante ao envolvido na ocorr\u00eancia \u2013 Imagem: flightlog \\\/ CC BY 2.0, via Wikimedia Commons\"},{\"@type\":\"BreadcrumbList\",\"@id\":\"https:\\\/\\\/jornalboasnoticias.com.br\\\/home\\\/aviao-de-agencia-humanitaria-evangelica-e-sequestrado-no-sudao-do-sul\\\/#breadcrumb\",\"itemListElement\":[{\"@type\":\"ListItem\",\"position\":1,\"name\":\"In\u00edcio\",\"item\":\"https:\\\/\\\/jornalboasnoticias.com.br\\\/home\\\/\"},{\"@type\":\"ListItem\",\"position\":2,\"name\":\"Avi\u00e3o de ag\u00eancia humanit\u00e1ria evang\u00e9lica \u00e9 sequestrado no Sud\u00e3o do Sul\"}]},{\"@type\":\"WebSite\",\"@id\":\"https:\\\/\\\/jornalboasnoticias.com.br\\\/home\\\/#website\",\"url\":\"https:\\\/\\\/jornalboasnoticias.com.br\\\/home\\\/\",\"name\":\"Jornal Boas Not\u00edcias\",\"description\":\"Boas not\u00edcias\",\"publisher\":{\"@id\":\"https:\\\/\\\/jornalboasnoticias.com.br\\\/home\\\/#organization\"},\"potentialAction\":[{\"@type\":\"SearchAction\",\"target\":{\"@type\":\"EntryPoint\",\"urlTemplate\":\"https:\\\/\\\/jornalboasnoticias.com.br\\\/home\\\/?s={search_term_string}\"},\"query-input\":{\"@type\":\"PropertyValueSpecification\",\"valueRequired\":true,\"valueName\":\"search_term_string\"}}],\"inLanguage\":\"pt-BR\"},{\"@type\":\"Organization\",\"@id\":\"https:\\\/\\\/jornalboasnoticias.com.br\\\/home\\\/#organization\",\"name\":\"Coq Editora Ltda\",\"alternateName\":\"Jornal Boas Noticias\",\"url\":\"https:\\\/\\\/jornalboasnoticias.com.br\\\/home\\\/\",\"logo\":{\"@type\":\"ImageObject\",\"inLanguage\":\"pt-BR\",\"@id\":\"https:\\\/\\\/jornalboasnoticias.com.br\\\/home\\\/#\\\/schema\\\/logo\\\/image\\\/\",\"url\":\"https:\\\/\\\/jornalboasnoticias.com.br\\\/home\\\/wp-content\\\/uploads\\\/2024\\\/07\\\/cropped-logo.jpg\",\"contentUrl\":\"https:\\\/\\\/jornalboasnoticias.com.br\\\/home\\\/wp-content\\\/uploads\\\/2024\\\/07\\\/cropped-logo.jpg\",\"width\":290,\"height\":142,\"caption\":\"Coq Editora Ltda\"},\"image\":{\"@id\":\"https:\\\/\\\/jornalboasnoticias.com.br\\\/home\\\/#\\\/schema\\\/logo\\\/image\\\/\"},\"sameAs\":[\"https:\\\/\\\/www.facebook.com\\\/boasnoticiasjornal\"]},{\"@type\":\"Person\",\"@id\":\"https:\\\/\\\/jornalboasnoticias.com.br\\\/home\\\/#\\\/schema\\\/person\\\/75f9ebde398c998c166475fb446bda62\",\"name\":\"Luiz Carlos da Cruz\",\"image\":{\"@type\":\"ImageObject\",\"inLanguage\":\"pt-BR\",\"@id\":\"https:\\\/\\\/secure.gravatar.com\\\/avatar\\\/e6f4f45301b6cb8572f7b076572e8ac11c1db80e805d8c8d0858cf286ce3ac3b?s=96&d=mm&r=g\",\"url\":\"https:\\\/\\\/secure.gravatar.com\\\/avatar\\\/e6f4f45301b6cb8572f7b076572e8ac11c1db80e805d8c8d0858cf286ce3ac3b?s=96&d=mm&r=g\",\"contentUrl\":\"https:\\\/\\\/secure.gravatar.com\\\/avatar\\\/e6f4f45301b6cb8572f7b076572e8ac11c1db80e805d8c8d0858cf286ce3ac3b?s=96&d=mm&r=g\",\"caption\":\"Luiz Carlos da Cruz\"},\"url\":\"https:\\\/\\\/jornalboasnoticias.com.br\\\/home\\\/author\\\/luiz-carlos-da-cruz\\\/\"}]}<\/script>\n<!-- \/ Yoast SEO plugin. -->","yoast_head_json":{"title":"Avi\u00e3o de ag\u00eancia humanit\u00e1ria evang\u00e9lica \u00e9 sequestrado no Sud\u00e3o do Sul - Jornal","description":"Avi\u00e3o de ag\u00eancia humanit\u00e1ria evang\u00e9lica \u00e9 sequestrado no Sud\u00e3o do Sul","robots":{"index":"index","follow":"follow","max-snippet":"max-snippet:-1","max-image-preview":"max-image-preview:large","max-video-preview":"max-video-preview:-1"},"canonical":"https:\/\/jornalboasnoticias.com.br\/home\/aviao-de-agencia-humanitaria-evangelica-e-sequestrado-no-sudao-do-sul\/","og_locale":"pt_BR","og_type":"article","og_title":"Avi\u00e3o de ag\u00eancia humanit\u00e1ria evang\u00e9lica \u00e9 sequestrado no Sud\u00e3o do Sul - Jornal","og_description":"Avi\u00e3o de ag\u00eancia humanit\u00e1ria evang\u00e9lica \u00e9 sequestrado no Sud\u00e3o do Sul","og_url":"https:\/\/jornalboasnoticias.com.br\/home\/aviao-de-agencia-humanitaria-evangelica-e-sequestrado-no-sudao-do-sul\/","og_site_name":"Jornal","article_publisher":"https:\/\/www.facebook.com\/boasnoticiasjornal","article_published_time":"2025-12-04T20:19:48+00:00","og_image":[{"width":1024,"height":682,"url":"https:\/\/jornalboasnoticias.com.br\/home\/wp-content\/uploads\/2025\/12\/IMG_4115.jpeg","type":"image\/jpeg"}],"author":"Luiz Carlos da Cruz","twitter_card":"summary_large_image","twitter_misc":{"Escrito por":"Luiz Carlos da Cruz","Est. tempo de leitura":"3 minutos"},"schema":{"@context":"https:\/\/schema.org","@graph":[{"@type":"Article","@id":"https:\/\/jornalboasnoticias.com.br\/home\/aviao-de-agencia-humanitaria-evangelica-e-sequestrado-no-sudao-do-sul\/#article","isPartOf":{"@id":"https:\/\/jornalboasnoticias.com.br\/home\/aviao-de-agencia-humanitaria-evangelica-e-sequestrado-no-sudao-do-sul\/"},"author":{"name":"Luiz Carlos da Cruz","@id":"https:\/\/jornalboasnoticias.com.br\/home\/#\/schema\/person\/75f9ebde398c998c166475fb446bda62"},"headline":"Avi\u00e3o de ag\u00eancia humanit\u00e1ria evang\u00e9lica \u00e9 sequestrado no Sud\u00e3o do Sul","datePublished":"2025-12-04T20:19:48+00:00","mainEntityOfPage":{"@id":"https:\/\/jornalboasnoticias.com.br\/home\/aviao-de-agencia-humanitaria-evangelica-e-sequestrado-no-sudao-do-sul\/"},"wordCount":554,"commentCount":0,"publisher":{"@id":"https:\/\/jornalboasnoticias.com.br\/home\/#organization"},"image":{"@id":"https:\/\/jornalboasnoticias.com.br\/home\/aviao-de-agencia-humanitaria-evangelica-e-sequestrado-no-sudao-do-sul\/#primaryimage"},"thumbnailUrl":"https:\/\/jornalboasnoticias.com.br\/home\/wp-content\/uploads\/2025\/12\/IMG_4115.jpeg","articleSection":["DESTAQUE","INTERNACIONAL"],"inLanguage":"pt-BR","potentialAction":[{"@type":"CommentAction","name":"Comment","target":["https:\/\/jornalboasnoticias.com.br\/home\/aviao-de-agencia-humanitaria-evangelica-e-sequestrado-no-sudao-do-sul\/#respond"]}]},{"@type":"WebPage","@id":"https:\/\/jornalboasnoticias.com.br\/home\/aviao-de-agencia-humanitaria-evangelica-e-sequestrado-no-sudao-do-sul\/","url":"https:\/\/jornalboasnoticias.com.br\/home\/aviao-de-agencia-humanitaria-evangelica-e-sequestrado-no-sudao-do-sul\/","name":"Avi\u00e3o de ag\u00eancia humanit\u00e1ria evang\u00e9lica \u00e9 sequestrado no Sud\u00e3o do Sul - Jornal","isPartOf":{"@id":"https:\/\/jornalboasnoticias.com.br\/home\/#website"},"primaryImageOfPage":{"@id":"https:\/\/jornalboasnoticias.com.br\/home\/aviao-de-agencia-humanitaria-evangelica-e-sequestrado-no-sudao-do-sul\/#primaryimage"},"image":{"@id":"https:\/\/jornalboasnoticias.com.br\/home\/aviao-de-agencia-humanitaria-evangelica-e-sequestrado-no-sudao-do-sul\/#primaryimage"},"thumbnailUrl":"https:\/\/jornalboasnoticias.com.br\/home\/wp-content\/uploads\/2025\/12\/IMG_4115.jpeg","datePublished":"2025-12-04T20:19:48+00:00","description":"Avi\u00e3o de ag\u00eancia humanit\u00e1ria evang\u00e9lica \u00e9 sequestrado no Sud\u00e3o do Sul","breadcrumb":{"@id":"https:\/\/jornalboasnoticias.com.br\/home\/aviao-de-agencia-humanitaria-evangelica-e-sequestrado-no-sudao-do-sul\/#breadcrumb"},"inLanguage":"pt-BR","potentialAction":[{"@type":"ReadAction","target":["https:\/\/jornalboasnoticias.com.br\/home\/aviao-de-agencia-humanitaria-evangelica-e-sequestrado-no-sudao-do-sul\/"]}]},{"@type":"ImageObject","inLanguage":"pt-BR","@id":"https:\/\/jornalboasnoticias.com.br\/home\/aviao-de-agencia-humanitaria-evangelica-e-sequestrado-no-sudao-do-sul\/#primaryimage","url":"https:\/\/jornalboasnoticias.com.br\/home\/wp-content\/uploads\/2025\/12\/IMG_4115.jpeg","contentUrl":"https:\/\/jornalboasnoticias.com.br\/home\/wp-content\/uploads\/2025\/12\/IMG_4115.jpeg","width":1024,"height":682,"caption":"Cessna Grand Caravan, semelhante ao envolvido na ocorr\u00eancia \u2013 Imagem: flightlog \/ CC BY 2.0, via Wikimedia Commons"},{"@type":"BreadcrumbList","@id":"https:\/\/jornalboasnoticias.com.br\/home\/aviao-de-agencia-humanitaria-evangelica-e-sequestrado-no-sudao-do-sul\/#breadcrumb","itemListElement":[{"@type":"ListItem","position":1,"name":"In\u00edcio","item":"https:\/\/jornalboasnoticias.com.br\/home\/"},{"@type":"ListItem","position":2,"name":"Avi\u00e3o de ag\u00eancia humanit\u00e1ria evang\u00e9lica \u00e9 sequestrado no Sud\u00e3o do Sul"}]},{"@type":"WebSite","@id":"https:\/\/jornalboasnoticias.com.br\/home\/#website","url":"https:\/\/jornalboasnoticias.com.br\/home\/","name":"Jornal Boas Not\u00edcias","description":"Boas not\u00edcias","publisher":{"@id":"https:\/\/jornalboasnoticias.com.br\/home\/#organization"},"potentialAction":[{"@type":"SearchAction","target":{"@type":"EntryPoint","urlTemplate":"https:\/\/jornalboasnoticias.com.br\/home\/?s={search_term_string}"},"query-input":{"@type":"PropertyValueSpecification","valueRequired":true,"valueName":"search_term_string"}}],"inLanguage":"pt-BR"},{"@type":"Organization","@id":"https:\/\/jornalboasnoticias.com.br\/home\/#organization","name":"Coq Editora Ltda","alternateName":"Jornal Boas Noticias","url":"https:\/\/jornalboasnoticias.com.br\/home\/","logo":{"@type":"ImageObject","inLanguage":"pt-BR","@id":"https:\/\/jornalboasnoticias.com.br\/home\/#\/schema\/logo\/image\/","url":"https:\/\/jornalboasnoticias.com.br\/home\/wp-content\/uploads\/2024\/07\/cropped-logo.jpg","contentUrl":"https:\/\/jornalboasnoticias.com.br\/home\/wp-content\/uploads\/2024\/07\/cropped-logo.jpg","width":290,"height":142,"caption":"Coq Editora Ltda"},"image":{"@id":"https:\/\/jornalboasnoticias.com.br\/home\/#\/schema\/logo\/image\/"},"sameAs":["https:\/\/www.facebook.com\/boasnoticiasjornal"]},{"@type":"Person","@id":"https:\/\/jornalboasnoticias.com.br\/home\/#\/schema\/person\/75f9ebde398c998c166475fb446bda62","name":"Luiz Carlos da Cruz","image":{"@type":"ImageObject","inLanguage":"pt-BR","@id":"https:\/\/secure.gravatar.com\/avatar\/e6f4f45301b6cb8572f7b076572e8ac11c1db80e805d8c8d0858cf286ce3ac3b?s=96&d=mm&r=g","url":"https:\/\/secure.gravatar.com\/avatar\/e6f4f45301b6cb8572f7b076572e8ac11c1db80e805d8c8d0858cf286ce3ac3b?s=96&d=mm&r=g","contentUrl":"https:\/\/secure.gravatar.com\/avatar\/e6f4f45301b6cb8572f7b076572e8ac11c1db80e805d8c8d0858cf286ce3ac3b?s=96&d=mm&r=g","caption":"Luiz Carlos da Cruz"},"url":"https:\/\/jornalboasnoticias.com.br\/home\/author\/luiz-carlos-da-cruz\/"}]}},"_links":{"self":[{"href":"https:\/\/jornalboasnoticias.com.br\/home\/wp-json\/wp\/v2\/posts\/46693","targetHints":{"allow":["GET"]}}],"collection":[{"href":"https:\/\/jornalboasnoticias.com.br\/home\/wp-json\/wp\/v2\/posts"}],"about":[{"href":"https:\/\/jornalboasnoticias.com.br\/home\/wp-json\/wp\/v2\/types\/post"}],"author":[{"embeddable":true,"href":"https:\/\/jornalboasnoticias.com.br\/home\/wp-json\/wp\/v2\/users\/3"}],"replies":[{"embeddable":true,"href":"https:\/\/jornalboasnoticias.com.br\/home\/wp-json\/wp\/v2\/comments?post=46693"}],"version-history":[{"count":1,"href":"https:\/\/jornalboasnoticias.com.br\/home\/wp-json\/wp\/v2\/posts\/46693\/revisions"}],"predecessor-version":[{"id":46695,"href":"https:\/\/jornalboasnoticias.com.br\/home\/wp-json\/wp\/v2\/posts\/46693\/revisions\/46695"}],"wp:featuredmedia":[{"embeddable":true,"href":"https:\/\/jornalboasnoticias.com.br\/home\/wp-json\/wp\/v2\/media\/46694"}],"wp:attachment":[{"href":"https:\/\/jornalboasnoticias.com.br\/home\/wp-json\/wp\/v2\/media?parent=46693"}],"wp:term":[{"taxonomy":"category","embeddable":true,"href":"https:\/\/jornalboasnoticias.com.br\/home\/wp-json\/wp\/v2\/categories?post=46693"},{"taxonomy":"post_tag","embeddable":true,"href":"https:\/\/jornalboasnoticias.com.br\/home\/wp-json\/wp\/v2\/tags?post=46693"}],"curies":[{"name":"wp","href":"https:\/\/api.w.org\/{rel}","templated":true}]}}