{"id":46689,"date":"2025-12-04T20:03:58","date_gmt":"2025-12-04T20:03:58","guid":{"rendered":"https:\/\/jornalboasnoticias.com.br\/home\/?p=46689"},"modified":"2025-12-04T20:03:58","modified_gmt":"2025-12-04T20:03:58","slug":"stf-forma-maioria-para-condenar-cinco-pms-do-df-a-16-anos-pelo-8-1","status":"publish","type":"post","link":"https:\/\/jornalboasnoticias.com.br\/home\/stf-forma-maioria-para-condenar-cinco-pms-do-df-a-16-anos-pelo-8-1\/","title":{"rendered":"STF forma maioria para condenar cinco PMs do DF a 16 anos pelo 8\/1"},"content":{"rendered":"<blockquote>\n<p style=\"text-align: center;\">Eles s\u00e3o julgados por omiss\u00e3o na conten\u00e7\u00e3o dos atos golpistas<\/p>\n<\/blockquote>\n<figure id=\"attachment_46690\" aria-describedby=\"caption-attachment-46690\" style=\"width: 1000px\" class=\"wp-caption alignnone\"><img loading=\"lazy\" decoding=\"async\" class=\"size-full wp-image-46690\" src=\"https:\/\/jornalboasnoticias.com.br\/home\/wp-content\/uploads\/2025\/12\/IMG_4113-e1764878531225.webp\" alt=\"\" width=\"1000\" height=\"598\" \/><figcaption id=\"caption-attachment-46690\" class=\"wp-caption-text\">JO\u00c9DSON ALVES\/AGENCIA BRASIl<\/figcaption><\/figure>\n<p>A Primeira Turma do Supremo Tribunal Federal (STF) formou nesta quinta-feira (4) maioria de votos para condenar cinco ex-integrantes da c\u00fapula da Pol\u00edcia Militar do Distrito Federal a 16 anos de pris\u00e3o por omiss\u00e3o na conten\u00e7\u00e3o dos atos golpistas de 8 de janeiro de 2023.<img decoding=\"async\" src=\"https:\/\/agenciabrasil.ebc.com.br\/ebc.png?id=1670857&amp;o=node\" \/><img decoding=\"async\" src=\"https:\/\/agenciabrasil.ebc.com.br\/ebc.gif?id=1670857&amp;o=node\" \/><\/p>\n<p>At\u00e9 o momento, o placar do julgamento virtual est\u00e1 3 votos a 0 pela condena\u00e7\u00e3o de F\u00e1bio Augusto Vieira, ex-comandante-geral, Klepter Rosa Gon\u00e7alves, ex-subcomandante-geral, al\u00e9m dos coron\u00e9is Jorge Eduardo Barreto Naime, Paulo Jos\u00e9 Ferreira de Sousa e Marcelo Casimiro Vasconcelos.<\/p>\n<p>A maioria tamb\u00e9m se manifestou pela absolvi\u00e7\u00e3o do major Fl\u00e1vio Silvestre de Alencar e o tenente Rafael Pereira Martins por falta de provas.<\/p>\n<p>Os votos foram proferidos pelo relator, ministro Alexandre de Moraes, e os ministros Fl\u00e1vio Dino e Cristiano Zanin. Falta o voto da ministra C\u00e1rmen L\u00facia.<\/p>\n<p>A vota\u00e7\u00e3o eletr\u00f4nica come\u00e7ou na semana passada e ser\u00e1 encerrada nesta sexta-feira (5).<\/p>\n<p>No voto condutor do caso, Moraes entendeu que os r\u00e9us tiveram condutas omissas durante os atos golpistas e cometeram os crimes de aboli\u00e7\u00e3o violenta do Estado Democr\u00e1tico de Direito, golpe de Estado, dano qualificado e deteriora\u00e7\u00e3o do patrim\u00f4nio tombado.<\/p>\n<blockquote><p>&#8220;O arb\u00edtrio, a viol\u00eancia e a quebra dos princ\u00edpios republicanos, como se verificou com os atos criminosos perpetrados por multid\u00f5es que invadiram os pr\u00e9dios dos Tr\u00eas Poderes em 8 de janeiro de 2023, facilitados pela omiss\u00e3o dolosa de autoridades respons\u00e1veis pela seguran\u00e7a institucional&#8221;, argumentou o relator.<\/p><\/blockquote>\n<h2>Defesas<\/h2>\n<p>Durante a tramita\u00e7\u00e3o dos processos, as defesas dos acusados questionaram a realiza\u00e7\u00e3o do julgamento pelo STF e afirmaram que os acusados n\u00e3o t\u00eam foro privilegiado. Os advogados tamb\u00e9m alegaram cerceamento de defesa por falta de acesso total \u00e0 documenta\u00e7\u00e3o do processo.<\/p>\n<p><em>Ag\u00eancia Brasil<\/em><\/p>\n","protected":false},"excerpt":{"rendered":"<p>Eles s\u00e3o julgados por omiss\u00e3o na conten\u00e7\u00e3o dos atos golpistas A Primeira Turma do Supremo<\/p>\n","protected":false},"author":3,"featured_media":46690,"comment_status":"open","ping_status":"open","sticky":false,"template":"","format":"standard","meta":{"footnotes":""},"categories":[3,22],"tags":[],"class_list":["post-46689","post","type-post","status-publish","format-standard","has-post-thumbnail","hentry","category-destaques","category-justica"],"yoast_head":"<!-- This site is optimized with the Yoast SEO plugin v27.5 - https:\/\/yoast.com\/product\/yoast-seo-wordpress\/ -->\n<title>STF forma maioria para condenar cinco PMs do DF a 16 anos pelo 8\/1 - Jornal<\/title>\n<meta name=\"description\" content=\"STF forma maioria para condenar cinco PMs do DF a 16 anos pelo 8\/1\" \/>\n<meta name=\"robots\" content=\"index, follow, max-snippet:-1, max-image-preview:large, max-video-preview:-1\" \/>\n<link rel=\"canonical\" href=\"https:\/\/jornalboasnoticias.com.br\/home\/stf-forma-maioria-para-condenar-cinco-pms-do-df-a-16-anos-pelo-8-1\/\" \/>\n<meta property=\"og:locale\" content=\"pt_BR\" \/>\n<meta property=\"og:type\" content=\"article\" \/>\n<meta property=\"og:title\" content=\"STF forma maioria para condenar cinco PMs do DF a 16 anos pelo 8\/1 - Jornal\" \/>\n<meta property=\"og:description\" content=\"STF forma maioria para condenar cinco PMs do DF a 16 anos pelo 8\/1\" \/>\n<meta property=\"og:url\" content=\"https:\/\/jornalboasnoticias.com.br\/home\/stf-forma-maioria-para-condenar-cinco-pms-do-df-a-16-anos-pelo-8-1\/\" \/>\n<meta property=\"og:site_name\" content=\"Jornal\" \/>\n<meta property=\"article:publisher\" content=\"https:\/\/www.facebook.com\/boasnoticiasjornal\" \/>\n<meta property=\"article:published_time\" content=\"2025-12-04T20:03:58+00:00\" \/>\n<meta property=\"og:image\" content=\"https:\/\/jornalboasnoticias.com.br\/home\/wp-content\/uploads\/2025\/12\/IMG_4113-e1764878531225.webp\" \/>\n\t<meta property=\"og:image:width\" content=\"1000\" \/>\n\t<meta property=\"og:image:height\" content=\"598\" \/>\n\t<meta property=\"og:image:type\" content=\"image\/webp\" \/>\n<meta name=\"author\" content=\"Luiz Carlos da Cruz\" \/>\n<meta name=\"twitter:card\" content=\"summary_large_image\" \/>\n<meta name=\"twitter:label1\" content=\"Escrito por\" \/>\n\t<meta name=\"twitter:data1\" content=\"Luiz Carlos da Cruz\" \/>\n\t<meta name=\"twitter:label2\" content=\"Est. tempo de leitura\" \/>\n\t<meta name=\"twitter:data2\" content=\"3 minutos\" \/>\n<script type=\"application\/ld+json\" class=\"yoast-schema-graph\">{\"@context\":\"https:\\\/\\\/schema.org\",\"@graph\":[{\"@type\":\"Article\",\"@id\":\"https:\\\/\\\/jornalboasnoticias.com.br\\\/home\\\/stf-forma-maioria-para-condenar-cinco-pms-do-df-a-16-anos-pelo-8-1\\\/#article\",\"isPartOf\":{\"@id\":\"https:\\\/\\\/jornalboasnoticias.com.br\\\/home\\\/stf-forma-maioria-para-condenar-cinco-pms-do-df-a-16-anos-pelo-8-1\\\/\"},\"author\":{\"name\":\"Luiz Carlos da Cruz\",\"@id\":\"https:\\\/\\\/jornalboasnoticias.com.br\\\/home\\\/#\\\/schema\\\/person\\\/75f9ebde398c998c166475fb446bda62\"},\"headline\":\"STF forma maioria para condenar cinco PMs do DF a 16 anos pelo 8\\\/1\",\"datePublished\":\"2025-12-04T20:03:58+00:00\",\"mainEntityOfPage\":{\"@id\":\"https:\\\/\\\/jornalboasnoticias.com.br\\\/home\\\/stf-forma-maioria-para-condenar-cinco-pms-do-df-a-16-anos-pelo-8-1\\\/\"},\"wordCount\":342,\"commentCount\":0,\"publisher\":{\"@id\":\"https:\\\/\\\/jornalboasnoticias.com.br\\\/home\\\/#organization\"},\"image\":{\"@id\":\"https:\\\/\\\/jornalboasnoticias.com.br\\\/home\\\/stf-forma-maioria-para-condenar-cinco-pms-do-df-a-16-anos-pelo-8-1\\\/#primaryimage\"},\"thumbnailUrl\":\"https:\\\/\\\/jornalboasnoticias.com.br\\\/home\\\/wp-content\\\/uploads\\\/2025\\\/12\\\/IMG_4113-e1764878531225.webp\",\"articleSection\":[\"DESTAQUE\",\"JUSTI\u00c7A\"],\"inLanguage\":\"pt-BR\",\"potentialAction\":[{\"@type\":\"CommentAction\",\"name\":\"Comment\",\"target\":[\"https:\\\/\\\/jornalboasnoticias.com.br\\\/home\\\/stf-forma-maioria-para-condenar-cinco-pms-do-df-a-16-anos-pelo-8-1\\\/#respond\"]}]},{\"@type\":\"WebPage\",\"@id\":\"https:\\\/\\\/jornalboasnoticias.com.br\\\/home\\\/stf-forma-maioria-para-condenar-cinco-pms-do-df-a-16-anos-pelo-8-1\\\/\",\"url\":\"https:\\\/\\\/jornalboasnoticias.com.br\\\/home\\\/stf-forma-maioria-para-condenar-cinco-pms-do-df-a-16-anos-pelo-8-1\\\/\",\"name\":\"STF forma maioria para condenar cinco PMs do DF a 16 anos pelo 8\\\/1 - Jornal\",\"isPartOf\":{\"@id\":\"https:\\\/\\\/jornalboasnoticias.com.br\\\/home\\\/#website\"},\"primaryImageOfPage\":{\"@id\":\"https:\\\/\\\/jornalboasnoticias.com.br\\\/home\\\/stf-forma-maioria-para-condenar-cinco-pms-do-df-a-16-anos-pelo-8-1\\\/#primaryimage\"},\"image\":{\"@id\":\"https:\\\/\\\/jornalboasnoticias.com.br\\\/home\\\/stf-forma-maioria-para-condenar-cinco-pms-do-df-a-16-anos-pelo-8-1\\\/#primaryimage\"},\"thumbnailUrl\":\"https:\\\/\\\/jornalboasnoticias.com.br\\\/home\\\/wp-content\\\/uploads\\\/2025\\\/12\\\/IMG_4113-e1764878531225.webp\",\"datePublished\":\"2025-12-04T20:03:58+00:00\",\"description\":\"STF forma maioria para condenar cinco PMs do DF a 16 anos pelo 8\\\/1\",\"breadcrumb\":{\"@id\":\"https:\\\/\\\/jornalboasnoticias.com.br\\\/home\\\/stf-forma-maioria-para-condenar-cinco-pms-do-df-a-16-anos-pelo-8-1\\\/#breadcrumb\"},\"inLanguage\":\"pt-BR\",\"potentialAction\":[{\"@type\":\"ReadAction\",\"target\":[\"https:\\\/\\\/jornalboasnoticias.com.br\\\/home\\\/stf-forma-maioria-para-condenar-cinco-pms-do-df-a-16-anos-pelo-8-1\\\/\"]}]},{\"@type\":\"ImageObject\",\"inLanguage\":\"pt-BR\",\"@id\":\"https:\\\/\\\/jornalboasnoticias.com.br\\\/home\\\/stf-forma-maioria-para-condenar-cinco-pms-do-df-a-16-anos-pelo-8-1\\\/#primaryimage\",\"url\":\"https:\\\/\\\/jornalboasnoticias.com.br\\\/home\\\/wp-content\\\/uploads\\\/2025\\\/12\\\/IMG_4113-e1764878531225.webp\",\"contentUrl\":\"https:\\\/\\\/jornalboasnoticias.com.br\\\/home\\\/wp-content\\\/uploads\\\/2025\\\/12\\\/IMG_4113-e1764878531225.webp\",\"width\":1000,\"height\":598,\"caption\":\"JO\u00c9DSON ALVES\\\/AGENCIA BRASIl\"},{\"@type\":\"BreadcrumbList\",\"@id\":\"https:\\\/\\\/jornalboasnoticias.com.br\\\/home\\\/stf-forma-maioria-para-condenar-cinco-pms-do-df-a-16-anos-pelo-8-1\\\/#breadcrumb\",\"itemListElement\":[{\"@type\":\"ListItem\",\"position\":1,\"name\":\"In\u00edcio\",\"item\":\"https:\\\/\\\/jornalboasnoticias.com.br\\\/home\\\/\"},{\"@type\":\"ListItem\",\"position\":2,\"name\":\"STF forma maioria para condenar cinco PMs do DF a 16 anos pelo 8\\\/1\"}]},{\"@type\":\"WebSite\",\"@id\":\"https:\\\/\\\/jornalboasnoticias.com.br\\\/home\\\/#website\",\"url\":\"https:\\\/\\\/jornalboasnoticias.com.br\\\/home\\\/\",\"name\":\"Jornal Boas Not\u00edcias\",\"description\":\"Boas not\u00edcias\",\"publisher\":{\"@id\":\"https:\\\/\\\/jornalboasnoticias.com.br\\\/home\\\/#organization\"},\"potentialAction\":[{\"@type\":\"SearchAction\",\"target\":{\"@type\":\"EntryPoint\",\"urlTemplate\":\"https:\\\/\\\/jornalboasnoticias.com.br\\\/home\\\/?s={search_term_string}\"},\"query-input\":{\"@type\":\"PropertyValueSpecification\",\"valueRequired\":true,\"valueName\":\"search_term_string\"}}],\"inLanguage\":\"pt-BR\"},{\"@type\":\"Organization\",\"@id\":\"https:\\\/\\\/jornalboasnoticias.com.br\\\/home\\\/#organization\",\"name\":\"Coq Editora Ltda\",\"alternateName\":\"Jornal Boas Noticias\",\"url\":\"https:\\\/\\\/jornalboasnoticias.com.br\\\/home\\\/\",\"logo\":{\"@type\":\"ImageObject\",\"inLanguage\":\"pt-BR\",\"@id\":\"https:\\\/\\\/jornalboasnoticias.com.br\\\/home\\\/#\\\/schema\\\/logo\\\/image\\\/\",\"url\":\"https:\\\/\\\/jornalboasnoticias.com.br\\\/home\\\/wp-content\\\/uploads\\\/2024\\\/07\\\/cropped-logo.jpg\",\"contentUrl\":\"https:\\\/\\\/jornalboasnoticias.com.br\\\/home\\\/wp-content\\\/uploads\\\/2024\\\/07\\\/cropped-logo.jpg\",\"width\":290,\"height\":142,\"caption\":\"Coq Editora Ltda\"},\"image\":{\"@id\":\"https:\\\/\\\/jornalboasnoticias.com.br\\\/home\\\/#\\\/schema\\\/logo\\\/image\\\/\"},\"sameAs\":[\"https:\\\/\\\/www.facebook.com\\\/boasnoticiasjornal\"]},{\"@type\":\"Person\",\"@id\":\"https:\\\/\\\/jornalboasnoticias.com.br\\\/home\\\/#\\\/schema\\\/person\\\/75f9ebde398c998c166475fb446bda62\",\"name\":\"Luiz Carlos da Cruz\",\"image\":{\"@type\":\"ImageObject\",\"inLanguage\":\"pt-BR\",\"@id\":\"https:\\\/\\\/secure.gravatar.com\\\/avatar\\\/e6f4f45301b6cb8572f7b076572e8ac11c1db80e805d8c8d0858cf286ce3ac3b?s=96&d=mm&r=g\",\"url\":\"https:\\\/\\\/secure.gravatar.com\\\/avatar\\\/e6f4f45301b6cb8572f7b076572e8ac11c1db80e805d8c8d0858cf286ce3ac3b?s=96&d=mm&r=g\",\"contentUrl\":\"https:\\\/\\\/secure.gravatar.com\\\/avatar\\\/e6f4f45301b6cb8572f7b076572e8ac11c1db80e805d8c8d0858cf286ce3ac3b?s=96&d=mm&r=g\",\"caption\":\"Luiz Carlos da Cruz\"},\"url\":\"https:\\\/\\\/jornalboasnoticias.com.br\\\/home\\\/author\\\/luiz-carlos-da-cruz\\\/\"}]}<\/script>\n<!-- \/ Yoast SEO plugin. -->","yoast_head_json":{"title":"STF forma maioria para condenar cinco PMs do DF a 16 anos pelo 8\/1 - Jornal","description":"STF forma maioria para condenar cinco PMs do DF a 16 anos pelo 8\/1","robots":{"index":"index","follow":"follow","max-snippet":"max-snippet:-1","max-image-preview":"max-image-preview:large","max-video-preview":"max-video-preview:-1"},"canonical":"https:\/\/jornalboasnoticias.com.br\/home\/stf-forma-maioria-para-condenar-cinco-pms-do-df-a-16-anos-pelo-8-1\/","og_locale":"pt_BR","og_type":"article","og_title":"STF forma maioria para condenar cinco PMs do DF a 16 anos pelo 8\/1 - Jornal","og_description":"STF forma maioria para condenar cinco PMs do DF a 16 anos pelo 8\/1","og_url":"https:\/\/jornalboasnoticias.com.br\/home\/stf-forma-maioria-para-condenar-cinco-pms-do-df-a-16-anos-pelo-8-1\/","og_site_name":"Jornal","article_publisher":"https:\/\/www.facebook.com\/boasnoticiasjornal","article_published_time":"2025-12-04T20:03:58+00:00","og_image":[{"width":1000,"height":598,"url":"https:\/\/jornalboasnoticias.com.br\/home\/wp-content\/uploads\/2025\/12\/IMG_4113-e1764878531225.webp","type":"image\/webp"}],"author":"Luiz Carlos da Cruz","twitter_card":"summary_large_image","twitter_misc":{"Escrito por":"Luiz Carlos da Cruz","Est. tempo de leitura":"3 minutos"},"schema":{"@context":"https:\/\/schema.org","@graph":[{"@type":"Article","@id":"https:\/\/jornalboasnoticias.com.br\/home\/stf-forma-maioria-para-condenar-cinco-pms-do-df-a-16-anos-pelo-8-1\/#article","isPartOf":{"@id":"https:\/\/jornalboasnoticias.com.br\/home\/stf-forma-maioria-para-condenar-cinco-pms-do-df-a-16-anos-pelo-8-1\/"},"author":{"name":"Luiz Carlos da Cruz","@id":"https:\/\/jornalboasnoticias.com.br\/home\/#\/schema\/person\/75f9ebde398c998c166475fb446bda62"},"headline":"STF forma maioria para condenar cinco PMs do DF a 16 anos pelo 8\/1","datePublished":"2025-12-04T20:03:58+00:00","mainEntityOfPage":{"@id":"https:\/\/jornalboasnoticias.com.br\/home\/stf-forma-maioria-para-condenar-cinco-pms-do-df-a-16-anos-pelo-8-1\/"},"wordCount":342,"commentCount":0,"publisher":{"@id":"https:\/\/jornalboasnoticias.com.br\/home\/#organization"},"image":{"@id":"https:\/\/jornalboasnoticias.com.br\/home\/stf-forma-maioria-para-condenar-cinco-pms-do-df-a-16-anos-pelo-8-1\/#primaryimage"},"thumbnailUrl":"https:\/\/jornalboasnoticias.com.br\/home\/wp-content\/uploads\/2025\/12\/IMG_4113-e1764878531225.webp","articleSection":["DESTAQUE","JUSTI\u00c7A"],"inLanguage":"pt-BR","potentialAction":[{"@type":"CommentAction","name":"Comment","target":["https:\/\/jornalboasnoticias.com.br\/home\/stf-forma-maioria-para-condenar-cinco-pms-do-df-a-16-anos-pelo-8-1\/#respond"]}]},{"@type":"WebPage","@id":"https:\/\/jornalboasnoticias.com.br\/home\/stf-forma-maioria-para-condenar-cinco-pms-do-df-a-16-anos-pelo-8-1\/","url":"https:\/\/jornalboasnoticias.com.br\/home\/stf-forma-maioria-para-condenar-cinco-pms-do-df-a-16-anos-pelo-8-1\/","name":"STF forma maioria para condenar cinco PMs do DF a 16 anos pelo 8\/1 - Jornal","isPartOf":{"@id":"https:\/\/jornalboasnoticias.com.br\/home\/#website"},"primaryImageOfPage":{"@id":"https:\/\/jornalboasnoticias.com.br\/home\/stf-forma-maioria-para-condenar-cinco-pms-do-df-a-16-anos-pelo-8-1\/#primaryimage"},"image":{"@id":"https:\/\/jornalboasnoticias.com.br\/home\/stf-forma-maioria-para-condenar-cinco-pms-do-df-a-16-anos-pelo-8-1\/#primaryimage"},"thumbnailUrl":"https:\/\/jornalboasnoticias.com.br\/home\/wp-content\/uploads\/2025\/12\/IMG_4113-e1764878531225.webp","datePublished":"2025-12-04T20:03:58+00:00","description":"STF forma maioria para condenar cinco PMs do DF a 16 anos pelo 8\/1","breadcrumb":{"@id":"https:\/\/jornalboasnoticias.com.br\/home\/stf-forma-maioria-para-condenar-cinco-pms-do-df-a-16-anos-pelo-8-1\/#breadcrumb"},"inLanguage":"pt-BR","potentialAction":[{"@type":"ReadAction","target":["https:\/\/jornalboasnoticias.com.br\/home\/stf-forma-maioria-para-condenar-cinco-pms-do-df-a-16-anos-pelo-8-1\/"]}]},{"@type":"ImageObject","inLanguage":"pt-BR","@id":"https:\/\/jornalboasnoticias.com.br\/home\/stf-forma-maioria-para-condenar-cinco-pms-do-df-a-16-anos-pelo-8-1\/#primaryimage","url":"https:\/\/jornalboasnoticias.com.br\/home\/wp-content\/uploads\/2025\/12\/IMG_4113-e1764878531225.webp","contentUrl":"https:\/\/jornalboasnoticias.com.br\/home\/wp-content\/uploads\/2025\/12\/IMG_4113-e1764878531225.webp","width":1000,"height":598,"caption":"JO\u00c9DSON ALVES\/AGENCIA BRASIl"},{"@type":"BreadcrumbList","@id":"https:\/\/jornalboasnoticias.com.br\/home\/stf-forma-maioria-para-condenar-cinco-pms-do-df-a-16-anos-pelo-8-1\/#breadcrumb","itemListElement":[{"@type":"ListItem","position":1,"name":"In\u00edcio","item":"https:\/\/jornalboasnoticias.com.br\/home\/"},{"@type":"ListItem","position":2,"name":"STF forma maioria para condenar cinco PMs do DF a 16 anos pelo 8\/1"}]},{"@type":"WebSite","@id":"https:\/\/jornalboasnoticias.com.br\/home\/#website","url":"https:\/\/jornalboasnoticias.com.br\/home\/","name":"Jornal Boas Not\u00edcias","description":"Boas not\u00edcias","publisher":{"@id":"https:\/\/jornalboasnoticias.com.br\/home\/#organization"},"potentialAction":[{"@type":"SearchAction","target":{"@type":"EntryPoint","urlTemplate":"https:\/\/jornalboasnoticias.com.br\/home\/?s={search_term_string}"},"query-input":{"@type":"PropertyValueSpecification","valueRequired":true,"valueName":"search_term_string"}}],"inLanguage":"pt-BR"},{"@type":"Organization","@id":"https:\/\/jornalboasnoticias.com.br\/home\/#organization","name":"Coq Editora Ltda","alternateName":"Jornal Boas Noticias","url":"https:\/\/jornalboasnoticias.com.br\/home\/","logo":{"@type":"ImageObject","inLanguage":"pt-BR","@id":"https:\/\/jornalboasnoticias.com.br\/home\/#\/schema\/logo\/image\/","url":"https:\/\/jornalboasnoticias.com.br\/home\/wp-content\/uploads\/2024\/07\/cropped-logo.jpg","contentUrl":"https:\/\/jornalboasnoticias.com.br\/home\/wp-content\/uploads\/2024\/07\/cropped-logo.jpg","width":290,"height":142,"caption":"Coq Editora Ltda"},"image":{"@id":"https:\/\/jornalboasnoticias.com.br\/home\/#\/schema\/logo\/image\/"},"sameAs":["https:\/\/www.facebook.com\/boasnoticiasjornal"]},{"@type":"Person","@id":"https:\/\/jornalboasnoticias.com.br\/home\/#\/schema\/person\/75f9ebde398c998c166475fb446bda62","name":"Luiz Carlos da Cruz","image":{"@type":"ImageObject","inLanguage":"pt-BR","@id":"https:\/\/secure.gravatar.com\/avatar\/e6f4f45301b6cb8572f7b076572e8ac11c1db80e805d8c8d0858cf286ce3ac3b?s=96&d=mm&r=g","url":"https:\/\/secure.gravatar.com\/avatar\/e6f4f45301b6cb8572f7b076572e8ac11c1db80e805d8c8d0858cf286ce3ac3b?s=96&d=mm&r=g","contentUrl":"https:\/\/secure.gravatar.com\/avatar\/e6f4f45301b6cb8572f7b076572e8ac11c1db80e805d8c8d0858cf286ce3ac3b?s=96&d=mm&r=g","caption":"Luiz Carlos da Cruz"},"url":"https:\/\/jornalboasnoticias.com.br\/home\/author\/luiz-carlos-da-cruz\/"}]}},"_links":{"self":[{"href":"https:\/\/jornalboasnoticias.com.br\/home\/wp-json\/wp\/v2\/posts\/46689","targetHints":{"allow":["GET"]}}],"collection":[{"href":"https:\/\/jornalboasnoticias.com.br\/home\/wp-json\/wp\/v2\/posts"}],"about":[{"href":"https:\/\/jornalboasnoticias.com.br\/home\/wp-json\/wp\/v2\/types\/post"}],"author":[{"embeddable":true,"href":"https:\/\/jornalboasnoticias.com.br\/home\/wp-json\/wp\/v2\/users\/3"}],"replies":[{"embeddable":true,"href":"https:\/\/jornalboasnoticias.com.br\/home\/wp-json\/wp\/v2\/comments?post=46689"}],"version-history":[{"count":1,"href":"https:\/\/jornalboasnoticias.com.br\/home\/wp-json\/wp\/v2\/posts\/46689\/revisions"}],"predecessor-version":[{"id":46691,"href":"https:\/\/jornalboasnoticias.com.br\/home\/wp-json\/wp\/v2\/posts\/46689\/revisions\/46691"}],"wp:featuredmedia":[{"embeddable":true,"href":"https:\/\/jornalboasnoticias.com.br\/home\/wp-json\/wp\/v2\/media\/46690"}],"wp:attachment":[{"href":"https:\/\/jornalboasnoticias.com.br\/home\/wp-json\/wp\/v2\/media?parent=46689"}],"wp:term":[{"taxonomy":"category","embeddable":true,"href":"https:\/\/jornalboasnoticias.com.br\/home\/wp-json\/wp\/v2\/categories?post=46689"},{"taxonomy":"post_tag","embeddable":true,"href":"https:\/\/jornalboasnoticias.com.br\/home\/wp-json\/wp\/v2\/tags?post=46689"}],"curies":[{"name":"wp","href":"https:\/\/api.w.org\/{rel}","templated":true}]}}