{"id":46682,"date":"2025-12-04T15:04:14","date_gmt":"2025-12-04T15:04:14","guid":{"rendered":"https:\/\/jornalboasnoticias.com.br\/home\/?p=46682"},"modified":"2025-12-04T15:07:39","modified_gmt":"2025-12-04T15:07:39","slug":"coral-sanepar-resgata-a-magia-do-natal-em-apresentacao-gratuita-nesta-sexta-feira-5-em-frente-a-catedral","status":"publish","type":"post","link":"https:\/\/jornalboasnoticias.com.br\/home\/coral-sanepar-resgata-a-magia-do-natal-em-apresentacao-gratuita-nesta-sexta-feira-5-em-frente-a-catedral\/","title":{"rendered":"Coral Sanepar resgata a magia do Natal em apresenta\u00e7\u00e3o gratuita nesta sexta-feira (5), em frente \u00e0 Catedral"},"content":{"rendered":"<blockquote>\n<p style=\"text-align: center;\">Espet\u00e1culo ser\u00e1 \u00e0s 20h e promete encantar a popula\u00e7\u00e3o<\/p>\n<\/blockquote>\n<figure id=\"attachment_46684\" aria-describedby=\"caption-attachment-46684\" style=\"width: 700px\" class=\"wp-caption alignnone\"><img loading=\"lazy\" decoding=\"async\" class=\"size-full wp-image-46684\" src=\"https:\/\/jornalboasnoticias.com.br\/home\/wp-content\/uploads\/2025\/12\/IMG_4109.jpeg\" alt=\"\" width=\"700\" height=\"466\" srcset=\"https:\/\/jornalboasnoticias.com.br\/home\/wp-content\/uploads\/2025\/12\/IMG_4109.jpeg 700w, https:\/\/jornalboasnoticias.com.br\/home\/wp-content\/uploads\/2025\/12\/IMG_4109-300x200.jpeg 300w\" sizes=\"auto, (max-width: 700px) 100vw, 700px\" \/><figcaption id=\"caption-attachment-46684\" class=\"wp-caption-text\">Divulga\u00e7\u00e3o<\/figcaption><\/figure>\n<p>O Natal de Cascavel vai receber um toque mais cl\u00e1ssico nesta sexta-feira (5), com a apresenta\u00e7\u00e3o do Coral Sanepar, \u00e0s 20h, em um dos pontos mais simb\u00f3licos para esta \u00e9poca do ano: a base do Cruzeiro da Catedral Nossa Senhora Aparecida.<\/p>\n<p>Integrando a programa\u00e7\u00e3o de Natal de Luz e Paz da Prefeitura de Cascavel, por meio da Secretaria de Cultura, a apresenta\u00e7\u00e3o conta com 13 integrantes e a reg\u00eancia da maestra Cristiane Alexandre e do maestro Dirceu Saggin, respons\u00e1veis pela condu\u00e7\u00e3o art\u00edstica do grupo e pela curadoria do repert\u00f3rio apresentado no projeto.<\/p>\n<p style=\"text-align: center;\" align=\"center\"><strong>VEJA NA CANTAGALO TV (Inscreva-se no canal)<\/strong><\/p>\n<p style=\"text-align: center;\" align=\"center\" data-start=\"214\" data-end=\"512\"><strong><a href=\"https:\/\/youtu.be\/hnxhkukqgGk\">Uma colis\u00e3o elegante em Guarapuava<\/a><\/strong><\/p>\n<p style=\"text-align: center;\" align=\"center\" data-start=\"214\" data-end=\"512\"><strong><a href=\"https:\/\/youtu.be\/cUP0jLv6ngA\">Sob o olhar do Galo &#8211; Epis\u00f3dio 2 &#8211; Dr. Jesus Viegas<\/a><\/strong><\/p>\n<p>Com um repert\u00f3rio centrado na m\u00fasica brasileira, nesta temporada, o Coral inclui tamb\u00e9m can\u00e7\u00f5es natalinas, incorporando o clima do per\u00edodo e fortalecendo o car\u00e1ter coletivo e celebrativo das apresenta\u00e7\u00f5es.<\/p>\n<p>Cantos azuis<\/p>\n<p>O espet\u00e1culo faz parte do Projeto Cantos Azuis, uma a\u00e7\u00e3o que refor\u00e7a sua trajet\u00f3ria de mais de quatro d\u00e9cadas levando m\u00fasica e cultura \u00e0s comunidades paranaenses. Inspirado na rela\u00e7\u00e3o entre ambiente, pessoas e territ\u00f3rio, o projeto destaca a m\u00fasica brasileira em di\u00e1logo com o per\u00edodo festivo do ano, aproximando p\u00fablico e artistas em apresenta\u00e7\u00f5es gratuitas.<\/p>\n<p>O projeto Cantos Azuis foi concebido a partir da inspira\u00e7\u00e3o na \u00e1gua, na terra e na natureza, elementos presentes no cotidiano e tamb\u00e9m met\u00e1foras do nosso ambiente interior. O projeto amplia a presen\u00e7a cultural do Coral Sanepar no Estado, criando uma experi\u00eancia musical acess\u00edvel e voltada ao encontro com a comunidade. \u201cO Cantos Azuis \u00e9 um convite para perceber o ambiente que nos cerca e tamb\u00e9m o que cada um carrega dentro de si. A m\u00fasica brasileira nos aproxima das nossas ra\u00edzes e, neste momento do ano, as can\u00e7\u00f5es natalinas trazem um sentido de encontro e partilha. Queremos oferecer \u00e0s comunidades um momento de beleza, escuta e presen\u00e7a\u201d, observa a maestra Cristiane Alexandre<\/p>\n<p>Patroc\u00ednio<br \/>\nO projeto \u00e9 realizado com o incentivo da Sanepar, que reafirma seu compromisso com a sustentabilidade, a cultura e o relacionamento com a sociedade paranaense por meio de a\u00e7\u00f5es que aproximam a Companhia das comunidades onde atua.<\/p>\n<p>O coral<br \/>\nCriado em setembro de 1983, o Coral Sanepar \u00e9 uma das mais duradouras iniciativas culturais corporativas do Paran\u00e1. Em quatro d\u00e9cadas de atua\u00e7\u00e3o, o grupo tem promovido entretenimento, difus\u00e3o cultural e fortalecimento do relacionamento da Sanepar com a sociedade.<\/p>\n<p>Seu repert\u00f3rio, ancorado na riqueza da M\u00fasica Popular Brasileira, destaca temas que celebram a diversidade cultural, a beleza do meio ambiente e, especialmente, a valoriza\u00e7\u00e3o da \u00e1gua como bem comum. Mais do que m\u00fasica, o Coral leva ao p\u00fablico mensagens de consci\u00eancia ambiental, cidadania e sensibilidade art\u00edstica.<\/p>\n<p>Formado por empregados e ex-funcion\u00e1rios da Sanepar, o grupo est\u00e1 sob a reg\u00eancia da maestra Cristiane Alexandre e do maestro Dirceu Saggin. Suas apresenta\u00e7\u00f5es, sempre gratuitas e voltadas aos mais diversos p\u00fablicos, oferecem uma experi\u00eancia sonora plural e acess\u00edvel, combinando harmonia vocal e compromisso com causas sociais e ambientais.<\/p>\n<p>Ao longo de sua trajet\u00f3ria, o Coral Sanepar firmou parcerias memor\u00e1veis com grandes nomes da m\u00fasica brasileira, como M\u00f4nica Salmaso e Diogo Nogueira, e realizou, em 2024, uma turn\u00ea marcante ao lado de Jo\u00e3o Bosco, e em 2025 com Diogo Nogueira, reafirmando seu papel como agente cultural relevante no cen\u00e1rio art\u00edstico do pa\u00eds.<\/p>\n<p>Com sua atua\u00e7\u00e3o consistente e inspiradora, o Coral Sanepar refor\u00e7a os pilares que orientam as empresas mais avan\u00e7adas do mundo: sustentabilidade, cultura, inclus\u00e3o e conex\u00e3o genu\u00edna com as pessoas.<\/p>\n<p>&nbsp;<\/p>\n","protected":false},"excerpt":{"rendered":"<p>Espet\u00e1culo ser\u00e1 \u00e0s 20h e promete encantar a popula\u00e7\u00e3o O Natal de Cascavel vai receber<\/p>\n","protected":false},"author":3,"featured_media":46684,"comment_status":"open","ping_status":"open","sticky":false,"template":"","format":"standard","meta":{"footnotes":""},"categories":[2,3],"tags":[],"class_list":["post-46682","post","type-post","status-publish","format-standard","has-post-thumbnail","hentry","category-cascavel","category-destaques"],"yoast_head":"<!-- This site is optimized with the Yoast SEO plugin v27.5 - https:\/\/yoast.com\/product\/yoast-seo-wordpress\/ -->\n<title>Coral Sanepar resgata a magia do Natal em apresenta\u00e7\u00e3o gratuita nesta sexta-feira (5), em frente \u00e0 Catedral - Jornal<\/title>\n<meta name=\"description\" content=\"Coral Sanepar resgata a magia do Natal em apresenta\u00e7\u00e3o gratuita nesta sexta-feira (5), em frente \u00e0 Catedral\" \/>\n<meta name=\"robots\" content=\"index, follow, max-snippet:-1, max-image-preview:large, max-video-preview:-1\" \/>\n<link rel=\"canonical\" href=\"https:\/\/jornalboasnoticias.com.br\/home\/coral-sanepar-resgata-a-magia-do-natal-em-apresentacao-gratuita-nesta-sexta-feira-5-em-frente-a-catedral\/\" \/>\n<meta property=\"og:locale\" content=\"pt_BR\" \/>\n<meta property=\"og:type\" content=\"article\" \/>\n<meta property=\"og:title\" content=\"Coral Sanepar resgata a magia do Natal em apresenta\u00e7\u00e3o gratuita nesta sexta-feira (5), em frente \u00e0 Catedral - Jornal\" \/>\n<meta property=\"og:description\" content=\"Coral Sanepar resgata a magia do Natal em apresenta\u00e7\u00e3o gratuita nesta sexta-feira (5), em frente \u00e0 Catedral\" \/>\n<meta property=\"og:url\" content=\"https:\/\/jornalboasnoticias.com.br\/home\/coral-sanepar-resgata-a-magia-do-natal-em-apresentacao-gratuita-nesta-sexta-feira-5-em-frente-a-catedral\/\" \/>\n<meta property=\"og:site_name\" content=\"Jornal\" \/>\n<meta property=\"article:publisher\" content=\"https:\/\/www.facebook.com\/boasnoticiasjornal\" \/>\n<meta property=\"article:published_time\" content=\"2025-12-04T15:04:14+00:00\" \/>\n<meta property=\"article:modified_time\" content=\"2025-12-04T15:07:39+00:00\" \/>\n<meta property=\"og:image\" content=\"https:\/\/jornalboasnoticias.com.br\/home\/wp-content\/uploads\/2025\/12\/IMG_4109.jpeg\" \/>\n\t<meta property=\"og:image:width\" content=\"700\" \/>\n\t<meta property=\"og:image:height\" content=\"466\" \/>\n\t<meta property=\"og:image:type\" content=\"image\/jpeg\" \/>\n<meta name=\"author\" content=\"Luiz Carlos da Cruz\" \/>\n<meta name=\"twitter:card\" content=\"summary_large_image\" \/>\n<meta name=\"twitter:label1\" content=\"Escrito por\" \/>\n\t<meta name=\"twitter:data1\" content=\"Luiz Carlos da Cruz\" \/>\n\t<meta name=\"twitter:label2\" content=\"Est. tempo de leitura\" \/>\n\t<meta name=\"twitter:data2\" content=\"4 minutos\" \/>\n<script type=\"application\/ld+json\" class=\"yoast-schema-graph\">{\"@context\":\"https:\\\/\\\/schema.org\",\"@graph\":[{\"@type\":\"Article\",\"@id\":\"https:\\\/\\\/jornalboasnoticias.com.br\\\/home\\\/coral-sanepar-resgata-a-magia-do-natal-em-apresentacao-gratuita-nesta-sexta-feira-5-em-frente-a-catedral\\\/#article\",\"isPartOf\":{\"@id\":\"https:\\\/\\\/jornalboasnoticias.com.br\\\/home\\\/coral-sanepar-resgata-a-magia-do-natal-em-apresentacao-gratuita-nesta-sexta-feira-5-em-frente-a-catedral\\\/\"},\"author\":{\"name\":\"Luiz Carlos da Cruz\",\"@id\":\"https:\\\/\\\/jornalboasnoticias.com.br\\\/home\\\/#\\\/schema\\\/person\\\/75f9ebde398c998c166475fb446bda62\"},\"headline\":\"Coral Sanepar resgata a magia do Natal em apresenta\u00e7\u00e3o gratuita nesta sexta-feira (5), em frente \u00e0 Catedral\",\"datePublished\":\"2025-12-04T15:04:14+00:00\",\"dateModified\":\"2025-12-04T15:07:39+00:00\",\"mainEntityOfPage\":{\"@id\":\"https:\\\/\\\/jornalboasnoticias.com.br\\\/home\\\/coral-sanepar-resgata-a-magia-do-natal-em-apresentacao-gratuita-nesta-sexta-feira-5-em-frente-a-catedral\\\/\"},\"wordCount\":675,\"commentCount\":0,\"publisher\":{\"@id\":\"https:\\\/\\\/jornalboasnoticias.com.br\\\/home\\\/#organization\"},\"image\":{\"@id\":\"https:\\\/\\\/jornalboasnoticias.com.br\\\/home\\\/coral-sanepar-resgata-a-magia-do-natal-em-apresentacao-gratuita-nesta-sexta-feira-5-em-frente-a-catedral\\\/#primaryimage\"},\"thumbnailUrl\":\"https:\\\/\\\/jornalboasnoticias.com.br\\\/home\\\/wp-content\\\/uploads\\\/2025\\\/12\\\/IMG_4109.jpeg\",\"articleSection\":[\"CASCAVEL\",\"DESTAQUE\"],\"inLanguage\":\"pt-BR\",\"potentialAction\":[{\"@type\":\"CommentAction\",\"name\":\"Comment\",\"target\":[\"https:\\\/\\\/jornalboasnoticias.com.br\\\/home\\\/coral-sanepar-resgata-a-magia-do-natal-em-apresentacao-gratuita-nesta-sexta-feira-5-em-frente-a-catedral\\\/#respond\"]}]},{\"@type\":\"WebPage\",\"@id\":\"https:\\\/\\\/jornalboasnoticias.com.br\\\/home\\\/coral-sanepar-resgata-a-magia-do-natal-em-apresentacao-gratuita-nesta-sexta-feira-5-em-frente-a-catedral\\\/\",\"url\":\"https:\\\/\\\/jornalboasnoticias.com.br\\\/home\\\/coral-sanepar-resgata-a-magia-do-natal-em-apresentacao-gratuita-nesta-sexta-feira-5-em-frente-a-catedral\\\/\",\"name\":\"Coral Sanepar resgata a magia do Natal em apresenta\u00e7\u00e3o gratuita nesta sexta-feira (5), em frente \u00e0 Catedral - Jornal\",\"isPartOf\":{\"@id\":\"https:\\\/\\\/jornalboasnoticias.com.br\\\/home\\\/#website\"},\"primaryImageOfPage\":{\"@id\":\"https:\\\/\\\/jornalboasnoticias.com.br\\\/home\\\/coral-sanepar-resgata-a-magia-do-natal-em-apresentacao-gratuita-nesta-sexta-feira-5-em-frente-a-catedral\\\/#primaryimage\"},\"image\":{\"@id\":\"https:\\\/\\\/jornalboasnoticias.com.br\\\/home\\\/coral-sanepar-resgata-a-magia-do-natal-em-apresentacao-gratuita-nesta-sexta-feira-5-em-frente-a-catedral\\\/#primaryimage\"},\"thumbnailUrl\":\"https:\\\/\\\/jornalboasnoticias.com.br\\\/home\\\/wp-content\\\/uploads\\\/2025\\\/12\\\/IMG_4109.jpeg\",\"datePublished\":\"2025-12-04T15:04:14+00:00\",\"dateModified\":\"2025-12-04T15:07:39+00:00\",\"description\":\"Coral Sanepar resgata a magia do Natal em apresenta\u00e7\u00e3o gratuita nesta sexta-feira (5), em frente \u00e0 Catedral\",\"breadcrumb\":{\"@id\":\"https:\\\/\\\/jornalboasnoticias.com.br\\\/home\\\/coral-sanepar-resgata-a-magia-do-natal-em-apresentacao-gratuita-nesta-sexta-feira-5-em-frente-a-catedral\\\/#breadcrumb\"},\"inLanguage\":\"pt-BR\",\"potentialAction\":[{\"@type\":\"ReadAction\",\"target\":[\"https:\\\/\\\/jornalboasnoticias.com.br\\\/home\\\/coral-sanepar-resgata-a-magia-do-natal-em-apresentacao-gratuita-nesta-sexta-feira-5-em-frente-a-catedral\\\/\"]}]},{\"@type\":\"ImageObject\",\"inLanguage\":\"pt-BR\",\"@id\":\"https:\\\/\\\/jornalboasnoticias.com.br\\\/home\\\/coral-sanepar-resgata-a-magia-do-natal-em-apresentacao-gratuita-nesta-sexta-feira-5-em-frente-a-catedral\\\/#primaryimage\",\"url\":\"https:\\\/\\\/jornalboasnoticias.com.br\\\/home\\\/wp-content\\\/uploads\\\/2025\\\/12\\\/IMG_4109.jpeg\",\"contentUrl\":\"https:\\\/\\\/jornalboasnoticias.com.br\\\/home\\\/wp-content\\\/uploads\\\/2025\\\/12\\\/IMG_4109.jpeg\",\"width\":700,\"height\":466,\"caption\":\"Divulga\u00e7\u00e3o\"},{\"@type\":\"BreadcrumbList\",\"@id\":\"https:\\\/\\\/jornalboasnoticias.com.br\\\/home\\\/coral-sanepar-resgata-a-magia-do-natal-em-apresentacao-gratuita-nesta-sexta-feira-5-em-frente-a-catedral\\\/#breadcrumb\",\"itemListElement\":[{\"@type\":\"ListItem\",\"position\":1,\"name\":\"In\u00edcio\",\"item\":\"https:\\\/\\\/jornalboasnoticias.com.br\\\/home\\\/\"},{\"@type\":\"ListItem\",\"position\":2,\"name\":\"Coral Sanepar resgata a magia do Natal em apresenta\u00e7\u00e3o gratuita nesta sexta-feira (5), em frente \u00e0 Catedral\"}]},{\"@type\":\"WebSite\",\"@id\":\"https:\\\/\\\/jornalboasnoticias.com.br\\\/home\\\/#website\",\"url\":\"https:\\\/\\\/jornalboasnoticias.com.br\\\/home\\\/\",\"name\":\"Jornal Boas Not\u00edcias\",\"description\":\"Boas not\u00edcias\",\"publisher\":{\"@id\":\"https:\\\/\\\/jornalboasnoticias.com.br\\\/home\\\/#organization\"},\"potentialAction\":[{\"@type\":\"SearchAction\",\"target\":{\"@type\":\"EntryPoint\",\"urlTemplate\":\"https:\\\/\\\/jornalboasnoticias.com.br\\\/home\\\/?s={search_term_string}\"},\"query-input\":{\"@type\":\"PropertyValueSpecification\",\"valueRequired\":true,\"valueName\":\"search_term_string\"}}],\"inLanguage\":\"pt-BR\"},{\"@type\":\"Organization\",\"@id\":\"https:\\\/\\\/jornalboasnoticias.com.br\\\/home\\\/#organization\",\"name\":\"Coq Editora Ltda\",\"alternateName\":\"Jornal Boas Noticias\",\"url\":\"https:\\\/\\\/jornalboasnoticias.com.br\\\/home\\\/\",\"logo\":{\"@type\":\"ImageObject\",\"inLanguage\":\"pt-BR\",\"@id\":\"https:\\\/\\\/jornalboasnoticias.com.br\\\/home\\\/#\\\/schema\\\/logo\\\/image\\\/\",\"url\":\"https:\\\/\\\/jornalboasnoticias.com.br\\\/home\\\/wp-content\\\/uploads\\\/2024\\\/07\\\/cropped-logo.jpg\",\"contentUrl\":\"https:\\\/\\\/jornalboasnoticias.com.br\\\/home\\\/wp-content\\\/uploads\\\/2024\\\/07\\\/cropped-logo.jpg\",\"width\":290,\"height\":142,\"caption\":\"Coq Editora Ltda\"},\"image\":{\"@id\":\"https:\\\/\\\/jornalboasnoticias.com.br\\\/home\\\/#\\\/schema\\\/logo\\\/image\\\/\"},\"sameAs\":[\"https:\\\/\\\/www.facebook.com\\\/boasnoticiasjornal\"]},{\"@type\":\"Person\",\"@id\":\"https:\\\/\\\/jornalboasnoticias.com.br\\\/home\\\/#\\\/schema\\\/person\\\/75f9ebde398c998c166475fb446bda62\",\"name\":\"Luiz Carlos da Cruz\",\"image\":{\"@type\":\"ImageObject\",\"inLanguage\":\"pt-BR\",\"@id\":\"https:\\\/\\\/secure.gravatar.com\\\/avatar\\\/e6f4f45301b6cb8572f7b076572e8ac11c1db80e805d8c8d0858cf286ce3ac3b?s=96&d=mm&r=g\",\"url\":\"https:\\\/\\\/secure.gravatar.com\\\/avatar\\\/e6f4f45301b6cb8572f7b076572e8ac11c1db80e805d8c8d0858cf286ce3ac3b?s=96&d=mm&r=g\",\"contentUrl\":\"https:\\\/\\\/secure.gravatar.com\\\/avatar\\\/e6f4f45301b6cb8572f7b076572e8ac11c1db80e805d8c8d0858cf286ce3ac3b?s=96&d=mm&r=g\",\"caption\":\"Luiz Carlos da Cruz\"},\"url\":\"https:\\\/\\\/jornalboasnoticias.com.br\\\/home\\\/author\\\/luiz-carlos-da-cruz\\\/\"}]}<\/script>\n<!-- \/ Yoast SEO plugin. -->","yoast_head_json":{"title":"Coral Sanepar resgata a magia do Natal em apresenta\u00e7\u00e3o gratuita nesta sexta-feira (5), em frente \u00e0 Catedral - Jornal","description":"Coral Sanepar resgata a magia do Natal em apresenta\u00e7\u00e3o gratuita nesta sexta-feira (5), em frente \u00e0 Catedral","robots":{"index":"index","follow":"follow","max-snippet":"max-snippet:-1","max-image-preview":"max-image-preview:large","max-video-preview":"max-video-preview:-1"},"canonical":"https:\/\/jornalboasnoticias.com.br\/home\/coral-sanepar-resgata-a-magia-do-natal-em-apresentacao-gratuita-nesta-sexta-feira-5-em-frente-a-catedral\/","og_locale":"pt_BR","og_type":"article","og_title":"Coral Sanepar resgata a magia do Natal em apresenta\u00e7\u00e3o gratuita nesta sexta-feira (5), em frente \u00e0 Catedral - Jornal","og_description":"Coral Sanepar resgata a magia do Natal em apresenta\u00e7\u00e3o gratuita nesta sexta-feira (5), em frente \u00e0 Catedral","og_url":"https:\/\/jornalboasnoticias.com.br\/home\/coral-sanepar-resgata-a-magia-do-natal-em-apresentacao-gratuita-nesta-sexta-feira-5-em-frente-a-catedral\/","og_site_name":"Jornal","article_publisher":"https:\/\/www.facebook.com\/boasnoticiasjornal","article_published_time":"2025-12-04T15:04:14+00:00","article_modified_time":"2025-12-04T15:07:39+00:00","og_image":[{"width":700,"height":466,"url":"https:\/\/jornalboasnoticias.com.br\/home\/wp-content\/uploads\/2025\/12\/IMG_4109.jpeg","type":"image\/jpeg"}],"author":"Luiz Carlos da Cruz","twitter_card":"summary_large_image","twitter_misc":{"Escrito por":"Luiz Carlos da Cruz","Est. tempo de leitura":"4 minutos"},"schema":{"@context":"https:\/\/schema.org","@graph":[{"@type":"Article","@id":"https:\/\/jornalboasnoticias.com.br\/home\/coral-sanepar-resgata-a-magia-do-natal-em-apresentacao-gratuita-nesta-sexta-feira-5-em-frente-a-catedral\/#article","isPartOf":{"@id":"https:\/\/jornalboasnoticias.com.br\/home\/coral-sanepar-resgata-a-magia-do-natal-em-apresentacao-gratuita-nesta-sexta-feira-5-em-frente-a-catedral\/"},"author":{"name":"Luiz Carlos da Cruz","@id":"https:\/\/jornalboasnoticias.com.br\/home\/#\/schema\/person\/75f9ebde398c998c166475fb446bda62"},"headline":"Coral Sanepar resgata a magia do Natal em apresenta\u00e7\u00e3o gratuita nesta sexta-feira (5), em frente \u00e0 Catedral","datePublished":"2025-12-04T15:04:14+00:00","dateModified":"2025-12-04T15:07:39+00:00","mainEntityOfPage":{"@id":"https:\/\/jornalboasnoticias.com.br\/home\/coral-sanepar-resgata-a-magia-do-natal-em-apresentacao-gratuita-nesta-sexta-feira-5-em-frente-a-catedral\/"},"wordCount":675,"commentCount":0,"publisher":{"@id":"https:\/\/jornalboasnoticias.com.br\/home\/#organization"},"image":{"@id":"https:\/\/jornalboasnoticias.com.br\/home\/coral-sanepar-resgata-a-magia-do-natal-em-apresentacao-gratuita-nesta-sexta-feira-5-em-frente-a-catedral\/#primaryimage"},"thumbnailUrl":"https:\/\/jornalboasnoticias.com.br\/home\/wp-content\/uploads\/2025\/12\/IMG_4109.jpeg","articleSection":["CASCAVEL","DESTAQUE"],"inLanguage":"pt-BR","potentialAction":[{"@type":"CommentAction","name":"Comment","target":["https:\/\/jornalboasnoticias.com.br\/home\/coral-sanepar-resgata-a-magia-do-natal-em-apresentacao-gratuita-nesta-sexta-feira-5-em-frente-a-catedral\/#respond"]}]},{"@type":"WebPage","@id":"https:\/\/jornalboasnoticias.com.br\/home\/coral-sanepar-resgata-a-magia-do-natal-em-apresentacao-gratuita-nesta-sexta-feira-5-em-frente-a-catedral\/","url":"https:\/\/jornalboasnoticias.com.br\/home\/coral-sanepar-resgata-a-magia-do-natal-em-apresentacao-gratuita-nesta-sexta-feira-5-em-frente-a-catedral\/","name":"Coral Sanepar resgata a magia do Natal em apresenta\u00e7\u00e3o gratuita nesta sexta-feira (5), em frente \u00e0 Catedral - Jornal","isPartOf":{"@id":"https:\/\/jornalboasnoticias.com.br\/home\/#website"},"primaryImageOfPage":{"@id":"https:\/\/jornalboasnoticias.com.br\/home\/coral-sanepar-resgata-a-magia-do-natal-em-apresentacao-gratuita-nesta-sexta-feira-5-em-frente-a-catedral\/#primaryimage"},"image":{"@id":"https:\/\/jornalboasnoticias.com.br\/home\/coral-sanepar-resgata-a-magia-do-natal-em-apresentacao-gratuita-nesta-sexta-feira-5-em-frente-a-catedral\/#primaryimage"},"thumbnailUrl":"https:\/\/jornalboasnoticias.com.br\/home\/wp-content\/uploads\/2025\/12\/IMG_4109.jpeg","datePublished":"2025-12-04T15:04:14+00:00","dateModified":"2025-12-04T15:07:39+00:00","description":"Coral Sanepar resgata a magia do Natal em apresenta\u00e7\u00e3o gratuita nesta sexta-feira (5), em frente \u00e0 Catedral","breadcrumb":{"@id":"https:\/\/jornalboasnoticias.com.br\/home\/coral-sanepar-resgata-a-magia-do-natal-em-apresentacao-gratuita-nesta-sexta-feira-5-em-frente-a-catedral\/#breadcrumb"},"inLanguage":"pt-BR","potentialAction":[{"@type":"ReadAction","target":["https:\/\/jornalboasnoticias.com.br\/home\/coral-sanepar-resgata-a-magia-do-natal-em-apresentacao-gratuita-nesta-sexta-feira-5-em-frente-a-catedral\/"]}]},{"@type":"ImageObject","inLanguage":"pt-BR","@id":"https:\/\/jornalboasnoticias.com.br\/home\/coral-sanepar-resgata-a-magia-do-natal-em-apresentacao-gratuita-nesta-sexta-feira-5-em-frente-a-catedral\/#primaryimage","url":"https:\/\/jornalboasnoticias.com.br\/home\/wp-content\/uploads\/2025\/12\/IMG_4109.jpeg","contentUrl":"https:\/\/jornalboasnoticias.com.br\/home\/wp-content\/uploads\/2025\/12\/IMG_4109.jpeg","width":700,"height":466,"caption":"Divulga\u00e7\u00e3o"},{"@type":"BreadcrumbList","@id":"https:\/\/jornalboasnoticias.com.br\/home\/coral-sanepar-resgata-a-magia-do-natal-em-apresentacao-gratuita-nesta-sexta-feira-5-em-frente-a-catedral\/#breadcrumb","itemListElement":[{"@type":"ListItem","position":1,"name":"In\u00edcio","item":"https:\/\/jornalboasnoticias.com.br\/home\/"},{"@type":"ListItem","position":2,"name":"Coral Sanepar resgata a magia do Natal em apresenta\u00e7\u00e3o gratuita nesta sexta-feira (5), em frente \u00e0 Catedral"}]},{"@type":"WebSite","@id":"https:\/\/jornalboasnoticias.com.br\/home\/#website","url":"https:\/\/jornalboasnoticias.com.br\/home\/","name":"Jornal Boas Not\u00edcias","description":"Boas not\u00edcias","publisher":{"@id":"https:\/\/jornalboasnoticias.com.br\/home\/#organization"},"potentialAction":[{"@type":"SearchAction","target":{"@type":"EntryPoint","urlTemplate":"https:\/\/jornalboasnoticias.com.br\/home\/?s={search_term_string}"},"query-input":{"@type":"PropertyValueSpecification","valueRequired":true,"valueName":"search_term_string"}}],"inLanguage":"pt-BR"},{"@type":"Organization","@id":"https:\/\/jornalboasnoticias.com.br\/home\/#organization","name":"Coq Editora Ltda","alternateName":"Jornal Boas Noticias","url":"https:\/\/jornalboasnoticias.com.br\/home\/","logo":{"@type":"ImageObject","inLanguage":"pt-BR","@id":"https:\/\/jornalboasnoticias.com.br\/home\/#\/schema\/logo\/image\/","url":"https:\/\/jornalboasnoticias.com.br\/home\/wp-content\/uploads\/2024\/07\/cropped-logo.jpg","contentUrl":"https:\/\/jornalboasnoticias.com.br\/home\/wp-content\/uploads\/2024\/07\/cropped-logo.jpg","width":290,"height":142,"caption":"Coq Editora Ltda"},"image":{"@id":"https:\/\/jornalboasnoticias.com.br\/home\/#\/schema\/logo\/image\/"},"sameAs":["https:\/\/www.facebook.com\/boasnoticiasjornal"]},{"@type":"Person","@id":"https:\/\/jornalboasnoticias.com.br\/home\/#\/schema\/person\/75f9ebde398c998c166475fb446bda62","name":"Luiz Carlos da Cruz","image":{"@type":"ImageObject","inLanguage":"pt-BR","@id":"https:\/\/secure.gravatar.com\/avatar\/e6f4f45301b6cb8572f7b076572e8ac11c1db80e805d8c8d0858cf286ce3ac3b?s=96&d=mm&r=g","url":"https:\/\/secure.gravatar.com\/avatar\/e6f4f45301b6cb8572f7b076572e8ac11c1db80e805d8c8d0858cf286ce3ac3b?s=96&d=mm&r=g","contentUrl":"https:\/\/secure.gravatar.com\/avatar\/e6f4f45301b6cb8572f7b076572e8ac11c1db80e805d8c8d0858cf286ce3ac3b?s=96&d=mm&r=g","caption":"Luiz Carlos da Cruz"},"url":"https:\/\/jornalboasnoticias.com.br\/home\/author\/luiz-carlos-da-cruz\/"}]}},"_links":{"self":[{"href":"https:\/\/jornalboasnoticias.com.br\/home\/wp-json\/wp\/v2\/posts\/46682","targetHints":{"allow":["GET"]}}],"collection":[{"href":"https:\/\/jornalboasnoticias.com.br\/home\/wp-json\/wp\/v2\/posts"}],"about":[{"href":"https:\/\/jornalboasnoticias.com.br\/home\/wp-json\/wp\/v2\/types\/post"}],"author":[{"embeddable":true,"href":"https:\/\/jornalboasnoticias.com.br\/home\/wp-json\/wp\/v2\/users\/3"}],"replies":[{"embeddable":true,"href":"https:\/\/jornalboasnoticias.com.br\/home\/wp-json\/wp\/v2\/comments?post=46682"}],"version-history":[{"count":2,"href":"https:\/\/jornalboasnoticias.com.br\/home\/wp-json\/wp\/v2\/posts\/46682\/revisions"}],"predecessor-version":[{"id":46686,"href":"https:\/\/jornalboasnoticias.com.br\/home\/wp-json\/wp\/v2\/posts\/46682\/revisions\/46686"}],"wp:featuredmedia":[{"embeddable":true,"href":"https:\/\/jornalboasnoticias.com.br\/home\/wp-json\/wp\/v2\/media\/46684"}],"wp:attachment":[{"href":"https:\/\/jornalboasnoticias.com.br\/home\/wp-json\/wp\/v2\/media?parent=46682"}],"wp:term":[{"taxonomy":"category","embeddable":true,"href":"https:\/\/jornalboasnoticias.com.br\/home\/wp-json\/wp\/v2\/categories?post=46682"},{"taxonomy":"post_tag","embeddable":true,"href":"https:\/\/jornalboasnoticias.com.br\/home\/wp-json\/wp\/v2\/tags?post=46682"}],"curies":[{"name":"wp","href":"https:\/\/api.w.org\/{rel}","templated":true}]}}