{"id":46673,"date":"2025-12-04T14:08:35","date_gmt":"2025-12-04T14:08:35","guid":{"rendered":"https:\/\/jornalboasnoticias.com.br\/home\/?p=46673"},"modified":"2025-12-04T15:09:49","modified_gmt":"2025-12-04T15:09:49","slug":"pm-e-mulher-sao-presos-por-tentar-comprar-bebe-na-ilha-do-marajo","status":"publish","type":"post","link":"https:\/\/jornalboasnoticias.com.br\/home\/pm-e-mulher-sao-presos-por-tentar-comprar-bebe-na-ilha-do-marajo\/","title":{"rendered":"PM e mulher s\u00e3o presos por tentar comprar beb\u00ea na Ilha do Maraj\u00f3"},"content":{"rendered":"<blockquote>\n<p class=\"Text__TextBase-sc-1d75gww-0 eOYeiH noticiaCabecalho__subtitulo\" style=\"text-align: center;\">No quarto do hotel onde o PM estava hospedado, agentes encontraram uma mala contendo roupas de beb\u00eas, mamadeiras, fraldas, al\u00e9m de armas<\/p>\n<\/blockquote>\n<figure id=\"attachment_46674\" aria-describedby=\"caption-attachment-46674\" style=\"width: 1200px\" class=\"wp-caption alignnone\"><img loading=\"lazy\" decoding=\"async\" class=\"size-full wp-image-46674\" src=\"https:\/\/jornalboasnoticias.com.br\/home\/wp-content\/uploads\/2025\/12\/IMG_4105.webp\" alt=\"\" width=\"1200\" height=\"800\" srcset=\"https:\/\/jornalboasnoticias.com.br\/home\/wp-content\/uploads\/2025\/12\/IMG_4105.webp 1200w, https:\/\/jornalboasnoticias.com.br\/home\/wp-content\/uploads\/2025\/12\/IMG_4105-300x200.webp 300w, https:\/\/jornalboasnoticias.com.br\/home\/wp-content\/uploads\/2025\/12\/IMG_4105-1024x683.webp 1024w, https:\/\/jornalboasnoticias.com.br\/home\/wp-content\/uploads\/2025\/12\/IMG_4105-768x512.webp 768w, https:\/\/jornalboasnoticias.com.br\/home\/wp-content\/uploads\/2025\/12\/IMG_4105-900x600.webp 900w\" sizes=\"auto, (max-width: 1200px) 100vw, 1200px\" \/><figcaption id=\"caption-attachment-46674\" class=\"wp-caption-text\">Reprodu\u00e7\u00e3o \/ PC-PA<\/figcaption><\/figure>\n<p>Um policial militar de Goi\u00e1s e uma mulher foram presos na quarta-feira (3\/12) ap\u00f3s tentarem comprar um beb\u00ea no Par\u00e1. Os dois foram detidos a bordo de um barco que seguia em dire\u00e7\u00e3o ao munic\u00edpio de Portel, na regi\u00e3o do Maraj\u00f3.<\/p>\n<p>A a\u00e7\u00e3o ocorreu depois que a pol\u00edcia recebeu den\u00fancias de que um casal estaria oferecendo dinheiro para adquirir crian\u00e7as na ilha, tentando evitar os tr\u00e2mites legais do processo de ado\u00e7\u00e3o.<\/p>\n<p style=\"text-align: center;\" align=\"center\"><strong>VEJA NA CANTAGALO TV (Inscreva-se no canal)<\/strong><\/p>\n<p style=\"text-align: center;\" align=\"center\" data-start=\"214\" data-end=\"512\"><strong><a href=\"https:\/\/youtu.be\/hnxhkukqgGk\">Uma colis\u00e3o elegante em Guarapuava<\/a><\/strong><\/p>\n<p style=\"text-align: center;\" align=\"center\" data-start=\"214\" data-end=\"512\"><strong><a href=\"https:\/\/youtu.be\/cUP0jLv6ngA\">Sob o olhar do Galo &#8211; Epis\u00f3dio 2 &#8211; Dr. Jesus Viegas<\/a><\/strong><\/p>\n<p>O policial foi identificado como o 1\u00ba sargento Adedilco Alves Viana, lotado em Goi\u00e2nia (GO). Durante buscas no quarto de hotel onde ele havia se hospedado, agentes encontraram uma mala com roupas de beb\u00ea, mamadeiras e fraldas, al\u00e9m de armas e muni\u00e7\u00f5es.<\/p>\n<p>Uma crian\u00e7a de 8 anos, filha da mulher presa, foi encaminhada ao Conselho Tutelar de Portel.<\/p>\n<p>Em nota, a Pol\u00edcia Militar de Goi\u00e1s informou que o sargento foi afastado das fun\u00e7\u00f5es e que a corpora\u00e7\u00e3o est\u00e1 colaborando com as investiga\u00e7\u00f5es, cumprindo todas as determina\u00e7\u00f5es judiciais.<\/p>\n<p>A Pol\u00edcia Civil do Par\u00e1 instaurou um inqu\u00e9rito para apurar o caso. Segundo a corpora\u00e7\u00e3o, os dois suspeitos foram autuados em flagrante por tr\u00e1fico de pessoas. O material apreendido est\u00e1 sendo periciado, e testemunhas est\u00e3o sendo ouvidas para refor\u00e7ar as investiga\u00e7\u00f5es.<\/p>\n<p><em>Informa\u00e7\u00f5es Metr\u00f3poles\u00a0<\/em><\/p>\n","protected":false},"excerpt":{"rendered":"<p>No quarto do hotel onde o PM estava hospedado, agentes encontraram uma mala contendo roupas<\/p>\n","protected":false},"author":3,"featured_media":46674,"comment_status":"open","ping_status":"open","sticky":false,"template":"","format":"standard","meta":{"footnotes":""},"categories":[6,3],"tags":[],"class_list":["post-46673","post","type-post","status-publish","format-standard","has-post-thumbnail","hentry","category-brasil","category-destaques"],"yoast_head":"<!-- This site is optimized with the Yoast SEO plugin v27.5 - https:\/\/yoast.com\/product\/yoast-seo-wordpress\/ -->\n<title>PM e mulher s\u00e3o presos por tentar comprar beb\u00ea na Ilha do Maraj\u00f3 - Jornal<\/title>\n<meta name=\"description\" content=\"PM e mulher s\u00e3o presos por tentar comprar beb\u00ea na Ilha do Maraj\u00f3\" \/>\n<meta name=\"robots\" content=\"index, follow, max-snippet:-1, max-image-preview:large, max-video-preview:-1\" \/>\n<link rel=\"canonical\" href=\"https:\/\/jornalboasnoticias.com.br\/home\/pm-e-mulher-sao-presos-por-tentar-comprar-bebe-na-ilha-do-marajo\/\" \/>\n<meta property=\"og:locale\" content=\"pt_BR\" \/>\n<meta property=\"og:type\" content=\"article\" \/>\n<meta property=\"og:title\" content=\"PM e mulher s\u00e3o presos por tentar comprar beb\u00ea na Ilha do Maraj\u00f3 - Jornal\" \/>\n<meta property=\"og:description\" content=\"PM e mulher s\u00e3o presos por tentar comprar beb\u00ea na Ilha do Maraj\u00f3\" \/>\n<meta property=\"og:url\" content=\"https:\/\/jornalboasnoticias.com.br\/home\/pm-e-mulher-sao-presos-por-tentar-comprar-bebe-na-ilha-do-marajo\/\" \/>\n<meta property=\"og:site_name\" content=\"Jornal\" \/>\n<meta property=\"article:publisher\" content=\"https:\/\/www.facebook.com\/boasnoticiasjornal\" \/>\n<meta property=\"article:published_time\" content=\"2025-12-04T14:08:35+00:00\" \/>\n<meta property=\"article:modified_time\" content=\"2025-12-04T15:09:49+00:00\" \/>\n<meta property=\"og:image\" content=\"https:\/\/jornalboasnoticias.com.br\/home\/wp-content\/uploads\/2025\/12\/IMG_4105.webp\" \/>\n\t<meta property=\"og:image:width\" content=\"1200\" \/>\n\t<meta property=\"og:image:height\" content=\"800\" \/>\n\t<meta property=\"og:image:type\" content=\"image\/webp\" \/>\n<meta name=\"author\" content=\"Luiz Carlos da Cruz\" \/>\n<meta name=\"twitter:card\" content=\"summary_large_image\" \/>\n<meta name=\"twitter:label1\" content=\"Escrito por\" \/>\n\t<meta name=\"twitter:data1\" content=\"Luiz Carlos da Cruz\" \/>\n\t<meta name=\"twitter:label2\" content=\"Est. tempo de leitura\" \/>\n\t<meta name=\"twitter:data2\" content=\"2 minutos\" \/>\n<script type=\"application\/ld+json\" class=\"yoast-schema-graph\">{\"@context\":\"https:\\\/\\\/schema.org\",\"@graph\":[{\"@type\":\"Article\",\"@id\":\"https:\\\/\\\/jornalboasnoticias.com.br\\\/home\\\/pm-e-mulher-sao-presos-por-tentar-comprar-bebe-na-ilha-do-marajo\\\/#article\",\"isPartOf\":{\"@id\":\"https:\\\/\\\/jornalboasnoticias.com.br\\\/home\\\/pm-e-mulher-sao-presos-por-tentar-comprar-bebe-na-ilha-do-marajo\\\/\"},\"author\":{\"name\":\"Luiz Carlos da Cruz\",\"@id\":\"https:\\\/\\\/jornalboasnoticias.com.br\\\/home\\\/#\\\/schema\\\/person\\\/75f9ebde398c998c166475fb446bda62\"},\"headline\":\"PM e mulher s\u00e3o presos por tentar comprar beb\u00ea na Ilha do Maraj\u00f3\",\"datePublished\":\"2025-12-04T14:08:35+00:00\",\"dateModified\":\"2025-12-04T15:09:49+00:00\",\"mainEntityOfPage\":{\"@id\":\"https:\\\/\\\/jornalboasnoticias.com.br\\\/home\\\/pm-e-mulher-sao-presos-por-tentar-comprar-bebe-na-ilha-do-marajo\\\/\"},\"wordCount\":301,\"commentCount\":0,\"publisher\":{\"@id\":\"https:\\\/\\\/jornalboasnoticias.com.br\\\/home\\\/#organization\"},\"image\":{\"@id\":\"https:\\\/\\\/jornalboasnoticias.com.br\\\/home\\\/pm-e-mulher-sao-presos-por-tentar-comprar-bebe-na-ilha-do-marajo\\\/#primaryimage\"},\"thumbnailUrl\":\"https:\\\/\\\/jornalboasnoticias.com.br\\\/home\\\/wp-content\\\/uploads\\\/2025\\\/12\\\/IMG_4105.webp\",\"articleSection\":[\"BRASIL\",\"DESTAQUE\"],\"inLanguage\":\"pt-BR\",\"potentialAction\":[{\"@type\":\"CommentAction\",\"name\":\"Comment\",\"target\":[\"https:\\\/\\\/jornalboasnoticias.com.br\\\/home\\\/pm-e-mulher-sao-presos-por-tentar-comprar-bebe-na-ilha-do-marajo\\\/#respond\"]}]},{\"@type\":\"WebPage\",\"@id\":\"https:\\\/\\\/jornalboasnoticias.com.br\\\/home\\\/pm-e-mulher-sao-presos-por-tentar-comprar-bebe-na-ilha-do-marajo\\\/\",\"url\":\"https:\\\/\\\/jornalboasnoticias.com.br\\\/home\\\/pm-e-mulher-sao-presos-por-tentar-comprar-bebe-na-ilha-do-marajo\\\/\",\"name\":\"PM e mulher s\u00e3o presos por tentar comprar beb\u00ea na Ilha do Maraj\u00f3 - Jornal\",\"isPartOf\":{\"@id\":\"https:\\\/\\\/jornalboasnoticias.com.br\\\/home\\\/#website\"},\"primaryImageOfPage\":{\"@id\":\"https:\\\/\\\/jornalboasnoticias.com.br\\\/home\\\/pm-e-mulher-sao-presos-por-tentar-comprar-bebe-na-ilha-do-marajo\\\/#primaryimage\"},\"image\":{\"@id\":\"https:\\\/\\\/jornalboasnoticias.com.br\\\/home\\\/pm-e-mulher-sao-presos-por-tentar-comprar-bebe-na-ilha-do-marajo\\\/#primaryimage\"},\"thumbnailUrl\":\"https:\\\/\\\/jornalboasnoticias.com.br\\\/home\\\/wp-content\\\/uploads\\\/2025\\\/12\\\/IMG_4105.webp\",\"datePublished\":\"2025-12-04T14:08:35+00:00\",\"dateModified\":\"2025-12-04T15:09:49+00:00\",\"description\":\"PM e mulher s\u00e3o presos por tentar comprar beb\u00ea na Ilha do Maraj\u00f3\",\"breadcrumb\":{\"@id\":\"https:\\\/\\\/jornalboasnoticias.com.br\\\/home\\\/pm-e-mulher-sao-presos-por-tentar-comprar-bebe-na-ilha-do-marajo\\\/#breadcrumb\"},\"inLanguage\":\"pt-BR\",\"potentialAction\":[{\"@type\":\"ReadAction\",\"target\":[\"https:\\\/\\\/jornalboasnoticias.com.br\\\/home\\\/pm-e-mulher-sao-presos-por-tentar-comprar-bebe-na-ilha-do-marajo\\\/\"]}]},{\"@type\":\"ImageObject\",\"inLanguage\":\"pt-BR\",\"@id\":\"https:\\\/\\\/jornalboasnoticias.com.br\\\/home\\\/pm-e-mulher-sao-presos-por-tentar-comprar-bebe-na-ilha-do-marajo\\\/#primaryimage\",\"url\":\"https:\\\/\\\/jornalboasnoticias.com.br\\\/home\\\/wp-content\\\/uploads\\\/2025\\\/12\\\/IMG_4105.webp\",\"contentUrl\":\"https:\\\/\\\/jornalboasnoticias.com.br\\\/home\\\/wp-content\\\/uploads\\\/2025\\\/12\\\/IMG_4105.webp\",\"width\":1200,\"height\":800,\"caption\":\"Reprodu\u00e7\u00e3o \\\/ PC-PA\"},{\"@type\":\"BreadcrumbList\",\"@id\":\"https:\\\/\\\/jornalboasnoticias.com.br\\\/home\\\/pm-e-mulher-sao-presos-por-tentar-comprar-bebe-na-ilha-do-marajo\\\/#breadcrumb\",\"itemListElement\":[{\"@type\":\"ListItem\",\"position\":1,\"name\":\"In\u00edcio\",\"item\":\"https:\\\/\\\/jornalboasnoticias.com.br\\\/home\\\/\"},{\"@type\":\"ListItem\",\"position\":2,\"name\":\"PM e mulher s\u00e3o presos por tentar comprar beb\u00ea na Ilha do Maraj\u00f3\"}]},{\"@type\":\"WebSite\",\"@id\":\"https:\\\/\\\/jornalboasnoticias.com.br\\\/home\\\/#website\",\"url\":\"https:\\\/\\\/jornalboasnoticias.com.br\\\/home\\\/\",\"name\":\"Jornal Boas Not\u00edcias\",\"description\":\"Boas not\u00edcias\",\"publisher\":{\"@id\":\"https:\\\/\\\/jornalboasnoticias.com.br\\\/home\\\/#organization\"},\"potentialAction\":[{\"@type\":\"SearchAction\",\"target\":{\"@type\":\"EntryPoint\",\"urlTemplate\":\"https:\\\/\\\/jornalboasnoticias.com.br\\\/home\\\/?s={search_term_string}\"},\"query-input\":{\"@type\":\"PropertyValueSpecification\",\"valueRequired\":true,\"valueName\":\"search_term_string\"}}],\"inLanguage\":\"pt-BR\"},{\"@type\":\"Organization\",\"@id\":\"https:\\\/\\\/jornalboasnoticias.com.br\\\/home\\\/#organization\",\"name\":\"Coq Editora Ltda\",\"alternateName\":\"Jornal Boas Noticias\",\"url\":\"https:\\\/\\\/jornalboasnoticias.com.br\\\/home\\\/\",\"logo\":{\"@type\":\"ImageObject\",\"inLanguage\":\"pt-BR\",\"@id\":\"https:\\\/\\\/jornalboasnoticias.com.br\\\/home\\\/#\\\/schema\\\/logo\\\/image\\\/\",\"url\":\"https:\\\/\\\/jornalboasnoticias.com.br\\\/home\\\/wp-content\\\/uploads\\\/2024\\\/07\\\/cropped-logo.jpg\",\"contentUrl\":\"https:\\\/\\\/jornalboasnoticias.com.br\\\/home\\\/wp-content\\\/uploads\\\/2024\\\/07\\\/cropped-logo.jpg\",\"width\":290,\"height\":142,\"caption\":\"Coq Editora Ltda\"},\"image\":{\"@id\":\"https:\\\/\\\/jornalboasnoticias.com.br\\\/home\\\/#\\\/schema\\\/logo\\\/image\\\/\"},\"sameAs\":[\"https:\\\/\\\/www.facebook.com\\\/boasnoticiasjornal\"]},{\"@type\":\"Person\",\"@id\":\"https:\\\/\\\/jornalboasnoticias.com.br\\\/home\\\/#\\\/schema\\\/person\\\/75f9ebde398c998c166475fb446bda62\",\"name\":\"Luiz Carlos da Cruz\",\"image\":{\"@type\":\"ImageObject\",\"inLanguage\":\"pt-BR\",\"@id\":\"https:\\\/\\\/secure.gravatar.com\\\/avatar\\\/e6f4f45301b6cb8572f7b076572e8ac11c1db80e805d8c8d0858cf286ce3ac3b?s=96&d=mm&r=g\",\"url\":\"https:\\\/\\\/secure.gravatar.com\\\/avatar\\\/e6f4f45301b6cb8572f7b076572e8ac11c1db80e805d8c8d0858cf286ce3ac3b?s=96&d=mm&r=g\",\"contentUrl\":\"https:\\\/\\\/secure.gravatar.com\\\/avatar\\\/e6f4f45301b6cb8572f7b076572e8ac11c1db80e805d8c8d0858cf286ce3ac3b?s=96&d=mm&r=g\",\"caption\":\"Luiz Carlos da Cruz\"},\"url\":\"https:\\\/\\\/jornalboasnoticias.com.br\\\/home\\\/author\\\/luiz-carlos-da-cruz\\\/\"}]}<\/script>\n<!-- \/ Yoast SEO plugin. -->","yoast_head_json":{"title":"PM e mulher s\u00e3o presos por tentar comprar beb\u00ea na Ilha do Maraj\u00f3 - Jornal","description":"PM e mulher s\u00e3o presos por tentar comprar beb\u00ea na Ilha do Maraj\u00f3","robots":{"index":"index","follow":"follow","max-snippet":"max-snippet:-1","max-image-preview":"max-image-preview:large","max-video-preview":"max-video-preview:-1"},"canonical":"https:\/\/jornalboasnoticias.com.br\/home\/pm-e-mulher-sao-presos-por-tentar-comprar-bebe-na-ilha-do-marajo\/","og_locale":"pt_BR","og_type":"article","og_title":"PM e mulher s\u00e3o presos por tentar comprar beb\u00ea na Ilha do Maraj\u00f3 - Jornal","og_description":"PM e mulher s\u00e3o presos por tentar comprar beb\u00ea na Ilha do Maraj\u00f3","og_url":"https:\/\/jornalboasnoticias.com.br\/home\/pm-e-mulher-sao-presos-por-tentar-comprar-bebe-na-ilha-do-marajo\/","og_site_name":"Jornal","article_publisher":"https:\/\/www.facebook.com\/boasnoticiasjornal","article_published_time":"2025-12-04T14:08:35+00:00","article_modified_time":"2025-12-04T15:09:49+00:00","og_image":[{"width":1200,"height":800,"url":"https:\/\/jornalboasnoticias.com.br\/home\/wp-content\/uploads\/2025\/12\/IMG_4105.webp","type":"image\/webp"}],"author":"Luiz Carlos da Cruz","twitter_card":"summary_large_image","twitter_misc":{"Escrito por":"Luiz Carlos da Cruz","Est. tempo de leitura":"2 minutos"},"schema":{"@context":"https:\/\/schema.org","@graph":[{"@type":"Article","@id":"https:\/\/jornalboasnoticias.com.br\/home\/pm-e-mulher-sao-presos-por-tentar-comprar-bebe-na-ilha-do-marajo\/#article","isPartOf":{"@id":"https:\/\/jornalboasnoticias.com.br\/home\/pm-e-mulher-sao-presos-por-tentar-comprar-bebe-na-ilha-do-marajo\/"},"author":{"name":"Luiz Carlos da Cruz","@id":"https:\/\/jornalboasnoticias.com.br\/home\/#\/schema\/person\/75f9ebde398c998c166475fb446bda62"},"headline":"PM e mulher s\u00e3o presos por tentar comprar beb\u00ea na Ilha do Maraj\u00f3","datePublished":"2025-12-04T14:08:35+00:00","dateModified":"2025-12-04T15:09:49+00:00","mainEntityOfPage":{"@id":"https:\/\/jornalboasnoticias.com.br\/home\/pm-e-mulher-sao-presos-por-tentar-comprar-bebe-na-ilha-do-marajo\/"},"wordCount":301,"commentCount":0,"publisher":{"@id":"https:\/\/jornalboasnoticias.com.br\/home\/#organization"},"image":{"@id":"https:\/\/jornalboasnoticias.com.br\/home\/pm-e-mulher-sao-presos-por-tentar-comprar-bebe-na-ilha-do-marajo\/#primaryimage"},"thumbnailUrl":"https:\/\/jornalboasnoticias.com.br\/home\/wp-content\/uploads\/2025\/12\/IMG_4105.webp","articleSection":["BRASIL","DESTAQUE"],"inLanguage":"pt-BR","potentialAction":[{"@type":"CommentAction","name":"Comment","target":["https:\/\/jornalboasnoticias.com.br\/home\/pm-e-mulher-sao-presos-por-tentar-comprar-bebe-na-ilha-do-marajo\/#respond"]}]},{"@type":"WebPage","@id":"https:\/\/jornalboasnoticias.com.br\/home\/pm-e-mulher-sao-presos-por-tentar-comprar-bebe-na-ilha-do-marajo\/","url":"https:\/\/jornalboasnoticias.com.br\/home\/pm-e-mulher-sao-presos-por-tentar-comprar-bebe-na-ilha-do-marajo\/","name":"PM e mulher s\u00e3o presos por tentar comprar beb\u00ea na Ilha do Maraj\u00f3 - Jornal","isPartOf":{"@id":"https:\/\/jornalboasnoticias.com.br\/home\/#website"},"primaryImageOfPage":{"@id":"https:\/\/jornalboasnoticias.com.br\/home\/pm-e-mulher-sao-presos-por-tentar-comprar-bebe-na-ilha-do-marajo\/#primaryimage"},"image":{"@id":"https:\/\/jornalboasnoticias.com.br\/home\/pm-e-mulher-sao-presos-por-tentar-comprar-bebe-na-ilha-do-marajo\/#primaryimage"},"thumbnailUrl":"https:\/\/jornalboasnoticias.com.br\/home\/wp-content\/uploads\/2025\/12\/IMG_4105.webp","datePublished":"2025-12-04T14:08:35+00:00","dateModified":"2025-12-04T15:09:49+00:00","description":"PM e mulher s\u00e3o presos por tentar comprar beb\u00ea na Ilha do Maraj\u00f3","breadcrumb":{"@id":"https:\/\/jornalboasnoticias.com.br\/home\/pm-e-mulher-sao-presos-por-tentar-comprar-bebe-na-ilha-do-marajo\/#breadcrumb"},"inLanguage":"pt-BR","potentialAction":[{"@type":"ReadAction","target":["https:\/\/jornalboasnoticias.com.br\/home\/pm-e-mulher-sao-presos-por-tentar-comprar-bebe-na-ilha-do-marajo\/"]}]},{"@type":"ImageObject","inLanguage":"pt-BR","@id":"https:\/\/jornalboasnoticias.com.br\/home\/pm-e-mulher-sao-presos-por-tentar-comprar-bebe-na-ilha-do-marajo\/#primaryimage","url":"https:\/\/jornalboasnoticias.com.br\/home\/wp-content\/uploads\/2025\/12\/IMG_4105.webp","contentUrl":"https:\/\/jornalboasnoticias.com.br\/home\/wp-content\/uploads\/2025\/12\/IMG_4105.webp","width":1200,"height":800,"caption":"Reprodu\u00e7\u00e3o \/ PC-PA"},{"@type":"BreadcrumbList","@id":"https:\/\/jornalboasnoticias.com.br\/home\/pm-e-mulher-sao-presos-por-tentar-comprar-bebe-na-ilha-do-marajo\/#breadcrumb","itemListElement":[{"@type":"ListItem","position":1,"name":"In\u00edcio","item":"https:\/\/jornalboasnoticias.com.br\/home\/"},{"@type":"ListItem","position":2,"name":"PM e mulher s\u00e3o presos por tentar comprar beb\u00ea na Ilha do Maraj\u00f3"}]},{"@type":"WebSite","@id":"https:\/\/jornalboasnoticias.com.br\/home\/#website","url":"https:\/\/jornalboasnoticias.com.br\/home\/","name":"Jornal Boas Not\u00edcias","description":"Boas not\u00edcias","publisher":{"@id":"https:\/\/jornalboasnoticias.com.br\/home\/#organization"},"potentialAction":[{"@type":"SearchAction","target":{"@type":"EntryPoint","urlTemplate":"https:\/\/jornalboasnoticias.com.br\/home\/?s={search_term_string}"},"query-input":{"@type":"PropertyValueSpecification","valueRequired":true,"valueName":"search_term_string"}}],"inLanguage":"pt-BR"},{"@type":"Organization","@id":"https:\/\/jornalboasnoticias.com.br\/home\/#organization","name":"Coq Editora Ltda","alternateName":"Jornal Boas Noticias","url":"https:\/\/jornalboasnoticias.com.br\/home\/","logo":{"@type":"ImageObject","inLanguage":"pt-BR","@id":"https:\/\/jornalboasnoticias.com.br\/home\/#\/schema\/logo\/image\/","url":"https:\/\/jornalboasnoticias.com.br\/home\/wp-content\/uploads\/2024\/07\/cropped-logo.jpg","contentUrl":"https:\/\/jornalboasnoticias.com.br\/home\/wp-content\/uploads\/2024\/07\/cropped-logo.jpg","width":290,"height":142,"caption":"Coq Editora Ltda"},"image":{"@id":"https:\/\/jornalboasnoticias.com.br\/home\/#\/schema\/logo\/image\/"},"sameAs":["https:\/\/www.facebook.com\/boasnoticiasjornal"]},{"@type":"Person","@id":"https:\/\/jornalboasnoticias.com.br\/home\/#\/schema\/person\/75f9ebde398c998c166475fb446bda62","name":"Luiz Carlos da Cruz","image":{"@type":"ImageObject","inLanguage":"pt-BR","@id":"https:\/\/secure.gravatar.com\/avatar\/e6f4f45301b6cb8572f7b076572e8ac11c1db80e805d8c8d0858cf286ce3ac3b?s=96&d=mm&r=g","url":"https:\/\/secure.gravatar.com\/avatar\/e6f4f45301b6cb8572f7b076572e8ac11c1db80e805d8c8d0858cf286ce3ac3b?s=96&d=mm&r=g","contentUrl":"https:\/\/secure.gravatar.com\/avatar\/e6f4f45301b6cb8572f7b076572e8ac11c1db80e805d8c8d0858cf286ce3ac3b?s=96&d=mm&r=g","caption":"Luiz Carlos da Cruz"},"url":"https:\/\/jornalboasnoticias.com.br\/home\/author\/luiz-carlos-da-cruz\/"}]}},"_links":{"self":[{"href":"https:\/\/jornalboasnoticias.com.br\/home\/wp-json\/wp\/v2\/posts\/46673","targetHints":{"allow":["GET"]}}],"collection":[{"href":"https:\/\/jornalboasnoticias.com.br\/home\/wp-json\/wp\/v2\/posts"}],"about":[{"href":"https:\/\/jornalboasnoticias.com.br\/home\/wp-json\/wp\/v2\/types\/post"}],"author":[{"embeddable":true,"href":"https:\/\/jornalboasnoticias.com.br\/home\/wp-json\/wp\/v2\/users\/3"}],"replies":[{"embeddable":true,"href":"https:\/\/jornalboasnoticias.com.br\/home\/wp-json\/wp\/v2\/comments?post=46673"}],"version-history":[{"count":2,"href":"https:\/\/jornalboasnoticias.com.br\/home\/wp-json\/wp\/v2\/posts\/46673\/revisions"}],"predecessor-version":[{"id":46688,"href":"https:\/\/jornalboasnoticias.com.br\/home\/wp-json\/wp\/v2\/posts\/46673\/revisions\/46688"}],"wp:featuredmedia":[{"embeddable":true,"href":"https:\/\/jornalboasnoticias.com.br\/home\/wp-json\/wp\/v2\/media\/46674"}],"wp:attachment":[{"href":"https:\/\/jornalboasnoticias.com.br\/home\/wp-json\/wp\/v2\/media?parent=46673"}],"wp:term":[{"taxonomy":"category","embeddable":true,"href":"https:\/\/jornalboasnoticias.com.br\/home\/wp-json\/wp\/v2\/categories?post=46673"},{"taxonomy":"post_tag","embeddable":true,"href":"https:\/\/jornalboasnoticias.com.br\/home\/wp-json\/wp\/v2\/tags?post=46673"}],"curies":[{"name":"wp","href":"https:\/\/api.w.org\/{rel}","templated":true}]}}