{"id":46670,"date":"2025-12-04T13:53:51","date_gmt":"2025-12-04T13:53:51","guid":{"rendered":"https:\/\/jornalboasnoticias.com.br\/home\/?p=46670"},"modified":"2025-12-04T14:08:45","modified_gmt":"2025-12-04T14:08:45","slug":"secretaria-de-saude-de-cascavel-recebe-autorizacao-e-tera-primeira-turma-de-residencia-em-psiquiatria-do-municipio","status":"publish","type":"post","link":"https:\/\/jornalboasnoticias.com.br\/home\/secretaria-de-saude-de-cascavel-recebe-autorizacao-e-tera-primeira-turma-de-residencia-em-psiquiatria-do-municipio\/","title":{"rendered":"Secretaria de Sa\u00fade de Cascavel recebe autoriza\u00e7\u00e3o e ter\u00e1 primeira turma de resid\u00eancia em psiquiatria do Munic\u00edpio"},"content":{"rendered":"<blockquote>\n<p style=\"text-align: center;\">Programa \u00e9 aprovado pela Comiss\u00e3o Nacional de Resid\u00eancia M\u00e9dica e refor\u00e7a capacita\u00e7\u00e3o de profissionais para cuidar da sa\u00fade mental<\/p>\n<\/blockquote>\n<figure id=\"attachment_46671\" aria-describedby=\"caption-attachment-46671\" style=\"width: 911px\" class=\"wp-caption alignnone\"><img loading=\"lazy\" decoding=\"async\" class=\"size-full wp-image-46671\" src=\"https:\/\/jornalboasnoticias.com.br\/home\/wp-content\/uploads\/2025\/12\/IMG_4103.png\" alt=\"\" width=\"911\" height=\"607\" srcset=\"https:\/\/jornalboasnoticias.com.br\/home\/wp-content\/uploads\/2025\/12\/IMG_4103.png 911w, https:\/\/jornalboasnoticias.com.br\/home\/wp-content\/uploads\/2025\/12\/IMG_4103-300x200.png 300w, https:\/\/jornalboasnoticias.com.br\/home\/wp-content\/uploads\/2025\/12\/IMG_4103-768x512.png 768w, https:\/\/jornalboasnoticias.com.br\/home\/wp-content\/uploads\/2025\/12\/IMG_4103-900x600.png 900w\" sizes=\"auto, (max-width: 911px) 100vw, 911px\" \/><figcaption id=\"caption-attachment-46671\" class=\"wp-caption-text\">Divulga\u00e7\u00e3o<\/figcaption><\/figure>\n<p>A Secretaria de Sa\u00fade de Cascavel acaba de ter mais uma grande conquista: o Programa de Resid\u00eancia M\u00e9dica em Psiquiatria, que foi aprovado pela Comiss\u00e3o Nacional de Resid\u00eancia M\u00e9dica, e ter\u00e1 sua primeira turma j\u00e1 em mar\u00e7o de 2026. Ser\u00e3o ofertadas quatro vagas, com processo seletivo seguindo os crit\u00e9rios do Enare (Exame Nacional de Resid\u00eancia).<\/p>\n<p>A resid\u00eancia, que \u00e9 uma p\u00f3s-gradua\u00e7\u00e3o com dura\u00e7\u00e3o de tr\u00eas anos, tem o objetivo de capacitar m\u00e9dicos para a especializa\u00e7\u00e3o em psiquiatria, habilitando os profissionais para avaliar e tratar pacientes com transtornos mentais e emocionais. O programa conta com carga hor\u00e1ria total de 8.640 horas, divididas ao longo dos tr\u00eas anos, com jornada semanal de 60 horas , sendo 20% destinada a atividades te\u00f3ricas e 80% a atividades pr\u00e1ticas.<\/p>\n<p style=\"text-align: center;\" align=\"center\"><strong>VEJA NA CANTAGALO TV (Inscreva-se)<\/strong><\/p>\n<p style=\"text-align: center;\" align=\"center\" data-start=\"513\" data-end=\"765\"><strong><a href=\"https:\/\/youtu.be\/FO35Gvbkqh0\">Casa Escolar de Laranjeiras do Sul em 1934<\/a><\/strong><\/p>\n<p style=\"text-align: center;\" align=\"center\" data-start=\"513\" data-end=\"765\"><strong><a href=\"https:\/\/youtu.be\/XY-fsSuSpE8\">Show do Milhinho &#8211; Edi\u00e7\u00e3o 15 de mar\u00e7o de 2025<\/a><\/strong><\/p>\n<p>Em outubro, o programa recebeu a visita do avaliador, Dr. Lu\u00eds Eduardo Barboza, da Comiss\u00e3o Estadual de Resid\u00eancia M\u00e9dica do Paran\u00e1, que analisou estrutura, cen\u00e1rios pr\u00e1ticos e o projeto pedag\u00f3gico, conforme as diretrizes nacionais da \u00e1rea. Ap\u00f3s essa etapa, o Programa de Resid\u00eancia em Psiquiatria foi avaliado pela C\u00e2mara T\u00e9cnica Nacional e submetido \u00e0 plen\u00e1ria da Comiss\u00e3o Nacional de Resid\u00eancia M\u00e9dica, obtendo aprova\u00e7\u00e3o por meio do parecer n\u00ba 1758\/2025.<\/p>\n<p>Para o secret\u00e1rio municipal de Sa\u00fade, Ali Haidar, o credenciamento representa um \u201cmarco estrat\u00e9gico para o munic\u00edpio de Cascavel, especialmente diante do crescente desafio de atender \u00e0s demandas de sa\u00fade mental da popula\u00e7\u00e3o. Essa a\u00e7\u00e3o foi uma das primeiras decis\u00f5es que a gente tomou na Secretaria de Sa\u00fade no in\u00edcio do ano. Sab\u00edamos que seria preciso fazer um investimento que fosse um significativo na \u00e1rea de sa\u00fade mental, e essa \u00e9 uma das a\u00e7\u00f5es que estavam entre os pontos alinhados que seriam a\u00e7\u00f5es que o Munic\u00edpio iria desenvolver\u201d. Ele destacou ainda que ampliar o n\u00famero de profissionais qualificados \u00e9 essencial para fortalecer a rede de aten\u00e7\u00e3o psicossocial e garantir cuidado integral, humanizado e cont\u00ednuo aos usu\u00e1rios do SUS.<\/p>\n<p>Com a aprova\u00e7\u00e3o nacional, Cascavel passa a contar com forma\u00e7\u00e3o especializada para atua\u00e7\u00e3o em situa\u00e7\u00f5es de alta complexidade, como transtornos mentais graves, crises psiqui\u00e1tricas e quadros que exigem acompanhamento multiprofissional e terapias espec\u00edficas. Al\u00e9m de qualificar o atendimento, o credenciamento fortalece servi\u00e7os j\u00e1 existentes, como ambulat\u00f3rios, unidades b\u00e1sicas, Centros de Aten\u00e7\u00e3o Psicossocial (CAPS), al\u00e9m de servi\u00e7os hospitalares e emergenciais.<\/p>\n<p>O munic\u00edpio tamb\u00e9m dever\u00e1 sentir reflexos socioecon\u00f4micos positivos, j\u00e1 que se torna polo formador de especialistas, o que contribui para fixar profissionais na regi\u00e3o, reduzir rotatividade e enfrentar a escassez de psiquiatras.<\/p>\n<p>Gilson Fernandes da Silva, gerente da Escola de Sa\u00fade P\u00fablica Municipal, pontua que o investimento em forma\u00e7\u00e3o especializada fortalece o papel de Cascavel como refer\u00eancia regional. \u201cA implanta\u00e7\u00e3o da resid\u00eancia em psiquiatria refor\u00e7a o compromisso do munic\u00edpio com pol\u00edticas p\u00fablicas de sa\u00fade mental, alinhadas aos princ\u00edpios do SUS, a promo\u00e7\u00e3o da dignidade humana e a constru\u00e7\u00e3o de uma sociedade mais acolhedora e inclusiva. \u00c9 um avan\u00e7o que beneficia n\u00e3o apenas os profissionais, mas toda a comunidade, garantindo acesso ampliado e qualificado ao cuidado em sa\u00fade mental\u201d, finaliza.<\/p>\n<p><em>Prefeitura de Cascavel\u00a0<\/em><\/p>\n","protected":false},"excerpt":{"rendered":"<p>Programa \u00e9 aprovado pela Comiss\u00e3o Nacional de Resid\u00eancia M\u00e9dica e refor\u00e7a capacita\u00e7\u00e3o de profissionais para<\/p>\n","protected":false},"author":3,"featured_media":46671,"comment_status":"open","ping_status":"open","sticky":false,"template":"","format":"standard","meta":{"footnotes":""},"categories":[2,3],"tags":[],"class_list":["post-46670","post","type-post","status-publish","format-standard","has-post-thumbnail","hentry","category-cascavel","category-destaques"],"yoast_head":"<!-- This site is optimized with the Yoast SEO plugin v27.5 - https:\/\/yoast.com\/product\/yoast-seo-wordpress\/ -->\n<title>Secretaria de Sa\u00fade de Cascavel recebe autoriza\u00e7\u00e3o e ter\u00e1 primeira turma de resid\u00eancia em psiquiatria do Munic\u00edpio - Jornal<\/title>\n<meta name=\"description\" content=\"Secretaria de Sa\u00fade de Cascavel recebe autoriza\u00e7\u00e3o e ter\u00e1 primeira turma de resid\u00eancia em psiquiatria do Munic\u00edpio\" \/>\n<meta name=\"robots\" content=\"index, follow, max-snippet:-1, max-image-preview:large, max-video-preview:-1\" \/>\n<link rel=\"canonical\" href=\"https:\/\/jornalboasnoticias.com.br\/home\/secretaria-de-saude-de-cascavel-recebe-autorizacao-e-tera-primeira-turma-de-residencia-em-psiquiatria-do-municipio\/\" \/>\n<meta property=\"og:locale\" content=\"pt_BR\" \/>\n<meta property=\"og:type\" content=\"article\" \/>\n<meta property=\"og:title\" content=\"Secretaria de Sa\u00fade de Cascavel recebe autoriza\u00e7\u00e3o e ter\u00e1 primeira turma de resid\u00eancia em psiquiatria do Munic\u00edpio - Jornal\" \/>\n<meta property=\"og:description\" content=\"Secretaria de Sa\u00fade de Cascavel recebe autoriza\u00e7\u00e3o e ter\u00e1 primeira turma de resid\u00eancia em psiquiatria do Munic\u00edpio\" \/>\n<meta property=\"og:url\" content=\"https:\/\/jornalboasnoticias.com.br\/home\/secretaria-de-saude-de-cascavel-recebe-autorizacao-e-tera-primeira-turma-de-residencia-em-psiquiatria-do-municipio\/\" \/>\n<meta property=\"og:site_name\" content=\"Jornal\" \/>\n<meta property=\"article:publisher\" content=\"https:\/\/www.facebook.com\/boasnoticiasjornal\" \/>\n<meta property=\"article:published_time\" content=\"2025-12-04T13:53:51+00:00\" \/>\n<meta property=\"article:modified_time\" content=\"2025-12-04T14:08:45+00:00\" \/>\n<meta property=\"og:image\" content=\"https:\/\/jornalboasnoticias.com.br\/home\/wp-content\/uploads\/2025\/12\/IMG_4103.png\" \/>\n\t<meta property=\"og:image:width\" content=\"911\" \/>\n\t<meta property=\"og:image:height\" content=\"607\" \/>\n\t<meta property=\"og:image:type\" content=\"image\/png\" \/>\n<meta name=\"author\" content=\"Luiz Carlos da Cruz\" \/>\n<meta name=\"twitter:card\" content=\"summary_large_image\" \/>\n<meta name=\"twitter:label1\" content=\"Escrito por\" \/>\n\t<meta name=\"twitter:data1\" content=\"Luiz Carlos da Cruz\" \/>\n\t<meta name=\"twitter:label2\" content=\"Est. tempo de leitura\" \/>\n\t<meta name=\"twitter:data2\" content=\"4 minutos\" \/>\n<script type=\"application\/ld+json\" class=\"yoast-schema-graph\">{\"@context\":\"https:\\\/\\\/schema.org\",\"@graph\":[{\"@type\":\"Article\",\"@id\":\"https:\\\/\\\/jornalboasnoticias.com.br\\\/home\\\/secretaria-de-saude-de-cascavel-recebe-autorizacao-e-tera-primeira-turma-de-residencia-em-psiquiatria-do-municipio\\\/#article\",\"isPartOf\":{\"@id\":\"https:\\\/\\\/jornalboasnoticias.com.br\\\/home\\\/secretaria-de-saude-de-cascavel-recebe-autorizacao-e-tera-primeira-turma-de-residencia-em-psiquiatria-do-municipio\\\/\"},\"author\":{\"name\":\"Luiz Carlos da Cruz\",\"@id\":\"https:\\\/\\\/jornalboasnoticias.com.br\\\/home\\\/#\\\/schema\\\/person\\\/75f9ebde398c998c166475fb446bda62\"},\"headline\":\"Secretaria de Sa\u00fade de Cascavel recebe autoriza\u00e7\u00e3o e ter\u00e1 primeira turma de resid\u00eancia em psiquiatria do Munic\u00edpio\",\"datePublished\":\"2025-12-04T13:53:51+00:00\",\"dateModified\":\"2025-12-04T14:08:45+00:00\",\"mainEntityOfPage\":{\"@id\":\"https:\\\/\\\/jornalboasnoticias.com.br\\\/home\\\/secretaria-de-saude-de-cascavel-recebe-autorizacao-e-tera-primeira-turma-de-residencia-em-psiquiatria-do-municipio\\\/\"},\"wordCount\":646,\"commentCount\":0,\"publisher\":{\"@id\":\"https:\\\/\\\/jornalboasnoticias.com.br\\\/home\\\/#organization\"},\"image\":{\"@id\":\"https:\\\/\\\/jornalboasnoticias.com.br\\\/home\\\/secretaria-de-saude-de-cascavel-recebe-autorizacao-e-tera-primeira-turma-de-residencia-em-psiquiatria-do-municipio\\\/#primaryimage\"},\"thumbnailUrl\":\"https:\\\/\\\/jornalboasnoticias.com.br\\\/home\\\/wp-content\\\/uploads\\\/2025\\\/12\\\/IMG_4103.png\",\"articleSection\":[\"CASCAVEL\",\"DESTAQUE\"],\"inLanguage\":\"pt-BR\",\"potentialAction\":[{\"@type\":\"CommentAction\",\"name\":\"Comment\",\"target\":[\"https:\\\/\\\/jornalboasnoticias.com.br\\\/home\\\/secretaria-de-saude-de-cascavel-recebe-autorizacao-e-tera-primeira-turma-de-residencia-em-psiquiatria-do-municipio\\\/#respond\"]}]},{\"@type\":\"WebPage\",\"@id\":\"https:\\\/\\\/jornalboasnoticias.com.br\\\/home\\\/secretaria-de-saude-de-cascavel-recebe-autorizacao-e-tera-primeira-turma-de-residencia-em-psiquiatria-do-municipio\\\/\",\"url\":\"https:\\\/\\\/jornalboasnoticias.com.br\\\/home\\\/secretaria-de-saude-de-cascavel-recebe-autorizacao-e-tera-primeira-turma-de-residencia-em-psiquiatria-do-municipio\\\/\",\"name\":\"Secretaria de Sa\u00fade de Cascavel recebe autoriza\u00e7\u00e3o e ter\u00e1 primeira turma de resid\u00eancia em psiquiatria do Munic\u00edpio - Jornal\",\"isPartOf\":{\"@id\":\"https:\\\/\\\/jornalboasnoticias.com.br\\\/home\\\/#website\"},\"primaryImageOfPage\":{\"@id\":\"https:\\\/\\\/jornalboasnoticias.com.br\\\/home\\\/secretaria-de-saude-de-cascavel-recebe-autorizacao-e-tera-primeira-turma-de-residencia-em-psiquiatria-do-municipio\\\/#primaryimage\"},\"image\":{\"@id\":\"https:\\\/\\\/jornalboasnoticias.com.br\\\/home\\\/secretaria-de-saude-de-cascavel-recebe-autorizacao-e-tera-primeira-turma-de-residencia-em-psiquiatria-do-municipio\\\/#primaryimage\"},\"thumbnailUrl\":\"https:\\\/\\\/jornalboasnoticias.com.br\\\/home\\\/wp-content\\\/uploads\\\/2025\\\/12\\\/IMG_4103.png\",\"datePublished\":\"2025-12-04T13:53:51+00:00\",\"dateModified\":\"2025-12-04T14:08:45+00:00\",\"description\":\"Secretaria de Sa\u00fade de Cascavel recebe autoriza\u00e7\u00e3o e ter\u00e1 primeira turma de resid\u00eancia em psiquiatria do Munic\u00edpio\",\"breadcrumb\":{\"@id\":\"https:\\\/\\\/jornalboasnoticias.com.br\\\/home\\\/secretaria-de-saude-de-cascavel-recebe-autorizacao-e-tera-primeira-turma-de-residencia-em-psiquiatria-do-municipio\\\/#breadcrumb\"},\"inLanguage\":\"pt-BR\",\"potentialAction\":[{\"@type\":\"ReadAction\",\"target\":[\"https:\\\/\\\/jornalboasnoticias.com.br\\\/home\\\/secretaria-de-saude-de-cascavel-recebe-autorizacao-e-tera-primeira-turma-de-residencia-em-psiquiatria-do-municipio\\\/\"]}]},{\"@type\":\"ImageObject\",\"inLanguage\":\"pt-BR\",\"@id\":\"https:\\\/\\\/jornalboasnoticias.com.br\\\/home\\\/secretaria-de-saude-de-cascavel-recebe-autorizacao-e-tera-primeira-turma-de-residencia-em-psiquiatria-do-municipio\\\/#primaryimage\",\"url\":\"https:\\\/\\\/jornalboasnoticias.com.br\\\/home\\\/wp-content\\\/uploads\\\/2025\\\/12\\\/IMG_4103.png\",\"contentUrl\":\"https:\\\/\\\/jornalboasnoticias.com.br\\\/home\\\/wp-content\\\/uploads\\\/2025\\\/12\\\/IMG_4103.png\",\"width\":911,\"height\":607,\"caption\":\"Divulga\u00e7\u00e3o\"},{\"@type\":\"BreadcrumbList\",\"@id\":\"https:\\\/\\\/jornalboasnoticias.com.br\\\/home\\\/secretaria-de-saude-de-cascavel-recebe-autorizacao-e-tera-primeira-turma-de-residencia-em-psiquiatria-do-municipio\\\/#breadcrumb\",\"itemListElement\":[{\"@type\":\"ListItem\",\"position\":1,\"name\":\"In\u00edcio\",\"item\":\"https:\\\/\\\/jornalboasnoticias.com.br\\\/home\\\/\"},{\"@type\":\"ListItem\",\"position\":2,\"name\":\"Secretaria de Sa\u00fade de Cascavel recebe autoriza\u00e7\u00e3o e ter\u00e1 primeira turma de resid\u00eancia em psiquiatria do Munic\u00edpio\"}]},{\"@type\":\"WebSite\",\"@id\":\"https:\\\/\\\/jornalboasnoticias.com.br\\\/home\\\/#website\",\"url\":\"https:\\\/\\\/jornalboasnoticias.com.br\\\/home\\\/\",\"name\":\"Jornal Boas Not\u00edcias\",\"description\":\"Boas not\u00edcias\",\"publisher\":{\"@id\":\"https:\\\/\\\/jornalboasnoticias.com.br\\\/home\\\/#organization\"},\"potentialAction\":[{\"@type\":\"SearchAction\",\"target\":{\"@type\":\"EntryPoint\",\"urlTemplate\":\"https:\\\/\\\/jornalboasnoticias.com.br\\\/home\\\/?s={search_term_string}\"},\"query-input\":{\"@type\":\"PropertyValueSpecification\",\"valueRequired\":true,\"valueName\":\"search_term_string\"}}],\"inLanguage\":\"pt-BR\"},{\"@type\":\"Organization\",\"@id\":\"https:\\\/\\\/jornalboasnoticias.com.br\\\/home\\\/#organization\",\"name\":\"Coq Editora Ltda\",\"alternateName\":\"Jornal Boas Noticias\",\"url\":\"https:\\\/\\\/jornalboasnoticias.com.br\\\/home\\\/\",\"logo\":{\"@type\":\"ImageObject\",\"inLanguage\":\"pt-BR\",\"@id\":\"https:\\\/\\\/jornalboasnoticias.com.br\\\/home\\\/#\\\/schema\\\/logo\\\/image\\\/\",\"url\":\"https:\\\/\\\/jornalboasnoticias.com.br\\\/home\\\/wp-content\\\/uploads\\\/2024\\\/07\\\/cropped-logo.jpg\",\"contentUrl\":\"https:\\\/\\\/jornalboasnoticias.com.br\\\/home\\\/wp-content\\\/uploads\\\/2024\\\/07\\\/cropped-logo.jpg\",\"width\":290,\"height\":142,\"caption\":\"Coq Editora Ltda\"},\"image\":{\"@id\":\"https:\\\/\\\/jornalboasnoticias.com.br\\\/home\\\/#\\\/schema\\\/logo\\\/image\\\/\"},\"sameAs\":[\"https:\\\/\\\/www.facebook.com\\\/boasnoticiasjornal\"]},{\"@type\":\"Person\",\"@id\":\"https:\\\/\\\/jornalboasnoticias.com.br\\\/home\\\/#\\\/schema\\\/person\\\/75f9ebde398c998c166475fb446bda62\",\"name\":\"Luiz Carlos da Cruz\",\"image\":{\"@type\":\"ImageObject\",\"inLanguage\":\"pt-BR\",\"@id\":\"https:\\\/\\\/secure.gravatar.com\\\/avatar\\\/e6f4f45301b6cb8572f7b076572e8ac11c1db80e805d8c8d0858cf286ce3ac3b?s=96&d=mm&r=g\",\"url\":\"https:\\\/\\\/secure.gravatar.com\\\/avatar\\\/e6f4f45301b6cb8572f7b076572e8ac11c1db80e805d8c8d0858cf286ce3ac3b?s=96&d=mm&r=g\",\"contentUrl\":\"https:\\\/\\\/secure.gravatar.com\\\/avatar\\\/e6f4f45301b6cb8572f7b076572e8ac11c1db80e805d8c8d0858cf286ce3ac3b?s=96&d=mm&r=g\",\"caption\":\"Luiz Carlos da Cruz\"},\"url\":\"https:\\\/\\\/jornalboasnoticias.com.br\\\/home\\\/author\\\/luiz-carlos-da-cruz\\\/\"}]}<\/script>\n<!-- \/ Yoast SEO plugin. -->","yoast_head_json":{"title":"Secretaria de Sa\u00fade de Cascavel recebe autoriza\u00e7\u00e3o e ter\u00e1 primeira turma de resid\u00eancia em psiquiatria do Munic\u00edpio - Jornal","description":"Secretaria de Sa\u00fade de Cascavel recebe autoriza\u00e7\u00e3o e ter\u00e1 primeira turma de resid\u00eancia em psiquiatria do Munic\u00edpio","robots":{"index":"index","follow":"follow","max-snippet":"max-snippet:-1","max-image-preview":"max-image-preview:large","max-video-preview":"max-video-preview:-1"},"canonical":"https:\/\/jornalboasnoticias.com.br\/home\/secretaria-de-saude-de-cascavel-recebe-autorizacao-e-tera-primeira-turma-de-residencia-em-psiquiatria-do-municipio\/","og_locale":"pt_BR","og_type":"article","og_title":"Secretaria de Sa\u00fade de Cascavel recebe autoriza\u00e7\u00e3o e ter\u00e1 primeira turma de resid\u00eancia em psiquiatria do Munic\u00edpio - Jornal","og_description":"Secretaria de Sa\u00fade de Cascavel recebe autoriza\u00e7\u00e3o e ter\u00e1 primeira turma de resid\u00eancia em psiquiatria do Munic\u00edpio","og_url":"https:\/\/jornalboasnoticias.com.br\/home\/secretaria-de-saude-de-cascavel-recebe-autorizacao-e-tera-primeira-turma-de-residencia-em-psiquiatria-do-municipio\/","og_site_name":"Jornal","article_publisher":"https:\/\/www.facebook.com\/boasnoticiasjornal","article_published_time":"2025-12-04T13:53:51+00:00","article_modified_time":"2025-12-04T14:08:45+00:00","og_image":[{"width":911,"height":607,"url":"https:\/\/jornalboasnoticias.com.br\/home\/wp-content\/uploads\/2025\/12\/IMG_4103.png","type":"image\/png"}],"author":"Luiz Carlos da Cruz","twitter_card":"summary_large_image","twitter_misc":{"Escrito por":"Luiz Carlos da Cruz","Est. tempo de leitura":"4 minutos"},"schema":{"@context":"https:\/\/schema.org","@graph":[{"@type":"Article","@id":"https:\/\/jornalboasnoticias.com.br\/home\/secretaria-de-saude-de-cascavel-recebe-autorizacao-e-tera-primeira-turma-de-residencia-em-psiquiatria-do-municipio\/#article","isPartOf":{"@id":"https:\/\/jornalboasnoticias.com.br\/home\/secretaria-de-saude-de-cascavel-recebe-autorizacao-e-tera-primeira-turma-de-residencia-em-psiquiatria-do-municipio\/"},"author":{"name":"Luiz Carlos da Cruz","@id":"https:\/\/jornalboasnoticias.com.br\/home\/#\/schema\/person\/75f9ebde398c998c166475fb446bda62"},"headline":"Secretaria de Sa\u00fade de Cascavel recebe autoriza\u00e7\u00e3o e ter\u00e1 primeira turma de resid\u00eancia em psiquiatria do Munic\u00edpio","datePublished":"2025-12-04T13:53:51+00:00","dateModified":"2025-12-04T14:08:45+00:00","mainEntityOfPage":{"@id":"https:\/\/jornalboasnoticias.com.br\/home\/secretaria-de-saude-de-cascavel-recebe-autorizacao-e-tera-primeira-turma-de-residencia-em-psiquiatria-do-municipio\/"},"wordCount":646,"commentCount":0,"publisher":{"@id":"https:\/\/jornalboasnoticias.com.br\/home\/#organization"},"image":{"@id":"https:\/\/jornalboasnoticias.com.br\/home\/secretaria-de-saude-de-cascavel-recebe-autorizacao-e-tera-primeira-turma-de-residencia-em-psiquiatria-do-municipio\/#primaryimage"},"thumbnailUrl":"https:\/\/jornalboasnoticias.com.br\/home\/wp-content\/uploads\/2025\/12\/IMG_4103.png","articleSection":["CASCAVEL","DESTAQUE"],"inLanguage":"pt-BR","potentialAction":[{"@type":"CommentAction","name":"Comment","target":["https:\/\/jornalboasnoticias.com.br\/home\/secretaria-de-saude-de-cascavel-recebe-autorizacao-e-tera-primeira-turma-de-residencia-em-psiquiatria-do-municipio\/#respond"]}]},{"@type":"WebPage","@id":"https:\/\/jornalboasnoticias.com.br\/home\/secretaria-de-saude-de-cascavel-recebe-autorizacao-e-tera-primeira-turma-de-residencia-em-psiquiatria-do-municipio\/","url":"https:\/\/jornalboasnoticias.com.br\/home\/secretaria-de-saude-de-cascavel-recebe-autorizacao-e-tera-primeira-turma-de-residencia-em-psiquiatria-do-municipio\/","name":"Secretaria de Sa\u00fade de Cascavel recebe autoriza\u00e7\u00e3o e ter\u00e1 primeira turma de resid\u00eancia em psiquiatria do Munic\u00edpio - Jornal","isPartOf":{"@id":"https:\/\/jornalboasnoticias.com.br\/home\/#website"},"primaryImageOfPage":{"@id":"https:\/\/jornalboasnoticias.com.br\/home\/secretaria-de-saude-de-cascavel-recebe-autorizacao-e-tera-primeira-turma-de-residencia-em-psiquiatria-do-municipio\/#primaryimage"},"image":{"@id":"https:\/\/jornalboasnoticias.com.br\/home\/secretaria-de-saude-de-cascavel-recebe-autorizacao-e-tera-primeira-turma-de-residencia-em-psiquiatria-do-municipio\/#primaryimage"},"thumbnailUrl":"https:\/\/jornalboasnoticias.com.br\/home\/wp-content\/uploads\/2025\/12\/IMG_4103.png","datePublished":"2025-12-04T13:53:51+00:00","dateModified":"2025-12-04T14:08:45+00:00","description":"Secretaria de Sa\u00fade de Cascavel recebe autoriza\u00e7\u00e3o e ter\u00e1 primeira turma de resid\u00eancia em psiquiatria do Munic\u00edpio","breadcrumb":{"@id":"https:\/\/jornalboasnoticias.com.br\/home\/secretaria-de-saude-de-cascavel-recebe-autorizacao-e-tera-primeira-turma-de-residencia-em-psiquiatria-do-municipio\/#breadcrumb"},"inLanguage":"pt-BR","potentialAction":[{"@type":"ReadAction","target":["https:\/\/jornalboasnoticias.com.br\/home\/secretaria-de-saude-de-cascavel-recebe-autorizacao-e-tera-primeira-turma-de-residencia-em-psiquiatria-do-municipio\/"]}]},{"@type":"ImageObject","inLanguage":"pt-BR","@id":"https:\/\/jornalboasnoticias.com.br\/home\/secretaria-de-saude-de-cascavel-recebe-autorizacao-e-tera-primeira-turma-de-residencia-em-psiquiatria-do-municipio\/#primaryimage","url":"https:\/\/jornalboasnoticias.com.br\/home\/wp-content\/uploads\/2025\/12\/IMG_4103.png","contentUrl":"https:\/\/jornalboasnoticias.com.br\/home\/wp-content\/uploads\/2025\/12\/IMG_4103.png","width":911,"height":607,"caption":"Divulga\u00e7\u00e3o"},{"@type":"BreadcrumbList","@id":"https:\/\/jornalboasnoticias.com.br\/home\/secretaria-de-saude-de-cascavel-recebe-autorizacao-e-tera-primeira-turma-de-residencia-em-psiquiatria-do-municipio\/#breadcrumb","itemListElement":[{"@type":"ListItem","position":1,"name":"In\u00edcio","item":"https:\/\/jornalboasnoticias.com.br\/home\/"},{"@type":"ListItem","position":2,"name":"Secretaria de Sa\u00fade de Cascavel recebe autoriza\u00e7\u00e3o e ter\u00e1 primeira turma de resid\u00eancia em psiquiatria do Munic\u00edpio"}]},{"@type":"WebSite","@id":"https:\/\/jornalboasnoticias.com.br\/home\/#website","url":"https:\/\/jornalboasnoticias.com.br\/home\/","name":"Jornal Boas Not\u00edcias","description":"Boas not\u00edcias","publisher":{"@id":"https:\/\/jornalboasnoticias.com.br\/home\/#organization"},"potentialAction":[{"@type":"SearchAction","target":{"@type":"EntryPoint","urlTemplate":"https:\/\/jornalboasnoticias.com.br\/home\/?s={search_term_string}"},"query-input":{"@type":"PropertyValueSpecification","valueRequired":true,"valueName":"search_term_string"}}],"inLanguage":"pt-BR"},{"@type":"Organization","@id":"https:\/\/jornalboasnoticias.com.br\/home\/#organization","name":"Coq Editora Ltda","alternateName":"Jornal Boas Noticias","url":"https:\/\/jornalboasnoticias.com.br\/home\/","logo":{"@type":"ImageObject","inLanguage":"pt-BR","@id":"https:\/\/jornalboasnoticias.com.br\/home\/#\/schema\/logo\/image\/","url":"https:\/\/jornalboasnoticias.com.br\/home\/wp-content\/uploads\/2024\/07\/cropped-logo.jpg","contentUrl":"https:\/\/jornalboasnoticias.com.br\/home\/wp-content\/uploads\/2024\/07\/cropped-logo.jpg","width":290,"height":142,"caption":"Coq Editora Ltda"},"image":{"@id":"https:\/\/jornalboasnoticias.com.br\/home\/#\/schema\/logo\/image\/"},"sameAs":["https:\/\/www.facebook.com\/boasnoticiasjornal"]},{"@type":"Person","@id":"https:\/\/jornalboasnoticias.com.br\/home\/#\/schema\/person\/75f9ebde398c998c166475fb446bda62","name":"Luiz Carlos da Cruz","image":{"@type":"ImageObject","inLanguage":"pt-BR","@id":"https:\/\/secure.gravatar.com\/avatar\/e6f4f45301b6cb8572f7b076572e8ac11c1db80e805d8c8d0858cf286ce3ac3b?s=96&d=mm&r=g","url":"https:\/\/secure.gravatar.com\/avatar\/e6f4f45301b6cb8572f7b076572e8ac11c1db80e805d8c8d0858cf286ce3ac3b?s=96&d=mm&r=g","contentUrl":"https:\/\/secure.gravatar.com\/avatar\/e6f4f45301b6cb8572f7b076572e8ac11c1db80e805d8c8d0858cf286ce3ac3b?s=96&d=mm&r=g","caption":"Luiz Carlos da Cruz"},"url":"https:\/\/jornalboasnoticias.com.br\/home\/author\/luiz-carlos-da-cruz\/"}]}},"_links":{"self":[{"href":"https:\/\/jornalboasnoticias.com.br\/home\/wp-json\/wp\/v2\/posts\/46670","targetHints":{"allow":["GET"]}}],"collection":[{"href":"https:\/\/jornalboasnoticias.com.br\/home\/wp-json\/wp\/v2\/posts"}],"about":[{"href":"https:\/\/jornalboasnoticias.com.br\/home\/wp-json\/wp\/v2\/types\/post"}],"author":[{"embeddable":true,"href":"https:\/\/jornalboasnoticias.com.br\/home\/wp-json\/wp\/v2\/users\/3"}],"replies":[{"embeddable":true,"href":"https:\/\/jornalboasnoticias.com.br\/home\/wp-json\/wp\/v2\/comments?post=46670"}],"version-history":[{"count":2,"href":"https:\/\/jornalboasnoticias.com.br\/home\/wp-json\/wp\/v2\/posts\/46670\/revisions"}],"predecessor-version":[{"id":46676,"href":"https:\/\/jornalboasnoticias.com.br\/home\/wp-json\/wp\/v2\/posts\/46670\/revisions\/46676"}],"wp:featuredmedia":[{"embeddable":true,"href":"https:\/\/jornalboasnoticias.com.br\/home\/wp-json\/wp\/v2\/media\/46671"}],"wp:attachment":[{"href":"https:\/\/jornalboasnoticias.com.br\/home\/wp-json\/wp\/v2\/media?parent=46670"}],"wp:term":[{"taxonomy":"category","embeddable":true,"href":"https:\/\/jornalboasnoticias.com.br\/home\/wp-json\/wp\/v2\/categories?post=46670"},{"taxonomy":"post_tag","embeddable":true,"href":"https:\/\/jornalboasnoticias.com.br\/home\/wp-json\/wp\/v2\/tags?post=46670"}],"curies":[{"name":"wp","href":"https:\/\/api.w.org\/{rel}","templated":true}]}}