{"id":46667,"date":"2025-12-05T11:32:36","date_gmt":"2025-12-05T11:32:36","guid":{"rendered":"https:\/\/jornalboasnoticias.com.br\/home\/?p=46667"},"modified":"2025-12-05T11:32:36","modified_gmt":"2025-12-05T11:32:36","slug":"cao-indy-faz-historia-ao-ser-indicado-a-premio-de-atuacao-em-filme-de-terror","status":"publish","type":"post","link":"https:\/\/jornalboasnoticias.com.br\/home\/cao-indy-faz-historia-ao-ser-indicado-a-premio-de-atuacao-em-filme-de-terror\/","title":{"rendered":"C\u00e3o Indy faz hist\u00f3ria ao ser indicado a pr\u00eamio de atua\u00e7\u00e3o em filme de terror"},"content":{"rendered":"<blockquote>\n<p class=\"Text__TextBase-sc-1d75gww-0 eOYeiH noticiaCabecalho__subtitulo\" style=\"text-align: center;\">O cachorro ator Indy \u00e9 o protagonista do filme de terror Good Boy e foi indicado a categoria de Melhor Ator na premia\u00e7\u00e3o Astra Awards<\/p>\n<\/blockquote>\n<figure id=\"attachment_46703\" aria-describedby=\"caption-attachment-46703\" style=\"width: 1000px\" class=\"wp-caption alignnone\"><img loading=\"lazy\" decoding=\"async\" class=\"size-full wp-image-46703\" src=\"https:\/\/jornalboasnoticias.com.br\/home\/wp-content\/uploads\/2025\/12\/Cachorro-do-terror-\u2018Bom-Menino-quer-reconhecimento-para-animais-no-Oscar-800x450-1-e1764934224415.webp\" alt=\"\" width=\"1000\" height=\"563\" \/><figcaption id=\"caption-attachment-46703\" class=\"wp-caption-text\">Shudder\/Divulga\u00e7\u00e3o<\/figcaption><\/figure>\n<p data-start=\"82\" data-end=\"436\">O golden retriever Indy, de 8 anos, acaba de entrar para a hist\u00f3ria do cinema ao se tornar o primeiro c\u00e3o indicado a um pr\u00eamio de atua\u00e7\u00e3o em um longa de terror. O pet da Nova Esc\u00f3cia concorre na categoria Melhor Performance em Filme de Terror no Astra Awards, disputando com cinco atores humanos por sua participa\u00e7\u00e3o em <em data-start=\"410\" data-end=\"420\">Good Boy<\/em> (\u201cBom Menino\u201d).<\/p>\n<p data-start=\"438\" data-end=\"865\">Dirigido por Ben Leonberg, que tamb\u00e9m \u00e9 tutor do animal, o filme foi produzido ao longo de tr\u00eas anos. Durante esse per\u00edodo, Ben e sua esposa, Kari Fischer, treinaram Indy intensivamente para as cenas. Em algumas sequ\u00eancias, o pr\u00f3prio Leonberg atuou no lugar do int\u00e9rprete do tutor do cachorro, apenas para facilitar a intera\u00e7\u00e3o do pet diante das c\u00e2meras \u2014 estrat\u00e9gia que rendeu frutos, levando Indy \u00e0 in\u00e9dita indica\u00e7\u00e3o.<\/p>\n<h2 data-start=\"867\" data-end=\"913\">Uma hist\u00f3ria contada pelos olhos de Indy<\/h2>\n<p data-start=\"914\" data-end=\"1206\"><em data-start=\"914\" data-end=\"924\">Good Boy<\/em> apresenta a trama sob a perspectiva do c\u00e3o, que percebe presen\u00e7as sobrenaturais na casa onde vive. Assombrado pelos fen\u00f4menos, Indy assume o papel de her\u00f3i, enfrentando as atividades paranormais para proteger seu tutor \u2014 e conquistando p\u00fablico e cr\u00edtica com sua expressiva atua\u00e7\u00e3o.<\/p>\n<p data-start=\"1208\" data-end=\"1529\">Lan\u00e7ado em 30 de outubro, o longa ainda promoveu uma campanha bem-humorada para que o c\u00e3o concorresse ao Oscar de 2026 como Melhor Ator, apelidado no cartaz oficial de \u201cMelhor Bom Garoto\u201d. O est\u00fadio chegou a enviar uma carta sat\u00edrica, assinada em nome do pr\u00f3prio Indy, ironizando sua inelegibilidade para a premia\u00e7\u00e3o.<\/p>\n<p data-start=\"1531\" data-end=\"1864\">\u201cApesar do meu papel aclamado no filme <em data-start=\"1570\" data-end=\"1582\">Bom Menino<\/em>, fui considerado ineleg\u00edvel para a categoria de Melhor Ator. Aparentemente, n\u00e3o sou bom o suficiente para voc\u00eas\u201d, diz um trecho da carta publicada pela revista <em data-start=\"1743\" data-end=\"1752\">Variety<\/em>. Em outro momento, o \u201cautor\u201d pede que a academia reconhe\u00e7a o trabalho de animais atores, muitas vezes ignorado.<\/p>\n<h2 data-start=\"1866\" data-end=\"1900\">Disputa marcada para janeiro<\/h2>\n<p data-start=\"1901\" data-end=\"2108\">A cerim\u00f4nia do Astra Film Awards acontece em 9 de janeiro de 2026. Indy competir\u00e1 com nomes de peso como Alfie Williams, Alison Brie, Ethan Hawke, Sally Hawkins e Sophie Thatcher.<\/p>\n<p data-start=\"2110\" data-end=\"2234\" data-is-last-node=\"\" data-is-only-node=\"\">Independentemente do resultado, o talentoso \u201cbom menino\u201d j\u00e1 garantiu seu lugar na hist\u00f3ria do cinema \u2014 e no cora\u00e7\u00e3o dos f\u00e3s.<\/p>\n<p data-start=\"2110\" data-end=\"2234\" data-is-last-node=\"\" data-is-only-node=\"\">\n<p data-start=\"2110\" data-end=\"2234\" data-is-last-node=\"\" data-is-only-node=\"\">\n<ul>\n<li data-start=\"2110\" data-end=\"2234\"><span class=\"TextRun SCXW165653162 BCX0\" lang=\"PT-BR\" xml:lang=\"PT-BR\" data-contrast=\"auto\"><span class=\"NormalTextRun SCXW165653162 BCX0\" data-ccp-charstyle=\"Strong\">VEJA NA CANTAGALO TV (Inscreva-se<\/span><span class=\"NormalTextRun SCXW165653162 BCX0\" data-ccp-charstyle=\"Strong\"> no canal<\/span><span class=\"NormalTextRun SCXW165653162 BCX0\" data-ccp-charstyle=\"Strong\">)<\/span><\/span><span class=\"EOP SCXW165653162 BCX0\" data-ccp-props=\"{&quot;134233117&quot;:true,&quot;134233118&quot;:true,&quot;201341983&quot;:0,&quot;335551550&quot;:2,&quot;335551620&quot;:2,&quot;335559740&quot;:240}\"><br \/>\n<a class=\"Hyperlink SCXW188763779 BCX0\" href=\"https:\/\/youtu.be\/XY-fsSuSpE8\" target=\"_blank\" rel=\"noreferrer noopener\"><span class=\"TextRun Underlined SCXW188763779 BCX0\" lang=\"PT-BR\" xml:lang=\"PT-BR\" data-contrast=\"none\"><span class=\"NormalTextRun SCXW188763779 BCX0\" data-ccp-charstyle=\"Hyperlink\">Show do Milhinho &#8211; Edi\u00e7\u00e3o 15 de mar\u00e7o de 2025<\/span><\/span><\/a><span class=\"EOP SCXW188763779 BCX0\" data-ccp-props=\"{&quot;134233117&quot;:true,&quot;134233118&quot;:true,&quot;201341983&quot;:0,&quot;335551550&quot;:2,&quot;335551620&quot;:2,&quot;335559740&quot;:240}\">\u00a0<\/span><\/span><\/li>\n<\/ul>\n","protected":false},"excerpt":{"rendered":"<p>O cachorro ator Indy \u00e9 o protagonista do filme de terror Good Boy e foi<\/p>\n","protected":false},"author":3,"featured_media":46703,"comment_status":"open","ping_status":"open","sticky":false,"template":"","format":"standard","meta":{"footnotes":""},"categories":[3,9],"tags":[],"class_list":["post-46667","post","type-post","status-publish","format-standard","has-post-thumbnail","hentry","category-destaques","category-internacional"],"yoast_head":"<!-- This site is optimized with the Yoast SEO plugin v27.5 - https:\/\/yoast.com\/product\/yoast-seo-wordpress\/ -->\n<title>C\u00e3o Indy faz hist\u00f3ria ao ser indicado a pr\u00eamio de atua\u00e7\u00e3o em filme de terror - Jornal<\/title>\n<meta name=\"description\" content=\"C\u00e3o Indy faz hist\u00f3ria ao ser indicado a pr\u00eamio de atua\u00e7\u00e3o em filme de terror\" \/>\n<meta name=\"robots\" content=\"index, follow, max-snippet:-1, max-image-preview:large, max-video-preview:-1\" \/>\n<link rel=\"canonical\" href=\"https:\/\/jornalboasnoticias.com.br\/home\/cao-indy-faz-historia-ao-ser-indicado-a-premio-de-atuacao-em-filme-de-terror\/\" \/>\n<meta property=\"og:locale\" content=\"pt_BR\" \/>\n<meta property=\"og:type\" content=\"article\" \/>\n<meta property=\"og:title\" content=\"C\u00e3o Indy faz hist\u00f3ria ao ser indicado a pr\u00eamio de atua\u00e7\u00e3o em filme de terror - Jornal\" \/>\n<meta property=\"og:description\" content=\"C\u00e3o Indy faz hist\u00f3ria ao ser indicado a pr\u00eamio de atua\u00e7\u00e3o em filme de terror\" \/>\n<meta property=\"og:url\" content=\"https:\/\/jornalboasnoticias.com.br\/home\/cao-indy-faz-historia-ao-ser-indicado-a-premio-de-atuacao-em-filme-de-terror\/\" \/>\n<meta property=\"og:site_name\" content=\"Jornal\" \/>\n<meta property=\"article:publisher\" content=\"https:\/\/www.facebook.com\/boasnoticiasjornal\" \/>\n<meta property=\"article:published_time\" content=\"2025-12-05T11:32:36+00:00\" \/>\n<meta property=\"og:image\" content=\"https:\/\/jornalboasnoticias.com.br\/home\/wp-content\/uploads\/2025\/12\/Cachorro-do-terror-\u2018Bom-Menino-quer-reconhecimento-para-animais-no-Oscar-800x450-1-e1764934224415.webp\" \/>\n\t<meta property=\"og:image:width\" content=\"1000\" \/>\n\t<meta property=\"og:image:height\" content=\"563\" \/>\n\t<meta property=\"og:image:type\" content=\"image\/webp\" \/>\n<meta name=\"author\" content=\"Luiz Carlos da Cruz\" \/>\n<meta name=\"twitter:card\" content=\"summary_large_image\" \/>\n<meta name=\"twitter:label1\" content=\"Escrito por\" \/>\n\t<meta name=\"twitter:data1\" content=\"Luiz Carlos da Cruz\" \/>\n\t<meta name=\"twitter:label2\" content=\"Est. tempo de leitura\" \/>\n\t<meta name=\"twitter:data2\" content=\"3 minutos\" \/>\n<script type=\"application\/ld+json\" class=\"yoast-schema-graph\">{\"@context\":\"https:\\\/\\\/schema.org\",\"@graph\":[{\"@type\":\"Article\",\"@id\":\"https:\\\/\\\/jornalboasnoticias.com.br\\\/home\\\/cao-indy-faz-historia-ao-ser-indicado-a-premio-de-atuacao-em-filme-de-terror\\\/#article\",\"isPartOf\":{\"@id\":\"https:\\\/\\\/jornalboasnoticias.com.br\\\/home\\\/cao-indy-faz-historia-ao-ser-indicado-a-premio-de-atuacao-em-filme-de-terror\\\/\"},\"author\":{\"name\":\"Luiz Carlos da Cruz\",\"@id\":\"https:\\\/\\\/jornalboasnoticias.com.br\\\/home\\\/#\\\/schema\\\/person\\\/75f9ebde398c998c166475fb446bda62\"},\"headline\":\"C\u00e3o Indy faz hist\u00f3ria ao ser indicado a pr\u00eamio de atua\u00e7\u00e3o em filme de terror\",\"datePublished\":\"2025-12-05T11:32:36+00:00\",\"mainEntityOfPage\":{\"@id\":\"https:\\\/\\\/jornalboasnoticias.com.br\\\/home\\\/cao-indy-faz-historia-ao-ser-indicado-a-premio-de-atuacao-em-filme-de-terror\\\/\"},\"wordCount\":444,\"commentCount\":0,\"publisher\":{\"@id\":\"https:\\\/\\\/jornalboasnoticias.com.br\\\/home\\\/#organization\"},\"image\":{\"@id\":\"https:\\\/\\\/jornalboasnoticias.com.br\\\/home\\\/cao-indy-faz-historia-ao-ser-indicado-a-premio-de-atuacao-em-filme-de-terror\\\/#primaryimage\"},\"thumbnailUrl\":\"https:\\\/\\\/jornalboasnoticias.com.br\\\/home\\\/wp-content\\\/uploads\\\/2025\\\/12\\\/Cachorro-do-terror-\u2018Bom-Menino-quer-reconhecimento-para-animais-no-Oscar-800x450-1-e1764934224415.webp\",\"articleSection\":[\"DESTAQUE\",\"INTERNACIONAL\"],\"inLanguage\":\"pt-BR\",\"potentialAction\":[{\"@type\":\"CommentAction\",\"name\":\"Comment\",\"target\":[\"https:\\\/\\\/jornalboasnoticias.com.br\\\/home\\\/cao-indy-faz-historia-ao-ser-indicado-a-premio-de-atuacao-em-filme-de-terror\\\/#respond\"]}]},{\"@type\":\"WebPage\",\"@id\":\"https:\\\/\\\/jornalboasnoticias.com.br\\\/home\\\/cao-indy-faz-historia-ao-ser-indicado-a-premio-de-atuacao-em-filme-de-terror\\\/\",\"url\":\"https:\\\/\\\/jornalboasnoticias.com.br\\\/home\\\/cao-indy-faz-historia-ao-ser-indicado-a-premio-de-atuacao-em-filme-de-terror\\\/\",\"name\":\"C\u00e3o Indy faz hist\u00f3ria ao ser indicado a pr\u00eamio de atua\u00e7\u00e3o em filme de terror - Jornal\",\"isPartOf\":{\"@id\":\"https:\\\/\\\/jornalboasnoticias.com.br\\\/home\\\/#website\"},\"primaryImageOfPage\":{\"@id\":\"https:\\\/\\\/jornalboasnoticias.com.br\\\/home\\\/cao-indy-faz-historia-ao-ser-indicado-a-premio-de-atuacao-em-filme-de-terror\\\/#primaryimage\"},\"image\":{\"@id\":\"https:\\\/\\\/jornalboasnoticias.com.br\\\/home\\\/cao-indy-faz-historia-ao-ser-indicado-a-premio-de-atuacao-em-filme-de-terror\\\/#primaryimage\"},\"thumbnailUrl\":\"https:\\\/\\\/jornalboasnoticias.com.br\\\/home\\\/wp-content\\\/uploads\\\/2025\\\/12\\\/Cachorro-do-terror-\u2018Bom-Menino-quer-reconhecimento-para-animais-no-Oscar-800x450-1-e1764934224415.webp\",\"datePublished\":\"2025-12-05T11:32:36+00:00\",\"description\":\"C\u00e3o Indy faz hist\u00f3ria ao ser indicado a pr\u00eamio de atua\u00e7\u00e3o em filme de terror\",\"breadcrumb\":{\"@id\":\"https:\\\/\\\/jornalboasnoticias.com.br\\\/home\\\/cao-indy-faz-historia-ao-ser-indicado-a-premio-de-atuacao-em-filme-de-terror\\\/#breadcrumb\"},\"inLanguage\":\"pt-BR\",\"potentialAction\":[{\"@type\":\"ReadAction\",\"target\":[\"https:\\\/\\\/jornalboasnoticias.com.br\\\/home\\\/cao-indy-faz-historia-ao-ser-indicado-a-premio-de-atuacao-em-filme-de-terror\\\/\"]}]},{\"@type\":\"ImageObject\",\"inLanguage\":\"pt-BR\",\"@id\":\"https:\\\/\\\/jornalboasnoticias.com.br\\\/home\\\/cao-indy-faz-historia-ao-ser-indicado-a-premio-de-atuacao-em-filme-de-terror\\\/#primaryimage\",\"url\":\"https:\\\/\\\/jornalboasnoticias.com.br\\\/home\\\/wp-content\\\/uploads\\\/2025\\\/12\\\/Cachorro-do-terror-\u2018Bom-Menino-quer-reconhecimento-para-animais-no-Oscar-800x450-1-e1764934224415.webp\",\"contentUrl\":\"https:\\\/\\\/jornalboasnoticias.com.br\\\/home\\\/wp-content\\\/uploads\\\/2025\\\/12\\\/Cachorro-do-terror-\u2018Bom-Menino-quer-reconhecimento-para-animais-no-Oscar-800x450-1-e1764934224415.webp\",\"width\":1000,\"height\":563,\"caption\":\"Shudder\\\/Divulga\u00e7\u00e3o\"},{\"@type\":\"BreadcrumbList\",\"@id\":\"https:\\\/\\\/jornalboasnoticias.com.br\\\/home\\\/cao-indy-faz-historia-ao-ser-indicado-a-premio-de-atuacao-em-filme-de-terror\\\/#breadcrumb\",\"itemListElement\":[{\"@type\":\"ListItem\",\"position\":1,\"name\":\"In\u00edcio\",\"item\":\"https:\\\/\\\/jornalboasnoticias.com.br\\\/home\\\/\"},{\"@type\":\"ListItem\",\"position\":2,\"name\":\"C\u00e3o Indy faz hist\u00f3ria ao ser indicado a pr\u00eamio de atua\u00e7\u00e3o em filme de terror\"}]},{\"@type\":\"WebSite\",\"@id\":\"https:\\\/\\\/jornalboasnoticias.com.br\\\/home\\\/#website\",\"url\":\"https:\\\/\\\/jornalboasnoticias.com.br\\\/home\\\/\",\"name\":\"Jornal Boas Not\u00edcias\",\"description\":\"Boas not\u00edcias\",\"publisher\":{\"@id\":\"https:\\\/\\\/jornalboasnoticias.com.br\\\/home\\\/#organization\"},\"potentialAction\":[{\"@type\":\"SearchAction\",\"target\":{\"@type\":\"EntryPoint\",\"urlTemplate\":\"https:\\\/\\\/jornalboasnoticias.com.br\\\/home\\\/?s={search_term_string}\"},\"query-input\":{\"@type\":\"PropertyValueSpecification\",\"valueRequired\":true,\"valueName\":\"search_term_string\"}}],\"inLanguage\":\"pt-BR\"},{\"@type\":\"Organization\",\"@id\":\"https:\\\/\\\/jornalboasnoticias.com.br\\\/home\\\/#organization\",\"name\":\"Coq Editora Ltda\",\"alternateName\":\"Jornal Boas Noticias\",\"url\":\"https:\\\/\\\/jornalboasnoticias.com.br\\\/home\\\/\",\"logo\":{\"@type\":\"ImageObject\",\"inLanguage\":\"pt-BR\",\"@id\":\"https:\\\/\\\/jornalboasnoticias.com.br\\\/home\\\/#\\\/schema\\\/logo\\\/image\\\/\",\"url\":\"https:\\\/\\\/jornalboasnoticias.com.br\\\/home\\\/wp-content\\\/uploads\\\/2024\\\/07\\\/cropped-logo.jpg\",\"contentUrl\":\"https:\\\/\\\/jornalboasnoticias.com.br\\\/home\\\/wp-content\\\/uploads\\\/2024\\\/07\\\/cropped-logo.jpg\",\"width\":290,\"height\":142,\"caption\":\"Coq Editora Ltda\"},\"image\":{\"@id\":\"https:\\\/\\\/jornalboasnoticias.com.br\\\/home\\\/#\\\/schema\\\/logo\\\/image\\\/\"},\"sameAs\":[\"https:\\\/\\\/www.facebook.com\\\/boasnoticiasjornal\"]},{\"@type\":\"Person\",\"@id\":\"https:\\\/\\\/jornalboasnoticias.com.br\\\/home\\\/#\\\/schema\\\/person\\\/75f9ebde398c998c166475fb446bda62\",\"name\":\"Luiz Carlos da Cruz\",\"image\":{\"@type\":\"ImageObject\",\"inLanguage\":\"pt-BR\",\"@id\":\"https:\\\/\\\/secure.gravatar.com\\\/avatar\\\/e6f4f45301b6cb8572f7b076572e8ac11c1db80e805d8c8d0858cf286ce3ac3b?s=96&d=mm&r=g\",\"url\":\"https:\\\/\\\/secure.gravatar.com\\\/avatar\\\/e6f4f45301b6cb8572f7b076572e8ac11c1db80e805d8c8d0858cf286ce3ac3b?s=96&d=mm&r=g\",\"contentUrl\":\"https:\\\/\\\/secure.gravatar.com\\\/avatar\\\/e6f4f45301b6cb8572f7b076572e8ac11c1db80e805d8c8d0858cf286ce3ac3b?s=96&d=mm&r=g\",\"caption\":\"Luiz Carlos da Cruz\"},\"url\":\"https:\\\/\\\/jornalboasnoticias.com.br\\\/home\\\/author\\\/luiz-carlos-da-cruz\\\/\"}]}<\/script>\n<!-- \/ Yoast SEO plugin. -->","yoast_head_json":{"title":"C\u00e3o Indy faz hist\u00f3ria ao ser indicado a pr\u00eamio de atua\u00e7\u00e3o em filme de terror - Jornal","description":"C\u00e3o Indy faz hist\u00f3ria ao ser indicado a pr\u00eamio de atua\u00e7\u00e3o em filme de terror","robots":{"index":"index","follow":"follow","max-snippet":"max-snippet:-1","max-image-preview":"max-image-preview:large","max-video-preview":"max-video-preview:-1"},"canonical":"https:\/\/jornalboasnoticias.com.br\/home\/cao-indy-faz-historia-ao-ser-indicado-a-premio-de-atuacao-em-filme-de-terror\/","og_locale":"pt_BR","og_type":"article","og_title":"C\u00e3o Indy faz hist\u00f3ria ao ser indicado a pr\u00eamio de atua\u00e7\u00e3o em filme de terror - Jornal","og_description":"C\u00e3o Indy faz hist\u00f3ria ao ser indicado a pr\u00eamio de atua\u00e7\u00e3o em filme de terror","og_url":"https:\/\/jornalboasnoticias.com.br\/home\/cao-indy-faz-historia-ao-ser-indicado-a-premio-de-atuacao-em-filme-de-terror\/","og_site_name":"Jornal","article_publisher":"https:\/\/www.facebook.com\/boasnoticiasjornal","article_published_time":"2025-12-05T11:32:36+00:00","og_image":[{"width":1000,"height":563,"url":"https:\/\/jornalboasnoticias.com.br\/home\/wp-content\/uploads\/2025\/12\/Cachorro-do-terror-\u2018Bom-Menino-quer-reconhecimento-para-animais-no-Oscar-800x450-1-e1764934224415.webp","type":"image\/webp"}],"author":"Luiz Carlos da Cruz","twitter_card":"summary_large_image","twitter_misc":{"Escrito por":"Luiz Carlos da Cruz","Est. tempo de leitura":"3 minutos"},"schema":{"@context":"https:\/\/schema.org","@graph":[{"@type":"Article","@id":"https:\/\/jornalboasnoticias.com.br\/home\/cao-indy-faz-historia-ao-ser-indicado-a-premio-de-atuacao-em-filme-de-terror\/#article","isPartOf":{"@id":"https:\/\/jornalboasnoticias.com.br\/home\/cao-indy-faz-historia-ao-ser-indicado-a-premio-de-atuacao-em-filme-de-terror\/"},"author":{"name":"Luiz Carlos da Cruz","@id":"https:\/\/jornalboasnoticias.com.br\/home\/#\/schema\/person\/75f9ebde398c998c166475fb446bda62"},"headline":"C\u00e3o Indy faz hist\u00f3ria ao ser indicado a pr\u00eamio de atua\u00e7\u00e3o em filme de terror","datePublished":"2025-12-05T11:32:36+00:00","mainEntityOfPage":{"@id":"https:\/\/jornalboasnoticias.com.br\/home\/cao-indy-faz-historia-ao-ser-indicado-a-premio-de-atuacao-em-filme-de-terror\/"},"wordCount":444,"commentCount":0,"publisher":{"@id":"https:\/\/jornalboasnoticias.com.br\/home\/#organization"},"image":{"@id":"https:\/\/jornalboasnoticias.com.br\/home\/cao-indy-faz-historia-ao-ser-indicado-a-premio-de-atuacao-em-filme-de-terror\/#primaryimage"},"thumbnailUrl":"https:\/\/jornalboasnoticias.com.br\/home\/wp-content\/uploads\/2025\/12\/Cachorro-do-terror-\u2018Bom-Menino-quer-reconhecimento-para-animais-no-Oscar-800x450-1-e1764934224415.webp","articleSection":["DESTAQUE","INTERNACIONAL"],"inLanguage":"pt-BR","potentialAction":[{"@type":"CommentAction","name":"Comment","target":["https:\/\/jornalboasnoticias.com.br\/home\/cao-indy-faz-historia-ao-ser-indicado-a-premio-de-atuacao-em-filme-de-terror\/#respond"]}]},{"@type":"WebPage","@id":"https:\/\/jornalboasnoticias.com.br\/home\/cao-indy-faz-historia-ao-ser-indicado-a-premio-de-atuacao-em-filme-de-terror\/","url":"https:\/\/jornalboasnoticias.com.br\/home\/cao-indy-faz-historia-ao-ser-indicado-a-premio-de-atuacao-em-filme-de-terror\/","name":"C\u00e3o Indy faz hist\u00f3ria ao ser indicado a pr\u00eamio de atua\u00e7\u00e3o em filme de terror - Jornal","isPartOf":{"@id":"https:\/\/jornalboasnoticias.com.br\/home\/#website"},"primaryImageOfPage":{"@id":"https:\/\/jornalboasnoticias.com.br\/home\/cao-indy-faz-historia-ao-ser-indicado-a-premio-de-atuacao-em-filme-de-terror\/#primaryimage"},"image":{"@id":"https:\/\/jornalboasnoticias.com.br\/home\/cao-indy-faz-historia-ao-ser-indicado-a-premio-de-atuacao-em-filme-de-terror\/#primaryimage"},"thumbnailUrl":"https:\/\/jornalboasnoticias.com.br\/home\/wp-content\/uploads\/2025\/12\/Cachorro-do-terror-\u2018Bom-Menino-quer-reconhecimento-para-animais-no-Oscar-800x450-1-e1764934224415.webp","datePublished":"2025-12-05T11:32:36+00:00","description":"C\u00e3o Indy faz hist\u00f3ria ao ser indicado a pr\u00eamio de atua\u00e7\u00e3o em filme de terror","breadcrumb":{"@id":"https:\/\/jornalboasnoticias.com.br\/home\/cao-indy-faz-historia-ao-ser-indicado-a-premio-de-atuacao-em-filme-de-terror\/#breadcrumb"},"inLanguage":"pt-BR","potentialAction":[{"@type":"ReadAction","target":["https:\/\/jornalboasnoticias.com.br\/home\/cao-indy-faz-historia-ao-ser-indicado-a-premio-de-atuacao-em-filme-de-terror\/"]}]},{"@type":"ImageObject","inLanguage":"pt-BR","@id":"https:\/\/jornalboasnoticias.com.br\/home\/cao-indy-faz-historia-ao-ser-indicado-a-premio-de-atuacao-em-filme-de-terror\/#primaryimage","url":"https:\/\/jornalboasnoticias.com.br\/home\/wp-content\/uploads\/2025\/12\/Cachorro-do-terror-\u2018Bom-Menino-quer-reconhecimento-para-animais-no-Oscar-800x450-1-e1764934224415.webp","contentUrl":"https:\/\/jornalboasnoticias.com.br\/home\/wp-content\/uploads\/2025\/12\/Cachorro-do-terror-\u2018Bom-Menino-quer-reconhecimento-para-animais-no-Oscar-800x450-1-e1764934224415.webp","width":1000,"height":563,"caption":"Shudder\/Divulga\u00e7\u00e3o"},{"@type":"BreadcrumbList","@id":"https:\/\/jornalboasnoticias.com.br\/home\/cao-indy-faz-historia-ao-ser-indicado-a-premio-de-atuacao-em-filme-de-terror\/#breadcrumb","itemListElement":[{"@type":"ListItem","position":1,"name":"In\u00edcio","item":"https:\/\/jornalboasnoticias.com.br\/home\/"},{"@type":"ListItem","position":2,"name":"C\u00e3o Indy faz hist\u00f3ria ao ser indicado a pr\u00eamio de atua\u00e7\u00e3o em filme de terror"}]},{"@type":"WebSite","@id":"https:\/\/jornalboasnoticias.com.br\/home\/#website","url":"https:\/\/jornalboasnoticias.com.br\/home\/","name":"Jornal Boas Not\u00edcias","description":"Boas not\u00edcias","publisher":{"@id":"https:\/\/jornalboasnoticias.com.br\/home\/#organization"},"potentialAction":[{"@type":"SearchAction","target":{"@type":"EntryPoint","urlTemplate":"https:\/\/jornalboasnoticias.com.br\/home\/?s={search_term_string}"},"query-input":{"@type":"PropertyValueSpecification","valueRequired":true,"valueName":"search_term_string"}}],"inLanguage":"pt-BR"},{"@type":"Organization","@id":"https:\/\/jornalboasnoticias.com.br\/home\/#organization","name":"Coq Editora Ltda","alternateName":"Jornal Boas Noticias","url":"https:\/\/jornalboasnoticias.com.br\/home\/","logo":{"@type":"ImageObject","inLanguage":"pt-BR","@id":"https:\/\/jornalboasnoticias.com.br\/home\/#\/schema\/logo\/image\/","url":"https:\/\/jornalboasnoticias.com.br\/home\/wp-content\/uploads\/2024\/07\/cropped-logo.jpg","contentUrl":"https:\/\/jornalboasnoticias.com.br\/home\/wp-content\/uploads\/2024\/07\/cropped-logo.jpg","width":290,"height":142,"caption":"Coq Editora Ltda"},"image":{"@id":"https:\/\/jornalboasnoticias.com.br\/home\/#\/schema\/logo\/image\/"},"sameAs":["https:\/\/www.facebook.com\/boasnoticiasjornal"]},{"@type":"Person","@id":"https:\/\/jornalboasnoticias.com.br\/home\/#\/schema\/person\/75f9ebde398c998c166475fb446bda62","name":"Luiz Carlos da Cruz","image":{"@type":"ImageObject","inLanguage":"pt-BR","@id":"https:\/\/secure.gravatar.com\/avatar\/e6f4f45301b6cb8572f7b076572e8ac11c1db80e805d8c8d0858cf286ce3ac3b?s=96&d=mm&r=g","url":"https:\/\/secure.gravatar.com\/avatar\/e6f4f45301b6cb8572f7b076572e8ac11c1db80e805d8c8d0858cf286ce3ac3b?s=96&d=mm&r=g","contentUrl":"https:\/\/secure.gravatar.com\/avatar\/e6f4f45301b6cb8572f7b076572e8ac11c1db80e805d8c8d0858cf286ce3ac3b?s=96&d=mm&r=g","caption":"Luiz Carlos da Cruz"},"url":"https:\/\/jornalboasnoticias.com.br\/home\/author\/luiz-carlos-da-cruz\/"}]}},"_links":{"self":[{"href":"https:\/\/jornalboasnoticias.com.br\/home\/wp-json\/wp\/v2\/posts\/46667","targetHints":{"allow":["GET"]}}],"collection":[{"href":"https:\/\/jornalboasnoticias.com.br\/home\/wp-json\/wp\/v2\/posts"}],"about":[{"href":"https:\/\/jornalboasnoticias.com.br\/home\/wp-json\/wp\/v2\/types\/post"}],"author":[{"embeddable":true,"href":"https:\/\/jornalboasnoticias.com.br\/home\/wp-json\/wp\/v2\/users\/3"}],"replies":[{"embeddable":true,"href":"https:\/\/jornalboasnoticias.com.br\/home\/wp-json\/wp\/v2\/comments?post=46667"}],"version-history":[{"count":1,"href":"https:\/\/jornalboasnoticias.com.br\/home\/wp-json\/wp\/v2\/posts\/46667\/revisions"}],"predecessor-version":[{"id":46704,"href":"https:\/\/jornalboasnoticias.com.br\/home\/wp-json\/wp\/v2\/posts\/46667\/revisions\/46704"}],"wp:featuredmedia":[{"embeddable":true,"href":"https:\/\/jornalboasnoticias.com.br\/home\/wp-json\/wp\/v2\/media\/46703"}],"wp:attachment":[{"href":"https:\/\/jornalboasnoticias.com.br\/home\/wp-json\/wp\/v2\/media?parent=46667"}],"wp:term":[{"taxonomy":"category","embeddable":true,"href":"https:\/\/jornalboasnoticias.com.br\/home\/wp-json\/wp\/v2\/categories?post=46667"},{"taxonomy":"post_tag","embeddable":true,"href":"https:\/\/jornalboasnoticias.com.br\/home\/wp-json\/wp\/v2\/tags?post=46667"}],"curies":[{"name":"wp","href":"https:\/\/api.w.org\/{rel}","templated":true}]}}