{"id":46663,"date":"2025-12-02T19:03:10","date_gmt":"2025-12-02T19:03:10","guid":{"rendered":"https:\/\/jornalboasnoticias.com.br\/home\/?p=46663"},"modified":"2025-12-02T19:03:10","modified_gmt":"2025-12-02T19:03:10","slug":"com-medo-da-guerra-maduro-pede-a-cristaos-nos-eua-que-toquem-o-sino-da-paz","status":"publish","type":"post","link":"https:\/\/jornalboasnoticias.com.br\/home\/com-medo-da-guerra-maduro-pede-a-cristaos-nos-eua-que-toquem-o-sino-da-paz\/","title":{"rendered":"Com medo da guerra, Maduro pede a crist\u00e3os nos EUA que \u2018toquem o sino da paz\u2019"},"content":{"rendered":"<blockquote>\n<p style=\"text-align: center;\">A fala de Maduro aconteceu durante um encontro de ora\u00e7\u00e3o pela paz da Venezuela, realizado no Pal\u00e1cio de Miraflores, em Caracas.<\/p>\n<\/blockquote>\n<figure id=\"attachment_46664\" aria-describedby=\"caption-attachment-46664\" style=\"width: 1000px\" class=\"wp-caption alignnone\"><img loading=\"lazy\" decoding=\"async\" class=\"size-full wp-image-46664\" src=\"https:\/\/jornalboasnoticias.com.br\/home\/wp-content\/uploads\/2025\/12\/maduro-paz-1536x1024-1-e1764702059146.jpg\" alt=\"\" width=\"1000\" height=\"667\" \/><figcaption id=\"caption-attachment-46664\" class=\"wp-caption-text\">Divulga\u00e7\u00e3o<\/figcaption><\/figure>\n<p>O ditador da Venezuela, Nicol\u00e1s Maduro, pediu aos \u201cirm\u00e3os crist\u00e3os\u201d nos Estados Unidos que se unam pela paz e resistam \u00e0 possibilidade de uma a\u00e7\u00e3o militar no pa\u00eds, no contexto de tens\u00f5es com a administra\u00e7\u00e3o de Donald Trump.<\/p>\n<p>A fala de Maduro aconteceu durante um encontro de ora\u00e7\u00e3o pela paz da Venezuela, realizado no Pal\u00e1cio de Miraflores, em Caracas. No discurso, afirmou que a Venezuela precisa do apoio de crist\u00e3os para manter a \u201cpaz, harmonia, perd\u00e3o e miseric\u00f3rdia\u201d, em meio \u00e0s crescentes amea\u00e7as de uma interven\u00e7\u00e3o militar.<\/p>\n<p>Ele afirmou: \u201cLan\u00e7amos nossa mensagem da Venezuela aos crist\u00e3os dos Estados Unidos, aos crist\u00e3os da nossa Am\u00e9rica, para que levemos o estandarte da paz\u201d.<\/p>\n<p>O evento contou com a presen\u00e7a de Nicol\u00e1s Maduro Guerra, filho do presidente e vice-presidente de Assuntos Religiosos do Partido Socialista Unido da Venezuela (PSUV), e representantes de v\u00e1rias igrejas e denomina\u00e7\u00f5es religiosas aliadas ao governo. Durante o encontro, Maduro tamb\u00e9m se dirigiu aos Estados Unidos, pedindo que os americanos impedissem a \u201cm\u00e3o enlouquecida de quem ordena bombardear, matar e levar uma guerra \u00e0 Am\u00e9rica do Sul e ao Caribe\u201d, sem mencionar diretamente o nome de qualquer figura pol\u00edtica.<\/p>\n<p>O pronunciamento de Maduro foi feito um dia ap\u00f3s o an\u00fancio do Pent\u00e1gono sobre a opera\u00e7\u00e3o \u201cLan\u00e7a do Sul\u201d, destinada a combater o narcotr\u00e1fico originado na Am\u00e9rica Latina, embora os detalhes sobre as opera\u00e7\u00f5es ainda n\u00e3o tenham sido divulgados. Em resposta, o presidente Donald Trump afirmou que j\u00e1 tomou uma decis\u00e3o sobre uma poss\u00edvel a\u00e7\u00e3o militar na Venezuela, mas afirmou que \u201cainda n\u00e3o pode dizer\u201d quais ser\u00e3o os pr\u00f3ximos passos, de acordo com informa\u00e7\u00f5es do jornal\u00a0<a href=\"https:\/\/www.gazetadopovo.com.br\/mundo\/com-medo-de-trump-maduro-apela-a-cristaos-dos-eua-soem-os-sinos-da-paz\/\" target=\"\" rel=\"noopener\"><em>Gazeta do Povo<\/em><\/a>.<\/p>\n<p>A Portas Abertas, organiza\u00e7\u00e3o que monitora a liberdade religiosa, denuncia que as igrejas crist\u00e3s no pa\u00eds enfrentam crescente repress\u00e3o. L\u00edderes religiosos, especialmente os contr\u00e1rios ao regime, t\u00eam sido alvo de amea\u00e7as e intimida\u00e7\u00f5es. Durante o per\u00edodo eleitoral de 2024, foram reportados casos de acusa\u00e7\u00f5es arbitr\u00e1rias, tentativas de suborno e amea\u00e7as a pastores que n\u00e3o aderiram ao apoio do governo.<\/p>\n<p>Em um caso recente, um pastor afirmou que foi procurado por representantes do PSUV para apoiar o governo em troca de infraestrutura para sua igreja, mas ao recusar a oferta, teve a energia el\u00e9trica cortada em sua congrega\u00e7\u00e3o. O pastor relatou que a falta de liberdade de pensamento se tornou um problema crescente para os cidad\u00e3os venezuelanos, incluindo os l\u00edderes religiosos que optam por se manter independentes do regime.<\/p>\n<p><em>Gospel+<\/em><\/p>\n","protected":false},"excerpt":{"rendered":"<p>A fala de Maduro aconteceu durante um encontro de ora\u00e7\u00e3o pela paz da Venezuela, realizado<\/p>\n","protected":false},"author":3,"featured_media":46664,"comment_status":"open","ping_status":"open","sticky":false,"template":"","format":"standard","meta":{"footnotes":""},"categories":[3,9],"tags":[],"class_list":["post-46663","post","type-post","status-publish","format-standard","has-post-thumbnail","hentry","category-destaques","category-internacional"],"yoast_head":"<!-- This site is optimized with the Yoast SEO plugin v27.5 - https:\/\/yoast.com\/product\/yoast-seo-wordpress\/ -->\n<title>Com medo da guerra, Maduro pede a crist\u00e3os nos EUA que \u2018toquem o sino da paz\u2019 - Jornal<\/title>\n<meta name=\"description\" content=\"Com medo da guerra, Maduro pede a crist\u00e3os nos EUA que \u2018toquem o sino da paz\u2019\" \/>\n<meta name=\"robots\" content=\"index, follow, max-snippet:-1, max-image-preview:large, max-video-preview:-1\" \/>\n<link rel=\"canonical\" href=\"https:\/\/jornalboasnoticias.com.br\/home\/com-medo-da-guerra-maduro-pede-a-cristaos-nos-eua-que-toquem-o-sino-da-paz\/\" \/>\n<meta property=\"og:locale\" content=\"pt_BR\" \/>\n<meta property=\"og:type\" content=\"article\" \/>\n<meta property=\"og:title\" content=\"Com medo da guerra, Maduro pede a crist\u00e3os nos EUA que \u2018toquem o sino da paz\u2019 - Jornal\" \/>\n<meta property=\"og:description\" content=\"Com medo da guerra, Maduro pede a crist\u00e3os nos EUA que \u2018toquem o sino da paz\u2019\" \/>\n<meta property=\"og:url\" content=\"https:\/\/jornalboasnoticias.com.br\/home\/com-medo-da-guerra-maduro-pede-a-cristaos-nos-eua-que-toquem-o-sino-da-paz\/\" \/>\n<meta property=\"og:site_name\" content=\"Jornal\" \/>\n<meta property=\"article:publisher\" content=\"https:\/\/www.facebook.com\/boasnoticiasjornal\" \/>\n<meta property=\"article:published_time\" content=\"2025-12-02T19:03:10+00:00\" \/>\n<meta property=\"og:image\" content=\"https:\/\/jornalboasnoticias.com.br\/home\/wp-content\/uploads\/2025\/12\/maduro-paz-1536x1024-1-e1764702059146.jpg\" \/>\n\t<meta property=\"og:image:width\" content=\"1000\" \/>\n\t<meta property=\"og:image:height\" content=\"667\" \/>\n\t<meta property=\"og:image:type\" content=\"image\/jpeg\" \/>\n<meta name=\"author\" content=\"Luiz Carlos da Cruz\" \/>\n<meta name=\"twitter:card\" content=\"summary_large_image\" \/>\n<meta name=\"twitter:label1\" content=\"Escrito por\" \/>\n\t<meta name=\"twitter:data1\" content=\"Luiz Carlos da Cruz\" \/>\n\t<meta name=\"twitter:label2\" content=\"Est. tempo de leitura\" \/>\n\t<meta name=\"twitter:data2\" content=\"3 minutos\" \/>\n<script type=\"application\/ld+json\" class=\"yoast-schema-graph\">{\"@context\":\"https:\\\/\\\/schema.org\",\"@graph\":[{\"@type\":\"Article\",\"@id\":\"https:\\\/\\\/jornalboasnoticias.com.br\\\/home\\\/com-medo-da-guerra-maduro-pede-a-cristaos-nos-eua-que-toquem-o-sino-da-paz\\\/#article\",\"isPartOf\":{\"@id\":\"https:\\\/\\\/jornalboasnoticias.com.br\\\/home\\\/com-medo-da-guerra-maduro-pede-a-cristaos-nos-eua-que-toquem-o-sino-da-paz\\\/\"},\"author\":{\"name\":\"Luiz Carlos da Cruz\",\"@id\":\"https:\\\/\\\/jornalboasnoticias.com.br\\\/home\\\/#\\\/schema\\\/person\\\/75f9ebde398c998c166475fb446bda62\"},\"headline\":\"Com medo da guerra, Maduro pede a crist\u00e3os nos EUA que \u2018toquem o sino da paz\u2019\",\"datePublished\":\"2025-12-02T19:03:10+00:00\",\"mainEntityOfPage\":{\"@id\":\"https:\\\/\\\/jornalboasnoticias.com.br\\\/home\\\/com-medo-da-guerra-maduro-pede-a-cristaos-nos-eua-que-toquem-o-sino-da-paz\\\/\"},\"wordCount\":504,\"commentCount\":0,\"publisher\":{\"@id\":\"https:\\\/\\\/jornalboasnoticias.com.br\\\/home\\\/#organization\"},\"image\":{\"@id\":\"https:\\\/\\\/jornalboasnoticias.com.br\\\/home\\\/com-medo-da-guerra-maduro-pede-a-cristaos-nos-eua-que-toquem-o-sino-da-paz\\\/#primaryimage\"},\"thumbnailUrl\":\"https:\\\/\\\/jornalboasnoticias.com.br\\\/home\\\/wp-content\\\/uploads\\\/2025\\\/12\\\/maduro-paz-1536x1024-1-e1764702059146.jpg\",\"articleSection\":[\"DESTAQUE\",\"INTERNACIONAL\"],\"inLanguage\":\"pt-BR\",\"potentialAction\":[{\"@type\":\"CommentAction\",\"name\":\"Comment\",\"target\":[\"https:\\\/\\\/jornalboasnoticias.com.br\\\/home\\\/com-medo-da-guerra-maduro-pede-a-cristaos-nos-eua-que-toquem-o-sino-da-paz\\\/#respond\"]}]},{\"@type\":\"WebPage\",\"@id\":\"https:\\\/\\\/jornalboasnoticias.com.br\\\/home\\\/com-medo-da-guerra-maduro-pede-a-cristaos-nos-eua-que-toquem-o-sino-da-paz\\\/\",\"url\":\"https:\\\/\\\/jornalboasnoticias.com.br\\\/home\\\/com-medo-da-guerra-maduro-pede-a-cristaos-nos-eua-que-toquem-o-sino-da-paz\\\/\",\"name\":\"Com medo da guerra, Maduro pede a crist\u00e3os nos EUA que \u2018toquem o sino da paz\u2019 - Jornal\",\"isPartOf\":{\"@id\":\"https:\\\/\\\/jornalboasnoticias.com.br\\\/home\\\/#website\"},\"primaryImageOfPage\":{\"@id\":\"https:\\\/\\\/jornalboasnoticias.com.br\\\/home\\\/com-medo-da-guerra-maduro-pede-a-cristaos-nos-eua-que-toquem-o-sino-da-paz\\\/#primaryimage\"},\"image\":{\"@id\":\"https:\\\/\\\/jornalboasnoticias.com.br\\\/home\\\/com-medo-da-guerra-maduro-pede-a-cristaos-nos-eua-que-toquem-o-sino-da-paz\\\/#primaryimage\"},\"thumbnailUrl\":\"https:\\\/\\\/jornalboasnoticias.com.br\\\/home\\\/wp-content\\\/uploads\\\/2025\\\/12\\\/maduro-paz-1536x1024-1-e1764702059146.jpg\",\"datePublished\":\"2025-12-02T19:03:10+00:00\",\"description\":\"Com medo da guerra, Maduro pede a crist\u00e3os nos EUA que \u2018toquem o sino da paz\u2019\",\"breadcrumb\":{\"@id\":\"https:\\\/\\\/jornalboasnoticias.com.br\\\/home\\\/com-medo-da-guerra-maduro-pede-a-cristaos-nos-eua-que-toquem-o-sino-da-paz\\\/#breadcrumb\"},\"inLanguage\":\"pt-BR\",\"potentialAction\":[{\"@type\":\"ReadAction\",\"target\":[\"https:\\\/\\\/jornalboasnoticias.com.br\\\/home\\\/com-medo-da-guerra-maduro-pede-a-cristaos-nos-eua-que-toquem-o-sino-da-paz\\\/\"]}]},{\"@type\":\"ImageObject\",\"inLanguage\":\"pt-BR\",\"@id\":\"https:\\\/\\\/jornalboasnoticias.com.br\\\/home\\\/com-medo-da-guerra-maduro-pede-a-cristaos-nos-eua-que-toquem-o-sino-da-paz\\\/#primaryimage\",\"url\":\"https:\\\/\\\/jornalboasnoticias.com.br\\\/home\\\/wp-content\\\/uploads\\\/2025\\\/12\\\/maduro-paz-1536x1024-1-e1764702059146.jpg\",\"contentUrl\":\"https:\\\/\\\/jornalboasnoticias.com.br\\\/home\\\/wp-content\\\/uploads\\\/2025\\\/12\\\/maduro-paz-1536x1024-1-e1764702059146.jpg\",\"width\":1000,\"height\":667,\"caption\":\"Diulga\u00e7\u00e3o\"},{\"@type\":\"BreadcrumbList\",\"@id\":\"https:\\\/\\\/jornalboasnoticias.com.br\\\/home\\\/com-medo-da-guerra-maduro-pede-a-cristaos-nos-eua-que-toquem-o-sino-da-paz\\\/#breadcrumb\",\"itemListElement\":[{\"@type\":\"ListItem\",\"position\":1,\"name\":\"In\u00edcio\",\"item\":\"https:\\\/\\\/jornalboasnoticias.com.br\\\/home\\\/\"},{\"@type\":\"ListItem\",\"position\":2,\"name\":\"Com medo da guerra, Maduro pede a crist\u00e3os nos EUA que \u2018toquem o sino da paz\u2019\"}]},{\"@type\":\"WebSite\",\"@id\":\"https:\\\/\\\/jornalboasnoticias.com.br\\\/home\\\/#website\",\"url\":\"https:\\\/\\\/jornalboasnoticias.com.br\\\/home\\\/\",\"name\":\"Jornal Boas Not\u00edcias\",\"description\":\"Boas not\u00edcias\",\"publisher\":{\"@id\":\"https:\\\/\\\/jornalboasnoticias.com.br\\\/home\\\/#organization\"},\"potentialAction\":[{\"@type\":\"SearchAction\",\"target\":{\"@type\":\"EntryPoint\",\"urlTemplate\":\"https:\\\/\\\/jornalboasnoticias.com.br\\\/home\\\/?s={search_term_string}\"},\"query-input\":{\"@type\":\"PropertyValueSpecification\",\"valueRequired\":true,\"valueName\":\"search_term_string\"}}],\"inLanguage\":\"pt-BR\"},{\"@type\":\"Organization\",\"@id\":\"https:\\\/\\\/jornalboasnoticias.com.br\\\/home\\\/#organization\",\"name\":\"Coq Editora Ltda\",\"alternateName\":\"Jornal Boas Noticias\",\"url\":\"https:\\\/\\\/jornalboasnoticias.com.br\\\/home\\\/\",\"logo\":{\"@type\":\"ImageObject\",\"inLanguage\":\"pt-BR\",\"@id\":\"https:\\\/\\\/jornalboasnoticias.com.br\\\/home\\\/#\\\/schema\\\/logo\\\/image\\\/\",\"url\":\"https:\\\/\\\/jornalboasnoticias.com.br\\\/home\\\/wp-content\\\/uploads\\\/2024\\\/07\\\/cropped-logo.jpg\",\"contentUrl\":\"https:\\\/\\\/jornalboasnoticias.com.br\\\/home\\\/wp-content\\\/uploads\\\/2024\\\/07\\\/cropped-logo.jpg\",\"width\":290,\"height\":142,\"caption\":\"Coq Editora Ltda\"},\"image\":{\"@id\":\"https:\\\/\\\/jornalboasnoticias.com.br\\\/home\\\/#\\\/schema\\\/logo\\\/image\\\/\"},\"sameAs\":[\"https:\\\/\\\/www.facebook.com\\\/boasnoticiasjornal\"]},{\"@type\":\"Person\",\"@id\":\"https:\\\/\\\/jornalboasnoticias.com.br\\\/home\\\/#\\\/schema\\\/person\\\/75f9ebde398c998c166475fb446bda62\",\"name\":\"Luiz Carlos da Cruz\",\"image\":{\"@type\":\"ImageObject\",\"inLanguage\":\"pt-BR\",\"@id\":\"https:\\\/\\\/secure.gravatar.com\\\/avatar\\\/e6f4f45301b6cb8572f7b076572e8ac11c1db80e805d8c8d0858cf286ce3ac3b?s=96&d=mm&r=g\",\"url\":\"https:\\\/\\\/secure.gravatar.com\\\/avatar\\\/e6f4f45301b6cb8572f7b076572e8ac11c1db80e805d8c8d0858cf286ce3ac3b?s=96&d=mm&r=g\",\"contentUrl\":\"https:\\\/\\\/secure.gravatar.com\\\/avatar\\\/e6f4f45301b6cb8572f7b076572e8ac11c1db80e805d8c8d0858cf286ce3ac3b?s=96&d=mm&r=g\",\"caption\":\"Luiz Carlos da Cruz\"},\"url\":\"https:\\\/\\\/jornalboasnoticias.com.br\\\/home\\\/author\\\/luiz-carlos-da-cruz\\\/\"}]}<\/script>\n<!-- \/ Yoast SEO plugin. -->","yoast_head_json":{"title":"Com medo da guerra, Maduro pede a crist\u00e3os nos EUA que \u2018toquem o sino da paz\u2019 - Jornal","description":"Com medo da guerra, Maduro pede a crist\u00e3os nos EUA que \u2018toquem o sino da paz\u2019","robots":{"index":"index","follow":"follow","max-snippet":"max-snippet:-1","max-image-preview":"max-image-preview:large","max-video-preview":"max-video-preview:-1"},"canonical":"https:\/\/jornalboasnoticias.com.br\/home\/com-medo-da-guerra-maduro-pede-a-cristaos-nos-eua-que-toquem-o-sino-da-paz\/","og_locale":"pt_BR","og_type":"article","og_title":"Com medo da guerra, Maduro pede a crist\u00e3os nos EUA que \u2018toquem o sino da paz\u2019 - Jornal","og_description":"Com medo da guerra, Maduro pede a crist\u00e3os nos EUA que \u2018toquem o sino da paz\u2019","og_url":"https:\/\/jornalboasnoticias.com.br\/home\/com-medo-da-guerra-maduro-pede-a-cristaos-nos-eua-que-toquem-o-sino-da-paz\/","og_site_name":"Jornal","article_publisher":"https:\/\/www.facebook.com\/boasnoticiasjornal","article_published_time":"2025-12-02T19:03:10+00:00","og_image":[{"width":1000,"height":667,"url":"https:\/\/jornalboasnoticias.com.br\/home\/wp-content\/uploads\/2025\/12\/maduro-paz-1536x1024-1-e1764702059146.jpg","type":"image\/jpeg"}],"author":"Luiz Carlos da Cruz","twitter_card":"summary_large_image","twitter_misc":{"Escrito por":"Luiz Carlos da Cruz","Est. tempo de leitura":"3 minutos"},"schema":{"@context":"https:\/\/schema.org","@graph":[{"@type":"Article","@id":"https:\/\/jornalboasnoticias.com.br\/home\/com-medo-da-guerra-maduro-pede-a-cristaos-nos-eua-que-toquem-o-sino-da-paz\/#article","isPartOf":{"@id":"https:\/\/jornalboasnoticias.com.br\/home\/com-medo-da-guerra-maduro-pede-a-cristaos-nos-eua-que-toquem-o-sino-da-paz\/"},"author":{"name":"Luiz Carlos da Cruz","@id":"https:\/\/jornalboasnoticias.com.br\/home\/#\/schema\/person\/75f9ebde398c998c166475fb446bda62"},"headline":"Com medo da guerra, Maduro pede a crist\u00e3os nos EUA que \u2018toquem o sino da paz\u2019","datePublished":"2025-12-02T19:03:10+00:00","mainEntityOfPage":{"@id":"https:\/\/jornalboasnoticias.com.br\/home\/com-medo-da-guerra-maduro-pede-a-cristaos-nos-eua-que-toquem-o-sino-da-paz\/"},"wordCount":504,"commentCount":0,"publisher":{"@id":"https:\/\/jornalboasnoticias.com.br\/home\/#organization"},"image":{"@id":"https:\/\/jornalboasnoticias.com.br\/home\/com-medo-da-guerra-maduro-pede-a-cristaos-nos-eua-que-toquem-o-sino-da-paz\/#primaryimage"},"thumbnailUrl":"https:\/\/jornalboasnoticias.com.br\/home\/wp-content\/uploads\/2025\/12\/maduro-paz-1536x1024-1-e1764702059146.jpg","articleSection":["DESTAQUE","INTERNACIONAL"],"inLanguage":"pt-BR","potentialAction":[{"@type":"CommentAction","name":"Comment","target":["https:\/\/jornalboasnoticias.com.br\/home\/com-medo-da-guerra-maduro-pede-a-cristaos-nos-eua-que-toquem-o-sino-da-paz\/#respond"]}]},{"@type":"WebPage","@id":"https:\/\/jornalboasnoticias.com.br\/home\/com-medo-da-guerra-maduro-pede-a-cristaos-nos-eua-que-toquem-o-sino-da-paz\/","url":"https:\/\/jornalboasnoticias.com.br\/home\/com-medo-da-guerra-maduro-pede-a-cristaos-nos-eua-que-toquem-o-sino-da-paz\/","name":"Com medo da guerra, Maduro pede a crist\u00e3os nos EUA que \u2018toquem o sino da paz\u2019 - Jornal","isPartOf":{"@id":"https:\/\/jornalboasnoticias.com.br\/home\/#website"},"primaryImageOfPage":{"@id":"https:\/\/jornalboasnoticias.com.br\/home\/com-medo-da-guerra-maduro-pede-a-cristaos-nos-eua-que-toquem-o-sino-da-paz\/#primaryimage"},"image":{"@id":"https:\/\/jornalboasnoticias.com.br\/home\/com-medo-da-guerra-maduro-pede-a-cristaos-nos-eua-que-toquem-o-sino-da-paz\/#primaryimage"},"thumbnailUrl":"https:\/\/jornalboasnoticias.com.br\/home\/wp-content\/uploads\/2025\/12\/maduro-paz-1536x1024-1-e1764702059146.jpg","datePublished":"2025-12-02T19:03:10+00:00","description":"Com medo da guerra, Maduro pede a crist\u00e3os nos EUA que \u2018toquem o sino da paz\u2019","breadcrumb":{"@id":"https:\/\/jornalboasnoticias.com.br\/home\/com-medo-da-guerra-maduro-pede-a-cristaos-nos-eua-que-toquem-o-sino-da-paz\/#breadcrumb"},"inLanguage":"pt-BR","potentialAction":[{"@type":"ReadAction","target":["https:\/\/jornalboasnoticias.com.br\/home\/com-medo-da-guerra-maduro-pede-a-cristaos-nos-eua-que-toquem-o-sino-da-paz\/"]}]},{"@type":"ImageObject","inLanguage":"pt-BR","@id":"https:\/\/jornalboasnoticias.com.br\/home\/com-medo-da-guerra-maduro-pede-a-cristaos-nos-eua-que-toquem-o-sino-da-paz\/#primaryimage","url":"https:\/\/jornalboasnoticias.com.br\/home\/wp-content\/uploads\/2025\/12\/maduro-paz-1536x1024-1-e1764702059146.jpg","contentUrl":"https:\/\/jornalboasnoticias.com.br\/home\/wp-content\/uploads\/2025\/12\/maduro-paz-1536x1024-1-e1764702059146.jpg","width":1000,"height":667,"caption":"Diulga\u00e7\u00e3o"},{"@type":"BreadcrumbList","@id":"https:\/\/jornalboasnoticias.com.br\/home\/com-medo-da-guerra-maduro-pede-a-cristaos-nos-eua-que-toquem-o-sino-da-paz\/#breadcrumb","itemListElement":[{"@type":"ListItem","position":1,"name":"In\u00edcio","item":"https:\/\/jornalboasnoticias.com.br\/home\/"},{"@type":"ListItem","position":2,"name":"Com medo da guerra, Maduro pede a crist\u00e3os nos EUA que \u2018toquem o sino da paz\u2019"}]},{"@type":"WebSite","@id":"https:\/\/jornalboasnoticias.com.br\/home\/#website","url":"https:\/\/jornalboasnoticias.com.br\/home\/","name":"Jornal Boas Not\u00edcias","description":"Boas not\u00edcias","publisher":{"@id":"https:\/\/jornalboasnoticias.com.br\/home\/#organization"},"potentialAction":[{"@type":"SearchAction","target":{"@type":"EntryPoint","urlTemplate":"https:\/\/jornalboasnoticias.com.br\/home\/?s={search_term_string}"},"query-input":{"@type":"PropertyValueSpecification","valueRequired":true,"valueName":"search_term_string"}}],"inLanguage":"pt-BR"},{"@type":"Organization","@id":"https:\/\/jornalboasnoticias.com.br\/home\/#organization","name":"Coq Editora Ltda","alternateName":"Jornal Boas Noticias","url":"https:\/\/jornalboasnoticias.com.br\/home\/","logo":{"@type":"ImageObject","inLanguage":"pt-BR","@id":"https:\/\/jornalboasnoticias.com.br\/home\/#\/schema\/logo\/image\/","url":"https:\/\/jornalboasnoticias.com.br\/home\/wp-content\/uploads\/2024\/07\/cropped-logo.jpg","contentUrl":"https:\/\/jornalboasnoticias.com.br\/home\/wp-content\/uploads\/2024\/07\/cropped-logo.jpg","width":290,"height":142,"caption":"Coq Editora Ltda"},"image":{"@id":"https:\/\/jornalboasnoticias.com.br\/home\/#\/schema\/logo\/image\/"},"sameAs":["https:\/\/www.facebook.com\/boasnoticiasjornal"]},{"@type":"Person","@id":"https:\/\/jornalboasnoticias.com.br\/home\/#\/schema\/person\/75f9ebde398c998c166475fb446bda62","name":"Luiz Carlos da Cruz","image":{"@type":"ImageObject","inLanguage":"pt-BR","@id":"https:\/\/secure.gravatar.com\/avatar\/e6f4f45301b6cb8572f7b076572e8ac11c1db80e805d8c8d0858cf286ce3ac3b?s=96&d=mm&r=g","url":"https:\/\/secure.gravatar.com\/avatar\/e6f4f45301b6cb8572f7b076572e8ac11c1db80e805d8c8d0858cf286ce3ac3b?s=96&d=mm&r=g","contentUrl":"https:\/\/secure.gravatar.com\/avatar\/e6f4f45301b6cb8572f7b076572e8ac11c1db80e805d8c8d0858cf286ce3ac3b?s=96&d=mm&r=g","caption":"Luiz Carlos da Cruz"},"url":"https:\/\/jornalboasnoticias.com.br\/home\/author\/luiz-carlos-da-cruz\/"}]}},"_links":{"self":[{"href":"https:\/\/jornalboasnoticias.com.br\/home\/wp-json\/wp\/v2\/posts\/46663","targetHints":{"allow":["GET"]}}],"collection":[{"href":"https:\/\/jornalboasnoticias.com.br\/home\/wp-json\/wp\/v2\/posts"}],"about":[{"href":"https:\/\/jornalboasnoticias.com.br\/home\/wp-json\/wp\/v2\/types\/post"}],"author":[{"embeddable":true,"href":"https:\/\/jornalboasnoticias.com.br\/home\/wp-json\/wp\/v2\/users\/3"}],"replies":[{"embeddable":true,"href":"https:\/\/jornalboasnoticias.com.br\/home\/wp-json\/wp\/v2\/comments?post=46663"}],"version-history":[{"count":1,"href":"https:\/\/jornalboasnoticias.com.br\/home\/wp-json\/wp\/v2\/posts\/46663\/revisions"}],"predecessor-version":[{"id":46665,"href":"https:\/\/jornalboasnoticias.com.br\/home\/wp-json\/wp\/v2\/posts\/46663\/revisions\/46665"}],"wp:featuredmedia":[{"embeddable":true,"href":"https:\/\/jornalboasnoticias.com.br\/home\/wp-json\/wp\/v2\/media\/46664"}],"wp:attachment":[{"href":"https:\/\/jornalboasnoticias.com.br\/home\/wp-json\/wp\/v2\/media?parent=46663"}],"wp:term":[{"taxonomy":"category","embeddable":true,"href":"https:\/\/jornalboasnoticias.com.br\/home\/wp-json\/wp\/v2\/categories?post=46663"},{"taxonomy":"post_tag","embeddable":true,"href":"https:\/\/jornalboasnoticias.com.br\/home\/wp-json\/wp\/v2\/tags?post=46663"}],"curies":[{"name":"wp","href":"https:\/\/api.w.org\/{rel}","templated":true}]}}