{"id":46657,"date":"2025-12-02T18:27:49","date_gmt":"2025-12-02T18:27:49","guid":{"rendered":"https:\/\/jornalboasnoticias.com.br\/home\/?p=46657"},"modified":"2025-12-02T18:27:49","modified_gmt":"2025-12-02T18:27:49","slug":"presentes-da-campanha-adote-uma-cartinha-devem-ser-entregues-ate-segunda-feira-8","status":"publish","type":"post","link":"https:\/\/jornalboasnoticias.com.br\/home\/presentes-da-campanha-adote-uma-cartinha-devem-ser-entregues-ate-segunda-feira-8\/","title":{"rendered":"Presentes da campanha &#8220;Adote uma Cartinha&#8221; devem ser entregues at\u00e9 segunda-feira (8)"},"content":{"rendered":"<blockquote>\n<p style=\"text-align: center;\">Presentes podem ser entregues na sede da Secretaria de Assist\u00eancia Social ou no local onde a cartinha foi adotada<\/p>\n<\/blockquote>\n<figure id=\"attachment_46658\" aria-describedby=\"caption-attachment-46658\" style=\"width: 1000px\" class=\"wp-caption alignnone\"><img loading=\"lazy\" decoding=\"async\" class=\"size-full wp-image-46658\" src=\"https:\/\/jornalboasnoticias.com.br\/home\/wp-content\/uploads\/2025\/12\/Imagem-do-WhatsApp-de-2025-11-27-as-14_41_05_4ef4ad2e-e1764700007532.jpg\" alt=\"\" width=\"1000\" height=\"666\" \/><figcaption id=\"caption-attachment-46658\" class=\"wp-caption-text\">Divulga\u00e7\u00e3o<\/figcaption><\/figure>\n<p>Aten\u00e7\u00e3o, padrinhos da campanha &#8220;Adote uma Cartinha&#8221;, da Secretaria de Assist\u00eancia Social: os presentes devem ser entregues at\u00e9 a pr\u00f3xima segunda-feira (8), j\u00e1 anota n\u00e3o agenda. N\u00e3o esque\u00e7a do mimo e fa\u00e7a o Natal de uma crian\u00e7a ainda mais feliz.<\/p>\n<p>As 1,5 mil cartinhas de crian\u00e7as e adolescentes em situa\u00e7\u00e3o de vulnerabilidade atendidos na rede de Assist\u00eancia Social foram adotadas em tempo recorde, em menos de 15 dias.<\/p>\n<p>Agora, est\u00e1 na fase da entrega dos presentes, que pode ser feita nos mesmos locais onde as cartinhas foram retiradas ou na sede da Seaso &#8211; Rua Pernambuco, n\u00b0 1900, atr\u00e1s da Prefeitura. Na Seaso, a sala destinada as doa\u00e7\u00f5es j\u00e1 est\u00e1 ficando cheia de presentes, uma prova viva do amor e solidariedade dos cascavelenses.<\/p>\n<p>Ap\u00f3s o prazo de entrega, as unidades iniciar\u00e3o a programa\u00e7\u00e3o especial de distribui\u00e7\u00e3o dos presentes, com direito \u00e0 presen\u00e7a do Papai Noel e atividades festivas. O cronograma j\u00e1 come\u00e7a na pr\u00f3xima segunda-feira pela \u00e1rea rural e segue em todos os Cras at\u00e9 dia 22 de dezembro.<\/p>\n<h2>PROGRAMA\u00c7\u00c3O DE ENTREGA DE PRESENTES<\/h2>\n<p>Cras Central<br \/>\nAcampamento Dorelina \u2013 08\/12 (Manh\u00e3)<\/p>\n<p>Juvin\u00f3polis + Sede\u2013 09\/12 (Manh\u00e3)<\/p>\n<p>Acampamento Agrovila + Resist\u00eancia Camponesa \u2013 10\/12 (Manh\u00e3)<\/p>\n<p>S\u00e3o Jo\u00e3o + Sede \u2013 10\/12 (Tarde)<\/p>\n<p>Sede Alvorada \u2013 11\/12 (Manh\u00e3)<\/p>\n<p>Rio do Salto + Sede \u2013 11\/12 (Tarde)<\/p>\n<p>S\u00e3o Francisco \u2013 12\/12 (Manh\u00e3)<\/p>\n<p>CCI Morumbi | 15\/12<\/p>\n<p>Cras Morumbi | 15\/12<\/p>\n<p>Centro da Juventude | 17\/12<\/p>\n<p>Cras Cascavel Velho | 17\/12<\/p>\n<p>Eureca II (Santa Cruz) | 17\/12<\/p>\n<p>Cras Cancelli | Cras C\u00e9u | Cras Rivieira | 17\/12<\/p>\n<p>CCI Cascavel Velho | 18\/12<\/p>\n<p>CCI Santa Felicidade |\u00a0 18\/12<\/p>\n<p>Eureca I (Interlagos) | 19\/12<\/p>\n<p>CCI XIV de Novembro | 22\/12<\/p>\n<p>*A programa\u00e7\u00e3o pode sofrer altera\u00e7\u00f5es.<\/p>\n<p><em>Prefeitura de Cascavel<\/em><\/p>\n<p>&nbsp;<\/p>\n","protected":false},"excerpt":{"rendered":"<p>Presentes podem ser entregues na sede da Secretaria de Assist\u00eancia Social ou no local onde<\/p>\n","protected":false},"author":3,"featured_media":46658,"comment_status":"open","ping_status":"open","sticky":false,"template":"","format":"standard","meta":{"footnotes":""},"categories":[2,3],"tags":[],"class_list":["post-46657","post","type-post","status-publish","format-standard","has-post-thumbnail","hentry","category-cascavel","category-destaques"],"yoast_head":"<!-- This site is optimized with the Yoast SEO plugin v27.5 - https:\/\/yoast.com\/product\/yoast-seo-wordpress\/ -->\n<title>Presentes da campanha &quot;Adote uma Cartinha&quot; devem ser entregues at\u00e9 segunda-feira (8) - Jornal<\/title>\n<meta name=\"description\" content=\"Presentes da campanha &quot;Adote uma Cartinha&quot; devem ser entregues at\u00e9 segunda-feira (8)\" \/>\n<meta name=\"robots\" content=\"index, follow, max-snippet:-1, max-image-preview:large, max-video-preview:-1\" \/>\n<link rel=\"canonical\" href=\"https:\/\/jornalboasnoticias.com.br\/home\/presentes-da-campanha-adote-uma-cartinha-devem-ser-entregues-ate-segunda-feira-8\/\" \/>\n<meta property=\"og:locale\" content=\"pt_BR\" \/>\n<meta property=\"og:type\" content=\"article\" \/>\n<meta property=\"og:title\" content=\"Presentes da campanha &quot;Adote uma Cartinha&quot; devem ser entregues at\u00e9 segunda-feira (8) - Jornal\" \/>\n<meta property=\"og:description\" content=\"Presentes da campanha &quot;Adote uma Cartinha&quot; devem ser entregues at\u00e9 segunda-feira (8)\" \/>\n<meta property=\"og:url\" content=\"https:\/\/jornalboasnoticias.com.br\/home\/presentes-da-campanha-adote-uma-cartinha-devem-ser-entregues-ate-segunda-feira-8\/\" \/>\n<meta property=\"og:site_name\" content=\"Jornal\" \/>\n<meta property=\"article:publisher\" content=\"https:\/\/www.facebook.com\/boasnoticiasjornal\" \/>\n<meta property=\"article:published_time\" content=\"2025-12-02T18:27:49+00:00\" \/>\n<meta property=\"og:image\" content=\"https:\/\/jornalboasnoticias.com.br\/home\/wp-content\/uploads\/2025\/12\/Imagem-do-WhatsApp-de-2025-11-27-as-14_41_05_4ef4ad2e-e1764700007532.jpg\" \/>\n\t<meta property=\"og:image:width\" content=\"1000\" \/>\n\t<meta property=\"og:image:height\" content=\"666\" \/>\n\t<meta property=\"og:image:type\" content=\"image\/jpeg\" \/>\n<meta name=\"author\" content=\"Luiz Carlos da Cruz\" \/>\n<meta name=\"twitter:card\" content=\"summary_large_image\" \/>\n<meta name=\"twitter:label1\" content=\"Escrito por\" \/>\n\t<meta name=\"twitter:data1\" content=\"Luiz Carlos da Cruz\" \/>\n\t<meta name=\"twitter:label2\" content=\"Est. tempo de leitura\" \/>\n\t<meta name=\"twitter:data2\" content=\"2 minutos\" \/>\n<script type=\"application\/ld+json\" class=\"yoast-schema-graph\">{\"@context\":\"https:\\\/\\\/schema.org\",\"@graph\":[{\"@type\":\"Article\",\"@id\":\"https:\\\/\\\/jornalboasnoticias.com.br\\\/home\\\/presentes-da-campanha-adote-uma-cartinha-devem-ser-entregues-ate-segunda-feira-8\\\/#article\",\"isPartOf\":{\"@id\":\"https:\\\/\\\/jornalboasnoticias.com.br\\\/home\\\/presentes-da-campanha-adote-uma-cartinha-devem-ser-entregues-ate-segunda-feira-8\\\/\"},\"author\":{\"name\":\"Luiz Carlos da Cruz\",\"@id\":\"https:\\\/\\\/jornalboasnoticias.com.br\\\/home\\\/#\\\/schema\\\/person\\\/75f9ebde398c998c166475fb446bda62\"},\"headline\":\"Presentes da campanha &#8220;Adote uma Cartinha&#8221; devem ser entregues at\u00e9 segunda-feira (8)\",\"datePublished\":\"2025-12-02T18:27:49+00:00\",\"mainEntityOfPage\":{\"@id\":\"https:\\\/\\\/jornalboasnoticias.com.br\\\/home\\\/presentes-da-campanha-adote-uma-cartinha-devem-ser-entregues-ate-segunda-feira-8\\\/\"},\"wordCount\":307,\"commentCount\":0,\"publisher\":{\"@id\":\"https:\\\/\\\/jornalboasnoticias.com.br\\\/home\\\/#organization\"},\"image\":{\"@id\":\"https:\\\/\\\/jornalboasnoticias.com.br\\\/home\\\/presentes-da-campanha-adote-uma-cartinha-devem-ser-entregues-ate-segunda-feira-8\\\/#primaryimage\"},\"thumbnailUrl\":\"https:\\\/\\\/jornalboasnoticias.com.br\\\/home\\\/wp-content\\\/uploads\\\/2025\\\/12\\\/Imagem-do-WhatsApp-de-2025-11-27-as-14_41_05_4ef4ad2e-e1764700007532.jpg\",\"articleSection\":[\"CASCAVEL\",\"DESTAQUE\"],\"inLanguage\":\"pt-BR\",\"potentialAction\":[{\"@type\":\"CommentAction\",\"name\":\"Comment\",\"target\":[\"https:\\\/\\\/jornalboasnoticias.com.br\\\/home\\\/presentes-da-campanha-adote-uma-cartinha-devem-ser-entregues-ate-segunda-feira-8\\\/#respond\"]}]},{\"@type\":\"WebPage\",\"@id\":\"https:\\\/\\\/jornalboasnoticias.com.br\\\/home\\\/presentes-da-campanha-adote-uma-cartinha-devem-ser-entregues-ate-segunda-feira-8\\\/\",\"url\":\"https:\\\/\\\/jornalboasnoticias.com.br\\\/home\\\/presentes-da-campanha-adote-uma-cartinha-devem-ser-entregues-ate-segunda-feira-8\\\/\",\"name\":\"Presentes da campanha \\\"Adote uma Cartinha\\\" devem ser entregues at\u00e9 segunda-feira (8) - Jornal\",\"isPartOf\":{\"@id\":\"https:\\\/\\\/jornalboasnoticias.com.br\\\/home\\\/#website\"},\"primaryImageOfPage\":{\"@id\":\"https:\\\/\\\/jornalboasnoticias.com.br\\\/home\\\/presentes-da-campanha-adote-uma-cartinha-devem-ser-entregues-ate-segunda-feira-8\\\/#primaryimage\"},\"image\":{\"@id\":\"https:\\\/\\\/jornalboasnoticias.com.br\\\/home\\\/presentes-da-campanha-adote-uma-cartinha-devem-ser-entregues-ate-segunda-feira-8\\\/#primaryimage\"},\"thumbnailUrl\":\"https:\\\/\\\/jornalboasnoticias.com.br\\\/home\\\/wp-content\\\/uploads\\\/2025\\\/12\\\/Imagem-do-WhatsApp-de-2025-11-27-as-14_41_05_4ef4ad2e-e1764700007532.jpg\",\"datePublished\":\"2025-12-02T18:27:49+00:00\",\"description\":\"Presentes da campanha \\\"Adote uma Cartinha\\\" devem ser entregues at\u00e9 segunda-feira (8)\",\"breadcrumb\":{\"@id\":\"https:\\\/\\\/jornalboasnoticias.com.br\\\/home\\\/presentes-da-campanha-adote-uma-cartinha-devem-ser-entregues-ate-segunda-feira-8\\\/#breadcrumb\"},\"inLanguage\":\"pt-BR\",\"potentialAction\":[{\"@type\":\"ReadAction\",\"target\":[\"https:\\\/\\\/jornalboasnoticias.com.br\\\/home\\\/presentes-da-campanha-adote-uma-cartinha-devem-ser-entregues-ate-segunda-feira-8\\\/\"]}]},{\"@type\":\"ImageObject\",\"inLanguage\":\"pt-BR\",\"@id\":\"https:\\\/\\\/jornalboasnoticias.com.br\\\/home\\\/presentes-da-campanha-adote-uma-cartinha-devem-ser-entregues-ate-segunda-feira-8\\\/#primaryimage\",\"url\":\"https:\\\/\\\/jornalboasnoticias.com.br\\\/home\\\/wp-content\\\/uploads\\\/2025\\\/12\\\/Imagem-do-WhatsApp-de-2025-11-27-as-14_41_05_4ef4ad2e-e1764700007532.jpg\",\"contentUrl\":\"https:\\\/\\\/jornalboasnoticias.com.br\\\/home\\\/wp-content\\\/uploads\\\/2025\\\/12\\\/Imagem-do-WhatsApp-de-2025-11-27-as-14_41_05_4ef4ad2e-e1764700007532.jpg\",\"width\":1000,\"height\":666,\"caption\":\"Divulga\u00e7\u00e3o\"},{\"@type\":\"BreadcrumbList\",\"@id\":\"https:\\\/\\\/jornalboasnoticias.com.br\\\/home\\\/presentes-da-campanha-adote-uma-cartinha-devem-ser-entregues-ate-segunda-feira-8\\\/#breadcrumb\",\"itemListElement\":[{\"@type\":\"ListItem\",\"position\":1,\"name\":\"In\u00edcio\",\"item\":\"https:\\\/\\\/jornalboasnoticias.com.br\\\/home\\\/\"},{\"@type\":\"ListItem\",\"position\":2,\"name\":\"Presentes da campanha &#8220;Adote uma Cartinha&#8221; devem ser entregues at\u00e9 segunda-feira (8)\"}]},{\"@type\":\"WebSite\",\"@id\":\"https:\\\/\\\/jornalboasnoticias.com.br\\\/home\\\/#website\",\"url\":\"https:\\\/\\\/jornalboasnoticias.com.br\\\/home\\\/\",\"name\":\"Jornal Boas Not\u00edcias\",\"description\":\"Boas not\u00edcias\",\"publisher\":{\"@id\":\"https:\\\/\\\/jornalboasnoticias.com.br\\\/home\\\/#organization\"},\"potentialAction\":[{\"@type\":\"SearchAction\",\"target\":{\"@type\":\"EntryPoint\",\"urlTemplate\":\"https:\\\/\\\/jornalboasnoticias.com.br\\\/home\\\/?s={search_term_string}\"},\"query-input\":{\"@type\":\"PropertyValueSpecification\",\"valueRequired\":true,\"valueName\":\"search_term_string\"}}],\"inLanguage\":\"pt-BR\"},{\"@type\":\"Organization\",\"@id\":\"https:\\\/\\\/jornalboasnoticias.com.br\\\/home\\\/#organization\",\"name\":\"Coq Editora Ltda\",\"alternateName\":\"Jornal Boas Noticias\",\"url\":\"https:\\\/\\\/jornalboasnoticias.com.br\\\/home\\\/\",\"logo\":{\"@type\":\"ImageObject\",\"inLanguage\":\"pt-BR\",\"@id\":\"https:\\\/\\\/jornalboasnoticias.com.br\\\/home\\\/#\\\/schema\\\/logo\\\/image\\\/\",\"url\":\"https:\\\/\\\/jornalboasnoticias.com.br\\\/home\\\/wp-content\\\/uploads\\\/2024\\\/07\\\/cropped-logo.jpg\",\"contentUrl\":\"https:\\\/\\\/jornalboasnoticias.com.br\\\/home\\\/wp-content\\\/uploads\\\/2024\\\/07\\\/cropped-logo.jpg\",\"width\":290,\"height\":142,\"caption\":\"Coq Editora Ltda\"},\"image\":{\"@id\":\"https:\\\/\\\/jornalboasnoticias.com.br\\\/home\\\/#\\\/schema\\\/logo\\\/image\\\/\"},\"sameAs\":[\"https:\\\/\\\/www.facebook.com\\\/boasnoticiasjornal\"]},{\"@type\":\"Person\",\"@id\":\"https:\\\/\\\/jornalboasnoticias.com.br\\\/home\\\/#\\\/schema\\\/person\\\/75f9ebde398c998c166475fb446bda62\",\"name\":\"Luiz Carlos da Cruz\",\"image\":{\"@type\":\"ImageObject\",\"inLanguage\":\"pt-BR\",\"@id\":\"https:\\\/\\\/secure.gravatar.com\\\/avatar\\\/e6f4f45301b6cb8572f7b076572e8ac11c1db80e805d8c8d0858cf286ce3ac3b?s=96&d=mm&r=g\",\"url\":\"https:\\\/\\\/secure.gravatar.com\\\/avatar\\\/e6f4f45301b6cb8572f7b076572e8ac11c1db80e805d8c8d0858cf286ce3ac3b?s=96&d=mm&r=g\",\"contentUrl\":\"https:\\\/\\\/secure.gravatar.com\\\/avatar\\\/e6f4f45301b6cb8572f7b076572e8ac11c1db80e805d8c8d0858cf286ce3ac3b?s=96&d=mm&r=g\",\"caption\":\"Luiz Carlos da Cruz\"},\"url\":\"https:\\\/\\\/jornalboasnoticias.com.br\\\/home\\\/author\\\/luiz-carlos-da-cruz\\\/\"}]}<\/script>\n<!-- \/ Yoast SEO plugin. -->","yoast_head_json":{"title":"Presentes da campanha \"Adote uma Cartinha\" devem ser entregues at\u00e9 segunda-feira (8) - Jornal","description":"Presentes da campanha \"Adote uma Cartinha\" devem ser entregues at\u00e9 segunda-feira (8)","robots":{"index":"index","follow":"follow","max-snippet":"max-snippet:-1","max-image-preview":"max-image-preview:large","max-video-preview":"max-video-preview:-1"},"canonical":"https:\/\/jornalboasnoticias.com.br\/home\/presentes-da-campanha-adote-uma-cartinha-devem-ser-entregues-ate-segunda-feira-8\/","og_locale":"pt_BR","og_type":"article","og_title":"Presentes da campanha \"Adote uma Cartinha\" devem ser entregues at\u00e9 segunda-feira (8) - Jornal","og_description":"Presentes da campanha \"Adote uma Cartinha\" devem ser entregues at\u00e9 segunda-feira (8)","og_url":"https:\/\/jornalboasnoticias.com.br\/home\/presentes-da-campanha-adote-uma-cartinha-devem-ser-entregues-ate-segunda-feira-8\/","og_site_name":"Jornal","article_publisher":"https:\/\/www.facebook.com\/boasnoticiasjornal","article_published_time":"2025-12-02T18:27:49+00:00","og_image":[{"width":1000,"height":666,"url":"https:\/\/jornalboasnoticias.com.br\/home\/wp-content\/uploads\/2025\/12\/Imagem-do-WhatsApp-de-2025-11-27-as-14_41_05_4ef4ad2e-e1764700007532.jpg","type":"image\/jpeg"}],"author":"Luiz Carlos da Cruz","twitter_card":"summary_large_image","twitter_misc":{"Escrito por":"Luiz Carlos da Cruz","Est. tempo de leitura":"2 minutos"},"schema":{"@context":"https:\/\/schema.org","@graph":[{"@type":"Article","@id":"https:\/\/jornalboasnoticias.com.br\/home\/presentes-da-campanha-adote-uma-cartinha-devem-ser-entregues-ate-segunda-feira-8\/#article","isPartOf":{"@id":"https:\/\/jornalboasnoticias.com.br\/home\/presentes-da-campanha-adote-uma-cartinha-devem-ser-entregues-ate-segunda-feira-8\/"},"author":{"name":"Luiz Carlos da Cruz","@id":"https:\/\/jornalboasnoticias.com.br\/home\/#\/schema\/person\/75f9ebde398c998c166475fb446bda62"},"headline":"Presentes da campanha &#8220;Adote uma Cartinha&#8221; devem ser entregues at\u00e9 segunda-feira (8)","datePublished":"2025-12-02T18:27:49+00:00","mainEntityOfPage":{"@id":"https:\/\/jornalboasnoticias.com.br\/home\/presentes-da-campanha-adote-uma-cartinha-devem-ser-entregues-ate-segunda-feira-8\/"},"wordCount":307,"commentCount":0,"publisher":{"@id":"https:\/\/jornalboasnoticias.com.br\/home\/#organization"},"image":{"@id":"https:\/\/jornalboasnoticias.com.br\/home\/presentes-da-campanha-adote-uma-cartinha-devem-ser-entregues-ate-segunda-feira-8\/#primaryimage"},"thumbnailUrl":"https:\/\/jornalboasnoticias.com.br\/home\/wp-content\/uploads\/2025\/12\/Imagem-do-WhatsApp-de-2025-11-27-as-14_41_05_4ef4ad2e-e1764700007532.jpg","articleSection":["CASCAVEL","DESTAQUE"],"inLanguage":"pt-BR","potentialAction":[{"@type":"CommentAction","name":"Comment","target":["https:\/\/jornalboasnoticias.com.br\/home\/presentes-da-campanha-adote-uma-cartinha-devem-ser-entregues-ate-segunda-feira-8\/#respond"]}]},{"@type":"WebPage","@id":"https:\/\/jornalboasnoticias.com.br\/home\/presentes-da-campanha-adote-uma-cartinha-devem-ser-entregues-ate-segunda-feira-8\/","url":"https:\/\/jornalboasnoticias.com.br\/home\/presentes-da-campanha-adote-uma-cartinha-devem-ser-entregues-ate-segunda-feira-8\/","name":"Presentes da campanha \"Adote uma Cartinha\" devem ser entregues at\u00e9 segunda-feira (8) - Jornal","isPartOf":{"@id":"https:\/\/jornalboasnoticias.com.br\/home\/#website"},"primaryImageOfPage":{"@id":"https:\/\/jornalboasnoticias.com.br\/home\/presentes-da-campanha-adote-uma-cartinha-devem-ser-entregues-ate-segunda-feira-8\/#primaryimage"},"image":{"@id":"https:\/\/jornalboasnoticias.com.br\/home\/presentes-da-campanha-adote-uma-cartinha-devem-ser-entregues-ate-segunda-feira-8\/#primaryimage"},"thumbnailUrl":"https:\/\/jornalboasnoticias.com.br\/home\/wp-content\/uploads\/2025\/12\/Imagem-do-WhatsApp-de-2025-11-27-as-14_41_05_4ef4ad2e-e1764700007532.jpg","datePublished":"2025-12-02T18:27:49+00:00","description":"Presentes da campanha \"Adote uma Cartinha\" devem ser entregues at\u00e9 segunda-feira (8)","breadcrumb":{"@id":"https:\/\/jornalboasnoticias.com.br\/home\/presentes-da-campanha-adote-uma-cartinha-devem-ser-entregues-ate-segunda-feira-8\/#breadcrumb"},"inLanguage":"pt-BR","potentialAction":[{"@type":"ReadAction","target":["https:\/\/jornalboasnoticias.com.br\/home\/presentes-da-campanha-adote-uma-cartinha-devem-ser-entregues-ate-segunda-feira-8\/"]}]},{"@type":"ImageObject","inLanguage":"pt-BR","@id":"https:\/\/jornalboasnoticias.com.br\/home\/presentes-da-campanha-adote-uma-cartinha-devem-ser-entregues-ate-segunda-feira-8\/#primaryimage","url":"https:\/\/jornalboasnoticias.com.br\/home\/wp-content\/uploads\/2025\/12\/Imagem-do-WhatsApp-de-2025-11-27-as-14_41_05_4ef4ad2e-e1764700007532.jpg","contentUrl":"https:\/\/jornalboasnoticias.com.br\/home\/wp-content\/uploads\/2025\/12\/Imagem-do-WhatsApp-de-2025-11-27-as-14_41_05_4ef4ad2e-e1764700007532.jpg","width":1000,"height":666,"caption":"Divulga\u00e7\u00e3o"},{"@type":"BreadcrumbList","@id":"https:\/\/jornalboasnoticias.com.br\/home\/presentes-da-campanha-adote-uma-cartinha-devem-ser-entregues-ate-segunda-feira-8\/#breadcrumb","itemListElement":[{"@type":"ListItem","position":1,"name":"In\u00edcio","item":"https:\/\/jornalboasnoticias.com.br\/home\/"},{"@type":"ListItem","position":2,"name":"Presentes da campanha &#8220;Adote uma Cartinha&#8221; devem ser entregues at\u00e9 segunda-feira (8)"}]},{"@type":"WebSite","@id":"https:\/\/jornalboasnoticias.com.br\/home\/#website","url":"https:\/\/jornalboasnoticias.com.br\/home\/","name":"Jornal Boas Not\u00edcias","description":"Boas not\u00edcias","publisher":{"@id":"https:\/\/jornalboasnoticias.com.br\/home\/#organization"},"potentialAction":[{"@type":"SearchAction","target":{"@type":"EntryPoint","urlTemplate":"https:\/\/jornalboasnoticias.com.br\/home\/?s={search_term_string}"},"query-input":{"@type":"PropertyValueSpecification","valueRequired":true,"valueName":"search_term_string"}}],"inLanguage":"pt-BR"},{"@type":"Organization","@id":"https:\/\/jornalboasnoticias.com.br\/home\/#organization","name":"Coq Editora Ltda","alternateName":"Jornal Boas Noticias","url":"https:\/\/jornalboasnoticias.com.br\/home\/","logo":{"@type":"ImageObject","inLanguage":"pt-BR","@id":"https:\/\/jornalboasnoticias.com.br\/home\/#\/schema\/logo\/image\/","url":"https:\/\/jornalboasnoticias.com.br\/home\/wp-content\/uploads\/2024\/07\/cropped-logo.jpg","contentUrl":"https:\/\/jornalboasnoticias.com.br\/home\/wp-content\/uploads\/2024\/07\/cropped-logo.jpg","width":290,"height":142,"caption":"Coq Editora Ltda"},"image":{"@id":"https:\/\/jornalboasnoticias.com.br\/home\/#\/schema\/logo\/image\/"},"sameAs":["https:\/\/www.facebook.com\/boasnoticiasjornal"]},{"@type":"Person","@id":"https:\/\/jornalboasnoticias.com.br\/home\/#\/schema\/person\/75f9ebde398c998c166475fb446bda62","name":"Luiz Carlos da Cruz","image":{"@type":"ImageObject","inLanguage":"pt-BR","@id":"https:\/\/secure.gravatar.com\/avatar\/e6f4f45301b6cb8572f7b076572e8ac11c1db80e805d8c8d0858cf286ce3ac3b?s=96&d=mm&r=g","url":"https:\/\/secure.gravatar.com\/avatar\/e6f4f45301b6cb8572f7b076572e8ac11c1db80e805d8c8d0858cf286ce3ac3b?s=96&d=mm&r=g","contentUrl":"https:\/\/secure.gravatar.com\/avatar\/e6f4f45301b6cb8572f7b076572e8ac11c1db80e805d8c8d0858cf286ce3ac3b?s=96&d=mm&r=g","caption":"Luiz Carlos da Cruz"},"url":"https:\/\/jornalboasnoticias.com.br\/home\/author\/luiz-carlos-da-cruz\/"}]}},"_links":{"self":[{"href":"https:\/\/jornalboasnoticias.com.br\/home\/wp-json\/wp\/v2\/posts\/46657","targetHints":{"allow":["GET"]}}],"collection":[{"href":"https:\/\/jornalboasnoticias.com.br\/home\/wp-json\/wp\/v2\/posts"}],"about":[{"href":"https:\/\/jornalboasnoticias.com.br\/home\/wp-json\/wp\/v2\/types\/post"}],"author":[{"embeddable":true,"href":"https:\/\/jornalboasnoticias.com.br\/home\/wp-json\/wp\/v2\/users\/3"}],"replies":[{"embeddable":true,"href":"https:\/\/jornalboasnoticias.com.br\/home\/wp-json\/wp\/v2\/comments?post=46657"}],"version-history":[{"count":1,"href":"https:\/\/jornalboasnoticias.com.br\/home\/wp-json\/wp\/v2\/posts\/46657\/revisions"}],"predecessor-version":[{"id":46659,"href":"https:\/\/jornalboasnoticias.com.br\/home\/wp-json\/wp\/v2\/posts\/46657\/revisions\/46659"}],"wp:featuredmedia":[{"embeddable":true,"href":"https:\/\/jornalboasnoticias.com.br\/home\/wp-json\/wp\/v2\/media\/46658"}],"wp:attachment":[{"href":"https:\/\/jornalboasnoticias.com.br\/home\/wp-json\/wp\/v2\/media?parent=46657"}],"wp:term":[{"taxonomy":"category","embeddable":true,"href":"https:\/\/jornalboasnoticias.com.br\/home\/wp-json\/wp\/v2\/categories?post=46657"},{"taxonomy":"post_tag","embeddable":true,"href":"https:\/\/jornalboasnoticias.com.br\/home\/wp-json\/wp\/v2\/tags?post=46657"}],"curies":[{"name":"wp","href":"https:\/\/api.w.org\/{rel}","templated":true}]}}