{"id":46650,"date":"2025-12-02T13:48:44","date_gmt":"2025-12-02T13:48:44","guid":{"rendered":"https:\/\/jornalboasnoticias.com.br\/home\/?p=46650"},"modified":"2025-12-02T13:48:55","modified_gmt":"2025-12-02T13:48:55","slug":"comercio-de-cascavel-tera-horario-especial-a-partir-de-8-de-dezembro-para-vendas-de-natal","status":"publish","type":"post","link":"https:\/\/jornalboasnoticias.com.br\/home\/comercio-de-cascavel-tera-horario-especial-a-partir-de-8-de-dezembro-para-vendas-de-natal\/","title":{"rendered":"Com\u00e9rcio de Cascavel ter\u00e1 hor\u00e1rio especial a partir de 8 de dezembro para vendas de Natal"},"content":{"rendered":"<p style=\"font-weight: 400;\"><span style=\"font-weight: normal !important;\"><img loading=\"lazy\" decoding=\"async\" class=\"alignnone size-full wp-image-46651\" src=\"https:\/\/jornalboasnoticias.com.br\/home\/wp-content\/uploads\/2025\/12\/5ozope40mumofa503u309a7enen0kuvoha7um0ge.png\" alt=\"\" width=\"1033\" height=\"689\" srcset=\"https:\/\/jornalboasnoticias.com.br\/home\/wp-content\/uploads\/2025\/12\/5ozope40mumofa503u309a7enen0kuvoha7um0ge.png 1033w, https:\/\/jornalboasnoticias.com.br\/home\/wp-content\/uploads\/2025\/12\/5ozope40mumofa503u309a7enen0kuvoha7um0ge-300x200.png 300w, https:\/\/jornalboasnoticias.com.br\/home\/wp-content\/uploads\/2025\/12\/5ozope40mumofa503u309a7enen0kuvoha7um0ge-1024x683.png 1024w, https:\/\/jornalboasnoticias.com.br\/home\/wp-content\/uploads\/2025\/12\/5ozope40mumofa503u309a7enen0kuvoha7um0ge-768x512.png 768w, https:\/\/jornalboasnoticias.com.br\/home\/wp-content\/uploads\/2025\/12\/5ozope40mumofa503u309a7enen0kuvoha7um0ge-900x600.png 900w\" sizes=\"auto, (max-width: 1033px) 100vw, 1033px\" \/>O com\u00e9rcio de Cascavel vai abrir at\u00e9 mais tarde, de olho nas vendas de Natal, a partir da segunda-feira, 8 de dezembro. O regime especial de atendimento ao p\u00fablico foi definido em conven\u00e7\u00e3o coletiva de trabalho pelo Sindicato dos Lojistas e do Com\u00e9rcio Varejista de Cascavel e Regi\u00e3o e pelo Sindicato dos Empregados no Com\u00e9rcio de Cascavel e Regi\u00e3o.<\/span><\/p>\n<p style=\"font-weight: 400;\"><span style=\"font-weight: normal !important;\">De segunda a sexta-feira, 8 a 12 dezembro, as lojas do com\u00e9rcio estar\u00e3o abertas das 9h \u00e0s 20h. No s\u00e1bado, 13, elas v\u00e3o funcionar das 9h \u00e0s 17h. De segunda a sexta-feira, 15 a 19 de dezembro, o com\u00e9rcio vai atender ao p\u00fablico consumidor das 9h \u00e0s 22h e no s\u00e1bado, 20, das 9h \u00e0s 18h.<\/span><\/p>\n<p style=\"font-weight: 400;\"><span style=\"font-weight: normal !important;\">J\u00e1 no domingo, 21, as lojas abrir\u00e3o as portas no per\u00edodo das 9h \u00e0s 16h. E nos dias que antecedem o Natal, os hor\u00e1rios ser\u00e3o os seguintes: segunda e ter\u00e7a-feira, dias 22 e 23 de dezembro, das 9h \u00e0s 22h, e na quarta-feira, 24, v\u00e9spera da principal data religiosa do ano, das 9h \u00e0s 17h.<\/span><\/p>\n<p><em>Informa\u00e7\u00f5es ACIC<\/em><\/p>\n","protected":false},"excerpt":{"rendered":"<p>O com\u00e9rcio de Cascavel vai abrir at\u00e9 mais tarde, de olho nas vendas de Natal,<\/p>\n","protected":false},"author":3,"featured_media":46651,"comment_status":"open","ping_status":"open","sticky":false,"template":"","format":"standard","meta":{"footnotes":""},"categories":[2,3],"tags":[],"class_list":["post-46650","post","type-post","status-publish","format-standard","has-post-thumbnail","hentry","category-cascavel","category-destaques"],"yoast_head":"<!-- This site is optimized with the Yoast SEO plugin v27.5 - https:\/\/yoast.com\/product\/yoast-seo-wordpress\/ -->\n<title>Com\u00e9rcio de Cascavel ter\u00e1 hor\u00e1rio especial a partir de 8 de dezembro para vendas de Natal - Jornal<\/title>\n<meta name=\"description\" content=\"Com\u00e9rcio de Cascavel ter\u00e1 hor\u00e1rio especial a partir de 8 de dezembro para vendas de Natal\" \/>\n<meta name=\"robots\" content=\"index, follow, max-snippet:-1, max-image-preview:large, max-video-preview:-1\" \/>\n<link rel=\"canonical\" href=\"https:\/\/jornalboasnoticias.com.br\/home\/comercio-de-cascavel-tera-horario-especial-a-partir-de-8-de-dezembro-para-vendas-de-natal\/\" \/>\n<meta property=\"og:locale\" content=\"pt_BR\" \/>\n<meta property=\"og:type\" content=\"article\" \/>\n<meta property=\"og:title\" content=\"Com\u00e9rcio de Cascavel ter\u00e1 hor\u00e1rio especial a partir de 8 de dezembro para vendas de Natal - Jornal\" \/>\n<meta property=\"og:description\" content=\"Com\u00e9rcio de Cascavel ter\u00e1 hor\u00e1rio especial a partir de 8 de dezembro para vendas de Natal\" \/>\n<meta property=\"og:url\" content=\"https:\/\/jornalboasnoticias.com.br\/home\/comercio-de-cascavel-tera-horario-especial-a-partir-de-8-de-dezembro-para-vendas-de-natal\/\" \/>\n<meta property=\"og:site_name\" content=\"Jornal\" \/>\n<meta property=\"article:publisher\" content=\"https:\/\/www.facebook.com\/boasnoticiasjornal\" \/>\n<meta property=\"article:published_time\" content=\"2025-12-02T13:48:44+00:00\" \/>\n<meta property=\"article:modified_time\" content=\"2025-12-02T13:48:55+00:00\" \/>\n<meta property=\"og:image\" content=\"https:\/\/jornalboasnoticias.com.br\/home\/wp-content\/uploads\/2025\/12\/5ozope40mumofa503u309a7enen0kuvoha7um0ge.png\" \/>\n\t<meta property=\"og:image:width\" content=\"1033\" \/>\n\t<meta property=\"og:image:height\" content=\"689\" \/>\n\t<meta property=\"og:image:type\" content=\"image\/png\" \/>\n<meta name=\"author\" content=\"Luiz Carlos da Cruz\" \/>\n<meta name=\"twitter:card\" content=\"summary_large_image\" \/>\n<meta name=\"twitter:label1\" content=\"Escrito por\" \/>\n\t<meta name=\"twitter:data1\" content=\"Luiz Carlos da Cruz\" \/>\n\t<meta name=\"twitter:label2\" content=\"Est. tempo de leitura\" \/>\n\t<meta name=\"twitter:data2\" content=\"2 minutos\" \/>\n<script type=\"application\/ld+json\" class=\"yoast-schema-graph\">{\"@context\":\"https:\\\/\\\/schema.org\",\"@graph\":[{\"@type\":\"Article\",\"@id\":\"https:\\\/\\\/jornalboasnoticias.com.br\\\/home\\\/comercio-de-cascavel-tera-horario-especial-a-partir-de-8-de-dezembro-para-vendas-de-natal\\\/#article\",\"isPartOf\":{\"@id\":\"https:\\\/\\\/jornalboasnoticias.com.br\\\/home\\\/comercio-de-cascavel-tera-horario-especial-a-partir-de-8-de-dezembro-para-vendas-de-natal\\\/\"},\"author\":{\"name\":\"Luiz Carlos da Cruz\",\"@id\":\"https:\\\/\\\/jornalboasnoticias.com.br\\\/home\\\/#\\\/schema\\\/person\\\/75f9ebde398c998c166475fb446bda62\"},\"headline\":\"Com\u00e9rcio de Cascavel ter\u00e1 hor\u00e1rio especial a partir de 8 de dezembro para vendas de Natal\",\"datePublished\":\"2025-12-02T13:48:44+00:00\",\"dateModified\":\"2025-12-02T13:48:55+00:00\",\"mainEntityOfPage\":{\"@id\":\"https:\\\/\\\/jornalboasnoticias.com.br\\\/home\\\/comercio-de-cascavel-tera-horario-especial-a-partir-de-8-de-dezembro-para-vendas-de-natal\\\/\"},\"wordCount\":199,\"commentCount\":0,\"publisher\":{\"@id\":\"https:\\\/\\\/jornalboasnoticias.com.br\\\/home\\\/#organization\"},\"image\":{\"@id\":\"https:\\\/\\\/jornalboasnoticias.com.br\\\/home\\\/comercio-de-cascavel-tera-horario-especial-a-partir-de-8-de-dezembro-para-vendas-de-natal\\\/#primaryimage\"},\"thumbnailUrl\":\"https:\\\/\\\/jornalboasnoticias.com.br\\\/home\\\/wp-content\\\/uploads\\\/2025\\\/12\\\/5ozope40mumofa503u309a7enen0kuvoha7um0ge.png\",\"articleSection\":[\"CASCAVEL\",\"DESTAQUE\"],\"inLanguage\":\"pt-BR\",\"potentialAction\":[{\"@type\":\"CommentAction\",\"name\":\"Comment\",\"target\":[\"https:\\\/\\\/jornalboasnoticias.com.br\\\/home\\\/comercio-de-cascavel-tera-horario-especial-a-partir-de-8-de-dezembro-para-vendas-de-natal\\\/#respond\"]}]},{\"@type\":\"WebPage\",\"@id\":\"https:\\\/\\\/jornalboasnoticias.com.br\\\/home\\\/comercio-de-cascavel-tera-horario-especial-a-partir-de-8-de-dezembro-para-vendas-de-natal\\\/\",\"url\":\"https:\\\/\\\/jornalboasnoticias.com.br\\\/home\\\/comercio-de-cascavel-tera-horario-especial-a-partir-de-8-de-dezembro-para-vendas-de-natal\\\/\",\"name\":\"Com\u00e9rcio de Cascavel ter\u00e1 hor\u00e1rio especial a partir de 8 de dezembro para vendas de Natal - Jornal\",\"isPartOf\":{\"@id\":\"https:\\\/\\\/jornalboasnoticias.com.br\\\/home\\\/#website\"},\"primaryImageOfPage\":{\"@id\":\"https:\\\/\\\/jornalboasnoticias.com.br\\\/home\\\/comercio-de-cascavel-tera-horario-especial-a-partir-de-8-de-dezembro-para-vendas-de-natal\\\/#primaryimage\"},\"image\":{\"@id\":\"https:\\\/\\\/jornalboasnoticias.com.br\\\/home\\\/comercio-de-cascavel-tera-horario-especial-a-partir-de-8-de-dezembro-para-vendas-de-natal\\\/#primaryimage\"},\"thumbnailUrl\":\"https:\\\/\\\/jornalboasnoticias.com.br\\\/home\\\/wp-content\\\/uploads\\\/2025\\\/12\\\/5ozope40mumofa503u309a7enen0kuvoha7um0ge.png\",\"datePublished\":\"2025-12-02T13:48:44+00:00\",\"dateModified\":\"2025-12-02T13:48:55+00:00\",\"description\":\"Com\u00e9rcio de Cascavel ter\u00e1 hor\u00e1rio especial a partir de 8 de dezembro para vendas de Natal\",\"breadcrumb\":{\"@id\":\"https:\\\/\\\/jornalboasnoticias.com.br\\\/home\\\/comercio-de-cascavel-tera-horario-especial-a-partir-de-8-de-dezembro-para-vendas-de-natal\\\/#breadcrumb\"},\"inLanguage\":\"pt-BR\",\"potentialAction\":[{\"@type\":\"ReadAction\",\"target\":[\"https:\\\/\\\/jornalboasnoticias.com.br\\\/home\\\/comercio-de-cascavel-tera-horario-especial-a-partir-de-8-de-dezembro-para-vendas-de-natal\\\/\"]}]},{\"@type\":\"ImageObject\",\"inLanguage\":\"pt-BR\",\"@id\":\"https:\\\/\\\/jornalboasnoticias.com.br\\\/home\\\/comercio-de-cascavel-tera-horario-especial-a-partir-de-8-de-dezembro-para-vendas-de-natal\\\/#primaryimage\",\"url\":\"https:\\\/\\\/jornalboasnoticias.com.br\\\/home\\\/wp-content\\\/uploads\\\/2025\\\/12\\\/5ozope40mumofa503u309a7enen0kuvoha7um0ge.png\",\"contentUrl\":\"https:\\\/\\\/jornalboasnoticias.com.br\\\/home\\\/wp-content\\\/uploads\\\/2025\\\/12\\\/5ozope40mumofa503u309a7enen0kuvoha7um0ge.png\",\"width\":1033,\"height\":689},{\"@type\":\"BreadcrumbList\",\"@id\":\"https:\\\/\\\/jornalboasnoticias.com.br\\\/home\\\/comercio-de-cascavel-tera-horario-especial-a-partir-de-8-de-dezembro-para-vendas-de-natal\\\/#breadcrumb\",\"itemListElement\":[{\"@type\":\"ListItem\",\"position\":1,\"name\":\"In\u00edcio\",\"item\":\"https:\\\/\\\/jornalboasnoticias.com.br\\\/home\\\/\"},{\"@type\":\"ListItem\",\"position\":2,\"name\":\"Com\u00e9rcio de Cascavel ter\u00e1 hor\u00e1rio especial a partir de 8 de dezembro para vendas de Natal\"}]},{\"@type\":\"WebSite\",\"@id\":\"https:\\\/\\\/jornalboasnoticias.com.br\\\/home\\\/#website\",\"url\":\"https:\\\/\\\/jornalboasnoticias.com.br\\\/home\\\/\",\"name\":\"Jornal Boas Not\u00edcias\",\"description\":\"Boas not\u00edcias\",\"publisher\":{\"@id\":\"https:\\\/\\\/jornalboasnoticias.com.br\\\/home\\\/#organization\"},\"potentialAction\":[{\"@type\":\"SearchAction\",\"target\":{\"@type\":\"EntryPoint\",\"urlTemplate\":\"https:\\\/\\\/jornalboasnoticias.com.br\\\/home\\\/?s={search_term_string}\"},\"query-input\":{\"@type\":\"PropertyValueSpecification\",\"valueRequired\":true,\"valueName\":\"search_term_string\"}}],\"inLanguage\":\"pt-BR\"},{\"@type\":\"Organization\",\"@id\":\"https:\\\/\\\/jornalboasnoticias.com.br\\\/home\\\/#organization\",\"name\":\"Coq Editora Ltda\",\"alternateName\":\"Jornal Boas Noticias\",\"url\":\"https:\\\/\\\/jornalboasnoticias.com.br\\\/home\\\/\",\"logo\":{\"@type\":\"ImageObject\",\"inLanguage\":\"pt-BR\",\"@id\":\"https:\\\/\\\/jornalboasnoticias.com.br\\\/home\\\/#\\\/schema\\\/logo\\\/image\\\/\",\"url\":\"https:\\\/\\\/jornalboasnoticias.com.br\\\/home\\\/wp-content\\\/uploads\\\/2024\\\/07\\\/cropped-logo.jpg\",\"contentUrl\":\"https:\\\/\\\/jornalboasnoticias.com.br\\\/home\\\/wp-content\\\/uploads\\\/2024\\\/07\\\/cropped-logo.jpg\",\"width\":290,\"height\":142,\"caption\":\"Coq Editora Ltda\"},\"image\":{\"@id\":\"https:\\\/\\\/jornalboasnoticias.com.br\\\/home\\\/#\\\/schema\\\/logo\\\/image\\\/\"},\"sameAs\":[\"https:\\\/\\\/www.facebook.com\\\/boasnoticiasjornal\"]},{\"@type\":\"Person\",\"@id\":\"https:\\\/\\\/jornalboasnoticias.com.br\\\/home\\\/#\\\/schema\\\/person\\\/75f9ebde398c998c166475fb446bda62\",\"name\":\"Luiz Carlos da Cruz\",\"image\":{\"@type\":\"ImageObject\",\"inLanguage\":\"pt-BR\",\"@id\":\"https:\\\/\\\/secure.gravatar.com\\\/avatar\\\/e6f4f45301b6cb8572f7b076572e8ac11c1db80e805d8c8d0858cf286ce3ac3b?s=96&d=mm&r=g\",\"url\":\"https:\\\/\\\/secure.gravatar.com\\\/avatar\\\/e6f4f45301b6cb8572f7b076572e8ac11c1db80e805d8c8d0858cf286ce3ac3b?s=96&d=mm&r=g\",\"contentUrl\":\"https:\\\/\\\/secure.gravatar.com\\\/avatar\\\/e6f4f45301b6cb8572f7b076572e8ac11c1db80e805d8c8d0858cf286ce3ac3b?s=96&d=mm&r=g\",\"caption\":\"Luiz Carlos da Cruz\"},\"url\":\"https:\\\/\\\/jornalboasnoticias.com.br\\\/home\\\/author\\\/luiz-carlos-da-cruz\\\/\"}]}<\/script>\n<!-- \/ Yoast SEO plugin. -->","yoast_head_json":{"title":"Com\u00e9rcio de Cascavel ter\u00e1 hor\u00e1rio especial a partir de 8 de dezembro para vendas de Natal - Jornal","description":"Com\u00e9rcio de Cascavel ter\u00e1 hor\u00e1rio especial a partir de 8 de dezembro para vendas de Natal","robots":{"index":"index","follow":"follow","max-snippet":"max-snippet:-1","max-image-preview":"max-image-preview:large","max-video-preview":"max-video-preview:-1"},"canonical":"https:\/\/jornalboasnoticias.com.br\/home\/comercio-de-cascavel-tera-horario-especial-a-partir-de-8-de-dezembro-para-vendas-de-natal\/","og_locale":"pt_BR","og_type":"article","og_title":"Com\u00e9rcio de Cascavel ter\u00e1 hor\u00e1rio especial a partir de 8 de dezembro para vendas de Natal - Jornal","og_description":"Com\u00e9rcio de Cascavel ter\u00e1 hor\u00e1rio especial a partir de 8 de dezembro para vendas de Natal","og_url":"https:\/\/jornalboasnoticias.com.br\/home\/comercio-de-cascavel-tera-horario-especial-a-partir-de-8-de-dezembro-para-vendas-de-natal\/","og_site_name":"Jornal","article_publisher":"https:\/\/www.facebook.com\/boasnoticiasjornal","article_published_time":"2025-12-02T13:48:44+00:00","article_modified_time":"2025-12-02T13:48:55+00:00","og_image":[{"width":1033,"height":689,"url":"https:\/\/jornalboasnoticias.com.br\/home\/wp-content\/uploads\/2025\/12\/5ozope40mumofa503u309a7enen0kuvoha7um0ge.png","type":"image\/png"}],"author":"Luiz Carlos da Cruz","twitter_card":"summary_large_image","twitter_misc":{"Escrito por":"Luiz Carlos da Cruz","Est. tempo de leitura":"2 minutos"},"schema":{"@context":"https:\/\/schema.org","@graph":[{"@type":"Article","@id":"https:\/\/jornalboasnoticias.com.br\/home\/comercio-de-cascavel-tera-horario-especial-a-partir-de-8-de-dezembro-para-vendas-de-natal\/#article","isPartOf":{"@id":"https:\/\/jornalboasnoticias.com.br\/home\/comercio-de-cascavel-tera-horario-especial-a-partir-de-8-de-dezembro-para-vendas-de-natal\/"},"author":{"name":"Luiz Carlos da Cruz","@id":"https:\/\/jornalboasnoticias.com.br\/home\/#\/schema\/person\/75f9ebde398c998c166475fb446bda62"},"headline":"Com\u00e9rcio de Cascavel ter\u00e1 hor\u00e1rio especial a partir de 8 de dezembro para vendas de Natal","datePublished":"2025-12-02T13:48:44+00:00","dateModified":"2025-12-02T13:48:55+00:00","mainEntityOfPage":{"@id":"https:\/\/jornalboasnoticias.com.br\/home\/comercio-de-cascavel-tera-horario-especial-a-partir-de-8-de-dezembro-para-vendas-de-natal\/"},"wordCount":199,"commentCount":0,"publisher":{"@id":"https:\/\/jornalboasnoticias.com.br\/home\/#organization"},"image":{"@id":"https:\/\/jornalboasnoticias.com.br\/home\/comercio-de-cascavel-tera-horario-especial-a-partir-de-8-de-dezembro-para-vendas-de-natal\/#primaryimage"},"thumbnailUrl":"https:\/\/jornalboasnoticias.com.br\/home\/wp-content\/uploads\/2025\/12\/5ozope40mumofa503u309a7enen0kuvoha7um0ge.png","articleSection":["CASCAVEL","DESTAQUE"],"inLanguage":"pt-BR","potentialAction":[{"@type":"CommentAction","name":"Comment","target":["https:\/\/jornalboasnoticias.com.br\/home\/comercio-de-cascavel-tera-horario-especial-a-partir-de-8-de-dezembro-para-vendas-de-natal\/#respond"]}]},{"@type":"WebPage","@id":"https:\/\/jornalboasnoticias.com.br\/home\/comercio-de-cascavel-tera-horario-especial-a-partir-de-8-de-dezembro-para-vendas-de-natal\/","url":"https:\/\/jornalboasnoticias.com.br\/home\/comercio-de-cascavel-tera-horario-especial-a-partir-de-8-de-dezembro-para-vendas-de-natal\/","name":"Com\u00e9rcio de Cascavel ter\u00e1 hor\u00e1rio especial a partir de 8 de dezembro para vendas de Natal - Jornal","isPartOf":{"@id":"https:\/\/jornalboasnoticias.com.br\/home\/#website"},"primaryImageOfPage":{"@id":"https:\/\/jornalboasnoticias.com.br\/home\/comercio-de-cascavel-tera-horario-especial-a-partir-de-8-de-dezembro-para-vendas-de-natal\/#primaryimage"},"image":{"@id":"https:\/\/jornalboasnoticias.com.br\/home\/comercio-de-cascavel-tera-horario-especial-a-partir-de-8-de-dezembro-para-vendas-de-natal\/#primaryimage"},"thumbnailUrl":"https:\/\/jornalboasnoticias.com.br\/home\/wp-content\/uploads\/2025\/12\/5ozope40mumofa503u309a7enen0kuvoha7um0ge.png","datePublished":"2025-12-02T13:48:44+00:00","dateModified":"2025-12-02T13:48:55+00:00","description":"Com\u00e9rcio de Cascavel ter\u00e1 hor\u00e1rio especial a partir de 8 de dezembro para vendas de Natal","breadcrumb":{"@id":"https:\/\/jornalboasnoticias.com.br\/home\/comercio-de-cascavel-tera-horario-especial-a-partir-de-8-de-dezembro-para-vendas-de-natal\/#breadcrumb"},"inLanguage":"pt-BR","potentialAction":[{"@type":"ReadAction","target":["https:\/\/jornalboasnoticias.com.br\/home\/comercio-de-cascavel-tera-horario-especial-a-partir-de-8-de-dezembro-para-vendas-de-natal\/"]}]},{"@type":"ImageObject","inLanguage":"pt-BR","@id":"https:\/\/jornalboasnoticias.com.br\/home\/comercio-de-cascavel-tera-horario-especial-a-partir-de-8-de-dezembro-para-vendas-de-natal\/#primaryimage","url":"https:\/\/jornalboasnoticias.com.br\/home\/wp-content\/uploads\/2025\/12\/5ozope40mumofa503u309a7enen0kuvoha7um0ge.png","contentUrl":"https:\/\/jornalboasnoticias.com.br\/home\/wp-content\/uploads\/2025\/12\/5ozope40mumofa503u309a7enen0kuvoha7um0ge.png","width":1033,"height":689},{"@type":"BreadcrumbList","@id":"https:\/\/jornalboasnoticias.com.br\/home\/comercio-de-cascavel-tera-horario-especial-a-partir-de-8-de-dezembro-para-vendas-de-natal\/#breadcrumb","itemListElement":[{"@type":"ListItem","position":1,"name":"In\u00edcio","item":"https:\/\/jornalboasnoticias.com.br\/home\/"},{"@type":"ListItem","position":2,"name":"Com\u00e9rcio de Cascavel ter\u00e1 hor\u00e1rio especial a partir de 8 de dezembro para vendas de Natal"}]},{"@type":"WebSite","@id":"https:\/\/jornalboasnoticias.com.br\/home\/#website","url":"https:\/\/jornalboasnoticias.com.br\/home\/","name":"Jornal Boas Not\u00edcias","description":"Boas not\u00edcias","publisher":{"@id":"https:\/\/jornalboasnoticias.com.br\/home\/#organization"},"potentialAction":[{"@type":"SearchAction","target":{"@type":"EntryPoint","urlTemplate":"https:\/\/jornalboasnoticias.com.br\/home\/?s={search_term_string}"},"query-input":{"@type":"PropertyValueSpecification","valueRequired":true,"valueName":"search_term_string"}}],"inLanguage":"pt-BR"},{"@type":"Organization","@id":"https:\/\/jornalboasnoticias.com.br\/home\/#organization","name":"Coq Editora Ltda","alternateName":"Jornal Boas Noticias","url":"https:\/\/jornalboasnoticias.com.br\/home\/","logo":{"@type":"ImageObject","inLanguage":"pt-BR","@id":"https:\/\/jornalboasnoticias.com.br\/home\/#\/schema\/logo\/image\/","url":"https:\/\/jornalboasnoticias.com.br\/home\/wp-content\/uploads\/2024\/07\/cropped-logo.jpg","contentUrl":"https:\/\/jornalboasnoticias.com.br\/home\/wp-content\/uploads\/2024\/07\/cropped-logo.jpg","width":290,"height":142,"caption":"Coq Editora Ltda"},"image":{"@id":"https:\/\/jornalboasnoticias.com.br\/home\/#\/schema\/logo\/image\/"},"sameAs":["https:\/\/www.facebook.com\/boasnoticiasjornal"]},{"@type":"Person","@id":"https:\/\/jornalboasnoticias.com.br\/home\/#\/schema\/person\/75f9ebde398c998c166475fb446bda62","name":"Luiz Carlos da Cruz","image":{"@type":"ImageObject","inLanguage":"pt-BR","@id":"https:\/\/secure.gravatar.com\/avatar\/e6f4f45301b6cb8572f7b076572e8ac11c1db80e805d8c8d0858cf286ce3ac3b?s=96&d=mm&r=g","url":"https:\/\/secure.gravatar.com\/avatar\/e6f4f45301b6cb8572f7b076572e8ac11c1db80e805d8c8d0858cf286ce3ac3b?s=96&d=mm&r=g","contentUrl":"https:\/\/secure.gravatar.com\/avatar\/e6f4f45301b6cb8572f7b076572e8ac11c1db80e805d8c8d0858cf286ce3ac3b?s=96&d=mm&r=g","caption":"Luiz Carlos da Cruz"},"url":"https:\/\/jornalboasnoticias.com.br\/home\/author\/luiz-carlos-da-cruz\/"}]}},"_links":{"self":[{"href":"https:\/\/jornalboasnoticias.com.br\/home\/wp-json\/wp\/v2\/posts\/46650","targetHints":{"allow":["GET"]}}],"collection":[{"href":"https:\/\/jornalboasnoticias.com.br\/home\/wp-json\/wp\/v2\/posts"}],"about":[{"href":"https:\/\/jornalboasnoticias.com.br\/home\/wp-json\/wp\/v2\/types\/post"}],"author":[{"embeddable":true,"href":"https:\/\/jornalboasnoticias.com.br\/home\/wp-json\/wp\/v2\/users\/3"}],"replies":[{"embeddable":true,"href":"https:\/\/jornalboasnoticias.com.br\/home\/wp-json\/wp\/v2\/comments?post=46650"}],"version-history":[{"count":1,"href":"https:\/\/jornalboasnoticias.com.br\/home\/wp-json\/wp\/v2\/posts\/46650\/revisions"}],"predecessor-version":[{"id":46652,"href":"https:\/\/jornalboasnoticias.com.br\/home\/wp-json\/wp\/v2\/posts\/46650\/revisions\/46652"}],"wp:featuredmedia":[{"embeddable":true,"href":"https:\/\/jornalboasnoticias.com.br\/home\/wp-json\/wp\/v2\/media\/46651"}],"wp:attachment":[{"href":"https:\/\/jornalboasnoticias.com.br\/home\/wp-json\/wp\/v2\/media?parent=46650"}],"wp:term":[{"taxonomy":"category","embeddable":true,"href":"https:\/\/jornalboasnoticias.com.br\/home\/wp-json\/wp\/v2\/categories?post=46650"},{"taxonomy":"post_tag","embeddable":true,"href":"https:\/\/jornalboasnoticias.com.br\/home\/wp-json\/wp\/v2\/tags?post=46650"}],"curies":[{"name":"wp","href":"https:\/\/api.w.org\/{rel}","templated":true}]}}