{"id":46641,"date":"2025-12-02T13:08:10","date_gmt":"2025-12-02T13:08:10","guid":{"rendered":"https:\/\/jornalboasnoticias.com.br\/home\/?p=46641"},"modified":"2025-12-02T13:08:10","modified_gmt":"2025-12-02T13:08:10","slug":"prf-reforca-policiamento-na-br-369-durante-o-mes-de-dezembro-para-reduzir-acidentes-e-ampliar-a-seguranca-viaria","status":"publish","type":"post","link":"https:\/\/jornalboasnoticias.com.br\/home\/prf-reforca-policiamento-na-br-369-durante-o-mes-de-dezembro-para-reduzir-acidentes-e-ampliar-a-seguranca-viaria\/","title":{"rendered":"PRF refor\u00e7a policiamento na BR-369 durante o m\u00eas de dezembro para reduzir acidentes e ampliar a seguran\u00e7a vi\u00e1ria"},"content":{"rendered":"<blockquote>\n<p style=\"text-align: center;\">Em 2025, a BR-369 apresentou um aumento significativo nos sinistros de tr\u00e2nsito, fato que acende um alerta e refor\u00e7a a necessidade de medidas mais rigorosas de preven\u00e7\u00e3o e controle.<\/p>\n<\/blockquote>\n<figure id=\"attachment_46642\" aria-describedby=\"caption-attachment-46642\" style=\"width: 853px\" class=\"wp-caption alignnone\"><img loading=\"lazy\" decoding=\"async\" class=\"size-full wp-image-46642\" src=\"https:\/\/jornalboasnoticias.com.br\/home\/wp-content\/uploads\/2025\/12\/850fa62a-cbc3-4f36-b815-532d586312f1.jpg\" alt=\"\" width=\"853\" height=\"648\" srcset=\"https:\/\/jornalboasnoticias.com.br\/home\/wp-content\/uploads\/2025\/12\/850fa62a-cbc3-4f36-b815-532d586312f1.jpg 853w, https:\/\/jornalboasnoticias.com.br\/home\/wp-content\/uploads\/2025\/12\/850fa62a-cbc3-4f36-b815-532d586312f1-300x228.jpg 300w, https:\/\/jornalboasnoticias.com.br\/home\/wp-content\/uploads\/2025\/12\/850fa62a-cbc3-4f36-b815-532d586312f1-768x583.jpg 768w\" sizes=\"auto, (max-width: 853px) 100vw, 853px\" \/><figcaption id=\"caption-attachment-46642\" class=\"wp-caption-text\">Foto: PRF<\/figcaption><\/figure>\n<p>A Pol\u00edcia Rodovi\u00e1ria Federal (PRF) informa que, ao longo de todo o m\u00eas de dezembro, a Delegacia da PRF em Cascavel intensificar\u00e1 as a\u00e7\u00f5es de policiamento e fiscaliza\u00e7\u00e3o na BR-369. A opera\u00e7\u00e3o ocorre em um per\u00edodo tradicionalmente marcado pelo aumento expressivo do fluxo de ve\u00edculos devido \u00e0s festas de final de ano, f\u00e9rias escolares e deslocamentos tur\u00edsticos.<\/p>\n<p>Em 2025, a BR-369 apresentou um aumento significativo nos sinistros de tr\u00e2nsito, fato que acende um alerta e refor\u00e7a a necessidade de medidas mais rigorosas de preven\u00e7\u00e3o e controle. Diante desse cen\u00e1rio, a PRF ampliar\u00e1 sua presen\u00e7a ao longo da rodovia com o objetivo de reduzir acidentes, salvar vidas e melhorar a seguran\u00e7a dos usu\u00e1rios.<\/p>\n<p>Para isso, policiais foram convocados para atuar exclusivamente no trecho da BR-369, refor\u00e7ando o efetivo operacional j\u00e1 existente. O planejamento considera an\u00e1lises estat\u00edsticas, hor\u00e1rios cr\u00edticos e pontos de maior incid\u00eancia de acidentes.<\/p>\n<p><strong>Entre as principais a\u00e7\u00f5es previstas est\u00e3o:<\/strong><\/p>\n<p>* Fiscaliza\u00e7\u00e3o com radares m\u00f3veis, para coibir o excesso de velocidade.<br \/>\n* Comandos de ultrapassagem em trechos cr\u00edticos da rodovia.<br \/>\n* Verifica\u00e7\u00e3o de equipamentos obrigat\u00f3rios, como pneus, ilumina\u00e7\u00e3o e sistemas de freios.<br \/>\n* Campanhas educativas sobre dire\u00e7\u00e3o defensiva, riscos de longas viagens e respeito \u00e0s normas de tr\u00e2nsito.<br \/>\n* Fiscaliza\u00e7\u00e3o rigorosa do uso de cadeirinhas e dispositivos de reten\u00e7\u00e3o infantil, refor\u00e7ando a prote\u00e7\u00e3o dos passageiros mais vulner\u00e1veis.<br \/>\n* Inspe\u00e7\u00f5es em \u00f4nibus e demais ve\u00edculos de transporte coletivo, verificando documenta\u00e7\u00e3o, lota\u00e7\u00e3o e condi\u00e7\u00f5es de seguran\u00e7a.<\/p>\n<p>A PRF ressalta que a opera\u00e7\u00e3o tem car\u00e1ter preventivo e repressivo, buscando n\u00e3o apenas flagrar irregularidades, mas tamb\u00e9m estimular a conscientiza\u00e7\u00e3o dos motoristas. A intensifica\u00e7\u00e3o do policiamento na BR-369 responde ao aumento de sinistros registrado neste ano e ao fluxo elevado t\u00edpico do per\u00edodo, visando garantir deslocamentos mais seguros.<\/p>\n<p>A PRF orienta que os motoristas planejem suas viagens, revisem seus ve\u00edculos, respeitem os limites de velocidade e mantenham uma postura respons\u00e1vel ao volante. Em caso de emerg\u00eancia, o atendimento da PRF est\u00e1 dispon\u00edvel pelo telefone 191, 24 horas por dia.<\/p>\n<p><em>Assessoria\/PRF<\/em><\/p>\n","protected":false},"excerpt":{"rendered":"<p>Em 2025, a BR-369 apresentou um aumento significativo nos sinistros de tr\u00e2nsito, fato que acende<\/p>\n","protected":false},"author":3,"featured_media":46642,"comment_status":"open","ping_status":"open","sticky":false,"template":"","format":"standard","meta":{"footnotes":""},"categories":[4],"tags":[],"class_list":["post-46641","post","type-post","status-publish","format-standard","has-post-thumbnail","hentry","category-parana"],"yoast_head":"<!-- This site is optimized with the Yoast SEO plugin v27.5 - https:\/\/yoast.com\/product\/yoast-seo-wordpress\/ -->\n<title>PRF refor\u00e7a policiamento na BR-369 durante o m\u00eas de dezembro para reduzir acidentes e ampliar a seguran\u00e7a vi\u00e1ria - Jornal<\/title>\n<meta name=\"description\" content=\"PRF refor\u00e7a policiamento na BR-369 durante o m\u00eas de dezembro para reduzir acidentes e ampliar a seguran\u00e7a vi\u00e1ria\" \/>\n<meta name=\"robots\" content=\"index, follow, max-snippet:-1, max-image-preview:large, max-video-preview:-1\" \/>\n<link rel=\"canonical\" href=\"https:\/\/jornalboasnoticias.com.br\/home\/prf-reforca-policiamento-na-br-369-durante-o-mes-de-dezembro-para-reduzir-acidentes-e-ampliar-a-seguranca-viaria\/\" \/>\n<meta property=\"og:locale\" content=\"pt_BR\" \/>\n<meta property=\"og:type\" content=\"article\" \/>\n<meta property=\"og:title\" content=\"PRF refor\u00e7a policiamento na BR-369 durante o m\u00eas de dezembro para reduzir acidentes e ampliar a seguran\u00e7a vi\u00e1ria - Jornal\" \/>\n<meta property=\"og:description\" content=\"PRF refor\u00e7a policiamento na BR-369 durante o m\u00eas de dezembro para reduzir acidentes e ampliar a seguran\u00e7a vi\u00e1ria\" \/>\n<meta property=\"og:url\" content=\"https:\/\/jornalboasnoticias.com.br\/home\/prf-reforca-policiamento-na-br-369-durante-o-mes-de-dezembro-para-reduzir-acidentes-e-ampliar-a-seguranca-viaria\/\" \/>\n<meta property=\"og:site_name\" content=\"Jornal\" \/>\n<meta property=\"article:publisher\" content=\"https:\/\/www.facebook.com\/boasnoticiasjornal\" \/>\n<meta property=\"article:published_time\" content=\"2025-12-02T13:08:10+00:00\" \/>\n<meta property=\"og:image\" content=\"https:\/\/jornalboasnoticias.com.br\/home\/wp-content\/uploads\/2025\/12\/850fa62a-cbc3-4f36-b815-532d586312f1.jpg\" \/>\n\t<meta property=\"og:image:width\" content=\"853\" \/>\n\t<meta property=\"og:image:height\" content=\"648\" \/>\n\t<meta property=\"og:image:type\" content=\"image\/jpeg\" \/>\n<meta name=\"author\" content=\"Luiz Carlos da Cruz\" \/>\n<meta name=\"twitter:card\" content=\"summary_large_image\" \/>\n<meta name=\"twitter:label1\" content=\"Escrito por\" \/>\n\t<meta name=\"twitter:data1\" content=\"Luiz Carlos da Cruz\" \/>\n\t<meta name=\"twitter:label2\" content=\"Est. tempo de leitura\" \/>\n\t<meta name=\"twitter:data2\" content=\"3 minutos\" \/>\n<script type=\"application\/ld+json\" class=\"yoast-schema-graph\">{\"@context\":\"https:\\\/\\\/schema.org\",\"@graph\":[{\"@type\":\"Article\",\"@id\":\"https:\\\/\\\/jornalboasnoticias.com.br\\\/home\\\/prf-reforca-policiamento-na-br-369-durante-o-mes-de-dezembro-para-reduzir-acidentes-e-ampliar-a-seguranca-viaria\\\/#article\",\"isPartOf\":{\"@id\":\"https:\\\/\\\/jornalboasnoticias.com.br\\\/home\\\/prf-reforca-policiamento-na-br-369-durante-o-mes-de-dezembro-para-reduzir-acidentes-e-ampliar-a-seguranca-viaria\\\/\"},\"author\":{\"name\":\"Luiz Carlos da Cruz\",\"@id\":\"https:\\\/\\\/jornalboasnoticias.com.br\\\/home\\\/#\\\/schema\\\/person\\\/75f9ebde398c998c166475fb446bda62\"},\"headline\":\"PRF refor\u00e7a policiamento na BR-369 durante o m\u00eas de dezembro para reduzir acidentes e ampliar a seguran\u00e7a vi\u00e1ria\",\"datePublished\":\"2025-12-02T13:08:10+00:00\",\"mainEntityOfPage\":{\"@id\":\"https:\\\/\\\/jornalboasnoticias.com.br\\\/home\\\/prf-reforca-policiamento-na-br-369-durante-o-mes-de-dezembro-para-reduzir-acidentes-e-ampliar-a-seguranca-viaria\\\/\"},\"wordCount\":435,\"commentCount\":0,\"publisher\":{\"@id\":\"https:\\\/\\\/jornalboasnoticias.com.br\\\/home\\\/#organization\"},\"image\":{\"@id\":\"https:\\\/\\\/jornalboasnoticias.com.br\\\/home\\\/prf-reforca-policiamento-na-br-369-durante-o-mes-de-dezembro-para-reduzir-acidentes-e-ampliar-a-seguranca-viaria\\\/#primaryimage\"},\"thumbnailUrl\":\"https:\\\/\\\/jornalboasnoticias.com.br\\\/home\\\/wp-content\\\/uploads\\\/2025\\\/12\\\/850fa62a-cbc3-4f36-b815-532d586312f1.jpg\",\"articleSection\":[\"PARAN\u00c1\"],\"inLanguage\":\"pt-BR\",\"potentialAction\":[{\"@type\":\"CommentAction\",\"name\":\"Comment\",\"target\":[\"https:\\\/\\\/jornalboasnoticias.com.br\\\/home\\\/prf-reforca-policiamento-na-br-369-durante-o-mes-de-dezembro-para-reduzir-acidentes-e-ampliar-a-seguranca-viaria\\\/#respond\"]}]},{\"@type\":\"WebPage\",\"@id\":\"https:\\\/\\\/jornalboasnoticias.com.br\\\/home\\\/prf-reforca-policiamento-na-br-369-durante-o-mes-de-dezembro-para-reduzir-acidentes-e-ampliar-a-seguranca-viaria\\\/\",\"url\":\"https:\\\/\\\/jornalboasnoticias.com.br\\\/home\\\/prf-reforca-policiamento-na-br-369-durante-o-mes-de-dezembro-para-reduzir-acidentes-e-ampliar-a-seguranca-viaria\\\/\",\"name\":\"PRF refor\u00e7a policiamento na BR-369 durante o m\u00eas de dezembro para reduzir acidentes e ampliar a seguran\u00e7a vi\u00e1ria - Jornal\",\"isPartOf\":{\"@id\":\"https:\\\/\\\/jornalboasnoticias.com.br\\\/home\\\/#website\"},\"primaryImageOfPage\":{\"@id\":\"https:\\\/\\\/jornalboasnoticias.com.br\\\/home\\\/prf-reforca-policiamento-na-br-369-durante-o-mes-de-dezembro-para-reduzir-acidentes-e-ampliar-a-seguranca-viaria\\\/#primaryimage\"},\"image\":{\"@id\":\"https:\\\/\\\/jornalboasnoticias.com.br\\\/home\\\/prf-reforca-policiamento-na-br-369-durante-o-mes-de-dezembro-para-reduzir-acidentes-e-ampliar-a-seguranca-viaria\\\/#primaryimage\"},\"thumbnailUrl\":\"https:\\\/\\\/jornalboasnoticias.com.br\\\/home\\\/wp-content\\\/uploads\\\/2025\\\/12\\\/850fa62a-cbc3-4f36-b815-532d586312f1.jpg\",\"datePublished\":\"2025-12-02T13:08:10+00:00\",\"description\":\"PRF refor\u00e7a policiamento na BR-369 durante o m\u00eas de dezembro para reduzir acidentes e ampliar a seguran\u00e7a vi\u00e1ria\",\"breadcrumb\":{\"@id\":\"https:\\\/\\\/jornalboasnoticias.com.br\\\/home\\\/prf-reforca-policiamento-na-br-369-durante-o-mes-de-dezembro-para-reduzir-acidentes-e-ampliar-a-seguranca-viaria\\\/#breadcrumb\"},\"inLanguage\":\"pt-BR\",\"potentialAction\":[{\"@type\":\"ReadAction\",\"target\":[\"https:\\\/\\\/jornalboasnoticias.com.br\\\/home\\\/prf-reforca-policiamento-na-br-369-durante-o-mes-de-dezembro-para-reduzir-acidentes-e-ampliar-a-seguranca-viaria\\\/\"]}]},{\"@type\":\"ImageObject\",\"inLanguage\":\"pt-BR\",\"@id\":\"https:\\\/\\\/jornalboasnoticias.com.br\\\/home\\\/prf-reforca-policiamento-na-br-369-durante-o-mes-de-dezembro-para-reduzir-acidentes-e-ampliar-a-seguranca-viaria\\\/#primaryimage\",\"url\":\"https:\\\/\\\/jornalboasnoticias.com.br\\\/home\\\/wp-content\\\/uploads\\\/2025\\\/12\\\/850fa62a-cbc3-4f36-b815-532d586312f1.jpg\",\"contentUrl\":\"https:\\\/\\\/jornalboasnoticias.com.br\\\/home\\\/wp-content\\\/uploads\\\/2025\\\/12\\\/850fa62a-cbc3-4f36-b815-532d586312f1.jpg\",\"width\":853,\"height\":648,\"caption\":\"Foto: PRF\"},{\"@type\":\"BreadcrumbList\",\"@id\":\"https:\\\/\\\/jornalboasnoticias.com.br\\\/home\\\/prf-reforca-policiamento-na-br-369-durante-o-mes-de-dezembro-para-reduzir-acidentes-e-ampliar-a-seguranca-viaria\\\/#breadcrumb\",\"itemListElement\":[{\"@type\":\"ListItem\",\"position\":1,\"name\":\"In\u00edcio\",\"item\":\"https:\\\/\\\/jornalboasnoticias.com.br\\\/home\\\/\"},{\"@type\":\"ListItem\",\"position\":2,\"name\":\"PRF refor\u00e7a policiamento na BR-369 durante o m\u00eas de dezembro para reduzir acidentes e ampliar a seguran\u00e7a vi\u00e1ria\"}]},{\"@type\":\"WebSite\",\"@id\":\"https:\\\/\\\/jornalboasnoticias.com.br\\\/home\\\/#website\",\"url\":\"https:\\\/\\\/jornalboasnoticias.com.br\\\/home\\\/\",\"name\":\"Jornal Boas Not\u00edcias\",\"description\":\"Boas not\u00edcias\",\"publisher\":{\"@id\":\"https:\\\/\\\/jornalboasnoticias.com.br\\\/home\\\/#organization\"},\"potentialAction\":[{\"@type\":\"SearchAction\",\"target\":{\"@type\":\"EntryPoint\",\"urlTemplate\":\"https:\\\/\\\/jornalboasnoticias.com.br\\\/home\\\/?s={search_term_string}\"},\"query-input\":{\"@type\":\"PropertyValueSpecification\",\"valueRequired\":true,\"valueName\":\"search_term_string\"}}],\"inLanguage\":\"pt-BR\"},{\"@type\":\"Organization\",\"@id\":\"https:\\\/\\\/jornalboasnoticias.com.br\\\/home\\\/#organization\",\"name\":\"Coq Editora Ltda\",\"alternateName\":\"Jornal Boas Noticias\",\"url\":\"https:\\\/\\\/jornalboasnoticias.com.br\\\/home\\\/\",\"logo\":{\"@type\":\"ImageObject\",\"inLanguage\":\"pt-BR\",\"@id\":\"https:\\\/\\\/jornalboasnoticias.com.br\\\/home\\\/#\\\/schema\\\/logo\\\/image\\\/\",\"url\":\"https:\\\/\\\/jornalboasnoticias.com.br\\\/home\\\/wp-content\\\/uploads\\\/2024\\\/07\\\/cropped-logo.jpg\",\"contentUrl\":\"https:\\\/\\\/jornalboasnoticias.com.br\\\/home\\\/wp-content\\\/uploads\\\/2024\\\/07\\\/cropped-logo.jpg\",\"width\":290,\"height\":142,\"caption\":\"Coq Editora Ltda\"},\"image\":{\"@id\":\"https:\\\/\\\/jornalboasnoticias.com.br\\\/home\\\/#\\\/schema\\\/logo\\\/image\\\/\"},\"sameAs\":[\"https:\\\/\\\/www.facebook.com\\\/boasnoticiasjornal\"]},{\"@type\":\"Person\",\"@id\":\"https:\\\/\\\/jornalboasnoticias.com.br\\\/home\\\/#\\\/schema\\\/person\\\/75f9ebde398c998c166475fb446bda62\",\"name\":\"Luiz Carlos da Cruz\",\"image\":{\"@type\":\"ImageObject\",\"inLanguage\":\"pt-BR\",\"@id\":\"https:\\\/\\\/secure.gravatar.com\\\/avatar\\\/e6f4f45301b6cb8572f7b076572e8ac11c1db80e805d8c8d0858cf286ce3ac3b?s=96&d=mm&r=g\",\"url\":\"https:\\\/\\\/secure.gravatar.com\\\/avatar\\\/e6f4f45301b6cb8572f7b076572e8ac11c1db80e805d8c8d0858cf286ce3ac3b?s=96&d=mm&r=g\",\"contentUrl\":\"https:\\\/\\\/secure.gravatar.com\\\/avatar\\\/e6f4f45301b6cb8572f7b076572e8ac11c1db80e805d8c8d0858cf286ce3ac3b?s=96&d=mm&r=g\",\"caption\":\"Luiz Carlos da Cruz\"},\"url\":\"https:\\\/\\\/jornalboasnoticias.com.br\\\/home\\\/author\\\/luiz-carlos-da-cruz\\\/\"}]}<\/script>\n<!-- \/ Yoast SEO plugin. -->","yoast_head_json":{"title":"PRF refor\u00e7a policiamento na BR-369 durante o m\u00eas de dezembro para reduzir acidentes e ampliar a seguran\u00e7a vi\u00e1ria - Jornal","description":"PRF refor\u00e7a policiamento na BR-369 durante o m\u00eas de dezembro para reduzir acidentes e ampliar a seguran\u00e7a vi\u00e1ria","robots":{"index":"index","follow":"follow","max-snippet":"max-snippet:-1","max-image-preview":"max-image-preview:large","max-video-preview":"max-video-preview:-1"},"canonical":"https:\/\/jornalboasnoticias.com.br\/home\/prf-reforca-policiamento-na-br-369-durante-o-mes-de-dezembro-para-reduzir-acidentes-e-ampliar-a-seguranca-viaria\/","og_locale":"pt_BR","og_type":"article","og_title":"PRF refor\u00e7a policiamento na BR-369 durante o m\u00eas de dezembro para reduzir acidentes e ampliar a seguran\u00e7a vi\u00e1ria - Jornal","og_description":"PRF refor\u00e7a policiamento na BR-369 durante o m\u00eas de dezembro para reduzir acidentes e ampliar a seguran\u00e7a vi\u00e1ria","og_url":"https:\/\/jornalboasnoticias.com.br\/home\/prf-reforca-policiamento-na-br-369-durante-o-mes-de-dezembro-para-reduzir-acidentes-e-ampliar-a-seguranca-viaria\/","og_site_name":"Jornal","article_publisher":"https:\/\/www.facebook.com\/boasnoticiasjornal","article_published_time":"2025-12-02T13:08:10+00:00","og_image":[{"width":853,"height":648,"url":"https:\/\/jornalboasnoticias.com.br\/home\/wp-content\/uploads\/2025\/12\/850fa62a-cbc3-4f36-b815-532d586312f1.jpg","type":"image\/jpeg"}],"author":"Luiz Carlos da Cruz","twitter_card":"summary_large_image","twitter_misc":{"Escrito por":"Luiz Carlos da Cruz","Est. tempo de leitura":"3 minutos"},"schema":{"@context":"https:\/\/schema.org","@graph":[{"@type":"Article","@id":"https:\/\/jornalboasnoticias.com.br\/home\/prf-reforca-policiamento-na-br-369-durante-o-mes-de-dezembro-para-reduzir-acidentes-e-ampliar-a-seguranca-viaria\/#article","isPartOf":{"@id":"https:\/\/jornalboasnoticias.com.br\/home\/prf-reforca-policiamento-na-br-369-durante-o-mes-de-dezembro-para-reduzir-acidentes-e-ampliar-a-seguranca-viaria\/"},"author":{"name":"Luiz Carlos da Cruz","@id":"https:\/\/jornalboasnoticias.com.br\/home\/#\/schema\/person\/75f9ebde398c998c166475fb446bda62"},"headline":"PRF refor\u00e7a policiamento na BR-369 durante o m\u00eas de dezembro para reduzir acidentes e ampliar a seguran\u00e7a vi\u00e1ria","datePublished":"2025-12-02T13:08:10+00:00","mainEntityOfPage":{"@id":"https:\/\/jornalboasnoticias.com.br\/home\/prf-reforca-policiamento-na-br-369-durante-o-mes-de-dezembro-para-reduzir-acidentes-e-ampliar-a-seguranca-viaria\/"},"wordCount":435,"commentCount":0,"publisher":{"@id":"https:\/\/jornalboasnoticias.com.br\/home\/#organization"},"image":{"@id":"https:\/\/jornalboasnoticias.com.br\/home\/prf-reforca-policiamento-na-br-369-durante-o-mes-de-dezembro-para-reduzir-acidentes-e-ampliar-a-seguranca-viaria\/#primaryimage"},"thumbnailUrl":"https:\/\/jornalboasnoticias.com.br\/home\/wp-content\/uploads\/2025\/12\/850fa62a-cbc3-4f36-b815-532d586312f1.jpg","articleSection":["PARAN\u00c1"],"inLanguage":"pt-BR","potentialAction":[{"@type":"CommentAction","name":"Comment","target":["https:\/\/jornalboasnoticias.com.br\/home\/prf-reforca-policiamento-na-br-369-durante-o-mes-de-dezembro-para-reduzir-acidentes-e-ampliar-a-seguranca-viaria\/#respond"]}]},{"@type":"WebPage","@id":"https:\/\/jornalboasnoticias.com.br\/home\/prf-reforca-policiamento-na-br-369-durante-o-mes-de-dezembro-para-reduzir-acidentes-e-ampliar-a-seguranca-viaria\/","url":"https:\/\/jornalboasnoticias.com.br\/home\/prf-reforca-policiamento-na-br-369-durante-o-mes-de-dezembro-para-reduzir-acidentes-e-ampliar-a-seguranca-viaria\/","name":"PRF refor\u00e7a policiamento na BR-369 durante o m\u00eas de dezembro para reduzir acidentes e ampliar a seguran\u00e7a vi\u00e1ria - Jornal","isPartOf":{"@id":"https:\/\/jornalboasnoticias.com.br\/home\/#website"},"primaryImageOfPage":{"@id":"https:\/\/jornalboasnoticias.com.br\/home\/prf-reforca-policiamento-na-br-369-durante-o-mes-de-dezembro-para-reduzir-acidentes-e-ampliar-a-seguranca-viaria\/#primaryimage"},"image":{"@id":"https:\/\/jornalboasnoticias.com.br\/home\/prf-reforca-policiamento-na-br-369-durante-o-mes-de-dezembro-para-reduzir-acidentes-e-ampliar-a-seguranca-viaria\/#primaryimage"},"thumbnailUrl":"https:\/\/jornalboasnoticias.com.br\/home\/wp-content\/uploads\/2025\/12\/850fa62a-cbc3-4f36-b815-532d586312f1.jpg","datePublished":"2025-12-02T13:08:10+00:00","description":"PRF refor\u00e7a policiamento na BR-369 durante o m\u00eas de dezembro para reduzir acidentes e ampliar a seguran\u00e7a vi\u00e1ria","breadcrumb":{"@id":"https:\/\/jornalboasnoticias.com.br\/home\/prf-reforca-policiamento-na-br-369-durante-o-mes-de-dezembro-para-reduzir-acidentes-e-ampliar-a-seguranca-viaria\/#breadcrumb"},"inLanguage":"pt-BR","potentialAction":[{"@type":"ReadAction","target":["https:\/\/jornalboasnoticias.com.br\/home\/prf-reforca-policiamento-na-br-369-durante-o-mes-de-dezembro-para-reduzir-acidentes-e-ampliar-a-seguranca-viaria\/"]}]},{"@type":"ImageObject","inLanguage":"pt-BR","@id":"https:\/\/jornalboasnoticias.com.br\/home\/prf-reforca-policiamento-na-br-369-durante-o-mes-de-dezembro-para-reduzir-acidentes-e-ampliar-a-seguranca-viaria\/#primaryimage","url":"https:\/\/jornalboasnoticias.com.br\/home\/wp-content\/uploads\/2025\/12\/850fa62a-cbc3-4f36-b815-532d586312f1.jpg","contentUrl":"https:\/\/jornalboasnoticias.com.br\/home\/wp-content\/uploads\/2025\/12\/850fa62a-cbc3-4f36-b815-532d586312f1.jpg","width":853,"height":648,"caption":"Foto: PRF"},{"@type":"BreadcrumbList","@id":"https:\/\/jornalboasnoticias.com.br\/home\/prf-reforca-policiamento-na-br-369-durante-o-mes-de-dezembro-para-reduzir-acidentes-e-ampliar-a-seguranca-viaria\/#breadcrumb","itemListElement":[{"@type":"ListItem","position":1,"name":"In\u00edcio","item":"https:\/\/jornalboasnoticias.com.br\/home\/"},{"@type":"ListItem","position":2,"name":"PRF refor\u00e7a policiamento na BR-369 durante o m\u00eas de dezembro para reduzir acidentes e ampliar a seguran\u00e7a vi\u00e1ria"}]},{"@type":"WebSite","@id":"https:\/\/jornalboasnoticias.com.br\/home\/#website","url":"https:\/\/jornalboasnoticias.com.br\/home\/","name":"Jornal Boas Not\u00edcias","description":"Boas not\u00edcias","publisher":{"@id":"https:\/\/jornalboasnoticias.com.br\/home\/#organization"},"potentialAction":[{"@type":"SearchAction","target":{"@type":"EntryPoint","urlTemplate":"https:\/\/jornalboasnoticias.com.br\/home\/?s={search_term_string}"},"query-input":{"@type":"PropertyValueSpecification","valueRequired":true,"valueName":"search_term_string"}}],"inLanguage":"pt-BR"},{"@type":"Organization","@id":"https:\/\/jornalboasnoticias.com.br\/home\/#organization","name":"Coq Editora Ltda","alternateName":"Jornal Boas Noticias","url":"https:\/\/jornalboasnoticias.com.br\/home\/","logo":{"@type":"ImageObject","inLanguage":"pt-BR","@id":"https:\/\/jornalboasnoticias.com.br\/home\/#\/schema\/logo\/image\/","url":"https:\/\/jornalboasnoticias.com.br\/home\/wp-content\/uploads\/2024\/07\/cropped-logo.jpg","contentUrl":"https:\/\/jornalboasnoticias.com.br\/home\/wp-content\/uploads\/2024\/07\/cropped-logo.jpg","width":290,"height":142,"caption":"Coq Editora Ltda"},"image":{"@id":"https:\/\/jornalboasnoticias.com.br\/home\/#\/schema\/logo\/image\/"},"sameAs":["https:\/\/www.facebook.com\/boasnoticiasjornal"]},{"@type":"Person","@id":"https:\/\/jornalboasnoticias.com.br\/home\/#\/schema\/person\/75f9ebde398c998c166475fb446bda62","name":"Luiz Carlos da Cruz","image":{"@type":"ImageObject","inLanguage":"pt-BR","@id":"https:\/\/secure.gravatar.com\/avatar\/e6f4f45301b6cb8572f7b076572e8ac11c1db80e805d8c8d0858cf286ce3ac3b?s=96&d=mm&r=g","url":"https:\/\/secure.gravatar.com\/avatar\/e6f4f45301b6cb8572f7b076572e8ac11c1db80e805d8c8d0858cf286ce3ac3b?s=96&d=mm&r=g","contentUrl":"https:\/\/secure.gravatar.com\/avatar\/e6f4f45301b6cb8572f7b076572e8ac11c1db80e805d8c8d0858cf286ce3ac3b?s=96&d=mm&r=g","caption":"Luiz Carlos da Cruz"},"url":"https:\/\/jornalboasnoticias.com.br\/home\/author\/luiz-carlos-da-cruz\/"}]}},"_links":{"self":[{"href":"https:\/\/jornalboasnoticias.com.br\/home\/wp-json\/wp\/v2\/posts\/46641","targetHints":{"allow":["GET"]}}],"collection":[{"href":"https:\/\/jornalboasnoticias.com.br\/home\/wp-json\/wp\/v2\/posts"}],"about":[{"href":"https:\/\/jornalboasnoticias.com.br\/home\/wp-json\/wp\/v2\/types\/post"}],"author":[{"embeddable":true,"href":"https:\/\/jornalboasnoticias.com.br\/home\/wp-json\/wp\/v2\/users\/3"}],"replies":[{"embeddable":true,"href":"https:\/\/jornalboasnoticias.com.br\/home\/wp-json\/wp\/v2\/comments?post=46641"}],"version-history":[{"count":1,"href":"https:\/\/jornalboasnoticias.com.br\/home\/wp-json\/wp\/v2\/posts\/46641\/revisions"}],"predecessor-version":[{"id":46643,"href":"https:\/\/jornalboasnoticias.com.br\/home\/wp-json\/wp\/v2\/posts\/46641\/revisions\/46643"}],"wp:featuredmedia":[{"embeddable":true,"href":"https:\/\/jornalboasnoticias.com.br\/home\/wp-json\/wp\/v2\/media\/46642"}],"wp:attachment":[{"href":"https:\/\/jornalboasnoticias.com.br\/home\/wp-json\/wp\/v2\/media?parent=46641"}],"wp:term":[{"taxonomy":"category","embeddable":true,"href":"https:\/\/jornalboasnoticias.com.br\/home\/wp-json\/wp\/v2\/categories?post=46641"},{"taxonomy":"post_tag","embeddable":true,"href":"https:\/\/jornalboasnoticias.com.br\/home\/wp-json\/wp\/v2\/tags?post=46641"}],"curies":[{"name":"wp","href":"https:\/\/api.w.org\/{rel}","templated":true}]}}