{"id":46637,"date":"2025-12-01T19:06:45","date_gmt":"2025-12-01T19:06:45","guid":{"rendered":"https:\/\/jornalboasnoticias.com.br\/home\/?p=46637"},"modified":"2025-12-01T19:06:45","modified_gmt":"2025-12-01T19:06:45","slug":"contran-aprova-resolucao-que-retira-exigencia-de-autoescola-para-cnh","status":"publish","type":"post","link":"https:\/\/jornalboasnoticias.com.br\/home\/contran-aprova-resolucao-que-retira-exigencia-de-autoescola-para-cnh\/","title":{"rendered":"Contran aprova resolu\u00e7\u00e3o que retira exig\u00eancia de autoescola para CNH"},"content":{"rendered":"<blockquote>\n<p style=\"text-align: center;\">Custo para tirar o documento poder\u00e1 cair em 80%<\/p>\n<\/blockquote>\n<figure id=\"attachment_71015\" aria-describedby=\"caption-attachment-71015\" style=\"width: 999px\" class=\"wp-caption aligncenter\"><img loading=\"lazy\" decoding=\"async\" class=\"wp-image-71015 size-full\" src=\"https:\/\/portalcantagalo.com.br\/wp-content\/uploads\/2025\/12\/cnh_digital_abr1305223952-e1764615899195.webp\" alt=\"\" width=\"999\" height=\"598\" \/><figcaption id=\"caption-attachment-71015\" class=\"wp-caption-text\">\u00a9 Marcello Casal JrAg\u00eancia Brasil<\/figcaption><\/figure>\n<p>O Conselho Nacional de Tr\u00e2nsito (Contran) aprovou, nesta segunda-feira (1\u00ba), a resolu\u00e7\u00e3o que muda o processo de obten\u00e7\u00e3o da Carteira Nacional de Habilita\u00e7\u00e3o (CNH).\u00a0A principal mudan\u00e7a \u00e9 o fim da obrigatoriedade de frequentar aulas de autoescola na prepara\u00e7\u00e3o para os exames te\u00f3rico e pr\u00e1tico dos departamentos de Tr\u00e2nsito (Detrans).<img decoding=\"async\" src=\"https:\/\/agenciabrasil.ebc.com.br\/ebc.png?id=1670312&amp;o=node\" \/><img decoding=\"async\" src=\"https:\/\/agenciabrasil.ebc.com.br\/ebc.gif?id=1670312&amp;o=node\" \/><\/p>\n<p>Com isso, o custo para tirar o documento, que hoje chega a R$ 5 mil, poder\u00e1 cair em 80%.<\/p>\n<p>Ap\u00f3s\u00a0passar por consulta p\u00fablica, o texto proposto pelo Minist\u00e9rio dos Transportes foi aprovado por unanimidade pelo Contran e entrar\u00e1 em vigor assim que for publicada no Di\u00e1rio Oficial da Uni\u00e3o.<\/p>\n<p>De acordo com a pasta, o objetivo das mudan\u00e7as \u00e9 modernizar o processo de obten\u00e7\u00e3o da CNH e tornar o documento mais acess\u00edvel e barato para a popula\u00e7\u00e3o, especialmente nas categorias A (motocicletas) e B (ve\u00edculos de passeio). Segundo dados da Secretaria Nacional de Tr\u00e2nsito, 20 milh\u00f5es de brasileiros j\u00e1 dirigem sem habilita\u00e7\u00e3o e mais 30 milh\u00f5es t\u00eam idade para ter a CNH mas n\u00e3o possuem o documento.<\/p>\n<p>Al\u00e9m de tornar o tr\u00e2nsito mais seguro, o ministro dos Transportes, Renan Filho, argumenta que a proposta tamb\u00e9m busca promover a inclus\u00e3o produtiva.<\/p>\n<blockquote><p>\u00a0\u201cO Brasil tem milh\u00f5es de pessoas que querem dirigir, mas n\u00e3o conseguem pagar. Baratear e desburocratizar a obten\u00e7\u00e3o da CNH \u00e9 uma pol\u00edtica p\u00fablica de inclus\u00e3o produtiva, porque habilita\u00e7\u00e3o significa trabalho, renda e autonomia. Estamos modernizando o sistema, ampliando o acesso e mantendo toda a seguran\u00e7a necess\u00e1ria\u201d, afirmou, em comunicado.<\/p><\/blockquote>\n<p>A resolu\u00e7\u00e3o prev\u00ea que o candidato possa escolher diferentes formas de se preparar para os exames te\u00f3rico e pr\u00e1tico, que continuar\u00e3o obrigat\u00f3rios para a emiss\u00e3o da CNH. Ainda segundo Renan Filho, s\u00e3o esses exames que atestam se o condutor est\u00e1 devidamente capacitado para dirigir.<\/p>\n<p>\u201cO novo modelo segue padr\u00f5es internacionais adotados por pa\u00edses como Estados Unidos, Reino Unido e Canad\u00e1, onde o foco \u00e9 a avalia\u00e7\u00e3o, n\u00e3o a quantidade de aulas\u201d, explicou.<\/p>\n<h2>O que muda<\/h2>\n<p>A abertura do processo para tirar a CNH poder\u00e1 ser feita diretamente pelo site do Minist\u00e9rio dos Transportes ou por meio da\u00a0<a href=\"https:\/\/www.gov.br\/pt-br\/apps\/carteira-digital-de-transito-1\">Carteira Digital de Tr\u00e2nsito<\/a>\u00a0(CDT). O cidad\u00e3o ainda precisar\u00e1 comparecer presencialmente a etapas como coleta biom\u00e9trica e exame m\u00e9dico.<\/p>\n<p>A resolu\u00e7\u00e3o prev\u00ea curso te\u00f3rico gratuito e digital.\u00a0O minist\u00e9rio disponibilizar\u00e1 o conte\u00fado online sem custos para o candidato mas, quem preferir, poder\u00e1 estudar presencialmente em autoescolas ou institui\u00e7\u00f5es credenciadas.<\/p>\n<p>Tamb\u00e9m haver\u00e1 flexibiliza\u00e7\u00e3o das aulas pr\u00e1ticas e abertura para instrutores credenciados pelos Detrans, aumentando as op\u00e7\u00f5es para o cidad\u00e3o.\u00a0O novo modelo retira a exig\u00eancia de 20 horas-aula pr\u00e1ticas. Agora, a carga hor\u00e1ria m\u00ednima ser\u00e1 de duas horas.<\/p>\n<p>O candidato poder\u00e1 escolher como far\u00e1 sua prepara\u00e7\u00e3o: contratando um centro de forma\u00e7\u00e3o de condutores tradicional ou um instrutor aut\u00f4nomo. Nenhum profissional poder\u00e1 atuar sem credenciamento oficial: todos passar\u00e3o por fiscaliza\u00e7\u00e3o pelos \u00f3rg\u00e3os estaduais, dever\u00e3o cumprir requisitos padronizados nacionalmente e ser\u00e3o identificados digitalmente na CDT.<\/p>\n<p>O texto tamb\u00e9m prev\u00ea a facilita\u00e7\u00e3o dos processos de obten\u00e7\u00e3o da CNH para as categorias C (ve\u00edculos de carga, como caminh\u00f5es), D (transporte de passageiros, como \u00f4nibus) e E (carretas e ve\u00edculos articulados) permitindo mais op\u00e7\u00f5es de forma\u00e7\u00e3o, com o objetivo de tornar o processo mais \u00e1gil e menos burocr\u00e1tico.<\/p>\n<p><em>Ag\u00eancia Brasil<\/em><\/p>\n","protected":false},"excerpt":{"rendered":"<p>Custo para tirar o documento poder\u00e1 cair em 80% O Conselho Nacional de Tr\u00e2nsito (Contran)<\/p>\n","protected":false},"author":3,"featured_media":46638,"comment_status":"open","ping_status":"open","sticky":false,"template":"","format":"standard","meta":{"footnotes":""},"categories":[3,26],"tags":[],"class_list":["post-46637","post","type-post","status-publish","format-standard","has-post-thumbnail","hentry","category-destaques","category-geral"],"yoast_head":"<!-- This site is optimized with the Yoast SEO plugin v27.5 - https:\/\/yoast.com\/product\/yoast-seo-wordpress\/ -->\n<title>Contran aprova resolu\u00e7\u00e3o que retira exig\u00eancia de autoescola para CNH - Jornal<\/title>\n<meta name=\"description\" content=\"Contran aprova resolu\u00e7\u00e3o que retira exig\u00eancia de autoescola para CNH\" \/>\n<meta name=\"robots\" content=\"index, follow, max-snippet:-1, max-image-preview:large, max-video-preview:-1\" \/>\n<link rel=\"canonical\" href=\"https:\/\/jornalboasnoticias.com.br\/home\/contran-aprova-resolucao-que-retira-exigencia-de-autoescola-para-cnh\/\" \/>\n<meta property=\"og:locale\" content=\"pt_BR\" \/>\n<meta property=\"og:type\" content=\"article\" \/>\n<meta property=\"og:title\" content=\"Contran aprova resolu\u00e7\u00e3o que retira exig\u00eancia de autoescola para CNH - Jornal\" \/>\n<meta property=\"og:description\" content=\"Contran aprova resolu\u00e7\u00e3o que retira exig\u00eancia de autoescola para CNH\" \/>\n<meta property=\"og:url\" content=\"https:\/\/jornalboasnoticias.com.br\/home\/contran-aprova-resolucao-que-retira-exigencia-de-autoescola-para-cnh\/\" \/>\n<meta property=\"og:site_name\" content=\"Jornal\" \/>\n<meta property=\"article:publisher\" content=\"https:\/\/www.facebook.com\/boasnoticiasjornal\" \/>\n<meta property=\"article:published_time\" content=\"2025-12-01T19:06:45+00:00\" \/>\n<meta property=\"og:image\" content=\"https:\/\/jornalboasnoticias.com.br\/home\/wp-content\/uploads\/2025\/12\/cnh_digital_abr1305223952.webp\" \/>\n\t<meta property=\"og:image:width\" content=\"1170\" \/>\n\t<meta property=\"og:image:height\" content=\"700\" \/>\n\t<meta property=\"og:image:type\" content=\"image\/webp\" \/>\n<meta name=\"author\" content=\"Luiz Carlos da Cruz\" \/>\n<meta name=\"twitter:card\" content=\"summary_large_image\" \/>\n<meta name=\"twitter:label1\" content=\"Escrito por\" \/>\n\t<meta name=\"twitter:data1\" content=\"Luiz Carlos da Cruz\" \/>\n\t<meta name=\"twitter:label2\" content=\"Est. tempo de leitura\" \/>\n\t<meta name=\"twitter:data2\" content=\"4 minutos\" \/>\n<script type=\"application\/ld+json\" class=\"yoast-schema-graph\">{\"@context\":\"https:\\\/\\\/schema.org\",\"@graph\":[{\"@type\":\"Article\",\"@id\":\"https:\\\/\\\/jornalboasnoticias.com.br\\\/home\\\/contran-aprova-resolucao-que-retira-exigencia-de-autoescola-para-cnh\\\/#article\",\"isPartOf\":{\"@id\":\"https:\\\/\\\/jornalboasnoticias.com.br\\\/home\\\/contran-aprova-resolucao-que-retira-exigencia-de-autoescola-para-cnh\\\/\"},\"author\":{\"name\":\"Luiz Carlos da Cruz\",\"@id\":\"https:\\\/\\\/jornalboasnoticias.com.br\\\/home\\\/#\\\/schema\\\/person\\\/75f9ebde398c998c166475fb446bda62\"},\"headline\":\"Contran aprova resolu\u00e7\u00e3o que retira exig\u00eancia de autoescola para CNH\",\"datePublished\":\"2025-12-01T19:06:45+00:00\",\"mainEntityOfPage\":{\"@id\":\"https:\\\/\\\/jornalboasnoticias.com.br\\\/home\\\/contran-aprova-resolucao-que-retira-exigencia-de-autoescola-para-cnh\\\/\"},\"wordCount\":630,\"commentCount\":0,\"publisher\":{\"@id\":\"https:\\\/\\\/jornalboasnoticias.com.br\\\/home\\\/#organization\"},\"image\":{\"@id\":\"https:\\\/\\\/jornalboasnoticias.com.br\\\/home\\\/contran-aprova-resolucao-que-retira-exigencia-de-autoescola-para-cnh\\\/#primaryimage\"},\"thumbnailUrl\":\"https:\\\/\\\/jornalboasnoticias.com.br\\\/home\\\/wp-content\\\/uploads\\\/2025\\\/12\\\/cnh_digital_abr1305223952.webp\",\"articleSection\":[\"DESTAQUE\",\"Geral\"],\"inLanguage\":\"pt-BR\",\"potentialAction\":[{\"@type\":\"CommentAction\",\"name\":\"Comment\",\"target\":[\"https:\\\/\\\/jornalboasnoticias.com.br\\\/home\\\/contran-aprova-resolucao-que-retira-exigencia-de-autoescola-para-cnh\\\/#respond\"]}]},{\"@type\":\"WebPage\",\"@id\":\"https:\\\/\\\/jornalboasnoticias.com.br\\\/home\\\/contran-aprova-resolucao-que-retira-exigencia-de-autoescola-para-cnh\\\/\",\"url\":\"https:\\\/\\\/jornalboasnoticias.com.br\\\/home\\\/contran-aprova-resolucao-que-retira-exigencia-de-autoescola-para-cnh\\\/\",\"name\":\"Contran aprova resolu\u00e7\u00e3o que retira exig\u00eancia de autoescola para CNH - Jornal\",\"isPartOf\":{\"@id\":\"https:\\\/\\\/jornalboasnoticias.com.br\\\/home\\\/#website\"},\"primaryImageOfPage\":{\"@id\":\"https:\\\/\\\/jornalboasnoticias.com.br\\\/home\\\/contran-aprova-resolucao-que-retira-exigencia-de-autoescola-para-cnh\\\/#primaryimage\"},\"image\":{\"@id\":\"https:\\\/\\\/jornalboasnoticias.com.br\\\/home\\\/contran-aprova-resolucao-que-retira-exigencia-de-autoescola-para-cnh\\\/#primaryimage\"},\"thumbnailUrl\":\"https:\\\/\\\/jornalboasnoticias.com.br\\\/home\\\/wp-content\\\/uploads\\\/2025\\\/12\\\/cnh_digital_abr1305223952.webp\",\"datePublished\":\"2025-12-01T19:06:45+00:00\",\"description\":\"Contran aprova resolu\u00e7\u00e3o que retira exig\u00eancia de autoescola para CNH\",\"breadcrumb\":{\"@id\":\"https:\\\/\\\/jornalboasnoticias.com.br\\\/home\\\/contran-aprova-resolucao-que-retira-exigencia-de-autoescola-para-cnh\\\/#breadcrumb\"},\"inLanguage\":\"pt-BR\",\"potentialAction\":[{\"@type\":\"ReadAction\",\"target\":[\"https:\\\/\\\/jornalboasnoticias.com.br\\\/home\\\/contran-aprova-resolucao-que-retira-exigencia-de-autoescola-para-cnh\\\/\"]}]},{\"@type\":\"ImageObject\",\"inLanguage\":\"pt-BR\",\"@id\":\"https:\\\/\\\/jornalboasnoticias.com.br\\\/home\\\/contran-aprova-resolucao-que-retira-exigencia-de-autoescola-para-cnh\\\/#primaryimage\",\"url\":\"https:\\\/\\\/jornalboasnoticias.com.br\\\/home\\\/wp-content\\\/uploads\\\/2025\\\/12\\\/cnh_digital_abr1305223952.webp\",\"contentUrl\":\"https:\\\/\\\/jornalboasnoticias.com.br\\\/home\\\/wp-content\\\/uploads\\\/2025\\\/12\\\/cnh_digital_abr1305223952.webp\",\"width\":1170,\"height\":700,\"caption\":\"\u00a9 Marcello Casal JrAg\u00eancia Brasil\"},{\"@type\":\"BreadcrumbList\",\"@id\":\"https:\\\/\\\/jornalboasnoticias.com.br\\\/home\\\/contran-aprova-resolucao-que-retira-exigencia-de-autoescola-para-cnh\\\/#breadcrumb\",\"itemListElement\":[{\"@type\":\"ListItem\",\"position\":1,\"name\":\"In\u00edcio\",\"item\":\"https:\\\/\\\/jornalboasnoticias.com.br\\\/home\\\/\"},{\"@type\":\"ListItem\",\"position\":2,\"name\":\"Contran aprova resolu\u00e7\u00e3o que retira exig\u00eancia de autoescola para CNH\"}]},{\"@type\":\"WebSite\",\"@id\":\"https:\\\/\\\/jornalboasnoticias.com.br\\\/home\\\/#website\",\"url\":\"https:\\\/\\\/jornalboasnoticias.com.br\\\/home\\\/\",\"name\":\"Jornal Boas Not\u00edcias\",\"description\":\"Boas not\u00edcias\",\"publisher\":{\"@id\":\"https:\\\/\\\/jornalboasnoticias.com.br\\\/home\\\/#organization\"},\"potentialAction\":[{\"@type\":\"SearchAction\",\"target\":{\"@type\":\"EntryPoint\",\"urlTemplate\":\"https:\\\/\\\/jornalboasnoticias.com.br\\\/home\\\/?s={search_term_string}\"},\"query-input\":{\"@type\":\"PropertyValueSpecification\",\"valueRequired\":true,\"valueName\":\"search_term_string\"}}],\"inLanguage\":\"pt-BR\"},{\"@type\":\"Organization\",\"@id\":\"https:\\\/\\\/jornalboasnoticias.com.br\\\/home\\\/#organization\",\"name\":\"Coq Editora Ltda\",\"alternateName\":\"Jornal Boas Noticias\",\"url\":\"https:\\\/\\\/jornalboasnoticias.com.br\\\/home\\\/\",\"logo\":{\"@type\":\"ImageObject\",\"inLanguage\":\"pt-BR\",\"@id\":\"https:\\\/\\\/jornalboasnoticias.com.br\\\/home\\\/#\\\/schema\\\/logo\\\/image\\\/\",\"url\":\"https:\\\/\\\/jornalboasnoticias.com.br\\\/home\\\/wp-content\\\/uploads\\\/2024\\\/07\\\/cropped-logo.jpg\",\"contentUrl\":\"https:\\\/\\\/jornalboasnoticias.com.br\\\/home\\\/wp-content\\\/uploads\\\/2024\\\/07\\\/cropped-logo.jpg\",\"width\":290,\"height\":142,\"caption\":\"Coq Editora Ltda\"},\"image\":{\"@id\":\"https:\\\/\\\/jornalboasnoticias.com.br\\\/home\\\/#\\\/schema\\\/logo\\\/image\\\/\"},\"sameAs\":[\"https:\\\/\\\/www.facebook.com\\\/boasnoticiasjornal\"]},{\"@type\":\"Person\",\"@id\":\"https:\\\/\\\/jornalboasnoticias.com.br\\\/home\\\/#\\\/schema\\\/person\\\/75f9ebde398c998c166475fb446bda62\",\"name\":\"Luiz Carlos da Cruz\",\"image\":{\"@type\":\"ImageObject\",\"inLanguage\":\"pt-BR\",\"@id\":\"https:\\\/\\\/secure.gravatar.com\\\/avatar\\\/e6f4f45301b6cb8572f7b076572e8ac11c1db80e805d8c8d0858cf286ce3ac3b?s=96&d=mm&r=g\",\"url\":\"https:\\\/\\\/secure.gravatar.com\\\/avatar\\\/e6f4f45301b6cb8572f7b076572e8ac11c1db80e805d8c8d0858cf286ce3ac3b?s=96&d=mm&r=g\",\"contentUrl\":\"https:\\\/\\\/secure.gravatar.com\\\/avatar\\\/e6f4f45301b6cb8572f7b076572e8ac11c1db80e805d8c8d0858cf286ce3ac3b?s=96&d=mm&r=g\",\"caption\":\"Luiz Carlos da Cruz\"},\"url\":\"https:\\\/\\\/jornalboasnoticias.com.br\\\/home\\\/author\\\/luiz-carlos-da-cruz\\\/\"}]}<\/script>\n<!-- \/ Yoast SEO plugin. -->","yoast_head_json":{"title":"Contran aprova resolu\u00e7\u00e3o que retira exig\u00eancia de autoescola para CNH - Jornal","description":"Contran aprova resolu\u00e7\u00e3o que retira exig\u00eancia de autoescola para CNH","robots":{"index":"index","follow":"follow","max-snippet":"max-snippet:-1","max-image-preview":"max-image-preview:large","max-video-preview":"max-video-preview:-1"},"canonical":"https:\/\/jornalboasnoticias.com.br\/home\/contran-aprova-resolucao-que-retira-exigencia-de-autoescola-para-cnh\/","og_locale":"pt_BR","og_type":"article","og_title":"Contran aprova resolu\u00e7\u00e3o que retira exig\u00eancia de autoescola para CNH - Jornal","og_description":"Contran aprova resolu\u00e7\u00e3o que retira exig\u00eancia de autoescola para CNH","og_url":"https:\/\/jornalboasnoticias.com.br\/home\/contran-aprova-resolucao-que-retira-exigencia-de-autoescola-para-cnh\/","og_site_name":"Jornal","article_publisher":"https:\/\/www.facebook.com\/boasnoticiasjornal","article_published_time":"2025-12-01T19:06:45+00:00","og_image":[{"width":1170,"height":700,"url":"https:\/\/jornalboasnoticias.com.br\/home\/wp-content\/uploads\/2025\/12\/cnh_digital_abr1305223952.webp","type":"image\/webp"}],"author":"Luiz Carlos da Cruz","twitter_card":"summary_large_image","twitter_misc":{"Escrito por":"Luiz Carlos da Cruz","Est. tempo de leitura":"4 minutos"},"schema":{"@context":"https:\/\/schema.org","@graph":[{"@type":"Article","@id":"https:\/\/jornalboasnoticias.com.br\/home\/contran-aprova-resolucao-que-retira-exigencia-de-autoescola-para-cnh\/#article","isPartOf":{"@id":"https:\/\/jornalboasnoticias.com.br\/home\/contran-aprova-resolucao-que-retira-exigencia-de-autoescola-para-cnh\/"},"author":{"name":"Luiz Carlos da Cruz","@id":"https:\/\/jornalboasnoticias.com.br\/home\/#\/schema\/person\/75f9ebde398c998c166475fb446bda62"},"headline":"Contran aprova resolu\u00e7\u00e3o que retira exig\u00eancia de autoescola para CNH","datePublished":"2025-12-01T19:06:45+00:00","mainEntityOfPage":{"@id":"https:\/\/jornalboasnoticias.com.br\/home\/contran-aprova-resolucao-que-retira-exigencia-de-autoescola-para-cnh\/"},"wordCount":630,"commentCount":0,"publisher":{"@id":"https:\/\/jornalboasnoticias.com.br\/home\/#organization"},"image":{"@id":"https:\/\/jornalboasnoticias.com.br\/home\/contran-aprova-resolucao-que-retira-exigencia-de-autoescola-para-cnh\/#primaryimage"},"thumbnailUrl":"https:\/\/jornalboasnoticias.com.br\/home\/wp-content\/uploads\/2025\/12\/cnh_digital_abr1305223952.webp","articleSection":["DESTAQUE","Geral"],"inLanguage":"pt-BR","potentialAction":[{"@type":"CommentAction","name":"Comment","target":["https:\/\/jornalboasnoticias.com.br\/home\/contran-aprova-resolucao-que-retira-exigencia-de-autoescola-para-cnh\/#respond"]}]},{"@type":"WebPage","@id":"https:\/\/jornalboasnoticias.com.br\/home\/contran-aprova-resolucao-que-retira-exigencia-de-autoescola-para-cnh\/","url":"https:\/\/jornalboasnoticias.com.br\/home\/contran-aprova-resolucao-que-retira-exigencia-de-autoescola-para-cnh\/","name":"Contran aprova resolu\u00e7\u00e3o que retira exig\u00eancia de autoescola para CNH - Jornal","isPartOf":{"@id":"https:\/\/jornalboasnoticias.com.br\/home\/#website"},"primaryImageOfPage":{"@id":"https:\/\/jornalboasnoticias.com.br\/home\/contran-aprova-resolucao-que-retira-exigencia-de-autoescola-para-cnh\/#primaryimage"},"image":{"@id":"https:\/\/jornalboasnoticias.com.br\/home\/contran-aprova-resolucao-que-retira-exigencia-de-autoescola-para-cnh\/#primaryimage"},"thumbnailUrl":"https:\/\/jornalboasnoticias.com.br\/home\/wp-content\/uploads\/2025\/12\/cnh_digital_abr1305223952.webp","datePublished":"2025-12-01T19:06:45+00:00","description":"Contran aprova resolu\u00e7\u00e3o que retira exig\u00eancia de autoescola para CNH","breadcrumb":{"@id":"https:\/\/jornalboasnoticias.com.br\/home\/contran-aprova-resolucao-que-retira-exigencia-de-autoescola-para-cnh\/#breadcrumb"},"inLanguage":"pt-BR","potentialAction":[{"@type":"ReadAction","target":["https:\/\/jornalboasnoticias.com.br\/home\/contran-aprova-resolucao-que-retira-exigencia-de-autoescola-para-cnh\/"]}]},{"@type":"ImageObject","inLanguage":"pt-BR","@id":"https:\/\/jornalboasnoticias.com.br\/home\/contran-aprova-resolucao-que-retira-exigencia-de-autoescola-para-cnh\/#primaryimage","url":"https:\/\/jornalboasnoticias.com.br\/home\/wp-content\/uploads\/2025\/12\/cnh_digital_abr1305223952.webp","contentUrl":"https:\/\/jornalboasnoticias.com.br\/home\/wp-content\/uploads\/2025\/12\/cnh_digital_abr1305223952.webp","width":1170,"height":700,"caption":"\u00a9 Marcello Casal JrAg\u00eancia Brasil"},{"@type":"BreadcrumbList","@id":"https:\/\/jornalboasnoticias.com.br\/home\/contran-aprova-resolucao-que-retira-exigencia-de-autoescola-para-cnh\/#breadcrumb","itemListElement":[{"@type":"ListItem","position":1,"name":"In\u00edcio","item":"https:\/\/jornalboasnoticias.com.br\/home\/"},{"@type":"ListItem","position":2,"name":"Contran aprova resolu\u00e7\u00e3o que retira exig\u00eancia de autoescola para CNH"}]},{"@type":"WebSite","@id":"https:\/\/jornalboasnoticias.com.br\/home\/#website","url":"https:\/\/jornalboasnoticias.com.br\/home\/","name":"Jornal Boas Not\u00edcias","description":"Boas not\u00edcias","publisher":{"@id":"https:\/\/jornalboasnoticias.com.br\/home\/#organization"},"potentialAction":[{"@type":"SearchAction","target":{"@type":"EntryPoint","urlTemplate":"https:\/\/jornalboasnoticias.com.br\/home\/?s={search_term_string}"},"query-input":{"@type":"PropertyValueSpecification","valueRequired":true,"valueName":"search_term_string"}}],"inLanguage":"pt-BR"},{"@type":"Organization","@id":"https:\/\/jornalboasnoticias.com.br\/home\/#organization","name":"Coq Editora Ltda","alternateName":"Jornal Boas Noticias","url":"https:\/\/jornalboasnoticias.com.br\/home\/","logo":{"@type":"ImageObject","inLanguage":"pt-BR","@id":"https:\/\/jornalboasnoticias.com.br\/home\/#\/schema\/logo\/image\/","url":"https:\/\/jornalboasnoticias.com.br\/home\/wp-content\/uploads\/2024\/07\/cropped-logo.jpg","contentUrl":"https:\/\/jornalboasnoticias.com.br\/home\/wp-content\/uploads\/2024\/07\/cropped-logo.jpg","width":290,"height":142,"caption":"Coq Editora Ltda"},"image":{"@id":"https:\/\/jornalboasnoticias.com.br\/home\/#\/schema\/logo\/image\/"},"sameAs":["https:\/\/www.facebook.com\/boasnoticiasjornal"]},{"@type":"Person","@id":"https:\/\/jornalboasnoticias.com.br\/home\/#\/schema\/person\/75f9ebde398c998c166475fb446bda62","name":"Luiz Carlos da Cruz","image":{"@type":"ImageObject","inLanguage":"pt-BR","@id":"https:\/\/secure.gravatar.com\/avatar\/e6f4f45301b6cb8572f7b076572e8ac11c1db80e805d8c8d0858cf286ce3ac3b?s=96&d=mm&r=g","url":"https:\/\/secure.gravatar.com\/avatar\/e6f4f45301b6cb8572f7b076572e8ac11c1db80e805d8c8d0858cf286ce3ac3b?s=96&d=mm&r=g","contentUrl":"https:\/\/secure.gravatar.com\/avatar\/e6f4f45301b6cb8572f7b076572e8ac11c1db80e805d8c8d0858cf286ce3ac3b?s=96&d=mm&r=g","caption":"Luiz Carlos da Cruz"},"url":"https:\/\/jornalboasnoticias.com.br\/home\/author\/luiz-carlos-da-cruz\/"}]}},"_links":{"self":[{"href":"https:\/\/jornalboasnoticias.com.br\/home\/wp-json\/wp\/v2\/posts\/46637","targetHints":{"allow":["GET"]}}],"collection":[{"href":"https:\/\/jornalboasnoticias.com.br\/home\/wp-json\/wp\/v2\/posts"}],"about":[{"href":"https:\/\/jornalboasnoticias.com.br\/home\/wp-json\/wp\/v2\/types\/post"}],"author":[{"embeddable":true,"href":"https:\/\/jornalboasnoticias.com.br\/home\/wp-json\/wp\/v2\/users\/3"}],"replies":[{"embeddable":true,"href":"https:\/\/jornalboasnoticias.com.br\/home\/wp-json\/wp\/v2\/comments?post=46637"}],"version-history":[{"count":1,"href":"https:\/\/jornalboasnoticias.com.br\/home\/wp-json\/wp\/v2\/posts\/46637\/revisions"}],"predecessor-version":[{"id":46639,"href":"https:\/\/jornalboasnoticias.com.br\/home\/wp-json\/wp\/v2\/posts\/46637\/revisions\/46639"}],"wp:featuredmedia":[{"embeddable":true,"href":"https:\/\/jornalboasnoticias.com.br\/home\/wp-json\/wp\/v2\/media\/46638"}],"wp:attachment":[{"href":"https:\/\/jornalboasnoticias.com.br\/home\/wp-json\/wp\/v2\/media?parent=46637"}],"wp:term":[{"taxonomy":"category","embeddable":true,"href":"https:\/\/jornalboasnoticias.com.br\/home\/wp-json\/wp\/v2\/categories?post=46637"},{"taxonomy":"post_tag","embeddable":true,"href":"https:\/\/jornalboasnoticias.com.br\/home\/wp-json\/wp\/v2\/tags?post=46637"}],"curies":[{"name":"wp","href":"https:\/\/api.w.org\/{rel}","templated":true}]}}