{"id":46628,"date":"2025-12-01T17:20:05","date_gmt":"2025-12-01T17:20:05","guid":{"rendered":"https:\/\/jornalboasnoticias.com.br\/home\/?p=46628"},"modified":"2025-12-01T17:21:26","modified_gmt":"2025-12-01T17:21:26","slug":"cohavel-abre-chamamento-a-empresas-para-construcao-de-120-moradias-do-minha-casa-minha-vida","status":"publish","type":"post","link":"https:\/\/jornalboasnoticias.com.br\/home\/cohavel-abre-chamamento-a-empresas-para-construcao-de-120-moradias-do-minha-casa-minha-vida\/","title":{"rendered":"Cohavel abre chamamento a empresas para constru\u00e7\u00e3o de 120 moradias do Minha Casa, Minha Vida"},"content":{"rendered":"<blockquote>\n<p style=\"text-align: center;\">Processo conduzido pela Cohavel viabiliza empreendimento para fam\u00edlias da faixa 2, com empresa respons\u00e1vel desde o projeto at\u00e9 a execu\u00e7\u00e3o das unidades<\/p>\n<\/blockquote>\n<figure id=\"attachment_46630\" aria-describedby=\"caption-attachment-46630\" style=\"width: 1000px\" class=\"wp-caption alignnone\"><img loading=\"lazy\" decoding=\"async\" class=\"size-full wp-image-46630\" src=\"https:\/\/jornalboasnoticias.com.br\/home\/wp-content\/uploads\/2025\/12\/cohavel-cascavel-foto-reproducao-prefeitura-municipal-2-e1764609643395.png\" alt=\"\" width=\"1000\" height=\"645\" \/><figcaption id=\"caption-attachment-46630\" class=\"wp-caption-text\">Divulga\u00e7\u00e3o<\/figcaption><\/figure>\n<p>A Prefeitura de Cascavel, por meio da Cohavel, lan\u00e7ou mais um importante chamamento p\u00fablico que refor\u00e7a a pol\u00edtica habitacional. A iniciativa busca credenciar empresas para a constru\u00e7\u00e3o de moradias populares pelo Programa Minha Casa, Minha Vida \u2013 faixa de renda 2, com recursos do FGTS.<\/p>\n<p>O empreendimento prev\u00ea a constru\u00e7\u00e3o de, no m\u00ednimo, 120 unidades habitacionais destinadas a fam\u00edlias da faixa dois de renda. O terreno onde a obra ser\u00e1 executada j\u00e1 est\u00e1 definido: ser\u00e1 na esquina da Rua 7 de Setembro com a Rua Cuiab\u00e1, na regi\u00e3o central de Cascavel.<\/p>\n<p>De acordo com a Cohavel, diferentemente dos processos tradicionais, este chamamento estabelece um modelo em que a empresa credenciada n\u00e3o apenas executar\u00e1 a obra, mas tamb\u00e9m ser\u00e1 respons\u00e1vel pela elabora\u00e7\u00e3o dos projetos, aprova\u00e7\u00e3o junto aos \u00f3rg\u00e3os competentes e posterior valida\u00e7\u00e3o pela Caixa Econ\u00f4mica Federal. Somente ap\u00f3s essas etapas ser\u00e1 iniciada a execu\u00e7\u00e3o das moradias, garantindo maior controle t\u00e9cnico e alinhamento \u00e0s exig\u00eancias legais e operacionais do programa.<\/p>\n<p>O recebimento das propostas ocorrer\u00e1 por meio de envelope lacrado, na sede da Cohavel, localizada na Rua Paran\u00e1, 2607, Centro, a partir da data de publica\u00e7\u00e3o do edital. A sess\u00e3o p\u00fablica est\u00e1 agendada quarta-feira (3).<\/p>\n<p>O texto integral do edital e demais informa\u00e7\u00f5es podem ser obtidos com a Cohavel, pelos telefones (45) 3039-2265 ou (45) 3039-6699, ou ainda pelo portal de transpar\u00eancia no endere\u00e7o eletr\u00f4nico\u00a0<a href=\"https:\/\/cascavel.atende.net\/transparencia\/item\/licitacoes-gerais\">https:\/\/cascavel.atende.net\/transparencia\/item\/licitacoes-gerais<\/a><\/p>\n<p><em>Prefeitura de Cascavel<\/em><\/p>\n","protected":false},"excerpt":{"rendered":"<p>Processo conduzido pela Cohavel viabiliza empreendimento para fam\u00edlias da faixa 2, com empresa respons\u00e1vel desde<\/p>\n","protected":false},"author":3,"featured_media":46630,"comment_status":"open","ping_status":"open","sticky":false,"template":"","format":"standard","meta":{"footnotes":""},"categories":[2,3],"tags":[],"class_list":["post-46628","post","type-post","status-publish","format-standard","has-post-thumbnail","hentry","category-cascavel","category-destaques"],"yoast_head":"<!-- This site is optimized with the Yoast SEO plugin v27.5 - https:\/\/yoast.com\/product\/yoast-seo-wordpress\/ -->\n<title>Cohavel abre chamamento a empresas para constru\u00e7\u00e3o de 120 moradias do Minha Casa, Minha Vida - Jornal<\/title>\n<meta name=\"description\" content=\"Cohavel abre chamamento a empresas para constru\u00e7\u00e3o de 120 moradias do Minha Casa, Minha Vida\" \/>\n<meta name=\"robots\" content=\"index, follow, max-snippet:-1, max-image-preview:large, max-video-preview:-1\" \/>\n<link rel=\"canonical\" href=\"https:\/\/jornalboasnoticias.com.br\/home\/cohavel-abre-chamamento-a-empresas-para-construcao-de-120-moradias-do-minha-casa-minha-vida\/\" \/>\n<meta property=\"og:locale\" content=\"pt_BR\" \/>\n<meta property=\"og:type\" content=\"article\" \/>\n<meta property=\"og:title\" content=\"Cohavel abre chamamento a empresas para constru\u00e7\u00e3o de 120 moradias do Minha Casa, Minha Vida - Jornal\" \/>\n<meta property=\"og:description\" content=\"Cohavel abre chamamento a empresas para constru\u00e7\u00e3o de 120 moradias do Minha Casa, Minha Vida\" \/>\n<meta property=\"og:url\" content=\"https:\/\/jornalboasnoticias.com.br\/home\/cohavel-abre-chamamento-a-empresas-para-construcao-de-120-moradias-do-minha-casa-minha-vida\/\" \/>\n<meta property=\"og:site_name\" content=\"Jornal\" \/>\n<meta property=\"article:publisher\" content=\"https:\/\/www.facebook.com\/boasnoticiasjornal\" \/>\n<meta property=\"article:published_time\" content=\"2025-12-01T17:20:05+00:00\" \/>\n<meta property=\"article:modified_time\" content=\"2025-12-01T17:21:26+00:00\" \/>\n<meta property=\"og:image\" content=\"https:\/\/jornalboasnoticias.com.br\/home\/wp-content\/uploads\/2025\/12\/cohavel-cascavel-foto-reproducao-prefeitura-municipal-2-e1764609643395.png\" \/>\n\t<meta property=\"og:image:width\" content=\"1000\" \/>\n\t<meta property=\"og:image:height\" content=\"645\" \/>\n\t<meta property=\"og:image:type\" content=\"image\/png\" \/>\n<meta name=\"author\" content=\"Luiz Carlos da Cruz\" \/>\n<meta name=\"twitter:card\" content=\"summary_large_image\" \/>\n<meta name=\"twitter:label1\" content=\"Escrito por\" \/>\n\t<meta name=\"twitter:data1\" content=\"Luiz Carlos da Cruz\" \/>\n\t<meta name=\"twitter:label2\" content=\"Est. tempo de leitura\" \/>\n\t<meta name=\"twitter:data2\" content=\"2 minutos\" \/>\n<script type=\"application\/ld+json\" class=\"yoast-schema-graph\">{\"@context\":\"https:\\\/\\\/schema.org\",\"@graph\":[{\"@type\":\"Article\",\"@id\":\"https:\\\/\\\/jornalboasnoticias.com.br\\\/home\\\/cohavel-abre-chamamento-a-empresas-para-construcao-de-120-moradias-do-minha-casa-minha-vida\\\/#article\",\"isPartOf\":{\"@id\":\"https:\\\/\\\/jornalboasnoticias.com.br\\\/home\\\/cohavel-abre-chamamento-a-empresas-para-construcao-de-120-moradias-do-minha-casa-minha-vida\\\/\"},\"author\":{\"name\":\"Luiz Carlos da Cruz\",\"@id\":\"https:\\\/\\\/jornalboasnoticias.com.br\\\/home\\\/#\\\/schema\\\/person\\\/75f9ebde398c998c166475fb446bda62\"},\"headline\":\"Cohavel abre chamamento a empresas para constru\u00e7\u00e3o de 120 moradias do Minha Casa, Minha Vida\",\"datePublished\":\"2025-12-01T17:20:05+00:00\",\"dateModified\":\"2025-12-01T17:21:26+00:00\",\"mainEntityOfPage\":{\"@id\":\"https:\\\/\\\/jornalboasnoticias.com.br\\\/home\\\/cohavel-abre-chamamento-a-empresas-para-construcao-de-120-moradias-do-minha-casa-minha-vida\\\/\"},\"wordCount\":301,\"commentCount\":0,\"publisher\":{\"@id\":\"https:\\\/\\\/jornalboasnoticias.com.br\\\/home\\\/#organization\"},\"image\":{\"@id\":\"https:\\\/\\\/jornalboasnoticias.com.br\\\/home\\\/cohavel-abre-chamamento-a-empresas-para-construcao-de-120-moradias-do-minha-casa-minha-vida\\\/#primaryimage\"},\"thumbnailUrl\":\"https:\\\/\\\/jornalboasnoticias.com.br\\\/home\\\/wp-content\\\/uploads\\\/2025\\\/12\\\/cohavel-cascavel-foto-reproducao-prefeitura-municipal-2-e1764609643395.png\",\"articleSection\":[\"CASCAVEL\",\"DESTAQUE\"],\"inLanguage\":\"pt-BR\",\"potentialAction\":[{\"@type\":\"CommentAction\",\"name\":\"Comment\",\"target\":[\"https:\\\/\\\/jornalboasnoticias.com.br\\\/home\\\/cohavel-abre-chamamento-a-empresas-para-construcao-de-120-moradias-do-minha-casa-minha-vida\\\/#respond\"]}]},{\"@type\":\"WebPage\",\"@id\":\"https:\\\/\\\/jornalboasnoticias.com.br\\\/home\\\/cohavel-abre-chamamento-a-empresas-para-construcao-de-120-moradias-do-minha-casa-minha-vida\\\/\",\"url\":\"https:\\\/\\\/jornalboasnoticias.com.br\\\/home\\\/cohavel-abre-chamamento-a-empresas-para-construcao-de-120-moradias-do-minha-casa-minha-vida\\\/\",\"name\":\"Cohavel abre chamamento a empresas para constru\u00e7\u00e3o de 120 moradias do Minha Casa, Minha Vida - Jornal\",\"isPartOf\":{\"@id\":\"https:\\\/\\\/jornalboasnoticias.com.br\\\/home\\\/#website\"},\"primaryImageOfPage\":{\"@id\":\"https:\\\/\\\/jornalboasnoticias.com.br\\\/home\\\/cohavel-abre-chamamento-a-empresas-para-construcao-de-120-moradias-do-minha-casa-minha-vida\\\/#primaryimage\"},\"image\":{\"@id\":\"https:\\\/\\\/jornalboasnoticias.com.br\\\/home\\\/cohavel-abre-chamamento-a-empresas-para-construcao-de-120-moradias-do-minha-casa-minha-vida\\\/#primaryimage\"},\"thumbnailUrl\":\"https:\\\/\\\/jornalboasnoticias.com.br\\\/home\\\/wp-content\\\/uploads\\\/2025\\\/12\\\/cohavel-cascavel-foto-reproducao-prefeitura-municipal-2-e1764609643395.png\",\"datePublished\":\"2025-12-01T17:20:05+00:00\",\"dateModified\":\"2025-12-01T17:21:26+00:00\",\"description\":\"Cohavel abre chamamento a empresas para constru\u00e7\u00e3o de 120 moradias do Minha Casa, Minha Vida\",\"breadcrumb\":{\"@id\":\"https:\\\/\\\/jornalboasnoticias.com.br\\\/home\\\/cohavel-abre-chamamento-a-empresas-para-construcao-de-120-moradias-do-minha-casa-minha-vida\\\/#breadcrumb\"},\"inLanguage\":\"pt-BR\",\"potentialAction\":[{\"@type\":\"ReadAction\",\"target\":[\"https:\\\/\\\/jornalboasnoticias.com.br\\\/home\\\/cohavel-abre-chamamento-a-empresas-para-construcao-de-120-moradias-do-minha-casa-minha-vida\\\/\"]}]},{\"@type\":\"ImageObject\",\"inLanguage\":\"pt-BR\",\"@id\":\"https:\\\/\\\/jornalboasnoticias.com.br\\\/home\\\/cohavel-abre-chamamento-a-empresas-para-construcao-de-120-moradias-do-minha-casa-minha-vida\\\/#primaryimage\",\"url\":\"https:\\\/\\\/jornalboasnoticias.com.br\\\/home\\\/wp-content\\\/uploads\\\/2025\\\/12\\\/cohavel-cascavel-foto-reproducao-prefeitura-municipal-2-e1764609643395.png\",\"contentUrl\":\"https:\\\/\\\/jornalboasnoticias.com.br\\\/home\\\/wp-content\\\/uploads\\\/2025\\\/12\\\/cohavel-cascavel-foto-reproducao-prefeitura-municipal-2-e1764609643395.png\",\"width\":1000,\"height\":645,\"caption\":\"Divulga\u00e7\u00e3o\"},{\"@type\":\"BreadcrumbList\",\"@id\":\"https:\\\/\\\/jornalboasnoticias.com.br\\\/home\\\/cohavel-abre-chamamento-a-empresas-para-construcao-de-120-moradias-do-minha-casa-minha-vida\\\/#breadcrumb\",\"itemListElement\":[{\"@type\":\"ListItem\",\"position\":1,\"name\":\"In\u00edcio\",\"item\":\"https:\\\/\\\/jornalboasnoticias.com.br\\\/home\\\/\"},{\"@type\":\"ListItem\",\"position\":2,\"name\":\"Cohavel abre chamamento a empresas para constru\u00e7\u00e3o de 120 moradias do Minha Casa, Minha Vida\"}]},{\"@type\":\"WebSite\",\"@id\":\"https:\\\/\\\/jornalboasnoticias.com.br\\\/home\\\/#website\",\"url\":\"https:\\\/\\\/jornalboasnoticias.com.br\\\/home\\\/\",\"name\":\"Jornal Boas Not\u00edcias\",\"description\":\"Boas not\u00edcias\",\"publisher\":{\"@id\":\"https:\\\/\\\/jornalboasnoticias.com.br\\\/home\\\/#organization\"},\"potentialAction\":[{\"@type\":\"SearchAction\",\"target\":{\"@type\":\"EntryPoint\",\"urlTemplate\":\"https:\\\/\\\/jornalboasnoticias.com.br\\\/home\\\/?s={search_term_string}\"},\"query-input\":{\"@type\":\"PropertyValueSpecification\",\"valueRequired\":true,\"valueName\":\"search_term_string\"}}],\"inLanguage\":\"pt-BR\"},{\"@type\":\"Organization\",\"@id\":\"https:\\\/\\\/jornalboasnoticias.com.br\\\/home\\\/#organization\",\"name\":\"Coq Editora Ltda\",\"alternateName\":\"Jornal Boas Noticias\",\"url\":\"https:\\\/\\\/jornalboasnoticias.com.br\\\/home\\\/\",\"logo\":{\"@type\":\"ImageObject\",\"inLanguage\":\"pt-BR\",\"@id\":\"https:\\\/\\\/jornalboasnoticias.com.br\\\/home\\\/#\\\/schema\\\/logo\\\/image\\\/\",\"url\":\"https:\\\/\\\/jornalboasnoticias.com.br\\\/home\\\/wp-content\\\/uploads\\\/2024\\\/07\\\/cropped-logo.jpg\",\"contentUrl\":\"https:\\\/\\\/jornalboasnoticias.com.br\\\/home\\\/wp-content\\\/uploads\\\/2024\\\/07\\\/cropped-logo.jpg\",\"width\":290,\"height\":142,\"caption\":\"Coq Editora Ltda\"},\"image\":{\"@id\":\"https:\\\/\\\/jornalboasnoticias.com.br\\\/home\\\/#\\\/schema\\\/logo\\\/image\\\/\"},\"sameAs\":[\"https:\\\/\\\/www.facebook.com\\\/boasnoticiasjornal\"]},{\"@type\":\"Person\",\"@id\":\"https:\\\/\\\/jornalboasnoticias.com.br\\\/home\\\/#\\\/schema\\\/person\\\/75f9ebde398c998c166475fb446bda62\",\"name\":\"Luiz Carlos da Cruz\",\"image\":{\"@type\":\"ImageObject\",\"inLanguage\":\"pt-BR\",\"@id\":\"https:\\\/\\\/secure.gravatar.com\\\/avatar\\\/e6f4f45301b6cb8572f7b076572e8ac11c1db80e805d8c8d0858cf286ce3ac3b?s=96&d=mm&r=g\",\"url\":\"https:\\\/\\\/secure.gravatar.com\\\/avatar\\\/e6f4f45301b6cb8572f7b076572e8ac11c1db80e805d8c8d0858cf286ce3ac3b?s=96&d=mm&r=g\",\"contentUrl\":\"https:\\\/\\\/secure.gravatar.com\\\/avatar\\\/e6f4f45301b6cb8572f7b076572e8ac11c1db80e805d8c8d0858cf286ce3ac3b?s=96&d=mm&r=g\",\"caption\":\"Luiz Carlos da Cruz\"},\"url\":\"https:\\\/\\\/jornalboasnoticias.com.br\\\/home\\\/author\\\/luiz-carlos-da-cruz\\\/\"}]}<\/script>\n<!-- \/ Yoast SEO plugin. -->","yoast_head_json":{"title":"Cohavel abre chamamento a empresas para constru\u00e7\u00e3o de 120 moradias do Minha Casa, Minha Vida - Jornal","description":"Cohavel abre chamamento a empresas para constru\u00e7\u00e3o de 120 moradias do Minha Casa, Minha Vida","robots":{"index":"index","follow":"follow","max-snippet":"max-snippet:-1","max-image-preview":"max-image-preview:large","max-video-preview":"max-video-preview:-1"},"canonical":"https:\/\/jornalboasnoticias.com.br\/home\/cohavel-abre-chamamento-a-empresas-para-construcao-de-120-moradias-do-minha-casa-minha-vida\/","og_locale":"pt_BR","og_type":"article","og_title":"Cohavel abre chamamento a empresas para constru\u00e7\u00e3o de 120 moradias do Minha Casa, Minha Vida - Jornal","og_description":"Cohavel abre chamamento a empresas para constru\u00e7\u00e3o de 120 moradias do Minha Casa, Minha Vida","og_url":"https:\/\/jornalboasnoticias.com.br\/home\/cohavel-abre-chamamento-a-empresas-para-construcao-de-120-moradias-do-minha-casa-minha-vida\/","og_site_name":"Jornal","article_publisher":"https:\/\/www.facebook.com\/boasnoticiasjornal","article_published_time":"2025-12-01T17:20:05+00:00","article_modified_time":"2025-12-01T17:21:26+00:00","og_image":[{"width":1000,"height":645,"url":"https:\/\/jornalboasnoticias.com.br\/home\/wp-content\/uploads\/2025\/12\/cohavel-cascavel-foto-reproducao-prefeitura-municipal-2-e1764609643395.png","type":"image\/png"}],"author":"Luiz Carlos da Cruz","twitter_card":"summary_large_image","twitter_misc":{"Escrito por":"Luiz Carlos da Cruz","Est. tempo de leitura":"2 minutos"},"schema":{"@context":"https:\/\/schema.org","@graph":[{"@type":"Article","@id":"https:\/\/jornalboasnoticias.com.br\/home\/cohavel-abre-chamamento-a-empresas-para-construcao-de-120-moradias-do-minha-casa-minha-vida\/#article","isPartOf":{"@id":"https:\/\/jornalboasnoticias.com.br\/home\/cohavel-abre-chamamento-a-empresas-para-construcao-de-120-moradias-do-minha-casa-minha-vida\/"},"author":{"name":"Luiz Carlos da Cruz","@id":"https:\/\/jornalboasnoticias.com.br\/home\/#\/schema\/person\/75f9ebde398c998c166475fb446bda62"},"headline":"Cohavel abre chamamento a empresas para constru\u00e7\u00e3o de 120 moradias do Minha Casa, Minha Vida","datePublished":"2025-12-01T17:20:05+00:00","dateModified":"2025-12-01T17:21:26+00:00","mainEntityOfPage":{"@id":"https:\/\/jornalboasnoticias.com.br\/home\/cohavel-abre-chamamento-a-empresas-para-construcao-de-120-moradias-do-minha-casa-minha-vida\/"},"wordCount":301,"commentCount":0,"publisher":{"@id":"https:\/\/jornalboasnoticias.com.br\/home\/#organization"},"image":{"@id":"https:\/\/jornalboasnoticias.com.br\/home\/cohavel-abre-chamamento-a-empresas-para-construcao-de-120-moradias-do-minha-casa-minha-vida\/#primaryimage"},"thumbnailUrl":"https:\/\/jornalboasnoticias.com.br\/home\/wp-content\/uploads\/2025\/12\/cohavel-cascavel-foto-reproducao-prefeitura-municipal-2-e1764609643395.png","articleSection":["CASCAVEL","DESTAQUE"],"inLanguage":"pt-BR","potentialAction":[{"@type":"CommentAction","name":"Comment","target":["https:\/\/jornalboasnoticias.com.br\/home\/cohavel-abre-chamamento-a-empresas-para-construcao-de-120-moradias-do-minha-casa-minha-vida\/#respond"]}]},{"@type":"WebPage","@id":"https:\/\/jornalboasnoticias.com.br\/home\/cohavel-abre-chamamento-a-empresas-para-construcao-de-120-moradias-do-minha-casa-minha-vida\/","url":"https:\/\/jornalboasnoticias.com.br\/home\/cohavel-abre-chamamento-a-empresas-para-construcao-de-120-moradias-do-minha-casa-minha-vida\/","name":"Cohavel abre chamamento a empresas para constru\u00e7\u00e3o de 120 moradias do Minha Casa, Minha Vida - Jornal","isPartOf":{"@id":"https:\/\/jornalboasnoticias.com.br\/home\/#website"},"primaryImageOfPage":{"@id":"https:\/\/jornalboasnoticias.com.br\/home\/cohavel-abre-chamamento-a-empresas-para-construcao-de-120-moradias-do-minha-casa-minha-vida\/#primaryimage"},"image":{"@id":"https:\/\/jornalboasnoticias.com.br\/home\/cohavel-abre-chamamento-a-empresas-para-construcao-de-120-moradias-do-minha-casa-minha-vida\/#primaryimage"},"thumbnailUrl":"https:\/\/jornalboasnoticias.com.br\/home\/wp-content\/uploads\/2025\/12\/cohavel-cascavel-foto-reproducao-prefeitura-municipal-2-e1764609643395.png","datePublished":"2025-12-01T17:20:05+00:00","dateModified":"2025-12-01T17:21:26+00:00","description":"Cohavel abre chamamento a empresas para constru\u00e7\u00e3o de 120 moradias do Minha Casa, Minha Vida","breadcrumb":{"@id":"https:\/\/jornalboasnoticias.com.br\/home\/cohavel-abre-chamamento-a-empresas-para-construcao-de-120-moradias-do-minha-casa-minha-vida\/#breadcrumb"},"inLanguage":"pt-BR","potentialAction":[{"@type":"ReadAction","target":["https:\/\/jornalboasnoticias.com.br\/home\/cohavel-abre-chamamento-a-empresas-para-construcao-de-120-moradias-do-minha-casa-minha-vida\/"]}]},{"@type":"ImageObject","inLanguage":"pt-BR","@id":"https:\/\/jornalboasnoticias.com.br\/home\/cohavel-abre-chamamento-a-empresas-para-construcao-de-120-moradias-do-minha-casa-minha-vida\/#primaryimage","url":"https:\/\/jornalboasnoticias.com.br\/home\/wp-content\/uploads\/2025\/12\/cohavel-cascavel-foto-reproducao-prefeitura-municipal-2-e1764609643395.png","contentUrl":"https:\/\/jornalboasnoticias.com.br\/home\/wp-content\/uploads\/2025\/12\/cohavel-cascavel-foto-reproducao-prefeitura-municipal-2-e1764609643395.png","width":1000,"height":645,"caption":"Divulga\u00e7\u00e3o"},{"@type":"BreadcrumbList","@id":"https:\/\/jornalboasnoticias.com.br\/home\/cohavel-abre-chamamento-a-empresas-para-construcao-de-120-moradias-do-minha-casa-minha-vida\/#breadcrumb","itemListElement":[{"@type":"ListItem","position":1,"name":"In\u00edcio","item":"https:\/\/jornalboasnoticias.com.br\/home\/"},{"@type":"ListItem","position":2,"name":"Cohavel abre chamamento a empresas para constru\u00e7\u00e3o de 120 moradias do Minha Casa, Minha Vida"}]},{"@type":"WebSite","@id":"https:\/\/jornalboasnoticias.com.br\/home\/#website","url":"https:\/\/jornalboasnoticias.com.br\/home\/","name":"Jornal Boas Not\u00edcias","description":"Boas not\u00edcias","publisher":{"@id":"https:\/\/jornalboasnoticias.com.br\/home\/#organization"},"potentialAction":[{"@type":"SearchAction","target":{"@type":"EntryPoint","urlTemplate":"https:\/\/jornalboasnoticias.com.br\/home\/?s={search_term_string}"},"query-input":{"@type":"PropertyValueSpecification","valueRequired":true,"valueName":"search_term_string"}}],"inLanguage":"pt-BR"},{"@type":"Organization","@id":"https:\/\/jornalboasnoticias.com.br\/home\/#organization","name":"Coq Editora Ltda","alternateName":"Jornal Boas Noticias","url":"https:\/\/jornalboasnoticias.com.br\/home\/","logo":{"@type":"ImageObject","inLanguage":"pt-BR","@id":"https:\/\/jornalboasnoticias.com.br\/home\/#\/schema\/logo\/image\/","url":"https:\/\/jornalboasnoticias.com.br\/home\/wp-content\/uploads\/2024\/07\/cropped-logo.jpg","contentUrl":"https:\/\/jornalboasnoticias.com.br\/home\/wp-content\/uploads\/2024\/07\/cropped-logo.jpg","width":290,"height":142,"caption":"Coq Editora Ltda"},"image":{"@id":"https:\/\/jornalboasnoticias.com.br\/home\/#\/schema\/logo\/image\/"},"sameAs":["https:\/\/www.facebook.com\/boasnoticiasjornal"]},{"@type":"Person","@id":"https:\/\/jornalboasnoticias.com.br\/home\/#\/schema\/person\/75f9ebde398c998c166475fb446bda62","name":"Luiz Carlos da Cruz","image":{"@type":"ImageObject","inLanguage":"pt-BR","@id":"https:\/\/secure.gravatar.com\/avatar\/e6f4f45301b6cb8572f7b076572e8ac11c1db80e805d8c8d0858cf286ce3ac3b?s=96&d=mm&r=g","url":"https:\/\/secure.gravatar.com\/avatar\/e6f4f45301b6cb8572f7b076572e8ac11c1db80e805d8c8d0858cf286ce3ac3b?s=96&d=mm&r=g","contentUrl":"https:\/\/secure.gravatar.com\/avatar\/e6f4f45301b6cb8572f7b076572e8ac11c1db80e805d8c8d0858cf286ce3ac3b?s=96&d=mm&r=g","caption":"Luiz Carlos da Cruz"},"url":"https:\/\/jornalboasnoticias.com.br\/home\/author\/luiz-carlos-da-cruz\/"}]}},"_links":{"self":[{"href":"https:\/\/jornalboasnoticias.com.br\/home\/wp-json\/wp\/v2\/posts\/46628","targetHints":{"allow":["GET"]}}],"collection":[{"href":"https:\/\/jornalboasnoticias.com.br\/home\/wp-json\/wp\/v2\/posts"}],"about":[{"href":"https:\/\/jornalboasnoticias.com.br\/home\/wp-json\/wp\/v2\/types\/post"}],"author":[{"embeddable":true,"href":"https:\/\/jornalboasnoticias.com.br\/home\/wp-json\/wp\/v2\/users\/3"}],"replies":[{"embeddable":true,"href":"https:\/\/jornalboasnoticias.com.br\/home\/wp-json\/wp\/v2\/comments?post=46628"}],"version-history":[{"count":2,"href":"https:\/\/jornalboasnoticias.com.br\/home\/wp-json\/wp\/v2\/posts\/46628\/revisions"}],"predecessor-version":[{"id":46632,"href":"https:\/\/jornalboasnoticias.com.br\/home\/wp-json\/wp\/v2\/posts\/46628\/revisions\/46632"}],"wp:featuredmedia":[{"embeddable":true,"href":"https:\/\/jornalboasnoticias.com.br\/home\/wp-json\/wp\/v2\/media\/46630"}],"wp:attachment":[{"href":"https:\/\/jornalboasnoticias.com.br\/home\/wp-json\/wp\/v2\/media?parent=46628"}],"wp:term":[{"taxonomy":"category","embeddable":true,"href":"https:\/\/jornalboasnoticias.com.br\/home\/wp-json\/wp\/v2\/categories?post=46628"},{"taxonomy":"post_tag","embeddable":true,"href":"https:\/\/jornalboasnoticias.com.br\/home\/wp-json\/wp\/v2\/tags?post=46628"}],"curies":[{"name":"wp","href":"https:\/\/api.w.org\/{rel}","templated":true}]}}