{"id":46625,"date":"2025-12-01T15:31:23","date_gmt":"2025-12-01T15:31:23","guid":{"rendered":"https:\/\/jornalboasnoticias.com.br\/home\/?p=46625"},"modified":"2025-12-01T15:31:23","modified_gmt":"2025-12-01T15:31:23","slug":"brasileirao-betano-2025-ja-tem-7-classificados-para-a-copa-libertadores-de-2026","status":"publish","type":"post","link":"https:\/\/jornalboasnoticias.com.br\/home\/brasileirao-betano-2025-ja-tem-7-classificados-para-a-copa-libertadores-de-2026\/","title":{"rendered":"Brasileir\u00e3o Betano 2025 j\u00e1 tem 7 classificados para a Copa Libertadores de 2026"},"content":{"rendered":"<blockquote>\n<p style=\"text-align: center;\">Com o t\u00edtulo do Flamengo na Libertadores de 2025, mais uma vaga se abriu via S\u00e9rie A para o torneio sul-americano de 2026<\/p>\n<\/blockquote>\n<figure id=\"attachment_46626\" aria-describedby=\"caption-attachment-46626\" style=\"width: 1000px\" class=\"wp-caption alignnone\"><img loading=\"lazy\" decoding=\"async\" class=\"size-full wp-image-46626\" src=\"https:\/\/jornalboasnoticias.com.br\/home\/wp-content\/uploads\/2025\/12\/Pedro-Zacchi_Agencia-Mirassol-1-scaled-e1764603017533.jpg\" alt=\"\" width=\"1000\" height=\"667\" \/><figcaption id=\"caption-attachment-46626\" class=\"wp-caption-text\">Cr\u00e9ditos: Pedro Zacchi\/Ag\u00eancia Mirassol<\/figcaption><\/figure>\n<p>A 36\u00aa rodada do Brasileir\u00e3o Betano terminou nesse domingo (30) com algumas defini\u00e7\u00f5es importantes. Na disputa pelo t\u00edtulo, o Flamengo abriu vantagem sobre o Palmeiras (5 pontos) e pode ser campe\u00e3o na pr\u00f3xima quarta-feira (3) com um empate ou at\u00e9 mesmo com derrota, caso o Palmeiras n\u00e3o ganhe do Atl\u00e9tico-MG em Belo Horizonte.<\/p>\n<p>Fluminense e Bahia garantiram suas classifica\u00e7\u00f5es para a pr\u00f3xima edi\u00e7\u00e3o da Copa Libertadores de 2026. O Tricolor carioca goleou o S\u00e3o Paulo por 6 x 0 e segue ainda por uma vaga direta na fase de grupos da Libertadores do ano que vem. J\u00e1 o tricolor baiano empatou com o Juventude por 1 x 1 em Caxias do Sul e vai para sua segunda participa\u00e7\u00e3o seguida na Libertadores.<\/p>\n<p>Assim, o futebol brasileiro j\u00e1 tem sete clubes confirmados na pr\u00f3xima edi\u00e7\u00e3o: Flamengo (que conquistou a Copa Libertadores de 2025 no \u00faltimo s\u00e1bado (29) em cima do Palmeiras, em Lima); Palmeiras, Cruzeiro, Mirassol, Botafogo, Fluminense e Bahia.<\/p>\n<p>Flamengo, Palmeiras e Cruzeiro j\u00e1 est\u00e3o garantidos na fase de grupos. Outros quatro clubes ainda brigam por uma das duas vagas tamb\u00e9m na fase de grupos da pr\u00f3xima edi\u00e7\u00e3o da Libertadores: Mirassol (63 pontos), Botafogo (59), Fluminense (58) e Bahia (57).<\/p>\n<p>Vale lembrar que mais um clube brasileiro vai se classificar para a fase de grupos da pr\u00f3xima Libertadores via Copa do Brasil, que est\u00e1 nas semifinais: Cruzeiro x Corinthians e Vasco x Fluminense. Caso Fluminense ou Cruzeiro ganhem a Copa do Brasil, mais uma vaga ir\u00e1 se abrir pelo Brasileir\u00e3o Betano.<\/p>\n<p>Nesse cen\u00e1rio, sete clubes ainda podem ter chances de classifica\u00e7\u00e3o para a fase preliminar do torneio sul-americano em 2026: S\u00e3o Paulo (48), Corinthians (46), Gr\u00eamio (46), Vasco (45), Red Bull Bragantino (45), Atl\u00e9tico-MG (45) e Cear\u00e1 (43).<\/p>\n<p><em>Informa\u00e7\u00f5es CBF<\/em><\/p>\n","protected":false},"excerpt":{"rendered":"<p>Com o t\u00edtulo do Flamengo na Libertadores de 2025, mais uma vaga se abriu via<\/p>\n","protected":false},"author":3,"featured_media":46626,"comment_status":"open","ping_status":"open","sticky":false,"template":"","format":"standard","meta":{"footnotes":""},"categories":[3,31],"tags":[],"class_list":["post-46625","post","type-post","status-publish","format-standard","has-post-thumbnail","hentry","category-destaques","category-esporte"],"yoast_head":"<!-- This site is optimized with the Yoast SEO plugin v27.5 - https:\/\/yoast.com\/product\/yoast-seo-wordpress\/ -->\n<title>Brasileir\u00e3o Betano 2025 j\u00e1 tem 7 classificados para a Copa Libertadores de 2026 - Jornal<\/title>\n<meta name=\"description\" content=\"Brasileir\u00e3o Betano 2025 j\u00e1 tem 7 classificados para a Copa Libertadores de 2026\" \/>\n<meta name=\"robots\" content=\"index, follow, max-snippet:-1, max-image-preview:large, max-video-preview:-1\" \/>\n<link rel=\"canonical\" href=\"https:\/\/jornalboasnoticias.com.br\/home\/brasileirao-betano-2025-ja-tem-7-classificados-para-a-copa-libertadores-de-2026\/\" \/>\n<meta property=\"og:locale\" content=\"pt_BR\" \/>\n<meta property=\"og:type\" content=\"article\" \/>\n<meta property=\"og:title\" content=\"Brasileir\u00e3o Betano 2025 j\u00e1 tem 7 classificados para a Copa Libertadores de 2026 - Jornal\" \/>\n<meta property=\"og:description\" content=\"Brasileir\u00e3o Betano 2025 j\u00e1 tem 7 classificados para a Copa Libertadores de 2026\" \/>\n<meta property=\"og:url\" content=\"https:\/\/jornalboasnoticias.com.br\/home\/brasileirao-betano-2025-ja-tem-7-classificados-para-a-copa-libertadores-de-2026\/\" \/>\n<meta property=\"og:site_name\" content=\"Jornal\" \/>\n<meta property=\"article:publisher\" content=\"https:\/\/www.facebook.com\/boasnoticiasjornal\" \/>\n<meta property=\"article:published_time\" content=\"2025-12-01T15:31:23+00:00\" \/>\n<meta property=\"og:image\" content=\"https:\/\/jornalboasnoticias.com.br\/home\/wp-content\/uploads\/2025\/12\/Pedro-Zacchi_Agencia-Mirassol-1-scaled-e1764603017533.jpg\" \/>\n\t<meta property=\"og:image:width\" content=\"1000\" \/>\n\t<meta property=\"og:image:height\" content=\"667\" \/>\n\t<meta property=\"og:image:type\" content=\"image\/jpeg\" \/>\n<meta name=\"author\" content=\"Luiz Carlos da Cruz\" \/>\n<meta name=\"twitter:card\" content=\"summary_large_image\" \/>\n<meta name=\"twitter:label1\" content=\"Escrito por\" \/>\n\t<meta name=\"twitter:data1\" content=\"Luiz Carlos da Cruz\" \/>\n\t<meta name=\"twitter:label2\" content=\"Est. tempo de leitura\" \/>\n\t<meta name=\"twitter:data2\" content=\"3 minutos\" \/>\n<script type=\"application\/ld+json\" class=\"yoast-schema-graph\">{\"@context\":\"https:\\\/\\\/schema.org\",\"@graph\":[{\"@type\":\"Article\",\"@id\":\"https:\\\/\\\/jornalboasnoticias.com.br\\\/home\\\/brasileirao-betano-2025-ja-tem-7-classificados-para-a-copa-libertadores-de-2026\\\/#article\",\"isPartOf\":{\"@id\":\"https:\\\/\\\/jornalboasnoticias.com.br\\\/home\\\/brasileirao-betano-2025-ja-tem-7-classificados-para-a-copa-libertadores-de-2026\\\/\"},\"author\":{\"name\":\"Luiz Carlos da Cruz\",\"@id\":\"https:\\\/\\\/jornalboasnoticias.com.br\\\/home\\\/#\\\/schema\\\/person\\\/75f9ebde398c998c166475fb446bda62\"},\"headline\":\"Brasileir\u00e3o Betano 2025 j\u00e1 tem 7 classificados para a Copa Libertadores de 2026\",\"datePublished\":\"2025-12-01T15:31:23+00:00\",\"mainEntityOfPage\":{\"@id\":\"https:\\\/\\\/jornalboasnoticias.com.br\\\/home\\\/brasileirao-betano-2025-ja-tem-7-classificados-para-a-copa-libertadores-de-2026\\\/\"},\"wordCount\":341,\"commentCount\":0,\"publisher\":{\"@id\":\"https:\\\/\\\/jornalboasnoticias.com.br\\\/home\\\/#organization\"},\"image\":{\"@id\":\"https:\\\/\\\/jornalboasnoticias.com.br\\\/home\\\/brasileirao-betano-2025-ja-tem-7-classificados-para-a-copa-libertadores-de-2026\\\/#primaryimage\"},\"thumbnailUrl\":\"https:\\\/\\\/jornalboasnoticias.com.br\\\/home\\\/wp-content\\\/uploads\\\/2025\\\/12\\\/Pedro-Zacchi_Agencia-Mirassol-1-scaled-e1764603017533.jpg\",\"articleSection\":[\"DESTAQUE\",\"ESPORTE\"],\"inLanguage\":\"pt-BR\",\"potentialAction\":[{\"@type\":\"CommentAction\",\"name\":\"Comment\",\"target\":[\"https:\\\/\\\/jornalboasnoticias.com.br\\\/home\\\/brasileirao-betano-2025-ja-tem-7-classificados-para-a-copa-libertadores-de-2026\\\/#respond\"]}]},{\"@type\":\"WebPage\",\"@id\":\"https:\\\/\\\/jornalboasnoticias.com.br\\\/home\\\/brasileirao-betano-2025-ja-tem-7-classificados-para-a-copa-libertadores-de-2026\\\/\",\"url\":\"https:\\\/\\\/jornalboasnoticias.com.br\\\/home\\\/brasileirao-betano-2025-ja-tem-7-classificados-para-a-copa-libertadores-de-2026\\\/\",\"name\":\"Brasileir\u00e3o Betano 2025 j\u00e1 tem 7 classificados para a Copa Libertadores de 2026 - Jornal\",\"isPartOf\":{\"@id\":\"https:\\\/\\\/jornalboasnoticias.com.br\\\/home\\\/#website\"},\"primaryImageOfPage\":{\"@id\":\"https:\\\/\\\/jornalboasnoticias.com.br\\\/home\\\/brasileirao-betano-2025-ja-tem-7-classificados-para-a-copa-libertadores-de-2026\\\/#primaryimage\"},\"image\":{\"@id\":\"https:\\\/\\\/jornalboasnoticias.com.br\\\/home\\\/brasileirao-betano-2025-ja-tem-7-classificados-para-a-copa-libertadores-de-2026\\\/#primaryimage\"},\"thumbnailUrl\":\"https:\\\/\\\/jornalboasnoticias.com.br\\\/home\\\/wp-content\\\/uploads\\\/2025\\\/12\\\/Pedro-Zacchi_Agencia-Mirassol-1-scaled-e1764603017533.jpg\",\"datePublished\":\"2025-12-01T15:31:23+00:00\",\"description\":\"Brasileir\u00e3o Betano 2025 j\u00e1 tem 7 classificados para a Copa Libertadores de 2026\",\"breadcrumb\":{\"@id\":\"https:\\\/\\\/jornalboasnoticias.com.br\\\/home\\\/brasileirao-betano-2025-ja-tem-7-classificados-para-a-copa-libertadores-de-2026\\\/#breadcrumb\"},\"inLanguage\":\"pt-BR\",\"potentialAction\":[{\"@type\":\"ReadAction\",\"target\":[\"https:\\\/\\\/jornalboasnoticias.com.br\\\/home\\\/brasileirao-betano-2025-ja-tem-7-classificados-para-a-copa-libertadores-de-2026\\\/\"]}]},{\"@type\":\"ImageObject\",\"inLanguage\":\"pt-BR\",\"@id\":\"https:\\\/\\\/jornalboasnoticias.com.br\\\/home\\\/brasileirao-betano-2025-ja-tem-7-classificados-para-a-copa-libertadores-de-2026\\\/#primaryimage\",\"url\":\"https:\\\/\\\/jornalboasnoticias.com.br\\\/home\\\/wp-content\\\/uploads\\\/2025\\\/12\\\/Pedro-Zacchi_Agencia-Mirassol-1-scaled-e1764603017533.jpg\",\"contentUrl\":\"https:\\\/\\\/jornalboasnoticias.com.br\\\/home\\\/wp-content\\\/uploads\\\/2025\\\/12\\\/Pedro-Zacchi_Agencia-Mirassol-1-scaled-e1764603017533.jpg\",\"width\":1000,\"height\":667,\"caption\":\"Cr\u00e9ditos: Pedro Zacchi\\\/Ag\u00eancia Mirassol\"},{\"@type\":\"BreadcrumbList\",\"@id\":\"https:\\\/\\\/jornalboasnoticias.com.br\\\/home\\\/brasileirao-betano-2025-ja-tem-7-classificados-para-a-copa-libertadores-de-2026\\\/#breadcrumb\",\"itemListElement\":[{\"@type\":\"ListItem\",\"position\":1,\"name\":\"In\u00edcio\",\"item\":\"https:\\\/\\\/jornalboasnoticias.com.br\\\/home\\\/\"},{\"@type\":\"ListItem\",\"position\":2,\"name\":\"Brasileir\u00e3o Betano 2025 j\u00e1 tem 7 classificados para a Copa Libertadores de 2026\"}]},{\"@type\":\"WebSite\",\"@id\":\"https:\\\/\\\/jornalboasnoticias.com.br\\\/home\\\/#website\",\"url\":\"https:\\\/\\\/jornalboasnoticias.com.br\\\/home\\\/\",\"name\":\"Jornal Boas Not\u00edcias\",\"description\":\"Boas not\u00edcias\",\"publisher\":{\"@id\":\"https:\\\/\\\/jornalboasnoticias.com.br\\\/home\\\/#organization\"},\"potentialAction\":[{\"@type\":\"SearchAction\",\"target\":{\"@type\":\"EntryPoint\",\"urlTemplate\":\"https:\\\/\\\/jornalboasnoticias.com.br\\\/home\\\/?s={search_term_string}\"},\"query-input\":{\"@type\":\"PropertyValueSpecification\",\"valueRequired\":true,\"valueName\":\"search_term_string\"}}],\"inLanguage\":\"pt-BR\"},{\"@type\":\"Organization\",\"@id\":\"https:\\\/\\\/jornalboasnoticias.com.br\\\/home\\\/#organization\",\"name\":\"Coq Editora Ltda\",\"alternateName\":\"Jornal Boas Noticias\",\"url\":\"https:\\\/\\\/jornalboasnoticias.com.br\\\/home\\\/\",\"logo\":{\"@type\":\"ImageObject\",\"inLanguage\":\"pt-BR\",\"@id\":\"https:\\\/\\\/jornalboasnoticias.com.br\\\/home\\\/#\\\/schema\\\/logo\\\/image\\\/\",\"url\":\"https:\\\/\\\/jornalboasnoticias.com.br\\\/home\\\/wp-content\\\/uploads\\\/2024\\\/07\\\/cropped-logo.jpg\",\"contentUrl\":\"https:\\\/\\\/jornalboasnoticias.com.br\\\/home\\\/wp-content\\\/uploads\\\/2024\\\/07\\\/cropped-logo.jpg\",\"width\":290,\"height\":142,\"caption\":\"Coq Editora Ltda\"},\"image\":{\"@id\":\"https:\\\/\\\/jornalboasnoticias.com.br\\\/home\\\/#\\\/schema\\\/logo\\\/image\\\/\"},\"sameAs\":[\"https:\\\/\\\/www.facebook.com\\\/boasnoticiasjornal\"]},{\"@type\":\"Person\",\"@id\":\"https:\\\/\\\/jornalboasnoticias.com.br\\\/home\\\/#\\\/schema\\\/person\\\/75f9ebde398c998c166475fb446bda62\",\"name\":\"Luiz Carlos da Cruz\",\"image\":{\"@type\":\"ImageObject\",\"inLanguage\":\"pt-BR\",\"@id\":\"https:\\\/\\\/secure.gravatar.com\\\/avatar\\\/e6f4f45301b6cb8572f7b076572e8ac11c1db80e805d8c8d0858cf286ce3ac3b?s=96&d=mm&r=g\",\"url\":\"https:\\\/\\\/secure.gravatar.com\\\/avatar\\\/e6f4f45301b6cb8572f7b076572e8ac11c1db80e805d8c8d0858cf286ce3ac3b?s=96&d=mm&r=g\",\"contentUrl\":\"https:\\\/\\\/secure.gravatar.com\\\/avatar\\\/e6f4f45301b6cb8572f7b076572e8ac11c1db80e805d8c8d0858cf286ce3ac3b?s=96&d=mm&r=g\",\"caption\":\"Luiz Carlos da Cruz\"},\"url\":\"https:\\\/\\\/jornalboasnoticias.com.br\\\/home\\\/author\\\/luiz-carlos-da-cruz\\\/\"}]}<\/script>\n<!-- \/ Yoast SEO plugin. -->","yoast_head_json":{"title":"Brasileir\u00e3o Betano 2025 j\u00e1 tem 7 classificados para a Copa Libertadores de 2026 - Jornal","description":"Brasileir\u00e3o Betano 2025 j\u00e1 tem 7 classificados para a Copa Libertadores de 2026","robots":{"index":"index","follow":"follow","max-snippet":"max-snippet:-1","max-image-preview":"max-image-preview:large","max-video-preview":"max-video-preview:-1"},"canonical":"https:\/\/jornalboasnoticias.com.br\/home\/brasileirao-betano-2025-ja-tem-7-classificados-para-a-copa-libertadores-de-2026\/","og_locale":"pt_BR","og_type":"article","og_title":"Brasileir\u00e3o Betano 2025 j\u00e1 tem 7 classificados para a Copa Libertadores de 2026 - Jornal","og_description":"Brasileir\u00e3o Betano 2025 j\u00e1 tem 7 classificados para a Copa Libertadores de 2026","og_url":"https:\/\/jornalboasnoticias.com.br\/home\/brasileirao-betano-2025-ja-tem-7-classificados-para-a-copa-libertadores-de-2026\/","og_site_name":"Jornal","article_publisher":"https:\/\/www.facebook.com\/boasnoticiasjornal","article_published_time":"2025-12-01T15:31:23+00:00","og_image":[{"width":1000,"height":667,"url":"https:\/\/jornalboasnoticias.com.br\/home\/wp-content\/uploads\/2025\/12\/Pedro-Zacchi_Agencia-Mirassol-1-scaled-e1764603017533.jpg","type":"image\/jpeg"}],"author":"Luiz Carlos da Cruz","twitter_card":"summary_large_image","twitter_misc":{"Escrito por":"Luiz Carlos da Cruz","Est. tempo de leitura":"3 minutos"},"schema":{"@context":"https:\/\/schema.org","@graph":[{"@type":"Article","@id":"https:\/\/jornalboasnoticias.com.br\/home\/brasileirao-betano-2025-ja-tem-7-classificados-para-a-copa-libertadores-de-2026\/#article","isPartOf":{"@id":"https:\/\/jornalboasnoticias.com.br\/home\/brasileirao-betano-2025-ja-tem-7-classificados-para-a-copa-libertadores-de-2026\/"},"author":{"name":"Luiz Carlos da Cruz","@id":"https:\/\/jornalboasnoticias.com.br\/home\/#\/schema\/person\/75f9ebde398c998c166475fb446bda62"},"headline":"Brasileir\u00e3o Betano 2025 j\u00e1 tem 7 classificados para a Copa Libertadores de 2026","datePublished":"2025-12-01T15:31:23+00:00","mainEntityOfPage":{"@id":"https:\/\/jornalboasnoticias.com.br\/home\/brasileirao-betano-2025-ja-tem-7-classificados-para-a-copa-libertadores-de-2026\/"},"wordCount":341,"commentCount":0,"publisher":{"@id":"https:\/\/jornalboasnoticias.com.br\/home\/#organization"},"image":{"@id":"https:\/\/jornalboasnoticias.com.br\/home\/brasileirao-betano-2025-ja-tem-7-classificados-para-a-copa-libertadores-de-2026\/#primaryimage"},"thumbnailUrl":"https:\/\/jornalboasnoticias.com.br\/home\/wp-content\/uploads\/2025\/12\/Pedro-Zacchi_Agencia-Mirassol-1-scaled-e1764603017533.jpg","articleSection":["DESTAQUE","ESPORTE"],"inLanguage":"pt-BR","potentialAction":[{"@type":"CommentAction","name":"Comment","target":["https:\/\/jornalboasnoticias.com.br\/home\/brasileirao-betano-2025-ja-tem-7-classificados-para-a-copa-libertadores-de-2026\/#respond"]}]},{"@type":"WebPage","@id":"https:\/\/jornalboasnoticias.com.br\/home\/brasileirao-betano-2025-ja-tem-7-classificados-para-a-copa-libertadores-de-2026\/","url":"https:\/\/jornalboasnoticias.com.br\/home\/brasileirao-betano-2025-ja-tem-7-classificados-para-a-copa-libertadores-de-2026\/","name":"Brasileir\u00e3o Betano 2025 j\u00e1 tem 7 classificados para a Copa Libertadores de 2026 - Jornal","isPartOf":{"@id":"https:\/\/jornalboasnoticias.com.br\/home\/#website"},"primaryImageOfPage":{"@id":"https:\/\/jornalboasnoticias.com.br\/home\/brasileirao-betano-2025-ja-tem-7-classificados-para-a-copa-libertadores-de-2026\/#primaryimage"},"image":{"@id":"https:\/\/jornalboasnoticias.com.br\/home\/brasileirao-betano-2025-ja-tem-7-classificados-para-a-copa-libertadores-de-2026\/#primaryimage"},"thumbnailUrl":"https:\/\/jornalboasnoticias.com.br\/home\/wp-content\/uploads\/2025\/12\/Pedro-Zacchi_Agencia-Mirassol-1-scaled-e1764603017533.jpg","datePublished":"2025-12-01T15:31:23+00:00","description":"Brasileir\u00e3o Betano 2025 j\u00e1 tem 7 classificados para a Copa Libertadores de 2026","breadcrumb":{"@id":"https:\/\/jornalboasnoticias.com.br\/home\/brasileirao-betano-2025-ja-tem-7-classificados-para-a-copa-libertadores-de-2026\/#breadcrumb"},"inLanguage":"pt-BR","potentialAction":[{"@type":"ReadAction","target":["https:\/\/jornalboasnoticias.com.br\/home\/brasileirao-betano-2025-ja-tem-7-classificados-para-a-copa-libertadores-de-2026\/"]}]},{"@type":"ImageObject","inLanguage":"pt-BR","@id":"https:\/\/jornalboasnoticias.com.br\/home\/brasileirao-betano-2025-ja-tem-7-classificados-para-a-copa-libertadores-de-2026\/#primaryimage","url":"https:\/\/jornalboasnoticias.com.br\/home\/wp-content\/uploads\/2025\/12\/Pedro-Zacchi_Agencia-Mirassol-1-scaled-e1764603017533.jpg","contentUrl":"https:\/\/jornalboasnoticias.com.br\/home\/wp-content\/uploads\/2025\/12\/Pedro-Zacchi_Agencia-Mirassol-1-scaled-e1764603017533.jpg","width":1000,"height":667,"caption":"Cr\u00e9ditos: Pedro Zacchi\/Ag\u00eancia Mirassol"},{"@type":"BreadcrumbList","@id":"https:\/\/jornalboasnoticias.com.br\/home\/brasileirao-betano-2025-ja-tem-7-classificados-para-a-copa-libertadores-de-2026\/#breadcrumb","itemListElement":[{"@type":"ListItem","position":1,"name":"In\u00edcio","item":"https:\/\/jornalboasnoticias.com.br\/home\/"},{"@type":"ListItem","position":2,"name":"Brasileir\u00e3o Betano 2025 j\u00e1 tem 7 classificados para a Copa Libertadores de 2026"}]},{"@type":"WebSite","@id":"https:\/\/jornalboasnoticias.com.br\/home\/#website","url":"https:\/\/jornalboasnoticias.com.br\/home\/","name":"Jornal Boas Not\u00edcias","description":"Boas not\u00edcias","publisher":{"@id":"https:\/\/jornalboasnoticias.com.br\/home\/#organization"},"potentialAction":[{"@type":"SearchAction","target":{"@type":"EntryPoint","urlTemplate":"https:\/\/jornalboasnoticias.com.br\/home\/?s={search_term_string}"},"query-input":{"@type":"PropertyValueSpecification","valueRequired":true,"valueName":"search_term_string"}}],"inLanguage":"pt-BR"},{"@type":"Organization","@id":"https:\/\/jornalboasnoticias.com.br\/home\/#organization","name":"Coq Editora Ltda","alternateName":"Jornal Boas Noticias","url":"https:\/\/jornalboasnoticias.com.br\/home\/","logo":{"@type":"ImageObject","inLanguage":"pt-BR","@id":"https:\/\/jornalboasnoticias.com.br\/home\/#\/schema\/logo\/image\/","url":"https:\/\/jornalboasnoticias.com.br\/home\/wp-content\/uploads\/2024\/07\/cropped-logo.jpg","contentUrl":"https:\/\/jornalboasnoticias.com.br\/home\/wp-content\/uploads\/2024\/07\/cropped-logo.jpg","width":290,"height":142,"caption":"Coq Editora Ltda"},"image":{"@id":"https:\/\/jornalboasnoticias.com.br\/home\/#\/schema\/logo\/image\/"},"sameAs":["https:\/\/www.facebook.com\/boasnoticiasjornal"]},{"@type":"Person","@id":"https:\/\/jornalboasnoticias.com.br\/home\/#\/schema\/person\/75f9ebde398c998c166475fb446bda62","name":"Luiz Carlos da Cruz","image":{"@type":"ImageObject","inLanguage":"pt-BR","@id":"https:\/\/secure.gravatar.com\/avatar\/e6f4f45301b6cb8572f7b076572e8ac11c1db80e805d8c8d0858cf286ce3ac3b?s=96&d=mm&r=g","url":"https:\/\/secure.gravatar.com\/avatar\/e6f4f45301b6cb8572f7b076572e8ac11c1db80e805d8c8d0858cf286ce3ac3b?s=96&d=mm&r=g","contentUrl":"https:\/\/secure.gravatar.com\/avatar\/e6f4f45301b6cb8572f7b076572e8ac11c1db80e805d8c8d0858cf286ce3ac3b?s=96&d=mm&r=g","caption":"Luiz Carlos da Cruz"},"url":"https:\/\/jornalboasnoticias.com.br\/home\/author\/luiz-carlos-da-cruz\/"}]}},"_links":{"self":[{"href":"https:\/\/jornalboasnoticias.com.br\/home\/wp-json\/wp\/v2\/posts\/46625","targetHints":{"allow":["GET"]}}],"collection":[{"href":"https:\/\/jornalboasnoticias.com.br\/home\/wp-json\/wp\/v2\/posts"}],"about":[{"href":"https:\/\/jornalboasnoticias.com.br\/home\/wp-json\/wp\/v2\/types\/post"}],"author":[{"embeddable":true,"href":"https:\/\/jornalboasnoticias.com.br\/home\/wp-json\/wp\/v2\/users\/3"}],"replies":[{"embeddable":true,"href":"https:\/\/jornalboasnoticias.com.br\/home\/wp-json\/wp\/v2\/comments?post=46625"}],"version-history":[{"count":1,"href":"https:\/\/jornalboasnoticias.com.br\/home\/wp-json\/wp\/v2\/posts\/46625\/revisions"}],"predecessor-version":[{"id":46627,"href":"https:\/\/jornalboasnoticias.com.br\/home\/wp-json\/wp\/v2\/posts\/46625\/revisions\/46627"}],"wp:featuredmedia":[{"embeddable":true,"href":"https:\/\/jornalboasnoticias.com.br\/home\/wp-json\/wp\/v2\/media\/46626"}],"wp:attachment":[{"href":"https:\/\/jornalboasnoticias.com.br\/home\/wp-json\/wp\/v2\/media?parent=46625"}],"wp:term":[{"taxonomy":"category","embeddable":true,"href":"https:\/\/jornalboasnoticias.com.br\/home\/wp-json\/wp\/v2\/categories?post=46625"},{"taxonomy":"post_tag","embeddable":true,"href":"https:\/\/jornalboasnoticias.com.br\/home\/wp-json\/wp\/v2\/tags?post=46625"}],"curies":[{"name":"wp","href":"https:\/\/api.w.org\/{rel}","templated":true}]}}