{"id":46622,"date":"2025-12-01T13:11:29","date_gmt":"2025-12-01T13:11:29","guid":{"rendered":"https:\/\/jornalboasnoticias.com.br\/home\/?p=46622"},"modified":"2025-12-01T13:11:29","modified_gmt":"2025-12-01T13:11:29","slug":"educacao-abre-ultima-fase-de-matriculas-para-2026-prazo-encerra-12-de-dezembro","status":"publish","type":"post","link":"https:\/\/jornalboasnoticias.com.br\/home\/educacao-abre-ultima-fase-de-matriculas-para-2026-prazo-encerra-12-de-dezembro\/","title":{"rendered":"Educa\u00e7\u00e3o abre \u00faltima fase de matr\u00edculas para 2026; prazo encerra 12 de dezembro"},"content":{"rendered":"<blockquote>\n<div class=\"not-escopo-destaque\">\n<div class=\"field field--name-field-escopo-destaque field--type-string-long field--label-hidden field--item\" style=\"text-align: center;\">\u00c9 a \u00faltima oportunidade para estudantes regularizem a situa\u00e7\u00e3o escolar, solicitar novas vagas e confirmar matr\u00edculas pendentes. No per\u00edodo tamb\u00e9m ser\u00e1 o aberto o sistema para solicita\u00e7\u00e3o de vaga por estudantes que queiram mudar de escolas, oriundos da rede particular e para os alunos da EJA.<\/div>\n<\/div>\n<\/blockquote>\n<div>\n<figure id=\"attachment_46623\" aria-describedby=\"caption-attachment-46623\" style=\"width: 1000px\" class=\"wp-caption alignnone\"><img loading=\"lazy\" decoding=\"async\" class=\"size-full wp-image-46623\" src=\"https:\/\/jornalboasnoticias.com.br\/home\/wp-content\/uploads\/2025\/12\/foto-e1764594667780.jpg\" alt=\"\" width=\"1000\" height=\"667\" \/><figcaption id=\"caption-attachment-46623\" class=\"wp-caption-text\">Foto: Lucas Fermin\/SEED-PR<\/figcaption><\/figure>\n<p>Com expectativa de atender cerca de 100 mil alunos, a Secretaria da Educa\u00e7\u00e3o do Paran\u00e1 (Seed-PR) inicia nesta segunda-feira (01) a 3\u00aa etapa do processo de matr\u00edcula para o ano letivo de 2026. O per\u00edodo, que segue at\u00e9 12 de dezembro, \u00e9 a \u00faltima oportunidade deste ano para que respons\u00e1veis e estudantes regularizem a situa\u00e7\u00e3o escolar na rede estadual de ensino, solicitem novas vagas e confirmem matr\u00edculas pendentes. A\u00a0Seed-PR tamb\u00e9m abrir\u00e1 o sistema para solicita\u00e7\u00e3o de vaga por prefer\u00eancia de escola, destinada aos alunos que desejam mudar de institui\u00e7\u00e3o; aos oriundos da rede particular e tamb\u00e9m aos que desejam se matricular na Educa\u00e7\u00e3o de Jovens e Adultos (EJA).<\/p>\n<p>Al\u00e9m disso, a etapa tamb\u00e9m contempla a confirma\u00e7\u00e3o das matr\u00edculas pendentes das 1\u00aa e 2\u00aa fases, sem qualquer preju\u00edzo ao estudante, e abre espa\u00e7o para novas inscri\u00e7\u00f5es de alunos do 9\u00ba ano do ensino fundamental que buscam uma vaga na 1\u00aa s\u00e9rie da educa\u00e7\u00e3o profissional. O procedimento ainda permite que aqueles que desejam trilhar outro caminho t\u00e9cnico solicitem a troca de curso. Lembrando que, ao optar por uma nova vaga, o estudante deixa automaticamente de concorrer \u00e0 anterior.<\/p>\n<p>Essa etapa ainda alcan\u00e7a os estudantes que desejam permanecer na rede, contemplando tamb\u00e9m os da Educa\u00e7\u00e3o de Jovens e Adultos (EJA) e os atendidos pelas Apaes, que realizam sua matr\u00edcula dentro do mesmo per\u00edodo. \u201cEstamos iniciando mais uma etapa importante do nosso calend\u00e1rio escolar. Abrimos um per\u00edodo em que fam\u00edlias e estudantes podem organizar com tranquilidade o pr\u00f3ximo ano letivo\u201d, destaca o secret\u00e1rio de Estado da educa\u00e7\u00e3o, Roni Miranda.<\/p>\n<h2><strong>MATR\u00cdCULAS <\/strong><\/h2>\n<p>As matr\u00edculas dever\u00e3o ser feitas, preferencialmente, pela\u00a0<strong><a class=\"0\" href=\"https:\/\/www.areadoaluno.seed.pr.gov.br\/servicosaoaluno\/pages\/publico\/login.jsf;jsessionid=B0m7ENG_adtuy_5jmX64phVrL4s9uL4t9wYOIdE7.sseed75003?dswid=-912\" target=\"_blank\" rel=\"nofollow noopener\">\u00c1rea do Aluno<\/a><\/strong>, havendo possibilidade de atendimento presencial, diretamente nas institui\u00e7\u00f5es de ensino, assegurando prioridade \u00e0s pessoas com defici\u00eancia, gestantes, idosos, lactantes, pessoas com crian\u00e7as de colo e obesos.<\/p>\n<h2><strong>DOCUMENTOS<\/strong><\/h2>\n<p>O processo exige a apresenta\u00e7\u00e3o de documenta\u00e7\u00e3o obrigat\u00f3ria. Para matr\u00edcula, \u00e9 necess\u00e1rio apresentar comprovante de resid\u00eancia atualizado, certid\u00e3o de nascimento ou documento oficial com foto, RG para estudantes do Ensino M\u00e9dio, Educa\u00e7\u00e3o Profissional, EJA ou maiores de 16 anos; CPF para estudantes da Educa\u00e7\u00e3o Profissional, EJA, Ensino M\u00e9dio e para nascidos a partir de 2017; comprovante de vacina\u00e7\u00e3o para menores de 18 anos; hist\u00f3rico escolar ou comprovante de escolaridade; al\u00e9m de laudo m\u00e9dico e documento de tutela\/guarda quando aplic\u00e1vel.<\/p>\n<p>Para rematr\u00edcula, devem ser apresentados comprovante de resid\u00eancia atualizado, comprovante de vacina\u00e7\u00e3o e eventuais documentos pendentes solicitados pela escola. Toda documenta\u00e7\u00e3o entregue presencialmente deve ser digitalizada e inserida na Pasta Individual Virtual do Estudante (PIVE), seguindo as normas da LGPD.<\/p>\n<p>A Seed ressalta que os estudantes que perderem os prazos ainda t\u00eam garantido o direito de estudar na rede estadual, mas poder\u00e3o ser remanejados para outra unidade, que n\u00e3o a da prefer\u00eancia, conforme a disponibilidade de vagas. As matr\u00edculas fora do prazo tamb\u00e9m devem ser feitas pela \u00e1rea do aluno.<\/p>\n<p>Confira mais informa\u00e7\u00f5es\u00a0<strong><a class=\"0\" href=\"https:\/\/www.documentador.pr.gov.br\/documentador\/pub.do?action=d&amp;uuid=%40gtf-escriba-seed%40954bd488-bcbd-41d2-aa2f-f8a0ecf0949b&amp;emPg=true\" target=\"_blank\" rel=\"nofollow noopener\">AQUI<\/a>.<\/strong><\/p>\n<p><em>Informa\u00e7\u00f5es AEN<\/em><\/p>\n<\/div>\n","protected":false},"excerpt":{"rendered":"<p>\u00c9 a \u00faltima oportunidade para estudantes regularizem a situa\u00e7\u00e3o escolar, solicitar novas vagas e confirmar<\/p>\n","protected":false},"author":3,"featured_media":46623,"comment_status":"open","ping_status":"open","sticky":false,"template":"","format":"standard","meta":{"footnotes":""},"categories":[3,8],"tags":[],"class_list":["post-46622","post","type-post","status-publish","format-standard","has-post-thumbnail","hentry","category-destaques","category-educacao"],"yoast_head":"<!-- This site is optimized with the Yoast SEO plugin v27.5 - https:\/\/yoast.com\/product\/yoast-seo-wordpress\/ -->\n<title>Educa\u00e7\u00e3o abre \u00faltima fase de matr\u00edculas para 2026; prazo encerra 12 de dezembro - Jornal<\/title>\n<meta name=\"description\" content=\"Educa\u00e7\u00e3o abre \u00faltima fase de matr\u00edculas para 2026; prazo encerra 12 de dezembro\" \/>\n<meta name=\"robots\" content=\"index, follow, max-snippet:-1, max-image-preview:large, max-video-preview:-1\" \/>\n<link rel=\"canonical\" href=\"https:\/\/jornalboasnoticias.com.br\/home\/educacao-abre-ultima-fase-de-matriculas-para-2026-prazo-encerra-12-de-dezembro\/\" \/>\n<meta property=\"og:locale\" content=\"pt_BR\" \/>\n<meta property=\"og:type\" content=\"article\" \/>\n<meta property=\"og:title\" content=\"Educa\u00e7\u00e3o abre \u00faltima fase de matr\u00edculas para 2026; prazo encerra 12 de dezembro - Jornal\" \/>\n<meta property=\"og:description\" content=\"Educa\u00e7\u00e3o abre \u00faltima fase de matr\u00edculas para 2026; prazo encerra 12 de dezembro\" \/>\n<meta property=\"og:url\" content=\"https:\/\/jornalboasnoticias.com.br\/home\/educacao-abre-ultima-fase-de-matriculas-para-2026-prazo-encerra-12-de-dezembro\/\" \/>\n<meta property=\"og:site_name\" content=\"Jornal\" \/>\n<meta property=\"article:publisher\" content=\"https:\/\/www.facebook.com\/boasnoticiasjornal\" \/>\n<meta property=\"article:published_time\" content=\"2025-12-01T13:11:29+00:00\" \/>\n<meta property=\"og:image\" content=\"https:\/\/jornalboasnoticias.com.br\/home\/wp-content\/uploads\/2025\/12\/foto-e1764594667780.jpg\" \/>\n\t<meta property=\"og:image:width\" content=\"1000\" \/>\n\t<meta property=\"og:image:height\" content=\"667\" \/>\n\t<meta property=\"og:image:type\" content=\"image\/jpeg\" \/>\n<meta name=\"author\" content=\"Luiz Carlos da Cruz\" \/>\n<meta name=\"twitter:card\" content=\"summary_large_image\" \/>\n<meta name=\"twitter:label1\" content=\"Escrito por\" \/>\n\t<meta name=\"twitter:data1\" content=\"Luiz Carlos da Cruz\" \/>\n\t<meta name=\"twitter:label2\" content=\"Est. tempo de leitura\" \/>\n\t<meta name=\"twitter:data2\" content=\"4 minutos\" \/>\n<script type=\"application\/ld+json\" class=\"yoast-schema-graph\">{\"@context\":\"https:\\\/\\\/schema.org\",\"@graph\":[{\"@type\":\"Article\",\"@id\":\"https:\\\/\\\/jornalboasnoticias.com.br\\\/home\\\/educacao-abre-ultima-fase-de-matriculas-para-2026-prazo-encerra-12-de-dezembro\\\/#article\",\"isPartOf\":{\"@id\":\"https:\\\/\\\/jornalboasnoticias.com.br\\\/home\\\/educacao-abre-ultima-fase-de-matriculas-para-2026-prazo-encerra-12-de-dezembro\\\/\"},\"author\":{\"name\":\"Luiz Carlos da Cruz\",\"@id\":\"https:\\\/\\\/jornalboasnoticias.com.br\\\/home\\\/#\\\/schema\\\/person\\\/75f9ebde398c998c166475fb446bda62\"},\"headline\":\"Educa\u00e7\u00e3o abre \u00faltima fase de matr\u00edculas para 2026; prazo encerra 12 de dezembro\",\"datePublished\":\"2025-12-01T13:11:29+00:00\",\"mainEntityOfPage\":{\"@id\":\"https:\\\/\\\/jornalboasnoticias.com.br\\\/home\\\/educacao-abre-ultima-fase-de-matriculas-para-2026-prazo-encerra-12-de-dezembro\\\/\"},\"wordCount\":596,\"commentCount\":0,\"publisher\":{\"@id\":\"https:\\\/\\\/jornalboasnoticias.com.br\\\/home\\\/#organization\"},\"image\":{\"@id\":\"https:\\\/\\\/jornalboasnoticias.com.br\\\/home\\\/educacao-abre-ultima-fase-de-matriculas-para-2026-prazo-encerra-12-de-dezembro\\\/#primaryimage\"},\"thumbnailUrl\":\"https:\\\/\\\/jornalboasnoticias.com.br\\\/home\\\/wp-content\\\/uploads\\\/2025\\\/12\\\/foto-e1764594667780.jpg\",\"articleSection\":[\"DESTAQUE\",\"EDUCA\u00c7\u00c3O\"],\"inLanguage\":\"pt-BR\",\"potentialAction\":[{\"@type\":\"CommentAction\",\"name\":\"Comment\",\"target\":[\"https:\\\/\\\/jornalboasnoticias.com.br\\\/home\\\/educacao-abre-ultima-fase-de-matriculas-para-2026-prazo-encerra-12-de-dezembro\\\/#respond\"]}]},{\"@type\":\"WebPage\",\"@id\":\"https:\\\/\\\/jornalboasnoticias.com.br\\\/home\\\/educacao-abre-ultima-fase-de-matriculas-para-2026-prazo-encerra-12-de-dezembro\\\/\",\"url\":\"https:\\\/\\\/jornalboasnoticias.com.br\\\/home\\\/educacao-abre-ultima-fase-de-matriculas-para-2026-prazo-encerra-12-de-dezembro\\\/\",\"name\":\"Educa\u00e7\u00e3o abre \u00faltima fase de matr\u00edculas para 2026; prazo encerra 12 de dezembro - Jornal\",\"isPartOf\":{\"@id\":\"https:\\\/\\\/jornalboasnoticias.com.br\\\/home\\\/#website\"},\"primaryImageOfPage\":{\"@id\":\"https:\\\/\\\/jornalboasnoticias.com.br\\\/home\\\/educacao-abre-ultima-fase-de-matriculas-para-2026-prazo-encerra-12-de-dezembro\\\/#primaryimage\"},\"image\":{\"@id\":\"https:\\\/\\\/jornalboasnoticias.com.br\\\/home\\\/educacao-abre-ultima-fase-de-matriculas-para-2026-prazo-encerra-12-de-dezembro\\\/#primaryimage\"},\"thumbnailUrl\":\"https:\\\/\\\/jornalboasnoticias.com.br\\\/home\\\/wp-content\\\/uploads\\\/2025\\\/12\\\/foto-e1764594667780.jpg\",\"datePublished\":\"2025-12-01T13:11:29+00:00\",\"description\":\"Educa\u00e7\u00e3o abre \u00faltima fase de matr\u00edculas para 2026; prazo encerra 12 de dezembro\",\"breadcrumb\":{\"@id\":\"https:\\\/\\\/jornalboasnoticias.com.br\\\/home\\\/educacao-abre-ultima-fase-de-matriculas-para-2026-prazo-encerra-12-de-dezembro\\\/#breadcrumb\"},\"inLanguage\":\"pt-BR\",\"potentialAction\":[{\"@type\":\"ReadAction\",\"target\":[\"https:\\\/\\\/jornalboasnoticias.com.br\\\/home\\\/educacao-abre-ultima-fase-de-matriculas-para-2026-prazo-encerra-12-de-dezembro\\\/\"]}]},{\"@type\":\"ImageObject\",\"inLanguage\":\"pt-BR\",\"@id\":\"https:\\\/\\\/jornalboasnoticias.com.br\\\/home\\\/educacao-abre-ultima-fase-de-matriculas-para-2026-prazo-encerra-12-de-dezembro\\\/#primaryimage\",\"url\":\"https:\\\/\\\/jornalboasnoticias.com.br\\\/home\\\/wp-content\\\/uploads\\\/2025\\\/12\\\/foto-e1764594667780.jpg\",\"contentUrl\":\"https:\\\/\\\/jornalboasnoticias.com.br\\\/home\\\/wp-content\\\/uploads\\\/2025\\\/12\\\/foto-e1764594667780.jpg\",\"width\":1000,\"height\":667,\"caption\":\"Foto: Lucas Fermin\\\/SEED-PR\"},{\"@type\":\"BreadcrumbList\",\"@id\":\"https:\\\/\\\/jornalboasnoticias.com.br\\\/home\\\/educacao-abre-ultima-fase-de-matriculas-para-2026-prazo-encerra-12-de-dezembro\\\/#breadcrumb\",\"itemListElement\":[{\"@type\":\"ListItem\",\"position\":1,\"name\":\"In\u00edcio\",\"item\":\"https:\\\/\\\/jornalboasnoticias.com.br\\\/home\\\/\"},{\"@type\":\"ListItem\",\"position\":2,\"name\":\"Educa\u00e7\u00e3o abre \u00faltima fase de matr\u00edculas para 2026; prazo encerra 12 de dezembro\"}]},{\"@type\":\"WebSite\",\"@id\":\"https:\\\/\\\/jornalboasnoticias.com.br\\\/home\\\/#website\",\"url\":\"https:\\\/\\\/jornalboasnoticias.com.br\\\/home\\\/\",\"name\":\"Jornal Boas Not\u00edcias\",\"description\":\"Boas not\u00edcias\",\"publisher\":{\"@id\":\"https:\\\/\\\/jornalboasnoticias.com.br\\\/home\\\/#organization\"},\"potentialAction\":[{\"@type\":\"SearchAction\",\"target\":{\"@type\":\"EntryPoint\",\"urlTemplate\":\"https:\\\/\\\/jornalboasnoticias.com.br\\\/home\\\/?s={search_term_string}\"},\"query-input\":{\"@type\":\"PropertyValueSpecification\",\"valueRequired\":true,\"valueName\":\"search_term_string\"}}],\"inLanguage\":\"pt-BR\"},{\"@type\":\"Organization\",\"@id\":\"https:\\\/\\\/jornalboasnoticias.com.br\\\/home\\\/#organization\",\"name\":\"Coq Editora Ltda\",\"alternateName\":\"Jornal Boas Noticias\",\"url\":\"https:\\\/\\\/jornalboasnoticias.com.br\\\/home\\\/\",\"logo\":{\"@type\":\"ImageObject\",\"inLanguage\":\"pt-BR\",\"@id\":\"https:\\\/\\\/jornalboasnoticias.com.br\\\/home\\\/#\\\/schema\\\/logo\\\/image\\\/\",\"url\":\"https:\\\/\\\/jornalboasnoticias.com.br\\\/home\\\/wp-content\\\/uploads\\\/2024\\\/07\\\/cropped-logo.jpg\",\"contentUrl\":\"https:\\\/\\\/jornalboasnoticias.com.br\\\/home\\\/wp-content\\\/uploads\\\/2024\\\/07\\\/cropped-logo.jpg\",\"width\":290,\"height\":142,\"caption\":\"Coq Editora Ltda\"},\"image\":{\"@id\":\"https:\\\/\\\/jornalboasnoticias.com.br\\\/home\\\/#\\\/schema\\\/logo\\\/image\\\/\"},\"sameAs\":[\"https:\\\/\\\/www.facebook.com\\\/boasnoticiasjornal\"]},{\"@type\":\"Person\",\"@id\":\"https:\\\/\\\/jornalboasnoticias.com.br\\\/home\\\/#\\\/schema\\\/person\\\/75f9ebde398c998c166475fb446bda62\",\"name\":\"Luiz Carlos da Cruz\",\"image\":{\"@type\":\"ImageObject\",\"inLanguage\":\"pt-BR\",\"@id\":\"https:\\\/\\\/secure.gravatar.com\\\/avatar\\\/e6f4f45301b6cb8572f7b076572e8ac11c1db80e805d8c8d0858cf286ce3ac3b?s=96&d=mm&r=g\",\"url\":\"https:\\\/\\\/secure.gravatar.com\\\/avatar\\\/e6f4f45301b6cb8572f7b076572e8ac11c1db80e805d8c8d0858cf286ce3ac3b?s=96&d=mm&r=g\",\"contentUrl\":\"https:\\\/\\\/secure.gravatar.com\\\/avatar\\\/e6f4f45301b6cb8572f7b076572e8ac11c1db80e805d8c8d0858cf286ce3ac3b?s=96&d=mm&r=g\",\"caption\":\"Luiz Carlos da Cruz\"},\"url\":\"https:\\\/\\\/jornalboasnoticias.com.br\\\/home\\\/author\\\/luiz-carlos-da-cruz\\\/\"}]}<\/script>\n<!-- \/ Yoast SEO plugin. -->","yoast_head_json":{"title":"Educa\u00e7\u00e3o abre \u00faltima fase de matr\u00edculas para 2026; prazo encerra 12 de dezembro - Jornal","description":"Educa\u00e7\u00e3o abre \u00faltima fase de matr\u00edculas para 2026; prazo encerra 12 de dezembro","robots":{"index":"index","follow":"follow","max-snippet":"max-snippet:-1","max-image-preview":"max-image-preview:large","max-video-preview":"max-video-preview:-1"},"canonical":"https:\/\/jornalboasnoticias.com.br\/home\/educacao-abre-ultima-fase-de-matriculas-para-2026-prazo-encerra-12-de-dezembro\/","og_locale":"pt_BR","og_type":"article","og_title":"Educa\u00e7\u00e3o abre \u00faltima fase de matr\u00edculas para 2026; prazo encerra 12 de dezembro - Jornal","og_description":"Educa\u00e7\u00e3o abre \u00faltima fase de matr\u00edculas para 2026; prazo encerra 12 de dezembro","og_url":"https:\/\/jornalboasnoticias.com.br\/home\/educacao-abre-ultima-fase-de-matriculas-para-2026-prazo-encerra-12-de-dezembro\/","og_site_name":"Jornal","article_publisher":"https:\/\/www.facebook.com\/boasnoticiasjornal","article_published_time":"2025-12-01T13:11:29+00:00","og_image":[{"width":1000,"height":667,"url":"https:\/\/jornalboasnoticias.com.br\/home\/wp-content\/uploads\/2025\/12\/foto-e1764594667780.jpg","type":"image\/jpeg"}],"author":"Luiz Carlos da Cruz","twitter_card":"summary_large_image","twitter_misc":{"Escrito por":"Luiz Carlos da Cruz","Est. tempo de leitura":"4 minutos"},"schema":{"@context":"https:\/\/schema.org","@graph":[{"@type":"Article","@id":"https:\/\/jornalboasnoticias.com.br\/home\/educacao-abre-ultima-fase-de-matriculas-para-2026-prazo-encerra-12-de-dezembro\/#article","isPartOf":{"@id":"https:\/\/jornalboasnoticias.com.br\/home\/educacao-abre-ultima-fase-de-matriculas-para-2026-prazo-encerra-12-de-dezembro\/"},"author":{"name":"Luiz Carlos da Cruz","@id":"https:\/\/jornalboasnoticias.com.br\/home\/#\/schema\/person\/75f9ebde398c998c166475fb446bda62"},"headline":"Educa\u00e7\u00e3o abre \u00faltima fase de matr\u00edculas para 2026; prazo encerra 12 de dezembro","datePublished":"2025-12-01T13:11:29+00:00","mainEntityOfPage":{"@id":"https:\/\/jornalboasnoticias.com.br\/home\/educacao-abre-ultima-fase-de-matriculas-para-2026-prazo-encerra-12-de-dezembro\/"},"wordCount":596,"commentCount":0,"publisher":{"@id":"https:\/\/jornalboasnoticias.com.br\/home\/#organization"},"image":{"@id":"https:\/\/jornalboasnoticias.com.br\/home\/educacao-abre-ultima-fase-de-matriculas-para-2026-prazo-encerra-12-de-dezembro\/#primaryimage"},"thumbnailUrl":"https:\/\/jornalboasnoticias.com.br\/home\/wp-content\/uploads\/2025\/12\/foto-e1764594667780.jpg","articleSection":["DESTAQUE","EDUCA\u00c7\u00c3O"],"inLanguage":"pt-BR","potentialAction":[{"@type":"CommentAction","name":"Comment","target":["https:\/\/jornalboasnoticias.com.br\/home\/educacao-abre-ultima-fase-de-matriculas-para-2026-prazo-encerra-12-de-dezembro\/#respond"]}]},{"@type":"WebPage","@id":"https:\/\/jornalboasnoticias.com.br\/home\/educacao-abre-ultima-fase-de-matriculas-para-2026-prazo-encerra-12-de-dezembro\/","url":"https:\/\/jornalboasnoticias.com.br\/home\/educacao-abre-ultima-fase-de-matriculas-para-2026-prazo-encerra-12-de-dezembro\/","name":"Educa\u00e7\u00e3o abre \u00faltima fase de matr\u00edculas para 2026; prazo encerra 12 de dezembro - Jornal","isPartOf":{"@id":"https:\/\/jornalboasnoticias.com.br\/home\/#website"},"primaryImageOfPage":{"@id":"https:\/\/jornalboasnoticias.com.br\/home\/educacao-abre-ultima-fase-de-matriculas-para-2026-prazo-encerra-12-de-dezembro\/#primaryimage"},"image":{"@id":"https:\/\/jornalboasnoticias.com.br\/home\/educacao-abre-ultima-fase-de-matriculas-para-2026-prazo-encerra-12-de-dezembro\/#primaryimage"},"thumbnailUrl":"https:\/\/jornalboasnoticias.com.br\/home\/wp-content\/uploads\/2025\/12\/foto-e1764594667780.jpg","datePublished":"2025-12-01T13:11:29+00:00","description":"Educa\u00e7\u00e3o abre \u00faltima fase de matr\u00edculas para 2026; prazo encerra 12 de dezembro","breadcrumb":{"@id":"https:\/\/jornalboasnoticias.com.br\/home\/educacao-abre-ultima-fase-de-matriculas-para-2026-prazo-encerra-12-de-dezembro\/#breadcrumb"},"inLanguage":"pt-BR","potentialAction":[{"@type":"ReadAction","target":["https:\/\/jornalboasnoticias.com.br\/home\/educacao-abre-ultima-fase-de-matriculas-para-2026-prazo-encerra-12-de-dezembro\/"]}]},{"@type":"ImageObject","inLanguage":"pt-BR","@id":"https:\/\/jornalboasnoticias.com.br\/home\/educacao-abre-ultima-fase-de-matriculas-para-2026-prazo-encerra-12-de-dezembro\/#primaryimage","url":"https:\/\/jornalboasnoticias.com.br\/home\/wp-content\/uploads\/2025\/12\/foto-e1764594667780.jpg","contentUrl":"https:\/\/jornalboasnoticias.com.br\/home\/wp-content\/uploads\/2025\/12\/foto-e1764594667780.jpg","width":1000,"height":667,"caption":"Foto: Lucas Fermin\/SEED-PR"},{"@type":"BreadcrumbList","@id":"https:\/\/jornalboasnoticias.com.br\/home\/educacao-abre-ultima-fase-de-matriculas-para-2026-prazo-encerra-12-de-dezembro\/#breadcrumb","itemListElement":[{"@type":"ListItem","position":1,"name":"In\u00edcio","item":"https:\/\/jornalboasnoticias.com.br\/home\/"},{"@type":"ListItem","position":2,"name":"Educa\u00e7\u00e3o abre \u00faltima fase de matr\u00edculas para 2026; prazo encerra 12 de dezembro"}]},{"@type":"WebSite","@id":"https:\/\/jornalboasnoticias.com.br\/home\/#website","url":"https:\/\/jornalboasnoticias.com.br\/home\/","name":"Jornal Boas Not\u00edcias","description":"Boas not\u00edcias","publisher":{"@id":"https:\/\/jornalboasnoticias.com.br\/home\/#organization"},"potentialAction":[{"@type":"SearchAction","target":{"@type":"EntryPoint","urlTemplate":"https:\/\/jornalboasnoticias.com.br\/home\/?s={search_term_string}"},"query-input":{"@type":"PropertyValueSpecification","valueRequired":true,"valueName":"search_term_string"}}],"inLanguage":"pt-BR"},{"@type":"Organization","@id":"https:\/\/jornalboasnoticias.com.br\/home\/#organization","name":"Coq Editora Ltda","alternateName":"Jornal Boas Noticias","url":"https:\/\/jornalboasnoticias.com.br\/home\/","logo":{"@type":"ImageObject","inLanguage":"pt-BR","@id":"https:\/\/jornalboasnoticias.com.br\/home\/#\/schema\/logo\/image\/","url":"https:\/\/jornalboasnoticias.com.br\/home\/wp-content\/uploads\/2024\/07\/cropped-logo.jpg","contentUrl":"https:\/\/jornalboasnoticias.com.br\/home\/wp-content\/uploads\/2024\/07\/cropped-logo.jpg","width":290,"height":142,"caption":"Coq Editora Ltda"},"image":{"@id":"https:\/\/jornalboasnoticias.com.br\/home\/#\/schema\/logo\/image\/"},"sameAs":["https:\/\/www.facebook.com\/boasnoticiasjornal"]},{"@type":"Person","@id":"https:\/\/jornalboasnoticias.com.br\/home\/#\/schema\/person\/75f9ebde398c998c166475fb446bda62","name":"Luiz Carlos da Cruz","image":{"@type":"ImageObject","inLanguage":"pt-BR","@id":"https:\/\/secure.gravatar.com\/avatar\/e6f4f45301b6cb8572f7b076572e8ac11c1db80e805d8c8d0858cf286ce3ac3b?s=96&d=mm&r=g","url":"https:\/\/secure.gravatar.com\/avatar\/e6f4f45301b6cb8572f7b076572e8ac11c1db80e805d8c8d0858cf286ce3ac3b?s=96&d=mm&r=g","contentUrl":"https:\/\/secure.gravatar.com\/avatar\/e6f4f45301b6cb8572f7b076572e8ac11c1db80e805d8c8d0858cf286ce3ac3b?s=96&d=mm&r=g","caption":"Luiz Carlos da Cruz"},"url":"https:\/\/jornalboasnoticias.com.br\/home\/author\/luiz-carlos-da-cruz\/"}]}},"_links":{"self":[{"href":"https:\/\/jornalboasnoticias.com.br\/home\/wp-json\/wp\/v2\/posts\/46622","targetHints":{"allow":["GET"]}}],"collection":[{"href":"https:\/\/jornalboasnoticias.com.br\/home\/wp-json\/wp\/v2\/posts"}],"about":[{"href":"https:\/\/jornalboasnoticias.com.br\/home\/wp-json\/wp\/v2\/types\/post"}],"author":[{"embeddable":true,"href":"https:\/\/jornalboasnoticias.com.br\/home\/wp-json\/wp\/v2\/users\/3"}],"replies":[{"embeddable":true,"href":"https:\/\/jornalboasnoticias.com.br\/home\/wp-json\/wp\/v2\/comments?post=46622"}],"version-history":[{"count":1,"href":"https:\/\/jornalboasnoticias.com.br\/home\/wp-json\/wp\/v2\/posts\/46622\/revisions"}],"predecessor-version":[{"id":46624,"href":"https:\/\/jornalboasnoticias.com.br\/home\/wp-json\/wp\/v2\/posts\/46622\/revisions\/46624"}],"wp:featuredmedia":[{"embeddable":true,"href":"https:\/\/jornalboasnoticias.com.br\/home\/wp-json\/wp\/v2\/media\/46623"}],"wp:attachment":[{"href":"https:\/\/jornalboasnoticias.com.br\/home\/wp-json\/wp\/v2\/media?parent=46622"}],"wp:term":[{"taxonomy":"category","embeddable":true,"href":"https:\/\/jornalboasnoticias.com.br\/home\/wp-json\/wp\/v2\/categories?post=46622"},{"taxonomy":"post_tag","embeddable":true,"href":"https:\/\/jornalboasnoticias.com.br\/home\/wp-json\/wp\/v2\/tags?post=46622"}],"curies":[{"name":"wp","href":"https:\/\/api.w.org\/{rel}","templated":true}]}}