{"id":46613,"date":"2025-12-01T12:01:49","date_gmt":"2025-12-01T12:01:49","guid":{"rendered":"https:\/\/jornalboasnoticias.com.br\/home\/?p=46613"},"modified":"2025-12-01T12:01:49","modified_gmt":"2025-12-01T12:01:49","slug":"parana-comeca-dezembro-com-recorde-de-271-mil-vagas-nas-agencias-do-trabalhador","status":"publish","type":"post","link":"https:\/\/jornalboasnoticias.com.br\/home\/parana-comeca-dezembro-com-recorde-de-271-mil-vagas-nas-agencias-do-trabalhador\/","title":{"rendered":"Paran\u00e1 come\u00e7a dezembro com recorde de 27,1 mil vagas nas Ag\u00eancias do Trabalhador"},"content":{"rendered":"<blockquote>\n<p style=\"text-align: center;\">As fun\u00e7\u00f5es com maior n\u00famero de oportunidades s\u00e3o alimentador de linha de produ\u00e7\u00e3o (7.689), abatedor (1.455), operador de caixa (1.055) e magarefe (1.019), refletindo a for\u00e7a das cadeias produtivas que mais geram empregos no Estado.<\/p>\n<\/blockquote>\n<figure id=\"attachment_46614\" aria-describedby=\"caption-attachment-46614\" style=\"width: 1000px\" class=\"wp-caption alignnone\"><img loading=\"lazy\" decoding=\"async\" class=\"size-full wp-image-46614\" src=\"https:\/\/jornalboasnoticias.com.br\/home\/wp-content\/uploads\/2025\/12\/fabrica_da_electrolux-18-12-24_317-scaled-e1764590465643.jpg\" alt=\"\" width=\"1000\" height=\"665\" \/><figcaption id=\"caption-attachment-46614\" class=\"wp-caption-text\">Foto: Ari Dias\/AEN<\/figcaption><\/figure>\n<p>O Paran\u00e1 come\u00e7a a primeira semana de dezembro\u00a0com recorde de vagas de emprego em 2025: s\u00e3o 27.158 oportunidades dispon\u00edveis nas Ag\u00eancias do Trabalhador. O volume ultrapassa o recorde anterior, na \u00faltima semana de outubro, quando havia 26.718 vagas.<\/p>\n<p>Dezembro come\u00e7a com\u00a0grande concentra\u00e7\u00e3o nos setores de produ\u00e7\u00e3o, agroind\u00fastria, com\u00e9rcio e servi\u00e7os. As fun\u00e7\u00f5es com maior n\u00famero de oportunidades s\u00e3o alimentador de linha de produ\u00e7\u00e3o (7.689), abatedor (1.455), operador de caixa (1.055) e magarefe (1.019), refletindo a for\u00e7a das cadeias produtivas que mais geram empregos no Estado.<\/p>\n<p>A regional com maior volume de vagas nesta semana \u00e9 Cascavel, que re\u00fane 6.250 oportunidades, fortemente impulsionada pela agroind\u00fastria. A regi\u00e3o abriga 2.089 vagas para alimentador de linha de produ\u00e7\u00e3o, al\u00e9m de 945 para abatedor e 150 para magarefe. Em seguida, Campo Mour\u00e3o aparece com 4.193 vagas, tamb\u00e9m movida pela ind\u00fastria aliment\u00edcia, com destaque para 1.512 vagas de alimentador, 597 de magarefe e 339 vagas para auxiliar nos servi\u00e7os de alimenta\u00e7\u00e3o. Logo depois vem Curitiba, com 5.092 oportunidades, distribu\u00eddas entre produ\u00e7\u00e3o, com\u00e9rcio e servi\u00e7os gerais, incluindo 603 vagas de alimentador, 352 de operador de caixa e 244 para faxineiro.<\/p>\n<p>Na sequ\u00eancia, Foz do Igua\u00e7u contabiliza 2.931 vagas, com demanda em produ\u00e7\u00e3o, varejo e servi\u00e7os, incluindo 953 oportunidades para alimentador de linha de produ\u00e7\u00e3o. Londrina registra 2.707 vagas, com destaque para repositores, vendedores e atendentes de lojas. J\u00e1 Maring\u00e1 oferece 1.351, com foco em produ\u00e7\u00e3o e com\u00e9rcio. No litoral, Paranagu\u00e1 soma 531 oportunidades, enquanto que no Sudoeste Pato Branco registra 1.651 vagas, distribu\u00eddas entre produ\u00e7\u00e3o, com\u00e9rcio e servi\u00e7os gerais. Umuarama, por sua vez, re\u00fane 996 vagas, impulsionada pela ind\u00fastria de abate e fun\u00e7\u00f5es operacionais.<\/p>\n<p>Al\u00e9m das vagas gerais, o Master Job amplia o conjunto de oportunidades qualificadas. Em Curitiba, s\u00e3o 46 vagas para profissionais com forma\u00e7\u00e3o t\u00e9cnica ou superior, em \u00e1reas como enfermagem, administra\u00e7\u00e3o, design, manuten\u00e7\u00e3o, engenharia, seguran\u00e7a do trabalho e pedagogia. Na Regi\u00e3o Metropolitana de Curitiba, o programa oferece 6 vagas qualificadas, al\u00e9m de 2 vagas de est\u00e1gio. Na Capital, h\u00e1 ainda 5 oportunidades de est\u00e1gio em cursos como Engenharia Civil, Engenharia de Produ\u00e7\u00e3o, Enfermagem, Engenharia El\u00e9trica e Engenharia Mec\u00e2nica.<\/p>\n<p>Segundo o secret\u00e1rio do Trabalho, Qualifica\u00e7\u00e3o e Renda do Paran\u00e1, Do Carmo, o elevado volume de vagas reflete a confian\u00e7a do setor produtivo e o avan\u00e7o das pol\u00edticas de empregabilidade. \u201cNosso trabalho \u00e9 aproximar o cidad\u00e3o das oportunidades reais do mercado. O n\u00famero expressivo de vagas mostra que o Paran\u00e1 segue forte na gera\u00e7\u00e3o de trabalho e renda, e nossas Ag\u00eancias do Trabalhador est\u00e3o preparadas para orientar e atender quem busca sua primeira chance ou uma recoloca\u00e7\u00e3o profissional\u201d, afirma.<\/p>\n<h2><strong>CAGED <\/strong><\/h2>\n<p>O Paran\u00e1 registrou o<a href=\"https:\/\/www.parana.pr.gov.br\/aen\/Noticia\/Parana-registra-3o-maior-saldo-de-empregos-do-Brasil-de-janeiro-outubro-de-2025\" target=\"_blank\" rel=\"noopener\">\u00a0terceiro melhor saldo de empregos do Brasil<\/a>, com 129,4 mil vagas de trabalho formais no acumulado do ano, de janeiro a outubro. Os dados fazem parte da mais recente atualiza\u00e7\u00e3o mensal do Cadastro Geral de Empregados e Desempregados (Caged), divulgada nesta quinta-feira (27) pelo Minist\u00e9rio do Trabalho e Emprego (MTE). De acordo com o documento, apenas S\u00e3o Paulo (502,7 mil) e Minas Gerais (159,6 mil) tiveram resultados superiores no per\u00edodo.<\/p>\n<p>O saldo se refere \u00e0 diferen\u00e7a entre o n\u00famero de admiss\u00f5es menos o n\u00famero de desligamentos. Ao todo, o Paran\u00e1 registrou 1.780.859 contrata\u00e7\u00f5es e 1.651.498 desligamentos nos primeiros dez meses do ano. A varia\u00e7\u00e3o relativa em outubro, que indica a taxa de crescimento mensal de empregos formais, foi de 4,02% \u2013 ligeiramente acima da m\u00e9dia nacional, de 3,82%.<\/p>\n<p>As cidades com maiores saldos dentro desse cen\u00e1rio foram Curitiba (28,2 mil), Londrina (9,6 mil), S\u00e3o Jos\u00e9 dos Pinhais (6,6 mil), Maring\u00e1 (5,4 mil), Cascavel (5,3 mil) e Toledo (4,9 mil).<\/p>\n<p>J\u00e1 no recorte dos \u00faltimos 12 meses, compreendendo de novembro de 2024 a outubro de 2025, o Paran\u00e1 apresentou um saldo de 94.257 empregos formais. Somente S\u00e3o Paulo e Rio de Janeiro, com 358 mil e 103 mil, respectivamente, conseguiram marcas melhores.<\/p>\n<p>Em se tratando apenas dos n\u00fameros de outubro, o desempenho paranaense foi o quarto melhor do pa\u00eds, com saldo de 7.961 vagas abertas \u2013 resultado de 173.705 contrata\u00e7\u00f5es e 165.744 desligamentos. S\u00e3o Paulo (18,4 mil), Distrito Federal (15,4 mil) e Pernambuco (10,5 mil) dominaram esse ranking.<\/p>\n<p>O Caged avaliou ainda o sal\u00e1rio m\u00e9dio de admiss\u00e3o no m\u00eas de outubro. Nesse quesito, o Paran\u00e1 obteve a quinta coloca\u00e7\u00e3o, com vencimentos de R$ 2.258,73. Esse valor \u00e9 0,47% maior do que setembro e 1,67% superior ao mesmo m\u00eas de 2024. Distrito Federal, S\u00e3o Paulo, Santa Catarina e Rio de Janeiro apareceram \u00e0 frente na lista.<\/p>\n<p><em>Informa\u00e7\u00f5es AEN<\/em><\/p>\n","protected":false},"excerpt":{"rendered":"<p>As fun\u00e7\u00f5es com maior n\u00famero de oportunidades s\u00e3o alimentador de linha de produ\u00e7\u00e3o (7.689), abatedor<\/p>\n","protected":false},"author":3,"featured_media":46614,"comment_status":"open","ping_status":"open","sticky":false,"template":"","format":"standard","meta":{"footnotes":""},"categories":[3,4],"tags":[],"class_list":["post-46613","post","type-post","status-publish","format-standard","has-post-thumbnail","hentry","category-destaques","category-parana"],"yoast_head":"<!-- This site is optimized with the Yoast SEO plugin v27.5 - https:\/\/yoast.com\/product\/yoast-seo-wordpress\/ -->\n<title>Paran\u00e1 come\u00e7a dezembro com recorde de 27,1 mil vagas nas Ag\u00eancias do Trabalhador - Jornal<\/title>\n<meta name=\"description\" content=\"Paran\u00e1 come\u00e7a dezembro com recorde de 27,1 mil vagas nas Ag\u00eancias do Trabalhador\" \/>\n<meta name=\"robots\" content=\"index, follow, max-snippet:-1, max-image-preview:large, max-video-preview:-1\" \/>\n<link rel=\"canonical\" href=\"https:\/\/jornalboasnoticias.com.br\/home\/parana-comeca-dezembro-com-recorde-de-271-mil-vagas-nas-agencias-do-trabalhador\/\" \/>\n<meta property=\"og:locale\" content=\"pt_BR\" \/>\n<meta property=\"og:type\" content=\"article\" \/>\n<meta property=\"og:title\" content=\"Paran\u00e1 come\u00e7a dezembro com recorde de 27,1 mil vagas nas Ag\u00eancias do Trabalhador - Jornal\" \/>\n<meta property=\"og:description\" content=\"Paran\u00e1 come\u00e7a dezembro com recorde de 27,1 mil vagas nas Ag\u00eancias do Trabalhador\" \/>\n<meta property=\"og:url\" content=\"https:\/\/jornalboasnoticias.com.br\/home\/parana-comeca-dezembro-com-recorde-de-271-mil-vagas-nas-agencias-do-trabalhador\/\" \/>\n<meta property=\"og:site_name\" content=\"Jornal\" \/>\n<meta property=\"article:publisher\" content=\"https:\/\/www.facebook.com\/boasnoticiasjornal\" \/>\n<meta property=\"article:published_time\" content=\"2025-12-01T12:01:49+00:00\" \/>\n<meta property=\"og:image\" content=\"https:\/\/jornalboasnoticias.com.br\/home\/wp-content\/uploads\/2025\/12\/fabrica_da_electrolux-18-12-24_317-scaled-e1764590465643.jpg\" \/>\n\t<meta property=\"og:image:width\" content=\"1000\" \/>\n\t<meta property=\"og:image:height\" content=\"665\" \/>\n\t<meta property=\"og:image:type\" content=\"image\/jpeg\" \/>\n<meta name=\"author\" content=\"Luiz Carlos da Cruz\" \/>\n<meta name=\"twitter:card\" content=\"summary_large_image\" \/>\n<meta name=\"twitter:label1\" content=\"Escrito por\" \/>\n\t<meta name=\"twitter:data1\" content=\"Luiz Carlos da Cruz\" \/>\n\t<meta name=\"twitter:label2\" content=\"Est. tempo de leitura\" \/>\n\t<meta name=\"twitter:data2\" content=\"5 minutos\" \/>\n<script type=\"application\/ld+json\" class=\"yoast-schema-graph\">{\"@context\":\"https:\\\/\\\/schema.org\",\"@graph\":[{\"@type\":\"Article\",\"@id\":\"https:\\\/\\\/jornalboasnoticias.com.br\\\/home\\\/parana-comeca-dezembro-com-recorde-de-271-mil-vagas-nas-agencias-do-trabalhador\\\/#article\",\"isPartOf\":{\"@id\":\"https:\\\/\\\/jornalboasnoticias.com.br\\\/home\\\/parana-comeca-dezembro-com-recorde-de-271-mil-vagas-nas-agencias-do-trabalhador\\\/\"},\"author\":{\"name\":\"Luiz Carlos da Cruz\",\"@id\":\"https:\\\/\\\/jornalboasnoticias.com.br\\\/home\\\/#\\\/schema\\\/person\\\/75f9ebde398c998c166475fb446bda62\"},\"headline\":\"Paran\u00e1 come\u00e7a dezembro com recorde de 27,1 mil vagas nas Ag\u00eancias do Trabalhador\",\"datePublished\":\"2025-12-01T12:01:49+00:00\",\"mainEntityOfPage\":{\"@id\":\"https:\\\/\\\/jornalboasnoticias.com.br\\\/home\\\/parana-comeca-dezembro-com-recorde-de-271-mil-vagas-nas-agencias-do-trabalhador\\\/\"},\"wordCount\":826,\"commentCount\":0,\"publisher\":{\"@id\":\"https:\\\/\\\/jornalboasnoticias.com.br\\\/home\\\/#organization\"},\"image\":{\"@id\":\"https:\\\/\\\/jornalboasnoticias.com.br\\\/home\\\/parana-comeca-dezembro-com-recorde-de-271-mil-vagas-nas-agencias-do-trabalhador\\\/#primaryimage\"},\"thumbnailUrl\":\"https:\\\/\\\/jornalboasnoticias.com.br\\\/home\\\/wp-content\\\/uploads\\\/2025\\\/12\\\/fabrica_da_electrolux-18-12-24_317-scaled-e1764590465643.jpg\",\"articleSection\":[\"DESTAQUE\",\"PARAN\u00c1\"],\"inLanguage\":\"pt-BR\",\"potentialAction\":[{\"@type\":\"CommentAction\",\"name\":\"Comment\",\"target\":[\"https:\\\/\\\/jornalboasnoticias.com.br\\\/home\\\/parana-comeca-dezembro-com-recorde-de-271-mil-vagas-nas-agencias-do-trabalhador\\\/#respond\"]}]},{\"@type\":\"WebPage\",\"@id\":\"https:\\\/\\\/jornalboasnoticias.com.br\\\/home\\\/parana-comeca-dezembro-com-recorde-de-271-mil-vagas-nas-agencias-do-trabalhador\\\/\",\"url\":\"https:\\\/\\\/jornalboasnoticias.com.br\\\/home\\\/parana-comeca-dezembro-com-recorde-de-271-mil-vagas-nas-agencias-do-trabalhador\\\/\",\"name\":\"Paran\u00e1 come\u00e7a dezembro com recorde de 27,1 mil vagas nas Ag\u00eancias do Trabalhador - Jornal\",\"isPartOf\":{\"@id\":\"https:\\\/\\\/jornalboasnoticias.com.br\\\/home\\\/#website\"},\"primaryImageOfPage\":{\"@id\":\"https:\\\/\\\/jornalboasnoticias.com.br\\\/home\\\/parana-comeca-dezembro-com-recorde-de-271-mil-vagas-nas-agencias-do-trabalhador\\\/#primaryimage\"},\"image\":{\"@id\":\"https:\\\/\\\/jornalboasnoticias.com.br\\\/home\\\/parana-comeca-dezembro-com-recorde-de-271-mil-vagas-nas-agencias-do-trabalhador\\\/#primaryimage\"},\"thumbnailUrl\":\"https:\\\/\\\/jornalboasnoticias.com.br\\\/home\\\/wp-content\\\/uploads\\\/2025\\\/12\\\/fabrica_da_electrolux-18-12-24_317-scaled-e1764590465643.jpg\",\"datePublished\":\"2025-12-01T12:01:49+00:00\",\"description\":\"Paran\u00e1 come\u00e7a dezembro com recorde de 27,1 mil vagas nas Ag\u00eancias do Trabalhador\",\"breadcrumb\":{\"@id\":\"https:\\\/\\\/jornalboasnoticias.com.br\\\/home\\\/parana-comeca-dezembro-com-recorde-de-271-mil-vagas-nas-agencias-do-trabalhador\\\/#breadcrumb\"},\"inLanguage\":\"pt-BR\",\"potentialAction\":[{\"@type\":\"ReadAction\",\"target\":[\"https:\\\/\\\/jornalboasnoticias.com.br\\\/home\\\/parana-comeca-dezembro-com-recorde-de-271-mil-vagas-nas-agencias-do-trabalhador\\\/\"]}]},{\"@type\":\"ImageObject\",\"inLanguage\":\"pt-BR\",\"@id\":\"https:\\\/\\\/jornalboasnoticias.com.br\\\/home\\\/parana-comeca-dezembro-com-recorde-de-271-mil-vagas-nas-agencias-do-trabalhador\\\/#primaryimage\",\"url\":\"https:\\\/\\\/jornalboasnoticias.com.br\\\/home\\\/wp-content\\\/uploads\\\/2025\\\/12\\\/fabrica_da_electrolux-18-12-24_317-scaled-e1764590465643.jpg\",\"contentUrl\":\"https:\\\/\\\/jornalboasnoticias.com.br\\\/home\\\/wp-content\\\/uploads\\\/2025\\\/12\\\/fabrica_da_electrolux-18-12-24_317-scaled-e1764590465643.jpg\",\"width\":1000,\"height\":665,\"caption\":\"Foto: Ari Dias\\\/AEN\"},{\"@type\":\"BreadcrumbList\",\"@id\":\"https:\\\/\\\/jornalboasnoticias.com.br\\\/home\\\/parana-comeca-dezembro-com-recorde-de-271-mil-vagas-nas-agencias-do-trabalhador\\\/#breadcrumb\",\"itemListElement\":[{\"@type\":\"ListItem\",\"position\":1,\"name\":\"In\u00edcio\",\"item\":\"https:\\\/\\\/jornalboasnoticias.com.br\\\/home\\\/\"},{\"@type\":\"ListItem\",\"position\":2,\"name\":\"Paran\u00e1 come\u00e7a dezembro com recorde de 27,1 mil vagas nas Ag\u00eancias do Trabalhador\"}]},{\"@type\":\"WebSite\",\"@id\":\"https:\\\/\\\/jornalboasnoticias.com.br\\\/home\\\/#website\",\"url\":\"https:\\\/\\\/jornalboasnoticias.com.br\\\/home\\\/\",\"name\":\"Jornal Boas Not\u00edcias\",\"description\":\"Boas not\u00edcias\",\"publisher\":{\"@id\":\"https:\\\/\\\/jornalboasnoticias.com.br\\\/home\\\/#organization\"},\"potentialAction\":[{\"@type\":\"SearchAction\",\"target\":{\"@type\":\"EntryPoint\",\"urlTemplate\":\"https:\\\/\\\/jornalboasnoticias.com.br\\\/home\\\/?s={search_term_string}\"},\"query-input\":{\"@type\":\"PropertyValueSpecification\",\"valueRequired\":true,\"valueName\":\"search_term_string\"}}],\"inLanguage\":\"pt-BR\"},{\"@type\":\"Organization\",\"@id\":\"https:\\\/\\\/jornalboasnoticias.com.br\\\/home\\\/#organization\",\"name\":\"Coq Editora Ltda\",\"alternateName\":\"Jornal Boas Noticias\",\"url\":\"https:\\\/\\\/jornalboasnoticias.com.br\\\/home\\\/\",\"logo\":{\"@type\":\"ImageObject\",\"inLanguage\":\"pt-BR\",\"@id\":\"https:\\\/\\\/jornalboasnoticias.com.br\\\/home\\\/#\\\/schema\\\/logo\\\/image\\\/\",\"url\":\"https:\\\/\\\/jornalboasnoticias.com.br\\\/home\\\/wp-content\\\/uploads\\\/2024\\\/07\\\/cropped-logo.jpg\",\"contentUrl\":\"https:\\\/\\\/jornalboasnoticias.com.br\\\/home\\\/wp-content\\\/uploads\\\/2024\\\/07\\\/cropped-logo.jpg\",\"width\":290,\"height\":142,\"caption\":\"Coq Editora Ltda\"},\"image\":{\"@id\":\"https:\\\/\\\/jornalboasnoticias.com.br\\\/home\\\/#\\\/schema\\\/logo\\\/image\\\/\"},\"sameAs\":[\"https:\\\/\\\/www.facebook.com\\\/boasnoticiasjornal\"]},{\"@type\":\"Person\",\"@id\":\"https:\\\/\\\/jornalboasnoticias.com.br\\\/home\\\/#\\\/schema\\\/person\\\/75f9ebde398c998c166475fb446bda62\",\"name\":\"Luiz Carlos da Cruz\",\"image\":{\"@type\":\"ImageObject\",\"inLanguage\":\"pt-BR\",\"@id\":\"https:\\\/\\\/secure.gravatar.com\\\/avatar\\\/e6f4f45301b6cb8572f7b076572e8ac11c1db80e805d8c8d0858cf286ce3ac3b?s=96&d=mm&r=g\",\"url\":\"https:\\\/\\\/secure.gravatar.com\\\/avatar\\\/e6f4f45301b6cb8572f7b076572e8ac11c1db80e805d8c8d0858cf286ce3ac3b?s=96&d=mm&r=g\",\"contentUrl\":\"https:\\\/\\\/secure.gravatar.com\\\/avatar\\\/e6f4f45301b6cb8572f7b076572e8ac11c1db80e805d8c8d0858cf286ce3ac3b?s=96&d=mm&r=g\",\"caption\":\"Luiz Carlos da Cruz\"},\"url\":\"https:\\\/\\\/jornalboasnoticias.com.br\\\/home\\\/author\\\/luiz-carlos-da-cruz\\\/\"}]}<\/script>\n<!-- \/ Yoast SEO plugin. -->","yoast_head_json":{"title":"Paran\u00e1 come\u00e7a dezembro com recorde de 27,1 mil vagas nas Ag\u00eancias do Trabalhador - Jornal","description":"Paran\u00e1 come\u00e7a dezembro com recorde de 27,1 mil vagas nas Ag\u00eancias do Trabalhador","robots":{"index":"index","follow":"follow","max-snippet":"max-snippet:-1","max-image-preview":"max-image-preview:large","max-video-preview":"max-video-preview:-1"},"canonical":"https:\/\/jornalboasnoticias.com.br\/home\/parana-comeca-dezembro-com-recorde-de-271-mil-vagas-nas-agencias-do-trabalhador\/","og_locale":"pt_BR","og_type":"article","og_title":"Paran\u00e1 come\u00e7a dezembro com recorde de 27,1 mil vagas nas Ag\u00eancias do Trabalhador - Jornal","og_description":"Paran\u00e1 come\u00e7a dezembro com recorde de 27,1 mil vagas nas Ag\u00eancias do Trabalhador","og_url":"https:\/\/jornalboasnoticias.com.br\/home\/parana-comeca-dezembro-com-recorde-de-271-mil-vagas-nas-agencias-do-trabalhador\/","og_site_name":"Jornal","article_publisher":"https:\/\/www.facebook.com\/boasnoticiasjornal","article_published_time":"2025-12-01T12:01:49+00:00","og_image":[{"width":1000,"height":665,"url":"https:\/\/jornalboasnoticias.com.br\/home\/wp-content\/uploads\/2025\/12\/fabrica_da_electrolux-18-12-24_317-scaled-e1764590465643.jpg","type":"image\/jpeg"}],"author":"Luiz Carlos da Cruz","twitter_card":"summary_large_image","twitter_misc":{"Escrito por":"Luiz Carlos da Cruz","Est. tempo de leitura":"5 minutos"},"schema":{"@context":"https:\/\/schema.org","@graph":[{"@type":"Article","@id":"https:\/\/jornalboasnoticias.com.br\/home\/parana-comeca-dezembro-com-recorde-de-271-mil-vagas-nas-agencias-do-trabalhador\/#article","isPartOf":{"@id":"https:\/\/jornalboasnoticias.com.br\/home\/parana-comeca-dezembro-com-recorde-de-271-mil-vagas-nas-agencias-do-trabalhador\/"},"author":{"name":"Luiz Carlos da Cruz","@id":"https:\/\/jornalboasnoticias.com.br\/home\/#\/schema\/person\/75f9ebde398c998c166475fb446bda62"},"headline":"Paran\u00e1 come\u00e7a dezembro com recorde de 27,1 mil vagas nas Ag\u00eancias do Trabalhador","datePublished":"2025-12-01T12:01:49+00:00","mainEntityOfPage":{"@id":"https:\/\/jornalboasnoticias.com.br\/home\/parana-comeca-dezembro-com-recorde-de-271-mil-vagas-nas-agencias-do-trabalhador\/"},"wordCount":826,"commentCount":0,"publisher":{"@id":"https:\/\/jornalboasnoticias.com.br\/home\/#organization"},"image":{"@id":"https:\/\/jornalboasnoticias.com.br\/home\/parana-comeca-dezembro-com-recorde-de-271-mil-vagas-nas-agencias-do-trabalhador\/#primaryimage"},"thumbnailUrl":"https:\/\/jornalboasnoticias.com.br\/home\/wp-content\/uploads\/2025\/12\/fabrica_da_electrolux-18-12-24_317-scaled-e1764590465643.jpg","articleSection":["DESTAQUE","PARAN\u00c1"],"inLanguage":"pt-BR","potentialAction":[{"@type":"CommentAction","name":"Comment","target":["https:\/\/jornalboasnoticias.com.br\/home\/parana-comeca-dezembro-com-recorde-de-271-mil-vagas-nas-agencias-do-trabalhador\/#respond"]}]},{"@type":"WebPage","@id":"https:\/\/jornalboasnoticias.com.br\/home\/parana-comeca-dezembro-com-recorde-de-271-mil-vagas-nas-agencias-do-trabalhador\/","url":"https:\/\/jornalboasnoticias.com.br\/home\/parana-comeca-dezembro-com-recorde-de-271-mil-vagas-nas-agencias-do-trabalhador\/","name":"Paran\u00e1 come\u00e7a dezembro com recorde de 27,1 mil vagas nas Ag\u00eancias do Trabalhador - Jornal","isPartOf":{"@id":"https:\/\/jornalboasnoticias.com.br\/home\/#website"},"primaryImageOfPage":{"@id":"https:\/\/jornalboasnoticias.com.br\/home\/parana-comeca-dezembro-com-recorde-de-271-mil-vagas-nas-agencias-do-trabalhador\/#primaryimage"},"image":{"@id":"https:\/\/jornalboasnoticias.com.br\/home\/parana-comeca-dezembro-com-recorde-de-271-mil-vagas-nas-agencias-do-trabalhador\/#primaryimage"},"thumbnailUrl":"https:\/\/jornalboasnoticias.com.br\/home\/wp-content\/uploads\/2025\/12\/fabrica_da_electrolux-18-12-24_317-scaled-e1764590465643.jpg","datePublished":"2025-12-01T12:01:49+00:00","description":"Paran\u00e1 come\u00e7a dezembro com recorde de 27,1 mil vagas nas Ag\u00eancias do Trabalhador","breadcrumb":{"@id":"https:\/\/jornalboasnoticias.com.br\/home\/parana-comeca-dezembro-com-recorde-de-271-mil-vagas-nas-agencias-do-trabalhador\/#breadcrumb"},"inLanguage":"pt-BR","potentialAction":[{"@type":"ReadAction","target":["https:\/\/jornalboasnoticias.com.br\/home\/parana-comeca-dezembro-com-recorde-de-271-mil-vagas-nas-agencias-do-trabalhador\/"]}]},{"@type":"ImageObject","inLanguage":"pt-BR","@id":"https:\/\/jornalboasnoticias.com.br\/home\/parana-comeca-dezembro-com-recorde-de-271-mil-vagas-nas-agencias-do-trabalhador\/#primaryimage","url":"https:\/\/jornalboasnoticias.com.br\/home\/wp-content\/uploads\/2025\/12\/fabrica_da_electrolux-18-12-24_317-scaled-e1764590465643.jpg","contentUrl":"https:\/\/jornalboasnoticias.com.br\/home\/wp-content\/uploads\/2025\/12\/fabrica_da_electrolux-18-12-24_317-scaled-e1764590465643.jpg","width":1000,"height":665,"caption":"Foto: Ari Dias\/AEN"},{"@type":"BreadcrumbList","@id":"https:\/\/jornalboasnoticias.com.br\/home\/parana-comeca-dezembro-com-recorde-de-271-mil-vagas-nas-agencias-do-trabalhador\/#breadcrumb","itemListElement":[{"@type":"ListItem","position":1,"name":"In\u00edcio","item":"https:\/\/jornalboasnoticias.com.br\/home\/"},{"@type":"ListItem","position":2,"name":"Paran\u00e1 come\u00e7a dezembro com recorde de 27,1 mil vagas nas Ag\u00eancias do Trabalhador"}]},{"@type":"WebSite","@id":"https:\/\/jornalboasnoticias.com.br\/home\/#website","url":"https:\/\/jornalboasnoticias.com.br\/home\/","name":"Jornal Boas Not\u00edcias","description":"Boas not\u00edcias","publisher":{"@id":"https:\/\/jornalboasnoticias.com.br\/home\/#organization"},"potentialAction":[{"@type":"SearchAction","target":{"@type":"EntryPoint","urlTemplate":"https:\/\/jornalboasnoticias.com.br\/home\/?s={search_term_string}"},"query-input":{"@type":"PropertyValueSpecification","valueRequired":true,"valueName":"search_term_string"}}],"inLanguage":"pt-BR"},{"@type":"Organization","@id":"https:\/\/jornalboasnoticias.com.br\/home\/#organization","name":"Coq Editora Ltda","alternateName":"Jornal Boas Noticias","url":"https:\/\/jornalboasnoticias.com.br\/home\/","logo":{"@type":"ImageObject","inLanguage":"pt-BR","@id":"https:\/\/jornalboasnoticias.com.br\/home\/#\/schema\/logo\/image\/","url":"https:\/\/jornalboasnoticias.com.br\/home\/wp-content\/uploads\/2024\/07\/cropped-logo.jpg","contentUrl":"https:\/\/jornalboasnoticias.com.br\/home\/wp-content\/uploads\/2024\/07\/cropped-logo.jpg","width":290,"height":142,"caption":"Coq Editora Ltda"},"image":{"@id":"https:\/\/jornalboasnoticias.com.br\/home\/#\/schema\/logo\/image\/"},"sameAs":["https:\/\/www.facebook.com\/boasnoticiasjornal"]},{"@type":"Person","@id":"https:\/\/jornalboasnoticias.com.br\/home\/#\/schema\/person\/75f9ebde398c998c166475fb446bda62","name":"Luiz Carlos da Cruz","image":{"@type":"ImageObject","inLanguage":"pt-BR","@id":"https:\/\/secure.gravatar.com\/avatar\/e6f4f45301b6cb8572f7b076572e8ac11c1db80e805d8c8d0858cf286ce3ac3b?s=96&d=mm&r=g","url":"https:\/\/secure.gravatar.com\/avatar\/e6f4f45301b6cb8572f7b076572e8ac11c1db80e805d8c8d0858cf286ce3ac3b?s=96&d=mm&r=g","contentUrl":"https:\/\/secure.gravatar.com\/avatar\/e6f4f45301b6cb8572f7b076572e8ac11c1db80e805d8c8d0858cf286ce3ac3b?s=96&d=mm&r=g","caption":"Luiz Carlos da Cruz"},"url":"https:\/\/jornalboasnoticias.com.br\/home\/author\/luiz-carlos-da-cruz\/"}]}},"_links":{"self":[{"href":"https:\/\/jornalboasnoticias.com.br\/home\/wp-json\/wp\/v2\/posts\/46613","targetHints":{"allow":["GET"]}}],"collection":[{"href":"https:\/\/jornalboasnoticias.com.br\/home\/wp-json\/wp\/v2\/posts"}],"about":[{"href":"https:\/\/jornalboasnoticias.com.br\/home\/wp-json\/wp\/v2\/types\/post"}],"author":[{"embeddable":true,"href":"https:\/\/jornalboasnoticias.com.br\/home\/wp-json\/wp\/v2\/users\/3"}],"replies":[{"embeddable":true,"href":"https:\/\/jornalboasnoticias.com.br\/home\/wp-json\/wp\/v2\/comments?post=46613"}],"version-history":[{"count":1,"href":"https:\/\/jornalboasnoticias.com.br\/home\/wp-json\/wp\/v2\/posts\/46613\/revisions"}],"predecessor-version":[{"id":46615,"href":"https:\/\/jornalboasnoticias.com.br\/home\/wp-json\/wp\/v2\/posts\/46613\/revisions\/46615"}],"wp:featuredmedia":[{"embeddable":true,"href":"https:\/\/jornalboasnoticias.com.br\/home\/wp-json\/wp\/v2\/media\/46614"}],"wp:attachment":[{"href":"https:\/\/jornalboasnoticias.com.br\/home\/wp-json\/wp\/v2\/media?parent=46613"}],"wp:term":[{"taxonomy":"category","embeddable":true,"href":"https:\/\/jornalboasnoticias.com.br\/home\/wp-json\/wp\/v2\/categories?post=46613"},{"taxonomy":"post_tag","embeddable":true,"href":"https:\/\/jornalboasnoticias.com.br\/home\/wp-json\/wp\/v2\/tags?post=46613"}],"curies":[{"name":"wp","href":"https:\/\/api.w.org\/{rel}","templated":true}]}}