{"id":46604,"date":"2025-11-28T19:56:26","date_gmt":"2025-11-28T19:56:26","guid":{"rendered":"https:\/\/jornalboasnoticias.com.br\/home\/?p=46604"},"modified":"2025-11-28T19:56:26","modified_gmt":"2025-11-28T19:56:26","slug":"flamengo-e-palmeiras-decidem-neste-sabado-29-o-titulo-da-libertadores","status":"publish","type":"post","link":"https:\/\/jornalboasnoticias.com.br\/home\/flamengo-e-palmeiras-decidem-neste-sabado-29-o-titulo-da-libertadores\/","title":{"rendered":"Flamengo e Palmeiras decidem neste s\u00e1bado (29) o t\u00edtulo da Libertadores"},"content":{"rendered":"<blockquote>\n<p style=\"text-align: center;\">Cariocas e paulistas lutam pelo quarto trof\u00e9u continental; decis\u00e3o ser\u00e1 em Lima, no Peru<\/p>\n<\/blockquote>\n<figure id=\"attachment_46605\" aria-describedby=\"caption-attachment-46605\" style=\"width: 1000px\" class=\"wp-caption alignnone\"><img loading=\"lazy\" decoding=\"async\" class=\"size-full wp-image-46605\" src=\"https:\/\/jornalboasnoticias.com.br\/home\/wp-content\/uploads\/2025\/11\/54866240993_a417d2601c_o-scaled-e1764359757895.webp\" alt=\"\" width=\"1000\" height=\"667\" \/><figcaption id=\"caption-attachment-46605\" class=\"wp-caption-text\">Gilvan de Souza \/ Flamengo<\/figcaption><\/figure>\n<p>Flamengo e Palmeiras decidem neste s\u00e1bado (29) o t\u00edtulo da Libertadores, ambos em busca do tetracampeonato. O jogo ser\u00e1 disputado no Est\u00e1dio Monumental U, de Lima, \u00e0s 16 horas (18 horas de Bras\u00edlia). Se der empate no tempo normal, haver\u00e1 prorroga\u00e7\u00e3o. Persistindo a igualdade, o campe\u00e3o sair\u00e1 das cobran\u00e7as de p\u00eanaltis.<\/p>\n<p>O Flamengo ganhou a Libertadores em 1981, 2019 e 2022. J\u00e1 o Palmeiras obteve os t\u00edtulos em 1999, 2020 e 2021. Quem erguer o trof\u00e9u passar\u00e1 ser o time brasileiro com mais conquistas da competi\u00e7\u00e3o. Al\u00e9m de Flamengo e Palmeiras, outros tr\u00eas times do pa\u00eds det\u00eam tr\u00eas Libertadores: S\u00e3o Paulo, Santos e Gr\u00eamio.<\/p>\n<p>O Flamengo soma at\u00e9 o momento sete vit\u00f3rias e tr\u00eas empates na Libertadores, com duas derrotas. Em 12 jogos, marcou 12 gols, com m\u00e9dia de um por partida \u2013 bem diferente de seu poderia ofensivo demonstrado no Brasileir\u00e3o, no qual tem o ataque mais positivo com 74 gols em 36 jogos, ou seja, m\u00e9dia superior a dois por jogo. A defesa sofreu cinco gols na Libertadores.<\/p>\n<p>Os artilheiros do Rubro-Negro na competi\u00e7\u00e3o continental s\u00e3o Pedro e Arrascaeta, com dois gols cada.<\/p>\n<p>J\u00e1 o Palmeiras obteve a melhor campanha na fase de grupos, com 100% de aproveitamento, o \u00fanico a vencer os seis jogos dessa etapa inicial, coroada com sua lideran\u00e7a no Grupo G. No total, venceu dez partidas, empatou uma e perdeu outra. Fez 39 gols e levou nove.<\/p>\n<p>O artilheiro da equipe \u00e9 Flaco L\u00f3pez, com sete gols. Ele divide o primeiro lugar geral com Adr\u00edan Mart\u00ednez, do Racing.<\/p>\n<p><em>Informa\u00e7\u00f5es CBF<\/em><\/p>\n<p>&nbsp;<\/p>\n","protected":false},"excerpt":{"rendered":"<p>Cariocas e paulistas lutam pelo quarto trof\u00e9u continental; decis\u00e3o ser\u00e1 em Lima, no Peru Flamengo<\/p>\n","protected":false},"author":3,"featured_media":46605,"comment_status":"open","ping_status":"open","sticky":false,"template":"","format":"standard","meta":{"footnotes":""},"categories":[3,31],"tags":[],"class_list":["post-46604","post","type-post","status-publish","format-standard","has-post-thumbnail","hentry","category-destaques","category-esporte"],"yoast_head":"<!-- This site is optimized with the Yoast SEO plugin v27.5 - https:\/\/yoast.com\/product\/yoast-seo-wordpress\/ -->\n<title>Flamengo e Palmeiras decidem neste s\u00e1bado (29) o t\u00edtulo da Libertadores - Jornal<\/title>\n<meta name=\"description\" content=\"Flamengo e Palmeiras decidem neste s\u00e1bado (29) o t\u00edtulo da Libertadores\" \/>\n<meta name=\"robots\" content=\"index, follow, max-snippet:-1, max-image-preview:large, max-video-preview:-1\" \/>\n<link rel=\"canonical\" href=\"https:\/\/jornalboasnoticias.com.br\/home\/flamengo-e-palmeiras-decidem-neste-sabado-29-o-titulo-da-libertadores\/\" \/>\n<meta property=\"og:locale\" content=\"pt_BR\" \/>\n<meta property=\"og:type\" content=\"article\" \/>\n<meta property=\"og:title\" content=\"Flamengo e Palmeiras decidem neste s\u00e1bado (29) o t\u00edtulo da Libertadores - Jornal\" \/>\n<meta property=\"og:description\" content=\"Flamengo e Palmeiras decidem neste s\u00e1bado (29) o t\u00edtulo da Libertadores\" \/>\n<meta property=\"og:url\" content=\"https:\/\/jornalboasnoticias.com.br\/home\/flamengo-e-palmeiras-decidem-neste-sabado-29-o-titulo-da-libertadores\/\" \/>\n<meta property=\"og:site_name\" content=\"Jornal\" \/>\n<meta property=\"article:publisher\" content=\"https:\/\/www.facebook.com\/boasnoticiasjornal\" \/>\n<meta property=\"article:published_time\" content=\"2025-11-28T19:56:26+00:00\" \/>\n<meta property=\"og:image\" content=\"https:\/\/jornalboasnoticias.com.br\/home\/wp-content\/uploads\/2025\/11\/54866240993_a417d2601c_o-scaled-e1764359757895.webp\" \/>\n\t<meta property=\"og:image:width\" content=\"1000\" \/>\n\t<meta property=\"og:image:height\" content=\"667\" \/>\n\t<meta property=\"og:image:type\" content=\"image\/webp\" \/>\n<meta name=\"author\" content=\"Luiz Carlos da Cruz\" \/>\n<meta name=\"twitter:card\" content=\"summary_large_image\" \/>\n<meta name=\"twitter:label1\" content=\"Escrito por\" \/>\n\t<meta name=\"twitter:data1\" content=\"Luiz Carlos da Cruz\" \/>\n\t<meta name=\"twitter:label2\" content=\"Est. tempo de leitura\" \/>\n\t<meta name=\"twitter:data2\" content=\"2 minutos\" \/>\n<script type=\"application\/ld+json\" class=\"yoast-schema-graph\">{\"@context\":\"https:\\\/\\\/schema.org\",\"@graph\":[{\"@type\":\"Article\",\"@id\":\"https:\\\/\\\/jornalboasnoticias.com.br\\\/home\\\/flamengo-e-palmeiras-decidem-neste-sabado-29-o-titulo-da-libertadores\\\/#article\",\"isPartOf\":{\"@id\":\"https:\\\/\\\/jornalboasnoticias.com.br\\\/home\\\/flamengo-e-palmeiras-decidem-neste-sabado-29-o-titulo-da-libertadores\\\/\"},\"author\":{\"name\":\"Luiz Carlos da Cruz\",\"@id\":\"https:\\\/\\\/jornalboasnoticias.com.br\\\/home\\\/#\\\/schema\\\/person\\\/75f9ebde398c998c166475fb446bda62\"},\"headline\":\"Flamengo e Palmeiras decidem neste s\u00e1bado (29) o t\u00edtulo da Libertadores\",\"datePublished\":\"2025-11-28T19:56:26+00:00\",\"mainEntityOfPage\":{\"@id\":\"https:\\\/\\\/jornalboasnoticias.com.br\\\/home\\\/flamengo-e-palmeiras-decidem-neste-sabado-29-o-titulo-da-libertadores\\\/\"},\"wordCount\":309,\"commentCount\":0,\"publisher\":{\"@id\":\"https:\\\/\\\/jornalboasnoticias.com.br\\\/home\\\/#organization\"},\"image\":{\"@id\":\"https:\\\/\\\/jornalboasnoticias.com.br\\\/home\\\/flamengo-e-palmeiras-decidem-neste-sabado-29-o-titulo-da-libertadores\\\/#primaryimage\"},\"thumbnailUrl\":\"https:\\\/\\\/jornalboasnoticias.com.br\\\/home\\\/wp-content\\\/uploads\\\/2025\\\/11\\\/54866240993_a417d2601c_o-scaled-e1764359757895.webp\",\"articleSection\":[\"DESTAQUE\",\"ESPORTE\"],\"inLanguage\":\"pt-BR\",\"potentialAction\":[{\"@type\":\"CommentAction\",\"name\":\"Comment\",\"target\":[\"https:\\\/\\\/jornalboasnoticias.com.br\\\/home\\\/flamengo-e-palmeiras-decidem-neste-sabado-29-o-titulo-da-libertadores\\\/#respond\"]}]},{\"@type\":\"WebPage\",\"@id\":\"https:\\\/\\\/jornalboasnoticias.com.br\\\/home\\\/flamengo-e-palmeiras-decidem-neste-sabado-29-o-titulo-da-libertadores\\\/\",\"url\":\"https:\\\/\\\/jornalboasnoticias.com.br\\\/home\\\/flamengo-e-palmeiras-decidem-neste-sabado-29-o-titulo-da-libertadores\\\/\",\"name\":\"Flamengo e Palmeiras decidem neste s\u00e1bado (29) o t\u00edtulo da Libertadores - Jornal\",\"isPartOf\":{\"@id\":\"https:\\\/\\\/jornalboasnoticias.com.br\\\/home\\\/#website\"},\"primaryImageOfPage\":{\"@id\":\"https:\\\/\\\/jornalboasnoticias.com.br\\\/home\\\/flamengo-e-palmeiras-decidem-neste-sabado-29-o-titulo-da-libertadores\\\/#primaryimage\"},\"image\":{\"@id\":\"https:\\\/\\\/jornalboasnoticias.com.br\\\/home\\\/flamengo-e-palmeiras-decidem-neste-sabado-29-o-titulo-da-libertadores\\\/#primaryimage\"},\"thumbnailUrl\":\"https:\\\/\\\/jornalboasnoticias.com.br\\\/home\\\/wp-content\\\/uploads\\\/2025\\\/11\\\/54866240993_a417d2601c_o-scaled-e1764359757895.webp\",\"datePublished\":\"2025-11-28T19:56:26+00:00\",\"description\":\"Flamengo e Palmeiras decidem neste s\u00e1bado (29) o t\u00edtulo da Libertadores\",\"breadcrumb\":{\"@id\":\"https:\\\/\\\/jornalboasnoticias.com.br\\\/home\\\/flamengo-e-palmeiras-decidem-neste-sabado-29-o-titulo-da-libertadores\\\/#breadcrumb\"},\"inLanguage\":\"pt-BR\",\"potentialAction\":[{\"@type\":\"ReadAction\",\"target\":[\"https:\\\/\\\/jornalboasnoticias.com.br\\\/home\\\/flamengo-e-palmeiras-decidem-neste-sabado-29-o-titulo-da-libertadores\\\/\"]}]},{\"@type\":\"ImageObject\",\"inLanguage\":\"pt-BR\",\"@id\":\"https:\\\/\\\/jornalboasnoticias.com.br\\\/home\\\/flamengo-e-palmeiras-decidem-neste-sabado-29-o-titulo-da-libertadores\\\/#primaryimage\",\"url\":\"https:\\\/\\\/jornalboasnoticias.com.br\\\/home\\\/wp-content\\\/uploads\\\/2025\\\/11\\\/54866240993_a417d2601c_o-scaled-e1764359757895.webp\",\"contentUrl\":\"https:\\\/\\\/jornalboasnoticias.com.br\\\/home\\\/wp-content\\\/uploads\\\/2025\\\/11\\\/54866240993_a417d2601c_o-scaled-e1764359757895.webp\",\"width\":1000,\"height\":667,\"caption\":\"Gilvan de Souza \\\/ Flamengo\"},{\"@type\":\"BreadcrumbList\",\"@id\":\"https:\\\/\\\/jornalboasnoticias.com.br\\\/home\\\/flamengo-e-palmeiras-decidem-neste-sabado-29-o-titulo-da-libertadores\\\/#breadcrumb\",\"itemListElement\":[{\"@type\":\"ListItem\",\"position\":1,\"name\":\"In\u00edcio\",\"item\":\"https:\\\/\\\/jornalboasnoticias.com.br\\\/home\\\/\"},{\"@type\":\"ListItem\",\"position\":2,\"name\":\"Flamengo e Palmeiras decidem neste s\u00e1bado (29) o t\u00edtulo da Libertadores\"}]},{\"@type\":\"WebSite\",\"@id\":\"https:\\\/\\\/jornalboasnoticias.com.br\\\/home\\\/#website\",\"url\":\"https:\\\/\\\/jornalboasnoticias.com.br\\\/home\\\/\",\"name\":\"Jornal Boas Not\u00edcias\",\"description\":\"Boas not\u00edcias\",\"publisher\":{\"@id\":\"https:\\\/\\\/jornalboasnoticias.com.br\\\/home\\\/#organization\"},\"potentialAction\":[{\"@type\":\"SearchAction\",\"target\":{\"@type\":\"EntryPoint\",\"urlTemplate\":\"https:\\\/\\\/jornalboasnoticias.com.br\\\/home\\\/?s={search_term_string}\"},\"query-input\":{\"@type\":\"PropertyValueSpecification\",\"valueRequired\":true,\"valueName\":\"search_term_string\"}}],\"inLanguage\":\"pt-BR\"},{\"@type\":\"Organization\",\"@id\":\"https:\\\/\\\/jornalboasnoticias.com.br\\\/home\\\/#organization\",\"name\":\"Coq Editora Ltda\",\"alternateName\":\"Jornal Boas Noticias\",\"url\":\"https:\\\/\\\/jornalboasnoticias.com.br\\\/home\\\/\",\"logo\":{\"@type\":\"ImageObject\",\"inLanguage\":\"pt-BR\",\"@id\":\"https:\\\/\\\/jornalboasnoticias.com.br\\\/home\\\/#\\\/schema\\\/logo\\\/image\\\/\",\"url\":\"https:\\\/\\\/jornalboasnoticias.com.br\\\/home\\\/wp-content\\\/uploads\\\/2024\\\/07\\\/cropped-logo.jpg\",\"contentUrl\":\"https:\\\/\\\/jornalboasnoticias.com.br\\\/home\\\/wp-content\\\/uploads\\\/2024\\\/07\\\/cropped-logo.jpg\",\"width\":290,\"height\":142,\"caption\":\"Coq Editora Ltda\"},\"image\":{\"@id\":\"https:\\\/\\\/jornalboasnoticias.com.br\\\/home\\\/#\\\/schema\\\/logo\\\/image\\\/\"},\"sameAs\":[\"https:\\\/\\\/www.facebook.com\\\/boasnoticiasjornal\"]},{\"@type\":\"Person\",\"@id\":\"https:\\\/\\\/jornalboasnoticias.com.br\\\/home\\\/#\\\/schema\\\/person\\\/75f9ebde398c998c166475fb446bda62\",\"name\":\"Luiz Carlos da Cruz\",\"image\":{\"@type\":\"ImageObject\",\"inLanguage\":\"pt-BR\",\"@id\":\"https:\\\/\\\/secure.gravatar.com\\\/avatar\\\/e6f4f45301b6cb8572f7b076572e8ac11c1db80e805d8c8d0858cf286ce3ac3b?s=96&d=mm&r=g\",\"url\":\"https:\\\/\\\/secure.gravatar.com\\\/avatar\\\/e6f4f45301b6cb8572f7b076572e8ac11c1db80e805d8c8d0858cf286ce3ac3b?s=96&d=mm&r=g\",\"contentUrl\":\"https:\\\/\\\/secure.gravatar.com\\\/avatar\\\/e6f4f45301b6cb8572f7b076572e8ac11c1db80e805d8c8d0858cf286ce3ac3b?s=96&d=mm&r=g\",\"caption\":\"Luiz Carlos da Cruz\"},\"url\":\"https:\\\/\\\/jornalboasnoticias.com.br\\\/home\\\/author\\\/luiz-carlos-da-cruz\\\/\"}]}<\/script>\n<!-- \/ Yoast SEO plugin. -->","yoast_head_json":{"title":"Flamengo e Palmeiras decidem neste s\u00e1bado (29) o t\u00edtulo da Libertadores - Jornal","description":"Flamengo e Palmeiras decidem neste s\u00e1bado (29) o t\u00edtulo da Libertadores","robots":{"index":"index","follow":"follow","max-snippet":"max-snippet:-1","max-image-preview":"max-image-preview:large","max-video-preview":"max-video-preview:-1"},"canonical":"https:\/\/jornalboasnoticias.com.br\/home\/flamengo-e-palmeiras-decidem-neste-sabado-29-o-titulo-da-libertadores\/","og_locale":"pt_BR","og_type":"article","og_title":"Flamengo e Palmeiras decidem neste s\u00e1bado (29) o t\u00edtulo da Libertadores - Jornal","og_description":"Flamengo e Palmeiras decidem neste s\u00e1bado (29) o t\u00edtulo da Libertadores","og_url":"https:\/\/jornalboasnoticias.com.br\/home\/flamengo-e-palmeiras-decidem-neste-sabado-29-o-titulo-da-libertadores\/","og_site_name":"Jornal","article_publisher":"https:\/\/www.facebook.com\/boasnoticiasjornal","article_published_time":"2025-11-28T19:56:26+00:00","og_image":[{"width":1000,"height":667,"url":"https:\/\/jornalboasnoticias.com.br\/home\/wp-content\/uploads\/2025\/11\/54866240993_a417d2601c_o-scaled-e1764359757895.webp","type":"image\/webp"}],"author":"Luiz Carlos da Cruz","twitter_card":"summary_large_image","twitter_misc":{"Escrito por":"Luiz Carlos da Cruz","Est. tempo de leitura":"2 minutos"},"schema":{"@context":"https:\/\/schema.org","@graph":[{"@type":"Article","@id":"https:\/\/jornalboasnoticias.com.br\/home\/flamengo-e-palmeiras-decidem-neste-sabado-29-o-titulo-da-libertadores\/#article","isPartOf":{"@id":"https:\/\/jornalboasnoticias.com.br\/home\/flamengo-e-palmeiras-decidem-neste-sabado-29-o-titulo-da-libertadores\/"},"author":{"name":"Luiz Carlos da Cruz","@id":"https:\/\/jornalboasnoticias.com.br\/home\/#\/schema\/person\/75f9ebde398c998c166475fb446bda62"},"headline":"Flamengo e Palmeiras decidem neste s\u00e1bado (29) o t\u00edtulo da Libertadores","datePublished":"2025-11-28T19:56:26+00:00","mainEntityOfPage":{"@id":"https:\/\/jornalboasnoticias.com.br\/home\/flamengo-e-palmeiras-decidem-neste-sabado-29-o-titulo-da-libertadores\/"},"wordCount":309,"commentCount":0,"publisher":{"@id":"https:\/\/jornalboasnoticias.com.br\/home\/#organization"},"image":{"@id":"https:\/\/jornalboasnoticias.com.br\/home\/flamengo-e-palmeiras-decidem-neste-sabado-29-o-titulo-da-libertadores\/#primaryimage"},"thumbnailUrl":"https:\/\/jornalboasnoticias.com.br\/home\/wp-content\/uploads\/2025\/11\/54866240993_a417d2601c_o-scaled-e1764359757895.webp","articleSection":["DESTAQUE","ESPORTE"],"inLanguage":"pt-BR","potentialAction":[{"@type":"CommentAction","name":"Comment","target":["https:\/\/jornalboasnoticias.com.br\/home\/flamengo-e-palmeiras-decidem-neste-sabado-29-o-titulo-da-libertadores\/#respond"]}]},{"@type":"WebPage","@id":"https:\/\/jornalboasnoticias.com.br\/home\/flamengo-e-palmeiras-decidem-neste-sabado-29-o-titulo-da-libertadores\/","url":"https:\/\/jornalboasnoticias.com.br\/home\/flamengo-e-palmeiras-decidem-neste-sabado-29-o-titulo-da-libertadores\/","name":"Flamengo e Palmeiras decidem neste s\u00e1bado (29) o t\u00edtulo da Libertadores - Jornal","isPartOf":{"@id":"https:\/\/jornalboasnoticias.com.br\/home\/#website"},"primaryImageOfPage":{"@id":"https:\/\/jornalboasnoticias.com.br\/home\/flamengo-e-palmeiras-decidem-neste-sabado-29-o-titulo-da-libertadores\/#primaryimage"},"image":{"@id":"https:\/\/jornalboasnoticias.com.br\/home\/flamengo-e-palmeiras-decidem-neste-sabado-29-o-titulo-da-libertadores\/#primaryimage"},"thumbnailUrl":"https:\/\/jornalboasnoticias.com.br\/home\/wp-content\/uploads\/2025\/11\/54866240993_a417d2601c_o-scaled-e1764359757895.webp","datePublished":"2025-11-28T19:56:26+00:00","description":"Flamengo e Palmeiras decidem neste s\u00e1bado (29) o t\u00edtulo da Libertadores","breadcrumb":{"@id":"https:\/\/jornalboasnoticias.com.br\/home\/flamengo-e-palmeiras-decidem-neste-sabado-29-o-titulo-da-libertadores\/#breadcrumb"},"inLanguage":"pt-BR","potentialAction":[{"@type":"ReadAction","target":["https:\/\/jornalboasnoticias.com.br\/home\/flamengo-e-palmeiras-decidem-neste-sabado-29-o-titulo-da-libertadores\/"]}]},{"@type":"ImageObject","inLanguage":"pt-BR","@id":"https:\/\/jornalboasnoticias.com.br\/home\/flamengo-e-palmeiras-decidem-neste-sabado-29-o-titulo-da-libertadores\/#primaryimage","url":"https:\/\/jornalboasnoticias.com.br\/home\/wp-content\/uploads\/2025\/11\/54866240993_a417d2601c_o-scaled-e1764359757895.webp","contentUrl":"https:\/\/jornalboasnoticias.com.br\/home\/wp-content\/uploads\/2025\/11\/54866240993_a417d2601c_o-scaled-e1764359757895.webp","width":1000,"height":667,"caption":"Gilvan de Souza \/ Flamengo"},{"@type":"BreadcrumbList","@id":"https:\/\/jornalboasnoticias.com.br\/home\/flamengo-e-palmeiras-decidem-neste-sabado-29-o-titulo-da-libertadores\/#breadcrumb","itemListElement":[{"@type":"ListItem","position":1,"name":"In\u00edcio","item":"https:\/\/jornalboasnoticias.com.br\/home\/"},{"@type":"ListItem","position":2,"name":"Flamengo e Palmeiras decidem neste s\u00e1bado (29) o t\u00edtulo da Libertadores"}]},{"@type":"WebSite","@id":"https:\/\/jornalboasnoticias.com.br\/home\/#website","url":"https:\/\/jornalboasnoticias.com.br\/home\/","name":"Jornal Boas Not\u00edcias","description":"Boas not\u00edcias","publisher":{"@id":"https:\/\/jornalboasnoticias.com.br\/home\/#organization"},"potentialAction":[{"@type":"SearchAction","target":{"@type":"EntryPoint","urlTemplate":"https:\/\/jornalboasnoticias.com.br\/home\/?s={search_term_string}"},"query-input":{"@type":"PropertyValueSpecification","valueRequired":true,"valueName":"search_term_string"}}],"inLanguage":"pt-BR"},{"@type":"Organization","@id":"https:\/\/jornalboasnoticias.com.br\/home\/#organization","name":"Coq Editora Ltda","alternateName":"Jornal Boas Noticias","url":"https:\/\/jornalboasnoticias.com.br\/home\/","logo":{"@type":"ImageObject","inLanguage":"pt-BR","@id":"https:\/\/jornalboasnoticias.com.br\/home\/#\/schema\/logo\/image\/","url":"https:\/\/jornalboasnoticias.com.br\/home\/wp-content\/uploads\/2024\/07\/cropped-logo.jpg","contentUrl":"https:\/\/jornalboasnoticias.com.br\/home\/wp-content\/uploads\/2024\/07\/cropped-logo.jpg","width":290,"height":142,"caption":"Coq Editora Ltda"},"image":{"@id":"https:\/\/jornalboasnoticias.com.br\/home\/#\/schema\/logo\/image\/"},"sameAs":["https:\/\/www.facebook.com\/boasnoticiasjornal"]},{"@type":"Person","@id":"https:\/\/jornalboasnoticias.com.br\/home\/#\/schema\/person\/75f9ebde398c998c166475fb446bda62","name":"Luiz Carlos da Cruz","image":{"@type":"ImageObject","inLanguage":"pt-BR","@id":"https:\/\/secure.gravatar.com\/avatar\/e6f4f45301b6cb8572f7b076572e8ac11c1db80e805d8c8d0858cf286ce3ac3b?s=96&d=mm&r=g","url":"https:\/\/secure.gravatar.com\/avatar\/e6f4f45301b6cb8572f7b076572e8ac11c1db80e805d8c8d0858cf286ce3ac3b?s=96&d=mm&r=g","contentUrl":"https:\/\/secure.gravatar.com\/avatar\/e6f4f45301b6cb8572f7b076572e8ac11c1db80e805d8c8d0858cf286ce3ac3b?s=96&d=mm&r=g","caption":"Luiz Carlos da Cruz"},"url":"https:\/\/jornalboasnoticias.com.br\/home\/author\/luiz-carlos-da-cruz\/"}]}},"_links":{"self":[{"href":"https:\/\/jornalboasnoticias.com.br\/home\/wp-json\/wp\/v2\/posts\/46604","targetHints":{"allow":["GET"]}}],"collection":[{"href":"https:\/\/jornalboasnoticias.com.br\/home\/wp-json\/wp\/v2\/posts"}],"about":[{"href":"https:\/\/jornalboasnoticias.com.br\/home\/wp-json\/wp\/v2\/types\/post"}],"author":[{"embeddable":true,"href":"https:\/\/jornalboasnoticias.com.br\/home\/wp-json\/wp\/v2\/users\/3"}],"replies":[{"embeddable":true,"href":"https:\/\/jornalboasnoticias.com.br\/home\/wp-json\/wp\/v2\/comments?post=46604"}],"version-history":[{"count":1,"href":"https:\/\/jornalboasnoticias.com.br\/home\/wp-json\/wp\/v2\/posts\/46604\/revisions"}],"predecessor-version":[{"id":46606,"href":"https:\/\/jornalboasnoticias.com.br\/home\/wp-json\/wp\/v2\/posts\/46604\/revisions\/46606"}],"wp:featuredmedia":[{"embeddable":true,"href":"https:\/\/jornalboasnoticias.com.br\/home\/wp-json\/wp\/v2\/media\/46605"}],"wp:attachment":[{"href":"https:\/\/jornalboasnoticias.com.br\/home\/wp-json\/wp\/v2\/media?parent=46604"}],"wp:term":[{"taxonomy":"category","embeddable":true,"href":"https:\/\/jornalboasnoticias.com.br\/home\/wp-json\/wp\/v2\/categories?post=46604"},{"taxonomy":"post_tag","embeddable":true,"href":"https:\/\/jornalboasnoticias.com.br\/home\/wp-json\/wp\/v2\/tags?post=46604"}],"curies":[{"name":"wp","href":"https:\/\/api.w.org\/{rel}","templated":true}]}}